{"id":116977,"date":"2018-04-17T00:00:00","date_gmt":"2018-04-16T22:00:00","guid":{"rendered":"https:\/\/acninternational.org\/queremos-y-necesitamos-la-paz-por-favor-recen-llamamiento-desde-siria-mons-jean-abdo-arbach\/"},"modified":"2018-04-17T00:00:00","modified_gmt":"2018-04-16T22:00:00","slug":"queremos-y-necesitamos-la-paz-por-favor-recen-llamamiento-desde-siria-mons-jean-abdo-arbach","status":"publish","type":"post","link":"https:\/\/acninternational.org\/es\/queremos-y-necesitamos-la-paz-por-favor-recen-llamamiento-desde-siria-mons-jean-abdo-arbach\/","title":{"rendered":"\u201c\u00a1Queremos y necesitamos la paz. Por favor recen!\u201d, llamamiento desde Siria Mons. Jean-Abdo Arbach."},"content":{"rendered":"<p>El arzobispo sirio de Homs, Mons. Jean-Arbach lanza un mensaje de cansancio y tristeza ante la situaci\u00f3n que vive Siria despu\u00e9s de 7 a\u00f1os de guerra y de los \u00faltimos acontecimientos: <em><strong>\u201cLa gente no puede m\u00e1s. Quieren tener una vida normal, dormir tranquilos, despertarse para ir a trabajar y no por el ruido de las bombas. Basta ya, esto es demasido\u201d.<\/strong><\/em> El prelado pide a trav\u00e9s de la fundaci\u00f3n <em>ACN (Ayuda a la Iglesia Necesitada)<\/em> que se rece por ellos, \u201cnecesitamos oraci\u00f3n, oraci\u00f3n y m\u00e1s oraci\u00f3n, es lo \u00fanico que nos da la unidad en este pa\u00eds\u201d, repite mientras recuerda que el Papa Francisco tambi\u00e9n solicit\u00f3 que rezaramos por lo que est\u00e1 pasando en Siria que \u2013como explica- no es algo s\u00f3lo de este pa\u00eds, sino que ha atravesado fronteras y el mundo entero necesita paz. \u201c\u00bfPara que ha servido esta guerra?\u201d \u2013se pregunta- \u201cest\u00e1 todo destrozado, millones de refugiados&#8230; Ojal\u00e1 los pol\u00edticos del mundo trabajen por la paz y no por la guerra\u201d, insiste desesperado.<\/p>\n<p>&nbsp;<\/p>\n<p><img loading=\"lazy\" decoding=\"async\" class=\"aligncenter wp-image-33601 size-full\" src=\"https:\/\/media.acninternational.org\/wp-content\/uploads\/2019\/11\/ACN-20160301-37248-post.jpg\" alt=\"\" width=\"780\" height=\"537\" \/><\/p>\n<p>&nbsp;<\/p>\n<p>A pesar de esta terrible situaci\u00f3n, el pueblo Sirio no pierde el coraje ni la fe de ver c\u00f3mo su pa\u00eds se levanta de nuevo. ACN est\u00e1 ayudando en la zona de Homs con varios proyectos como son las becas de 4.000 estudiantes, alimentos, medicinas y la reconstrucci\u00f3n, tanto de viviendas como de iglesias y centros de catequesis, que ya han sido reedificadas en un 80%.<\/p>\n<p>&nbsp;<\/p>\n<p><img loading=\"lazy\" decoding=\"async\" class=\"aligncenter size-full wp-image-33602\" src=\"https:\/\/media.acninternational.org\/wp-content\/uploads\/2019\/11\/ACN-20180411-69898-post.jpg\" alt=\"\" width=\"780\" height=\"522\" \/><\/p>\n<p>&nbsp;<\/p>\n<p>Por su parte, los tres patriarcas de las Iglesias en Siria -el Patriarca Ortodoxo Griego de Antioqu\u00eda y todo el Oriente, John X; el Patriarca Ortodoxo Sirio de Antioqu\u00eda y todo el Oriente, Ignatius Aphrem II; y el Patriarca Greco Melquita Cat\u00f3lico de Antioqu\u00eda, Alejandr\u00eda y Jerusal\u00e9n, Joseph Absi- han denunciado, a trav\u00e9s de un comunicado enviado a la fundaci\u00f3n ACN, los ataques por parte de EE.UU. Francia y Reino Unido contra Siria en respuesta a un supuesto ataque qu\u00edmico del gobierno Sirio en la ciudad de Duma. Una terrible situaci\u00f3n que los l\u00edderes religiosos definen como \u201cuna clara violaci\u00f3n de las leyes internacionales y de la Carta de la ONU\u201d, que \u201cno est\u00e1 justificada y no est\u00e1 respaldada por pruebas suficientes y claras\u201d. Insisten en que es <em><strong>\u201cuna agresi\u00f3n brutal que destruye cualquier posibilidad de una soluci\u00f3n pol\u00edtica pac\u00edfica que s\u00f3lo conduce a mayores complicaciones\u201d y que adem\u00e1s \u201calienta a las organizaciones terroristas y les da impulso para continuar con el terrorismo\u201d<\/strong><\/em>. Los patriarcas exhortan en su comunicado \u201ca todas las iglesias en los pa\u00edses que participaron en el ataque, a cumplir con su deber cristiano, de acuerdo con el Evangelio, condenar esta agresi\u00f3n y llamar a sus gobiernos para comprometerse con la protecci\u00f3n de la paz internacional\u201d.<\/p>\n","protected":false},"excerpt":{"rendered":"<p>El arzobispo sirio de Homs, Mons. Jean-Arbach lanza un mensaje de cansancio y tristeza ante la situaci\u00f3n que vive Siria<\/p>\n","protected":false},"author":1,"featured_media":116978,"comment_status":"open","ping_status":"open","sticky":false,"template":"","format":"standard","meta":{"_acf_changed":false,"_acn_coauthor_ids":[],"_acn_featured_article":false,"footnotes":""},"categories":[713],"tags":[],"country":[],"class_list":["post-116977","post","type-post","status-publish","format-standard","has-post-thumbnail","hentry","category-historias"],"acn_coauthors":[],"acf":[],"yoast_head":"<!-- This site is optimized with the Yoast SEO Premium plugin v27.5 (Yoast SEO v27.5) - https:\/\/yoast.com\/product\/yoast-seo-premium-wordpress\/ -->\n<title>\u201c\u00a1Queremos y necesitamos la paz. Por favor recen!\u201d, llamamiento desde Siria Mons. Jean-Abdo Arbach. | ACN International<\/title>\n<meta name=\"robots\" content=\"index, follow, max-snippet:-1, max-image-preview:large, max-video-preview:-1\" \/>\n<link rel=\"canonical\" href=\"https:\/\/acninternational.org\/es\/queremos-y-necesitamos-la-paz-por-favor-recen-llamamiento-desde-siria-mons-jean-abdo-arbach\/\" \/>\n<meta property=\"og:locale\" content=\"es_ES\" \/>\n<meta property=\"og:type\" content=\"article\" \/>\n<meta property=\"og:title\" content=\"\u201c\u00a1Queremos y necesitamos la paz. Por favor recen!\u201d, llamamiento desde Siria Mons. Jean-Abdo Arbach.\" \/>\n<meta property=\"og:description\" content=\"El arzobispo sirio de Homs, Mons. Jean-Arbach lanza un mensaje de cansancio y tristeza ante la situaci\u00f3n que vive Siria\" \/>\n<meta property=\"og:url\" content=\"https:\/\/acninternational.org\/es\/queremos-y-necesitamos-la-paz-por-favor-recen-llamamiento-desde-siria-mons-jean-abdo-arbach\/\" \/>\n<meta property=\"og:site_name\" content=\"ACN International\" \/>\n<meta property=\"article:publisher\" content=\"https:\/\/www.facebook.com\/acninternationalorg\" \/>\n<meta property=\"article:published_time\" content=\"2018-04-16T22:00:00+00:00\" \/>\n<meta property=\"og:image\" content=\"https:\/\/media.acninternational.org\/wp-content\/uploads\/2019\/11\/%E2%80%9C%C2%A1Queremos-y-necesitamos-la-paz.-Por-favor-recen%E2%80%9D-llamamiento-desde-Siria-Mons.-Jean-Abdo-Arbach.-image.jpg\" \/>\n\t<meta property=\"og:image:width\" content=\"1440\" \/>\n\t<meta property=\"og:image:height\" content=\"900\" \/>\n\t<meta property=\"og:image:type\" content=\"image\/jpeg\" \/>\n<meta name=\"author\" content=\"admin_acn\" \/>\n<meta name=\"twitter:card\" content=\"summary_large_image\" \/>\n<meta name=\"twitter:creator\" content=\"@acn_int\" \/>\n<meta name=\"twitter:site\" content=\"@acn_int\" \/>\n<meta name=\"twitter:label1\" content=\"Escrito por\" \/>\n\t<meta name=\"twitter:data1\" content=\"admin_acn\" \/>\n\t<meta name=\"twitter:label2\" content=\"Tiempo de lectura\" \/>\n\t<meta name=\"twitter:data2\" content=\"2 minutos\" \/>\n<script type=\"application\/ld+json\" class=\"yoast-schema-graph\">{\"@context\":\"https:\\\/\\\/schema.org\",\"@graph\":[{\"@type\":\"Article\",\"@id\":\"https:\\\/\\\/acninternational.org\\\/es\\\/queremos-y-necesitamos-la-paz-por-favor-recen-llamamiento-desde-siria-mons-jean-abdo-arbach\\\/#article\",\"isPartOf\":{\"@id\":\"https:\\\/\\\/acninternational.org\\\/es\\\/queremos-y-necesitamos-la-paz-por-favor-recen-llamamiento-desde-siria-mons-jean-abdo-arbach\\\/\"},\"author\":{\"name\":\"admin_acn\",\"@id\":\"https:\\\/\\\/acninternational.org\\\/es\\\/#\\\/schema\\\/person\\\/5a7468d38fb12b1976b6eeda95c21ebc\"},\"headline\":\"\u201c\u00a1Queremos y necesitamos la paz. Por favor recen!\u201d, llamamiento desde Siria Mons. Jean-Abdo Arbach.\",\"datePublished\":\"2018-04-16T22:00:00+00:00\",\"mainEntityOfPage\":{\"@id\":\"https:\\\/\\\/acninternational.org\\\/es\\\/queremos-y-necesitamos-la-paz-por-favor-recen-llamamiento-desde-siria-mons-jean-abdo-arbach\\\/\"},\"wordCount\":497,\"commentCount\":0,\"publisher\":{\"@id\":\"https:\\\/\\\/acninternational.org\\\/es\\\/#organization\"},\"image\":{\"@id\":\"https:\\\/\\\/acninternational.org\\\/es\\\/queremos-y-necesitamos-la-paz-por-favor-recen-llamamiento-desde-siria-mons-jean-abdo-arbach\\\/#primaryimage\"},\"thumbnailUrl\":\"https:\\\/\\\/media.acninternational.org\\\/wp-content\\\/uploads\\\/2019\\\/11\\\/%E2%80%9C%C2%A1Queremos-y-necesitamos-la-paz.-Por-favor-recen%E2%80%9D-llamamiento-desde-Siria-Mons.-Jean-Abdo-Arbach.-image.jpg\",\"articleSection\":[\"HISTORIAS\"],\"inLanguage\":\"es\",\"potentialAction\":[{\"@type\":\"CommentAction\",\"name\":\"Comment\",\"target\":[\"https:\\\/\\\/acninternational.org\\\/es\\\/queremos-y-necesitamos-la-paz-por-favor-recen-llamamiento-desde-siria-mons-jean-abdo-arbach\\\/#respond\"]}]},{\"@type\":\"WebPage\",\"@id\":\"https:\\\/\\\/acninternational.org\\\/es\\\/queremos-y-necesitamos-la-paz-por-favor-recen-llamamiento-desde-siria-mons-jean-abdo-arbach\\\/\",\"url\":\"https:\\\/\\\/acninternational.org\\\/es\\\/queremos-y-necesitamos-la-paz-por-favor-recen-llamamiento-desde-siria-mons-jean-abdo-arbach\\\/\",\"name\":\"\u201c\u00a1Queremos y necesitamos la paz. Por favor recen!\u201d, llamamiento desde Siria Mons. Jean-Abdo Arbach. | ACN International\",\"isPartOf\":{\"@id\":\"https:\\\/\\\/acninternational.org\\\/es\\\/#website\"},\"primaryImageOfPage\":{\"@id\":\"https:\\\/\\\/acninternational.org\\\/es\\\/queremos-y-necesitamos-la-paz-por-favor-recen-llamamiento-desde-siria-mons-jean-abdo-arbach\\\/#primaryimage\"},\"image\":{\"@id\":\"https:\\\/\\\/acninternational.org\\\/es\\\/queremos-y-necesitamos-la-paz-por-favor-recen-llamamiento-desde-siria-mons-jean-abdo-arbach\\\/#primaryimage\"},\"thumbnailUrl\":\"https:\\\/\\\/media.acninternational.org\\\/wp-content\\\/uploads\\\/2019\\\/11\\\/%E2%80%9C%C2%A1Queremos-y-necesitamos-la-paz.-Por-favor-recen%E2%80%9D-llamamiento-desde-Siria-Mons.-Jean-Abdo-Arbach.-image.jpg\",\"datePublished\":\"2018-04-16T22:00:00+00:00\",\"breadcrumb\":{\"@id\":\"https:\\\/\\\/acninternational.org\\\/es\\\/queremos-y-necesitamos-la-paz-por-favor-recen-llamamiento-desde-siria-mons-jean-abdo-arbach\\\/#breadcrumb\"},\"inLanguage\":\"es\",\"potentialAction\":[{\"@type\":\"ReadAction\",\"target\":[\"https:\\\/\\\/acninternational.org\\\/es\\\/queremos-y-necesitamos-la-paz-por-favor-recen-llamamiento-desde-siria-mons-jean-abdo-arbach\\\/\"]}]},{\"@type\":\"ImageObject\",\"inLanguage\":\"es\",\"@id\":\"https:\\\/\\\/acninternational.org\\\/es\\\/queremos-y-necesitamos-la-paz-por-favor-recen-llamamiento-desde-siria-mons-jean-abdo-arbach\\\/#primaryimage\",\"url\":\"https:\\\/\\\/media.acninternational.org\\\/wp-content\\\/uploads\\\/2019\\\/11\\\/%E2%80%9C%C2%A1Queremos-y-necesitamos-la-paz.-Por-favor-recen%E2%80%9D-llamamiento-desde-Siria-Mons.-Jean-Abdo-Arbach.-image.jpg\",\"contentUrl\":\"https:\\\/\\\/media.acninternational.org\\\/wp-content\\\/uploads\\\/2019\\\/11\\\/%E2%80%9C%C2%A1Queremos-y-necesitamos-la-paz.-Por-favor-recen%E2%80%9D-llamamiento-desde-Siria-Mons.-Jean-Abdo-Arbach.-image.jpg\",\"width\":1440,\"height\":900,\"caption\":\"\u201c\u00a1Queremos y necesitamos la paz. Por favor recen!\u201d, llamamiento desde Siria Mons. Jean-Abdo Arbach.\"},{\"@type\":\"BreadcrumbList\",\"@id\":\"https:\\\/\\\/acninternational.org\\\/es\\\/queremos-y-necesitamos-la-paz-por-favor-recen-llamamiento-desde-siria-mons-jean-abdo-arbach\\\/#breadcrumb\",\"itemListElement\":[{\"@type\":\"ListItem\",\"position\":1,\"name\":\"Home\",\"item\":\"https:\\\/\\\/acninternational.org\\\/es\\\/\"},{\"@type\":\"ListItem\",\"position\":2,\"name\":\"HISTORIAS\",\"item\":\"https:\\\/\\\/acninternational.org\\\/es\\\/category\\\/historias\\\/\"},{\"@type\":\"ListItem\",\"position\":3,\"name\":\"\u201c\u00a1Queremos y necesitamos la paz. Por favor recen!\u201d, llamamiento desde Siria Mons. Jean-Abdo Arbach.\"}]},{\"@type\":\"WebSite\",\"@id\":\"https:\\\/\\\/acninternational.org\\\/es\\\/#website\",\"url\":\"https:\\\/\\\/acninternational.org\\\/es\\\/\",\"name\":\"ACN International\",\"description\":\"\",\"publisher\":{\"@id\":\"https:\\\/\\\/acninternational.org\\\/es\\\/#organization\"},\"potentialAction\":[{\"@type\":\"SearchAction\",\"target\":{\"@type\":\"EntryPoint\",\"urlTemplate\":\"https:\\\/\\\/acninternational.org\\\/es\\\/?s={search_term_string}\"},\"query-input\":{\"@type\":\"PropertyValueSpecification\",\"valueRequired\":true,\"valueName\":\"search_term_string\"}}],\"inLanguage\":\"es\"},{\"@type\":\"Organization\",\"@id\":\"https:\\\/\\\/acninternational.org\\\/es\\\/#organization\",\"name\":\"Aid to the Church in Need International\",\"url\":\"https:\\\/\\\/acninternational.org\\\/es\\\/\",\"logo\":{\"@type\":\"ImageObject\",\"inLanguage\":\"es\",\"@id\":\"https:\\\/\\\/acninternational.org\\\/es\\\/#\\\/schema\\\/logo\\\/image\\\/\",\"url\":\"https:\\\/\\\/media.acninternational.org\\\/wp-content\\\/uploads\\\/2019\\\/11\\\/acn_logo_blackvector.svg\",\"contentUrl\":\"https:\\\/\\\/media.acninternational.org\\\/wp-content\\\/uploads\\\/2019\\\/11\\\/acn_logo_blackvector.svg\",\"width\":232.6,\"height\":78,\"caption\":\"Aid to the Church in Need International\"},\"image\":{\"@id\":\"https:\\\/\\\/acninternational.org\\\/es\\\/#\\\/schema\\\/logo\\\/image\\\/\"},\"sameAs\":[\"https:\\\/\\\/www.facebook.com\\\/acninternationalorg\",\"https:\\\/\\\/x.com\\\/acn_int\",\"https:\\\/\\\/www.youtube.com\\\/channel\\\/UCQ-077gS0TnVzkhHmf1opZw\",\"https:\\\/\\\/www.instagram.com\\\/acn_international\\\/\"]},{\"@type\":\"Person\",\"@id\":\"https:\\\/\\\/acninternational.org\\\/es\\\/#\\\/schema\\\/person\\\/5a7468d38fb12b1976b6eeda95c21ebc\",\"name\":\"admin_acn\",\"url\":\"https:\\\/\\\/acninternational.org\\\/es\\\/author\\\/admin_acn\\\/\"}]}<\/script>\n<!-- \/ Yoast SEO Premium plugin. -->","yoast_head_json":{"title":"\u201c\u00a1Queremos y necesitamos la paz. Por favor recen!\u201d, llamamiento desde Siria Mons. Jean-Abdo Arbach. | ACN International","robots":{"index":"index","follow":"follow","max-snippet":"max-snippet:-1","max-image-preview":"max-image-preview:large","max-video-preview":"max-video-preview:-1"},"canonical":"https:\/\/acninternational.org\/es\/queremos-y-necesitamos-la-paz-por-favor-recen-llamamiento-desde-siria-mons-jean-abdo-arbach\/","og_locale":"es_ES","og_type":"article","og_title":"\u201c\u00a1Queremos y necesitamos la paz. Por favor recen!\u201d, llamamiento desde Siria Mons. Jean-Abdo Arbach.","og_description":"El arzobispo sirio de Homs, Mons. Jean-Arbach lanza un mensaje de cansancio y tristeza ante la situaci\u00f3n que vive Siria","og_url":"https:\/\/acninternational.org\/es\/queremos-y-necesitamos-la-paz-por-favor-recen-llamamiento-desde-siria-mons-jean-abdo-arbach\/","og_site_name":"ACN International","article_publisher":"https:\/\/www.facebook.com\/acninternationalorg","article_published_time":"2018-04-16T22:00:00+00:00","og_image":[{"width":1440,"height":900,"url":"https:\/\/media.acninternational.org\/wp-content\/uploads\/2019\/11\/%E2%80%9C%C2%A1Queremos-y-necesitamos-la-paz.-Por-favor-recen%E2%80%9D-llamamiento-desde-Siria-Mons.-Jean-Abdo-Arbach.-image.jpg","type":"image\/jpeg"}],"author":"admin_acn","twitter_card":"summary_large_image","twitter_creator":"@acn_int","twitter_site":"@acn_int","twitter_misc":{"Escrito por":"admin_acn","Tiempo de lectura":"2 minutos"},"schema":{"@context":"https:\/\/schema.org","@graph":[{"@type":"Article","@id":"https:\/\/acninternational.org\/es\/queremos-y-necesitamos-la-paz-por-favor-recen-llamamiento-desde-siria-mons-jean-abdo-arbach\/#article","isPartOf":{"@id":"https:\/\/acninternational.org\/es\/queremos-y-necesitamos-la-paz-por-favor-recen-llamamiento-desde-siria-mons-jean-abdo-arbach\/"},"author":{"name":"admin_acn","@id":"https:\/\/acninternational.org\/es\/#\/schema\/person\/5a7468d38fb12b1976b6eeda95c21ebc"},"headline":"\u201c\u00a1Queremos y necesitamos la paz. Por favor recen!\u201d, llamamiento desde Siria Mons. Jean-Abdo Arbach.","datePublished":"2018-04-16T22:00:00+00:00","mainEntityOfPage":{"@id":"https:\/\/acninternational.org\/es\/queremos-y-necesitamos-la-paz-por-favor-recen-llamamiento-desde-siria-mons-jean-abdo-arbach\/"},"wordCount":497,"commentCount":0,"publisher":{"@id":"https:\/\/acninternational.org\/es\/#organization"},"image":{"@id":"https:\/\/acninternational.org\/es\/queremos-y-necesitamos-la-paz-por-favor-recen-llamamiento-desde-siria-mons-jean-abdo-arbach\/#primaryimage"},"thumbnailUrl":"https:\/\/media.acninternational.org\/wp-content\/uploads\/2019\/11\/%E2%80%9C%C2%A1Queremos-y-necesitamos-la-paz.-Por-favor-recen%E2%80%9D-llamamiento-desde-Siria-Mons.-Jean-Abdo-Arbach.-image.jpg","articleSection":["HISTORIAS"],"inLanguage":"es","potentialAction":[{"@type":"CommentAction","name":"Comment","target":["https:\/\/acninternational.org\/es\/queremos-y-necesitamos-la-paz-por-favor-recen-llamamiento-desde-siria-mons-jean-abdo-arbach\/#respond"]}]},{"@type":"WebPage","@id":"https:\/\/acninternational.org\/es\/queremos-y-necesitamos-la-paz-por-favor-recen-llamamiento-desde-siria-mons-jean-abdo-arbach\/","url":"https:\/\/acninternational.org\/es\/queremos-y-necesitamos-la-paz-por-favor-recen-llamamiento-desde-siria-mons-jean-abdo-arbach\/","name":"\u201c\u00a1Queremos y necesitamos la paz. Por favor recen!\u201d, llamamiento desde Siria Mons. Jean-Abdo Arbach. | ACN International","isPartOf":{"@id":"https:\/\/acninternational.org\/es\/#website"},"primaryImageOfPage":{"@id":"https:\/\/acninternational.org\/es\/queremos-y-necesitamos-la-paz-por-favor-recen-llamamiento-desde-siria-mons-jean-abdo-arbach\/#primaryimage"},"image":{"@id":"https:\/\/acninternational.org\/es\/queremos-y-necesitamos-la-paz-por-favor-recen-llamamiento-desde-siria-mons-jean-abdo-arbach\/#primaryimage"},"thumbnailUrl":"https:\/\/media.acninternational.org\/wp-content\/uploads\/2019\/11\/%E2%80%9C%C2%A1Queremos-y-necesitamos-la-paz.-Por-favor-recen%E2%80%9D-llamamiento-desde-Siria-Mons.-Jean-Abdo-Arbach.-image.jpg","datePublished":"2018-04-16T22:00:00+00:00","breadcrumb":{"@id":"https:\/\/acninternational.org\/es\/queremos-y-necesitamos-la-paz-por-favor-recen-llamamiento-desde-siria-mons-jean-abdo-arbach\/#breadcrumb"},"inLanguage":"es","potentialAction":[{"@type":"ReadAction","target":["https:\/\/acninternational.org\/es\/queremos-y-necesitamos-la-paz-por-favor-recen-llamamiento-desde-siria-mons-jean-abdo-arbach\/"]}]},{"@type":"ImageObject","inLanguage":"es","@id":"https:\/\/acninternational.org\/es\/queremos-y-necesitamos-la-paz-por-favor-recen-llamamiento-desde-siria-mons-jean-abdo-arbach\/#primaryimage","url":"https:\/\/media.acninternational.org\/wp-content\/uploads\/2019\/11\/%E2%80%9C%C2%A1Queremos-y-necesitamos-la-paz.-Por-favor-recen%E2%80%9D-llamamiento-desde-Siria-Mons.-Jean-Abdo-Arbach.-image.jpg","contentUrl":"https:\/\/media.acninternational.org\/wp-content\/uploads\/2019\/11\/%E2%80%9C%C2%A1Queremos-y-necesitamos-la-paz.-Por-favor-recen%E2%80%9D-llamamiento-desde-Siria-Mons.-Jean-Abdo-Arbach.-image.jpg","width":1440,"height":900,"caption":"\u201c\u00a1Queremos y necesitamos la paz. Por favor recen!\u201d, llamamiento desde Siria Mons. Jean-Abdo Arbach."},{"@type":"BreadcrumbList","@id":"https:\/\/acninternational.org\/es\/queremos-y-necesitamos-la-paz-por-favor-recen-llamamiento-desde-siria-mons-jean-abdo-arbach\/#breadcrumb","itemListElement":[{"@type":"ListItem","position":1,"name":"Home","item":"https:\/\/acninternational.org\/es\/"},{"@type":"ListItem","position":2,"name":"HISTORIAS","item":"https:\/\/acninternational.org\/es\/category\/historias\/"},{"@type":"ListItem","position":3,"name":"\u201c\u00a1Queremos y necesitamos la paz. Por favor recen!\u201d, llamamiento desde Siria Mons. Jean-Abdo Arbach."}]},{"@type":"WebSite","@id":"https:\/\/acninternational.org\/es\/#website","url":"https:\/\/acninternational.org\/es\/","name":"ACN International","description":"","publisher":{"@id":"https:\/\/acninternational.org\/es\/#organization"},"potentialAction":[{"@type":"SearchAction","target":{"@type":"EntryPoint","urlTemplate":"https:\/\/acninternational.org\/es\/?s={search_term_string}"},"query-input":{"@type":"PropertyValueSpecification","valueRequired":true,"valueName":"search_term_string"}}],"inLanguage":"es"},{"@type":"Organization","@id":"https:\/\/acninternational.org\/es\/#organization","name":"Aid to the Church in Need International","url":"https:\/\/acninternational.org\/es\/","logo":{"@type":"ImageObject","inLanguage":"es","@id":"https:\/\/acninternational.org\/es\/#\/schema\/logo\/image\/","url":"https:\/\/media.acninternational.org\/wp-content\/uploads\/2019\/11\/acn_logo_blackvector.svg","contentUrl":"https:\/\/media.acninternational.org\/wp-content\/uploads\/2019\/11\/acn_logo_blackvector.svg","width":232.6,"height":78,"caption":"Aid to the Church in Need International"},"image":{"@id":"https:\/\/acninternational.org\/es\/#\/schema\/logo\/image\/"},"sameAs":["https:\/\/www.facebook.com\/acninternationalorg","https:\/\/x.com\/acn_int","https:\/\/www.youtube.com\/channel\/UCQ-077gS0TnVzkhHmf1opZw","https:\/\/www.instagram.com\/acn_international\/"]},{"@type":"Person","@id":"https:\/\/acninternational.org\/es\/#\/schema\/person\/5a7468d38fb12b1976b6eeda95c21ebc","name":"admin_acn","url":"https:\/\/acninternational.org\/es\/author\/admin_acn\/"}]}},"_links":{"self":[{"href":"https:\/\/acninternational.org\/es\/wp-json\/wp\/v2\/posts\/116977","targetHints":{"allow":["GET"]}}],"collection":[{"href":"https:\/\/acninternational.org\/es\/wp-json\/wp\/v2\/posts"}],"about":[{"href":"https:\/\/acninternational.org\/es\/wp-json\/wp\/v2\/types\/post"}],"author":[{"embeddable":true,"href":"https:\/\/acninternational.org\/es\/wp-json\/wp\/v2\/users\/1"}],"replies":[{"embeddable":true,"href":"https:\/\/acninternational.org\/es\/wp-json\/wp\/v2\/comments?post=116977"}],"version-history":[{"count":0,"href":"https:\/\/acninternational.org\/es\/wp-json\/wp\/v2\/posts\/116977\/revisions"}],"wp:featuredmedia":[{"embeddable":true,"href":"https:\/\/acninternational.org\/es\/wp-json\/wp\/v2\/media\/116978"}],"wp:attachment":[{"href":"https:\/\/acninternational.org\/es\/wp-json\/wp\/v2\/media?parent=116977"}],"wp:term":[{"taxonomy":"category","embeddable":true,"href":"https:\/\/acninternational.org\/es\/wp-json\/wp\/v2\/categories?post=116977"},{"taxonomy":"post_tag","embeddable":true,"href":"https:\/\/acninternational.org\/es\/wp-json\/wp\/v2\/tags?post=116977"},{"taxonomy":"country","embeddable":true,"href":"https:\/\/acninternational.org\/es\/wp-json\/wp\/v2\/country?post=116977"}],"curies":[{"name":"wp","href":"https:\/\/api.w.org\/{rel}","templated":true}]}}