{"id":116815,"date":"2018-01-31T00:00:00","date_gmt":"2018-01-30T23:00:00","guid":{"rendered":"https:\/\/acninternational.org\/jornada-mundial-de-la-vida-consagrada-en-su-amor-esponsal-cristo-los-religiosos-son-un-signo-para-el-mundo\/"},"modified":"2018-01-31T00:00:00","modified_gmt":"2018-01-30T23:00:00","slug":"jornada-mundial-de-la-vida-consagrada-en-su-amor-esponsal-cristo-los-religiosos-son-un-signo-para-el-mundo","status":"publish","type":"post","link":"https:\/\/acninternational.org\/es\/jornada-mundial-de-la-vida-consagrada-en-su-amor-esponsal-cristo-los-religiosos-son-un-signo-para-el-mundo\/","title":{"rendered":"Jornada Mundial de la Vida Consagrada: \u00abEn su amor esponsal a Cristo, los religiosos son un signo para el mundo\u00bb"},"content":{"rendered":"<p>[vc_row][vc_column][vc_column_text]<em>El\u00a0<\/em><em>2 de febrero,\u00a0la Iglesia celebra\u00a0la \u00abJornada mundial de la vida consagrada\u00bb\u00a0<\/em><\/p>\n<p>Fue un momento emocionante, cuando el joven carmelita Christo hizo su profesi\u00f3n perpetua. Sus padres le acompa\u00f1aron al altar, del mismo modo que en una boda tradicional africana se entrega el hijo a la esposa. Aqu\u00ed, los padres entregaron al hijo a la Iglesia. La alegr\u00eda de sus hermanos de profesi\u00f3n y de los fieles no conoc\u00eda l\u00edmites. Al d\u00eda siguiente fue ordenado, en la catedral de Bouar, de di\u00e1cono; su hermano de h\u00e1bito Odilon, de sacerdote.<\/p>\n<p>Raras veces hay buenas noticias procedentes de la Rep\u00fablica Centroafricana. Este pa\u00eds, asolado por las crisis, ocupa el \u00faltimo lugar en el \u00abHuman Development Index\u00bb y se encuentra, dos a\u00f1os tras finalizar la guerra civil, todav\u00eda en un 80 por ciento en manos de diversos grupos armados. Una y otra vez estalla la violencia, que obliga a huir a miles de personas. Tambi\u00e9n el d\u00eda de la ordenaci\u00f3n de los dos carmelitas la alegr\u00eda se vio empa\u00f1ada: dos hombres armados con metralletas irrumpieron en el terreno del Carmelo de Bouar-Yol\u00e9 y tomaron prisionero al guardia. Amenazaron al padre Marcello Bartolomei y al padre Aurelio Gazzera; sin embargo, estos consiguieron llevar a los atacantes a la puerta y echarles; los atacantes, armados, alborotaron y dispararon, pero \u00a0se quedaron fuera.<\/p>\n<p>En este pa\u00eds, en el que los religiosos y las estaciones de misi\u00f3n son una y otra vez v\u00edctimas de ataques y asaltos, sin embargo florecen las vocaciones. En la orden carmelita, 27 j\u00f3venes se preparan para entregar su vida a Dios por completo. Esto exige valent\u00eda, pues los religiosos son los que \u2014frecuentemente jug\u00e1ndose la propia vida\u2014 se comprometen por la paz y la reconciliaci\u00f3n. \u00abMi \u00fanica arma es la oraci\u00f3n\u00bb, resume Aurelio Gazzera, padre carmelita procedente de Italia.<\/p>\n<p>La Fundaci\u00f3n Pontificia \u00abAid to the Church in Need\u00bb apoya la formaci\u00f3n de estos j\u00f3venes carmelitas en la Rep\u00fablica Centroafricana y ayuda a religiosas y religiosos en todo el mundo. El padre Martin Barta, Asistente espiritual internacional de la Fundaci\u00f3n, dice: \u00abACN apoya en todo el mundo a personas consagradas, que son la fuerza oculta de la misi\u00f3n, no solo por sus obras caritativas y pastorales, sino sobre todo por su oraci\u00f3n y su entrega a Dios; sin ellos, no podr\u00edamos dar frutos duraderos, pues el secreto de un fruto realmente duradero en la misi\u00f3n \u2014aunque los frutos no lleguen sino m\u00e1s tarde\u2014 es \u201cpermanecer en Jes\u00fas\u201d. La fecundidad de la acci\u00f3n de la Iglesia depende, por tanto, de la uni\u00f3n con \u00c9l. Jes\u00fas nos promete: \u201cEl que permanece en m\u00ed, como yo en \u00e9l, dar\u00e1 mucho fruto\u201d\u00bb.<\/p>\n<p>La \u00abJornada mundial de la vida consagrada\u00bb recuerda \u2014sigue diciendo Barta\u2014 que hay personas que \u00abde modo especial, permanecen en Jes\u00fas, que se consagran a \u00c9l, a quien se nos entrega sin reservas. En su amor esponsal a Cristo, son un signo para el mundo de que la uni\u00f3n con \u00c9l hace que nuestra vida sea lograda, fecunda y realmente feliz\u00bb.[\/vc_column_text][\/vc_column][\/vc_row]<\/p>\n","protected":false},"excerpt":{"rendered":"<p>[vc_row][vc_column][vc_column_text]El\u00a02 de febrero,\u00a0la Iglesia celebra\u00a0la \u00abJornada mundial de la vida consagrada\u00bb\u00a0 Fue un momento emocionante, cuando el joven carmelita Christo<\/p>\n","protected":false},"author":1,"featured_media":116816,"comment_status":"open","ping_status":"open","sticky":false,"template":"","format":"standard","meta":{"_acf_changed":false,"_acn_coauthor_ids":[],"footnotes":""},"categories":[715,719,746,714],"tags":[],"country":[],"class_list":["post-116815","post","type-post","status-publish","format-standard","has-post-thumbnail","hentry","category-ayuda-de-subsistencia","category-formacion-sacerdotal-y-religiosa","category-noticias","category-proyecto"],"acn_coauthors":[],"acf":[],"yoast_head":"<!-- This site is optimized with the Yoast SEO Premium plugin v27.3 (Yoast SEO v27.3) - https:\/\/yoast.com\/product\/yoast-seo-premium-wordpress\/ -->\n<title>Jornada Mundial de la Vida Consagrada: \u00abEn su amor esponsal a Cristo, los religiosos son un signo para el mundo\u00bb | ACN International<\/title>\n<meta name=\"robots\" content=\"index, follow, max-snippet:-1, max-image-preview:large, max-video-preview:-1\" \/>\n<link rel=\"canonical\" href=\"https:\/\/acninternational.org\/es\/jornada-mundial-de-la-vida-consagrada-en-su-amor-esponsal-cristo-los-religiosos-son-un-signo-para-el-mundo\/\" \/>\n<meta property=\"og:locale\" content=\"es_ES\" \/>\n<meta property=\"og:type\" content=\"article\" \/>\n<meta property=\"og:title\" content=\"Jornada Mundial de la Vida Consagrada: \u00abEn su amor esponsal a Cristo, los religiosos son un signo para el mundo\u00bb\" \/>\n<meta property=\"og:description\" content=\"[vc_row][vc_column][vc_column_text]El\u00a02 de febrero,\u00a0la Iglesia celebra\u00a0la \u00abJornada mundial de la vida consagrada\u00bb\u00a0 Fue un momento emocionante, cuando el joven carmelita Christo\" \/>\n<meta property=\"og:url\" content=\"https:\/\/acninternational.org\/es\/jornada-mundial-de-la-vida-consagrada-en-su-amor-esponsal-cristo-los-religiosos-son-un-signo-para-el-mundo\/\" \/>\n<meta property=\"og:site_name\" content=\"ACN International\" \/>\n<meta property=\"article:publisher\" content=\"https:\/\/www.facebook.com\/acninternationalorg\" \/>\n<meta property=\"article:published_time\" content=\"2018-01-30T23:00:00+00:00\" \/>\n<meta property=\"og:image\" content=\"https:\/\/media.acninternational.org\/wp-content\/uploads\/2019\/11\/Jornada-Mundial-de-la-Vida-Consagrada-%C2%ABEn-su-amor-esponsal-a-Cristo-los-religiosos-son-un-signo-para-el-mundo%C2%BB-image.jpg\" \/>\n\t<meta property=\"og:image:width\" content=\"1980\" \/>\n\t<meta property=\"og:image:height\" content=\"800\" \/>\n\t<meta property=\"og:image:type\" content=\"image\/jpeg\" \/>\n<meta name=\"author\" content=\"admin_acn\" \/>\n<meta name=\"twitter:card\" content=\"summary_large_image\" \/>\n<meta name=\"twitter:creator\" content=\"@acn_int\" \/>\n<meta name=\"twitter:site\" content=\"@acn_int\" \/>\n<meta name=\"twitter:label1\" content=\"Escrito por\" \/>\n\t<meta name=\"twitter:data1\" content=\"admin_acn\" \/>\n\t<meta name=\"twitter:label2\" content=\"Tiempo de lectura\" \/>\n\t<meta name=\"twitter:data2\" content=\"3 minutos\" \/>\n<script type=\"application\/ld+json\" class=\"yoast-schema-graph\">{\"@context\":\"https:\\\/\\\/schema.org\",\"@graph\":[{\"@type\":\"Article\",\"@id\":\"https:\\\/\\\/acninternational.org\\\/es\\\/jornada-mundial-de-la-vida-consagrada-en-su-amor-esponsal-cristo-los-religiosos-son-un-signo-para-el-mundo\\\/#article\",\"isPartOf\":{\"@id\":\"https:\\\/\\\/acninternational.org\\\/es\\\/jornada-mundial-de-la-vida-consagrada-en-su-amor-esponsal-cristo-los-religiosos-son-un-signo-para-el-mundo\\\/\"},\"author\":{\"name\":\"admin_acn\",\"@id\":\"https:\\\/\\\/acninternational.org\\\/es\\\/#\\\/schema\\\/person\\\/5a7468d38fb12b1976b6eeda95c21ebc\"},\"headline\":\"Jornada Mundial de la Vida Consagrada: \u00abEn su amor esponsal a Cristo, los religiosos son un signo para el mundo\u00bb\",\"datePublished\":\"2018-01-30T23:00:00+00:00\",\"mainEntityOfPage\":{\"@id\":\"https:\\\/\\\/acninternational.org\\\/es\\\/jornada-mundial-de-la-vida-consagrada-en-su-amor-esponsal-cristo-los-religiosos-son-un-signo-para-el-mundo\\\/\"},\"wordCount\":571,\"commentCount\":0,\"publisher\":{\"@id\":\"https:\\\/\\\/acninternational.org\\\/es\\\/#organization\"},\"image\":{\"@id\":\"https:\\\/\\\/acninternational.org\\\/es\\\/jornada-mundial-de-la-vida-consagrada-en-su-amor-esponsal-cristo-los-religiosos-son-un-signo-para-el-mundo\\\/#primaryimage\"},\"thumbnailUrl\":\"https:\\\/\\\/media.acninternational.org\\\/wp-content\\\/uploads\\\/2019\\\/11\\\/Jornada-Mundial-de-la-Vida-Consagrada-%C2%ABEn-su-amor-esponsal-a-Cristo-los-religiosos-son-un-signo-para-el-mundo%C2%BB-image.jpg\",\"articleSection\":[\"AYUDA DE SUBSISTENCIA\",\"FORMACI\u00d3N SACERDOTAL Y RELIGIOSA\",\"NOTICIAS\",\"PROYECTO\"],\"inLanguage\":\"es\",\"potentialAction\":[{\"@type\":\"CommentAction\",\"name\":\"Comment\",\"target\":[\"https:\\\/\\\/acninternational.org\\\/es\\\/jornada-mundial-de-la-vida-consagrada-en-su-amor-esponsal-cristo-los-religiosos-son-un-signo-para-el-mundo\\\/#respond\"]}]},{\"@type\":\"WebPage\",\"@id\":\"https:\\\/\\\/acninternational.org\\\/es\\\/jornada-mundial-de-la-vida-consagrada-en-su-amor-esponsal-cristo-los-religiosos-son-un-signo-para-el-mundo\\\/\",\"url\":\"https:\\\/\\\/acninternational.org\\\/es\\\/jornada-mundial-de-la-vida-consagrada-en-su-amor-esponsal-cristo-los-religiosos-son-un-signo-para-el-mundo\\\/\",\"name\":\"Jornada Mundial de la Vida Consagrada: \u00abEn su amor esponsal a Cristo, los religiosos son un signo para el mundo\u00bb | ACN International\",\"isPartOf\":{\"@id\":\"https:\\\/\\\/acninternational.org\\\/es\\\/#website\"},\"primaryImageOfPage\":{\"@id\":\"https:\\\/\\\/acninternational.org\\\/es\\\/jornada-mundial-de-la-vida-consagrada-en-su-amor-esponsal-cristo-los-religiosos-son-un-signo-para-el-mundo\\\/#primaryimage\"},\"image\":{\"@id\":\"https:\\\/\\\/acninternational.org\\\/es\\\/jornada-mundial-de-la-vida-consagrada-en-su-amor-esponsal-cristo-los-religiosos-son-un-signo-para-el-mundo\\\/#primaryimage\"},\"thumbnailUrl\":\"https:\\\/\\\/media.acninternational.org\\\/wp-content\\\/uploads\\\/2019\\\/11\\\/Jornada-Mundial-de-la-Vida-Consagrada-%C2%ABEn-su-amor-esponsal-a-Cristo-los-religiosos-son-un-signo-para-el-mundo%C2%BB-image.jpg\",\"datePublished\":\"2018-01-30T23:00:00+00:00\",\"breadcrumb\":{\"@id\":\"https:\\\/\\\/acninternational.org\\\/es\\\/jornada-mundial-de-la-vida-consagrada-en-su-amor-esponsal-cristo-los-religiosos-son-un-signo-para-el-mundo\\\/#breadcrumb\"},\"inLanguage\":\"es\",\"potentialAction\":[{\"@type\":\"ReadAction\",\"target\":[\"https:\\\/\\\/acninternational.org\\\/es\\\/jornada-mundial-de-la-vida-consagrada-en-su-amor-esponsal-cristo-los-religiosos-son-un-signo-para-el-mundo\\\/\"]}]},{\"@type\":\"ImageObject\",\"inLanguage\":\"es\",\"@id\":\"https:\\\/\\\/acninternational.org\\\/es\\\/jornada-mundial-de-la-vida-consagrada-en-su-amor-esponsal-cristo-los-religiosos-son-un-signo-para-el-mundo\\\/#primaryimage\",\"url\":\"https:\\\/\\\/media.acninternational.org\\\/wp-content\\\/uploads\\\/2019\\\/11\\\/Jornada-Mundial-de-la-Vida-Consagrada-%C2%ABEn-su-amor-esponsal-a-Cristo-los-religiosos-son-un-signo-para-el-mundo%C2%BB-image.jpg\",\"contentUrl\":\"https:\\\/\\\/media.acninternational.org\\\/wp-content\\\/uploads\\\/2019\\\/11\\\/Jornada-Mundial-de-la-Vida-Consagrada-%C2%ABEn-su-amor-esponsal-a-Cristo-los-religiosos-son-un-signo-para-el-mundo%C2%BB-image.jpg\",\"width\":1980,\"height\":800,\"caption\":\"Jornada Mundial de la Vida Consagrada: \u00abEn su amor esponsal a Cristo, los religiosos son un signo para el mundo\u00bb\"},{\"@type\":\"BreadcrumbList\",\"@id\":\"https:\\\/\\\/acninternational.org\\\/es\\\/jornada-mundial-de-la-vida-consagrada-en-su-amor-esponsal-cristo-los-religiosos-son-un-signo-para-el-mundo\\\/#breadcrumb\",\"itemListElement\":[{\"@type\":\"ListItem\",\"position\":1,\"name\":\"Home\",\"item\":\"https:\\\/\\\/acninternational.org\\\/es\\\/\"},{\"@type\":\"ListItem\",\"position\":2,\"name\":\"PROYECTO\",\"item\":\"https:\\\/\\\/acninternational.org\\\/es\\\/category\\\/proyecto\\\/\"},{\"@type\":\"ListItem\",\"position\":3,\"name\":\"AYUDA DE SUBSISTENCIA\",\"item\":\"https:\\\/\\\/acninternational.org\\\/es\\\/category\\\/proyecto\\\/ayuda-de-subsistencia\\\/\"},{\"@type\":\"ListItem\",\"position\":4,\"name\":\"Jornada Mundial de la Vida Consagrada: \u00abEn su amor esponsal a Cristo, los religiosos son un signo para el mundo\u00bb\"}]},{\"@type\":\"WebSite\",\"@id\":\"https:\\\/\\\/acninternational.org\\\/es\\\/#website\",\"url\":\"https:\\\/\\\/acninternational.org\\\/es\\\/\",\"name\":\"ACN International\",\"description\":\"\",\"publisher\":{\"@id\":\"https:\\\/\\\/acninternational.org\\\/es\\\/#organization\"},\"potentialAction\":[{\"@type\":\"SearchAction\",\"target\":{\"@type\":\"EntryPoint\",\"urlTemplate\":\"https:\\\/\\\/acninternational.org\\\/es\\\/?s={search_term_string}\"},\"query-input\":{\"@type\":\"PropertyValueSpecification\",\"valueRequired\":true,\"valueName\":\"search_term_string\"}}],\"inLanguage\":\"es\"},{\"@type\":\"Organization\",\"@id\":\"https:\\\/\\\/acninternational.org\\\/es\\\/#organization\",\"name\":\"Aid to the Church in Need International\",\"url\":\"https:\\\/\\\/acninternational.org\\\/es\\\/\",\"logo\":{\"@type\":\"ImageObject\",\"inLanguage\":\"es\",\"@id\":\"https:\\\/\\\/acninternational.org\\\/es\\\/#\\\/schema\\\/logo\\\/image\\\/\",\"url\":\"https:\\\/\\\/media.acninternational.org\\\/wp-content\\\/uploads\\\/2019\\\/11\\\/acn_logo_blackvector.svg\",\"contentUrl\":\"https:\\\/\\\/media.acninternational.org\\\/wp-content\\\/uploads\\\/2019\\\/11\\\/acn_logo_blackvector.svg\",\"width\":232.6,\"height\":78,\"caption\":\"Aid to the Church in Need International\"},\"image\":{\"@id\":\"https:\\\/\\\/acninternational.org\\\/es\\\/#\\\/schema\\\/logo\\\/image\\\/\"},\"sameAs\":[\"https:\\\/\\\/www.facebook.com\\\/acninternationalorg\",\"https:\\\/\\\/x.com\\\/acn_int\",\"https:\\\/\\\/www.youtube.com\\\/channel\\\/UCQ-077gS0TnVzkhHmf1opZw\",\"https:\\\/\\\/www.instagram.com\\\/acn_international\\\/\"]},{\"@type\":\"Person\",\"@id\":\"https:\\\/\\\/acninternational.org\\\/es\\\/#\\\/schema\\\/person\\\/5a7468d38fb12b1976b6eeda95c21ebc\",\"name\":\"admin_acn\",\"url\":\"https:\\\/\\\/acninternational.org\\\/es\\\/author\\\/admin_acn\\\/\"}]}<\/script>\n<!-- \/ Yoast SEO Premium plugin. -->","yoast_head_json":{"title":"Jornada Mundial de la Vida Consagrada: \u00abEn su amor esponsal a Cristo, los religiosos son un signo para el mundo\u00bb | ACN International","robots":{"index":"index","follow":"follow","max-snippet":"max-snippet:-1","max-image-preview":"max-image-preview:large","max-video-preview":"max-video-preview:-1"},"canonical":"https:\/\/acninternational.org\/es\/jornada-mundial-de-la-vida-consagrada-en-su-amor-esponsal-cristo-los-religiosos-son-un-signo-para-el-mundo\/","og_locale":"es_ES","og_type":"article","og_title":"Jornada Mundial de la Vida Consagrada: \u00abEn su amor esponsal a Cristo, los religiosos son un signo para el mundo\u00bb","og_description":"[vc_row][vc_column][vc_column_text]El\u00a02 de febrero,\u00a0la Iglesia celebra\u00a0la \u00abJornada mundial de la vida consagrada\u00bb\u00a0 Fue un momento emocionante, cuando el joven carmelita Christo","og_url":"https:\/\/acninternational.org\/es\/jornada-mundial-de-la-vida-consagrada-en-su-amor-esponsal-cristo-los-religiosos-son-un-signo-para-el-mundo\/","og_site_name":"ACN International","article_publisher":"https:\/\/www.facebook.com\/acninternationalorg","article_published_time":"2018-01-30T23:00:00+00:00","og_image":[{"width":1980,"height":800,"url":"https:\/\/media.acninternational.org\/wp-content\/uploads\/2019\/11\/Jornada-Mundial-de-la-Vida-Consagrada-%C2%ABEn-su-amor-esponsal-a-Cristo-los-religiosos-son-un-signo-para-el-mundo%C2%BB-image.jpg","type":"image\/jpeg"}],"author":"admin_acn","twitter_card":"summary_large_image","twitter_creator":"@acn_int","twitter_site":"@acn_int","twitter_misc":{"Escrito por":"admin_acn","Tiempo de lectura":"3 minutos"},"schema":{"@context":"https:\/\/schema.org","@graph":[{"@type":"Article","@id":"https:\/\/acninternational.org\/es\/jornada-mundial-de-la-vida-consagrada-en-su-amor-esponsal-cristo-los-religiosos-son-un-signo-para-el-mundo\/#article","isPartOf":{"@id":"https:\/\/acninternational.org\/es\/jornada-mundial-de-la-vida-consagrada-en-su-amor-esponsal-cristo-los-religiosos-son-un-signo-para-el-mundo\/"},"author":{"name":"admin_acn","@id":"https:\/\/acninternational.org\/es\/#\/schema\/person\/5a7468d38fb12b1976b6eeda95c21ebc"},"headline":"Jornada Mundial de la Vida Consagrada: \u00abEn su amor esponsal a Cristo, los religiosos son un signo para el mundo\u00bb","datePublished":"2018-01-30T23:00:00+00:00","mainEntityOfPage":{"@id":"https:\/\/acninternational.org\/es\/jornada-mundial-de-la-vida-consagrada-en-su-amor-esponsal-cristo-los-religiosos-son-un-signo-para-el-mundo\/"},"wordCount":571,"commentCount":0,"publisher":{"@id":"https:\/\/acninternational.org\/es\/#organization"},"image":{"@id":"https:\/\/acninternational.org\/es\/jornada-mundial-de-la-vida-consagrada-en-su-amor-esponsal-cristo-los-religiosos-son-un-signo-para-el-mundo\/#primaryimage"},"thumbnailUrl":"https:\/\/media.acninternational.org\/wp-content\/uploads\/2019\/11\/Jornada-Mundial-de-la-Vida-Consagrada-%C2%ABEn-su-amor-esponsal-a-Cristo-los-religiosos-son-un-signo-para-el-mundo%C2%BB-image.jpg","articleSection":["AYUDA DE SUBSISTENCIA","FORMACI\u00d3N SACERDOTAL Y RELIGIOSA","NOTICIAS","PROYECTO"],"inLanguage":"es","potentialAction":[{"@type":"CommentAction","name":"Comment","target":["https:\/\/acninternational.org\/es\/jornada-mundial-de-la-vida-consagrada-en-su-amor-esponsal-cristo-los-religiosos-son-un-signo-para-el-mundo\/#respond"]}]},{"@type":"WebPage","@id":"https:\/\/acninternational.org\/es\/jornada-mundial-de-la-vida-consagrada-en-su-amor-esponsal-cristo-los-religiosos-son-un-signo-para-el-mundo\/","url":"https:\/\/acninternational.org\/es\/jornada-mundial-de-la-vida-consagrada-en-su-amor-esponsal-cristo-los-religiosos-son-un-signo-para-el-mundo\/","name":"Jornada Mundial de la Vida Consagrada: \u00abEn su amor esponsal a Cristo, los religiosos son un signo para el mundo\u00bb | ACN International","isPartOf":{"@id":"https:\/\/acninternational.org\/es\/#website"},"primaryImageOfPage":{"@id":"https:\/\/acninternational.org\/es\/jornada-mundial-de-la-vida-consagrada-en-su-amor-esponsal-cristo-los-religiosos-son-un-signo-para-el-mundo\/#primaryimage"},"image":{"@id":"https:\/\/acninternational.org\/es\/jornada-mundial-de-la-vida-consagrada-en-su-amor-esponsal-cristo-los-religiosos-son-un-signo-para-el-mundo\/#primaryimage"},"thumbnailUrl":"https:\/\/media.acninternational.org\/wp-content\/uploads\/2019\/11\/Jornada-Mundial-de-la-Vida-Consagrada-%C2%ABEn-su-amor-esponsal-a-Cristo-los-religiosos-son-un-signo-para-el-mundo%C2%BB-image.jpg","datePublished":"2018-01-30T23:00:00+00:00","breadcrumb":{"@id":"https:\/\/acninternational.org\/es\/jornada-mundial-de-la-vida-consagrada-en-su-amor-esponsal-cristo-los-religiosos-son-un-signo-para-el-mundo\/#breadcrumb"},"inLanguage":"es","potentialAction":[{"@type":"ReadAction","target":["https:\/\/acninternational.org\/es\/jornada-mundial-de-la-vida-consagrada-en-su-amor-esponsal-cristo-los-religiosos-son-un-signo-para-el-mundo\/"]}]},{"@type":"ImageObject","inLanguage":"es","@id":"https:\/\/acninternational.org\/es\/jornada-mundial-de-la-vida-consagrada-en-su-amor-esponsal-cristo-los-religiosos-son-un-signo-para-el-mundo\/#primaryimage","url":"https:\/\/media.acninternational.org\/wp-content\/uploads\/2019\/11\/Jornada-Mundial-de-la-Vida-Consagrada-%C2%ABEn-su-amor-esponsal-a-Cristo-los-religiosos-son-un-signo-para-el-mundo%C2%BB-image.jpg","contentUrl":"https:\/\/media.acninternational.org\/wp-content\/uploads\/2019\/11\/Jornada-Mundial-de-la-Vida-Consagrada-%C2%ABEn-su-amor-esponsal-a-Cristo-los-religiosos-son-un-signo-para-el-mundo%C2%BB-image.jpg","width":1980,"height":800,"caption":"Jornada Mundial de la Vida Consagrada: \u00abEn su amor esponsal a Cristo, los religiosos son un signo para el mundo\u00bb"},{"@type":"BreadcrumbList","@id":"https:\/\/acninternational.org\/es\/jornada-mundial-de-la-vida-consagrada-en-su-amor-esponsal-cristo-los-religiosos-son-un-signo-para-el-mundo\/#breadcrumb","itemListElement":[{"@type":"ListItem","position":1,"name":"Home","item":"https:\/\/acninternational.org\/es\/"},{"@type":"ListItem","position":2,"name":"PROYECTO","item":"https:\/\/acninternational.org\/es\/category\/proyecto\/"},{"@type":"ListItem","position":3,"name":"AYUDA DE SUBSISTENCIA","item":"https:\/\/acninternational.org\/es\/category\/proyecto\/ayuda-de-subsistencia\/"},{"@type":"ListItem","position":4,"name":"Jornada Mundial de la Vida Consagrada: \u00abEn su amor esponsal a Cristo, los religiosos son un signo para el mundo\u00bb"}]},{"@type":"WebSite","@id":"https:\/\/acninternational.org\/es\/#website","url":"https:\/\/acninternational.org\/es\/","name":"ACN International","description":"","publisher":{"@id":"https:\/\/acninternational.org\/es\/#organization"},"potentialAction":[{"@type":"SearchAction","target":{"@type":"EntryPoint","urlTemplate":"https:\/\/acninternational.org\/es\/?s={search_term_string}"},"query-input":{"@type":"PropertyValueSpecification","valueRequired":true,"valueName":"search_term_string"}}],"inLanguage":"es"},{"@type":"Organization","@id":"https:\/\/acninternational.org\/es\/#organization","name":"Aid to the Church in Need International","url":"https:\/\/acninternational.org\/es\/","logo":{"@type":"ImageObject","inLanguage":"es","@id":"https:\/\/acninternational.org\/es\/#\/schema\/logo\/image\/","url":"https:\/\/media.acninternational.org\/wp-content\/uploads\/2019\/11\/acn_logo_blackvector.svg","contentUrl":"https:\/\/media.acninternational.org\/wp-content\/uploads\/2019\/11\/acn_logo_blackvector.svg","width":232.6,"height":78,"caption":"Aid to the Church in Need International"},"image":{"@id":"https:\/\/acninternational.org\/es\/#\/schema\/logo\/image\/"},"sameAs":["https:\/\/www.facebook.com\/acninternationalorg","https:\/\/x.com\/acn_int","https:\/\/www.youtube.com\/channel\/UCQ-077gS0TnVzkhHmf1opZw","https:\/\/www.instagram.com\/acn_international\/"]},{"@type":"Person","@id":"https:\/\/acninternational.org\/es\/#\/schema\/person\/5a7468d38fb12b1976b6eeda95c21ebc","name":"admin_acn","url":"https:\/\/acninternational.org\/es\/author\/admin_acn\/"}]}},"_links":{"self":[{"href":"https:\/\/acninternational.org\/es\/wp-json\/wp\/v2\/posts\/116815","targetHints":{"allow":["GET"]}}],"collection":[{"href":"https:\/\/acninternational.org\/es\/wp-json\/wp\/v2\/posts"}],"about":[{"href":"https:\/\/acninternational.org\/es\/wp-json\/wp\/v2\/types\/post"}],"author":[{"embeddable":true,"href":"https:\/\/acninternational.org\/es\/wp-json\/wp\/v2\/users\/1"}],"replies":[{"embeddable":true,"href":"https:\/\/acninternational.org\/es\/wp-json\/wp\/v2\/comments?post=116815"}],"version-history":[{"count":0,"href":"https:\/\/acninternational.org\/es\/wp-json\/wp\/v2\/posts\/116815\/revisions"}],"wp:featuredmedia":[{"embeddable":true,"href":"https:\/\/acninternational.org\/es\/wp-json\/wp\/v2\/media\/116816"}],"wp:attachment":[{"href":"https:\/\/acninternational.org\/es\/wp-json\/wp\/v2\/media?parent=116815"}],"wp:term":[{"taxonomy":"category","embeddable":true,"href":"https:\/\/acninternational.org\/es\/wp-json\/wp\/v2\/categories?post=116815"},{"taxonomy":"post_tag","embeddable":true,"href":"https:\/\/acninternational.org\/es\/wp-json\/wp\/v2\/tags?post=116815"},{"taxonomy":"country","embeddable":true,"href":"https:\/\/acninternational.org\/es\/wp-json\/wp\/v2\/country?post=116815"}],"curies":[{"name":"wp","href":"https:\/\/api.w.org\/{rel}","templated":true}]}}