{"id":116793,"date":"2018-01-30T00:00:00","date_gmt":"2018-01-29T23:00:00","guid":{"rendered":"https:\/\/acninternational.org\/los-catolicos-en-europa-del-este-muy-demandados-cuando-el-estado-y-la-sociedad-ofrecen-pocas-perspectivas\/"},"modified":"2018-01-30T00:00:00","modified_gmt":"2018-01-29T23:00:00","slug":"los-catolicos-en-europa-del-este-muy-demandados-cuando-el-estado-y-la-sociedad-ofrecen-pocas-perspectivas","status":"publish","type":"post","link":"https:\/\/acninternational.org\/es\/los-catolicos-en-europa-del-este-muy-demandados-cuando-el-estado-y-la-sociedad-ofrecen-pocas-perspectivas\/","title":{"rendered":"Los cat\u00f3licos en Europa del Este, muy demandados cuando el Estado y la sociedad ofrecen pocas perspectivas"},"content":{"rendered":"<p>[vc_row][vc_column][vc_column_text]Sobre la Iglesia Cat\u00f3lica en Europa del Este apenas se informa en nuestros d\u00edas, pese a que su situaci\u00f3n en algunos pa\u00edses siga siendo dif\u00edcil y en ocasiones angustiosa, y pese a que su compromiso resulte a menudo decisivo para la convivencia. Esto volvi\u00f3 a quedar patente en el XXIII encuentro de las organizaciones cat\u00f3licas activas en Europa del Este, esta vez celebrado en la sede internacional de la fundaci\u00f3n pontificia <em>Ayuda a la Iglesia Necesitada <\/em>(ACN) en Fr\u00e1ncfort del Meno. El encuentro gir\u00f3 principalmente en torno a informes sobre Europa del Este meridional, Kazajist\u00e1n, Rusia, Ucrania y la Rep\u00fablica Checa.<\/p>\n<p>La mayor necesidad la sigue padeciendo Ucrania oriental, donde siguen muriendo a diario personas a causa de la guerra. Aqu\u00ed cabe resaltar que ello ha fortalecido la solidaridad de cat\u00f3licos, protestantes y ortodoxos en las zonas afectadas, seg\u00fan indic\u00f3 de pasada la directora de la oficina de ayuda a Europa del Este de la Conferencia Episcopal de EE.UU., Tetiana Stawnychy.<\/p>\n<p>Entre las Iglesias Cat\u00f3licas m\u00e1s pobres de Europa del Este est\u00e1n, sobre todo, las de Albania y Kosovo. Luego est\u00e1n los cat\u00f3licos de Bosnia y Serbia, que atraviesan una dif\u00edcil situaci\u00f3n, pues su existencia como minor\u00eda marca el d\u00eda a d\u00eda de los creyentes. Para los feligreses j\u00f3venes son especialmente importantes las ofertas pastorales, pues los acontecimientos de la guerra de los a\u00f1os noventa en los Balcanes todav\u00eda no han sido superados. Estos son, junto a los problemas econ\u00f3micos, las razones por las que miles de personas de estas regiones siguen emigrando a\u00f1o tras a\u00f1o.<\/p>\n<p><strong>Un rayo de esperanza en un ambiente cargado<\/strong><\/p>\n<p>All\u00ed donde no existe un apoyo p\u00fablico y estatal a la labor de reconciliaci\u00f3n, las iniciativas de las Iglesias tienen mayor demanda. En ocasiones, son el \u00fanico rayo de esperanza en un ambiente cargado. \u201cDebemos seguir fortaleciendo sobre el terreno una labor misionera que incluya el di\u00e1logo interreligioso, la reconciliaci\u00f3n entre los pueblos y la formaci\u00f3n sociocultural, entre otras razones, para que no se expanda un Islam radical\u201d, recalc\u00f3 el Asistente Eclesi\u00e1stico de la fundaci\u00f3n pontificia ACN, P. Mart\u00edn Barta, con vistas a los pa\u00edses exsovi\u00e9ticos de Asia Central.<\/p>\n<p>Por su parte, Gerhard Albert se\u00f1al\u00f3 que un proceso de contracci\u00f3n a veces va acompa\u00f1ado de una nueva calidad de la existencia eclesial. El director gerente de Renovabis fue condecorado el a\u00f1o pasado por el Papa Francisco con la Orden de San Gregorio Magno, con lo que tambi\u00e9n fue reconocida la labor de Renovabis a favor de las personas en Europa del Este central, oriental y meridional.<\/p>\n<p>Sobre todo en los pa\u00edses balc\u00e1nicos, en los que la Iglesia Cat\u00f3lica representa a una minor\u00eda, la seguridad material de sacerdotes y religiosos ancianos es un tema importante. En el marco de la iniciativa Piccolo Gregge, lanzada por los Obispos de la regi\u00f3n, se debatieron soluciones entre representantes de Bosnia y Herzegovina, Kosovo, Serbia, Macedonia, Montenegro y Albania, a fin de poder garantizarles a estos sacerdotes y religiosos un m\u00ednimo seguro m\u00e9dico y una pensi\u00f3n.<\/p>\n<p>Adem\u00e1s de las organizaciones de ayuda mencionadas, tambi\u00e9n participaron miembros de las Conferencias Episcopales italiana, polaca y estadounidense, y tambi\u00e9n la fundaci\u00f3n Porticus. Todos ellos esperan que una posible visita del Papa al B\u00e1ltico haga surgir nuevos impulsos en favor de las Iglesias en Europa del Este.[\/vc_column_text][\/vc_column][\/vc_row]<\/p>\n","protected":false},"excerpt":{"rendered":"<p>[vc_row][vc_column][vc_column_text]Sobre la Iglesia Cat\u00f3lica en Europa del Este apenas se informa en nuestros d\u00edas, pese a que su situaci\u00f3n en<\/p>\n","protected":false},"author":1,"featured_media":116794,"comment_status":"open","ping_status":"open","sticky":false,"template":"","format":"standard","meta":{"_acf_changed":false,"_acn_coauthor_ids":[],"_acn_featured_article":false,"footnotes":""},"categories":[713],"tags":[],"country":[],"class_list":["post-116793","post","type-post","status-publish","format-standard","has-post-thumbnail","hentry","category-historias"],"acn_coauthors":[],"acf":[],"yoast_head":"<!-- This site is optimized with the Yoast SEO Premium plugin v27.5 (Yoast SEO v27.5) - https:\/\/yoast.com\/product\/yoast-seo-premium-wordpress\/ -->\n<title>Los cat\u00f3licos en Europa del Este, muy demandados cuando el Estado y la sociedad ofrecen pocas perspectivas | ACN International<\/title>\n<meta name=\"robots\" content=\"index, follow, max-snippet:-1, max-image-preview:large, max-video-preview:-1\" \/>\n<link rel=\"canonical\" href=\"https:\/\/acninternational.org\/es\/los-catolicos-en-europa-del-este-muy-demandados-cuando-el-estado-y-la-sociedad-ofrecen-pocas-perspectivas\/\" \/>\n<meta property=\"og:locale\" content=\"es_ES\" \/>\n<meta property=\"og:type\" content=\"article\" \/>\n<meta property=\"og:title\" content=\"Los cat\u00f3licos en Europa del Este, muy demandados cuando el Estado y la sociedad ofrecen pocas perspectivas\" \/>\n<meta property=\"og:description\" content=\"[vc_row][vc_column][vc_column_text]Sobre la Iglesia Cat\u00f3lica en Europa del Este apenas se informa en nuestros d\u00edas, pese a que su situaci\u00f3n en\" \/>\n<meta property=\"og:url\" content=\"https:\/\/acninternational.org\/es\/los-catolicos-en-europa-del-este-muy-demandados-cuando-el-estado-y-la-sociedad-ofrecen-pocas-perspectivas\/\" \/>\n<meta property=\"og:site_name\" content=\"ACN International\" \/>\n<meta property=\"article:publisher\" content=\"https:\/\/www.facebook.com\/acninternationalorg\" \/>\n<meta property=\"article:published_time\" content=\"2018-01-29T23:00:00+00:00\" \/>\n<meta property=\"og:image\" content=\"https:\/\/media.acninternational.org\/wp-content\/uploads\/2019\/11\/Los-cat%C3%B3licos-en-Europa-del-Este-muy-demandados-cuando-el-Estado-y-la-sociedad-ofrecen-pocas-perspectivas-image.jpg\" \/>\n\t<meta property=\"og:image:width\" content=\"1980\" \/>\n\t<meta property=\"og:image:height\" content=\"800\" \/>\n\t<meta property=\"og:image:type\" content=\"image\/jpeg\" \/>\n<meta name=\"author\" content=\"admin_acn\" \/>\n<meta name=\"twitter:card\" content=\"summary_large_image\" \/>\n<meta name=\"twitter:creator\" content=\"@acn_int\" \/>\n<meta name=\"twitter:site\" content=\"@acn_int\" \/>\n<meta name=\"twitter:label1\" content=\"Escrito por\" \/>\n\t<meta name=\"twitter:data1\" content=\"admin_acn\" \/>\n\t<meta name=\"twitter:label2\" content=\"Tiempo de lectura\" \/>\n\t<meta name=\"twitter:data2\" content=\"3 minutos\" \/>\n<script type=\"application\/ld+json\" class=\"yoast-schema-graph\">{\"@context\":\"https:\\\/\\\/schema.org\",\"@graph\":[{\"@type\":\"Article\",\"@id\":\"https:\\\/\\\/acninternational.org\\\/es\\\/los-catolicos-en-europa-del-este-muy-demandados-cuando-el-estado-y-la-sociedad-ofrecen-pocas-perspectivas\\\/#article\",\"isPartOf\":{\"@id\":\"https:\\\/\\\/acninternational.org\\\/es\\\/los-catolicos-en-europa-del-este-muy-demandados-cuando-el-estado-y-la-sociedad-ofrecen-pocas-perspectivas\\\/\"},\"author\":{\"name\":\"admin_acn\",\"@id\":\"https:\\\/\\\/acninternational.org\\\/es\\\/#\\\/schema\\\/person\\\/5a7468d38fb12b1976b6eeda95c21ebc\"},\"headline\":\"Los cat\u00f3licos en Europa del Este, muy demandados cuando el Estado y la sociedad ofrecen pocas perspectivas\",\"datePublished\":\"2018-01-29T23:00:00+00:00\",\"mainEntityOfPage\":{\"@id\":\"https:\\\/\\\/acninternational.org\\\/es\\\/los-catolicos-en-europa-del-este-muy-demandados-cuando-el-estado-y-la-sociedad-ofrecen-pocas-perspectivas\\\/\"},\"wordCount\":631,\"commentCount\":0,\"publisher\":{\"@id\":\"https:\\\/\\\/acninternational.org\\\/es\\\/#organization\"},\"image\":{\"@id\":\"https:\\\/\\\/acninternational.org\\\/es\\\/los-catolicos-en-europa-del-este-muy-demandados-cuando-el-estado-y-la-sociedad-ofrecen-pocas-perspectivas\\\/#primaryimage\"},\"thumbnailUrl\":\"https:\\\/\\\/media.acninternational.org\\\/wp-content\\\/uploads\\\/2019\\\/11\\\/Los-cat%C3%B3licos-en-Europa-del-Este-muy-demandados-cuando-el-Estado-y-la-sociedad-ofrecen-pocas-perspectivas-image.jpg\",\"articleSection\":[\"HISTORIAS\"],\"inLanguage\":\"es\",\"potentialAction\":[{\"@type\":\"CommentAction\",\"name\":\"Comment\",\"target\":[\"https:\\\/\\\/acninternational.org\\\/es\\\/los-catolicos-en-europa-del-este-muy-demandados-cuando-el-estado-y-la-sociedad-ofrecen-pocas-perspectivas\\\/#respond\"]}]},{\"@type\":\"WebPage\",\"@id\":\"https:\\\/\\\/acninternational.org\\\/es\\\/los-catolicos-en-europa-del-este-muy-demandados-cuando-el-estado-y-la-sociedad-ofrecen-pocas-perspectivas\\\/\",\"url\":\"https:\\\/\\\/acninternational.org\\\/es\\\/los-catolicos-en-europa-del-este-muy-demandados-cuando-el-estado-y-la-sociedad-ofrecen-pocas-perspectivas\\\/\",\"name\":\"Los cat\u00f3licos en Europa del Este, muy demandados cuando el Estado y la sociedad ofrecen pocas perspectivas | ACN International\",\"isPartOf\":{\"@id\":\"https:\\\/\\\/acninternational.org\\\/es\\\/#website\"},\"primaryImageOfPage\":{\"@id\":\"https:\\\/\\\/acninternational.org\\\/es\\\/los-catolicos-en-europa-del-este-muy-demandados-cuando-el-estado-y-la-sociedad-ofrecen-pocas-perspectivas\\\/#primaryimage\"},\"image\":{\"@id\":\"https:\\\/\\\/acninternational.org\\\/es\\\/los-catolicos-en-europa-del-este-muy-demandados-cuando-el-estado-y-la-sociedad-ofrecen-pocas-perspectivas\\\/#primaryimage\"},\"thumbnailUrl\":\"https:\\\/\\\/media.acninternational.org\\\/wp-content\\\/uploads\\\/2019\\\/11\\\/Los-cat%C3%B3licos-en-Europa-del-Este-muy-demandados-cuando-el-Estado-y-la-sociedad-ofrecen-pocas-perspectivas-image.jpg\",\"datePublished\":\"2018-01-29T23:00:00+00:00\",\"breadcrumb\":{\"@id\":\"https:\\\/\\\/acninternational.org\\\/es\\\/los-catolicos-en-europa-del-este-muy-demandados-cuando-el-estado-y-la-sociedad-ofrecen-pocas-perspectivas\\\/#breadcrumb\"},\"inLanguage\":\"es\",\"potentialAction\":[{\"@type\":\"ReadAction\",\"target\":[\"https:\\\/\\\/acninternational.org\\\/es\\\/los-catolicos-en-europa-del-este-muy-demandados-cuando-el-estado-y-la-sociedad-ofrecen-pocas-perspectivas\\\/\"]}]},{\"@type\":\"ImageObject\",\"inLanguage\":\"es\",\"@id\":\"https:\\\/\\\/acninternational.org\\\/es\\\/los-catolicos-en-europa-del-este-muy-demandados-cuando-el-estado-y-la-sociedad-ofrecen-pocas-perspectivas\\\/#primaryimage\",\"url\":\"https:\\\/\\\/media.acninternational.org\\\/wp-content\\\/uploads\\\/2019\\\/11\\\/Los-cat%C3%B3licos-en-Europa-del-Este-muy-demandados-cuando-el-Estado-y-la-sociedad-ofrecen-pocas-perspectivas-image.jpg\",\"contentUrl\":\"https:\\\/\\\/media.acninternational.org\\\/wp-content\\\/uploads\\\/2019\\\/11\\\/Los-cat%C3%B3licos-en-Europa-del-Este-muy-demandados-cuando-el-Estado-y-la-sociedad-ofrecen-pocas-perspectivas-image.jpg\",\"width\":1980,\"height\":800,\"caption\":\"Los cat\u00f3licos en Europa del Este, muy demandados cuando el Estado y la sociedad ofrecen pocas perspectivas\"},{\"@type\":\"BreadcrumbList\",\"@id\":\"https:\\\/\\\/acninternational.org\\\/es\\\/los-catolicos-en-europa-del-este-muy-demandados-cuando-el-estado-y-la-sociedad-ofrecen-pocas-perspectivas\\\/#breadcrumb\",\"itemListElement\":[{\"@type\":\"ListItem\",\"position\":1,\"name\":\"Home\",\"item\":\"https:\\\/\\\/acninternational.org\\\/es\\\/\"},{\"@type\":\"ListItem\",\"position\":2,\"name\":\"HISTORIAS\",\"item\":\"https:\\\/\\\/acninternational.org\\\/es\\\/category\\\/historias\\\/\"},{\"@type\":\"ListItem\",\"position\":3,\"name\":\"Los cat\u00f3licos en Europa del Este, muy demandados cuando el Estado y la sociedad ofrecen pocas perspectivas\"}]},{\"@type\":\"WebSite\",\"@id\":\"https:\\\/\\\/acninternational.org\\\/es\\\/#website\",\"url\":\"https:\\\/\\\/acninternational.org\\\/es\\\/\",\"name\":\"ACN International\",\"description\":\"\",\"publisher\":{\"@id\":\"https:\\\/\\\/acninternational.org\\\/es\\\/#organization\"},\"potentialAction\":[{\"@type\":\"SearchAction\",\"target\":{\"@type\":\"EntryPoint\",\"urlTemplate\":\"https:\\\/\\\/acninternational.org\\\/es\\\/?s={search_term_string}\"},\"query-input\":{\"@type\":\"PropertyValueSpecification\",\"valueRequired\":true,\"valueName\":\"search_term_string\"}}],\"inLanguage\":\"es\"},{\"@type\":\"Organization\",\"@id\":\"https:\\\/\\\/acninternational.org\\\/es\\\/#organization\",\"name\":\"Aid to the Church in Need International\",\"url\":\"https:\\\/\\\/acninternational.org\\\/es\\\/\",\"logo\":{\"@type\":\"ImageObject\",\"inLanguage\":\"es\",\"@id\":\"https:\\\/\\\/acninternational.org\\\/es\\\/#\\\/schema\\\/logo\\\/image\\\/\",\"url\":\"https:\\\/\\\/media.acninternational.org\\\/wp-content\\\/uploads\\\/2019\\\/11\\\/acn_logo_blackvector.svg\",\"contentUrl\":\"https:\\\/\\\/media.acninternational.org\\\/wp-content\\\/uploads\\\/2019\\\/11\\\/acn_logo_blackvector.svg\",\"width\":232.6,\"height\":78,\"caption\":\"Aid to the Church in Need International\"},\"image\":{\"@id\":\"https:\\\/\\\/acninternational.org\\\/es\\\/#\\\/schema\\\/logo\\\/image\\\/\"},\"sameAs\":[\"https:\\\/\\\/www.facebook.com\\\/acninternationalorg\",\"https:\\\/\\\/x.com\\\/acn_int\",\"https:\\\/\\\/www.youtube.com\\\/channel\\\/UCQ-077gS0TnVzkhHmf1opZw\",\"https:\\\/\\\/www.instagram.com\\\/acn_international\\\/\"]},{\"@type\":\"Person\",\"@id\":\"https:\\\/\\\/acninternational.org\\\/es\\\/#\\\/schema\\\/person\\\/5a7468d38fb12b1976b6eeda95c21ebc\",\"name\":\"admin_acn\",\"url\":\"https:\\\/\\\/acninternational.org\\\/es\\\/author\\\/admin_acn\\\/\"}]}<\/script>\n<!-- \/ Yoast SEO Premium plugin. -->","yoast_head_json":{"title":"Los cat\u00f3licos en Europa del Este, muy demandados cuando el Estado y la sociedad ofrecen pocas perspectivas | ACN International","robots":{"index":"index","follow":"follow","max-snippet":"max-snippet:-1","max-image-preview":"max-image-preview:large","max-video-preview":"max-video-preview:-1"},"canonical":"https:\/\/acninternational.org\/es\/los-catolicos-en-europa-del-este-muy-demandados-cuando-el-estado-y-la-sociedad-ofrecen-pocas-perspectivas\/","og_locale":"es_ES","og_type":"article","og_title":"Los cat\u00f3licos en Europa del Este, muy demandados cuando el Estado y la sociedad ofrecen pocas perspectivas","og_description":"[vc_row][vc_column][vc_column_text]Sobre la Iglesia Cat\u00f3lica en Europa del Este apenas se informa en nuestros d\u00edas, pese a que su situaci\u00f3n en","og_url":"https:\/\/acninternational.org\/es\/los-catolicos-en-europa-del-este-muy-demandados-cuando-el-estado-y-la-sociedad-ofrecen-pocas-perspectivas\/","og_site_name":"ACN International","article_publisher":"https:\/\/www.facebook.com\/acninternationalorg","article_published_time":"2018-01-29T23:00:00+00:00","og_image":[{"width":1980,"height":800,"url":"https:\/\/media.acninternational.org\/wp-content\/uploads\/2019\/11\/Los-cat%C3%B3licos-en-Europa-del-Este-muy-demandados-cuando-el-Estado-y-la-sociedad-ofrecen-pocas-perspectivas-image.jpg","type":"image\/jpeg"}],"author":"admin_acn","twitter_card":"summary_large_image","twitter_creator":"@acn_int","twitter_site":"@acn_int","twitter_misc":{"Escrito por":"admin_acn","Tiempo de lectura":"3 minutos"},"schema":{"@context":"https:\/\/schema.org","@graph":[{"@type":"Article","@id":"https:\/\/acninternational.org\/es\/los-catolicos-en-europa-del-este-muy-demandados-cuando-el-estado-y-la-sociedad-ofrecen-pocas-perspectivas\/#article","isPartOf":{"@id":"https:\/\/acninternational.org\/es\/los-catolicos-en-europa-del-este-muy-demandados-cuando-el-estado-y-la-sociedad-ofrecen-pocas-perspectivas\/"},"author":{"name":"admin_acn","@id":"https:\/\/acninternational.org\/es\/#\/schema\/person\/5a7468d38fb12b1976b6eeda95c21ebc"},"headline":"Los cat\u00f3licos en Europa del Este, muy demandados cuando el Estado y la sociedad ofrecen pocas perspectivas","datePublished":"2018-01-29T23:00:00+00:00","mainEntityOfPage":{"@id":"https:\/\/acninternational.org\/es\/los-catolicos-en-europa-del-este-muy-demandados-cuando-el-estado-y-la-sociedad-ofrecen-pocas-perspectivas\/"},"wordCount":631,"commentCount":0,"publisher":{"@id":"https:\/\/acninternational.org\/es\/#organization"},"image":{"@id":"https:\/\/acninternational.org\/es\/los-catolicos-en-europa-del-este-muy-demandados-cuando-el-estado-y-la-sociedad-ofrecen-pocas-perspectivas\/#primaryimage"},"thumbnailUrl":"https:\/\/media.acninternational.org\/wp-content\/uploads\/2019\/11\/Los-cat%C3%B3licos-en-Europa-del-Este-muy-demandados-cuando-el-Estado-y-la-sociedad-ofrecen-pocas-perspectivas-image.jpg","articleSection":["HISTORIAS"],"inLanguage":"es","potentialAction":[{"@type":"CommentAction","name":"Comment","target":["https:\/\/acninternational.org\/es\/los-catolicos-en-europa-del-este-muy-demandados-cuando-el-estado-y-la-sociedad-ofrecen-pocas-perspectivas\/#respond"]}]},{"@type":"WebPage","@id":"https:\/\/acninternational.org\/es\/los-catolicos-en-europa-del-este-muy-demandados-cuando-el-estado-y-la-sociedad-ofrecen-pocas-perspectivas\/","url":"https:\/\/acninternational.org\/es\/los-catolicos-en-europa-del-este-muy-demandados-cuando-el-estado-y-la-sociedad-ofrecen-pocas-perspectivas\/","name":"Los cat\u00f3licos en Europa del Este, muy demandados cuando el Estado y la sociedad ofrecen pocas perspectivas | ACN International","isPartOf":{"@id":"https:\/\/acninternational.org\/es\/#website"},"primaryImageOfPage":{"@id":"https:\/\/acninternational.org\/es\/los-catolicos-en-europa-del-este-muy-demandados-cuando-el-estado-y-la-sociedad-ofrecen-pocas-perspectivas\/#primaryimage"},"image":{"@id":"https:\/\/acninternational.org\/es\/los-catolicos-en-europa-del-este-muy-demandados-cuando-el-estado-y-la-sociedad-ofrecen-pocas-perspectivas\/#primaryimage"},"thumbnailUrl":"https:\/\/media.acninternational.org\/wp-content\/uploads\/2019\/11\/Los-cat%C3%B3licos-en-Europa-del-Este-muy-demandados-cuando-el-Estado-y-la-sociedad-ofrecen-pocas-perspectivas-image.jpg","datePublished":"2018-01-29T23:00:00+00:00","breadcrumb":{"@id":"https:\/\/acninternational.org\/es\/los-catolicos-en-europa-del-este-muy-demandados-cuando-el-estado-y-la-sociedad-ofrecen-pocas-perspectivas\/#breadcrumb"},"inLanguage":"es","potentialAction":[{"@type":"ReadAction","target":["https:\/\/acninternational.org\/es\/los-catolicos-en-europa-del-este-muy-demandados-cuando-el-estado-y-la-sociedad-ofrecen-pocas-perspectivas\/"]}]},{"@type":"ImageObject","inLanguage":"es","@id":"https:\/\/acninternational.org\/es\/los-catolicos-en-europa-del-este-muy-demandados-cuando-el-estado-y-la-sociedad-ofrecen-pocas-perspectivas\/#primaryimage","url":"https:\/\/media.acninternational.org\/wp-content\/uploads\/2019\/11\/Los-cat%C3%B3licos-en-Europa-del-Este-muy-demandados-cuando-el-Estado-y-la-sociedad-ofrecen-pocas-perspectivas-image.jpg","contentUrl":"https:\/\/media.acninternational.org\/wp-content\/uploads\/2019\/11\/Los-cat%C3%B3licos-en-Europa-del-Este-muy-demandados-cuando-el-Estado-y-la-sociedad-ofrecen-pocas-perspectivas-image.jpg","width":1980,"height":800,"caption":"Los cat\u00f3licos en Europa del Este, muy demandados cuando el Estado y la sociedad ofrecen pocas perspectivas"},{"@type":"BreadcrumbList","@id":"https:\/\/acninternational.org\/es\/los-catolicos-en-europa-del-este-muy-demandados-cuando-el-estado-y-la-sociedad-ofrecen-pocas-perspectivas\/#breadcrumb","itemListElement":[{"@type":"ListItem","position":1,"name":"Home","item":"https:\/\/acninternational.org\/es\/"},{"@type":"ListItem","position":2,"name":"HISTORIAS","item":"https:\/\/acninternational.org\/es\/category\/historias\/"},{"@type":"ListItem","position":3,"name":"Los cat\u00f3licos en Europa del Este, muy demandados cuando el Estado y la sociedad ofrecen pocas perspectivas"}]},{"@type":"WebSite","@id":"https:\/\/acninternational.org\/es\/#website","url":"https:\/\/acninternational.org\/es\/","name":"ACN International","description":"","publisher":{"@id":"https:\/\/acninternational.org\/es\/#organization"},"potentialAction":[{"@type":"SearchAction","target":{"@type":"EntryPoint","urlTemplate":"https:\/\/acninternational.org\/es\/?s={search_term_string}"},"query-input":{"@type":"PropertyValueSpecification","valueRequired":true,"valueName":"search_term_string"}}],"inLanguage":"es"},{"@type":"Organization","@id":"https:\/\/acninternational.org\/es\/#organization","name":"Aid to the Church in Need International","url":"https:\/\/acninternational.org\/es\/","logo":{"@type":"ImageObject","inLanguage":"es","@id":"https:\/\/acninternational.org\/es\/#\/schema\/logo\/image\/","url":"https:\/\/media.acninternational.org\/wp-content\/uploads\/2019\/11\/acn_logo_blackvector.svg","contentUrl":"https:\/\/media.acninternational.org\/wp-content\/uploads\/2019\/11\/acn_logo_blackvector.svg","width":232.6,"height":78,"caption":"Aid to the Church in Need International"},"image":{"@id":"https:\/\/acninternational.org\/es\/#\/schema\/logo\/image\/"},"sameAs":["https:\/\/www.facebook.com\/acninternationalorg","https:\/\/x.com\/acn_int","https:\/\/www.youtube.com\/channel\/UCQ-077gS0TnVzkhHmf1opZw","https:\/\/www.instagram.com\/acn_international\/"]},{"@type":"Person","@id":"https:\/\/acninternational.org\/es\/#\/schema\/person\/5a7468d38fb12b1976b6eeda95c21ebc","name":"admin_acn","url":"https:\/\/acninternational.org\/es\/author\/admin_acn\/"}]}},"_links":{"self":[{"href":"https:\/\/acninternational.org\/es\/wp-json\/wp\/v2\/posts\/116793","targetHints":{"allow":["GET"]}}],"collection":[{"href":"https:\/\/acninternational.org\/es\/wp-json\/wp\/v2\/posts"}],"about":[{"href":"https:\/\/acninternational.org\/es\/wp-json\/wp\/v2\/types\/post"}],"author":[{"embeddable":true,"href":"https:\/\/acninternational.org\/es\/wp-json\/wp\/v2\/users\/1"}],"replies":[{"embeddable":true,"href":"https:\/\/acninternational.org\/es\/wp-json\/wp\/v2\/comments?post=116793"}],"version-history":[{"count":0,"href":"https:\/\/acninternational.org\/es\/wp-json\/wp\/v2\/posts\/116793\/revisions"}],"wp:featuredmedia":[{"embeddable":true,"href":"https:\/\/acninternational.org\/es\/wp-json\/wp\/v2\/media\/116794"}],"wp:attachment":[{"href":"https:\/\/acninternational.org\/es\/wp-json\/wp\/v2\/media?parent=116793"}],"wp:term":[{"taxonomy":"category","embeddable":true,"href":"https:\/\/acninternational.org\/es\/wp-json\/wp\/v2\/categories?post=116793"},{"taxonomy":"post_tag","embeddable":true,"href":"https:\/\/acninternational.org\/es\/wp-json\/wp\/v2\/tags?post=116793"},{"taxonomy":"country","embeddable":true,"href":"https:\/\/acninternational.org\/es\/wp-json\/wp\/v2\/country?post=116793"}],"curies":[{"name":"wp","href":"https:\/\/api.w.org\/{rel}","templated":true}]}}