{"id":116658,"date":"2018-01-16T00:00:00","date_gmt":"2018-01-15T23:00:00","guid":{"rendered":"https:\/\/acninternational.org\/pisiga-emigrantes-en-la-frontera-con-chile\/"},"modified":"2018-01-16T00:00:00","modified_gmt":"2018-01-15T23:00:00","slug":"pisiga-emigrantes-en-la-frontera-con-chile","status":"publish","type":"post","link":"https:\/\/acninternational.org\/es\/pisiga-emigrantes-en-la-frontera-con-chile\/","title":{"rendered":"Pisiga: Emigrantes en la frontera con Chile"},"content":{"rendered":"<p>[vc_row][vc_column][vc_column_text]<em>Durante su pr\u00f3xima visita a Chile Papa Francisco visitar\u00e1 Iquique, ciudad al norte del pa\u00eds donde se cuenta con una presencia importante de migrantes. Un gran reto para los chilenos. <\/em><\/p>\n<p><em>En Pisiga, paso fronterizo entre Bolivia y Chile, la fundaci\u00f3n pontificia Aid to the Church in Need ha ayudado\u00a0 a la construcci\u00f3n de un centro de acogida para migrantes y una vivienda para las Hijas de la Caridad de San Vicente de Paul. <\/em><\/p>\n<p>Son las tres de la ma\u00f1ana y la temperatura ronda los diez grados bajo cero. Una joven de Colombia baja del autob\u00fas, lleva ocho d\u00edas de viaje. Ecuador, Per\u00fa y Bolivia. Son s\u00f3lo paradas de un viaje que tiene como meta Chile. Buenaventura, la ciudad de la que procede, es uno de los puertos m\u00e1s importantes de Colombia pero tambi\u00e9n v\u00edctima de las bandas criminales del narcotr\u00e1fico y la guerrilla.\u00a0 All\u00ed la violencia y la pobreza se dan la mano. Su esperanza est\u00e1 en Chile. Aunque de esta le queda ya poca, durante esos d\u00edas ha sido robada y maltratada, especialmente en los puestos de control en Per\u00fa y Bolivia. Los pocos ahorros que llevaba para entrar en el pa\u00eds le fueron arrebatados en uno de los controles, le dejaron pasar pero no le dieron la tarjeta andina. Ahora es una inmigrante ilegal en la frontera con Chile.<\/p>\n<p>Esta es una historia de las muchas que la hermana Fanny Lupa, Hija de la Caridad de San Vicente de Pa\u00fal, escucha cada d\u00eda en el centro de acogida \u201cMisi\u00f3n: Estar en Frontera\u201d que las religiosas abrieron en Pisiga en el 2011. \u201cSon ellos, los pobres, que han hecho surgir esta casa de acogida porque Dios escuch\u00f3 los gritos y clamores de auxilio\u201d, explica la hermana.\u00a0 Es por eso que tres hermanas Hijas de la Caridad, siguiendo su carisma, escucharon \u201clos gritos de dolor de nuestros hermanos migrantes\u00a0 que utilizan el paso fronterizo de Pisiga-Colchane (en la frontera entre Bolivia y Chile), quienes en su mayor\u00eda se encuentran en situaci\u00f3n de abandono, soledad y exclusi\u00f3n social, desprovistos de lo necesario para su subsistencia\u201d y haciendo que abrieran casa en el paso Colchane-Pisiga\u00a0 a 3.800 metros de altura, en la ruta interoce\u00e1nica Brasil-Bolivia-Chile.<\/p>\n<p>Abandono que siente tambi\u00e9n Esther, de 44 a\u00f1os que llega con 4 hijos: \u201cDependen de m\u00ed. Yo soy madre y padre para ellos, ando en la lucha por ellos. Todo lo que hago es por mis hijos.\u201d Mientras habla no puede aguantarse las l\u00e1grimas. Como el 95% de los emigrantes que llaman a la Misi\u00f3n \u201cEstar en Frontera\u201d colombiana y afrodescendiente.<\/p>\n<p>La hermana Fanny sufre con ellos: \u201cLlevan ocho d\u00edas sin conocer una cama, y sin comer&#8230; Llegan a la casa muertos de fr\u00edo, y la altura generalmente hace sus estragos en ellos. A veces se sienten morir, porque la altura es muy desconcertante. Entonces lo primero que hacemos es darles un mate caliente, y una vez que tienen ya un poco m\u00e1s de calor,\u00a0 ofrecerles la comida, mostrarles donde van a descansar, hacerles la entrevista, para saber cu\u00e1l es la realidad.\u201d Una labor nada f\u00e1cil tampoco para las Hijas de la Caridad que debido al clima muy fr\u00edo, vientos fuertes y a la altura han tenido que ser reemplazadas a menudo por enfermedad.<\/p>\n<p>Despu\u00e9s de todo lo que las personas han tenido que sufrir y experimentar durante el arduo viaje la misi\u00f3n \u201cEstar en Frontera\u201d es como un trocito de cielo. Esther lo cuenta: \u201cEllas no saben a qui\u00e9n le est\u00e1n abriendo la puerta. Y de repente ya le abren, le hacen dos o tres preguntas a uno y&#8230; \u00a1Adentro! Y ah\u00ed mismo lo van ubicando a uno en una cama, y le van ofreciendo comida, abrigo, y eso es una bendici\u00f3n. De verdad que son una bendici\u00f3n estas mujeres.\u201d<\/p>\n<p>La hermana Fanny lo confirma \u201cNos dicen, esto es un hotel de lujo para nosotros. Pueden ba\u00f1arse, pueden lavar su ropa, cosa que no pod\u00edan hacer. Ac\u00e1 tambi\u00e9n tenemos que darles mucho valor.\u201d Y es que &#8211; adem\u00e1s de un techo y calor &#8211; las religiosas imparten informaci\u00f3n y asesoramiento a los migrantes. Sobre todo para evitar que mujeres solas con escasos ingresos econ\u00f3micos caigan en la trata de personas o en la prostituci\u00f3n. As\u00ed mismo se orienta sobre los diversos cauces de entrada regular a Chile y se advierten los riesgos de la entrada irregular y se ocupan de informar a los emigrantes sobre sus derechos y sus deberes.<\/p>\n<p>Las hermanas no s\u00f3lo se ocupan de lo corporal y de lo humano, rezan con y por los que pasan por la casa de acogida. Uni\u00e9ndose a ese\u00a0 dolor y pidiendo para que alguien cambie la situaci\u00f3n de vejaci\u00f3n y maltrato a los derechos fundamentales y al respeto de esas personas: \u201cNosotras nos sentimos impotentes en ese \u00e1mbito. Da pena que los colombianos, especialmente los de color, se sientan rechazados por su raza. Los tratan como si fueran personas de segunda categor\u00eda. Sue\u00f1o con que alg\u00fan d\u00eda eso desaparezca\u201d.<\/p>\n<p>Pero enseguida espanta el desaliento: \u201cSabemos que no estamos solas, est\u00e1n ustedes, que con su apoyo a la comunidad permiten hacer realidad esta misi\u00f3n en medio de nuestros hermanos los migrantes. Que Dios bendiga infinitamente por tan grande labor a todos los hermanos y hermanas de \u00e9sta gran asociaci\u00f3n de Ayuda a la Iglesia que Sufre.\u201d<\/p>\n<p>Seguramente la hermana Fanny se sinti\u00f3 reconfortada cuando escuch\u00f3 que durante su viaje a Chile el Papa Francisco visitar\u00e1 uno de los lugares que m\u00e1s le nombran los emigrantes durante su estancia en la misi\u00f3n: Iquique. En esa ciudad se espera \u00abla participaci\u00f3n de los hermanos migrantes\u00bb en la misa del 18 de Enero por quienes Francisco tambi\u00e9n orar\u00e1.\u00a0 Desde Pisiga las Hijas de la Caridad rezar\u00e1n con \u00e9l.[\/vc_column_text][\/vc_column][\/vc_row]<\/p>\n","protected":false},"excerpt":{"rendered":"<p>[vc_row][vc_column][vc_column_text]Durante su pr\u00f3xima visita a Chile Papa Francisco visitar\u00e1 Iquique, ciudad al norte del pa\u00eds donde se cuenta con una<\/p>\n","protected":false},"author":1,"featured_media":116659,"comment_status":"open","ping_status":"open","sticky":false,"template":"","format":"standard","meta":{"_acf_changed":false,"_acn_coauthor_ids":[],"_acn_featured_article":false,"footnotes":""},"categories":[713],"tags":[],"country":[],"class_list":["post-116658","post","type-post","status-publish","format-standard","has-post-thumbnail","hentry","category-historias"],"acn_coauthors":[],"acf":[],"yoast_head":"<!-- This site is optimized with the Yoast SEO Premium plugin v27.5 (Yoast SEO v27.5) - https:\/\/yoast.com\/product\/yoast-seo-premium-wordpress\/ -->\n<title>Pisiga: Emigrantes en la frontera con Chile | ACN International<\/title>\n<meta name=\"robots\" content=\"index, follow, max-snippet:-1, max-image-preview:large, max-video-preview:-1\" \/>\n<link rel=\"canonical\" href=\"https:\/\/acninternational.org\/es\/pisiga-emigrantes-en-la-frontera-con-chile\/\" \/>\n<meta property=\"og:locale\" content=\"es_ES\" \/>\n<meta property=\"og:type\" content=\"article\" \/>\n<meta property=\"og:title\" content=\"Pisiga: Emigrantes en la frontera con Chile\" \/>\n<meta property=\"og:description\" content=\"[vc_row][vc_column][vc_column_text]Durante su pr\u00f3xima visita a Chile Papa Francisco visitar\u00e1 Iquique, ciudad al norte del pa\u00eds donde se cuenta con una\" \/>\n<meta property=\"og:url\" content=\"https:\/\/acninternational.org\/es\/pisiga-emigrantes-en-la-frontera-con-chile\/\" \/>\n<meta property=\"og:site_name\" content=\"ACN International\" \/>\n<meta property=\"article:publisher\" content=\"https:\/\/www.facebook.com\/acninternationalorg\" \/>\n<meta property=\"article:published_time\" content=\"2018-01-15T23:00:00+00:00\" \/>\n<meta property=\"og:image\" content=\"https:\/\/media.acninternational.org\/wp-content\/uploads\/2019\/11\/Pisiga-Emigrantes-en-la-frontera-con-Chile-image.jpg\" \/>\n\t<meta property=\"og:image:width\" content=\"1980\" \/>\n\t<meta property=\"og:image:height\" content=\"800\" \/>\n\t<meta property=\"og:image:type\" content=\"image\/jpeg\" \/>\n<meta name=\"author\" content=\"admin_acn\" \/>\n<meta name=\"twitter:card\" content=\"summary_large_image\" \/>\n<meta name=\"twitter:creator\" content=\"@acn_int\" \/>\n<meta name=\"twitter:site\" content=\"@acn_int\" \/>\n<meta name=\"twitter:label1\" content=\"Escrito por\" \/>\n\t<meta name=\"twitter:data1\" content=\"admin_acn\" \/>\n\t<meta name=\"twitter:label2\" content=\"Tiempo de lectura\" \/>\n\t<meta name=\"twitter:data2\" content=\"5 minutos\" \/>\n<script type=\"application\/ld+json\" class=\"yoast-schema-graph\">{\"@context\":\"https:\\\/\\\/schema.org\",\"@graph\":[{\"@type\":\"Article\",\"@id\":\"https:\\\/\\\/acninternational.org\\\/es\\\/pisiga-emigrantes-en-la-frontera-con-chile\\\/#article\",\"isPartOf\":{\"@id\":\"https:\\\/\\\/acninternational.org\\\/es\\\/pisiga-emigrantes-en-la-frontera-con-chile\\\/\"},\"author\":{\"name\":\"admin_acn\",\"@id\":\"https:\\\/\\\/acninternational.org\\\/es\\\/#\\\/schema\\\/person\\\/5a7468d38fb12b1976b6eeda95c21ebc\"},\"headline\":\"Pisiga: Emigrantes en la frontera con Chile\",\"datePublished\":\"2018-01-15T23:00:00+00:00\",\"mainEntityOfPage\":{\"@id\":\"https:\\\/\\\/acninternational.org\\\/es\\\/pisiga-emigrantes-en-la-frontera-con-chile\\\/\"},\"wordCount\":1023,\"commentCount\":0,\"publisher\":{\"@id\":\"https:\\\/\\\/acninternational.org\\\/es\\\/#organization\"},\"image\":{\"@id\":\"https:\\\/\\\/acninternational.org\\\/es\\\/pisiga-emigrantes-en-la-frontera-con-chile\\\/#primaryimage\"},\"thumbnailUrl\":\"https:\\\/\\\/media.acninternational.org\\\/wp-content\\\/uploads\\\/2019\\\/11\\\/Pisiga-Emigrantes-en-la-frontera-con-Chile-image.jpg\",\"articleSection\":[\"HISTORIAS\"],\"inLanguage\":\"es\",\"potentialAction\":[{\"@type\":\"CommentAction\",\"name\":\"Comment\",\"target\":[\"https:\\\/\\\/acninternational.org\\\/es\\\/pisiga-emigrantes-en-la-frontera-con-chile\\\/#respond\"]}]},{\"@type\":\"WebPage\",\"@id\":\"https:\\\/\\\/acninternational.org\\\/es\\\/pisiga-emigrantes-en-la-frontera-con-chile\\\/\",\"url\":\"https:\\\/\\\/acninternational.org\\\/es\\\/pisiga-emigrantes-en-la-frontera-con-chile\\\/\",\"name\":\"Pisiga: Emigrantes en la frontera con Chile | ACN International\",\"isPartOf\":{\"@id\":\"https:\\\/\\\/acninternational.org\\\/es\\\/#website\"},\"primaryImageOfPage\":{\"@id\":\"https:\\\/\\\/acninternational.org\\\/es\\\/pisiga-emigrantes-en-la-frontera-con-chile\\\/#primaryimage\"},\"image\":{\"@id\":\"https:\\\/\\\/acninternational.org\\\/es\\\/pisiga-emigrantes-en-la-frontera-con-chile\\\/#primaryimage\"},\"thumbnailUrl\":\"https:\\\/\\\/media.acninternational.org\\\/wp-content\\\/uploads\\\/2019\\\/11\\\/Pisiga-Emigrantes-en-la-frontera-con-Chile-image.jpg\",\"datePublished\":\"2018-01-15T23:00:00+00:00\",\"breadcrumb\":{\"@id\":\"https:\\\/\\\/acninternational.org\\\/es\\\/pisiga-emigrantes-en-la-frontera-con-chile\\\/#breadcrumb\"},\"inLanguage\":\"es\",\"potentialAction\":[{\"@type\":\"ReadAction\",\"target\":[\"https:\\\/\\\/acninternational.org\\\/es\\\/pisiga-emigrantes-en-la-frontera-con-chile\\\/\"]}]},{\"@type\":\"ImageObject\",\"inLanguage\":\"es\",\"@id\":\"https:\\\/\\\/acninternational.org\\\/es\\\/pisiga-emigrantes-en-la-frontera-con-chile\\\/#primaryimage\",\"url\":\"https:\\\/\\\/media.acninternational.org\\\/wp-content\\\/uploads\\\/2019\\\/11\\\/Pisiga-Emigrantes-en-la-frontera-con-Chile-image.jpg\",\"contentUrl\":\"https:\\\/\\\/media.acninternational.org\\\/wp-content\\\/uploads\\\/2019\\\/11\\\/Pisiga-Emigrantes-en-la-frontera-con-Chile-image.jpg\",\"width\":1980,\"height\":800,\"caption\":\"Pisiga: Emigrantes en la frontera con Chile\"},{\"@type\":\"BreadcrumbList\",\"@id\":\"https:\\\/\\\/acninternational.org\\\/es\\\/pisiga-emigrantes-en-la-frontera-con-chile\\\/#breadcrumb\",\"itemListElement\":[{\"@type\":\"ListItem\",\"position\":1,\"name\":\"Home\",\"item\":\"https:\\\/\\\/acninternational.org\\\/es\\\/\"},{\"@type\":\"ListItem\",\"position\":2,\"name\":\"HISTORIAS\",\"item\":\"https:\\\/\\\/acninternational.org\\\/es\\\/category\\\/historias\\\/\"},{\"@type\":\"ListItem\",\"position\":3,\"name\":\"Pisiga: Emigrantes en la frontera con Chile\"}]},{\"@type\":\"WebSite\",\"@id\":\"https:\\\/\\\/acninternational.org\\\/es\\\/#website\",\"url\":\"https:\\\/\\\/acninternational.org\\\/es\\\/\",\"name\":\"ACN International\",\"description\":\"\",\"publisher\":{\"@id\":\"https:\\\/\\\/acninternational.org\\\/es\\\/#organization\"},\"potentialAction\":[{\"@type\":\"SearchAction\",\"target\":{\"@type\":\"EntryPoint\",\"urlTemplate\":\"https:\\\/\\\/acninternational.org\\\/es\\\/?s={search_term_string}\"},\"query-input\":{\"@type\":\"PropertyValueSpecification\",\"valueRequired\":true,\"valueName\":\"search_term_string\"}}],\"inLanguage\":\"es\"},{\"@type\":\"Organization\",\"@id\":\"https:\\\/\\\/acninternational.org\\\/es\\\/#organization\",\"name\":\"Aid to the Church in Need International\",\"url\":\"https:\\\/\\\/acninternational.org\\\/es\\\/\",\"logo\":{\"@type\":\"ImageObject\",\"inLanguage\":\"es\",\"@id\":\"https:\\\/\\\/acninternational.org\\\/es\\\/#\\\/schema\\\/logo\\\/image\\\/\",\"url\":\"https:\\\/\\\/media.acninternational.org\\\/wp-content\\\/uploads\\\/2019\\\/11\\\/acn_logo_blackvector.svg\",\"contentUrl\":\"https:\\\/\\\/media.acninternational.org\\\/wp-content\\\/uploads\\\/2019\\\/11\\\/acn_logo_blackvector.svg\",\"width\":232.6,\"height\":78,\"caption\":\"Aid to the Church in Need International\"},\"image\":{\"@id\":\"https:\\\/\\\/acninternational.org\\\/es\\\/#\\\/schema\\\/logo\\\/image\\\/\"},\"sameAs\":[\"https:\\\/\\\/www.facebook.com\\\/acninternationalorg\",\"https:\\\/\\\/x.com\\\/acn_int\",\"https:\\\/\\\/www.youtube.com\\\/channel\\\/UCQ-077gS0TnVzkhHmf1opZw\",\"https:\\\/\\\/www.instagram.com\\\/acn_international\\\/\"]},{\"@type\":\"Person\",\"@id\":\"https:\\\/\\\/acninternational.org\\\/es\\\/#\\\/schema\\\/person\\\/5a7468d38fb12b1976b6eeda95c21ebc\",\"name\":\"admin_acn\",\"url\":\"https:\\\/\\\/acninternational.org\\\/es\\\/author\\\/admin_acn\\\/\"}]}<\/script>\n<!-- \/ Yoast SEO Premium plugin. -->","yoast_head_json":{"title":"Pisiga: Emigrantes en la frontera con Chile | ACN International","robots":{"index":"index","follow":"follow","max-snippet":"max-snippet:-1","max-image-preview":"max-image-preview:large","max-video-preview":"max-video-preview:-1"},"canonical":"https:\/\/acninternational.org\/es\/pisiga-emigrantes-en-la-frontera-con-chile\/","og_locale":"es_ES","og_type":"article","og_title":"Pisiga: Emigrantes en la frontera con Chile","og_description":"[vc_row][vc_column][vc_column_text]Durante su pr\u00f3xima visita a Chile Papa Francisco visitar\u00e1 Iquique, ciudad al norte del pa\u00eds donde se cuenta con una","og_url":"https:\/\/acninternational.org\/es\/pisiga-emigrantes-en-la-frontera-con-chile\/","og_site_name":"ACN International","article_publisher":"https:\/\/www.facebook.com\/acninternationalorg","article_published_time":"2018-01-15T23:00:00+00:00","og_image":[{"width":1980,"height":800,"url":"https:\/\/media.acninternational.org\/wp-content\/uploads\/2019\/11\/Pisiga-Emigrantes-en-la-frontera-con-Chile-image.jpg","type":"image\/jpeg"}],"author":"admin_acn","twitter_card":"summary_large_image","twitter_creator":"@acn_int","twitter_site":"@acn_int","twitter_misc":{"Escrito por":"admin_acn","Tiempo de lectura":"5 minutos"},"schema":{"@context":"https:\/\/schema.org","@graph":[{"@type":"Article","@id":"https:\/\/acninternational.org\/es\/pisiga-emigrantes-en-la-frontera-con-chile\/#article","isPartOf":{"@id":"https:\/\/acninternational.org\/es\/pisiga-emigrantes-en-la-frontera-con-chile\/"},"author":{"name":"admin_acn","@id":"https:\/\/acninternational.org\/es\/#\/schema\/person\/5a7468d38fb12b1976b6eeda95c21ebc"},"headline":"Pisiga: Emigrantes en la frontera con Chile","datePublished":"2018-01-15T23:00:00+00:00","mainEntityOfPage":{"@id":"https:\/\/acninternational.org\/es\/pisiga-emigrantes-en-la-frontera-con-chile\/"},"wordCount":1023,"commentCount":0,"publisher":{"@id":"https:\/\/acninternational.org\/es\/#organization"},"image":{"@id":"https:\/\/acninternational.org\/es\/pisiga-emigrantes-en-la-frontera-con-chile\/#primaryimage"},"thumbnailUrl":"https:\/\/media.acninternational.org\/wp-content\/uploads\/2019\/11\/Pisiga-Emigrantes-en-la-frontera-con-Chile-image.jpg","articleSection":["HISTORIAS"],"inLanguage":"es","potentialAction":[{"@type":"CommentAction","name":"Comment","target":["https:\/\/acninternational.org\/es\/pisiga-emigrantes-en-la-frontera-con-chile\/#respond"]}]},{"@type":"WebPage","@id":"https:\/\/acninternational.org\/es\/pisiga-emigrantes-en-la-frontera-con-chile\/","url":"https:\/\/acninternational.org\/es\/pisiga-emigrantes-en-la-frontera-con-chile\/","name":"Pisiga: Emigrantes en la frontera con Chile | ACN International","isPartOf":{"@id":"https:\/\/acninternational.org\/es\/#website"},"primaryImageOfPage":{"@id":"https:\/\/acninternational.org\/es\/pisiga-emigrantes-en-la-frontera-con-chile\/#primaryimage"},"image":{"@id":"https:\/\/acninternational.org\/es\/pisiga-emigrantes-en-la-frontera-con-chile\/#primaryimage"},"thumbnailUrl":"https:\/\/media.acninternational.org\/wp-content\/uploads\/2019\/11\/Pisiga-Emigrantes-en-la-frontera-con-Chile-image.jpg","datePublished":"2018-01-15T23:00:00+00:00","breadcrumb":{"@id":"https:\/\/acninternational.org\/es\/pisiga-emigrantes-en-la-frontera-con-chile\/#breadcrumb"},"inLanguage":"es","potentialAction":[{"@type":"ReadAction","target":["https:\/\/acninternational.org\/es\/pisiga-emigrantes-en-la-frontera-con-chile\/"]}]},{"@type":"ImageObject","inLanguage":"es","@id":"https:\/\/acninternational.org\/es\/pisiga-emigrantes-en-la-frontera-con-chile\/#primaryimage","url":"https:\/\/media.acninternational.org\/wp-content\/uploads\/2019\/11\/Pisiga-Emigrantes-en-la-frontera-con-Chile-image.jpg","contentUrl":"https:\/\/media.acninternational.org\/wp-content\/uploads\/2019\/11\/Pisiga-Emigrantes-en-la-frontera-con-Chile-image.jpg","width":1980,"height":800,"caption":"Pisiga: Emigrantes en la frontera con Chile"},{"@type":"BreadcrumbList","@id":"https:\/\/acninternational.org\/es\/pisiga-emigrantes-en-la-frontera-con-chile\/#breadcrumb","itemListElement":[{"@type":"ListItem","position":1,"name":"Home","item":"https:\/\/acninternational.org\/es\/"},{"@type":"ListItem","position":2,"name":"HISTORIAS","item":"https:\/\/acninternational.org\/es\/category\/historias\/"},{"@type":"ListItem","position":3,"name":"Pisiga: Emigrantes en la frontera con Chile"}]},{"@type":"WebSite","@id":"https:\/\/acninternational.org\/es\/#website","url":"https:\/\/acninternational.org\/es\/","name":"ACN International","description":"","publisher":{"@id":"https:\/\/acninternational.org\/es\/#organization"},"potentialAction":[{"@type":"SearchAction","target":{"@type":"EntryPoint","urlTemplate":"https:\/\/acninternational.org\/es\/?s={search_term_string}"},"query-input":{"@type":"PropertyValueSpecification","valueRequired":true,"valueName":"search_term_string"}}],"inLanguage":"es"},{"@type":"Organization","@id":"https:\/\/acninternational.org\/es\/#organization","name":"Aid to the Church in Need International","url":"https:\/\/acninternational.org\/es\/","logo":{"@type":"ImageObject","inLanguage":"es","@id":"https:\/\/acninternational.org\/es\/#\/schema\/logo\/image\/","url":"https:\/\/media.acninternational.org\/wp-content\/uploads\/2019\/11\/acn_logo_blackvector.svg","contentUrl":"https:\/\/media.acninternational.org\/wp-content\/uploads\/2019\/11\/acn_logo_blackvector.svg","width":232.6,"height":78,"caption":"Aid to the Church in Need International"},"image":{"@id":"https:\/\/acninternational.org\/es\/#\/schema\/logo\/image\/"},"sameAs":["https:\/\/www.facebook.com\/acninternationalorg","https:\/\/x.com\/acn_int","https:\/\/www.youtube.com\/channel\/UCQ-077gS0TnVzkhHmf1opZw","https:\/\/www.instagram.com\/acn_international\/"]},{"@type":"Person","@id":"https:\/\/acninternational.org\/es\/#\/schema\/person\/5a7468d38fb12b1976b6eeda95c21ebc","name":"admin_acn","url":"https:\/\/acninternational.org\/es\/author\/admin_acn\/"}]}},"_links":{"self":[{"href":"https:\/\/acninternational.org\/es\/wp-json\/wp\/v2\/posts\/116658","targetHints":{"allow":["GET"]}}],"collection":[{"href":"https:\/\/acninternational.org\/es\/wp-json\/wp\/v2\/posts"}],"about":[{"href":"https:\/\/acninternational.org\/es\/wp-json\/wp\/v2\/types\/post"}],"author":[{"embeddable":true,"href":"https:\/\/acninternational.org\/es\/wp-json\/wp\/v2\/users\/1"}],"replies":[{"embeddable":true,"href":"https:\/\/acninternational.org\/es\/wp-json\/wp\/v2\/comments?post=116658"}],"version-history":[{"count":0,"href":"https:\/\/acninternational.org\/es\/wp-json\/wp\/v2\/posts\/116658\/revisions"}],"wp:featuredmedia":[{"embeddable":true,"href":"https:\/\/acninternational.org\/es\/wp-json\/wp\/v2\/media\/116659"}],"wp:attachment":[{"href":"https:\/\/acninternational.org\/es\/wp-json\/wp\/v2\/media?parent=116658"}],"wp:term":[{"taxonomy":"category","embeddable":true,"href":"https:\/\/acninternational.org\/es\/wp-json\/wp\/v2\/categories?post=116658"},{"taxonomy":"post_tag","embeddable":true,"href":"https:\/\/acninternational.org\/es\/wp-json\/wp\/v2\/tags?post=116658"},{"taxonomy":"country","embeddable":true,"href":"https:\/\/acninternational.org\/es\/wp-json\/wp\/v2\/country?post=116658"}],"curies":[{"name":"wp","href":"https:\/\/api.w.org\/{rel}","templated":true}]}}