{"id":116583,"date":"2018-01-09T00:00:00","date_gmt":"2018-01-08T23:00:00","guid":{"rendered":"https:\/\/acninternational.org\/un-gesto-de-reconciliacion-de-jovenes-musulmanes-con-cristianos-del-norte-de-irak\/"},"modified":"2018-01-09T00:00:00","modified_gmt":"2018-01-08T23:00:00","slug":"un-gesto-de-reconciliacion-de-jovenes-musulmanes-con-cristianos-del-norte-de-irak","status":"publish","type":"post","link":"https:\/\/acninternational.org\/es\/un-gesto-de-reconciliacion-de-jovenes-musulmanes-con-cristianos-del-norte-de-irak\/","title":{"rendered":"Un gesto de reconciliaci\u00f3n de j\u00f3venes musulmanes con cristianos del norte de Irak"},"content":{"rendered":"<p>[vc_row][vc_column][vc_column_text]En la segunda ciudad en poblaci\u00f3n de Irak, Mosul, situada al norte del pa\u00eds, han vuelto a repicar las campanas con ocasi\u00f3n de la Navidad. Esta melod\u00eda, antes tan familiar, hab\u00eda dejado de o\u00edrse durante los \u00faltimos cuatro a\u00f1os. Aqu\u00ed, los cristianos pudieron celebrar en la iglesia de Mar Boulous (San Pablo), en el distrito de Al Mundshen de Mosul, la primera Misa despu\u00e9s de la guerra. Justo antes de Navidad les hab\u00edan puesto dificultades para limpiar la iglesia; pero, entonces, j\u00f3venes musulmanes tomaron la iniciativa; tambi\u00e9n volvieron a levantar las cruces e invitaron a los cristianos, como signo de reconciliaci\u00f3n, a celebrar la Navidad en Mosul.<\/p>\n<p>Altos representantes de las Iglesias locales celebraron esta especial Misa del Gallo en Mosul especialmente para las 400 familias desplazadas. La celebraci\u00f3n estuvo encabezada por el Patriarca Louis Raphael I Sako y el Obispo de Babilonia Shlemun Warduni (ambos caldeos), el Arzobispo siro-cat\u00f3lico de Mosul, Mons. Youhanna Boutros Moshe, as\u00ed como el Metropolita siro-ortodoxo Nicodemus Daoud Matti Sharaf. Entre los invitados de honor estuvieron tambi\u00e9n los presidentes de las universidades de Mosul y N\u00ednive.<\/p>\n<p>La mayor\u00eda de los desplazados cristianos siguen viviendo actualmente en el campo de desplazados de Erbil. Seg\u00fan el Patriarka Sako, entretanto se han decidido las primeras 60 familias a retornar a Mosul, y actualmente est\u00e1n all\u00ed. \u201cLos esfuerzos de las Iglesias de construir la convivencia de las personas sobre una base m\u00e1s pac\u00edfica, est\u00e1n dando as\u00ed sus frutos\u201d, asegura Andrzej Halemba, el jefe de la Secci\u00f3n de Oriente Pr\u00f3ximo de la fundaci\u00f3n pontificia internacional <em>Ayuda a la Iglesia Necesitada<\/em> (ACN).<\/p>\n<p>\u00abEsperemos que la luz de Jes\u00fas brille en sus corazones y que ilumine nuestro mundo herido\u00bb, dijo el padre dominico Najeeb Michaeel, quien particip\u00f3 de esta especial Misa del Gallo, punto culminante de los \u00faltimos tiempos.<\/p>\n<p>En 2003 viv\u00edan en Irak aproximadamente 1,3 millones cristianos; supon\u00edan entonces un ocho por ciento de la poblaci\u00f3n. Hoy en d\u00eda, su n\u00famero ha descendido a 250.000, por lo que son menos de un uno por ciento, seg\u00fan constata la fundaci\u00f3n pontificia internacional <em>Ayuda a la Iglesia Necesitada<\/em> (ACN). En Mosul \u00faltimamente no hab\u00eda cristianos, pues huyeron de los terroristas del EI, refugi\u00e1ndose en la regi\u00f3n kurda al noreste de Irak, en la ciudad de Erbil.<\/p>\n<p>La Fundaci\u00f3n Pontificia ACN apoya el regreso de los cristianos a sus lugares de origen en Irak. Con el lema \u00abRegreso a las ra\u00edces\u00bb, ACN participa en los amplios trabajos de reconstrucci\u00f3n de casas y edificios de la Iglesia en la llanura de N\u00ednive, no lejos de la ciudad de Mosul. Con unos primeros \u00e9xitos: ya ha regresado a la llanura de N\u00ednive un tercio de los refugiados cristianos en el propio pa\u00eds. Con la acci\u00f3n navide\u00f1a, ACN hace un llamamiento a nuevos donativos para el regreso de los cristianos iraqu\u00edes a sus casas.[\/vc_column_text][\/vc_column][\/vc_row]<\/p>\n","protected":false},"excerpt":{"rendered":"<p>[vc_row][vc_column][vc_column_text]En la segunda ciudad en poblaci\u00f3n de Irak, Mosul, situada al norte del pa\u00eds, han vuelto a repicar las campanas<\/p>\n","protected":false},"author":1,"featured_media":116584,"comment_status":"open","ping_status":"open","sticky":false,"template":"","format":"standard","meta":{"_acf_changed":false,"_acn_coauthor_ids":[],"_acn_featured_article":false,"footnotes":""},"categories":[713,746],"tags":[],"country":[386],"class_list":["post-116583","post","type-post","status-publish","format-standard","has-post-thumbnail","hentry","category-historias","category-noticias","country-irak"],"acn_coauthors":[],"acf":[],"yoast_head":"<!-- This site is optimized with the Yoast SEO Premium plugin v27.5 (Yoast SEO v27.5) - https:\/\/yoast.com\/product\/yoast-seo-premium-wordpress\/ -->\n<title>Un gesto de reconciliaci\u00f3n de j\u00f3venes musulmanes con cristianos del norte de Irak | ACN International<\/title>\n<meta name=\"robots\" content=\"index, follow, max-snippet:-1, max-image-preview:large, max-video-preview:-1\" \/>\n<link rel=\"canonical\" href=\"https:\/\/acninternational.org\/es\/un-gesto-de-reconciliacion-de-jovenes-musulmanes-con-cristianos-del-norte-de-irak\/\" \/>\n<meta property=\"og:locale\" content=\"es_ES\" \/>\n<meta property=\"og:type\" content=\"article\" \/>\n<meta property=\"og:title\" content=\"Un gesto de reconciliaci\u00f3n de j\u00f3venes musulmanes con cristianos del norte de Irak\" \/>\n<meta property=\"og:description\" content=\"[vc_row][vc_column][vc_column_text]En la segunda ciudad en poblaci\u00f3n de Irak, Mosul, situada al norte del pa\u00eds, han vuelto a repicar las campanas\" \/>\n<meta property=\"og:url\" content=\"https:\/\/acninternational.org\/es\/un-gesto-de-reconciliacion-de-jovenes-musulmanes-con-cristianos-del-norte-de-irak\/\" \/>\n<meta property=\"og:site_name\" content=\"ACN International\" \/>\n<meta property=\"article:publisher\" content=\"https:\/\/www.facebook.com\/acninternationalorg\" \/>\n<meta property=\"article:published_time\" content=\"2018-01-08T23:00:00+00:00\" \/>\n<meta property=\"og:image\" content=\"https:\/\/media.acninternational.org\/wp-content\/uploads\/2019\/11\/Un-gesto-de-reconciliaci%C3%B3n-de-j%C3%B3venes-musulmanes-con-cristianos-del-norte-de-Irak-image.jpg\" \/>\n\t<meta property=\"og:image:width\" content=\"1980\" \/>\n\t<meta property=\"og:image:height\" content=\"800\" \/>\n\t<meta property=\"og:image:type\" content=\"image\/jpeg\" \/>\n<meta name=\"author\" content=\"admin_acn\" \/>\n<meta name=\"twitter:card\" content=\"summary_large_image\" \/>\n<meta name=\"twitter:creator\" content=\"@acn_int\" \/>\n<meta name=\"twitter:site\" content=\"@acn_int\" \/>\n<meta name=\"twitter:label1\" content=\"Escrito por\" \/>\n\t<meta name=\"twitter:data1\" content=\"admin_acn\" \/>\n\t<meta name=\"twitter:label2\" content=\"Tiempo de lectura\" \/>\n\t<meta name=\"twitter:data2\" content=\"3 minutos\" \/>\n<script type=\"application\/ld+json\" class=\"yoast-schema-graph\">{\"@context\":\"https:\\\/\\\/schema.org\",\"@graph\":[{\"@type\":\"Article\",\"@id\":\"https:\\\/\\\/acninternational.org\\\/es\\\/un-gesto-de-reconciliacion-de-jovenes-musulmanes-con-cristianos-del-norte-de-irak\\\/#article\",\"isPartOf\":{\"@id\":\"https:\\\/\\\/acninternational.org\\\/es\\\/un-gesto-de-reconciliacion-de-jovenes-musulmanes-con-cristianos-del-norte-de-irak\\\/\"},\"author\":{\"name\":\"admin_acn\",\"@id\":\"https:\\\/\\\/acninternational.org\\\/es\\\/#\\\/schema\\\/person\\\/5a7468d38fb12b1976b6eeda95c21ebc\"},\"headline\":\"Un gesto de reconciliaci\u00f3n de j\u00f3venes musulmanes con cristianos del norte de Irak\",\"datePublished\":\"2018-01-08T23:00:00+00:00\",\"mainEntityOfPage\":{\"@id\":\"https:\\\/\\\/acninternational.org\\\/es\\\/un-gesto-de-reconciliacion-de-jovenes-musulmanes-con-cristianos-del-norte-de-irak\\\/\"},\"wordCount\":536,\"commentCount\":0,\"publisher\":{\"@id\":\"https:\\\/\\\/acninternational.org\\\/es\\\/#organization\"},\"image\":{\"@id\":\"https:\\\/\\\/acninternational.org\\\/es\\\/un-gesto-de-reconciliacion-de-jovenes-musulmanes-con-cristianos-del-norte-de-irak\\\/#primaryimage\"},\"thumbnailUrl\":\"https:\\\/\\\/media.acninternational.org\\\/wp-content\\\/uploads\\\/2019\\\/11\\\/Un-gesto-de-reconciliaci%C3%B3n-de-j%C3%B3venes-musulmanes-con-cristianos-del-norte-de-Irak-image.jpg\",\"articleSection\":[\"HISTORIAS\",\"NOTICIAS\"],\"inLanguage\":\"es\",\"potentialAction\":[{\"@type\":\"CommentAction\",\"name\":\"Comment\",\"target\":[\"https:\\\/\\\/acninternational.org\\\/es\\\/un-gesto-de-reconciliacion-de-jovenes-musulmanes-con-cristianos-del-norte-de-irak\\\/#respond\"]}]},{\"@type\":\"WebPage\",\"@id\":\"https:\\\/\\\/acninternational.org\\\/es\\\/un-gesto-de-reconciliacion-de-jovenes-musulmanes-con-cristianos-del-norte-de-irak\\\/\",\"url\":\"https:\\\/\\\/acninternational.org\\\/es\\\/un-gesto-de-reconciliacion-de-jovenes-musulmanes-con-cristianos-del-norte-de-irak\\\/\",\"name\":\"Un gesto de reconciliaci\u00f3n de j\u00f3venes musulmanes con cristianos del norte de Irak | ACN International\",\"isPartOf\":{\"@id\":\"https:\\\/\\\/acninternational.org\\\/es\\\/#website\"},\"primaryImageOfPage\":{\"@id\":\"https:\\\/\\\/acninternational.org\\\/es\\\/un-gesto-de-reconciliacion-de-jovenes-musulmanes-con-cristianos-del-norte-de-irak\\\/#primaryimage\"},\"image\":{\"@id\":\"https:\\\/\\\/acninternational.org\\\/es\\\/un-gesto-de-reconciliacion-de-jovenes-musulmanes-con-cristianos-del-norte-de-irak\\\/#primaryimage\"},\"thumbnailUrl\":\"https:\\\/\\\/media.acninternational.org\\\/wp-content\\\/uploads\\\/2019\\\/11\\\/Un-gesto-de-reconciliaci%C3%B3n-de-j%C3%B3venes-musulmanes-con-cristianos-del-norte-de-Irak-image.jpg\",\"datePublished\":\"2018-01-08T23:00:00+00:00\",\"breadcrumb\":{\"@id\":\"https:\\\/\\\/acninternational.org\\\/es\\\/un-gesto-de-reconciliacion-de-jovenes-musulmanes-con-cristianos-del-norte-de-irak\\\/#breadcrumb\"},\"inLanguage\":\"es\",\"potentialAction\":[{\"@type\":\"ReadAction\",\"target\":[\"https:\\\/\\\/acninternational.org\\\/es\\\/un-gesto-de-reconciliacion-de-jovenes-musulmanes-con-cristianos-del-norte-de-irak\\\/\"]}]},{\"@type\":\"ImageObject\",\"inLanguage\":\"es\",\"@id\":\"https:\\\/\\\/acninternational.org\\\/es\\\/un-gesto-de-reconciliacion-de-jovenes-musulmanes-con-cristianos-del-norte-de-irak\\\/#primaryimage\",\"url\":\"https:\\\/\\\/media.acninternational.org\\\/wp-content\\\/uploads\\\/2019\\\/11\\\/Un-gesto-de-reconciliaci%C3%B3n-de-j%C3%B3venes-musulmanes-con-cristianos-del-norte-de-Irak-image.jpg\",\"contentUrl\":\"https:\\\/\\\/media.acninternational.org\\\/wp-content\\\/uploads\\\/2019\\\/11\\\/Un-gesto-de-reconciliaci%C3%B3n-de-j%C3%B3venes-musulmanes-con-cristianos-del-norte-de-Irak-image.jpg\",\"width\":1980,\"height\":800,\"caption\":\"Un gesto de reconciliaci\u00f3n de j\u00f3venes musulmanes con cristianos del norte de Irak\"},{\"@type\":\"BreadcrumbList\",\"@id\":\"https:\\\/\\\/acninternational.org\\\/es\\\/un-gesto-de-reconciliacion-de-jovenes-musulmanes-con-cristianos-del-norte-de-irak\\\/#breadcrumb\",\"itemListElement\":[{\"@type\":\"ListItem\",\"position\":1,\"name\":\"Home\",\"item\":\"https:\\\/\\\/acninternational.org\\\/es\\\/\"},{\"@type\":\"ListItem\",\"position\":2,\"name\":\"HISTORIAS\",\"item\":\"https:\\\/\\\/acninternational.org\\\/es\\\/category\\\/historias\\\/\"},{\"@type\":\"ListItem\",\"position\":3,\"name\":\"Un gesto de reconciliaci\u00f3n de j\u00f3venes musulmanes con cristianos del norte de Irak\"}]},{\"@type\":\"WebSite\",\"@id\":\"https:\\\/\\\/acninternational.org\\\/es\\\/#website\",\"url\":\"https:\\\/\\\/acninternational.org\\\/es\\\/\",\"name\":\"ACN International\",\"description\":\"\",\"publisher\":{\"@id\":\"https:\\\/\\\/acninternational.org\\\/es\\\/#organization\"},\"potentialAction\":[{\"@type\":\"SearchAction\",\"target\":{\"@type\":\"EntryPoint\",\"urlTemplate\":\"https:\\\/\\\/acninternational.org\\\/es\\\/?s={search_term_string}\"},\"query-input\":{\"@type\":\"PropertyValueSpecification\",\"valueRequired\":true,\"valueName\":\"search_term_string\"}}],\"inLanguage\":\"es\"},{\"@type\":\"Organization\",\"@id\":\"https:\\\/\\\/acninternational.org\\\/es\\\/#organization\",\"name\":\"Aid to the Church in Need International\",\"url\":\"https:\\\/\\\/acninternational.org\\\/es\\\/\",\"logo\":{\"@type\":\"ImageObject\",\"inLanguage\":\"es\",\"@id\":\"https:\\\/\\\/acninternational.org\\\/es\\\/#\\\/schema\\\/logo\\\/image\\\/\",\"url\":\"https:\\\/\\\/media.acninternational.org\\\/wp-content\\\/uploads\\\/2019\\\/11\\\/acn_logo_blackvector.svg\",\"contentUrl\":\"https:\\\/\\\/media.acninternational.org\\\/wp-content\\\/uploads\\\/2019\\\/11\\\/acn_logo_blackvector.svg\",\"width\":232.6,\"height\":78,\"caption\":\"Aid to the Church in Need International\"},\"image\":{\"@id\":\"https:\\\/\\\/acninternational.org\\\/es\\\/#\\\/schema\\\/logo\\\/image\\\/\"},\"sameAs\":[\"https:\\\/\\\/www.facebook.com\\\/acninternationalorg\",\"https:\\\/\\\/x.com\\\/acn_int\",\"https:\\\/\\\/www.youtube.com\\\/channel\\\/UCQ-077gS0TnVzkhHmf1opZw\",\"https:\\\/\\\/www.instagram.com\\\/acn_international\\\/\"]},{\"@type\":\"Person\",\"@id\":\"https:\\\/\\\/acninternational.org\\\/es\\\/#\\\/schema\\\/person\\\/5a7468d38fb12b1976b6eeda95c21ebc\",\"name\":\"admin_acn\",\"url\":\"https:\\\/\\\/acninternational.org\\\/es\\\/author\\\/admin_acn\\\/\"}]}<\/script>\n<!-- \/ Yoast SEO Premium plugin. -->","yoast_head_json":{"title":"Un gesto de reconciliaci\u00f3n de j\u00f3venes musulmanes con cristianos del norte de Irak | ACN International","robots":{"index":"index","follow":"follow","max-snippet":"max-snippet:-1","max-image-preview":"max-image-preview:large","max-video-preview":"max-video-preview:-1"},"canonical":"https:\/\/acninternational.org\/es\/un-gesto-de-reconciliacion-de-jovenes-musulmanes-con-cristianos-del-norte-de-irak\/","og_locale":"es_ES","og_type":"article","og_title":"Un gesto de reconciliaci\u00f3n de j\u00f3venes musulmanes con cristianos del norte de Irak","og_description":"[vc_row][vc_column][vc_column_text]En la segunda ciudad en poblaci\u00f3n de Irak, Mosul, situada al norte del pa\u00eds, han vuelto a repicar las campanas","og_url":"https:\/\/acninternational.org\/es\/un-gesto-de-reconciliacion-de-jovenes-musulmanes-con-cristianos-del-norte-de-irak\/","og_site_name":"ACN International","article_publisher":"https:\/\/www.facebook.com\/acninternationalorg","article_published_time":"2018-01-08T23:00:00+00:00","og_image":[{"width":1980,"height":800,"url":"https:\/\/media.acninternational.org\/wp-content\/uploads\/2019\/11\/Un-gesto-de-reconciliaci%C3%B3n-de-j%C3%B3venes-musulmanes-con-cristianos-del-norte-de-Irak-image.jpg","type":"image\/jpeg"}],"author":"admin_acn","twitter_card":"summary_large_image","twitter_creator":"@acn_int","twitter_site":"@acn_int","twitter_misc":{"Escrito por":"admin_acn","Tiempo de lectura":"3 minutos"},"schema":{"@context":"https:\/\/schema.org","@graph":[{"@type":"Article","@id":"https:\/\/acninternational.org\/es\/un-gesto-de-reconciliacion-de-jovenes-musulmanes-con-cristianos-del-norte-de-irak\/#article","isPartOf":{"@id":"https:\/\/acninternational.org\/es\/un-gesto-de-reconciliacion-de-jovenes-musulmanes-con-cristianos-del-norte-de-irak\/"},"author":{"name":"admin_acn","@id":"https:\/\/acninternational.org\/es\/#\/schema\/person\/5a7468d38fb12b1976b6eeda95c21ebc"},"headline":"Un gesto de reconciliaci\u00f3n de j\u00f3venes musulmanes con cristianos del norte de Irak","datePublished":"2018-01-08T23:00:00+00:00","mainEntityOfPage":{"@id":"https:\/\/acninternational.org\/es\/un-gesto-de-reconciliacion-de-jovenes-musulmanes-con-cristianos-del-norte-de-irak\/"},"wordCount":536,"commentCount":0,"publisher":{"@id":"https:\/\/acninternational.org\/es\/#organization"},"image":{"@id":"https:\/\/acninternational.org\/es\/un-gesto-de-reconciliacion-de-jovenes-musulmanes-con-cristianos-del-norte-de-irak\/#primaryimage"},"thumbnailUrl":"https:\/\/media.acninternational.org\/wp-content\/uploads\/2019\/11\/Un-gesto-de-reconciliaci%C3%B3n-de-j%C3%B3venes-musulmanes-con-cristianos-del-norte-de-Irak-image.jpg","articleSection":["HISTORIAS","NOTICIAS"],"inLanguage":"es","potentialAction":[{"@type":"CommentAction","name":"Comment","target":["https:\/\/acninternational.org\/es\/un-gesto-de-reconciliacion-de-jovenes-musulmanes-con-cristianos-del-norte-de-irak\/#respond"]}]},{"@type":"WebPage","@id":"https:\/\/acninternational.org\/es\/un-gesto-de-reconciliacion-de-jovenes-musulmanes-con-cristianos-del-norte-de-irak\/","url":"https:\/\/acninternational.org\/es\/un-gesto-de-reconciliacion-de-jovenes-musulmanes-con-cristianos-del-norte-de-irak\/","name":"Un gesto de reconciliaci\u00f3n de j\u00f3venes musulmanes con cristianos del norte de Irak | ACN International","isPartOf":{"@id":"https:\/\/acninternational.org\/es\/#website"},"primaryImageOfPage":{"@id":"https:\/\/acninternational.org\/es\/un-gesto-de-reconciliacion-de-jovenes-musulmanes-con-cristianos-del-norte-de-irak\/#primaryimage"},"image":{"@id":"https:\/\/acninternational.org\/es\/un-gesto-de-reconciliacion-de-jovenes-musulmanes-con-cristianos-del-norte-de-irak\/#primaryimage"},"thumbnailUrl":"https:\/\/media.acninternational.org\/wp-content\/uploads\/2019\/11\/Un-gesto-de-reconciliaci%C3%B3n-de-j%C3%B3venes-musulmanes-con-cristianos-del-norte-de-Irak-image.jpg","datePublished":"2018-01-08T23:00:00+00:00","breadcrumb":{"@id":"https:\/\/acninternational.org\/es\/un-gesto-de-reconciliacion-de-jovenes-musulmanes-con-cristianos-del-norte-de-irak\/#breadcrumb"},"inLanguage":"es","potentialAction":[{"@type":"ReadAction","target":["https:\/\/acninternational.org\/es\/un-gesto-de-reconciliacion-de-jovenes-musulmanes-con-cristianos-del-norte-de-irak\/"]}]},{"@type":"ImageObject","inLanguage":"es","@id":"https:\/\/acninternational.org\/es\/un-gesto-de-reconciliacion-de-jovenes-musulmanes-con-cristianos-del-norte-de-irak\/#primaryimage","url":"https:\/\/media.acninternational.org\/wp-content\/uploads\/2019\/11\/Un-gesto-de-reconciliaci%C3%B3n-de-j%C3%B3venes-musulmanes-con-cristianos-del-norte-de-Irak-image.jpg","contentUrl":"https:\/\/media.acninternational.org\/wp-content\/uploads\/2019\/11\/Un-gesto-de-reconciliaci%C3%B3n-de-j%C3%B3venes-musulmanes-con-cristianos-del-norte-de-Irak-image.jpg","width":1980,"height":800,"caption":"Un gesto de reconciliaci\u00f3n de j\u00f3venes musulmanes con cristianos del norte de Irak"},{"@type":"BreadcrumbList","@id":"https:\/\/acninternational.org\/es\/un-gesto-de-reconciliacion-de-jovenes-musulmanes-con-cristianos-del-norte-de-irak\/#breadcrumb","itemListElement":[{"@type":"ListItem","position":1,"name":"Home","item":"https:\/\/acninternational.org\/es\/"},{"@type":"ListItem","position":2,"name":"HISTORIAS","item":"https:\/\/acninternational.org\/es\/category\/historias\/"},{"@type":"ListItem","position":3,"name":"Un gesto de reconciliaci\u00f3n de j\u00f3venes musulmanes con cristianos del norte de Irak"}]},{"@type":"WebSite","@id":"https:\/\/acninternational.org\/es\/#website","url":"https:\/\/acninternational.org\/es\/","name":"ACN International","description":"","publisher":{"@id":"https:\/\/acninternational.org\/es\/#organization"},"potentialAction":[{"@type":"SearchAction","target":{"@type":"EntryPoint","urlTemplate":"https:\/\/acninternational.org\/es\/?s={search_term_string}"},"query-input":{"@type":"PropertyValueSpecification","valueRequired":true,"valueName":"search_term_string"}}],"inLanguage":"es"},{"@type":"Organization","@id":"https:\/\/acninternational.org\/es\/#organization","name":"Aid to the Church in Need International","url":"https:\/\/acninternational.org\/es\/","logo":{"@type":"ImageObject","inLanguage":"es","@id":"https:\/\/acninternational.org\/es\/#\/schema\/logo\/image\/","url":"https:\/\/media.acninternational.org\/wp-content\/uploads\/2019\/11\/acn_logo_blackvector.svg","contentUrl":"https:\/\/media.acninternational.org\/wp-content\/uploads\/2019\/11\/acn_logo_blackvector.svg","width":232.6,"height":78,"caption":"Aid to the Church in Need International"},"image":{"@id":"https:\/\/acninternational.org\/es\/#\/schema\/logo\/image\/"},"sameAs":["https:\/\/www.facebook.com\/acninternationalorg","https:\/\/x.com\/acn_int","https:\/\/www.youtube.com\/channel\/UCQ-077gS0TnVzkhHmf1opZw","https:\/\/www.instagram.com\/acn_international\/"]},{"@type":"Person","@id":"https:\/\/acninternational.org\/es\/#\/schema\/person\/5a7468d38fb12b1976b6eeda95c21ebc","name":"admin_acn","url":"https:\/\/acninternational.org\/es\/author\/admin_acn\/"}]}},"_links":{"self":[{"href":"https:\/\/acninternational.org\/es\/wp-json\/wp\/v2\/posts\/116583","targetHints":{"allow":["GET"]}}],"collection":[{"href":"https:\/\/acninternational.org\/es\/wp-json\/wp\/v2\/posts"}],"about":[{"href":"https:\/\/acninternational.org\/es\/wp-json\/wp\/v2\/types\/post"}],"author":[{"embeddable":true,"href":"https:\/\/acninternational.org\/es\/wp-json\/wp\/v2\/users\/1"}],"replies":[{"embeddable":true,"href":"https:\/\/acninternational.org\/es\/wp-json\/wp\/v2\/comments?post=116583"}],"version-history":[{"count":0,"href":"https:\/\/acninternational.org\/es\/wp-json\/wp\/v2\/posts\/116583\/revisions"}],"wp:featuredmedia":[{"embeddable":true,"href":"https:\/\/acninternational.org\/es\/wp-json\/wp\/v2\/media\/116584"}],"wp:attachment":[{"href":"https:\/\/acninternational.org\/es\/wp-json\/wp\/v2\/media?parent=116583"}],"wp:term":[{"taxonomy":"category","embeddable":true,"href":"https:\/\/acninternational.org\/es\/wp-json\/wp\/v2\/categories?post=116583"},{"taxonomy":"post_tag","embeddable":true,"href":"https:\/\/acninternational.org\/es\/wp-json\/wp\/v2\/tags?post=116583"},{"taxonomy":"country","embeddable":true,"href":"https:\/\/acninternational.org\/es\/wp-json\/wp\/v2\/country?post=116583"}],"curies":[{"name":"wp","href":"https:\/\/api.w.org\/{rel}","templated":true}]}}