{"id":116478,"date":"2017-12-12T00:00:00","date_gmt":"2017-12-11T23:00:00","guid":{"rendered":"https:\/\/acninternational.org\/jerusalen-deberia-estar-al-final-de-estas-negociaciones-no-al-principio\/"},"modified":"2017-12-12T00:00:00","modified_gmt":"2017-12-11T23:00:00","slug":"jerusalen-deberia-estar-al-final-de-estas-negociaciones-no-al-principio","status":"publish","type":"post","link":"https:\/\/acninternational.org\/es\/jerusalen-deberia-estar-al-final-de-estas-negociaciones-no-al-principio\/","title":{"rendered":"\u00abJerusal\u00e9n deber\u00eda estar al final de estas negociaciones, no al principio\u00bb"},"content":{"rendered":"<p>[vc_row][vc_column][vc_column_text]<em>En el marco de una conferencia sobre cristianos perseguidos en Oriente Medio celebrada en el Parlamento Europeo en Bruselas el martes 5 de diciembre y coorganizada por ACN, Mark Riedemann aprovech\u00f3 la oportunidad para entrevistar al Arzobispo Pierbattista Pizzaballa, Administrador Apost\u00f3lico del Patriarcado Latino de Jerusal\u00e9n. En un gesto sin precedentes, el Presidente Donald Trump anunci\u00f3 el mi\u00e9rcoles 6 de diciembre que los Estados Unidos reconocer\u00e1n a Jerusal\u00e9n como la capital oficial de Israel. A continuaci\u00f3n se incluye un extracto de la entrevista televisiva realizada por la Red Cat\u00f3lica de TV y Radio (CRTN por sus siglas en ingl\u00e9s) sobre el estado de la negociaci\u00f3n entre israel\u00edes y palestinos y las posibles repercusiones de la decisi\u00f3n de Trump.<\/em><\/p>\n<p><strong>ACN: Las negociaciones entre israel\u00edes y palestinos est\u00e1n paralizadas. \u00bfCu\u00e1l es la visi\u00f3n o, m\u00e1s bien, cu\u00e1l es la falta de visi\u00f3n? \u00bfPor qu\u00e9 las cosas no avanzan?<\/strong><\/p>\n<p>La negociaci\u00f3n entre israel\u00edes y palestinos es muy frustrante. Los temas son muy claros: las fronteras, luego los refugiados y Jerusal\u00e9n. Si no hay acuerdo, no es porque no haya discusiones sobre estos temas porque creo que \u00e9ste es el asunto m\u00e1s discutido en todo el mundo en los \u00faltimos 50 a\u00f1os. Es s\u00f3lo porque no hay voluntad. &#8230; Los dos pueblos no est\u00e1n dispuestos a hacer concesiones. Te\u00f3ricamente s\u00ed, pero no en la realidad. Te\u00f3ricamente, es posible que est\u00e9n dispuestos a aceptar que tienen que transigir, pero no aceptan qu\u00e9 es lo que deben ceder, especialmente sobre Jerusal\u00e9n. Nadie est\u00e1 dispuesto a hacer concesiones con respecto a Jerusal\u00e9n. Esto es muy frustrante y nuestra gente est\u00e1 cansada de estas negociaciones y es muy triste porque ya no creen que estas negociaciones traer\u00e1n algo positivo despu\u00e9s de unas discusiones tan largas y tantos fracasos. No s\u00e9 cu\u00e1ntas intifadas, la violencia, las guerras&#8230; Pienso en Gaza, pero no s\u00f3lo &#8230; as\u00ed que la gente est\u00e1 cansada de todo esto y no cree. Es un c\u00edrculo vicioso porque si las personas no creen, los pol\u00edticos no se ven obligados a hacer nada.\u00bb<\/p>\n<p><strong>ACN: Tal y como usted ha mencionado, Jerusal\u00e9n es el asunto crucial. \u00bfPor qu\u00e9?<\/strong><\/p>\n<p>Jerusal\u00e9n es la ciudad santa para todos. Es el coraz\u00f3n de la vida de la fe. Si no se entiende eso en Oriente Medio, que tanto los pa\u00edses \u00e1rabes como Israel son religiosos, que el elemento religioso es parte de su identidad, no se entiende Oriente Medio. Y en esta identidad religiosa, Jerusal\u00e9n es central. Mientras la comunidad religiosa no tenga un enfoque inclusivo, ser\u00e1 casi imposible hacer concesiones con respecto a Jerusal\u00e9n.<\/p>\n<p><strong>ACN: \u00bfEl presidente Trump est\u00e1 reflexionando sobre la idea de que Jerusal\u00e9n sea reconocida como la capital de Israel?<\/strong><\/p>\n<p>Creo que esto crear\u00e1 un gran problema, una explosi\u00f3n en todos los pa\u00edses \u00e1rabes, especialmente en los pa\u00edses musulmanes. Jerusal\u00e9n deber\u00eda estar al final de estas negociaciones, no al principio. Y cualquier decisi\u00f3n unilateral crear\u00e1 m\u00e1s frustraci\u00f3n y enojo, y me temo que traer\u00e1 m\u00e1s violencia. No creo que sea sensanto hacerlo de esta manera.[\/vc_column_text][\/vc_column][\/vc_row]<\/p>\n","protected":false},"excerpt":{"rendered":"<p>[vc_row][vc_column][vc_column_text]En el marco de una conferencia sobre cristianos perseguidos en Oriente Medio celebrada en el Parlamento Europeo en Bruselas el<\/p>\n","protected":false},"author":1,"featured_media":116479,"comment_status":"open","ping_status":"open","sticky":false,"template":"","format":"standard","meta":{"_acf_changed":false,"_acn_coauthor_ids":[],"_acn_featured_article":false,"footnotes":""},"categories":[745],"tags":[],"country":[],"class_list":["post-116478","post","type-post","status-publish","format-standard","has-post-thumbnail","hentry","category-entrevistas"],"acn_coauthors":[],"acf":[],"yoast_head":"<!-- This site is optimized with the Yoast SEO Premium plugin v27.5 (Yoast SEO v27.5) - https:\/\/yoast.com\/product\/yoast-seo-premium-wordpress\/ -->\n<title>&quot;Jerusal\u00e9n deber\u00eda estar al final de estas negociaciones, no al principio&quot; | ACN International<\/title>\n<meta name=\"robots\" content=\"index, follow, max-snippet:-1, max-image-preview:large, max-video-preview:-1\" \/>\n<link rel=\"canonical\" href=\"https:\/\/acninternational.org\/es\/jerusalen-deberia-estar-al-final-de-estas-negociaciones-no-al-principio\/\" \/>\n<meta property=\"og:locale\" content=\"es_ES\" \/>\n<meta property=\"og:type\" content=\"article\" \/>\n<meta property=\"og:title\" content=\"&quot;Jerusal\u00e9n deber\u00eda estar al final de estas negociaciones, no al principio&quot;\" \/>\n<meta property=\"og:description\" content=\"[vc_row][vc_column][vc_column_text]En el marco de una conferencia sobre cristianos perseguidos en Oriente Medio celebrada en el Parlamento Europeo en Bruselas el\" \/>\n<meta property=\"og:url\" content=\"https:\/\/acninternational.org\/es\/jerusalen-deberia-estar-al-final-de-estas-negociaciones-no-al-principio\/\" \/>\n<meta property=\"og:site_name\" content=\"ACN International\" \/>\n<meta property=\"article:publisher\" content=\"https:\/\/www.facebook.com\/acninternationalorg\" \/>\n<meta property=\"article:published_time\" content=\"2017-12-11T23:00:00+00:00\" \/>\n<meta property=\"og:image\" content=\"https:\/\/media.acninternational.org\/wp-content\/uploads\/2019\/11\/Jerusal%C3%A9n-deber%C3%ADa-estar-al-final-de-estas-negociaciones-no-al-principio-image.jpg\" \/>\n\t<meta property=\"og:image:width\" content=\"1980\" \/>\n\t<meta property=\"og:image:height\" content=\"800\" \/>\n\t<meta property=\"og:image:type\" content=\"image\/jpeg\" \/>\n<meta name=\"author\" content=\"admin_acn\" \/>\n<meta name=\"twitter:card\" content=\"summary_large_image\" \/>\n<meta name=\"twitter:creator\" content=\"@acn_int\" \/>\n<meta name=\"twitter:site\" content=\"@acn_int\" \/>\n<meta name=\"twitter:label1\" content=\"Escrito por\" \/>\n\t<meta name=\"twitter:data1\" content=\"admin_acn\" \/>\n\t<meta name=\"twitter:label2\" content=\"Tiempo de lectura\" \/>\n\t<meta name=\"twitter:data2\" content=\"3 minutos\" \/>\n<script type=\"application\/ld+json\" class=\"yoast-schema-graph\">{\"@context\":\"https:\\\/\\\/schema.org\",\"@graph\":[{\"@type\":\"Article\",\"@id\":\"https:\\\/\\\/acninternational.org\\\/es\\\/jerusalen-deberia-estar-al-final-de-estas-negociaciones-no-al-principio\\\/#article\",\"isPartOf\":{\"@id\":\"https:\\\/\\\/acninternational.org\\\/es\\\/jerusalen-deberia-estar-al-final-de-estas-negociaciones-no-al-principio\\\/\"},\"author\":{\"name\":\"admin_acn\",\"@id\":\"https:\\\/\\\/acninternational.org\\\/es\\\/#\\\/schema\\\/person\\\/5a7468d38fb12b1976b6eeda95c21ebc\"},\"headline\":\"\u00abJerusal\u00e9n deber\u00eda estar al final de estas negociaciones, no al principio\u00bb\",\"datePublished\":\"2017-12-11T23:00:00+00:00\",\"mainEntityOfPage\":{\"@id\":\"https:\\\/\\\/acninternational.org\\\/es\\\/jerusalen-deberia-estar-al-final-de-estas-negociaciones-no-al-principio\\\/\"},\"wordCount\":571,\"commentCount\":0,\"publisher\":{\"@id\":\"https:\\\/\\\/acninternational.org\\\/es\\\/#organization\"},\"image\":{\"@id\":\"https:\\\/\\\/acninternational.org\\\/es\\\/jerusalen-deberia-estar-al-final-de-estas-negociaciones-no-al-principio\\\/#primaryimage\"},\"thumbnailUrl\":\"https:\\\/\\\/media.acninternational.org\\\/wp-content\\\/uploads\\\/2019\\\/11\\\/Jerusal%C3%A9n-deber%C3%ADa-estar-al-final-de-estas-negociaciones-no-al-principio-image.jpg\",\"articleSection\":[\"ENTREVISTAS\"],\"inLanguage\":\"es\",\"potentialAction\":[{\"@type\":\"CommentAction\",\"name\":\"Comment\",\"target\":[\"https:\\\/\\\/acninternational.org\\\/es\\\/jerusalen-deberia-estar-al-final-de-estas-negociaciones-no-al-principio\\\/#respond\"]}]},{\"@type\":\"WebPage\",\"@id\":\"https:\\\/\\\/acninternational.org\\\/es\\\/jerusalen-deberia-estar-al-final-de-estas-negociaciones-no-al-principio\\\/\",\"url\":\"https:\\\/\\\/acninternational.org\\\/es\\\/jerusalen-deberia-estar-al-final-de-estas-negociaciones-no-al-principio\\\/\",\"name\":\"\\\"Jerusal\u00e9n deber\u00eda estar al final de estas negociaciones, no al principio\\\" | ACN International\",\"isPartOf\":{\"@id\":\"https:\\\/\\\/acninternational.org\\\/es\\\/#website\"},\"primaryImageOfPage\":{\"@id\":\"https:\\\/\\\/acninternational.org\\\/es\\\/jerusalen-deberia-estar-al-final-de-estas-negociaciones-no-al-principio\\\/#primaryimage\"},\"image\":{\"@id\":\"https:\\\/\\\/acninternational.org\\\/es\\\/jerusalen-deberia-estar-al-final-de-estas-negociaciones-no-al-principio\\\/#primaryimage\"},\"thumbnailUrl\":\"https:\\\/\\\/media.acninternational.org\\\/wp-content\\\/uploads\\\/2019\\\/11\\\/Jerusal%C3%A9n-deber%C3%ADa-estar-al-final-de-estas-negociaciones-no-al-principio-image.jpg\",\"datePublished\":\"2017-12-11T23:00:00+00:00\",\"breadcrumb\":{\"@id\":\"https:\\\/\\\/acninternational.org\\\/es\\\/jerusalen-deberia-estar-al-final-de-estas-negociaciones-no-al-principio\\\/#breadcrumb\"},\"inLanguage\":\"es\",\"potentialAction\":[{\"@type\":\"ReadAction\",\"target\":[\"https:\\\/\\\/acninternational.org\\\/es\\\/jerusalen-deberia-estar-al-final-de-estas-negociaciones-no-al-principio\\\/\"]}]},{\"@type\":\"ImageObject\",\"inLanguage\":\"es\",\"@id\":\"https:\\\/\\\/acninternational.org\\\/es\\\/jerusalen-deberia-estar-al-final-de-estas-negociaciones-no-al-principio\\\/#primaryimage\",\"url\":\"https:\\\/\\\/media.acninternational.org\\\/wp-content\\\/uploads\\\/2019\\\/11\\\/Jerusal%C3%A9n-deber%C3%ADa-estar-al-final-de-estas-negociaciones-no-al-principio-image.jpg\",\"contentUrl\":\"https:\\\/\\\/media.acninternational.org\\\/wp-content\\\/uploads\\\/2019\\\/11\\\/Jerusal%C3%A9n-deber%C3%ADa-estar-al-final-de-estas-negociaciones-no-al-principio-image.jpg\",\"width\":1980,\"height\":800,\"caption\":\"\\\"Jerusal\u00e9n deber\u00eda estar al final de estas negociaciones, no al principio\\\"\"},{\"@type\":\"BreadcrumbList\",\"@id\":\"https:\\\/\\\/acninternational.org\\\/es\\\/jerusalen-deberia-estar-al-final-de-estas-negociaciones-no-al-principio\\\/#breadcrumb\",\"itemListElement\":[{\"@type\":\"ListItem\",\"position\":1,\"name\":\"Home\",\"item\":\"https:\\\/\\\/acninternational.org\\\/es\\\/\"},{\"@type\":\"ListItem\",\"position\":2,\"name\":\"ENTREVISTAS\",\"item\":\"https:\\\/\\\/acninternational.org\\\/es\\\/category\\\/entrevistas\\\/\"},{\"@type\":\"ListItem\",\"position\":3,\"name\":\"\u00abJerusal\u00e9n deber\u00eda estar al final de estas negociaciones, no al principio\u00bb\"}]},{\"@type\":\"WebSite\",\"@id\":\"https:\\\/\\\/acninternational.org\\\/es\\\/#website\",\"url\":\"https:\\\/\\\/acninternational.org\\\/es\\\/\",\"name\":\"ACN International\",\"description\":\"\",\"publisher\":{\"@id\":\"https:\\\/\\\/acninternational.org\\\/es\\\/#organization\"},\"potentialAction\":[{\"@type\":\"SearchAction\",\"target\":{\"@type\":\"EntryPoint\",\"urlTemplate\":\"https:\\\/\\\/acninternational.org\\\/es\\\/?s={search_term_string}\"},\"query-input\":{\"@type\":\"PropertyValueSpecification\",\"valueRequired\":true,\"valueName\":\"search_term_string\"}}],\"inLanguage\":\"es\"},{\"@type\":\"Organization\",\"@id\":\"https:\\\/\\\/acninternational.org\\\/es\\\/#organization\",\"name\":\"Aid to the Church in Need International\",\"url\":\"https:\\\/\\\/acninternational.org\\\/es\\\/\",\"logo\":{\"@type\":\"ImageObject\",\"inLanguage\":\"es\",\"@id\":\"https:\\\/\\\/acninternational.org\\\/es\\\/#\\\/schema\\\/logo\\\/image\\\/\",\"url\":\"https:\\\/\\\/media.acninternational.org\\\/wp-content\\\/uploads\\\/2019\\\/11\\\/acn_logo_blackvector.svg\",\"contentUrl\":\"https:\\\/\\\/media.acninternational.org\\\/wp-content\\\/uploads\\\/2019\\\/11\\\/acn_logo_blackvector.svg\",\"width\":232.6,\"height\":78,\"caption\":\"Aid to the Church in Need International\"},\"image\":{\"@id\":\"https:\\\/\\\/acninternational.org\\\/es\\\/#\\\/schema\\\/logo\\\/image\\\/\"},\"sameAs\":[\"https:\\\/\\\/www.facebook.com\\\/acninternationalorg\",\"https:\\\/\\\/x.com\\\/acn_int\",\"https:\\\/\\\/www.youtube.com\\\/channel\\\/UCQ-077gS0TnVzkhHmf1opZw\",\"https:\\\/\\\/www.instagram.com\\\/acn_international\\\/\"]},{\"@type\":\"Person\",\"@id\":\"https:\\\/\\\/acninternational.org\\\/es\\\/#\\\/schema\\\/person\\\/5a7468d38fb12b1976b6eeda95c21ebc\",\"name\":\"admin_acn\",\"url\":\"https:\\\/\\\/acninternational.org\\\/es\\\/author\\\/admin_acn\\\/\"}]}<\/script>\n<!-- \/ Yoast SEO Premium plugin. -->","yoast_head_json":{"title":"\"Jerusal\u00e9n deber\u00eda estar al final de estas negociaciones, no al principio\" | ACN International","robots":{"index":"index","follow":"follow","max-snippet":"max-snippet:-1","max-image-preview":"max-image-preview:large","max-video-preview":"max-video-preview:-1"},"canonical":"https:\/\/acninternational.org\/es\/jerusalen-deberia-estar-al-final-de-estas-negociaciones-no-al-principio\/","og_locale":"es_ES","og_type":"article","og_title":"\"Jerusal\u00e9n deber\u00eda estar al final de estas negociaciones, no al principio\"","og_description":"[vc_row][vc_column][vc_column_text]En el marco de una conferencia sobre cristianos perseguidos en Oriente Medio celebrada en el Parlamento Europeo en Bruselas el","og_url":"https:\/\/acninternational.org\/es\/jerusalen-deberia-estar-al-final-de-estas-negociaciones-no-al-principio\/","og_site_name":"ACN International","article_publisher":"https:\/\/www.facebook.com\/acninternationalorg","article_published_time":"2017-12-11T23:00:00+00:00","og_image":[{"width":1980,"height":800,"url":"https:\/\/media.acninternational.org\/wp-content\/uploads\/2019\/11\/Jerusal%C3%A9n-deber%C3%ADa-estar-al-final-de-estas-negociaciones-no-al-principio-image.jpg","type":"image\/jpeg"}],"author":"admin_acn","twitter_card":"summary_large_image","twitter_creator":"@acn_int","twitter_site":"@acn_int","twitter_misc":{"Escrito por":"admin_acn","Tiempo de lectura":"3 minutos"},"schema":{"@context":"https:\/\/schema.org","@graph":[{"@type":"Article","@id":"https:\/\/acninternational.org\/es\/jerusalen-deberia-estar-al-final-de-estas-negociaciones-no-al-principio\/#article","isPartOf":{"@id":"https:\/\/acninternational.org\/es\/jerusalen-deberia-estar-al-final-de-estas-negociaciones-no-al-principio\/"},"author":{"name":"admin_acn","@id":"https:\/\/acninternational.org\/es\/#\/schema\/person\/5a7468d38fb12b1976b6eeda95c21ebc"},"headline":"\u00abJerusal\u00e9n deber\u00eda estar al final de estas negociaciones, no al principio\u00bb","datePublished":"2017-12-11T23:00:00+00:00","mainEntityOfPage":{"@id":"https:\/\/acninternational.org\/es\/jerusalen-deberia-estar-al-final-de-estas-negociaciones-no-al-principio\/"},"wordCount":571,"commentCount":0,"publisher":{"@id":"https:\/\/acninternational.org\/es\/#organization"},"image":{"@id":"https:\/\/acninternational.org\/es\/jerusalen-deberia-estar-al-final-de-estas-negociaciones-no-al-principio\/#primaryimage"},"thumbnailUrl":"https:\/\/media.acninternational.org\/wp-content\/uploads\/2019\/11\/Jerusal%C3%A9n-deber%C3%ADa-estar-al-final-de-estas-negociaciones-no-al-principio-image.jpg","articleSection":["ENTREVISTAS"],"inLanguage":"es","potentialAction":[{"@type":"CommentAction","name":"Comment","target":["https:\/\/acninternational.org\/es\/jerusalen-deberia-estar-al-final-de-estas-negociaciones-no-al-principio\/#respond"]}]},{"@type":"WebPage","@id":"https:\/\/acninternational.org\/es\/jerusalen-deberia-estar-al-final-de-estas-negociaciones-no-al-principio\/","url":"https:\/\/acninternational.org\/es\/jerusalen-deberia-estar-al-final-de-estas-negociaciones-no-al-principio\/","name":"\"Jerusal\u00e9n deber\u00eda estar al final de estas negociaciones, no al principio\" | ACN International","isPartOf":{"@id":"https:\/\/acninternational.org\/es\/#website"},"primaryImageOfPage":{"@id":"https:\/\/acninternational.org\/es\/jerusalen-deberia-estar-al-final-de-estas-negociaciones-no-al-principio\/#primaryimage"},"image":{"@id":"https:\/\/acninternational.org\/es\/jerusalen-deberia-estar-al-final-de-estas-negociaciones-no-al-principio\/#primaryimage"},"thumbnailUrl":"https:\/\/media.acninternational.org\/wp-content\/uploads\/2019\/11\/Jerusal%C3%A9n-deber%C3%ADa-estar-al-final-de-estas-negociaciones-no-al-principio-image.jpg","datePublished":"2017-12-11T23:00:00+00:00","breadcrumb":{"@id":"https:\/\/acninternational.org\/es\/jerusalen-deberia-estar-al-final-de-estas-negociaciones-no-al-principio\/#breadcrumb"},"inLanguage":"es","potentialAction":[{"@type":"ReadAction","target":["https:\/\/acninternational.org\/es\/jerusalen-deberia-estar-al-final-de-estas-negociaciones-no-al-principio\/"]}]},{"@type":"ImageObject","inLanguage":"es","@id":"https:\/\/acninternational.org\/es\/jerusalen-deberia-estar-al-final-de-estas-negociaciones-no-al-principio\/#primaryimage","url":"https:\/\/media.acninternational.org\/wp-content\/uploads\/2019\/11\/Jerusal%C3%A9n-deber%C3%ADa-estar-al-final-de-estas-negociaciones-no-al-principio-image.jpg","contentUrl":"https:\/\/media.acninternational.org\/wp-content\/uploads\/2019\/11\/Jerusal%C3%A9n-deber%C3%ADa-estar-al-final-de-estas-negociaciones-no-al-principio-image.jpg","width":1980,"height":800,"caption":"\"Jerusal\u00e9n deber\u00eda estar al final de estas negociaciones, no al principio\""},{"@type":"BreadcrumbList","@id":"https:\/\/acninternational.org\/es\/jerusalen-deberia-estar-al-final-de-estas-negociaciones-no-al-principio\/#breadcrumb","itemListElement":[{"@type":"ListItem","position":1,"name":"Home","item":"https:\/\/acninternational.org\/es\/"},{"@type":"ListItem","position":2,"name":"ENTREVISTAS","item":"https:\/\/acninternational.org\/es\/category\/entrevistas\/"},{"@type":"ListItem","position":3,"name":"\u00abJerusal\u00e9n deber\u00eda estar al final de estas negociaciones, no al principio\u00bb"}]},{"@type":"WebSite","@id":"https:\/\/acninternational.org\/es\/#website","url":"https:\/\/acninternational.org\/es\/","name":"ACN International","description":"","publisher":{"@id":"https:\/\/acninternational.org\/es\/#organization"},"potentialAction":[{"@type":"SearchAction","target":{"@type":"EntryPoint","urlTemplate":"https:\/\/acninternational.org\/es\/?s={search_term_string}"},"query-input":{"@type":"PropertyValueSpecification","valueRequired":true,"valueName":"search_term_string"}}],"inLanguage":"es"},{"@type":"Organization","@id":"https:\/\/acninternational.org\/es\/#organization","name":"Aid to the Church in Need International","url":"https:\/\/acninternational.org\/es\/","logo":{"@type":"ImageObject","inLanguage":"es","@id":"https:\/\/acninternational.org\/es\/#\/schema\/logo\/image\/","url":"https:\/\/media.acninternational.org\/wp-content\/uploads\/2019\/11\/acn_logo_blackvector.svg","contentUrl":"https:\/\/media.acninternational.org\/wp-content\/uploads\/2019\/11\/acn_logo_blackvector.svg","width":232.6,"height":78,"caption":"Aid to the Church in Need International"},"image":{"@id":"https:\/\/acninternational.org\/es\/#\/schema\/logo\/image\/"},"sameAs":["https:\/\/www.facebook.com\/acninternationalorg","https:\/\/x.com\/acn_int","https:\/\/www.youtube.com\/channel\/UCQ-077gS0TnVzkhHmf1opZw","https:\/\/www.instagram.com\/acn_international\/"]},{"@type":"Person","@id":"https:\/\/acninternational.org\/es\/#\/schema\/person\/5a7468d38fb12b1976b6eeda95c21ebc","name":"admin_acn","url":"https:\/\/acninternational.org\/es\/author\/admin_acn\/"}]}},"_links":{"self":[{"href":"https:\/\/acninternational.org\/es\/wp-json\/wp\/v2\/posts\/116478","targetHints":{"allow":["GET"]}}],"collection":[{"href":"https:\/\/acninternational.org\/es\/wp-json\/wp\/v2\/posts"}],"about":[{"href":"https:\/\/acninternational.org\/es\/wp-json\/wp\/v2\/types\/post"}],"author":[{"embeddable":true,"href":"https:\/\/acninternational.org\/es\/wp-json\/wp\/v2\/users\/1"}],"replies":[{"embeddable":true,"href":"https:\/\/acninternational.org\/es\/wp-json\/wp\/v2\/comments?post=116478"}],"version-history":[{"count":0,"href":"https:\/\/acninternational.org\/es\/wp-json\/wp\/v2\/posts\/116478\/revisions"}],"wp:featuredmedia":[{"embeddable":true,"href":"https:\/\/acninternational.org\/es\/wp-json\/wp\/v2\/media\/116479"}],"wp:attachment":[{"href":"https:\/\/acninternational.org\/es\/wp-json\/wp\/v2\/media?parent=116478"}],"wp:term":[{"taxonomy":"category","embeddable":true,"href":"https:\/\/acninternational.org\/es\/wp-json\/wp\/v2\/categories?post=116478"},{"taxonomy":"post_tag","embeddable":true,"href":"https:\/\/acninternational.org\/es\/wp-json\/wp\/v2\/tags?post=116478"},{"taxonomy":"country","embeddable":true,"href":"https:\/\/acninternational.org\/es\/wp-json\/wp\/v2\/country?post=116478"}],"curies":[{"name":"wp","href":"https:\/\/api.w.org\/{rel}","templated":true}]}}