{"id":116388,"date":"2017-12-05T00:00:00","date_gmt":"2017-12-04T23:00:00","guid":{"rendered":"https:\/\/acninternational.org\/mejorar-las-condiciones-de-vida-no-es-solo-una-cuestion-economica\/"},"modified":"2017-12-05T00:00:00","modified_gmt":"2017-12-04T23:00:00","slug":"mejorar-las-condiciones-de-vida-no-es-solo-una-cuestion-economica","status":"publish","type":"post","link":"https:\/\/acninternational.org\/es\/mejorar-las-condiciones-de-vida-no-es-solo-una-cuestion-economica\/","title":{"rendered":"Mejorar las condiciones de vida no es solo una cuesti\u00f3n econ\u00f3mica"},"content":{"rendered":"<p>[vc_row][vc_column][vc_column_text]<strong><em>La evangelizaci\u00f3n en los suburbios es una prioridad en Per\u00fa, dice el responsable de proyectos para este pa\u00eds en <\/em><\/strong><strong><em>Aid to the Church in Need<\/em><\/strong><strong><em>, Marco Mencaglia<\/em><\/strong><\/p>\n<p><strong><em>Entrevista con <\/em><\/strong><strong><em>Am\u00e9lie Berthelin &#8211; de La Hougue <\/em><\/strong><strong><em>con ocasi\u00f3n de la pr\u00f3xima visita del Papa Francisco, prevista para enero de 2018<\/em><\/strong><\/p>\n<p><strong>\u00bfC\u00f3mo puede describirse la faz de la Iglesia en Per\u00fa hoy en d\u00eda? <\/strong><\/p>\n<p>Para describir las condiciones de la Iglesia en Per\u00fa, debe considerarse la gran diversidad geogr\u00e1fica del pa\u00eds: regiones urbanas, monta\u00f1osas y selv\u00e1ticas. Crear esa unidad probablemente constituya la principal prioridad. La Iglesia en Per\u00fa se encuentra a\u00fan en v\u00edas de desarrollo; en numerosas di\u00f3cesis, el clero local a\u00fan ha de tomar enteramente la responsabilidad del servicio pastoral. El 47% de los obispos es de origen extranjero, y el 57% procede del clero de alguna congregaci\u00f3n religiosa. En Am\u00e9rica del Sur, solo Bolivia se encuentra en una situaci\u00f3n similar. Hay verdaderas experiencias positivas de evangelizaci\u00f3n en dif\u00edciles contextos. Reforzar la pastoral de vocaciones y el crecimiento de una fe madura, partiendo del tesoro de un sentimiento religioso popular muy vivo, constituyen los retos a los que la Iglesia se enfrenta actualmente.<\/p>\n<p><strong>\u00bfA qu\u00e9 campo da especial prioridad la Iglesia actualmente?<\/strong><\/p>\n<p>La evangelizaci\u00f3n en los suburbios de las grandes ciudades es una prioridad evidente. Millones de ciudadanos abandonan las monta\u00f1as, y las grandes ciudades como Lima y Arequipa se expanden constantemente. Este fen\u00f3meno existe tambi\u00e9n, en menores dimensiones, en cada capital regional. La Iglesia est\u00e1 llamada no solo a ocuparse de las situaciones m\u00e1s graves en un plano social, sino tambi\u00e9n a formar una comunidad entre las familias que proceden de diferentes entornos del pa\u00eds y que, en ocasiones debido a las condiciones de su trabajo, no disponen de tiempo para conocerse. En las otras periferias del pa\u00eds, en los pueblos m\u00e1s alejados, a 4.000 m de altitud en pleno Amazonas, el servicio de la Iglesia es fundamental para atender a miles de peque\u00f1as comunidades. Una parroquia, a veces, debe atender a m\u00e1s de 50 de estas peque\u00f1as comunidades; la visita de un sacerdote o una religiosa es un aut\u00e9ntico acontecimiento.<\/p>\n<p><strong>Per\u00fa fue consagrado al Sagrado Coraz\u00f3n de Jes\u00fas y al Coraz\u00f3n inmaculado de Mar\u00eda en 2016. \u00bfA qu\u00e9 se debi\u00f3 esta consagraci\u00f3n? \u00bfFue una iniciativa del Presidente? \u00bfEra un momento importante para el pa\u00eds o para la Iglesia?<\/strong><\/p>\n<p>Esta consagraci\u00f3n fue una iniciativa del Presidente, durante un encuentro anual de los pol\u00edticos cristianos que trataban temas de espiritualidad. Este \u00abDesayuno Nacional de Oraci\u00f3n\u00bb es una tradici\u00f3n importada de Estados Unidos, en donde el presidente del pa\u00eds participa siempre desde los tiempos de Eisenhower. El Presidente Kuczynski, que trabaj\u00f3 durante muchos a\u00f1os como economista en Estados Unidos, eligi\u00f3 participar en este acontecimiento en Per\u00fa. Es el primer presidente del pa\u00eds en hacerlo. Por tanto, esta \u00abconsagraci\u00f3n\u00bb, en dicho marco, deber\u00eda considerarse como una declaraci\u00f3n individual durante un discurso pol\u00edtico, y no durante una celebraci\u00f3n, en la que no estuvieron presentes representantes de la Iglesia cat\u00f3lica.<\/p>\n<p>Se podr\u00eda a\u00f1adir adem\u00e1s que el partido pol\u00edtico del Presidente no ha demostrado tener una visi\u00f3n cristiana en algunas cuestiones como el aborto o el \u00abmatrimonio\u00bb homosexual.<\/p>\n<p><strong>La Iglesia y las sectas: \u00bftienen los evang\u00e9licos un papel importante en la vida religiosa de Per\u00fa? \u00bfEs una \u00abamenaza\u00bb para la Iglesia?<\/strong><\/p>\n<p>En mis viajes a Am\u00e9rica Latina, he tenido la impresi\u00f3n de que el sentimiento de pertenencia a la Iglesia cat\u00f3lica sigue siendo muy fuerte, frecuentemente fundado en una devoci\u00f3n popular por los santos y las fiestas tradicionales. En algunas regiones m\u00e1s apartadas, es interesante comprobar la capacidad que han tenido estas tradiciones de sobrevivir a lo largo de los siglos, a pesar de la escasa presencia oficial de la Iglesia. Al mismo tiempo, las sectas evang\u00e9licas han registrado progresos sobre todo en los lugares donde la Iglesia no es m\u00e1s capaz de mostrar su presencia. Este es, evidentemente, el caso de las periferias ya mencionadas, donde el vertiginoso crecimiento de la poblaci\u00f3n no le permite a la Iglesia cat\u00f3lica mostrar una presencia constante.<\/p>\n<p>El crecimiento de la poblaci\u00f3n es, en efecto, un elemento que debe considerarse en Am\u00e9rica Latina: si en Europa mantener el mismo n\u00famero de religiosos y de agentes pastorales puede considerarse un objetivo ideal, en Am\u00e9rica Latina no es suficiente. La poblaci\u00f3n de Per\u00fa asciende actualmente a alrededor de 32 millones de habitantes. En los \u00faltimos 50 a\u00f1os ha crecido en un 170%. En Francia, durante el mismo per\u00edodo, el crecimiento ha sido de aproximadamente el 30%.<\/p>\n<p>El principal reto para la Iglesia cat\u00f3lica es, pues, tomar contacto con las comunidades, reencontrar a las familias y a las personas en los lugares donde se ha perdido su presencia con el tiempo.<\/p>\n<p><strong>En los \u00faltimos a<\/strong><strong>\u00f1<\/strong><strong>os, Per\u00fa se ha visto beneficiado por un crecimiento econ\u00f3mico; \u00bfconsidera que la situaci\u00f3n de los peruanos ha mejorado?<\/strong><\/p>\n<p>El crecimiento econ\u00f3mico no es el mismo en las diferentes regiones del pa\u00eds: la gran diversidad geogr\u00e1fica de Per\u00fa explica estas disparidades y causa una migraci\u00f3n interna constante y sostenida hacia los suburbios de las grandes ciudades. Sobre todo las zonas rurales son abandonadas por la poblaci\u00f3n, que busca mejores oportunidades en las principales ciudades de cada regi\u00f3n.<\/p>\n<p>Mejorar la propia condici\u00f3n econ\u00f3mica no significa autom\u00e1ticamente mejorar el desarrollo humano de la poblaci\u00f3n. Esto se aprecia sobre todo en las periferias, cada vez m\u00e1s grandes, de Lima, Arequipa y otras ciudades principales del pa\u00eds. Son muy numerosas las familias cuyos padres dejan a los hijos solos en las casas para trabajar durante todo el d\u00eda. Esta triste realidad lleva al crecimiento sin control de bandas, del tr\u00e1fico de drogas y de la criminalidad. En Per\u00fa, como en varios otros pa\u00edses de Am\u00e9rica Latina, la cuesti\u00f3n de mejorar las condiciones de vida de los habitantes no es solo una cuesti\u00f3n econ\u00f3mica. Desde este punto de vista, la Iglesia puede prestar evidentemente una importante contribuci\u00f3n al debate.[\/vc_column_text][\/vc_column][\/vc_row]<\/p>\n","protected":false},"excerpt":{"rendered":"<p>[vc_row][vc_column][vc_column_text]La evangelizaci\u00f3n en los suburbios es una prioridad en Per\u00fa, dice el responsable de proyectos para este pa\u00eds en Aid<\/p>\n","protected":false},"author":1,"featured_media":116389,"comment_status":"open","ping_status":"open","sticky":false,"template":"","format":"standard","meta":{"_acf_changed":false,"_acn_coauthor_ids":[],"_acn_featured_article":false,"footnotes":""},"categories":[745],"tags":[],"country":[],"class_list":["post-116388","post","type-post","status-publish","format-standard","has-post-thumbnail","hentry","category-entrevistas"],"acn_coauthors":[],"acf":[],"yoast_head":"<!-- This site is optimized with the Yoast SEO Premium plugin v27.5 (Yoast SEO v27.5) - https:\/\/yoast.com\/product\/yoast-seo-premium-wordpress\/ -->\n<title>Mejorar las condiciones de vida no es solo una cuesti\u00f3n econ\u00f3mica | ACN International<\/title>\n<meta name=\"robots\" content=\"index, follow, max-snippet:-1, max-image-preview:large, max-video-preview:-1\" \/>\n<link rel=\"canonical\" href=\"https:\/\/acninternational.org\/es\/mejorar-las-condiciones-de-vida-no-es-solo-una-cuestion-economica\/\" \/>\n<meta property=\"og:locale\" content=\"es_ES\" \/>\n<meta property=\"og:type\" content=\"article\" \/>\n<meta property=\"og:title\" content=\"Mejorar las condiciones de vida no es solo una cuesti\u00f3n econ\u00f3mica\" \/>\n<meta property=\"og:description\" content=\"[vc_row][vc_column][vc_column_text]La evangelizaci\u00f3n en los suburbios es una prioridad en Per\u00fa, dice el responsable de proyectos para este pa\u00eds en Aid\" \/>\n<meta property=\"og:url\" content=\"https:\/\/acninternational.org\/es\/mejorar-las-condiciones-de-vida-no-es-solo-una-cuestion-economica\/\" \/>\n<meta property=\"og:site_name\" content=\"ACN International\" \/>\n<meta property=\"article:publisher\" content=\"https:\/\/www.facebook.com\/acninternationalorg\" \/>\n<meta property=\"article:published_time\" content=\"2017-12-04T23:00:00+00:00\" \/>\n<meta property=\"og:image\" content=\"https:\/\/media.acninternational.org\/wp-content\/uploads\/2019\/11\/Mejorar-las-condiciones-de-vida-no-es-solo-una-cuesti%C3%B3n-econ%C3%B3mica-image.jpg\" \/>\n\t<meta property=\"og:image:width\" content=\"1980\" \/>\n\t<meta property=\"og:image:height\" content=\"800\" \/>\n\t<meta property=\"og:image:type\" content=\"image\/jpeg\" \/>\n<meta name=\"author\" content=\"admin_acn\" \/>\n<meta name=\"twitter:card\" content=\"summary_large_image\" \/>\n<meta name=\"twitter:creator\" content=\"@acn_int\" \/>\n<meta name=\"twitter:site\" content=\"@acn_int\" \/>\n<meta name=\"twitter:label1\" content=\"Escrito por\" \/>\n\t<meta name=\"twitter:data1\" content=\"admin_acn\" \/>\n\t<meta name=\"twitter:label2\" content=\"Tiempo de lectura\" \/>\n\t<meta name=\"twitter:data2\" content=\"5 minutos\" \/>\n<script type=\"application\/ld+json\" class=\"yoast-schema-graph\">{\"@context\":\"https:\\\/\\\/schema.org\",\"@graph\":[{\"@type\":\"Article\",\"@id\":\"https:\\\/\\\/acninternational.org\\\/es\\\/mejorar-las-condiciones-de-vida-no-es-solo-una-cuestion-economica\\\/#article\",\"isPartOf\":{\"@id\":\"https:\\\/\\\/acninternational.org\\\/es\\\/mejorar-las-condiciones-de-vida-no-es-solo-una-cuestion-economica\\\/\"},\"author\":{\"name\":\"admin_acn\",\"@id\":\"https:\\\/\\\/acninternational.org\\\/es\\\/#\\\/schema\\\/person\\\/5a7468d38fb12b1976b6eeda95c21ebc\"},\"headline\":\"Mejorar las condiciones de vida no es solo una cuesti\u00f3n econ\u00f3mica\",\"datePublished\":\"2017-12-04T23:00:00+00:00\",\"mainEntityOfPage\":{\"@id\":\"https:\\\/\\\/acninternational.org\\\/es\\\/mejorar-las-condiciones-de-vida-no-es-solo-una-cuestion-economica\\\/\"},\"wordCount\":1091,\"commentCount\":0,\"publisher\":{\"@id\":\"https:\\\/\\\/acninternational.org\\\/es\\\/#organization\"},\"image\":{\"@id\":\"https:\\\/\\\/acninternational.org\\\/es\\\/mejorar-las-condiciones-de-vida-no-es-solo-una-cuestion-economica\\\/#primaryimage\"},\"thumbnailUrl\":\"https:\\\/\\\/media.acninternational.org\\\/wp-content\\\/uploads\\\/2019\\\/11\\\/Mejorar-las-condiciones-de-vida-no-es-solo-una-cuesti%C3%B3n-econ%C3%B3mica-image.jpg\",\"articleSection\":[\"ENTREVISTAS\"],\"inLanguage\":\"es\",\"potentialAction\":[{\"@type\":\"CommentAction\",\"name\":\"Comment\",\"target\":[\"https:\\\/\\\/acninternational.org\\\/es\\\/mejorar-las-condiciones-de-vida-no-es-solo-una-cuestion-economica\\\/#respond\"]}]},{\"@type\":\"WebPage\",\"@id\":\"https:\\\/\\\/acninternational.org\\\/es\\\/mejorar-las-condiciones-de-vida-no-es-solo-una-cuestion-economica\\\/\",\"url\":\"https:\\\/\\\/acninternational.org\\\/es\\\/mejorar-las-condiciones-de-vida-no-es-solo-una-cuestion-economica\\\/\",\"name\":\"Mejorar las condiciones de vida no es solo una cuesti\u00f3n econ\u00f3mica | ACN International\",\"isPartOf\":{\"@id\":\"https:\\\/\\\/acninternational.org\\\/es\\\/#website\"},\"primaryImageOfPage\":{\"@id\":\"https:\\\/\\\/acninternational.org\\\/es\\\/mejorar-las-condiciones-de-vida-no-es-solo-una-cuestion-economica\\\/#primaryimage\"},\"image\":{\"@id\":\"https:\\\/\\\/acninternational.org\\\/es\\\/mejorar-las-condiciones-de-vida-no-es-solo-una-cuestion-economica\\\/#primaryimage\"},\"thumbnailUrl\":\"https:\\\/\\\/media.acninternational.org\\\/wp-content\\\/uploads\\\/2019\\\/11\\\/Mejorar-las-condiciones-de-vida-no-es-solo-una-cuesti%C3%B3n-econ%C3%B3mica-image.jpg\",\"datePublished\":\"2017-12-04T23:00:00+00:00\",\"breadcrumb\":{\"@id\":\"https:\\\/\\\/acninternational.org\\\/es\\\/mejorar-las-condiciones-de-vida-no-es-solo-una-cuestion-economica\\\/#breadcrumb\"},\"inLanguage\":\"es\",\"potentialAction\":[{\"@type\":\"ReadAction\",\"target\":[\"https:\\\/\\\/acninternational.org\\\/es\\\/mejorar-las-condiciones-de-vida-no-es-solo-una-cuestion-economica\\\/\"]}]},{\"@type\":\"ImageObject\",\"inLanguage\":\"es\",\"@id\":\"https:\\\/\\\/acninternational.org\\\/es\\\/mejorar-las-condiciones-de-vida-no-es-solo-una-cuestion-economica\\\/#primaryimage\",\"url\":\"https:\\\/\\\/media.acninternational.org\\\/wp-content\\\/uploads\\\/2019\\\/11\\\/Mejorar-las-condiciones-de-vida-no-es-solo-una-cuesti%C3%B3n-econ%C3%B3mica-image.jpg\",\"contentUrl\":\"https:\\\/\\\/media.acninternational.org\\\/wp-content\\\/uploads\\\/2019\\\/11\\\/Mejorar-las-condiciones-de-vida-no-es-solo-una-cuesti%C3%B3n-econ%C3%B3mica-image.jpg\",\"width\":1980,\"height\":800,\"caption\":\"Mejorar las condiciones de vida no es solo una cuesti\u00f3n econ\u00f3mica\"},{\"@type\":\"BreadcrumbList\",\"@id\":\"https:\\\/\\\/acninternational.org\\\/es\\\/mejorar-las-condiciones-de-vida-no-es-solo-una-cuestion-economica\\\/#breadcrumb\",\"itemListElement\":[{\"@type\":\"ListItem\",\"position\":1,\"name\":\"Home\",\"item\":\"https:\\\/\\\/acninternational.org\\\/es\\\/\"},{\"@type\":\"ListItem\",\"position\":2,\"name\":\"ENTREVISTAS\",\"item\":\"https:\\\/\\\/acninternational.org\\\/es\\\/category\\\/entrevistas\\\/\"},{\"@type\":\"ListItem\",\"position\":3,\"name\":\"Mejorar las condiciones de vida no es solo una cuesti\u00f3n econ\u00f3mica\"}]},{\"@type\":\"WebSite\",\"@id\":\"https:\\\/\\\/acninternational.org\\\/es\\\/#website\",\"url\":\"https:\\\/\\\/acninternational.org\\\/es\\\/\",\"name\":\"ACN International\",\"description\":\"\",\"publisher\":{\"@id\":\"https:\\\/\\\/acninternational.org\\\/es\\\/#organization\"},\"potentialAction\":[{\"@type\":\"SearchAction\",\"target\":{\"@type\":\"EntryPoint\",\"urlTemplate\":\"https:\\\/\\\/acninternational.org\\\/es\\\/?s={search_term_string}\"},\"query-input\":{\"@type\":\"PropertyValueSpecification\",\"valueRequired\":true,\"valueName\":\"search_term_string\"}}],\"inLanguage\":\"es\"},{\"@type\":\"Organization\",\"@id\":\"https:\\\/\\\/acninternational.org\\\/es\\\/#organization\",\"name\":\"Aid to the Church in Need International\",\"url\":\"https:\\\/\\\/acninternational.org\\\/es\\\/\",\"logo\":{\"@type\":\"ImageObject\",\"inLanguage\":\"es\",\"@id\":\"https:\\\/\\\/acninternational.org\\\/es\\\/#\\\/schema\\\/logo\\\/image\\\/\",\"url\":\"https:\\\/\\\/media.acninternational.org\\\/wp-content\\\/uploads\\\/2019\\\/11\\\/acn_logo_blackvector.svg\",\"contentUrl\":\"https:\\\/\\\/media.acninternational.org\\\/wp-content\\\/uploads\\\/2019\\\/11\\\/acn_logo_blackvector.svg\",\"width\":232.6,\"height\":78,\"caption\":\"Aid to the Church in Need International\"},\"image\":{\"@id\":\"https:\\\/\\\/acninternational.org\\\/es\\\/#\\\/schema\\\/logo\\\/image\\\/\"},\"sameAs\":[\"https:\\\/\\\/www.facebook.com\\\/acninternationalorg\",\"https:\\\/\\\/x.com\\\/acn_int\",\"https:\\\/\\\/www.youtube.com\\\/channel\\\/UCQ-077gS0TnVzkhHmf1opZw\",\"https:\\\/\\\/www.instagram.com\\\/acn_international\\\/\"]},{\"@type\":\"Person\",\"@id\":\"https:\\\/\\\/acninternational.org\\\/es\\\/#\\\/schema\\\/person\\\/5a7468d38fb12b1976b6eeda95c21ebc\",\"name\":\"admin_acn\",\"url\":\"https:\\\/\\\/acninternational.org\\\/es\\\/author\\\/admin_acn\\\/\"}]}<\/script>\n<!-- \/ Yoast SEO Premium plugin. -->","yoast_head_json":{"title":"Mejorar las condiciones de vida no es solo una cuesti\u00f3n econ\u00f3mica | ACN International","robots":{"index":"index","follow":"follow","max-snippet":"max-snippet:-1","max-image-preview":"max-image-preview:large","max-video-preview":"max-video-preview:-1"},"canonical":"https:\/\/acninternational.org\/es\/mejorar-las-condiciones-de-vida-no-es-solo-una-cuestion-economica\/","og_locale":"es_ES","og_type":"article","og_title":"Mejorar las condiciones de vida no es solo una cuesti\u00f3n econ\u00f3mica","og_description":"[vc_row][vc_column][vc_column_text]La evangelizaci\u00f3n en los suburbios es una prioridad en Per\u00fa, dice el responsable de proyectos para este pa\u00eds en Aid","og_url":"https:\/\/acninternational.org\/es\/mejorar-las-condiciones-de-vida-no-es-solo-una-cuestion-economica\/","og_site_name":"ACN International","article_publisher":"https:\/\/www.facebook.com\/acninternationalorg","article_published_time":"2017-12-04T23:00:00+00:00","og_image":[{"width":1980,"height":800,"url":"https:\/\/media.acninternational.org\/wp-content\/uploads\/2019\/11\/Mejorar-las-condiciones-de-vida-no-es-solo-una-cuesti%C3%B3n-econ%C3%B3mica-image.jpg","type":"image\/jpeg"}],"author":"admin_acn","twitter_card":"summary_large_image","twitter_creator":"@acn_int","twitter_site":"@acn_int","twitter_misc":{"Escrito por":"admin_acn","Tiempo de lectura":"5 minutos"},"schema":{"@context":"https:\/\/schema.org","@graph":[{"@type":"Article","@id":"https:\/\/acninternational.org\/es\/mejorar-las-condiciones-de-vida-no-es-solo-una-cuestion-economica\/#article","isPartOf":{"@id":"https:\/\/acninternational.org\/es\/mejorar-las-condiciones-de-vida-no-es-solo-una-cuestion-economica\/"},"author":{"name":"admin_acn","@id":"https:\/\/acninternational.org\/es\/#\/schema\/person\/5a7468d38fb12b1976b6eeda95c21ebc"},"headline":"Mejorar las condiciones de vida no es solo una cuesti\u00f3n econ\u00f3mica","datePublished":"2017-12-04T23:00:00+00:00","mainEntityOfPage":{"@id":"https:\/\/acninternational.org\/es\/mejorar-las-condiciones-de-vida-no-es-solo-una-cuestion-economica\/"},"wordCount":1091,"commentCount":0,"publisher":{"@id":"https:\/\/acninternational.org\/es\/#organization"},"image":{"@id":"https:\/\/acninternational.org\/es\/mejorar-las-condiciones-de-vida-no-es-solo-una-cuestion-economica\/#primaryimage"},"thumbnailUrl":"https:\/\/media.acninternational.org\/wp-content\/uploads\/2019\/11\/Mejorar-las-condiciones-de-vida-no-es-solo-una-cuesti%C3%B3n-econ%C3%B3mica-image.jpg","articleSection":["ENTREVISTAS"],"inLanguage":"es","potentialAction":[{"@type":"CommentAction","name":"Comment","target":["https:\/\/acninternational.org\/es\/mejorar-las-condiciones-de-vida-no-es-solo-una-cuestion-economica\/#respond"]}]},{"@type":"WebPage","@id":"https:\/\/acninternational.org\/es\/mejorar-las-condiciones-de-vida-no-es-solo-una-cuestion-economica\/","url":"https:\/\/acninternational.org\/es\/mejorar-las-condiciones-de-vida-no-es-solo-una-cuestion-economica\/","name":"Mejorar las condiciones de vida no es solo una cuesti\u00f3n econ\u00f3mica | ACN International","isPartOf":{"@id":"https:\/\/acninternational.org\/es\/#website"},"primaryImageOfPage":{"@id":"https:\/\/acninternational.org\/es\/mejorar-las-condiciones-de-vida-no-es-solo-una-cuestion-economica\/#primaryimage"},"image":{"@id":"https:\/\/acninternational.org\/es\/mejorar-las-condiciones-de-vida-no-es-solo-una-cuestion-economica\/#primaryimage"},"thumbnailUrl":"https:\/\/media.acninternational.org\/wp-content\/uploads\/2019\/11\/Mejorar-las-condiciones-de-vida-no-es-solo-una-cuesti%C3%B3n-econ%C3%B3mica-image.jpg","datePublished":"2017-12-04T23:00:00+00:00","breadcrumb":{"@id":"https:\/\/acninternational.org\/es\/mejorar-las-condiciones-de-vida-no-es-solo-una-cuestion-economica\/#breadcrumb"},"inLanguage":"es","potentialAction":[{"@type":"ReadAction","target":["https:\/\/acninternational.org\/es\/mejorar-las-condiciones-de-vida-no-es-solo-una-cuestion-economica\/"]}]},{"@type":"ImageObject","inLanguage":"es","@id":"https:\/\/acninternational.org\/es\/mejorar-las-condiciones-de-vida-no-es-solo-una-cuestion-economica\/#primaryimage","url":"https:\/\/media.acninternational.org\/wp-content\/uploads\/2019\/11\/Mejorar-las-condiciones-de-vida-no-es-solo-una-cuesti%C3%B3n-econ%C3%B3mica-image.jpg","contentUrl":"https:\/\/media.acninternational.org\/wp-content\/uploads\/2019\/11\/Mejorar-las-condiciones-de-vida-no-es-solo-una-cuesti%C3%B3n-econ%C3%B3mica-image.jpg","width":1980,"height":800,"caption":"Mejorar las condiciones de vida no es solo una cuesti\u00f3n econ\u00f3mica"},{"@type":"BreadcrumbList","@id":"https:\/\/acninternational.org\/es\/mejorar-las-condiciones-de-vida-no-es-solo-una-cuestion-economica\/#breadcrumb","itemListElement":[{"@type":"ListItem","position":1,"name":"Home","item":"https:\/\/acninternational.org\/es\/"},{"@type":"ListItem","position":2,"name":"ENTREVISTAS","item":"https:\/\/acninternational.org\/es\/category\/entrevistas\/"},{"@type":"ListItem","position":3,"name":"Mejorar las condiciones de vida no es solo una cuesti\u00f3n econ\u00f3mica"}]},{"@type":"WebSite","@id":"https:\/\/acninternational.org\/es\/#website","url":"https:\/\/acninternational.org\/es\/","name":"ACN International","description":"","publisher":{"@id":"https:\/\/acninternational.org\/es\/#organization"},"potentialAction":[{"@type":"SearchAction","target":{"@type":"EntryPoint","urlTemplate":"https:\/\/acninternational.org\/es\/?s={search_term_string}"},"query-input":{"@type":"PropertyValueSpecification","valueRequired":true,"valueName":"search_term_string"}}],"inLanguage":"es"},{"@type":"Organization","@id":"https:\/\/acninternational.org\/es\/#organization","name":"Aid to the Church in Need International","url":"https:\/\/acninternational.org\/es\/","logo":{"@type":"ImageObject","inLanguage":"es","@id":"https:\/\/acninternational.org\/es\/#\/schema\/logo\/image\/","url":"https:\/\/media.acninternational.org\/wp-content\/uploads\/2019\/11\/acn_logo_blackvector.svg","contentUrl":"https:\/\/media.acninternational.org\/wp-content\/uploads\/2019\/11\/acn_logo_blackvector.svg","width":232.6,"height":78,"caption":"Aid to the Church in Need International"},"image":{"@id":"https:\/\/acninternational.org\/es\/#\/schema\/logo\/image\/"},"sameAs":["https:\/\/www.facebook.com\/acninternationalorg","https:\/\/x.com\/acn_int","https:\/\/www.youtube.com\/channel\/UCQ-077gS0TnVzkhHmf1opZw","https:\/\/www.instagram.com\/acn_international\/"]},{"@type":"Person","@id":"https:\/\/acninternational.org\/es\/#\/schema\/person\/5a7468d38fb12b1976b6eeda95c21ebc","name":"admin_acn","url":"https:\/\/acninternational.org\/es\/author\/admin_acn\/"}]}},"_links":{"self":[{"href":"https:\/\/acninternational.org\/es\/wp-json\/wp\/v2\/posts\/116388","targetHints":{"allow":["GET"]}}],"collection":[{"href":"https:\/\/acninternational.org\/es\/wp-json\/wp\/v2\/posts"}],"about":[{"href":"https:\/\/acninternational.org\/es\/wp-json\/wp\/v2\/types\/post"}],"author":[{"embeddable":true,"href":"https:\/\/acninternational.org\/es\/wp-json\/wp\/v2\/users\/1"}],"replies":[{"embeddable":true,"href":"https:\/\/acninternational.org\/es\/wp-json\/wp\/v2\/comments?post=116388"}],"version-history":[{"count":0,"href":"https:\/\/acninternational.org\/es\/wp-json\/wp\/v2\/posts\/116388\/revisions"}],"wp:featuredmedia":[{"embeddable":true,"href":"https:\/\/acninternational.org\/es\/wp-json\/wp\/v2\/media\/116389"}],"wp:attachment":[{"href":"https:\/\/acninternational.org\/es\/wp-json\/wp\/v2\/media?parent=116388"}],"wp:term":[{"taxonomy":"category","embeddable":true,"href":"https:\/\/acninternational.org\/es\/wp-json\/wp\/v2\/categories?post=116388"},{"taxonomy":"post_tag","embeddable":true,"href":"https:\/\/acninternational.org\/es\/wp-json\/wp\/v2\/tags?post=116388"},{"taxonomy":"country","embeddable":true,"href":"https:\/\/acninternational.org\/es\/wp-json\/wp\/v2\/country?post=116388"}],"curies":[{"name":"wp","href":"https:\/\/api.w.org\/{rel}","templated":true}]}}