{"id":116343,"date":"2017-11-29T00:00:00","date_gmt":"2017-11-28T23:00:00","guid":{"rendered":"https:\/\/acninternational.org\/sri-lanka-los-fundamentalistas-ven-una-amenaza-en-el-cristianismo\/"},"modified":"2017-11-29T00:00:00","modified_gmt":"2017-11-28T23:00:00","slug":"sri-lanka-los-fundamentalistas-ven-una-amenaza-en-el-cristianismo","status":"publish","type":"post","link":"https:\/\/acninternational.org\/es\/sri-lanka-los-fundamentalistas-ven-una-amenaza-en-el-cristianismo\/","title":{"rendered":"Sri Lanka: \u201cLos fundamentalistas ven una amenaza en el Cristianismo\u201d."},"content":{"rendered":"<p>[vc_row][vc_column][vc_column_text]<em>Mons. Noel Emmanuel, Obispo de la Di\u00f3cesis de Trincomalee en Sri Lanka oriental, ha visitado a sede internacional de la fundaci\u00f3n pontificia \u2018Ayuda a la Iglesia Necesitada\u2019 (ACN) en Alemania. En mayo de 2009 se declar\u00f3 oficialmente el fin de una guerra civil de 25 a\u00f1os de duraci\u00f3n. Los insurgentes separatistas tamiles, en su mayor\u00eda hinduistas, fueron derrotados por el Gobierno de la isla, que representa a la mayor\u00eda cingalesa y budista. Los Tigres de Liberaci\u00f3n del Eelam Tamil (LTTE, por sus siglas en ingl\u00e9s) exig\u00edan una mayor autonom\u00eda pol\u00edtica en las provincias orientales y septentrionales, que es donde se concentra la poblaci\u00f3n tamil. En una conversaci\u00f3n con Esther Gait\u00e1n-Fuertes, Mons. Emmanuel deplora la falta de inter\u00e9s del Gobierno esrilanqu\u00e9s a la hora de promover la reconciliaci\u00f3n tras d\u00e9cadas de conflicto. Adem\u00e1s, tambi\u00e9n se ha mostrado preocupado por la hostilidad de los fundamentalistas hacia los cristianos y las dem\u00e1s minor\u00edas.<\/em><\/p>\n<p><strong>ACN: \u00bfCu\u00e1l es actualmente la situaci\u00f3n del pueblo esrilanqu\u00e9s?<br \/>\n<\/strong>Mons. Noel Emmanuel: Sri Lanka est\u00e1 luchando en el \u00e1mbito econ\u00f3mico, nuestra principal fuente de ingresos es el turismo y tenemos una alta tasa de desempleo, sobre todo, entre los j\u00f3venes. Los licenciados universitarios protestan debido a la falta de perspectivas laborales. En el pasado, Sri Lanka sol\u00eda tener un alto \u00edndice de emigraci\u00f3n, pero este ahora ha disminuido. Una de las razones es que los emigrantes esrilanqueses tuvieron duras experiencias laborales en el extranjero, sobre todo las mujeres, y otra raz\u00f3n es que los ni\u00f1os dejados atr\u00e1s por sus padres \u2013especialmente, cuando tambi\u00e9n emigraba la madre\u2013 eran objeto de acoso e incluso abusos.<\/p>\n<p><strong>Su di\u00f3cesis se encuentra en la parte oriental del pa\u00eds, donde la mayor\u00eda es tamil. \u00bfC\u00f3mo es la situaci\u00f3n all\u00ed?<br \/>\n<\/strong>En la regi\u00f3n oriental hay mucho desempleo y todav\u00eda est\u00e1 sin resolver el problema de los desplazados. Cuando finaliz\u00f3 el conflicto, no les restituyeron las tierras confiscadas a sus antiguos propietarios, y ahora los militares se niegan a hacerlo porque las est\u00e1n explotando con hoteles, restaurantes, etc. que han construido en ellas. No obstante, el nuevo presidente ha logrado llevar a cabo importantes reasentamientos de poblaci\u00f3n incluso contra la voluntad de los militares.<\/p>\n<p>La parte oriental de Sri Lanka se compone de tres distritos que sol\u00edan formar una di\u00f3cesis, hasta que esta fue dividida en dos en julio de 2012: la Di\u00f3cesis de Batticaloa engloba ahora los distritos de Batticaloa y Ampara, donde la mayor\u00eda de los creyentes son tamiles; y la Di\u00f3cesis de Trincomalee, donde tenemos tanto tamiles como cingaleses, abarca el distrito del mismo nombre.<\/p>\n<p><strong>Tras tantos a\u00f1os de guerra civil, \u00bfha habido un proceso de reconciliaci\u00f3n en Sri Lanka?<br \/>\n<\/strong>Lo cierto es que no ha habido un proceso serio de reconciliaci\u00f3n tras la guerra porque la parte ganadora no lo ha considerado necesario: hab\u00edan ganado y ten\u00edan el control, y eso era suficiente. Para ellos, Sri Lanka es una naci\u00f3n cingalesa y budista, y no est\u00e1n interesados en la reconciliaci\u00f3n con los dem\u00e1s grupos. Tras dejar atr\u00e1s una guerra tan larga, ya no quieren pasar de nuevo por nada similar. Por tanto, los miembros supervivientes de los LTTE tuvieron que someterse a un programa de rehabilitaci\u00f3n, y ahora son objeto de constante vigilancia y tienen que presentarse peri\u00f3dicamente ante las autoridades.<\/p>\n<p>Por otro lado, sigue presente el problema de los desplazados cuyas tierras fueron confiscadas por los militares, y a\u00fan hay gente que organiza protestas contra el Gobierno y el Ej\u00e9rcito por esta cuesti\u00f3n. Cuando el Gobierno cambi\u00f3 en 2015, empezamos a albergar un poco de esperanza, pero el nuevo presidente no ha podido introducir cambios debido al sistema corrupto.<\/p>\n<p><strong>En este contexto pol\u00edtico, \u00bfcu\u00e1l es la posici\u00f3n de la Iglesia?<br \/>\n<\/strong>La Iglesia mantiene una buena relaci\u00f3n con el Gobierno; incluso hay un ministro cat\u00f3lico de Asuntos Cristianos con el que nos reunimos de vez en cuando para presentarle nuestras cuestiones. Como en estas reuniones est\u00e1n presentes altos funcionarios, resulta f\u00e1cil tomar decisiones. El ministro de Asuntos Cristianos se re\u00fane con los Obispos en la Conferencia Episcopal, por lo que existe una buena predisposici\u00f3n.<\/p>\n<p>Por tanto, por un lado hay algunos miembros del Gobierno con una actitud positiva, pero, por otro, tenemos el problema de los fundamentalistas budistas, que consideran que Sri Lanka deber\u00eda ser una naci\u00f3n exclusivamente budista y que intentan colonizar las zonas mayoritariamente tamiles del norte y el este, a fin de asegurarse de que haya cingaleses en dichas regiones.<\/p>\n<p><strong>\u00bfSon estos fundamentalistas budistas especialmente agresivos frente a los cristianos?<br \/>\n<\/strong>Los fundamentalistas ven una amenaza en el Cristianismo porque tenemos creyentes en ambos grupos \u00e9tnicos (tamil y cingal\u00e9s), mientras que los musulmanes e hinduistas son tamiles, y los budistas, cingaleses.<\/p>\n<p>En el norte, estos fundamentalistas est\u00e1n intentando destruir la cultura y la tradici\u00f3n tamiles, y lo hacen introduciendo alcohol, drogas e incluso prostituci\u00f3n para desorientar a la juventud. Los estudiantes del norte sol\u00edan sacar las mejores notas del pa\u00eds, pero ahora su rendimiento est\u00e1 disminuyendo. Los fundamentalistas incluso reciben apoyo econ\u00f3mico del Gobierno, porque no quieren que haya zonas cien por cien tamil-hinduistas tras lo que ocurri\u00f3 con el movimiento terrorista de los LTTE. Por ello promueven la colonizaci\u00f3n del norte y del este con musulmanes y cingaleses: para evitar situaciones similares. Incluso ocurre en mi di\u00f3cesis: el Gobierno presiona a los funcionarios locales para que no cedan tierras a los tamiles, sino a los cingaleses del sur.<\/p>\n<p><strong>\u00bfCu\u00e1l es la situaci\u00f3n actual de la Iglesia en Trincomalee?<br \/>\n<\/strong>Tenemos un total de 15 parroquias cuyos creyentes son asistidos por 36 sacerdotes nativos y 10 congregaciones religiosas. Ya no tenemos misioneros. Entre los cat\u00f3licos, los cingaleses son una minor\u00eda: tenemos comunidades cingalesas en solo tres parroquias.<\/p>\n<p>A la hora de determinar el destino de los sacerdotes, tenemos que tomar en consideraci\u00f3n la comunidad en la que va a servir. As\u00ed, en las tres parroquias que acabo de mencionar, el sacerdote debe saber hablar tanto cingal\u00e9s como tamil. Las Misas son o bien biling\u00fces, o bien en una de las dos lenguas, en funci\u00f3n del n\u00famero de creyentes que asista a cada Misa.<\/p>\n<p>La di\u00f3cesis tiene problemas financieros, pues hay que renovar Iglesias da\u00f1adas, construir de cero iglesia nuevas o erigir nuevas parroquias, y nuestros recursos son muy limitados.<\/p>\n<p><strong>\u00bfY cu\u00e1les son los principales retos en su di\u00f3cesis?<\/strong><\/p>\n<p>Nuestro principal reto es la educaci\u00f3n. Los cat\u00f3licos son una minor\u00eda, pero como los musulmanes y los tamiles hinduistas est\u00e1n a cargo de Educaci\u00f3n, los buenos maestros van a parar a las escuelas musulmanas e hinduistas. Tenemos ocho escuelas p\u00fablicas cat\u00f3licas con personal religioso. He organizado con todos los directores de escuela cat\u00f3licos un foro en cuyo marco nos organizamos peri\u00f3dicamente para compartir problemas y soluciones como, por ejemplo, clases particulares adicionales para estudiantes cristianos y seminarios para apoyar a las escuelas cat\u00f3licas.<\/p>\n<p>Otro reto, sobre todo en una parroquia remota en la que prevalecen los cingaleses, se debe a dos monjes budistas fundamentalistas. Muchas familias all\u00ed son mixtas, cat\u00f3licas y budistas, y estos monjes las invitan a su templo y les compran cosas para intentar convertirlas. A estos monjes los apoyan oficiales del Ej\u00e9rcito que tambi\u00e9n son budistas.<\/p>\n<p>El desarrollo, la rehabilitaci\u00f3n y la reconciliaci\u00f3n no ser\u00e1n posibles si Sri Lanka no cambia de actitud. No obstante, la Iglesia Cat\u00f3lica siempre trabaja en aras de la reconciliaci\u00f3n y la paz.<\/p>\n<p><em>En los \u00faltimos a\u00f1os, ACN ha apoyado a la Di\u00f3cesis de Trincomalee para poner a punto las obras de un centro de catequesis. Mons. Noel Emmanuel ha enviado un mensaje de profunda gratitud a los amigos y benefactores de ACN en nombre de la Iglesia esrilanquesa: \u201cEstamos muy agradecidos por el apoyo y las oraciones de ACN en favor del pueblo esrilanqu\u00e9s durante las d\u00e9cadas de guerra civil\u201d, ha dicho. \u201cAyuda a la Iglesia Necesitada es un gran sost\u00e9n para nuestra di\u00f3cesis [\u2026] Rezamos por vosotros que no nos conoc\u00e9is, pero que no dud\u00e1is en apoyarnos, tanto econ\u00f3micamente como a trav\u00e9s de la oraci\u00f3n. Gracias y que Dios os bendiga\u201d. <\/em>[\/vc_column_text][\/vc_column][\/vc_row]<\/p>\n","protected":false},"excerpt":{"rendered":"<p>[vc_row][vc_column][vc_column_text]Mons. Noel Emmanuel, Obispo de la Di\u00f3cesis de Trincomalee en Sri Lanka oriental, ha visitado a sede internacional de la<\/p>\n","protected":false},"author":1,"featured_media":116344,"comment_status":"open","ping_status":"open","sticky":false,"template":"","format":"standard","meta":{"_acf_changed":false,"_acn_coauthor_ids":[],"footnotes":""},"categories":[745],"tags":[],"country":[],"class_list":["post-116343","post","type-post","status-publish","format-standard","has-post-thumbnail","hentry","category-entrevistas"],"acn_coauthors":[],"acf":[],"yoast_head":"<!-- This site is optimized with the Yoast SEO Premium plugin v27.3 (Yoast SEO v27.3) - https:\/\/yoast.com\/product\/yoast-seo-premium-wordpress\/ -->\n<title>Sri Lanka: \u201cLos fundamentalistas ven una amenaza en el Cristianismo\u201d. | ACN International<\/title>\n<meta name=\"robots\" content=\"index, follow, max-snippet:-1, max-image-preview:large, max-video-preview:-1\" \/>\n<link rel=\"canonical\" href=\"https:\/\/acninternational.org\/es\/sri-lanka-los-fundamentalistas-ven-una-amenaza-en-el-cristianismo\/\" \/>\n<meta property=\"og:locale\" content=\"es_ES\" \/>\n<meta property=\"og:type\" content=\"article\" \/>\n<meta property=\"og:title\" content=\"Sri Lanka: \u201cLos fundamentalistas ven una amenaza en el Cristianismo\u201d.\" \/>\n<meta property=\"og:description\" content=\"[vc_row][vc_column][vc_column_text]Mons. Noel Emmanuel, Obispo de la Di\u00f3cesis de Trincomalee en Sri Lanka oriental, ha visitado a sede internacional de la\" \/>\n<meta property=\"og:url\" content=\"https:\/\/acninternational.org\/es\/sri-lanka-los-fundamentalistas-ven-una-amenaza-en-el-cristianismo\/\" \/>\n<meta property=\"og:site_name\" content=\"ACN International\" \/>\n<meta property=\"article:publisher\" content=\"https:\/\/www.facebook.com\/acninternationalorg\" \/>\n<meta property=\"article:published_time\" content=\"2017-11-28T23:00:00+00:00\" \/>\n<meta property=\"og:image\" content=\"https:\/\/media.acninternational.org\/wp-content\/uploads\/2019\/11\/Sri-Lanka-%E2%80%9CLos-fundamentalistas-ven-una-amenaza-en-el-Cristianismo%E2%80%9D.-image.jpg\" \/>\n\t<meta property=\"og:image:width\" content=\"1980\" \/>\n\t<meta property=\"og:image:height\" content=\"800\" \/>\n\t<meta property=\"og:image:type\" content=\"image\/jpeg\" \/>\n<meta name=\"author\" content=\"admin_acn\" \/>\n<meta name=\"twitter:card\" content=\"summary_large_image\" \/>\n<meta name=\"twitter:creator\" content=\"@acn_int\" \/>\n<meta name=\"twitter:site\" content=\"@acn_int\" \/>\n<meta name=\"twitter:label1\" content=\"Escrito por\" \/>\n\t<meta name=\"twitter:data1\" content=\"admin_acn\" \/>\n\t<meta name=\"twitter:label2\" content=\"Tiempo de lectura\" \/>\n\t<meta name=\"twitter:data2\" content=\"7 minutos\" \/>\n<script type=\"application\/ld+json\" class=\"yoast-schema-graph\">{\"@context\":\"https:\\\/\\\/schema.org\",\"@graph\":[{\"@type\":\"Article\",\"@id\":\"https:\\\/\\\/acninternational.org\\\/es\\\/sri-lanka-los-fundamentalistas-ven-una-amenaza-en-el-cristianismo\\\/#article\",\"isPartOf\":{\"@id\":\"https:\\\/\\\/acninternational.org\\\/es\\\/sri-lanka-los-fundamentalistas-ven-una-amenaza-en-el-cristianismo\\\/\"},\"author\":{\"name\":\"admin_acn\",\"@id\":\"https:\\\/\\\/acninternational.org\\\/es\\\/#\\\/schema\\\/person\\\/5a7468d38fb12b1976b6eeda95c21ebc\"},\"headline\":\"Sri Lanka: \u201cLos fundamentalistas ven una amenaza en el Cristianismo\u201d.\",\"datePublished\":\"2017-11-28T23:00:00+00:00\",\"mainEntityOfPage\":{\"@id\":\"https:\\\/\\\/acninternational.org\\\/es\\\/sri-lanka-los-fundamentalistas-ven-una-amenaza-en-el-cristianismo\\\/\"},\"wordCount\":1456,\"commentCount\":0,\"publisher\":{\"@id\":\"https:\\\/\\\/acninternational.org\\\/es\\\/#organization\"},\"image\":{\"@id\":\"https:\\\/\\\/acninternational.org\\\/es\\\/sri-lanka-los-fundamentalistas-ven-una-amenaza-en-el-cristianismo\\\/#primaryimage\"},\"thumbnailUrl\":\"https:\\\/\\\/media.acninternational.org\\\/wp-content\\\/uploads\\\/2019\\\/11\\\/Sri-Lanka-%E2%80%9CLos-fundamentalistas-ven-una-amenaza-en-el-Cristianismo%E2%80%9D.-image.jpg\",\"articleSection\":[\"ENTREVISTAS\"],\"inLanguage\":\"es\",\"potentialAction\":[{\"@type\":\"CommentAction\",\"name\":\"Comment\",\"target\":[\"https:\\\/\\\/acninternational.org\\\/es\\\/sri-lanka-los-fundamentalistas-ven-una-amenaza-en-el-cristianismo\\\/#respond\"]}]},{\"@type\":\"WebPage\",\"@id\":\"https:\\\/\\\/acninternational.org\\\/es\\\/sri-lanka-los-fundamentalistas-ven-una-amenaza-en-el-cristianismo\\\/\",\"url\":\"https:\\\/\\\/acninternational.org\\\/es\\\/sri-lanka-los-fundamentalistas-ven-una-amenaza-en-el-cristianismo\\\/\",\"name\":\"Sri Lanka: \u201cLos fundamentalistas ven una amenaza en el Cristianismo\u201d. | ACN International\",\"isPartOf\":{\"@id\":\"https:\\\/\\\/acninternational.org\\\/es\\\/#website\"},\"primaryImageOfPage\":{\"@id\":\"https:\\\/\\\/acninternational.org\\\/es\\\/sri-lanka-los-fundamentalistas-ven-una-amenaza-en-el-cristianismo\\\/#primaryimage\"},\"image\":{\"@id\":\"https:\\\/\\\/acninternational.org\\\/es\\\/sri-lanka-los-fundamentalistas-ven-una-amenaza-en-el-cristianismo\\\/#primaryimage\"},\"thumbnailUrl\":\"https:\\\/\\\/media.acninternational.org\\\/wp-content\\\/uploads\\\/2019\\\/11\\\/Sri-Lanka-%E2%80%9CLos-fundamentalistas-ven-una-amenaza-en-el-Cristianismo%E2%80%9D.-image.jpg\",\"datePublished\":\"2017-11-28T23:00:00+00:00\",\"breadcrumb\":{\"@id\":\"https:\\\/\\\/acninternational.org\\\/es\\\/sri-lanka-los-fundamentalistas-ven-una-amenaza-en-el-cristianismo\\\/#breadcrumb\"},\"inLanguage\":\"es\",\"potentialAction\":[{\"@type\":\"ReadAction\",\"target\":[\"https:\\\/\\\/acninternational.org\\\/es\\\/sri-lanka-los-fundamentalistas-ven-una-amenaza-en-el-cristianismo\\\/\"]}]},{\"@type\":\"ImageObject\",\"inLanguage\":\"es\",\"@id\":\"https:\\\/\\\/acninternational.org\\\/es\\\/sri-lanka-los-fundamentalistas-ven-una-amenaza-en-el-cristianismo\\\/#primaryimage\",\"url\":\"https:\\\/\\\/media.acninternational.org\\\/wp-content\\\/uploads\\\/2019\\\/11\\\/Sri-Lanka-%E2%80%9CLos-fundamentalistas-ven-una-amenaza-en-el-Cristianismo%E2%80%9D.-image.jpg\",\"contentUrl\":\"https:\\\/\\\/media.acninternational.org\\\/wp-content\\\/uploads\\\/2019\\\/11\\\/Sri-Lanka-%E2%80%9CLos-fundamentalistas-ven-una-amenaza-en-el-Cristianismo%E2%80%9D.-image.jpg\",\"width\":1980,\"height\":800,\"caption\":\"Sri Lanka: \u201cLos fundamentalistas ven una amenaza en el Cristianismo\u201d.\"},{\"@type\":\"BreadcrumbList\",\"@id\":\"https:\\\/\\\/acninternational.org\\\/es\\\/sri-lanka-los-fundamentalistas-ven-una-amenaza-en-el-cristianismo\\\/#breadcrumb\",\"itemListElement\":[{\"@type\":\"ListItem\",\"position\":1,\"name\":\"Home\",\"item\":\"https:\\\/\\\/acninternational.org\\\/es\\\/\"},{\"@type\":\"ListItem\",\"position\":2,\"name\":\"ENTREVISTAS\",\"item\":\"https:\\\/\\\/acninternational.org\\\/es\\\/category\\\/entrevistas\\\/\"},{\"@type\":\"ListItem\",\"position\":3,\"name\":\"Sri Lanka: \u201cLos fundamentalistas ven una amenaza en el Cristianismo\u201d.\"}]},{\"@type\":\"WebSite\",\"@id\":\"https:\\\/\\\/acninternational.org\\\/es\\\/#website\",\"url\":\"https:\\\/\\\/acninternational.org\\\/es\\\/\",\"name\":\"ACN International\",\"description\":\"\",\"publisher\":{\"@id\":\"https:\\\/\\\/acninternational.org\\\/es\\\/#organization\"},\"potentialAction\":[{\"@type\":\"SearchAction\",\"target\":{\"@type\":\"EntryPoint\",\"urlTemplate\":\"https:\\\/\\\/acninternational.org\\\/es\\\/?s={search_term_string}\"},\"query-input\":{\"@type\":\"PropertyValueSpecification\",\"valueRequired\":true,\"valueName\":\"search_term_string\"}}],\"inLanguage\":\"es\"},{\"@type\":\"Organization\",\"@id\":\"https:\\\/\\\/acninternational.org\\\/es\\\/#organization\",\"name\":\"Aid to the Church in Need International\",\"url\":\"https:\\\/\\\/acninternational.org\\\/es\\\/\",\"logo\":{\"@type\":\"ImageObject\",\"inLanguage\":\"es\",\"@id\":\"https:\\\/\\\/acninternational.org\\\/es\\\/#\\\/schema\\\/logo\\\/image\\\/\",\"url\":\"https:\\\/\\\/media.acninternational.org\\\/wp-content\\\/uploads\\\/2019\\\/11\\\/acn_logo_blackvector.svg\",\"contentUrl\":\"https:\\\/\\\/media.acninternational.org\\\/wp-content\\\/uploads\\\/2019\\\/11\\\/acn_logo_blackvector.svg\",\"width\":232.6,\"height\":78,\"caption\":\"Aid to the Church in Need International\"},\"image\":{\"@id\":\"https:\\\/\\\/acninternational.org\\\/es\\\/#\\\/schema\\\/logo\\\/image\\\/\"},\"sameAs\":[\"https:\\\/\\\/www.facebook.com\\\/acninternationalorg\",\"https:\\\/\\\/x.com\\\/acn_int\",\"https:\\\/\\\/www.youtube.com\\\/channel\\\/UCQ-077gS0TnVzkhHmf1opZw\",\"https:\\\/\\\/www.instagram.com\\\/acn_international\\\/\"]},{\"@type\":\"Person\",\"@id\":\"https:\\\/\\\/acninternational.org\\\/es\\\/#\\\/schema\\\/person\\\/5a7468d38fb12b1976b6eeda95c21ebc\",\"name\":\"admin_acn\",\"url\":\"https:\\\/\\\/acninternational.org\\\/es\\\/author\\\/admin_acn\\\/\"}]}<\/script>\n<!-- \/ Yoast SEO Premium plugin. -->","yoast_head_json":{"title":"Sri Lanka: \u201cLos fundamentalistas ven una amenaza en el Cristianismo\u201d. | ACN International","robots":{"index":"index","follow":"follow","max-snippet":"max-snippet:-1","max-image-preview":"max-image-preview:large","max-video-preview":"max-video-preview:-1"},"canonical":"https:\/\/acninternational.org\/es\/sri-lanka-los-fundamentalistas-ven-una-amenaza-en-el-cristianismo\/","og_locale":"es_ES","og_type":"article","og_title":"Sri Lanka: \u201cLos fundamentalistas ven una amenaza en el Cristianismo\u201d.","og_description":"[vc_row][vc_column][vc_column_text]Mons. Noel Emmanuel, Obispo de la Di\u00f3cesis de Trincomalee en Sri Lanka oriental, ha visitado a sede internacional de la","og_url":"https:\/\/acninternational.org\/es\/sri-lanka-los-fundamentalistas-ven-una-amenaza-en-el-cristianismo\/","og_site_name":"ACN International","article_publisher":"https:\/\/www.facebook.com\/acninternationalorg","article_published_time":"2017-11-28T23:00:00+00:00","og_image":[{"width":1980,"height":800,"url":"https:\/\/media.acninternational.org\/wp-content\/uploads\/2019\/11\/Sri-Lanka-%E2%80%9CLos-fundamentalistas-ven-una-amenaza-en-el-Cristianismo%E2%80%9D.-image.jpg","type":"image\/jpeg"}],"author":"admin_acn","twitter_card":"summary_large_image","twitter_creator":"@acn_int","twitter_site":"@acn_int","twitter_misc":{"Escrito por":"admin_acn","Tiempo de lectura":"7 minutos"},"schema":{"@context":"https:\/\/schema.org","@graph":[{"@type":"Article","@id":"https:\/\/acninternational.org\/es\/sri-lanka-los-fundamentalistas-ven-una-amenaza-en-el-cristianismo\/#article","isPartOf":{"@id":"https:\/\/acninternational.org\/es\/sri-lanka-los-fundamentalistas-ven-una-amenaza-en-el-cristianismo\/"},"author":{"name":"admin_acn","@id":"https:\/\/acninternational.org\/es\/#\/schema\/person\/5a7468d38fb12b1976b6eeda95c21ebc"},"headline":"Sri Lanka: \u201cLos fundamentalistas ven una amenaza en el Cristianismo\u201d.","datePublished":"2017-11-28T23:00:00+00:00","mainEntityOfPage":{"@id":"https:\/\/acninternational.org\/es\/sri-lanka-los-fundamentalistas-ven-una-amenaza-en-el-cristianismo\/"},"wordCount":1456,"commentCount":0,"publisher":{"@id":"https:\/\/acninternational.org\/es\/#organization"},"image":{"@id":"https:\/\/acninternational.org\/es\/sri-lanka-los-fundamentalistas-ven-una-amenaza-en-el-cristianismo\/#primaryimage"},"thumbnailUrl":"https:\/\/media.acninternational.org\/wp-content\/uploads\/2019\/11\/Sri-Lanka-%E2%80%9CLos-fundamentalistas-ven-una-amenaza-en-el-Cristianismo%E2%80%9D.-image.jpg","articleSection":["ENTREVISTAS"],"inLanguage":"es","potentialAction":[{"@type":"CommentAction","name":"Comment","target":["https:\/\/acninternational.org\/es\/sri-lanka-los-fundamentalistas-ven-una-amenaza-en-el-cristianismo\/#respond"]}]},{"@type":"WebPage","@id":"https:\/\/acninternational.org\/es\/sri-lanka-los-fundamentalistas-ven-una-amenaza-en-el-cristianismo\/","url":"https:\/\/acninternational.org\/es\/sri-lanka-los-fundamentalistas-ven-una-amenaza-en-el-cristianismo\/","name":"Sri Lanka: \u201cLos fundamentalistas ven una amenaza en el Cristianismo\u201d. | ACN International","isPartOf":{"@id":"https:\/\/acninternational.org\/es\/#website"},"primaryImageOfPage":{"@id":"https:\/\/acninternational.org\/es\/sri-lanka-los-fundamentalistas-ven-una-amenaza-en-el-cristianismo\/#primaryimage"},"image":{"@id":"https:\/\/acninternational.org\/es\/sri-lanka-los-fundamentalistas-ven-una-amenaza-en-el-cristianismo\/#primaryimage"},"thumbnailUrl":"https:\/\/media.acninternational.org\/wp-content\/uploads\/2019\/11\/Sri-Lanka-%E2%80%9CLos-fundamentalistas-ven-una-amenaza-en-el-Cristianismo%E2%80%9D.-image.jpg","datePublished":"2017-11-28T23:00:00+00:00","breadcrumb":{"@id":"https:\/\/acninternational.org\/es\/sri-lanka-los-fundamentalistas-ven-una-amenaza-en-el-cristianismo\/#breadcrumb"},"inLanguage":"es","potentialAction":[{"@type":"ReadAction","target":["https:\/\/acninternational.org\/es\/sri-lanka-los-fundamentalistas-ven-una-amenaza-en-el-cristianismo\/"]}]},{"@type":"ImageObject","inLanguage":"es","@id":"https:\/\/acninternational.org\/es\/sri-lanka-los-fundamentalistas-ven-una-amenaza-en-el-cristianismo\/#primaryimage","url":"https:\/\/media.acninternational.org\/wp-content\/uploads\/2019\/11\/Sri-Lanka-%E2%80%9CLos-fundamentalistas-ven-una-amenaza-en-el-Cristianismo%E2%80%9D.-image.jpg","contentUrl":"https:\/\/media.acninternational.org\/wp-content\/uploads\/2019\/11\/Sri-Lanka-%E2%80%9CLos-fundamentalistas-ven-una-amenaza-en-el-Cristianismo%E2%80%9D.-image.jpg","width":1980,"height":800,"caption":"Sri Lanka: \u201cLos fundamentalistas ven una amenaza en el Cristianismo\u201d."},{"@type":"BreadcrumbList","@id":"https:\/\/acninternational.org\/es\/sri-lanka-los-fundamentalistas-ven-una-amenaza-en-el-cristianismo\/#breadcrumb","itemListElement":[{"@type":"ListItem","position":1,"name":"Home","item":"https:\/\/acninternational.org\/es\/"},{"@type":"ListItem","position":2,"name":"ENTREVISTAS","item":"https:\/\/acninternational.org\/es\/category\/entrevistas\/"},{"@type":"ListItem","position":3,"name":"Sri Lanka: \u201cLos fundamentalistas ven una amenaza en el Cristianismo\u201d."}]},{"@type":"WebSite","@id":"https:\/\/acninternational.org\/es\/#website","url":"https:\/\/acninternational.org\/es\/","name":"ACN International","description":"","publisher":{"@id":"https:\/\/acninternational.org\/es\/#organization"},"potentialAction":[{"@type":"SearchAction","target":{"@type":"EntryPoint","urlTemplate":"https:\/\/acninternational.org\/es\/?s={search_term_string}"},"query-input":{"@type":"PropertyValueSpecification","valueRequired":true,"valueName":"search_term_string"}}],"inLanguage":"es"},{"@type":"Organization","@id":"https:\/\/acninternational.org\/es\/#organization","name":"Aid to the Church in Need International","url":"https:\/\/acninternational.org\/es\/","logo":{"@type":"ImageObject","inLanguage":"es","@id":"https:\/\/acninternational.org\/es\/#\/schema\/logo\/image\/","url":"https:\/\/media.acninternational.org\/wp-content\/uploads\/2019\/11\/acn_logo_blackvector.svg","contentUrl":"https:\/\/media.acninternational.org\/wp-content\/uploads\/2019\/11\/acn_logo_blackvector.svg","width":232.6,"height":78,"caption":"Aid to the Church in Need International"},"image":{"@id":"https:\/\/acninternational.org\/es\/#\/schema\/logo\/image\/"},"sameAs":["https:\/\/www.facebook.com\/acninternationalorg","https:\/\/x.com\/acn_int","https:\/\/www.youtube.com\/channel\/UCQ-077gS0TnVzkhHmf1opZw","https:\/\/www.instagram.com\/acn_international\/"]},{"@type":"Person","@id":"https:\/\/acninternational.org\/es\/#\/schema\/person\/5a7468d38fb12b1976b6eeda95c21ebc","name":"admin_acn","url":"https:\/\/acninternational.org\/es\/author\/admin_acn\/"}]}},"_links":{"self":[{"href":"https:\/\/acninternational.org\/es\/wp-json\/wp\/v2\/posts\/116343","targetHints":{"allow":["GET"]}}],"collection":[{"href":"https:\/\/acninternational.org\/es\/wp-json\/wp\/v2\/posts"}],"about":[{"href":"https:\/\/acninternational.org\/es\/wp-json\/wp\/v2\/types\/post"}],"author":[{"embeddable":true,"href":"https:\/\/acninternational.org\/es\/wp-json\/wp\/v2\/users\/1"}],"replies":[{"embeddable":true,"href":"https:\/\/acninternational.org\/es\/wp-json\/wp\/v2\/comments?post=116343"}],"version-history":[{"count":0,"href":"https:\/\/acninternational.org\/es\/wp-json\/wp\/v2\/posts\/116343\/revisions"}],"wp:featuredmedia":[{"embeddable":true,"href":"https:\/\/acninternational.org\/es\/wp-json\/wp\/v2\/media\/116344"}],"wp:attachment":[{"href":"https:\/\/acninternational.org\/es\/wp-json\/wp\/v2\/media?parent=116343"}],"wp:term":[{"taxonomy":"category","embeddable":true,"href":"https:\/\/acninternational.org\/es\/wp-json\/wp\/v2\/categories?post=116343"},{"taxonomy":"post_tag","embeddable":true,"href":"https:\/\/acninternational.org\/es\/wp-json\/wp\/v2\/tags?post=116343"},{"taxonomy":"country","embeddable":true,"href":"https:\/\/acninternational.org\/es\/wp-json\/wp\/v2\/country?post=116343"}],"curies":[{"name":"wp","href":"https:\/\/api.w.org\/{rel}","templated":true}]}}