{"id":116307,"date":"2017-11-27T00:00:00","date_gmt":"2017-11-26T23:00:00","guid":{"rendered":"https:\/\/acninternational.org\/todo-el-pais-quiere-la-paz-y-la-reconciliacion\/"},"modified":"2017-11-27T00:00:00","modified_gmt":"2017-11-26T23:00:00","slug":"todo-el-pais-quiere-la-paz-y-la-reconciliacion","status":"publish","type":"post","link":"https:\/\/acninternational.org\/es\/todo-el-pais-quiere-la-paz-y-la-reconciliacion\/","title":{"rendered":"\u201cTodo el pa\u00eds quiere la paz y la reconciliaci\u00f3n\u201d"},"content":{"rendered":"<p>[vc_row][vc_column][vc_column_text]<em>El Papa Francisco visitar\u00e1 Birmania (Myanmar) del 27 al 30 de noviembre este a\u00f1o. Aunque los cat\u00f3licos sean una minor\u00eda de tan solo un 5% en este pa\u00eds donde m\u00e1s del 87% es budista, se espera que asistan a la Santa Misa que el Papa celebrar\u00e1 el 29 de noviembre en el estadio de Kyaikkasan de Rang\u00fan m\u00e1s de 300.000 personas de las 16 di\u00f3cesis del pa\u00eds. Incluso entre los no cristianos hay mucho inter\u00e9s por la visita pontificia.<\/em><\/p>\n<p><em>El Obispo de la Di\u00f3cesis de Pathein, Mons. John Hsane Hgyi, ha hablado hace poco con la fundaci\u00f3n pontificia internacional <strong>Ayuda a la Iglesia Necesitada (ACN)<\/strong> sobre la importancia de la visita del Papa a este castigado pa\u00eds que hasta 2011 estuvo gobernado por una junta militar. <\/em><\/p>\n<p><strong>ACN:<\/strong> <strong>\u00bfC\u00f3mo describir\u00eda usted la situaci\u00f3n actual de la minor\u00eda cristiana en Myanmar?<\/strong><\/p>\n<p><strong>Mons. John Hsane Hgyi:<\/strong> En Myanmar, los cristianos representan en torno al 5% de la poblaci\u00f3n total del pa\u00eds, equivalente a 51 millones de habitantes. Los cristianos son una peque\u00f1a minor\u00eda que convive con la mayor\u00eda budista de la escuela theravada en Myanmar. Pero, aunque sea peque\u00f1a en t\u00e9rminos porcentuales, la presencia cristiana en Myanmar es din\u00e1mica y cuenta con s\u00f3lidas estructuras e instituciones.<\/p>\n<p><strong>\u00bfQu\u00e9 significa esto para la Iglesia Cat\u00f3lica en particular?<\/strong><\/p>\n<p>La Iglesia Cat\u00f3lica birmana se compone de 16 di\u00f3cesis que se extienden por los 14 estados y regiones del pa\u00eds, y est\u00e1 presente entre los ocho principales grupos \u00e9tnicos. La llegada del Cristianismo ocurri\u00f3 en los tiempos del descubrimiento del Nuevo Mundo por los aventureros europeos en el siglo XVI, aunque una labor misionera bien organizada no tuvo lugar hasta el siglo XVIII. M\u00e1s tarde, la Iglesia de Myanmar sufri\u00f3 una fuerte represi\u00f3n durante los tiempos del gobierno militar, que dur\u00f3 de 1962 a 2010. Ahora, pese a afrontar numerosas dificultades, la Iglesia est\u00e1 creciendo: actualmente, la poblaci\u00f3n cat\u00f3lica cuenta con unos 700.000 creyentes.<\/p>\n<p><strong>\u00bfQu\u00e9 expectativas o esperanzas deposita usted en la visita del Papa Francisco<\/strong><strong>?<\/strong><\/p>\n<p>La visita apost\u00f3lica del Papa Francisco a Birmania es un acontecimiento profundamente significativo que nos llena de gozo; es una visita hist\u00f3rica, pues ser\u00e1 la primera visita que jam\u00e1s haya hecho un sucesor de San Pedro a nuestro pa\u00eds. No solo toda la Iglesia Cat\u00f3lica birmana, sino toda la naci\u00f3n ha acogido con sorpresa y excitaci\u00f3n la elecci\u00f3n de Myanmar para la visita apost\u00f3lica. El tema de la visita del Papa es Amor y Paz. Todo el pa\u00eds desea la paz y la reconciliaci\u00f3n en este periodo de transici\u00f3n que atraviesa el pa\u00eds, un pa\u00eds que se encuentra en un proceso de democratizaci\u00f3n y de construcci\u00f3n de una nueva naci\u00f3n de Myanmar. La visita del Papa Francisco tendr\u00e1 un gran impacto en el proceso de paz que han iniciado el Gobierno, los l\u00edderes religiosos y las organizaciones civiles.<\/p>\n<p><strong>\u00bfSe habla de la visita pontificia en los medios de comunicaci\u00f3n<\/strong><strong>?<\/strong><\/p>\n<p>Desde el anuncio oficial de la visita del Papa Francisco a Myanmar, realizado por el Vaticano en la \u00faltima semana de agosto, la visita pontificia se ha convertido en un tema popular en los medios de comunicaci\u00f3n birmanos, que publicitan todos los detalles de las actividades previstas, entre ellos, Radio Veritas Asia Myanmar Services, tanto por aire como por Internet.<\/p>\n<p><strong>\u00bfPodr\u00eda contarnos alguna an\u00e9cdota edificante en relaci\u00f3n con la recepci\u00f3n del anuncio de la visita del Papa por parte de los cat\u00f3licos<\/strong><strong>?<\/strong><\/p>\n<p>Las tarjetas de oraci\u00f3n para la visita pontificia a Myanmar fueron preparadas para su distribuci\u00f3n en la Di\u00f3cesis de Pathein. El d\u00eda en que se hizo p\u00fablica la noticia del anuncio oficial de la visita del Papa Francisco, todas las parroquias, conventos y el seminario de la Di\u00f3cesis de Pathein dispon\u00edan ya de ellas. As\u00ed, todos empezaron a rezar, tanto individualmente como en comunidad y con profunda emoci\u00f3n.<\/p>\n<p><strong>\u00bfQu\u00e9 contribuci\u00f3n puede hacer la Iglesia Cat\u00f3lica al desarrollo pac\u00edfico de Myanmar<\/strong><strong>?<\/strong><\/p>\n<p>El mensaje de la visita del Papa es Amor y Paz en Myanmar. \u201cLa paz es posible y la paz es el \u00fanico camino\u201d: este es el lema de la Iglesia birmana para la Conferencia Interreligiosa que organiz\u00f3 para abril de 2017 en Rang\u00fan. La Iglesia Cat\u00f3lica birmana debe ahora desempe\u00f1ar un papel preeminente en el proceso de construcci\u00f3n del pa\u00eds y en la reconciliaci\u00f3n nacional. La visita del Papa realmente subrayar\u00e1 el papel que la Iglesia Cat\u00f3lica birmana puede desempe\u00f1ar en aras del desarrollo pac\u00edfico del pa\u00eds.<\/p>\n<p><strong>\u00bfCu\u00e1les son los principales desaf\u00edos pastorales para la Iglesia Cat\u00f3lica en su pa\u00eds<\/strong><strong>?<\/strong><\/p>\n<p>La mayor\u00eda de nuestros fieles cat\u00f3licos viven en zonas rurales y remotas, pues la mayor\u00eda de la gente birmana no habita en ciudades. Todav\u00eda hay cat\u00f3licos en \u00e1reas remotas de dif\u00edcil acceso a los que no conducen medios de transporte adecuados. Muchos ni\u00f1os no van a la escuela, pues hay una falta de acceso a la escolaridad y a una educaci\u00f3n de calidad. Debido a ello hay problemas de inseguridad alimentaria, lo cual ha conducido a una emigraci\u00f3n insegura y al tr\u00e1fico de personas. El desarrollo de las zonas rurales debe ser abordado con un esfuerzo colectivo. Puede resultar dif\u00edcil garantizar a los cat\u00f3licos una formaci\u00f3n religiosa y una asistencia pastoral seria, pues en algunas zonas todav\u00eda se libran conflictos armados todav\u00eda irresueltos. Ofrecer una asistencia pastoral a estas gentes en estas circunstancias siempre es un reto.[\/vc_column_text][\/vc_column][\/vc_row]<\/p>\n","protected":false},"excerpt":{"rendered":"<p>[vc_row][vc_column][vc_column_text]El Papa Francisco visitar\u00e1 Birmania (Myanmar) del 27 al 30 de noviembre este a\u00f1o. Aunque los cat\u00f3licos sean una minor\u00eda<\/p>\n","protected":false},"author":1,"featured_media":116308,"comment_status":"open","ping_status":"open","sticky":false,"template":"","format":"standard","meta":{"_acf_changed":false,"_acn_coauthor_ids":[],"_acn_featured_article":false,"footnotes":""},"categories":[745],"tags":[],"country":[],"class_list":["post-116307","post","type-post","status-publish","format-standard","has-post-thumbnail","hentry","category-entrevistas"],"acn_coauthors":[],"acf":[],"yoast_head":"<!-- This site is optimized with the Yoast SEO Premium plugin v27.5 (Yoast SEO v27.5) - https:\/\/yoast.com\/product\/yoast-seo-premium-wordpress\/ -->\n<title>\u201cTodo el pa\u00eds quiere la paz y la reconciliaci\u00f3n\u201d | ACN International<\/title>\n<meta name=\"robots\" content=\"index, follow, max-snippet:-1, max-image-preview:large, max-video-preview:-1\" \/>\n<link rel=\"canonical\" href=\"https:\/\/acninternational.org\/es\/todo-el-pais-quiere-la-paz-y-la-reconciliacion\/\" \/>\n<meta property=\"og:locale\" content=\"es_ES\" \/>\n<meta property=\"og:type\" content=\"article\" \/>\n<meta property=\"og:title\" content=\"\u201cTodo el pa\u00eds quiere la paz y la reconciliaci\u00f3n\u201d\" \/>\n<meta property=\"og:description\" content=\"[vc_row][vc_column][vc_column_text]El Papa Francisco visitar\u00e1 Birmania (Myanmar) del 27 al 30 de noviembre este a\u00f1o. Aunque los cat\u00f3licos sean una minor\u00eda\" \/>\n<meta property=\"og:url\" content=\"https:\/\/acninternational.org\/es\/todo-el-pais-quiere-la-paz-y-la-reconciliacion\/\" \/>\n<meta property=\"og:site_name\" content=\"ACN International\" \/>\n<meta property=\"article:publisher\" content=\"https:\/\/www.facebook.com\/acninternationalorg\" \/>\n<meta property=\"article:published_time\" content=\"2017-11-26T23:00:00+00:00\" \/>\n<meta property=\"og:image\" content=\"https:\/\/media.acninternational.org\/wp-content\/uploads\/2019\/11\/%E2%80%9CTodo-el-pa%C3%ADs-quiere-la-paz-y-la-reconciliaci%C3%B3n%E2%80%9D-image.jpg\" \/>\n\t<meta property=\"og:image:width\" content=\"1980\" \/>\n\t<meta property=\"og:image:height\" content=\"800\" \/>\n\t<meta property=\"og:image:type\" content=\"image\/jpeg\" \/>\n<meta name=\"author\" content=\"admin_acn\" \/>\n<meta name=\"twitter:card\" content=\"summary_large_image\" \/>\n<meta name=\"twitter:creator\" content=\"@acn_int\" \/>\n<meta name=\"twitter:site\" content=\"@acn_int\" \/>\n<meta name=\"twitter:label1\" content=\"Escrito por\" \/>\n\t<meta name=\"twitter:data1\" content=\"admin_acn\" \/>\n\t<meta name=\"twitter:label2\" content=\"Tiempo de lectura\" \/>\n\t<meta name=\"twitter:data2\" content=\"5 minutos\" \/>\n<script type=\"application\/ld+json\" class=\"yoast-schema-graph\">{\"@context\":\"https:\\\/\\\/schema.org\",\"@graph\":[{\"@type\":\"Article\",\"@id\":\"https:\\\/\\\/acninternational.org\\\/es\\\/todo-el-pais-quiere-la-paz-y-la-reconciliacion\\\/#article\",\"isPartOf\":{\"@id\":\"https:\\\/\\\/acninternational.org\\\/es\\\/todo-el-pais-quiere-la-paz-y-la-reconciliacion\\\/\"},\"author\":{\"name\":\"admin_acn\",\"@id\":\"https:\\\/\\\/acninternational.org\\\/es\\\/#\\\/schema\\\/person\\\/5a7468d38fb12b1976b6eeda95c21ebc\"},\"headline\":\"\u201cTodo el pa\u00eds quiere la paz y la reconciliaci\u00f3n\u201d\",\"datePublished\":\"2017-11-26T23:00:00+00:00\",\"mainEntityOfPage\":{\"@id\":\"https:\\\/\\\/acninternational.org\\\/es\\\/todo-el-pais-quiere-la-paz-y-la-reconciliacion\\\/\"},\"wordCount\":985,\"commentCount\":0,\"publisher\":{\"@id\":\"https:\\\/\\\/acninternational.org\\\/es\\\/#organization\"},\"image\":{\"@id\":\"https:\\\/\\\/acninternational.org\\\/es\\\/todo-el-pais-quiere-la-paz-y-la-reconciliacion\\\/#primaryimage\"},\"thumbnailUrl\":\"https:\\\/\\\/media.acninternational.org\\\/wp-content\\\/uploads\\\/2019\\\/11\\\/%E2%80%9CTodo-el-pa%C3%ADs-quiere-la-paz-y-la-reconciliaci%C3%B3n%E2%80%9D-image.jpg\",\"articleSection\":[\"ENTREVISTAS\"],\"inLanguage\":\"es\",\"potentialAction\":[{\"@type\":\"CommentAction\",\"name\":\"Comment\",\"target\":[\"https:\\\/\\\/acninternational.org\\\/es\\\/todo-el-pais-quiere-la-paz-y-la-reconciliacion\\\/#respond\"]}]},{\"@type\":\"WebPage\",\"@id\":\"https:\\\/\\\/acninternational.org\\\/es\\\/todo-el-pais-quiere-la-paz-y-la-reconciliacion\\\/\",\"url\":\"https:\\\/\\\/acninternational.org\\\/es\\\/todo-el-pais-quiere-la-paz-y-la-reconciliacion\\\/\",\"name\":\"\u201cTodo el pa\u00eds quiere la paz y la reconciliaci\u00f3n\u201d | ACN International\",\"isPartOf\":{\"@id\":\"https:\\\/\\\/acninternational.org\\\/es\\\/#website\"},\"primaryImageOfPage\":{\"@id\":\"https:\\\/\\\/acninternational.org\\\/es\\\/todo-el-pais-quiere-la-paz-y-la-reconciliacion\\\/#primaryimage\"},\"image\":{\"@id\":\"https:\\\/\\\/acninternational.org\\\/es\\\/todo-el-pais-quiere-la-paz-y-la-reconciliacion\\\/#primaryimage\"},\"thumbnailUrl\":\"https:\\\/\\\/media.acninternational.org\\\/wp-content\\\/uploads\\\/2019\\\/11\\\/%E2%80%9CTodo-el-pa%C3%ADs-quiere-la-paz-y-la-reconciliaci%C3%B3n%E2%80%9D-image.jpg\",\"datePublished\":\"2017-11-26T23:00:00+00:00\",\"breadcrumb\":{\"@id\":\"https:\\\/\\\/acninternational.org\\\/es\\\/todo-el-pais-quiere-la-paz-y-la-reconciliacion\\\/#breadcrumb\"},\"inLanguage\":\"es\",\"potentialAction\":[{\"@type\":\"ReadAction\",\"target\":[\"https:\\\/\\\/acninternational.org\\\/es\\\/todo-el-pais-quiere-la-paz-y-la-reconciliacion\\\/\"]}]},{\"@type\":\"ImageObject\",\"inLanguage\":\"es\",\"@id\":\"https:\\\/\\\/acninternational.org\\\/es\\\/todo-el-pais-quiere-la-paz-y-la-reconciliacion\\\/#primaryimage\",\"url\":\"https:\\\/\\\/media.acninternational.org\\\/wp-content\\\/uploads\\\/2019\\\/11\\\/%E2%80%9CTodo-el-pa%C3%ADs-quiere-la-paz-y-la-reconciliaci%C3%B3n%E2%80%9D-image.jpg\",\"contentUrl\":\"https:\\\/\\\/media.acninternational.org\\\/wp-content\\\/uploads\\\/2019\\\/11\\\/%E2%80%9CTodo-el-pa%C3%ADs-quiere-la-paz-y-la-reconciliaci%C3%B3n%E2%80%9D-image.jpg\",\"width\":1980,\"height\":800,\"caption\":\"\u201cTodo el pa\u00eds quiere la paz y la reconciliaci\u00f3n\u201d\"},{\"@type\":\"BreadcrumbList\",\"@id\":\"https:\\\/\\\/acninternational.org\\\/es\\\/todo-el-pais-quiere-la-paz-y-la-reconciliacion\\\/#breadcrumb\",\"itemListElement\":[{\"@type\":\"ListItem\",\"position\":1,\"name\":\"Home\",\"item\":\"https:\\\/\\\/acninternational.org\\\/es\\\/\"},{\"@type\":\"ListItem\",\"position\":2,\"name\":\"ENTREVISTAS\",\"item\":\"https:\\\/\\\/acninternational.org\\\/es\\\/category\\\/entrevistas\\\/\"},{\"@type\":\"ListItem\",\"position\":3,\"name\":\"\u201cTodo el pa\u00eds quiere la paz y la reconciliaci\u00f3n\u201d\"}]},{\"@type\":\"WebSite\",\"@id\":\"https:\\\/\\\/acninternational.org\\\/es\\\/#website\",\"url\":\"https:\\\/\\\/acninternational.org\\\/es\\\/\",\"name\":\"ACN International\",\"description\":\"\",\"publisher\":{\"@id\":\"https:\\\/\\\/acninternational.org\\\/es\\\/#organization\"},\"potentialAction\":[{\"@type\":\"SearchAction\",\"target\":{\"@type\":\"EntryPoint\",\"urlTemplate\":\"https:\\\/\\\/acninternational.org\\\/es\\\/?s={search_term_string}\"},\"query-input\":{\"@type\":\"PropertyValueSpecification\",\"valueRequired\":true,\"valueName\":\"search_term_string\"}}],\"inLanguage\":\"es\"},{\"@type\":\"Organization\",\"@id\":\"https:\\\/\\\/acninternational.org\\\/es\\\/#organization\",\"name\":\"Aid to the Church in Need International\",\"url\":\"https:\\\/\\\/acninternational.org\\\/es\\\/\",\"logo\":{\"@type\":\"ImageObject\",\"inLanguage\":\"es\",\"@id\":\"https:\\\/\\\/acninternational.org\\\/es\\\/#\\\/schema\\\/logo\\\/image\\\/\",\"url\":\"https:\\\/\\\/media.acninternational.org\\\/wp-content\\\/uploads\\\/2019\\\/11\\\/acn_logo_blackvector.svg\",\"contentUrl\":\"https:\\\/\\\/media.acninternational.org\\\/wp-content\\\/uploads\\\/2019\\\/11\\\/acn_logo_blackvector.svg\",\"width\":232.6,\"height\":78,\"caption\":\"Aid to the Church in Need International\"},\"image\":{\"@id\":\"https:\\\/\\\/acninternational.org\\\/es\\\/#\\\/schema\\\/logo\\\/image\\\/\"},\"sameAs\":[\"https:\\\/\\\/www.facebook.com\\\/acninternationalorg\",\"https:\\\/\\\/x.com\\\/acn_int\",\"https:\\\/\\\/www.youtube.com\\\/channel\\\/UCQ-077gS0TnVzkhHmf1opZw\",\"https:\\\/\\\/www.instagram.com\\\/acn_international\\\/\"]},{\"@type\":\"Person\",\"@id\":\"https:\\\/\\\/acninternational.org\\\/es\\\/#\\\/schema\\\/person\\\/5a7468d38fb12b1976b6eeda95c21ebc\",\"name\":\"admin_acn\",\"url\":\"https:\\\/\\\/acninternational.org\\\/es\\\/author\\\/admin_acn\\\/\"}]}<\/script>\n<!-- \/ Yoast SEO Premium plugin. -->","yoast_head_json":{"title":"\u201cTodo el pa\u00eds quiere la paz y la reconciliaci\u00f3n\u201d | ACN International","robots":{"index":"index","follow":"follow","max-snippet":"max-snippet:-1","max-image-preview":"max-image-preview:large","max-video-preview":"max-video-preview:-1"},"canonical":"https:\/\/acninternational.org\/es\/todo-el-pais-quiere-la-paz-y-la-reconciliacion\/","og_locale":"es_ES","og_type":"article","og_title":"\u201cTodo el pa\u00eds quiere la paz y la reconciliaci\u00f3n\u201d","og_description":"[vc_row][vc_column][vc_column_text]El Papa Francisco visitar\u00e1 Birmania (Myanmar) del 27 al 30 de noviembre este a\u00f1o. Aunque los cat\u00f3licos sean una minor\u00eda","og_url":"https:\/\/acninternational.org\/es\/todo-el-pais-quiere-la-paz-y-la-reconciliacion\/","og_site_name":"ACN International","article_publisher":"https:\/\/www.facebook.com\/acninternationalorg","article_published_time":"2017-11-26T23:00:00+00:00","og_image":[{"width":1980,"height":800,"url":"https:\/\/media.acninternational.org\/wp-content\/uploads\/2019\/11\/%E2%80%9CTodo-el-pa%C3%ADs-quiere-la-paz-y-la-reconciliaci%C3%B3n%E2%80%9D-image.jpg","type":"image\/jpeg"}],"author":"admin_acn","twitter_card":"summary_large_image","twitter_creator":"@acn_int","twitter_site":"@acn_int","twitter_misc":{"Escrito por":"admin_acn","Tiempo de lectura":"5 minutos"},"schema":{"@context":"https:\/\/schema.org","@graph":[{"@type":"Article","@id":"https:\/\/acninternational.org\/es\/todo-el-pais-quiere-la-paz-y-la-reconciliacion\/#article","isPartOf":{"@id":"https:\/\/acninternational.org\/es\/todo-el-pais-quiere-la-paz-y-la-reconciliacion\/"},"author":{"name":"admin_acn","@id":"https:\/\/acninternational.org\/es\/#\/schema\/person\/5a7468d38fb12b1976b6eeda95c21ebc"},"headline":"\u201cTodo el pa\u00eds quiere la paz y la reconciliaci\u00f3n\u201d","datePublished":"2017-11-26T23:00:00+00:00","mainEntityOfPage":{"@id":"https:\/\/acninternational.org\/es\/todo-el-pais-quiere-la-paz-y-la-reconciliacion\/"},"wordCount":985,"commentCount":0,"publisher":{"@id":"https:\/\/acninternational.org\/es\/#organization"},"image":{"@id":"https:\/\/acninternational.org\/es\/todo-el-pais-quiere-la-paz-y-la-reconciliacion\/#primaryimage"},"thumbnailUrl":"https:\/\/media.acninternational.org\/wp-content\/uploads\/2019\/11\/%E2%80%9CTodo-el-pa%C3%ADs-quiere-la-paz-y-la-reconciliaci%C3%B3n%E2%80%9D-image.jpg","articleSection":["ENTREVISTAS"],"inLanguage":"es","potentialAction":[{"@type":"CommentAction","name":"Comment","target":["https:\/\/acninternational.org\/es\/todo-el-pais-quiere-la-paz-y-la-reconciliacion\/#respond"]}]},{"@type":"WebPage","@id":"https:\/\/acninternational.org\/es\/todo-el-pais-quiere-la-paz-y-la-reconciliacion\/","url":"https:\/\/acninternational.org\/es\/todo-el-pais-quiere-la-paz-y-la-reconciliacion\/","name":"\u201cTodo el pa\u00eds quiere la paz y la reconciliaci\u00f3n\u201d | ACN International","isPartOf":{"@id":"https:\/\/acninternational.org\/es\/#website"},"primaryImageOfPage":{"@id":"https:\/\/acninternational.org\/es\/todo-el-pais-quiere-la-paz-y-la-reconciliacion\/#primaryimage"},"image":{"@id":"https:\/\/acninternational.org\/es\/todo-el-pais-quiere-la-paz-y-la-reconciliacion\/#primaryimage"},"thumbnailUrl":"https:\/\/media.acninternational.org\/wp-content\/uploads\/2019\/11\/%E2%80%9CTodo-el-pa%C3%ADs-quiere-la-paz-y-la-reconciliaci%C3%B3n%E2%80%9D-image.jpg","datePublished":"2017-11-26T23:00:00+00:00","breadcrumb":{"@id":"https:\/\/acninternational.org\/es\/todo-el-pais-quiere-la-paz-y-la-reconciliacion\/#breadcrumb"},"inLanguage":"es","potentialAction":[{"@type":"ReadAction","target":["https:\/\/acninternational.org\/es\/todo-el-pais-quiere-la-paz-y-la-reconciliacion\/"]}]},{"@type":"ImageObject","inLanguage":"es","@id":"https:\/\/acninternational.org\/es\/todo-el-pais-quiere-la-paz-y-la-reconciliacion\/#primaryimage","url":"https:\/\/media.acninternational.org\/wp-content\/uploads\/2019\/11\/%E2%80%9CTodo-el-pa%C3%ADs-quiere-la-paz-y-la-reconciliaci%C3%B3n%E2%80%9D-image.jpg","contentUrl":"https:\/\/media.acninternational.org\/wp-content\/uploads\/2019\/11\/%E2%80%9CTodo-el-pa%C3%ADs-quiere-la-paz-y-la-reconciliaci%C3%B3n%E2%80%9D-image.jpg","width":1980,"height":800,"caption":"\u201cTodo el pa\u00eds quiere la paz y la reconciliaci\u00f3n\u201d"},{"@type":"BreadcrumbList","@id":"https:\/\/acninternational.org\/es\/todo-el-pais-quiere-la-paz-y-la-reconciliacion\/#breadcrumb","itemListElement":[{"@type":"ListItem","position":1,"name":"Home","item":"https:\/\/acninternational.org\/es\/"},{"@type":"ListItem","position":2,"name":"ENTREVISTAS","item":"https:\/\/acninternational.org\/es\/category\/entrevistas\/"},{"@type":"ListItem","position":3,"name":"\u201cTodo el pa\u00eds quiere la paz y la reconciliaci\u00f3n\u201d"}]},{"@type":"WebSite","@id":"https:\/\/acninternational.org\/es\/#website","url":"https:\/\/acninternational.org\/es\/","name":"ACN International","description":"","publisher":{"@id":"https:\/\/acninternational.org\/es\/#organization"},"potentialAction":[{"@type":"SearchAction","target":{"@type":"EntryPoint","urlTemplate":"https:\/\/acninternational.org\/es\/?s={search_term_string}"},"query-input":{"@type":"PropertyValueSpecification","valueRequired":true,"valueName":"search_term_string"}}],"inLanguage":"es"},{"@type":"Organization","@id":"https:\/\/acninternational.org\/es\/#organization","name":"Aid to the Church in Need International","url":"https:\/\/acninternational.org\/es\/","logo":{"@type":"ImageObject","inLanguage":"es","@id":"https:\/\/acninternational.org\/es\/#\/schema\/logo\/image\/","url":"https:\/\/media.acninternational.org\/wp-content\/uploads\/2019\/11\/acn_logo_blackvector.svg","contentUrl":"https:\/\/media.acninternational.org\/wp-content\/uploads\/2019\/11\/acn_logo_blackvector.svg","width":232.6,"height":78,"caption":"Aid to the Church in Need International"},"image":{"@id":"https:\/\/acninternational.org\/es\/#\/schema\/logo\/image\/"},"sameAs":["https:\/\/www.facebook.com\/acninternationalorg","https:\/\/x.com\/acn_int","https:\/\/www.youtube.com\/channel\/UCQ-077gS0TnVzkhHmf1opZw","https:\/\/www.instagram.com\/acn_international\/"]},{"@type":"Person","@id":"https:\/\/acninternational.org\/es\/#\/schema\/person\/5a7468d38fb12b1976b6eeda95c21ebc","name":"admin_acn","url":"https:\/\/acninternational.org\/es\/author\/admin_acn\/"}]}},"_links":{"self":[{"href":"https:\/\/acninternational.org\/es\/wp-json\/wp\/v2\/posts\/116307","targetHints":{"allow":["GET"]}}],"collection":[{"href":"https:\/\/acninternational.org\/es\/wp-json\/wp\/v2\/posts"}],"about":[{"href":"https:\/\/acninternational.org\/es\/wp-json\/wp\/v2\/types\/post"}],"author":[{"embeddable":true,"href":"https:\/\/acninternational.org\/es\/wp-json\/wp\/v2\/users\/1"}],"replies":[{"embeddable":true,"href":"https:\/\/acninternational.org\/es\/wp-json\/wp\/v2\/comments?post=116307"}],"version-history":[{"count":0,"href":"https:\/\/acninternational.org\/es\/wp-json\/wp\/v2\/posts\/116307\/revisions"}],"wp:featuredmedia":[{"embeddable":true,"href":"https:\/\/acninternational.org\/es\/wp-json\/wp\/v2\/media\/116308"}],"wp:attachment":[{"href":"https:\/\/acninternational.org\/es\/wp-json\/wp\/v2\/media?parent=116307"}],"wp:term":[{"taxonomy":"category","embeddable":true,"href":"https:\/\/acninternational.org\/es\/wp-json\/wp\/v2\/categories?post=116307"},{"taxonomy":"post_tag","embeddable":true,"href":"https:\/\/acninternational.org\/es\/wp-json\/wp\/v2\/tags?post=116307"},{"taxonomy":"country","embeddable":true,"href":"https:\/\/acninternational.org\/es\/wp-json\/wp\/v2\/country?post=116307"}],"curies":[{"name":"wp","href":"https:\/\/api.w.org\/{rel}","templated":true}]}}