{"id":116292,"date":"2017-11-24T00:00:00","date_gmt":"2017-11-23T23:00:00","guid":{"rendered":"https:\/\/acninternational.org\/cardenal-piacenza-redwednesday-una-iniciativa-elogiable\/"},"modified":"2017-11-24T00:00:00","modified_gmt":"2017-11-23T23:00:00","slug":"cardenal-piacenza-redwednesday-una-iniciativa-elogiable","status":"publish","type":"post","link":"https:\/\/acninternational.org\/es\/cardenal-piacenza-redwednesday-una-iniciativa-elogiable\/","title":{"rendered":"Cardenal Piacenza: Redwednesday, Una Iniciativa Elogiable."},"content":{"rendered":"<p>[vc_row][vc_column][vc_column_text]<em><strong>\u00abInnumerables Cristianos sufren por el nombre de Jes\u00fas, exp\u00edan nuestra cobarde indiferencia\u00bb<\/strong><\/em><\/p>\n<p><strong><em>Entrevista con su Eminencia, el Cardenal Mauro Piacenza, Presidente Internacional de Aid to the Church in Need International (ACN) <\/em><\/strong><\/p>\n<p><strong>El 22 de noviembre, treinta edificios se iluminaron de color rojo; entre ellos se encontraban sobre todo catedrales, iglesias y escuelas. Se trata de una acci\u00f3n organizada por ACN en Gran Breta\u00f1a, para dar testimonio en pro de la libertad religiosa. El pasado mes, la Fundaci\u00f3n Pontificia ilumin\u00f3 la bas\u00edlica del Sagrado Coraz\u00f3n en el Montmartre parisino. \u00bfCree que esas iniciativas son eficaces para recordar a las v\u00edctimas que han sufrido por su fe, y que en parte incluso han dado su vida por ella? \u00bfEs posible sensibilizar de este modo a la opini\u00f3n p\u00fablica en relaci\u00f3n con la libertad religiosa<\/strong><strong>? <\/strong><\/p>\n<p>Considero que la iniciativa, en s\u00ed, es expresamente elogiable y la apoyo con entusiasmo; sin embargo, es importante que est\u00e9 apoyada por la comprensi\u00f3n de los valores sobre los que se basa la iniciativa. De lo contrario, corre peligro de convertirse en algo similar a la iluminaci\u00f3n navide\u00f1a en determinados contextos mundanizados. En los lugares ligados al martirio de los santos Tom\u00e1s Beckett, Tom\u00e1s Moro y John Fischer, y si no tenemos prejuicios, podemos comprender entonces mejor el valor del martirio, tambi\u00e9n como demostraci\u00f3n de la dignidad humana, de la libertad religiosa, de la nobleza de una conciencia formada. El martirologio (el registro eclesial de los m\u00e1rtires \u2013 nota de la redacci\u00f3n) deber\u00eda ser el de una Iglesia que se renueva a s\u00ed misma.<\/p>\n<p><strong>El Santo Padre nos ha pedido repetidamente que no callemos ante la persecuci\u00f3n de los cristianos. \u00bfC\u00f3mo podemos ayudar a los cat\u00f3licos italianos para que se conviertan en portavoz de los cristianos perseguidos, tambi\u00e9n para demostrar la merecida gratitud a los muchos m\u00e1rtires cristianos que han dado su vida por la fe?<\/strong><\/p>\n<p>S\u00ed, el Santo Padre Francisco, nos ha recordado de forma efectiva que \u00ab<em>callarse y guardar silencio tambi\u00e9n son pecado<\/em>\u00bb. En armon\u00eda con el sentir del Santo Padre, ACN condena la violencia contra los cristianos y se alza para defender a los cristianos perseguidos, para aliviar sus sufrimientos. La voz de nuestra Obra es la de un profeta que aguijonea y provoca a hacer lo \u00fanico necesario: a dar de comer a los hambrientos de pan y justicia, y a ver en ellos a Jes\u00fas. Se reza con una fe profunda y se obra en consecuencia para que se abran los corazones de las personas, para secar \u00ablas l\u00e1grimas de Dios\u00bb, all\u00ed donde llora. Se educa a amar incluso a los perseguidores y a entender la Iglesia como un cuerpo en el que, por supuesto, cada miembro est\u00e1 unido en lo m\u00e1s profundo con los dem\u00e1s. Las familias, las parroquias, los diferentes grupos, los centros de formaci\u00f3n deber\u00edan ser asimismo instrumentos y ayudar a comprender este tema en todo su significado.<\/p>\n<p>Se trata tambi\u00e9n de un amplio discurso cultural. En no pocos pa\u00edses del mundo, y tampoco muy lejos de nosotros, se est\u00e1 produciendo una aut\u00e9ntica persecuci\u00f3n. Hay tambi\u00e9n una persecuci\u00f3n subliminal, una persecuci\u00f3n \u00abde guante blanco\u00bb, pues se trata pr\u00e1cticamente de una \u00abpurga sistem\u00e1tica\u00bb de todo aquello que es cristiano o que tiene apariencia de tener que ver con lo cristiano.<\/p>\n<p>All\u00ed donde esa persecuci\u00f3n todav\u00eda no se ha convertido en violencia f\u00edsica, act\u00faa sin embargo ya de modo destructivo, y por lo tanto no menos agresivo, cuando se intenta negar sistem\u00e1ticamente la legitimaci\u00f3n a todo lo que es cristiano, incluso en un plano hist\u00f3rico, art\u00edstico y social.<\/p>\n<p><strong>Eminencia: usted tuvo la presidencia cuando la Fundaci\u00f3n ACN, el 29 de abril de 2016, hizo brillar en rojo la Fontana de Trevi, en recuerdo de la sangre derramada por los m\u00e1rtires cristianos. \u00bfQu\u00e9 importancia tiene mantener despierta hoy la atenci\u00f3n de Occidente ante la persecuci\u00f3n que sufren millones de nuestros hermanos y hermanas en la fe? <\/strong><\/p>\n<p>Es sobre todo una obligaci\u00f3n de conciencia. No olvidemos que el m\u00e1rtir cristiano es tambi\u00e9n un elemento de aut\u00e9ntica civilizaci\u00f3n, una lecci\u00f3n de libertad aut\u00e9ntica y de caridad.<\/p>\n<p>El color de la sangre que se proyecta a los grandes monumentos nos recuerda que los m\u00e1rtires cristianos exp\u00edan por los dem\u00e1s, por Cristo, con Cristo y en Cristo, a favor de todos los hombres, \u00a1tambi\u00e9n \u2014y esto diferencia el martirio cristiano de otros \u00abmartirios\u00bb\u2014 por aquellos que son instrumentos de su martirio! Por ello elevamos a Dios un c\u00e1ntico de alabanza por esos hermanos que han entrado en la gloria del para\u00edso, con la palma del martirio en la mano y coronados con la corona inmarcesible de la gloria. Efectivamente, somos conscientes de que la salvaci\u00f3n \u00fanica que Cristo nos lucr\u00f3 en la Cruz, hoy llega hasta nosotros tambi\u00e9n a trav\u00e9s de ellos: el cristianismo tiene una dimensi\u00f3n estructuralmente martirol\u00f3gica que no desmerece sus efectos y su fuerza, sino que los refuerza y los hace a\u00fan m\u00e1s fruct\u00edferos en la fe, en la caridad y en su persistir. No olvidemos, adem\u00e1s, que los ideales que mueren son aquellos por los que no se muere.[\/vc_column_text][\/vc_column][\/vc_row]<\/p>\n","protected":false},"excerpt":{"rendered":"<p>[vc_row][vc_column][vc_column_text]\u00abInnumerables Cristianos sufren por el nombre de Jes\u00fas, exp\u00edan nuestra cobarde indiferencia\u00bb Entrevista con su Eminencia, el Cardenal Mauro Piacenza,<\/p>\n","protected":false},"author":1,"featured_media":116293,"comment_status":"open","ping_status":"open","sticky":false,"template":"","format":"standard","meta":{"_acf_changed":false,"_acn_coauthor_ids":[],"_acn_featured_article":false,"footnotes":""},"categories":[745],"tags":[],"country":[],"class_list":["post-116292","post","type-post","status-publish","format-standard","has-post-thumbnail","hentry","category-entrevistas"],"acn_coauthors":[],"acf":[],"yoast_head":"<!-- This site is optimized with the Yoast SEO Premium plugin v27.5 (Yoast SEO v27.5) - https:\/\/yoast.com\/product\/yoast-seo-premium-wordpress\/ -->\n<title>Cardenal Piacenza: Redwednesday, Una Iniciativa Elogiable. | ACN International<\/title>\n<meta name=\"robots\" content=\"index, follow, max-snippet:-1, max-image-preview:large, max-video-preview:-1\" \/>\n<link rel=\"canonical\" href=\"https:\/\/acninternational.org\/es\/cardenal-piacenza-redwednesday-una-iniciativa-elogiable\/\" \/>\n<meta property=\"og:locale\" content=\"es_ES\" \/>\n<meta property=\"og:type\" content=\"article\" \/>\n<meta property=\"og:title\" content=\"Cardenal Piacenza: Redwednesday, Una Iniciativa Elogiable.\" \/>\n<meta property=\"og:description\" content=\"[vc_row][vc_column][vc_column_text]\u00abInnumerables Cristianos sufren por el nombre de Jes\u00fas, exp\u00edan nuestra cobarde indiferencia\u00bb Entrevista con su Eminencia, el Cardenal Mauro Piacenza,\" \/>\n<meta property=\"og:url\" content=\"https:\/\/acninternational.org\/es\/cardenal-piacenza-redwednesday-una-iniciativa-elogiable\/\" \/>\n<meta property=\"og:site_name\" content=\"ACN International\" \/>\n<meta property=\"article:publisher\" content=\"https:\/\/www.facebook.com\/acninternationalorg\" \/>\n<meta property=\"article:published_time\" content=\"2017-11-23T23:00:00+00:00\" \/>\n<meta property=\"og:image\" content=\"https:\/\/media.acninternational.org\/wp-content\/uploads\/2019\/11\/Cardenal-Piacenza-Redwednesday-Una-Iniciativa-Elogiable.-image.jpg\" \/>\n\t<meta property=\"og:image:width\" content=\"1980\" \/>\n\t<meta property=\"og:image:height\" content=\"800\" \/>\n\t<meta property=\"og:image:type\" content=\"image\/jpeg\" \/>\n<meta name=\"author\" content=\"admin_acn\" \/>\n<meta name=\"twitter:card\" content=\"summary_large_image\" \/>\n<meta name=\"twitter:creator\" content=\"@acn_int\" \/>\n<meta name=\"twitter:site\" content=\"@acn_int\" \/>\n<meta name=\"twitter:label1\" content=\"Escrito por\" \/>\n\t<meta name=\"twitter:data1\" content=\"admin_acn\" \/>\n\t<meta name=\"twitter:label2\" content=\"Tiempo de lectura\" \/>\n\t<meta name=\"twitter:data2\" content=\"5 minutos\" \/>\n<script type=\"application\/ld+json\" class=\"yoast-schema-graph\">{\"@context\":\"https:\\\/\\\/schema.org\",\"@graph\":[{\"@type\":\"Article\",\"@id\":\"https:\\\/\\\/acninternational.org\\\/es\\\/cardenal-piacenza-redwednesday-una-iniciativa-elogiable\\\/#article\",\"isPartOf\":{\"@id\":\"https:\\\/\\\/acninternational.org\\\/es\\\/cardenal-piacenza-redwednesday-una-iniciativa-elogiable\\\/\"},\"author\":{\"name\":\"admin_acn\",\"@id\":\"https:\\\/\\\/acninternational.org\\\/es\\\/#\\\/schema\\\/person\\\/5a7468d38fb12b1976b6eeda95c21ebc\"},\"headline\":\"Cardenal Piacenza: Redwednesday, Una Iniciativa Elogiable.\",\"datePublished\":\"2017-11-23T23:00:00+00:00\",\"mainEntityOfPage\":{\"@id\":\"https:\\\/\\\/acninternational.org\\\/es\\\/cardenal-piacenza-redwednesday-una-iniciativa-elogiable\\\/\"},\"wordCount\":929,\"commentCount\":0,\"publisher\":{\"@id\":\"https:\\\/\\\/acninternational.org\\\/es\\\/#organization\"},\"image\":{\"@id\":\"https:\\\/\\\/acninternational.org\\\/es\\\/cardenal-piacenza-redwednesday-una-iniciativa-elogiable\\\/#primaryimage\"},\"thumbnailUrl\":\"https:\\\/\\\/media.acninternational.org\\\/wp-content\\\/uploads\\\/2019\\\/11\\\/Cardenal-Piacenza-Redwednesday-Una-Iniciativa-Elogiable.-image.jpg\",\"articleSection\":[\"ENTREVISTAS\"],\"inLanguage\":\"es\",\"potentialAction\":[{\"@type\":\"CommentAction\",\"name\":\"Comment\",\"target\":[\"https:\\\/\\\/acninternational.org\\\/es\\\/cardenal-piacenza-redwednesday-una-iniciativa-elogiable\\\/#respond\"]}]},{\"@type\":\"WebPage\",\"@id\":\"https:\\\/\\\/acninternational.org\\\/es\\\/cardenal-piacenza-redwednesday-una-iniciativa-elogiable\\\/\",\"url\":\"https:\\\/\\\/acninternational.org\\\/es\\\/cardenal-piacenza-redwednesday-una-iniciativa-elogiable\\\/\",\"name\":\"Cardenal Piacenza: Redwednesday, Una Iniciativa Elogiable. | ACN International\",\"isPartOf\":{\"@id\":\"https:\\\/\\\/acninternational.org\\\/es\\\/#website\"},\"primaryImageOfPage\":{\"@id\":\"https:\\\/\\\/acninternational.org\\\/es\\\/cardenal-piacenza-redwednesday-una-iniciativa-elogiable\\\/#primaryimage\"},\"image\":{\"@id\":\"https:\\\/\\\/acninternational.org\\\/es\\\/cardenal-piacenza-redwednesday-una-iniciativa-elogiable\\\/#primaryimage\"},\"thumbnailUrl\":\"https:\\\/\\\/media.acninternational.org\\\/wp-content\\\/uploads\\\/2019\\\/11\\\/Cardenal-Piacenza-Redwednesday-Una-Iniciativa-Elogiable.-image.jpg\",\"datePublished\":\"2017-11-23T23:00:00+00:00\",\"breadcrumb\":{\"@id\":\"https:\\\/\\\/acninternational.org\\\/es\\\/cardenal-piacenza-redwednesday-una-iniciativa-elogiable\\\/#breadcrumb\"},\"inLanguage\":\"es\",\"potentialAction\":[{\"@type\":\"ReadAction\",\"target\":[\"https:\\\/\\\/acninternational.org\\\/es\\\/cardenal-piacenza-redwednesday-una-iniciativa-elogiable\\\/\"]}]},{\"@type\":\"ImageObject\",\"inLanguage\":\"es\",\"@id\":\"https:\\\/\\\/acninternational.org\\\/es\\\/cardenal-piacenza-redwednesday-una-iniciativa-elogiable\\\/#primaryimage\",\"url\":\"https:\\\/\\\/media.acninternational.org\\\/wp-content\\\/uploads\\\/2019\\\/11\\\/Cardenal-Piacenza-Redwednesday-Una-Iniciativa-Elogiable.-image.jpg\",\"contentUrl\":\"https:\\\/\\\/media.acninternational.org\\\/wp-content\\\/uploads\\\/2019\\\/11\\\/Cardenal-Piacenza-Redwednesday-Una-Iniciativa-Elogiable.-image.jpg\",\"width\":1980,\"height\":800,\"caption\":\"Cardenal Piacenza: Redwednesday, Una Iniciativa Elogiable.\"},{\"@type\":\"BreadcrumbList\",\"@id\":\"https:\\\/\\\/acninternational.org\\\/es\\\/cardenal-piacenza-redwednesday-una-iniciativa-elogiable\\\/#breadcrumb\",\"itemListElement\":[{\"@type\":\"ListItem\",\"position\":1,\"name\":\"Home\",\"item\":\"https:\\\/\\\/acninternational.org\\\/es\\\/\"},{\"@type\":\"ListItem\",\"position\":2,\"name\":\"ENTREVISTAS\",\"item\":\"https:\\\/\\\/acninternational.org\\\/es\\\/category\\\/entrevistas\\\/\"},{\"@type\":\"ListItem\",\"position\":3,\"name\":\"Cardenal Piacenza: Redwednesday, Una Iniciativa Elogiable.\"}]},{\"@type\":\"WebSite\",\"@id\":\"https:\\\/\\\/acninternational.org\\\/es\\\/#website\",\"url\":\"https:\\\/\\\/acninternational.org\\\/es\\\/\",\"name\":\"ACN International\",\"description\":\"\",\"publisher\":{\"@id\":\"https:\\\/\\\/acninternational.org\\\/es\\\/#organization\"},\"potentialAction\":[{\"@type\":\"SearchAction\",\"target\":{\"@type\":\"EntryPoint\",\"urlTemplate\":\"https:\\\/\\\/acninternational.org\\\/es\\\/?s={search_term_string}\"},\"query-input\":{\"@type\":\"PropertyValueSpecification\",\"valueRequired\":true,\"valueName\":\"search_term_string\"}}],\"inLanguage\":\"es\"},{\"@type\":\"Organization\",\"@id\":\"https:\\\/\\\/acninternational.org\\\/es\\\/#organization\",\"name\":\"Aid to the Church in Need International\",\"url\":\"https:\\\/\\\/acninternational.org\\\/es\\\/\",\"logo\":{\"@type\":\"ImageObject\",\"inLanguage\":\"es\",\"@id\":\"https:\\\/\\\/acninternational.org\\\/es\\\/#\\\/schema\\\/logo\\\/image\\\/\",\"url\":\"https:\\\/\\\/media.acninternational.org\\\/wp-content\\\/uploads\\\/2019\\\/11\\\/acn_logo_blackvector.svg\",\"contentUrl\":\"https:\\\/\\\/media.acninternational.org\\\/wp-content\\\/uploads\\\/2019\\\/11\\\/acn_logo_blackvector.svg\",\"width\":232.6,\"height\":78,\"caption\":\"Aid to the Church in Need International\"},\"image\":{\"@id\":\"https:\\\/\\\/acninternational.org\\\/es\\\/#\\\/schema\\\/logo\\\/image\\\/\"},\"sameAs\":[\"https:\\\/\\\/www.facebook.com\\\/acninternationalorg\",\"https:\\\/\\\/x.com\\\/acn_int\",\"https:\\\/\\\/www.youtube.com\\\/channel\\\/UCQ-077gS0TnVzkhHmf1opZw\",\"https:\\\/\\\/www.instagram.com\\\/acn_international\\\/\"]},{\"@type\":\"Person\",\"@id\":\"https:\\\/\\\/acninternational.org\\\/es\\\/#\\\/schema\\\/person\\\/5a7468d38fb12b1976b6eeda95c21ebc\",\"name\":\"admin_acn\",\"url\":\"https:\\\/\\\/acninternational.org\\\/es\\\/author\\\/admin_acn\\\/\"}]}<\/script>\n<!-- \/ Yoast SEO Premium plugin. -->","yoast_head_json":{"title":"Cardenal Piacenza: Redwednesday, Una Iniciativa Elogiable. | ACN International","robots":{"index":"index","follow":"follow","max-snippet":"max-snippet:-1","max-image-preview":"max-image-preview:large","max-video-preview":"max-video-preview:-1"},"canonical":"https:\/\/acninternational.org\/es\/cardenal-piacenza-redwednesday-una-iniciativa-elogiable\/","og_locale":"es_ES","og_type":"article","og_title":"Cardenal Piacenza: Redwednesday, Una Iniciativa Elogiable.","og_description":"[vc_row][vc_column][vc_column_text]\u00abInnumerables Cristianos sufren por el nombre de Jes\u00fas, exp\u00edan nuestra cobarde indiferencia\u00bb Entrevista con su Eminencia, el Cardenal Mauro Piacenza,","og_url":"https:\/\/acninternational.org\/es\/cardenal-piacenza-redwednesday-una-iniciativa-elogiable\/","og_site_name":"ACN International","article_publisher":"https:\/\/www.facebook.com\/acninternationalorg","article_published_time":"2017-11-23T23:00:00+00:00","og_image":[{"width":1980,"height":800,"url":"https:\/\/media.acninternational.org\/wp-content\/uploads\/2019\/11\/Cardenal-Piacenza-Redwednesday-Una-Iniciativa-Elogiable.-image.jpg","type":"image\/jpeg"}],"author":"admin_acn","twitter_card":"summary_large_image","twitter_creator":"@acn_int","twitter_site":"@acn_int","twitter_misc":{"Escrito por":"admin_acn","Tiempo de lectura":"5 minutos"},"schema":{"@context":"https:\/\/schema.org","@graph":[{"@type":"Article","@id":"https:\/\/acninternational.org\/es\/cardenal-piacenza-redwednesday-una-iniciativa-elogiable\/#article","isPartOf":{"@id":"https:\/\/acninternational.org\/es\/cardenal-piacenza-redwednesday-una-iniciativa-elogiable\/"},"author":{"name":"admin_acn","@id":"https:\/\/acninternational.org\/es\/#\/schema\/person\/5a7468d38fb12b1976b6eeda95c21ebc"},"headline":"Cardenal Piacenza: Redwednesday, Una Iniciativa Elogiable.","datePublished":"2017-11-23T23:00:00+00:00","mainEntityOfPage":{"@id":"https:\/\/acninternational.org\/es\/cardenal-piacenza-redwednesday-una-iniciativa-elogiable\/"},"wordCount":929,"commentCount":0,"publisher":{"@id":"https:\/\/acninternational.org\/es\/#organization"},"image":{"@id":"https:\/\/acninternational.org\/es\/cardenal-piacenza-redwednesday-una-iniciativa-elogiable\/#primaryimage"},"thumbnailUrl":"https:\/\/media.acninternational.org\/wp-content\/uploads\/2019\/11\/Cardenal-Piacenza-Redwednesday-Una-Iniciativa-Elogiable.-image.jpg","articleSection":["ENTREVISTAS"],"inLanguage":"es","potentialAction":[{"@type":"CommentAction","name":"Comment","target":["https:\/\/acninternational.org\/es\/cardenal-piacenza-redwednesday-una-iniciativa-elogiable\/#respond"]}]},{"@type":"WebPage","@id":"https:\/\/acninternational.org\/es\/cardenal-piacenza-redwednesday-una-iniciativa-elogiable\/","url":"https:\/\/acninternational.org\/es\/cardenal-piacenza-redwednesday-una-iniciativa-elogiable\/","name":"Cardenal Piacenza: Redwednesday, Una Iniciativa Elogiable. | ACN International","isPartOf":{"@id":"https:\/\/acninternational.org\/es\/#website"},"primaryImageOfPage":{"@id":"https:\/\/acninternational.org\/es\/cardenal-piacenza-redwednesday-una-iniciativa-elogiable\/#primaryimage"},"image":{"@id":"https:\/\/acninternational.org\/es\/cardenal-piacenza-redwednesday-una-iniciativa-elogiable\/#primaryimage"},"thumbnailUrl":"https:\/\/media.acninternational.org\/wp-content\/uploads\/2019\/11\/Cardenal-Piacenza-Redwednesday-Una-Iniciativa-Elogiable.-image.jpg","datePublished":"2017-11-23T23:00:00+00:00","breadcrumb":{"@id":"https:\/\/acninternational.org\/es\/cardenal-piacenza-redwednesday-una-iniciativa-elogiable\/#breadcrumb"},"inLanguage":"es","potentialAction":[{"@type":"ReadAction","target":["https:\/\/acninternational.org\/es\/cardenal-piacenza-redwednesday-una-iniciativa-elogiable\/"]}]},{"@type":"ImageObject","inLanguage":"es","@id":"https:\/\/acninternational.org\/es\/cardenal-piacenza-redwednesday-una-iniciativa-elogiable\/#primaryimage","url":"https:\/\/media.acninternational.org\/wp-content\/uploads\/2019\/11\/Cardenal-Piacenza-Redwednesday-Una-Iniciativa-Elogiable.-image.jpg","contentUrl":"https:\/\/media.acninternational.org\/wp-content\/uploads\/2019\/11\/Cardenal-Piacenza-Redwednesday-Una-Iniciativa-Elogiable.-image.jpg","width":1980,"height":800,"caption":"Cardenal Piacenza: Redwednesday, Una Iniciativa Elogiable."},{"@type":"BreadcrumbList","@id":"https:\/\/acninternational.org\/es\/cardenal-piacenza-redwednesday-una-iniciativa-elogiable\/#breadcrumb","itemListElement":[{"@type":"ListItem","position":1,"name":"Home","item":"https:\/\/acninternational.org\/es\/"},{"@type":"ListItem","position":2,"name":"ENTREVISTAS","item":"https:\/\/acninternational.org\/es\/category\/entrevistas\/"},{"@type":"ListItem","position":3,"name":"Cardenal Piacenza: Redwednesday, Una Iniciativa Elogiable."}]},{"@type":"WebSite","@id":"https:\/\/acninternational.org\/es\/#website","url":"https:\/\/acninternational.org\/es\/","name":"ACN International","description":"","publisher":{"@id":"https:\/\/acninternational.org\/es\/#organization"},"potentialAction":[{"@type":"SearchAction","target":{"@type":"EntryPoint","urlTemplate":"https:\/\/acninternational.org\/es\/?s={search_term_string}"},"query-input":{"@type":"PropertyValueSpecification","valueRequired":true,"valueName":"search_term_string"}}],"inLanguage":"es"},{"@type":"Organization","@id":"https:\/\/acninternational.org\/es\/#organization","name":"Aid to the Church in Need International","url":"https:\/\/acninternational.org\/es\/","logo":{"@type":"ImageObject","inLanguage":"es","@id":"https:\/\/acninternational.org\/es\/#\/schema\/logo\/image\/","url":"https:\/\/media.acninternational.org\/wp-content\/uploads\/2019\/11\/acn_logo_blackvector.svg","contentUrl":"https:\/\/media.acninternational.org\/wp-content\/uploads\/2019\/11\/acn_logo_blackvector.svg","width":232.6,"height":78,"caption":"Aid to the Church in Need International"},"image":{"@id":"https:\/\/acninternational.org\/es\/#\/schema\/logo\/image\/"},"sameAs":["https:\/\/www.facebook.com\/acninternationalorg","https:\/\/x.com\/acn_int","https:\/\/www.youtube.com\/channel\/UCQ-077gS0TnVzkhHmf1opZw","https:\/\/www.instagram.com\/acn_international\/"]},{"@type":"Person","@id":"https:\/\/acninternational.org\/es\/#\/schema\/person\/5a7468d38fb12b1976b6eeda95c21ebc","name":"admin_acn","url":"https:\/\/acninternational.org\/es\/author\/admin_acn\/"}]}},"_links":{"self":[{"href":"https:\/\/acninternational.org\/es\/wp-json\/wp\/v2\/posts\/116292","targetHints":{"allow":["GET"]}}],"collection":[{"href":"https:\/\/acninternational.org\/es\/wp-json\/wp\/v2\/posts"}],"about":[{"href":"https:\/\/acninternational.org\/es\/wp-json\/wp\/v2\/types\/post"}],"author":[{"embeddable":true,"href":"https:\/\/acninternational.org\/es\/wp-json\/wp\/v2\/users\/1"}],"replies":[{"embeddable":true,"href":"https:\/\/acninternational.org\/es\/wp-json\/wp\/v2\/comments?post=116292"}],"version-history":[{"count":0,"href":"https:\/\/acninternational.org\/es\/wp-json\/wp\/v2\/posts\/116292\/revisions"}],"wp:featuredmedia":[{"embeddable":true,"href":"https:\/\/acninternational.org\/es\/wp-json\/wp\/v2\/media\/116293"}],"wp:attachment":[{"href":"https:\/\/acninternational.org\/es\/wp-json\/wp\/v2\/media?parent=116292"}],"wp:term":[{"taxonomy":"category","embeddable":true,"href":"https:\/\/acninternational.org\/es\/wp-json\/wp\/v2\/categories?post=116292"},{"taxonomy":"post_tag","embeddable":true,"href":"https:\/\/acninternational.org\/es\/wp-json\/wp\/v2\/tags?post=116292"},{"taxonomy":"country","embeddable":true,"href":"https:\/\/acninternational.org\/es\/wp-json\/wp\/v2\/country?post=116292"}],"curies":[{"name":"wp","href":"https:\/\/api.w.org\/{rel}","templated":true}]}}