{"id":116157,"date":"2017-11-14T00:00:00","date_gmt":"2017-11-13T23:00:00","guid":{"rendered":"https:\/\/acninternational.org\/historia-de-exito-en-burkina-faso-un-coche-para-la-labor-pastoral\/"},"modified":"2017-11-14T00:00:00","modified_gmt":"2017-11-13T23:00:00","slug":"historia-de-exito-en-burkina-faso-un-coche-para-la-labor-pastoral","status":"publish","type":"post","link":"https:\/\/acninternational.org\/es\/historia-de-exito-en-burkina-faso-un-coche-para-la-labor-pastoral\/","title":{"rendered":"Historia de \u00e9xito en Burkina Faso: un coche para la labor pastoral"},"content":{"rendered":"<p>[vc_row][vc_column][vc_column_text]El P. Kisito Konate desempe\u00f1a muchas tareas: no solo es el p\u00e1rroco de la parroquia de San Jos\u00e9, que abarca un territorio con un radio de m\u00e1s de 50 kil\u00f3metros y que cuenta con catorce filiales, sino que tambi\u00e9n preside la Comisi\u00f3n de la Familia de la Di\u00f3cesis de Nouna. Adem\u00e1s, tambi\u00e9n es el secretario general de la Pastoral familiar de la Conferencia Episcopal conjunta de Burkina Faso y el pa\u00eds vecino de N\u00edger.<\/p>\n<p>A este sacerdote le preocupa el hecho de que tambi\u00e9n en su pa\u00eds las familias entren cada vez m\u00e1s frecuentemente en crisis, y que aumente exponencialmente el n\u00famero de ni\u00f1as embarazadas. \u201cEn la ciudad, casi cada familia numerosa cuenta con una ni\u00f1a que ya es madre, y cada a\u00f1o son m\u00e1s\u201d, informa el p\u00e1rroco Konate. Esto provoca heridas psicol\u00f3gicas en las ni\u00f1as abandonadas, problemas en la familia y un mayor riesgo de pobreza y malas perspectivas de futuro tanto para las j\u00f3venes madres como para sus hijos. \u201cLa Iglesia debe encontrar la manera de solucionar estos problemas\u201d, dice. \u201cTambi\u00e9n Jesucristo, el Hijo de Dios, vivi\u00f3 con Mar\u00eda y Jos\u00e9 en una familia humana. Cuando se promueve a la familia se trabaja en aras de un mundo mejor\u201d.<\/p>\n<p>Para prestar su servicio, el p\u00e1rroco tiene que recorrer largos caminos. Ahora, gracias a la ayuda de nuestros benefactores, que han donado 24.000 euros, dispone de un veh\u00edculo con el que realizar los trayectos de forma m\u00e1s segura y r\u00e1pida. Esto significa que puede atender a los creyentes con mayor frecuencia y que puede ayudar a m\u00e1s personas. El P. Konate da las gracias a todos los que han contribuido a ello.<br \/>\n[\/vc_column_text][\/vc_column][\/vc_row]<\/p>\n","protected":false},"excerpt":{"rendered":"<p>[vc_row][vc_column][vc_column_text]El P. Kisito Konate desempe\u00f1a muchas tareas: no solo es el p\u00e1rroco de la parroquia de San Jos\u00e9, que abarca<\/p>\n","protected":false},"author":1,"featured_media":116158,"comment_status":"open","ping_status":"open","sticky":false,"template":"","format":"standard","meta":{"_acf_changed":false,"_acn_coauthor_ids":[],"footnotes":""},"categories":[713,714],"tags":[650,677],"country":[],"class_list":["post-116157","post","type-post","status-publish","format-standard","has-post-thumbnail","hentry","category-historias","category-proyecto","tag-africa","tag-burkina-faso"],"acn_coauthors":[],"acf":[],"yoast_head":"<!-- This site is optimized with the Yoast SEO Premium plugin v27.3 (Yoast SEO v27.3) - https:\/\/yoast.com\/product\/yoast-seo-premium-wordpress\/ -->\n<title>Historia de \u00e9xito en Burkina Faso: un coche para la labor pastoral | ACN International<\/title>\n<meta name=\"robots\" content=\"index, follow, max-snippet:-1, max-image-preview:large, max-video-preview:-1\" \/>\n<link rel=\"canonical\" href=\"https:\/\/acninternational.org\/es\/historia-de-exito-en-burkina-faso-un-coche-para-la-labor-pastoral\/\" \/>\n<meta property=\"og:locale\" content=\"es_ES\" \/>\n<meta property=\"og:type\" content=\"article\" \/>\n<meta property=\"og:title\" content=\"Historia de \u00e9xito en Burkina Faso: un coche para la labor pastoral\" \/>\n<meta property=\"og:description\" content=\"[vc_row][vc_column][vc_column_text]El P. Kisito Konate desempe\u00f1a muchas tareas: no solo es el p\u00e1rroco de la parroquia de San Jos\u00e9, que abarca\" \/>\n<meta property=\"og:url\" content=\"https:\/\/acninternational.org\/es\/historia-de-exito-en-burkina-faso-un-coche-para-la-labor-pastoral\/\" \/>\n<meta property=\"og:site_name\" content=\"ACN International\" \/>\n<meta property=\"article:publisher\" content=\"https:\/\/www.facebook.com\/acninternationalorg\" \/>\n<meta property=\"article:published_time\" content=\"2017-11-13T23:00:00+00:00\" \/>\n<meta property=\"og:image\" content=\"https:\/\/media.acninternational.org\/wp-content\/uploads\/2019\/11\/Historia-de-%C3%A9xito-en-Burkina-Faso-un-coche-para-la-labor-pastoral-image.jpg\" \/>\n\t<meta property=\"og:image:width\" content=\"1980\" \/>\n\t<meta property=\"og:image:height\" content=\"800\" \/>\n\t<meta property=\"og:image:type\" content=\"image\/jpeg\" \/>\n<meta name=\"author\" content=\"admin_acn\" \/>\n<meta name=\"twitter:card\" content=\"summary_large_image\" \/>\n<meta name=\"twitter:creator\" content=\"@acn_int\" \/>\n<meta name=\"twitter:site\" content=\"@acn_int\" \/>\n<meta name=\"twitter:label1\" content=\"Escrito por\" \/>\n\t<meta name=\"twitter:data1\" content=\"admin_acn\" \/>\n\t<meta name=\"twitter:label2\" content=\"Tiempo de lectura\" \/>\n\t<meta name=\"twitter:data2\" content=\"2 minutos\" \/>\n<script type=\"application\/ld+json\" class=\"yoast-schema-graph\">{\"@context\":\"https:\\\/\\\/schema.org\",\"@graph\":[{\"@type\":\"Article\",\"@id\":\"https:\\\/\\\/acninternational.org\\\/es\\\/historia-de-exito-en-burkina-faso-un-coche-para-la-labor-pastoral\\\/#article\",\"isPartOf\":{\"@id\":\"https:\\\/\\\/acninternational.org\\\/es\\\/historia-de-exito-en-burkina-faso-un-coche-para-la-labor-pastoral\\\/\"},\"author\":{\"name\":\"admin_acn\",\"@id\":\"https:\\\/\\\/acninternational.org\\\/es\\\/#\\\/schema\\\/person\\\/5a7468d38fb12b1976b6eeda95c21ebc\"},\"headline\":\"Historia de \u00e9xito en Burkina Faso: un coche para la labor pastoral\",\"datePublished\":\"2017-11-13T23:00:00+00:00\",\"mainEntityOfPage\":{\"@id\":\"https:\\\/\\\/acninternational.org\\\/es\\\/historia-de-exito-en-burkina-faso-un-coche-para-la-labor-pastoral\\\/\"},\"wordCount\":327,\"commentCount\":0,\"publisher\":{\"@id\":\"https:\\\/\\\/acninternational.org\\\/es\\\/#organization\"},\"image\":{\"@id\":\"https:\\\/\\\/acninternational.org\\\/es\\\/historia-de-exito-en-burkina-faso-un-coche-para-la-labor-pastoral\\\/#primaryimage\"},\"thumbnailUrl\":\"https:\\\/\\\/media.acninternational.org\\\/wp-content\\\/uploads\\\/2019\\\/11\\\/Historia-de-%C3%A9xito-en-Burkina-Faso-un-coche-para-la-labor-pastoral-image.jpg\",\"keywords\":[\"\u00c1frica\",\"Burkina Faso\"],\"articleSection\":[\"HISTORIAS\",\"PROYECTO\"],\"inLanguage\":\"es\",\"potentialAction\":[{\"@type\":\"CommentAction\",\"name\":\"Comment\",\"target\":[\"https:\\\/\\\/acninternational.org\\\/es\\\/historia-de-exito-en-burkina-faso-un-coche-para-la-labor-pastoral\\\/#respond\"]}]},{\"@type\":\"WebPage\",\"@id\":\"https:\\\/\\\/acninternational.org\\\/es\\\/historia-de-exito-en-burkina-faso-un-coche-para-la-labor-pastoral\\\/\",\"url\":\"https:\\\/\\\/acninternational.org\\\/es\\\/historia-de-exito-en-burkina-faso-un-coche-para-la-labor-pastoral\\\/\",\"name\":\"Historia de \u00e9xito en Burkina Faso: un coche para la labor pastoral | ACN International\",\"isPartOf\":{\"@id\":\"https:\\\/\\\/acninternational.org\\\/es\\\/#website\"},\"primaryImageOfPage\":{\"@id\":\"https:\\\/\\\/acninternational.org\\\/es\\\/historia-de-exito-en-burkina-faso-un-coche-para-la-labor-pastoral\\\/#primaryimage\"},\"image\":{\"@id\":\"https:\\\/\\\/acninternational.org\\\/es\\\/historia-de-exito-en-burkina-faso-un-coche-para-la-labor-pastoral\\\/#primaryimage\"},\"thumbnailUrl\":\"https:\\\/\\\/media.acninternational.org\\\/wp-content\\\/uploads\\\/2019\\\/11\\\/Historia-de-%C3%A9xito-en-Burkina-Faso-un-coche-para-la-labor-pastoral-image.jpg\",\"datePublished\":\"2017-11-13T23:00:00+00:00\",\"breadcrumb\":{\"@id\":\"https:\\\/\\\/acninternational.org\\\/es\\\/historia-de-exito-en-burkina-faso-un-coche-para-la-labor-pastoral\\\/#breadcrumb\"},\"inLanguage\":\"es\",\"potentialAction\":[{\"@type\":\"ReadAction\",\"target\":[\"https:\\\/\\\/acninternational.org\\\/es\\\/historia-de-exito-en-burkina-faso-un-coche-para-la-labor-pastoral\\\/\"]}]},{\"@type\":\"ImageObject\",\"inLanguage\":\"es\",\"@id\":\"https:\\\/\\\/acninternational.org\\\/es\\\/historia-de-exito-en-burkina-faso-un-coche-para-la-labor-pastoral\\\/#primaryimage\",\"url\":\"https:\\\/\\\/media.acninternational.org\\\/wp-content\\\/uploads\\\/2019\\\/11\\\/Historia-de-%C3%A9xito-en-Burkina-Faso-un-coche-para-la-labor-pastoral-image.jpg\",\"contentUrl\":\"https:\\\/\\\/media.acninternational.org\\\/wp-content\\\/uploads\\\/2019\\\/11\\\/Historia-de-%C3%A9xito-en-Burkina-Faso-un-coche-para-la-labor-pastoral-image.jpg\",\"width\":1980,\"height\":800,\"caption\":\"Historia de \u00e9xito en Burkina Faso: un coche para la labor pastoral\"},{\"@type\":\"BreadcrumbList\",\"@id\":\"https:\\\/\\\/acninternational.org\\\/es\\\/historia-de-exito-en-burkina-faso-un-coche-para-la-labor-pastoral\\\/#breadcrumb\",\"itemListElement\":[{\"@type\":\"ListItem\",\"position\":1,\"name\":\"Home\",\"item\":\"https:\\\/\\\/acninternational.org\\\/es\\\/\"},{\"@type\":\"ListItem\",\"position\":2,\"name\":\"HISTORIAS\",\"item\":\"https:\\\/\\\/acninternational.org\\\/es\\\/category\\\/historias\\\/\"},{\"@type\":\"ListItem\",\"position\":3,\"name\":\"Historia de \u00e9xito en Burkina Faso: un coche para la labor pastoral\"}]},{\"@type\":\"WebSite\",\"@id\":\"https:\\\/\\\/acninternational.org\\\/es\\\/#website\",\"url\":\"https:\\\/\\\/acninternational.org\\\/es\\\/\",\"name\":\"ACN International\",\"description\":\"\",\"publisher\":{\"@id\":\"https:\\\/\\\/acninternational.org\\\/es\\\/#organization\"},\"potentialAction\":[{\"@type\":\"SearchAction\",\"target\":{\"@type\":\"EntryPoint\",\"urlTemplate\":\"https:\\\/\\\/acninternational.org\\\/es\\\/?s={search_term_string}\"},\"query-input\":{\"@type\":\"PropertyValueSpecification\",\"valueRequired\":true,\"valueName\":\"search_term_string\"}}],\"inLanguage\":\"es\"},{\"@type\":\"Organization\",\"@id\":\"https:\\\/\\\/acninternational.org\\\/es\\\/#organization\",\"name\":\"Aid to the Church in Need International\",\"url\":\"https:\\\/\\\/acninternational.org\\\/es\\\/\",\"logo\":{\"@type\":\"ImageObject\",\"inLanguage\":\"es\",\"@id\":\"https:\\\/\\\/acninternational.org\\\/es\\\/#\\\/schema\\\/logo\\\/image\\\/\",\"url\":\"https:\\\/\\\/media.acninternational.org\\\/wp-content\\\/uploads\\\/2019\\\/11\\\/acn_logo_blackvector.svg\",\"contentUrl\":\"https:\\\/\\\/media.acninternational.org\\\/wp-content\\\/uploads\\\/2019\\\/11\\\/acn_logo_blackvector.svg\",\"width\":232.6,\"height\":78,\"caption\":\"Aid to the Church in Need International\"},\"image\":{\"@id\":\"https:\\\/\\\/acninternational.org\\\/es\\\/#\\\/schema\\\/logo\\\/image\\\/\"},\"sameAs\":[\"https:\\\/\\\/www.facebook.com\\\/acninternationalorg\",\"https:\\\/\\\/x.com\\\/acn_int\",\"https:\\\/\\\/www.youtube.com\\\/channel\\\/UCQ-077gS0TnVzkhHmf1opZw\",\"https:\\\/\\\/www.instagram.com\\\/acn_international\\\/\"]},{\"@type\":\"Person\",\"@id\":\"https:\\\/\\\/acninternational.org\\\/es\\\/#\\\/schema\\\/person\\\/5a7468d38fb12b1976b6eeda95c21ebc\",\"name\":\"admin_acn\",\"url\":\"https:\\\/\\\/acninternational.org\\\/es\\\/author\\\/admin_acn\\\/\"}]}<\/script>\n<!-- \/ Yoast SEO Premium plugin. -->","yoast_head_json":{"title":"Historia de \u00e9xito en Burkina Faso: un coche para la labor pastoral | ACN International","robots":{"index":"index","follow":"follow","max-snippet":"max-snippet:-1","max-image-preview":"max-image-preview:large","max-video-preview":"max-video-preview:-1"},"canonical":"https:\/\/acninternational.org\/es\/historia-de-exito-en-burkina-faso-un-coche-para-la-labor-pastoral\/","og_locale":"es_ES","og_type":"article","og_title":"Historia de \u00e9xito en Burkina Faso: un coche para la labor pastoral","og_description":"[vc_row][vc_column][vc_column_text]El P. Kisito Konate desempe\u00f1a muchas tareas: no solo es el p\u00e1rroco de la parroquia de San Jos\u00e9, que abarca","og_url":"https:\/\/acninternational.org\/es\/historia-de-exito-en-burkina-faso-un-coche-para-la-labor-pastoral\/","og_site_name":"ACN International","article_publisher":"https:\/\/www.facebook.com\/acninternationalorg","article_published_time":"2017-11-13T23:00:00+00:00","og_image":[{"width":1980,"height":800,"url":"https:\/\/media.acninternational.org\/wp-content\/uploads\/2019\/11\/Historia-de-%C3%A9xito-en-Burkina-Faso-un-coche-para-la-labor-pastoral-image.jpg","type":"image\/jpeg"}],"author":"admin_acn","twitter_card":"summary_large_image","twitter_creator":"@acn_int","twitter_site":"@acn_int","twitter_misc":{"Escrito por":"admin_acn","Tiempo de lectura":"2 minutos"},"schema":{"@context":"https:\/\/schema.org","@graph":[{"@type":"Article","@id":"https:\/\/acninternational.org\/es\/historia-de-exito-en-burkina-faso-un-coche-para-la-labor-pastoral\/#article","isPartOf":{"@id":"https:\/\/acninternational.org\/es\/historia-de-exito-en-burkina-faso-un-coche-para-la-labor-pastoral\/"},"author":{"name":"admin_acn","@id":"https:\/\/acninternational.org\/es\/#\/schema\/person\/5a7468d38fb12b1976b6eeda95c21ebc"},"headline":"Historia de \u00e9xito en Burkina Faso: un coche para la labor pastoral","datePublished":"2017-11-13T23:00:00+00:00","mainEntityOfPage":{"@id":"https:\/\/acninternational.org\/es\/historia-de-exito-en-burkina-faso-un-coche-para-la-labor-pastoral\/"},"wordCount":327,"commentCount":0,"publisher":{"@id":"https:\/\/acninternational.org\/es\/#organization"},"image":{"@id":"https:\/\/acninternational.org\/es\/historia-de-exito-en-burkina-faso-un-coche-para-la-labor-pastoral\/#primaryimage"},"thumbnailUrl":"https:\/\/media.acninternational.org\/wp-content\/uploads\/2019\/11\/Historia-de-%C3%A9xito-en-Burkina-Faso-un-coche-para-la-labor-pastoral-image.jpg","keywords":["\u00c1frica","Burkina Faso"],"articleSection":["HISTORIAS","PROYECTO"],"inLanguage":"es","potentialAction":[{"@type":"CommentAction","name":"Comment","target":["https:\/\/acninternational.org\/es\/historia-de-exito-en-burkina-faso-un-coche-para-la-labor-pastoral\/#respond"]}]},{"@type":"WebPage","@id":"https:\/\/acninternational.org\/es\/historia-de-exito-en-burkina-faso-un-coche-para-la-labor-pastoral\/","url":"https:\/\/acninternational.org\/es\/historia-de-exito-en-burkina-faso-un-coche-para-la-labor-pastoral\/","name":"Historia de \u00e9xito en Burkina Faso: un coche para la labor pastoral | ACN International","isPartOf":{"@id":"https:\/\/acninternational.org\/es\/#website"},"primaryImageOfPage":{"@id":"https:\/\/acninternational.org\/es\/historia-de-exito-en-burkina-faso-un-coche-para-la-labor-pastoral\/#primaryimage"},"image":{"@id":"https:\/\/acninternational.org\/es\/historia-de-exito-en-burkina-faso-un-coche-para-la-labor-pastoral\/#primaryimage"},"thumbnailUrl":"https:\/\/media.acninternational.org\/wp-content\/uploads\/2019\/11\/Historia-de-%C3%A9xito-en-Burkina-Faso-un-coche-para-la-labor-pastoral-image.jpg","datePublished":"2017-11-13T23:00:00+00:00","breadcrumb":{"@id":"https:\/\/acninternational.org\/es\/historia-de-exito-en-burkina-faso-un-coche-para-la-labor-pastoral\/#breadcrumb"},"inLanguage":"es","potentialAction":[{"@type":"ReadAction","target":["https:\/\/acninternational.org\/es\/historia-de-exito-en-burkina-faso-un-coche-para-la-labor-pastoral\/"]}]},{"@type":"ImageObject","inLanguage":"es","@id":"https:\/\/acninternational.org\/es\/historia-de-exito-en-burkina-faso-un-coche-para-la-labor-pastoral\/#primaryimage","url":"https:\/\/media.acninternational.org\/wp-content\/uploads\/2019\/11\/Historia-de-%C3%A9xito-en-Burkina-Faso-un-coche-para-la-labor-pastoral-image.jpg","contentUrl":"https:\/\/media.acninternational.org\/wp-content\/uploads\/2019\/11\/Historia-de-%C3%A9xito-en-Burkina-Faso-un-coche-para-la-labor-pastoral-image.jpg","width":1980,"height":800,"caption":"Historia de \u00e9xito en Burkina Faso: un coche para la labor pastoral"},{"@type":"BreadcrumbList","@id":"https:\/\/acninternational.org\/es\/historia-de-exito-en-burkina-faso-un-coche-para-la-labor-pastoral\/#breadcrumb","itemListElement":[{"@type":"ListItem","position":1,"name":"Home","item":"https:\/\/acninternational.org\/es\/"},{"@type":"ListItem","position":2,"name":"HISTORIAS","item":"https:\/\/acninternational.org\/es\/category\/historias\/"},{"@type":"ListItem","position":3,"name":"Historia de \u00e9xito en Burkina Faso: un coche para la labor pastoral"}]},{"@type":"WebSite","@id":"https:\/\/acninternational.org\/es\/#website","url":"https:\/\/acninternational.org\/es\/","name":"ACN International","description":"","publisher":{"@id":"https:\/\/acninternational.org\/es\/#organization"},"potentialAction":[{"@type":"SearchAction","target":{"@type":"EntryPoint","urlTemplate":"https:\/\/acninternational.org\/es\/?s={search_term_string}"},"query-input":{"@type":"PropertyValueSpecification","valueRequired":true,"valueName":"search_term_string"}}],"inLanguage":"es"},{"@type":"Organization","@id":"https:\/\/acninternational.org\/es\/#organization","name":"Aid to the Church in Need International","url":"https:\/\/acninternational.org\/es\/","logo":{"@type":"ImageObject","inLanguage":"es","@id":"https:\/\/acninternational.org\/es\/#\/schema\/logo\/image\/","url":"https:\/\/media.acninternational.org\/wp-content\/uploads\/2019\/11\/acn_logo_blackvector.svg","contentUrl":"https:\/\/media.acninternational.org\/wp-content\/uploads\/2019\/11\/acn_logo_blackvector.svg","width":232.6,"height":78,"caption":"Aid to the Church in Need International"},"image":{"@id":"https:\/\/acninternational.org\/es\/#\/schema\/logo\/image\/"},"sameAs":["https:\/\/www.facebook.com\/acninternationalorg","https:\/\/x.com\/acn_int","https:\/\/www.youtube.com\/channel\/UCQ-077gS0TnVzkhHmf1opZw","https:\/\/www.instagram.com\/acn_international\/"]},{"@type":"Person","@id":"https:\/\/acninternational.org\/es\/#\/schema\/person\/5a7468d38fb12b1976b6eeda95c21ebc","name":"admin_acn","url":"https:\/\/acninternational.org\/es\/author\/admin_acn\/"}]}},"_links":{"self":[{"href":"https:\/\/acninternational.org\/es\/wp-json\/wp\/v2\/posts\/116157","targetHints":{"allow":["GET"]}}],"collection":[{"href":"https:\/\/acninternational.org\/es\/wp-json\/wp\/v2\/posts"}],"about":[{"href":"https:\/\/acninternational.org\/es\/wp-json\/wp\/v2\/types\/post"}],"author":[{"embeddable":true,"href":"https:\/\/acninternational.org\/es\/wp-json\/wp\/v2\/users\/1"}],"replies":[{"embeddable":true,"href":"https:\/\/acninternational.org\/es\/wp-json\/wp\/v2\/comments?post=116157"}],"version-history":[{"count":0,"href":"https:\/\/acninternational.org\/es\/wp-json\/wp\/v2\/posts\/116157\/revisions"}],"wp:featuredmedia":[{"embeddable":true,"href":"https:\/\/acninternational.org\/es\/wp-json\/wp\/v2\/media\/116158"}],"wp:attachment":[{"href":"https:\/\/acninternational.org\/es\/wp-json\/wp\/v2\/media?parent=116157"}],"wp:term":[{"taxonomy":"category","embeddable":true,"href":"https:\/\/acninternational.org\/es\/wp-json\/wp\/v2\/categories?post=116157"},{"taxonomy":"post_tag","embeddable":true,"href":"https:\/\/acninternational.org\/es\/wp-json\/wp\/v2\/tags?post=116157"},{"taxonomy":"country","embeddable":true,"href":"https:\/\/acninternational.org\/es\/wp-json\/wp\/v2\/country?post=116157"}],"curies":[{"name":"wp","href":"https:\/\/api.w.org\/{rel}","templated":true}]}}