{"id":116135,"date":"2017-11-13T00:00:00","date_gmt":"2017-11-12T23:00:00","guid":{"rendered":"https:\/\/acninternational.org\/el-cristianismo-es-una-religion-de-testimonio\/"},"modified":"2017-11-13T00:00:00","modified_gmt":"2017-11-12T23:00:00","slug":"el-cristianismo-es-una-religion-de-testimonio","status":"publish","type":"post","link":"https:\/\/acninternational.org\/es\/el-cristianismo-es-una-religion-de-testimonio\/","title":{"rendered":"\u00abEl cristianismo es una religi\u00f3n de testimonio\u00bb"},"content":{"rendered":"<p>[vc_row][vc_column][vc_column_text]<\/p>\n<p class=\"p1\"><span class=\"s1\"><b>La <i>Conferencia Episcopal cat\u00f3lica de Burundi anima a un di\u00e1logo inclusivo para una paz duradera<\/i><\/b><\/span><\/p>\n<p class=\"p1\"><span class=\"s1\"><i>Desde abril de 2015, en que el Presidente <\/i><a href=\"https:\/\/www.google.fr\/search?client=firefox-b-ab&amp;dcr=0&amp;q=Pierre+Nkurunziza&amp;stick=H4sIAAAAAAAAAOPgE-LQz9U3MDSzLFHiBLFMK5KSk7SMspOt9NPzy1KL8nJT80qQmIk58VmlRZnFKZnJJZn5eVYFRanFmSlACQB4DervSwAAAA&amp;sa=X&amp;ved=0ahUKEwiGrsLm4vzWAhXFfxoKHfQNAc0QmxMIowEoATAX&amp;biw=1787&amp;bih=856\"><span class=\"s2\"><i>Pierre Nkurunziza<\/i><\/span><\/a><i> manifest\u00f3 su deseo de presentarse a las elecciones para un tercer mandato, el pa\u00eds atraviesa una grave crisis pol\u00edtica que ha causado la muerte de centenares de burundeses y el exilio de miles de ellos. Una entrevista con Mons. Joachim Ntahondereye, Obispo de Muyinga<\/i> <i>y Presidente de la Conferencia Episcopal cat\u00f3lica de Burundi.<\/i><\/span><\/p>\n<p class=\"p1\"><span class=\"s1\"><b><i>ACN<\/i>&#8211; \u00bfCu\u00e1l es el origen de la crisis pol\u00edtico-social que est\u00e1 afectando al pa\u00eds desde abril de 2015?<\/b><\/span><\/p>\n<p class=\"p1\"><span class=\"s1\"><b><i>Mons. Joachim Ntahondereye<\/i><\/b><i>\u00a0\u2013<\/i> Nuestro pa\u00eds se encuentra inmerso en una crisis pol\u00edtica a causa de la divergente interpretaci\u00f3n del art\u00edculo 96 de la Constituci\u00f3n. El Presidente considera que el art\u00edculo no le impide aspirar a un nuevo mandato, pues el art\u00edculo estipula que el Presidente sea elegido por sufragio universal; considera que, cuando fue elegido por primera vez, no lo fue por sufragio universal, sino \u00fanicamente por las dos C\u00e1maras del Parlamento. Considera que, por tanto, est\u00e1 en su derecho de presentarse una tercera vez. Sin embargo, la oposici\u00f3n no est\u00e1 de acuerdo. Argumenta diciendo que, si bien el art\u00edculo 302 dispone efectivamente que \u00abel primer Presidente de la Rep\u00fablica del periodo post-transici\u00f3n sea elegido por la Asamblea nacional y el Senado, reunidos en Congreso\u00bb, no dice que ese mandato no cuente. Por otro lado, estima que el mandato surte efecto a partir de la fecha en que el Presidente presta juramento, por lo que no tendr\u00eda derecho a un tercer mandato. Se trata, pues, de una ambig\u00fcedad en la Constituci\u00f3n que espero se solucione alg\u00fan d\u00eda.<\/span><\/p>\n<p class=\"p1\"><span class=\"s1\"><b>\u00bfC\u00f3mo es la situaci\u00f3n actual en el pa\u00eds, en la vida cotidiana?<\/b><\/span><\/p>\n<p class=\"p1\"><span class=\"s1\">La situaci\u00f3n ha mejorado claramente estos \u00faltimos meses; actualmente se puede circular, tanto de d\u00eda como de noche, sin gran dificultad, a pesar de haber algunos puestos de control. No obstante, aqu\u00ed y all\u00e1 sigue habiendo a\u00fan arrestos y desapariciones arbitrarias, de las que no se habla, pero que son realidad. En cuanto a la econom\u00eda del pa\u00eds, esta se ha visto fuertemente afectada por esta crisis; ha aumentado bastante el empobrecimiento de la poblaci\u00f3n; los precios han aumentado extraordinariamente, la moneda se ha devaluado\u2026<\/span><\/p>\n<p class=\"p1\"><span class=\"s1\"><b>Bastantes burundeses han huido del pa\u00eds y est\u00e1n refugiados. \u00bfEn qu\u00e9 condiciones viven?<\/b><\/span><\/p>\n<p class=\"p1\"><span class=\"s1\">Es dif\u00edcil disponer de cifras exactas; el <\/span><span class=\"s3\">Alto Comisionado de las Naciones Unidas para los Refugiados<\/span><span class=\"s4\">\u00a0(<\/span><span class=\"s3\">ACNUR<\/span><span class=\"s1\">) habla de 420.000 personas, pero el Gobierno rechaza esta cifra. Sin embargo, sabemos que hay dos campos de refugiados en Tanzania, uno en Ruanda y otro en Congo. A pesar de dos solicitudes presentadas por intermediaci\u00f3n de la di\u00f3cesis de Kigoma, ninguno de nosotros, los obispos de Burundi, hemos podido visitar a\u00fan los campos que se encuentran en Tanzania, por no disponer de autorizaci\u00f3n. Yo pude visitar un d\u00eda el de Ruanda y vi que las condiciones en que viven los refugiados contin\u00faan siendo muy precarias. Sin embargo, me place constatar que los primeros est\u00e1n comenzando a volver al pa\u00eds, procedentes de los campos de Tanzania. Cuando sal\u00ed para hacer este viaje a Europa, ya eran un millar. Otros no quieren volver todav\u00eda, pues aunque la situaci\u00f3n haya mejorado en los \u00faltimos meses, el problema no est\u00e1 resuelto a\u00fan.<\/span><\/p>\n<p class=\"p1\"><span class=\"s1\"><b>\u00bfC\u00f3mo explicar entonces que la situaci\u00f3n haya mejorado?<\/b><\/span><\/p>\n<p class=\"p1\"><span class=\"s1\">Hay una mejora porque ya no hay enfrentamientos entre la polic\u00eda y los manifestantes como era el caso desde finales de abril de 2015 y el furor represivo que sigui\u00f3 a la tentativa de golpe de Estado del 13 de mayo de ese mismo a\u00f1o se ha calmado. Despu\u00e9s de trasladarse al extranjero la oposici\u00f3n radical, se ha reducido la tensi\u00f3n generada por la inseguridad y las violencia; pero el problema pol\u00edtico que lo hab\u00eda causado todav\u00eda no se ha solucionado.<\/span><\/p>\n<p class=\"p1\"><span class=\"s1\"><b>Tres informes internacionales publicados en septiembre denuncian excesos y violencias cometidas a priori por el Gobierno estos dos \u00faltimos a\u00f1os. A su vez, el Gobierno rechaza estos informes. \u00bfQu\u00e9 puede decirnos al respecto?<\/b><\/span><\/p>\n<p class=\"p1\"><span class=\"s1\">Habr\u00eda que observar detalladamente cada uno de estos informes y ver los cr\u00edmenes denunciados caso por caso para responder con precisi\u00f3n. Es cierto que a veces hemos o\u00eddo hablar de excesos y detenciones, pero la situaci\u00f3n actual no es la misma de 2015-2016: desde entonces ha mejorado considerablemente.<\/span><\/p>\n<p class=\"p1\"><span class=\"s1\"><b>\u00bfEs cierto que Burundi ha anunciado este 27 de octubre que se retirar\u00eda de la Corte Penal Internacional?<\/b><\/span><\/p>\n<p class=\"p1\"><span class=\"s1\">S\u00ed; en efecto, el Gobierno ha dado todos los pasos oficiales en este sentido; pero se puede preguntar si esto cambiar\u00e1 gran cosa en la crisis que estamos sufriendo actualmente.<\/span><\/p>\n<p class=\"p1\"><span class=\"s1\"><b>Ustedes, la Conferencia Episcopal cat\u00f3lica de Burundi, enviaron el 10 de septiembre un fuerte mensaje apelando a un di\u00e1logo inclusivo; \u00bfqu\u00e9 entiende por esto?<\/b><\/span><\/p>\n<p class=\"p1\"><span class=\"s1\">Estoy convencido de que el bien de nuestro pa\u00eds requiere que todos los protagonistas de la crisis se sienten a una misma mesa para buscar juntos una soluci\u00f3n; esto no se ha podido hacer hasta ahora, a pesar de los esfuerzos de un mediador y un \u00e1rbitro facilitados por la Comunidad de pa\u00edses africanos orientales. Si bien se han hecho ya intentos, nunca ha tenido lugar un verdadero di\u00e1logo porque el Gobierno se niega a hablar con aquellos a los que acusa de haber participado en el intento de golpe de Estado del 13 de mayo de 2015. A pesar fe ello, la dolorosa historia de nuestro pa\u00eds ha demostrado que sin di\u00e1logo no es posible una paz duradera.<\/span><\/p>\n<p class=\"p1\"><span class=\"s1\"><b>Teniendo en cuenta que el pa\u00eds es mayoritariamente cristiano y cat\u00f3lico, \u00bfser\u00eda bien recibida una intervenci\u00f3n del Papa? <\/b><\/span><\/p>\n<p class=\"p1\"><span class=\"s1\">S\u00ed, por supuesto, aunque probablemente su mensaje no ser\u00eda recibido del mismo modo por los dos campos. Le agradecemos sus llamadas a rezar por nuestro pa\u00eds, que ya ha hecho, porque nos anima mucho. Si, adem\u00e1s, alg\u00fan d\u00eda visitara Burundi, ser\u00eda todav\u00eda mejor; pero no s\u00e9 si las condiciones actuales permiten tal acontecimiento.<\/span><\/p>\n<p class=\"p1\"><span class=\"s1\"><b>\u00bfDebe desempe\u00f1ar Europa alg\u00fan papel?<\/b><\/span><\/p>\n<p class=\"p1\"><span class=\"s1\">S\u00ed, pero es necesario que la UE considere principalmente el bien del pueblo y encuentre alg\u00fan otro medio para ejercer presi\u00f3n diferente a congelar la ayuda financiera, porque esto afecta en \u00faltimo t\u00e9rmino a la poblaci\u00f3n. Los que se encuentran al mando del Gobierno siempre encontrar\u00e1n alg\u00fan medio de contrarrestar las cargas de dichas sanciones; al final, son los humildes los que pagan.<\/span><\/p>\n<p class=\"p1\"><span class=\"s1\"><b>\u00bfVe alguna salida de la crisis en estos pr\u00f3ximos meses?<\/b><\/span><\/p>\n<p class=\"p1\"><span class=\"s1\">Lo esperamos y confiamos en ello de todo coraz\u00f3n, pero no tenemos elementos concretos para apoyarnos y afirmar que habr\u00e1 una salida de la crisis en un momento cercano.<\/span><\/p>\n<p class=\"p1\"><span class=\"s1\"><b>\u00bfCu\u00e1l es la situaci\u00f3n de la Iglesia hoy en d\u00eda?<\/b><\/span><\/p>\n<p class=\"p1\"><span class=\"s1\">Aunque tenemos entre un 80 y un 90% de cristianos, a m\u00ed me gusta recordar que el cristianismo nunca ha sido y nunca ser\u00e1 una religi\u00f3n de masas; es una religi\u00f3n de testimonio. Por eso queremos reforzar la construcci\u00f3n de peque\u00f1as comunidades vivas, cuyos miembros sean conscientes de las exigencias que la fe comporta y que efectivamente den testimonio en la vida cotidiana. Esta es la pastoral que, seg\u00fan creemos, salvar\u00e1 la fe en nuestro pa\u00eds.<\/span><\/p>\n<p class=\"p1\"><span class=\"s1\"><b>\u00bfTienen vocaciones? <\/b><\/span><\/p>\n<p class=\"p1\"><span class=\"s1\">Tenemos bastantes vocaciones; el n\u00famero de solicitudes de admisi\u00f3n al seminario superior aumenta de a\u00f1o en a\u00f1o. De esto resulta que tenemos que hacer frente al desaf\u00edo que supone discernir la autenticidad de esas vocaciones. Este crecimiento puede deberse a otros factores distintos de la fe. Es de temer, por ejemplo, que en un contexto de crisis econ\u00f3mica con tastas muy elevadas de paro haya quien presente esa solicitud para escapar al desempleo.<\/span><\/p>\n<p class=\"p1\"><span class=\"s1\"><b>\u00bfCu\u00e1l es la fuerza de la Iglesia de Burundi?<\/b><\/span><\/p>\n<p class=\"p1\"><span class=\"s1\">Su fe y su esperanza. A pesar de la crisis, est\u00e1n sucediendo cosas muy bellas de las que estamos siendo testigos; en nuestro pa\u00eds hay muy bellos testimonios de amor, de perd\u00f3n, de reconciliaci\u00f3n y tambi\u00e9n de b\u00fasqueda del bien com\u00fan. Esto es lo que nos anima a trabajar por un futuro mejor. No est\u00e1 todo perdido; \u00a1nada m\u00e1s lejos de ello!<\/span><\/p>\n<p class=\"p1\"><span class=\"s1\">____________________________<\/span><\/p>\n<p class=\"p1\"><span class=\"s1\">Aid to the Church in Need (ACN) viene apoyando en Burundi desde hace muchos a\u00f1os con proyectos pastorales, entre los que se encuentran los que se dirigen a la juventud y a las familias, en particular en comunidades de base. En 2016 ACN destin\u00f3 un total de 286.612.-\u20ac para apoyar proyectos en Burundi. <\/span><\/p>\n<p>[\/vc_column_text][\/vc_column][\/vc_row]<\/p>\n","protected":false},"excerpt":{"rendered":"<p>[vc_row][vc_column][vc_column_text] La Conferencia Episcopal cat\u00f3lica de Burundi anima a un di\u00e1logo inclusivo para una paz duradera<\/p>\n","protected":false},"author":1,"featured_media":116136,"comment_status":"open","ping_status":"open","sticky":false,"template":"","format":"standard","meta":{"_acf_changed":false,"_acn_coauthor_ids":[],"_acn_featured_article":false,"footnotes":""},"categories":[745],"tags":[650,676],"country":[],"class_list":["post-116135","post","type-post","status-publish","format-standard","has-post-thumbnail","hentry","category-entrevistas","tag-africa","tag-burundi"],"acn_coauthors":[],"acf":[],"yoast_head":"<!-- This site is optimized with the Yoast SEO Premium plugin v27.5 (Yoast SEO v27.5) - https:\/\/yoast.com\/product\/yoast-seo-premium-wordpress\/ -->\n<title>\u00abEl cristianismo es una religi\u00f3n de testimonio\u00bb | ACN International<\/title>\n<meta name=\"robots\" content=\"index, follow, max-snippet:-1, max-image-preview:large, max-video-preview:-1\" \/>\n<link rel=\"canonical\" href=\"https:\/\/acninternational.org\/es\/el-cristianismo-es-una-religion-de-testimonio\/\" \/>\n<meta property=\"og:locale\" content=\"es_ES\" \/>\n<meta property=\"og:type\" content=\"article\" \/>\n<meta property=\"og:title\" content=\"\u00abEl cristianismo es una religi\u00f3n de testimonio\u00bb\" \/>\n<meta property=\"og:description\" content=\"[vc_row][vc_column][vc_column_text] La Conferencia Episcopal cat\u00f3lica de Burundi anima a un di\u00e1logo inclusivo para una paz duradera\" \/>\n<meta property=\"og:url\" content=\"https:\/\/acninternational.org\/es\/el-cristianismo-es-una-religion-de-testimonio\/\" \/>\n<meta property=\"og:site_name\" content=\"ACN International\" \/>\n<meta property=\"article:publisher\" content=\"https:\/\/www.facebook.com\/acninternationalorg\" \/>\n<meta property=\"article:published_time\" content=\"2017-11-12T23:00:00+00:00\" \/>\n<meta property=\"og:image\" content=\"https:\/\/media.acninternational.org\/wp-content\/uploads\/2019\/11\/%C2%ABEl-cristianismo-es-una-religi%C3%B3n-de-testimonio%C2%BB-image.jpg\" \/>\n\t<meta property=\"og:image:width\" content=\"1980\" \/>\n\t<meta property=\"og:image:height\" content=\"800\" \/>\n\t<meta property=\"og:image:type\" content=\"image\/jpeg\" \/>\n<meta name=\"author\" content=\"admin_acn\" \/>\n<meta name=\"twitter:card\" content=\"summary_large_image\" \/>\n<meta name=\"twitter:creator\" content=\"@acn_int\" \/>\n<meta name=\"twitter:site\" content=\"@acn_int\" \/>\n<meta name=\"twitter:label1\" content=\"Escrito por\" \/>\n\t<meta name=\"twitter:data1\" content=\"admin_acn\" \/>\n\t<meta name=\"twitter:label2\" content=\"Tiempo de lectura\" \/>\n\t<meta name=\"twitter:data2\" content=\"7 minutos\" \/>\n<script type=\"application\/ld+json\" class=\"yoast-schema-graph\">{\"@context\":\"https:\\\/\\\/schema.org\",\"@graph\":[{\"@type\":\"Article\",\"@id\":\"https:\\\/\\\/acninternational.org\\\/es\\\/el-cristianismo-es-una-religion-de-testimonio\\\/#article\",\"isPartOf\":{\"@id\":\"https:\\\/\\\/acninternational.org\\\/es\\\/el-cristianismo-es-una-religion-de-testimonio\\\/\"},\"author\":{\"name\":\"admin_acn\",\"@id\":\"https:\\\/\\\/acninternational.org\\\/es\\\/#\\\/schema\\\/person\\\/5a7468d38fb12b1976b6eeda95c21ebc\"},\"headline\":\"\u00abEl cristianismo es una religi\u00f3n de testimonio\u00bb\",\"datePublished\":\"2017-11-12T23:00:00+00:00\",\"mainEntityOfPage\":{\"@id\":\"https:\\\/\\\/acninternational.org\\\/es\\\/el-cristianismo-es-una-religion-de-testimonio\\\/\"},\"wordCount\":1490,\"commentCount\":0,\"publisher\":{\"@id\":\"https:\\\/\\\/acninternational.org\\\/es\\\/#organization\"},\"image\":{\"@id\":\"https:\\\/\\\/acninternational.org\\\/es\\\/el-cristianismo-es-una-religion-de-testimonio\\\/#primaryimage\"},\"thumbnailUrl\":\"https:\\\/\\\/media.acninternational.org\\\/wp-content\\\/uploads\\\/2019\\\/11\\\/%C2%ABEl-cristianismo-es-una-religi%C3%B3n-de-testimonio%C2%BB-image.jpg\",\"keywords\":[\"\u00c1frica\",\"Burundi\"],\"articleSection\":[\"ENTREVISTAS\"],\"inLanguage\":\"es\",\"potentialAction\":[{\"@type\":\"CommentAction\",\"name\":\"Comment\",\"target\":[\"https:\\\/\\\/acninternational.org\\\/es\\\/el-cristianismo-es-una-religion-de-testimonio\\\/#respond\"]}]},{\"@type\":\"WebPage\",\"@id\":\"https:\\\/\\\/acninternational.org\\\/es\\\/el-cristianismo-es-una-religion-de-testimonio\\\/\",\"url\":\"https:\\\/\\\/acninternational.org\\\/es\\\/el-cristianismo-es-una-religion-de-testimonio\\\/\",\"name\":\"\u00abEl cristianismo es una religi\u00f3n de testimonio\u00bb | ACN International\",\"isPartOf\":{\"@id\":\"https:\\\/\\\/acninternational.org\\\/es\\\/#website\"},\"primaryImageOfPage\":{\"@id\":\"https:\\\/\\\/acninternational.org\\\/es\\\/el-cristianismo-es-una-religion-de-testimonio\\\/#primaryimage\"},\"image\":{\"@id\":\"https:\\\/\\\/acninternational.org\\\/es\\\/el-cristianismo-es-una-religion-de-testimonio\\\/#primaryimage\"},\"thumbnailUrl\":\"https:\\\/\\\/media.acninternational.org\\\/wp-content\\\/uploads\\\/2019\\\/11\\\/%C2%ABEl-cristianismo-es-una-religi%C3%B3n-de-testimonio%C2%BB-image.jpg\",\"datePublished\":\"2017-11-12T23:00:00+00:00\",\"breadcrumb\":{\"@id\":\"https:\\\/\\\/acninternational.org\\\/es\\\/el-cristianismo-es-una-religion-de-testimonio\\\/#breadcrumb\"},\"inLanguage\":\"es\",\"potentialAction\":[{\"@type\":\"ReadAction\",\"target\":[\"https:\\\/\\\/acninternational.org\\\/es\\\/el-cristianismo-es-una-religion-de-testimonio\\\/\"]}]},{\"@type\":\"ImageObject\",\"inLanguage\":\"es\",\"@id\":\"https:\\\/\\\/acninternational.org\\\/es\\\/el-cristianismo-es-una-religion-de-testimonio\\\/#primaryimage\",\"url\":\"https:\\\/\\\/media.acninternational.org\\\/wp-content\\\/uploads\\\/2019\\\/11\\\/%C2%ABEl-cristianismo-es-una-religi%C3%B3n-de-testimonio%C2%BB-image.jpg\",\"contentUrl\":\"https:\\\/\\\/media.acninternational.org\\\/wp-content\\\/uploads\\\/2019\\\/11\\\/%C2%ABEl-cristianismo-es-una-religi%C3%B3n-de-testimonio%C2%BB-image.jpg\",\"width\":1980,\"height\":800,\"caption\":\"\u00abEl cristianismo es una religi\u00f3n de testimonio\u00bb\"},{\"@type\":\"BreadcrumbList\",\"@id\":\"https:\\\/\\\/acninternational.org\\\/es\\\/el-cristianismo-es-una-religion-de-testimonio\\\/#breadcrumb\",\"itemListElement\":[{\"@type\":\"ListItem\",\"position\":1,\"name\":\"Home\",\"item\":\"https:\\\/\\\/acninternational.org\\\/es\\\/\"},{\"@type\":\"ListItem\",\"position\":2,\"name\":\"ENTREVISTAS\",\"item\":\"https:\\\/\\\/acninternational.org\\\/es\\\/category\\\/entrevistas\\\/\"},{\"@type\":\"ListItem\",\"position\":3,\"name\":\"\u00abEl cristianismo es una religi\u00f3n de testimonio\u00bb\"}]},{\"@type\":\"WebSite\",\"@id\":\"https:\\\/\\\/acninternational.org\\\/es\\\/#website\",\"url\":\"https:\\\/\\\/acninternational.org\\\/es\\\/\",\"name\":\"ACN International\",\"description\":\"\",\"publisher\":{\"@id\":\"https:\\\/\\\/acninternational.org\\\/es\\\/#organization\"},\"potentialAction\":[{\"@type\":\"SearchAction\",\"target\":{\"@type\":\"EntryPoint\",\"urlTemplate\":\"https:\\\/\\\/acninternational.org\\\/es\\\/?s={search_term_string}\"},\"query-input\":{\"@type\":\"PropertyValueSpecification\",\"valueRequired\":true,\"valueName\":\"search_term_string\"}}],\"inLanguage\":\"es\"},{\"@type\":\"Organization\",\"@id\":\"https:\\\/\\\/acninternational.org\\\/es\\\/#organization\",\"name\":\"Aid to the Church in Need International\",\"url\":\"https:\\\/\\\/acninternational.org\\\/es\\\/\",\"logo\":{\"@type\":\"ImageObject\",\"inLanguage\":\"es\",\"@id\":\"https:\\\/\\\/acninternational.org\\\/es\\\/#\\\/schema\\\/logo\\\/image\\\/\",\"url\":\"https:\\\/\\\/media.acninternational.org\\\/wp-content\\\/uploads\\\/2019\\\/11\\\/acn_logo_blackvector.svg\",\"contentUrl\":\"https:\\\/\\\/media.acninternational.org\\\/wp-content\\\/uploads\\\/2019\\\/11\\\/acn_logo_blackvector.svg\",\"width\":232.6,\"height\":78,\"caption\":\"Aid to the Church in Need International\"},\"image\":{\"@id\":\"https:\\\/\\\/acninternational.org\\\/es\\\/#\\\/schema\\\/logo\\\/image\\\/\"},\"sameAs\":[\"https:\\\/\\\/www.facebook.com\\\/acninternationalorg\",\"https:\\\/\\\/x.com\\\/acn_int\",\"https:\\\/\\\/www.youtube.com\\\/channel\\\/UCQ-077gS0TnVzkhHmf1opZw\",\"https:\\\/\\\/www.instagram.com\\\/acn_international\\\/\"]},{\"@type\":\"Person\",\"@id\":\"https:\\\/\\\/acninternational.org\\\/es\\\/#\\\/schema\\\/person\\\/5a7468d38fb12b1976b6eeda95c21ebc\",\"name\":\"admin_acn\",\"url\":\"https:\\\/\\\/acninternational.org\\\/es\\\/author\\\/admin_acn\\\/\"}]}<\/script>\n<!-- \/ Yoast SEO Premium plugin. -->","yoast_head_json":{"title":"\u00abEl cristianismo es una religi\u00f3n de testimonio\u00bb | ACN International","robots":{"index":"index","follow":"follow","max-snippet":"max-snippet:-1","max-image-preview":"max-image-preview:large","max-video-preview":"max-video-preview:-1"},"canonical":"https:\/\/acninternational.org\/es\/el-cristianismo-es-una-religion-de-testimonio\/","og_locale":"es_ES","og_type":"article","og_title":"\u00abEl cristianismo es una religi\u00f3n de testimonio\u00bb","og_description":"[vc_row][vc_column][vc_column_text] La Conferencia Episcopal cat\u00f3lica de Burundi anima a un di\u00e1logo inclusivo para una paz duradera","og_url":"https:\/\/acninternational.org\/es\/el-cristianismo-es-una-religion-de-testimonio\/","og_site_name":"ACN International","article_publisher":"https:\/\/www.facebook.com\/acninternationalorg","article_published_time":"2017-11-12T23:00:00+00:00","og_image":[{"width":1980,"height":800,"url":"https:\/\/media.acninternational.org\/wp-content\/uploads\/2019\/11\/%C2%ABEl-cristianismo-es-una-religi%C3%B3n-de-testimonio%C2%BB-image.jpg","type":"image\/jpeg"}],"author":"admin_acn","twitter_card":"summary_large_image","twitter_creator":"@acn_int","twitter_site":"@acn_int","twitter_misc":{"Escrito por":"admin_acn","Tiempo de lectura":"7 minutos"},"schema":{"@context":"https:\/\/schema.org","@graph":[{"@type":"Article","@id":"https:\/\/acninternational.org\/es\/el-cristianismo-es-una-religion-de-testimonio\/#article","isPartOf":{"@id":"https:\/\/acninternational.org\/es\/el-cristianismo-es-una-religion-de-testimonio\/"},"author":{"name":"admin_acn","@id":"https:\/\/acninternational.org\/es\/#\/schema\/person\/5a7468d38fb12b1976b6eeda95c21ebc"},"headline":"\u00abEl cristianismo es una religi\u00f3n de testimonio\u00bb","datePublished":"2017-11-12T23:00:00+00:00","mainEntityOfPage":{"@id":"https:\/\/acninternational.org\/es\/el-cristianismo-es-una-religion-de-testimonio\/"},"wordCount":1490,"commentCount":0,"publisher":{"@id":"https:\/\/acninternational.org\/es\/#organization"},"image":{"@id":"https:\/\/acninternational.org\/es\/el-cristianismo-es-una-religion-de-testimonio\/#primaryimage"},"thumbnailUrl":"https:\/\/media.acninternational.org\/wp-content\/uploads\/2019\/11\/%C2%ABEl-cristianismo-es-una-religi%C3%B3n-de-testimonio%C2%BB-image.jpg","keywords":["\u00c1frica","Burundi"],"articleSection":["ENTREVISTAS"],"inLanguage":"es","potentialAction":[{"@type":"CommentAction","name":"Comment","target":["https:\/\/acninternational.org\/es\/el-cristianismo-es-una-religion-de-testimonio\/#respond"]}]},{"@type":"WebPage","@id":"https:\/\/acninternational.org\/es\/el-cristianismo-es-una-religion-de-testimonio\/","url":"https:\/\/acninternational.org\/es\/el-cristianismo-es-una-religion-de-testimonio\/","name":"\u00abEl cristianismo es una religi\u00f3n de testimonio\u00bb | ACN International","isPartOf":{"@id":"https:\/\/acninternational.org\/es\/#website"},"primaryImageOfPage":{"@id":"https:\/\/acninternational.org\/es\/el-cristianismo-es-una-religion-de-testimonio\/#primaryimage"},"image":{"@id":"https:\/\/acninternational.org\/es\/el-cristianismo-es-una-religion-de-testimonio\/#primaryimage"},"thumbnailUrl":"https:\/\/media.acninternational.org\/wp-content\/uploads\/2019\/11\/%C2%ABEl-cristianismo-es-una-religi%C3%B3n-de-testimonio%C2%BB-image.jpg","datePublished":"2017-11-12T23:00:00+00:00","breadcrumb":{"@id":"https:\/\/acninternational.org\/es\/el-cristianismo-es-una-religion-de-testimonio\/#breadcrumb"},"inLanguage":"es","potentialAction":[{"@type":"ReadAction","target":["https:\/\/acninternational.org\/es\/el-cristianismo-es-una-religion-de-testimonio\/"]}]},{"@type":"ImageObject","inLanguage":"es","@id":"https:\/\/acninternational.org\/es\/el-cristianismo-es-una-religion-de-testimonio\/#primaryimage","url":"https:\/\/media.acninternational.org\/wp-content\/uploads\/2019\/11\/%C2%ABEl-cristianismo-es-una-religi%C3%B3n-de-testimonio%C2%BB-image.jpg","contentUrl":"https:\/\/media.acninternational.org\/wp-content\/uploads\/2019\/11\/%C2%ABEl-cristianismo-es-una-religi%C3%B3n-de-testimonio%C2%BB-image.jpg","width":1980,"height":800,"caption":"\u00abEl cristianismo es una religi\u00f3n de testimonio\u00bb"},{"@type":"BreadcrumbList","@id":"https:\/\/acninternational.org\/es\/el-cristianismo-es-una-religion-de-testimonio\/#breadcrumb","itemListElement":[{"@type":"ListItem","position":1,"name":"Home","item":"https:\/\/acninternational.org\/es\/"},{"@type":"ListItem","position":2,"name":"ENTREVISTAS","item":"https:\/\/acninternational.org\/es\/category\/entrevistas\/"},{"@type":"ListItem","position":3,"name":"\u00abEl cristianismo es una religi\u00f3n de testimonio\u00bb"}]},{"@type":"WebSite","@id":"https:\/\/acninternational.org\/es\/#website","url":"https:\/\/acninternational.org\/es\/","name":"ACN International","description":"","publisher":{"@id":"https:\/\/acninternational.org\/es\/#organization"},"potentialAction":[{"@type":"SearchAction","target":{"@type":"EntryPoint","urlTemplate":"https:\/\/acninternational.org\/es\/?s={search_term_string}"},"query-input":{"@type":"PropertyValueSpecification","valueRequired":true,"valueName":"search_term_string"}}],"inLanguage":"es"},{"@type":"Organization","@id":"https:\/\/acninternational.org\/es\/#organization","name":"Aid to the Church in Need International","url":"https:\/\/acninternational.org\/es\/","logo":{"@type":"ImageObject","inLanguage":"es","@id":"https:\/\/acninternational.org\/es\/#\/schema\/logo\/image\/","url":"https:\/\/media.acninternational.org\/wp-content\/uploads\/2019\/11\/acn_logo_blackvector.svg","contentUrl":"https:\/\/media.acninternational.org\/wp-content\/uploads\/2019\/11\/acn_logo_blackvector.svg","width":232.6,"height":78,"caption":"Aid to the Church in Need International"},"image":{"@id":"https:\/\/acninternational.org\/es\/#\/schema\/logo\/image\/"},"sameAs":["https:\/\/www.facebook.com\/acninternationalorg","https:\/\/x.com\/acn_int","https:\/\/www.youtube.com\/channel\/UCQ-077gS0TnVzkhHmf1opZw","https:\/\/www.instagram.com\/acn_international\/"]},{"@type":"Person","@id":"https:\/\/acninternational.org\/es\/#\/schema\/person\/5a7468d38fb12b1976b6eeda95c21ebc","name":"admin_acn","url":"https:\/\/acninternational.org\/es\/author\/admin_acn\/"}]}},"_links":{"self":[{"href":"https:\/\/acninternational.org\/es\/wp-json\/wp\/v2\/posts\/116135","targetHints":{"allow":["GET"]}}],"collection":[{"href":"https:\/\/acninternational.org\/es\/wp-json\/wp\/v2\/posts"}],"about":[{"href":"https:\/\/acninternational.org\/es\/wp-json\/wp\/v2\/types\/post"}],"author":[{"embeddable":true,"href":"https:\/\/acninternational.org\/es\/wp-json\/wp\/v2\/users\/1"}],"replies":[{"embeddable":true,"href":"https:\/\/acninternational.org\/es\/wp-json\/wp\/v2\/comments?post=116135"}],"version-history":[{"count":0,"href":"https:\/\/acninternational.org\/es\/wp-json\/wp\/v2\/posts\/116135\/revisions"}],"wp:featuredmedia":[{"embeddable":true,"href":"https:\/\/acninternational.org\/es\/wp-json\/wp\/v2\/media\/116136"}],"wp:attachment":[{"href":"https:\/\/acninternational.org\/es\/wp-json\/wp\/v2\/media?parent=116135"}],"wp:term":[{"taxonomy":"category","embeddable":true,"href":"https:\/\/acninternational.org\/es\/wp-json\/wp\/v2\/categories?post=116135"},{"taxonomy":"post_tag","embeddable":true,"href":"https:\/\/acninternational.org\/es\/wp-json\/wp\/v2\/tags?post=116135"},{"taxonomy":"country","embeddable":true,"href":"https:\/\/acninternational.org\/es\/wp-json\/wp\/v2\/country?post=116135"}],"curies":[{"name":"wp","href":"https:\/\/api.w.org\/{rel}","templated":true}]}}