{"id":116075,"date":"2017-11-01T00:00:00","date_gmt":"2017-10-31T23:00:00","guid":{"rendered":"https:\/\/acninternational.org\/ahora-y-en-la-hora-de-nuestra-muerte\/"},"modified":"2017-11-01T00:00:00","modified_gmt":"2017-10-31T23:00:00","slug":"ahora-y-en-la-hora-de-nuestra-muerte","status":"publish","type":"post","link":"https:\/\/acninternational.org\/es\/ahora-y-en-la-hora-de-nuestra-muerte\/","title":{"rendered":"\u201cAhora y en la hora de nuestra muerte\u201d"},"content":{"rendered":"<p>[vc_row][vc_column][vc_column_text]<strong><em>Noviembre es el mes dedicado a rezar por los difuntos. En la regi\u00f3n amaz\u00f3nica de Brasil, antes de que la Iglesia tomara la iniciativa, lo que debiera ser una obra de misericordia era solo una fuente de explotaci\u00f3n. La fundaci\u00f3n pontificia <\/em><\/strong><em>ACN (Aid to the Church in Need) <strong>ayud\u00f3 a esta transformaci\u00f3n. <\/strong><\/em><\/p>\n<p>En el Mato Grosso, en el centro-oeste de Brasil, ya en la regi\u00f3n amaz\u00f3nica, se encuentra la Di\u00f3cesis de Ju\u00edna. All\u00ed ocurri\u00f3 un accidente de autom\u00f3vil en el que murieron una joven madre y su hijita, y que dej\u00f3 viudo al padre con dos hijos. Sensibilizada con la situaci\u00f3n de la familia, la AME (Associa\u00e7\u00e3o Minist\u00e9rio de Esperan\u00e7a), una funeraria comunitaria creada por la Di\u00f3cesis de Ju\u00edna, se puso en marcha para dar su primer servicio. A\u00fan sin toda la preparaci\u00f3n, pero con toda su buena voluntad, los voluntarios se aprestaron a ayudar a la familia. Una parte del equipo prest\u00f3 consuelo y apoyo al viudo, mientras otros fueron en busca de los f\u00e9retros. Un trabajo dif\u00edcil, con poca estructura, pero marcado por la emoci\u00f3n. En vista de la precaria situaci\u00f3n econ\u00f3mica de la familia, la AME realiz\u00f3 el funeral gratuitamente. El viudo era un hombre de fe que despu\u00e9s se uni\u00f3 como voluntario al equipo.<\/p>\n<p><strong>La gente perd\u00eda sus tierras para enterrar a sus familiares<\/strong><\/p>\n<p>Antes de la AME hab\u00eda una \u00fanica funeraria en Ju\u00edna, que cobraba unos precios muy elevados. De acuerdo con el testimonio de personas cercanas a las familias, y seg\u00fan explica Mons. Neri Jos\u00e9 Tondello, Obispo de Ju\u00edna, \u201cla gente perd\u00eda sus bienes a la hora de sepultar a un ser querido, incluso perd\u00edan sus tierras, y eso sin contar el mal trato y la falta de profesionalidad\u201d. La idea de crear una nueva funeraria surgi\u00f3 cuando el primer Obispo de la di\u00f3cesis, Mons. Franco Dalla Valle, se dio cuenta de que era preciso tomar medidas para socorrer a la gente, actuando no solo en las situaciones que se presentaran en vida, sino tambi\u00e9n a la hora de la muerte. \u00c9l mismo ide\u00f3 una funeraria comunitaria cuyo objetivo era reducir al m\u00e1ximo los gastos que acarrea un entierro \u2013contando con mano de obra voluntaria\u2013 y que, adem\u00e1s, ofreciese un trato humano, confortando con la esperanza cristiana a los que lloran la muerte de un familiar. Mientras trabajaba en la elaboraci\u00f3n del proyecto, le lleg\u00f3 la hora de su propia despedida. Mons. Franco falleci\u00f3 el d\u00eda 2 de agosto de 2007, antes de ver hecho realidad su sue\u00f1o. Sin embargo, gracias a la disponibilidad de los voluntarios, su obra no se estanc\u00f3. Cuando Mons. Neri Jos\u00e9 se hizo cargo de la Di\u00f3cesis de Ju\u00edna, decidi\u00f3 que uno de los principales objetivos ser\u00eda dar continuidad a los proyectos de su antecesor. Con la ayuda de la fundaci\u00f3n internacional ACN, la funeraria fue uno de los primeros proyectos en hacerse realidad, y fue as\u00ed como naci\u00f3 la AME.<\/p>\n<p><strong>Victimas del hostigamiento <\/strong><\/p>\n<p>Al principio, los voluntarios se repart\u00edan todas las tareas a la hora de atender las necesidades que iban surgiendo. Familias pobres, indigentes, comunidades ind\u00edgenas, etc. todos eran atendidos con amor y respeto por la Asociaci\u00f3n. Poco a poco, el excelente trabajo de la AME se gan\u00f3 el reconocimiento no solo de los habitantes de Ju\u00edna, sino tambi\u00e9n de los de las ciudades vecinas, que tambi\u00e9n empezaron a acudir en busca de sus servicios. Incluso personas con recursos pasaron a optar por la AME debido a su cuidado de la dignidad humana. Como consecuencia, los que llevaban a\u00f1os lucr\u00e1ndose \u2013mucho m\u00e1s all\u00e1 de lo justo\u2013 con el dolor ajeno, reaccionaron negativamente. No fueron nada f\u00e1ciles los comienzos, y los voluntarios fueron v\u00edctimas de cierto hostigamiento. No obstante, nunca dejaron de creer en el proyecto.<\/p>\n<p><strong>Transmitir esperanza y consuelo a las familias<\/strong><\/p>\n<p>La raz\u00f3n de ser de la AME no es meramente profesional, sino que reside principalmente en transmitir paz y esperanza en la resurrecci\u00f3n a aquellos que llegan para velar a un amigo o a un pariente. El edificio de la funeraria cuenta con un cuarto para pernoctar, una sala de descanso para los familiares y un comedor. Incluso los ornamentos f\u00fanebres b\u00e1sicos se pueden utilizar sin coste alguno. La idea de Mons. Franco ha tenido tanto \u00e9xito que ya se ha expandido a otras ciudades como Aripuan\u00e3 y Colniza.<\/p>\n<p>La Asociaci\u00f3n Ministerio de Esperanza es una obra de misericordia que pudo concretizarse tambi\u00e9n porque ACN, a trav\u00e9s de sus benefactores, apoy\u00f3 la reforma del edificio donde tiene su sede la AME y la adquisici\u00f3n de una camioneta para transportar los f\u00e9retros. Gracias al empe\u00f1o de muchas personas implicadas, la explotaci\u00f3n anterior cedi\u00f3 ante la esperanza y la acogida por personas que, de forma voluntaria, hacen su trabajo con amor y dedicaci\u00f3n al pr\u00f3jimo.<\/p>\n<p>ACN contin\u00faa ayudando a la di\u00f3cesis de Juina en Brasil, especialmente en la pastoral de j\u00f3venes y la pastoral con la poblaci\u00f3n ind\u00edgena. Juina tiene nueve diferentes grupos \u00e9tnicos diseminados por 150 pueblecitos.[\/vc_column_text][\/vc_column][\/vc_row]<\/p>\n","protected":false},"excerpt":{"rendered":"<p>[vc_row][vc_column][vc_column_text]Noviembre es el mes dedicado a rezar por los difuntos. En la regi\u00f3n amaz\u00f3nica de Brasil, antes de que la<\/p>\n","protected":false},"author":1,"featured_media":116076,"comment_status":"open","ping_status":"open","sticky":false,"template":"","format":"standard","meta":{"_acf_changed":false,"_acn_coauthor_ids":[],"_acn_featured_article":false,"footnotes":""},"categories":[713,714],"tags":[],"country":[],"class_list":["post-116075","post","type-post","status-publish","format-standard","has-post-thumbnail","hentry","category-historias","category-proyecto"],"acn_coauthors":[],"acf":[],"yoast_head":"<!-- This site is optimized with the Yoast SEO Premium plugin v27.5 (Yoast SEO v27.5) - https:\/\/yoast.com\/product\/yoast-seo-premium-wordpress\/ -->\n<title>\u201cAhora y en la hora de nuestra muerte\u201d | ACN International<\/title>\n<meta name=\"robots\" content=\"index, follow, max-snippet:-1, max-image-preview:large, max-video-preview:-1\" \/>\n<link rel=\"canonical\" href=\"https:\/\/acninternational.org\/es\/ahora-y-en-la-hora-de-nuestra-muerte\/\" \/>\n<meta property=\"og:locale\" content=\"es_ES\" \/>\n<meta property=\"og:type\" content=\"article\" \/>\n<meta property=\"og:title\" content=\"\u201cAhora y en la hora de nuestra muerte\u201d\" \/>\n<meta property=\"og:description\" content=\"[vc_row][vc_column][vc_column_text]Noviembre es el mes dedicado a rezar por los difuntos. En la regi\u00f3n amaz\u00f3nica de Brasil, antes de que la\" \/>\n<meta property=\"og:url\" content=\"https:\/\/acninternational.org\/es\/ahora-y-en-la-hora-de-nuestra-muerte\/\" \/>\n<meta property=\"og:site_name\" content=\"ACN International\" \/>\n<meta property=\"article:publisher\" content=\"https:\/\/www.facebook.com\/acninternationalorg\" \/>\n<meta property=\"article:published_time\" content=\"2017-10-31T23:00:00+00:00\" \/>\n<meta property=\"og:image\" content=\"https:\/\/media.acninternational.org\/wp-content\/uploads\/2019\/11\/%E2%80%9CAhora-y-en-la-hora-de-nuestra-muerte%E2%80%9D-image.jpg\" \/>\n\t<meta property=\"og:image:width\" content=\"1980\" \/>\n\t<meta property=\"og:image:height\" content=\"800\" \/>\n\t<meta property=\"og:image:type\" content=\"image\/jpeg\" \/>\n<meta name=\"author\" content=\"admin_acn\" \/>\n<meta name=\"twitter:card\" content=\"summary_large_image\" \/>\n<meta name=\"twitter:creator\" content=\"@acn_int\" \/>\n<meta name=\"twitter:site\" content=\"@acn_int\" \/>\n<meta name=\"twitter:label1\" content=\"Escrito por\" \/>\n\t<meta name=\"twitter:data1\" content=\"admin_acn\" \/>\n\t<meta name=\"twitter:label2\" content=\"Tiempo de lectura\" \/>\n\t<meta name=\"twitter:data2\" content=\"5 minutos\" \/>\n<script type=\"application\/ld+json\" class=\"yoast-schema-graph\">{\"@context\":\"https:\\\/\\\/schema.org\",\"@graph\":[{\"@type\":\"Article\",\"@id\":\"https:\\\/\\\/acninternational.org\\\/es\\\/ahora-y-en-la-hora-de-nuestra-muerte\\\/#article\",\"isPartOf\":{\"@id\":\"https:\\\/\\\/acninternational.org\\\/es\\\/ahora-y-en-la-hora-de-nuestra-muerte\\\/\"},\"author\":{\"name\":\"admin_acn\",\"@id\":\"https:\\\/\\\/acninternational.org\\\/es\\\/#\\\/schema\\\/person\\\/5a7468d38fb12b1976b6eeda95c21ebc\"},\"headline\":\"\u201cAhora y en la hora de nuestra muerte\u201d\",\"datePublished\":\"2017-10-31T23:00:00+00:00\",\"mainEntityOfPage\":{\"@id\":\"https:\\\/\\\/acninternational.org\\\/es\\\/ahora-y-en-la-hora-de-nuestra-muerte\\\/\"},\"wordCount\":911,\"commentCount\":0,\"publisher\":{\"@id\":\"https:\\\/\\\/acninternational.org\\\/es\\\/#organization\"},\"image\":{\"@id\":\"https:\\\/\\\/acninternational.org\\\/es\\\/ahora-y-en-la-hora-de-nuestra-muerte\\\/#primaryimage\"},\"thumbnailUrl\":\"https:\\\/\\\/media.acninternational.org\\\/wp-content\\\/uploads\\\/2019\\\/11\\\/%E2%80%9CAhora-y-en-la-hora-de-nuestra-muerte%E2%80%9D-image.jpg\",\"articleSection\":[\"HISTORIAS\",\"PROYECTO\"],\"inLanguage\":\"es\",\"potentialAction\":[{\"@type\":\"CommentAction\",\"name\":\"Comment\",\"target\":[\"https:\\\/\\\/acninternational.org\\\/es\\\/ahora-y-en-la-hora-de-nuestra-muerte\\\/#respond\"]}]},{\"@type\":\"WebPage\",\"@id\":\"https:\\\/\\\/acninternational.org\\\/es\\\/ahora-y-en-la-hora-de-nuestra-muerte\\\/\",\"url\":\"https:\\\/\\\/acninternational.org\\\/es\\\/ahora-y-en-la-hora-de-nuestra-muerte\\\/\",\"name\":\"\u201cAhora y en la hora de nuestra muerte\u201d | ACN International\",\"isPartOf\":{\"@id\":\"https:\\\/\\\/acninternational.org\\\/es\\\/#website\"},\"primaryImageOfPage\":{\"@id\":\"https:\\\/\\\/acninternational.org\\\/es\\\/ahora-y-en-la-hora-de-nuestra-muerte\\\/#primaryimage\"},\"image\":{\"@id\":\"https:\\\/\\\/acninternational.org\\\/es\\\/ahora-y-en-la-hora-de-nuestra-muerte\\\/#primaryimage\"},\"thumbnailUrl\":\"https:\\\/\\\/media.acninternational.org\\\/wp-content\\\/uploads\\\/2019\\\/11\\\/%E2%80%9CAhora-y-en-la-hora-de-nuestra-muerte%E2%80%9D-image.jpg\",\"datePublished\":\"2017-10-31T23:00:00+00:00\",\"breadcrumb\":{\"@id\":\"https:\\\/\\\/acninternational.org\\\/es\\\/ahora-y-en-la-hora-de-nuestra-muerte\\\/#breadcrumb\"},\"inLanguage\":\"es\",\"potentialAction\":[{\"@type\":\"ReadAction\",\"target\":[\"https:\\\/\\\/acninternational.org\\\/es\\\/ahora-y-en-la-hora-de-nuestra-muerte\\\/\"]}]},{\"@type\":\"ImageObject\",\"inLanguage\":\"es\",\"@id\":\"https:\\\/\\\/acninternational.org\\\/es\\\/ahora-y-en-la-hora-de-nuestra-muerte\\\/#primaryimage\",\"url\":\"https:\\\/\\\/media.acninternational.org\\\/wp-content\\\/uploads\\\/2019\\\/11\\\/%E2%80%9CAhora-y-en-la-hora-de-nuestra-muerte%E2%80%9D-image.jpg\",\"contentUrl\":\"https:\\\/\\\/media.acninternational.org\\\/wp-content\\\/uploads\\\/2019\\\/11\\\/%E2%80%9CAhora-y-en-la-hora-de-nuestra-muerte%E2%80%9D-image.jpg\",\"width\":1980,\"height\":800,\"caption\":\"\u201cAhora y en la hora de nuestra muerte\u201d\"},{\"@type\":\"BreadcrumbList\",\"@id\":\"https:\\\/\\\/acninternational.org\\\/es\\\/ahora-y-en-la-hora-de-nuestra-muerte\\\/#breadcrumb\",\"itemListElement\":[{\"@type\":\"ListItem\",\"position\":1,\"name\":\"Home\",\"item\":\"https:\\\/\\\/acninternational.org\\\/es\\\/\"},{\"@type\":\"ListItem\",\"position\":2,\"name\":\"HISTORIAS\",\"item\":\"https:\\\/\\\/acninternational.org\\\/es\\\/category\\\/historias\\\/\"},{\"@type\":\"ListItem\",\"position\":3,\"name\":\"\u201cAhora y en la hora de nuestra muerte\u201d\"}]},{\"@type\":\"WebSite\",\"@id\":\"https:\\\/\\\/acninternational.org\\\/es\\\/#website\",\"url\":\"https:\\\/\\\/acninternational.org\\\/es\\\/\",\"name\":\"ACN International\",\"description\":\"\",\"publisher\":{\"@id\":\"https:\\\/\\\/acninternational.org\\\/es\\\/#organization\"},\"potentialAction\":[{\"@type\":\"SearchAction\",\"target\":{\"@type\":\"EntryPoint\",\"urlTemplate\":\"https:\\\/\\\/acninternational.org\\\/es\\\/?s={search_term_string}\"},\"query-input\":{\"@type\":\"PropertyValueSpecification\",\"valueRequired\":true,\"valueName\":\"search_term_string\"}}],\"inLanguage\":\"es\"},{\"@type\":\"Organization\",\"@id\":\"https:\\\/\\\/acninternational.org\\\/es\\\/#organization\",\"name\":\"Aid to the Church in Need International\",\"url\":\"https:\\\/\\\/acninternational.org\\\/es\\\/\",\"logo\":{\"@type\":\"ImageObject\",\"inLanguage\":\"es\",\"@id\":\"https:\\\/\\\/acninternational.org\\\/es\\\/#\\\/schema\\\/logo\\\/image\\\/\",\"url\":\"https:\\\/\\\/media.acninternational.org\\\/wp-content\\\/uploads\\\/2019\\\/11\\\/acn_logo_blackvector.svg\",\"contentUrl\":\"https:\\\/\\\/media.acninternational.org\\\/wp-content\\\/uploads\\\/2019\\\/11\\\/acn_logo_blackvector.svg\",\"width\":232.6,\"height\":78,\"caption\":\"Aid to the Church in Need International\"},\"image\":{\"@id\":\"https:\\\/\\\/acninternational.org\\\/es\\\/#\\\/schema\\\/logo\\\/image\\\/\"},\"sameAs\":[\"https:\\\/\\\/www.facebook.com\\\/acninternationalorg\",\"https:\\\/\\\/x.com\\\/acn_int\",\"https:\\\/\\\/www.youtube.com\\\/channel\\\/UCQ-077gS0TnVzkhHmf1opZw\",\"https:\\\/\\\/www.instagram.com\\\/acn_international\\\/\"]},{\"@type\":\"Person\",\"@id\":\"https:\\\/\\\/acninternational.org\\\/es\\\/#\\\/schema\\\/person\\\/5a7468d38fb12b1976b6eeda95c21ebc\",\"name\":\"admin_acn\",\"url\":\"https:\\\/\\\/acninternational.org\\\/es\\\/author\\\/admin_acn\\\/\"}]}<\/script>\n<!-- \/ Yoast SEO Premium plugin. -->","yoast_head_json":{"title":"\u201cAhora y en la hora de nuestra muerte\u201d | ACN International","robots":{"index":"index","follow":"follow","max-snippet":"max-snippet:-1","max-image-preview":"max-image-preview:large","max-video-preview":"max-video-preview:-1"},"canonical":"https:\/\/acninternational.org\/es\/ahora-y-en-la-hora-de-nuestra-muerte\/","og_locale":"es_ES","og_type":"article","og_title":"\u201cAhora y en la hora de nuestra muerte\u201d","og_description":"[vc_row][vc_column][vc_column_text]Noviembre es el mes dedicado a rezar por los difuntos. En la regi\u00f3n amaz\u00f3nica de Brasil, antes de que la","og_url":"https:\/\/acninternational.org\/es\/ahora-y-en-la-hora-de-nuestra-muerte\/","og_site_name":"ACN International","article_publisher":"https:\/\/www.facebook.com\/acninternationalorg","article_published_time":"2017-10-31T23:00:00+00:00","og_image":[{"width":1980,"height":800,"url":"https:\/\/media.acninternational.org\/wp-content\/uploads\/2019\/11\/%E2%80%9CAhora-y-en-la-hora-de-nuestra-muerte%E2%80%9D-image.jpg","type":"image\/jpeg"}],"author":"admin_acn","twitter_card":"summary_large_image","twitter_creator":"@acn_int","twitter_site":"@acn_int","twitter_misc":{"Escrito por":"admin_acn","Tiempo de lectura":"5 minutos"},"schema":{"@context":"https:\/\/schema.org","@graph":[{"@type":"Article","@id":"https:\/\/acninternational.org\/es\/ahora-y-en-la-hora-de-nuestra-muerte\/#article","isPartOf":{"@id":"https:\/\/acninternational.org\/es\/ahora-y-en-la-hora-de-nuestra-muerte\/"},"author":{"name":"admin_acn","@id":"https:\/\/acninternational.org\/es\/#\/schema\/person\/5a7468d38fb12b1976b6eeda95c21ebc"},"headline":"\u201cAhora y en la hora de nuestra muerte\u201d","datePublished":"2017-10-31T23:00:00+00:00","mainEntityOfPage":{"@id":"https:\/\/acninternational.org\/es\/ahora-y-en-la-hora-de-nuestra-muerte\/"},"wordCount":911,"commentCount":0,"publisher":{"@id":"https:\/\/acninternational.org\/es\/#organization"},"image":{"@id":"https:\/\/acninternational.org\/es\/ahora-y-en-la-hora-de-nuestra-muerte\/#primaryimage"},"thumbnailUrl":"https:\/\/media.acninternational.org\/wp-content\/uploads\/2019\/11\/%E2%80%9CAhora-y-en-la-hora-de-nuestra-muerte%E2%80%9D-image.jpg","articleSection":["HISTORIAS","PROYECTO"],"inLanguage":"es","potentialAction":[{"@type":"CommentAction","name":"Comment","target":["https:\/\/acninternational.org\/es\/ahora-y-en-la-hora-de-nuestra-muerte\/#respond"]}]},{"@type":"WebPage","@id":"https:\/\/acninternational.org\/es\/ahora-y-en-la-hora-de-nuestra-muerte\/","url":"https:\/\/acninternational.org\/es\/ahora-y-en-la-hora-de-nuestra-muerte\/","name":"\u201cAhora y en la hora de nuestra muerte\u201d | ACN International","isPartOf":{"@id":"https:\/\/acninternational.org\/es\/#website"},"primaryImageOfPage":{"@id":"https:\/\/acninternational.org\/es\/ahora-y-en-la-hora-de-nuestra-muerte\/#primaryimage"},"image":{"@id":"https:\/\/acninternational.org\/es\/ahora-y-en-la-hora-de-nuestra-muerte\/#primaryimage"},"thumbnailUrl":"https:\/\/media.acninternational.org\/wp-content\/uploads\/2019\/11\/%E2%80%9CAhora-y-en-la-hora-de-nuestra-muerte%E2%80%9D-image.jpg","datePublished":"2017-10-31T23:00:00+00:00","breadcrumb":{"@id":"https:\/\/acninternational.org\/es\/ahora-y-en-la-hora-de-nuestra-muerte\/#breadcrumb"},"inLanguage":"es","potentialAction":[{"@type":"ReadAction","target":["https:\/\/acninternational.org\/es\/ahora-y-en-la-hora-de-nuestra-muerte\/"]}]},{"@type":"ImageObject","inLanguage":"es","@id":"https:\/\/acninternational.org\/es\/ahora-y-en-la-hora-de-nuestra-muerte\/#primaryimage","url":"https:\/\/media.acninternational.org\/wp-content\/uploads\/2019\/11\/%E2%80%9CAhora-y-en-la-hora-de-nuestra-muerte%E2%80%9D-image.jpg","contentUrl":"https:\/\/media.acninternational.org\/wp-content\/uploads\/2019\/11\/%E2%80%9CAhora-y-en-la-hora-de-nuestra-muerte%E2%80%9D-image.jpg","width":1980,"height":800,"caption":"\u201cAhora y en la hora de nuestra muerte\u201d"},{"@type":"BreadcrumbList","@id":"https:\/\/acninternational.org\/es\/ahora-y-en-la-hora-de-nuestra-muerte\/#breadcrumb","itemListElement":[{"@type":"ListItem","position":1,"name":"Home","item":"https:\/\/acninternational.org\/es\/"},{"@type":"ListItem","position":2,"name":"HISTORIAS","item":"https:\/\/acninternational.org\/es\/category\/historias\/"},{"@type":"ListItem","position":3,"name":"\u201cAhora y en la hora de nuestra muerte\u201d"}]},{"@type":"WebSite","@id":"https:\/\/acninternational.org\/es\/#website","url":"https:\/\/acninternational.org\/es\/","name":"ACN International","description":"","publisher":{"@id":"https:\/\/acninternational.org\/es\/#organization"},"potentialAction":[{"@type":"SearchAction","target":{"@type":"EntryPoint","urlTemplate":"https:\/\/acninternational.org\/es\/?s={search_term_string}"},"query-input":{"@type":"PropertyValueSpecification","valueRequired":true,"valueName":"search_term_string"}}],"inLanguage":"es"},{"@type":"Organization","@id":"https:\/\/acninternational.org\/es\/#organization","name":"Aid to the Church in Need International","url":"https:\/\/acninternational.org\/es\/","logo":{"@type":"ImageObject","inLanguage":"es","@id":"https:\/\/acninternational.org\/es\/#\/schema\/logo\/image\/","url":"https:\/\/media.acninternational.org\/wp-content\/uploads\/2019\/11\/acn_logo_blackvector.svg","contentUrl":"https:\/\/media.acninternational.org\/wp-content\/uploads\/2019\/11\/acn_logo_blackvector.svg","width":232.6,"height":78,"caption":"Aid to the Church in Need International"},"image":{"@id":"https:\/\/acninternational.org\/es\/#\/schema\/logo\/image\/"},"sameAs":["https:\/\/www.facebook.com\/acninternationalorg","https:\/\/x.com\/acn_int","https:\/\/www.youtube.com\/channel\/UCQ-077gS0TnVzkhHmf1opZw","https:\/\/www.instagram.com\/acn_international\/"]},{"@type":"Person","@id":"https:\/\/acninternational.org\/es\/#\/schema\/person\/5a7468d38fb12b1976b6eeda95c21ebc","name":"admin_acn","url":"https:\/\/acninternational.org\/es\/author\/admin_acn\/"}]}},"_links":{"self":[{"href":"https:\/\/acninternational.org\/es\/wp-json\/wp\/v2\/posts\/116075","targetHints":{"allow":["GET"]}}],"collection":[{"href":"https:\/\/acninternational.org\/es\/wp-json\/wp\/v2\/posts"}],"about":[{"href":"https:\/\/acninternational.org\/es\/wp-json\/wp\/v2\/types\/post"}],"author":[{"embeddable":true,"href":"https:\/\/acninternational.org\/es\/wp-json\/wp\/v2\/users\/1"}],"replies":[{"embeddable":true,"href":"https:\/\/acninternational.org\/es\/wp-json\/wp\/v2\/comments?post=116075"}],"version-history":[{"count":0,"href":"https:\/\/acninternational.org\/es\/wp-json\/wp\/v2\/posts\/116075\/revisions"}],"wp:featuredmedia":[{"embeddable":true,"href":"https:\/\/acninternational.org\/es\/wp-json\/wp\/v2\/media\/116076"}],"wp:attachment":[{"href":"https:\/\/acninternational.org\/es\/wp-json\/wp\/v2\/media?parent=116075"}],"wp:term":[{"taxonomy":"category","embeddable":true,"href":"https:\/\/acninternational.org\/es\/wp-json\/wp\/v2\/categories?post=116075"},{"taxonomy":"post_tag","embeddable":true,"href":"https:\/\/acninternational.org\/es\/wp-json\/wp\/v2\/tags?post=116075"},{"taxonomy":"country","embeddable":true,"href":"https:\/\/acninternational.org\/es\/wp-json\/wp\/v2\/country?post=116075"}],"curies":[{"name":"wp","href":"https:\/\/api.w.org\/{rel}","templated":true}]}}