{"id":115955,"date":"2017-10-16T00:00:00","date_gmt":"2017-10-15T22:00:00","guid":{"rendered":"https:\/\/acninternational.org\/centenario-de-la-revolucion-de-octubre-persecucion-religiosa-antes-y-ahora\/"},"modified":"2017-10-16T00:00:00","modified_gmt":"2017-10-15T22:00:00","slug":"centenario-de-la-revolucion-de-octubre-persecucion-religiosa-antes-y-ahora","status":"publish","type":"post","link":"https:\/\/acninternational.org\/es\/centenario-de-la-revolucion-de-octubre-persecucion-religiosa-antes-y-ahora\/","title":{"rendered":"Centenario de la Revoluci\u00f3n de Octubre: persecuci\u00f3n religiosa antes y ahora"},"content":{"rendered":"<p>[vc_row][vc_column][vc_column_text]<strong><em>El 7 de noviembre de 2017 se cumplen los 100 a\u00f1os de la Revoluci\u00f3n de Octubre rusa. La revoluci\u00f3n desemboc\u00f3 en una guerra civil brutal y\u00a0 la creaci\u00f3n de la comunista Uni\u00f3n Sovi\u00e9tica: una violenta dictadura, marcada ideol\u00f3gicamente por el marxismo, leninismo y estalinismo. Comenz\u00f3 una de las m\u00e1s duras persecuciones de la historia de la Iglesia. Un siglo despu\u00e9s la Iglesia de Rusia pone en marcha\u00a0 un plan de ayuda junto con la Fundaci\u00f3n Pontificia Internacional \u00abAid to the Church in Need\u00bb (ACN) para aliviar a los cristianos en Oriente Pr\u00f3ximo que est\u00e1n siendo perseguidos hoy.<\/em><\/strong><\/p>\n<p><strong><em>Etrevista con Peter Humeniuk, responsable en ACN de Rusia y Asia Central, por Maria Lozano. <\/em><\/strong>[\/vc_column_text][\/vc_column][\/vc_row][vc_row][vc_column][vc_single_image image=\u00bb13730&#8243; img_size=\u00bbmedium\u00bb][\/vc_column][\/vc_row][vc_row][vc_column][vc_column_text]<strong>La conmemoraci\u00f3n de la Revoluci\u00f3n de Octubre rusa, \u00bfes una fecha importante en Rusia?<br \/>\n<\/strong>Muy importante: esta fase coincide con una de las mayores persecuciones contra los cristianos de la Edad contempor\u00e1nea, y posiblemente tambi\u00e9n de toda la historia. No debemos olvidar que la Iglesia ortodoxa, a la que el Concilio Vaticano II denomin\u00f3 \u00abIglesia hermana\u00bb, sufri\u00f3 lo indecible durante la \u00e9poca sovi\u00e9tica. De los aproximadamente 60.000 templos que exist\u00edan antes de la Revoluci\u00f3n de Octubre, veinte a\u00f1os m\u00e1s tarde solo quedaban 100. En tan solo los dos primeros a\u00f1os despu\u00e9s de la Revoluci\u00f3n fueron asesinados 15.000 sacerdotes. M\u00e1s de 300 obispos fueron ejecutados o murieron en cautiverio. El territorio afectado por la mayor persecuci\u00f3n a los cristianos de la historia iba desde Kaliningrado hasta el Pac\u00edfico.<\/p>\n<p><strong>\u00bfEs por eso que la Iglesia en Rusia observa de modo especial la persecuci\u00f3n de los cristianos?<br \/>\n<\/strong>Hay un cierto paralelismo entre los acontecimientos de los \u00faltimos cien a\u00f1os, desde la Revoluci\u00f3n de Octubre, y lo que est\u00e1 sucediendo actualmente, por ejemplo en Oriente Pr\u00f3ximo. La Iglesia rusa pas\u00f3 por la experiencia que ahora est\u00e1n sufriendo nuestros hermanos en Oriente Pr\u00f3ximo y Medio. Por eso, los rusos no solo conocemos de o\u00eddas lo que supone el intento de extirpar el cristianismo en alg\u00fan lugar.<\/p>\n<p>El Papa Juan Pablo II ten\u00eda una profunda conciencia de lo que se denomina el\u00abecumenismo de los m\u00e1rtires\u00bb. Ante este trasfondo \u00e9l deseaba de todo coraz\u00f3n una aproximaci\u00f3n a la Iglesia ortodoxa rusa, y el Padre Werenfried van Straaten, Fundador de ACN, compart\u00eda este profundo deseo. Puso toda su vida al servicio de la reconciliaci\u00f3n.<\/p>\n<p><strong>Esta labor la continua ACN sobre todo con acciones concretas de solidaridad con los cristianos perseguidos en Siria. \u00bfC\u00f3mo se produjo esa cooperaci\u00f3n?<br \/>\n<\/strong>Esta cooperaci\u00f3n es uno de los resultados pr\u00e1cticos del hist\u00f3rico encuentro entre el Papa Francisco y el Patriarca Kyrill celebrado en febrero de 2016 en Cuba. A partir de ah\u00ed surgieron toda una serie de proyectos conjuntos de cara a Siria, organizados por la Iglesia cat\u00f3lica romana en Rusia y el Patriarcado de Mosc\u00fa. As\u00ed, en abril de 2016 y con la participaci\u00f3n de ACN, una delegaci\u00f3n conjunta ortodoxo-cat\u00f3lica hizo un viaje para visitar a refugiados en el valle de Bekaa y para reunirse con representantes de las iglesias locales en L\u00edbano y Siria.<\/p>\n<p>Acabo de volver de otro viaje al L\u00edbano, en cuyo marco el Metropolita Hilari\u00f3n se ha reunido con importantes representantes de las confesiones all\u00ed presentes. Desde Rusia vino tambi\u00e9n Mons. Kirill Klimovich, Obispo de la di\u00f3cesis cat\u00f3lico-romana de Irkutsk. En un primer plano se hallaba la creaci\u00f3n de un banco de datos para documentar la destrucci\u00f3n de la \u00abinfraestructura espiritual\u00bb. Adem\u00e1s se piensa tambi\u00e9n en la reconstrucci\u00f3n de santos lugares destruidos por el ISIS y en una ayuda directa para la infancia y la juventud de dicha regi\u00f3n. Sobre esta labor informamos al Papa Francisco y al Patriarca Kyrill.<\/p>\n<p><strong>\u00bfPor qu\u00e9 es tan importante documentar la destrucci\u00f3n?<br \/>\n<\/strong>A ISIS no solo le importa destruir los edificios visibles, sino que desea destruir el \u00abhogar espiritual\u00bb de las personas. Todos los s\u00edmbolos y edificios cristianos significan para los fieles que viven all\u00ed un sentimiento de pertenencia, enraizamiento. Quieren destruir a esas personas, con su historia y sus relaciones sociales. A nosotros nos interesa guardar los testimonios de los m\u00e1rtires. Se trata de cr\u00edmenes que deben ser documentados, sencillamente para que no vuelva a ocurrir en el futuro y se mantenga la memoria. Es decir, deseamos recolectar las experiencias de personas individuales y hacerlas revisar para estar seguros de que las fuentes son ver\u00eddicas.<\/p>\n<p><strong>ACN celebra estos d\u00edas tambi\u00e9n un aniversario: el 13 de octubre de 1992, hace exactamente 25 a<\/strong><strong>\u00f1<\/strong><strong>os, el Padre Werenfried van Straaten viaj\u00f3 por primera vez a Mosc\u00fa para reunirse con el Patriarca Alexis II. Este fue el comienzo de un programa para la Iglesia ortodoxa rusa. \u00bfC\u00f3mo describir\u00eda hoy en d\u00eda la cooperaci\u00f3n?<br \/>\n<\/strong>Hemos conseguido crear una relaci\u00f3n de confianza con la Iglesia ortodoxa a diferentes niveles. Hemos superado las dificultades, y estoy muy contento sobre la forma actual de cooperaci\u00f3n. Estoy seguro de que nuestra actividad pasada contribuy\u00f3 a hacer posible el encuentro de La Habana. Ahora, nuestra principal tarea consiste en llevar La Habana a la pr\u00e1ctica. Por ello hemos constituido un grupo mixto de trabajo, formado por cat\u00f3licos rusos, la Iglesia ortodoxa rusa y nuestra Fundaci\u00f3n. La labor de dicho grupo est\u00e1 acompa\u00f1ada, por el lado cat\u00f3lico, por el Arzobispo de Mosc\u00fa Paulo Pezzi; por el lado ortodoxo, por el Metropolita Hilari\u00f3n, Presidente del Departamento de Relaciones Exteriores, y por nuestra parte por Johannes Heereman, Presidente Ejecutivo de la Fundaci\u00f3n.<\/p>\n<p><strong>\u00bfCon qu\u00e9 resultado?<br \/>\n<\/strong>Junto a las acciones en Oriente Pr\u00f3ximo, ofrecemos por ejemplo ayudas muy concretas para mujeres que se encuentran en situaciones cr\u00edticas, que est\u00e1n sometidas a violencia dom\u00e9stica o que han ca\u00eddo en otra situaci\u00f3n de necesidad o acoso, y que precisan espacios protegidos porque se han decidido a no abortar. Para nosotros es importante reforzar los valores cristianos como la familia o la protecci\u00f3n de la vida. Tambi\u00e9n promovemos el intercambio de experiencias entre cat\u00f3licos y ortodoxos; por ejemplo, a San Petersburgo se traslad\u00f3 una delegaci\u00f3n de Italia y Portugal, para intercambiar ideas con profesionales ortodoxos rusos sobre la drogodependencia. La plataforma para ello fue el seminario cat\u00f3lico de San Petersburgo. Estuvo presente el pro-rector del seminario ortodoxo y de la academia, as\u00ed como numerosos sacerdotes ortodoxos con una formaci\u00f3n profesional en medicina y psicolog\u00eda que conocen muy bien la materia. Para nosotros, esto es un s\u00edmbolo de un ecumenismo vivo al servicio de las personas y siguiendo el esp\u00edritu de una responsabilidad conjunta.[\/vc_column_text][\/vc_column][\/vc_row]<\/p>\n","protected":false},"excerpt":{"rendered":"<p>[vc_row][vc_column][vc_column_text]El 7 de noviembre de 2017 se cumplen los 100 a\u00f1os de la Revoluci\u00f3n de Octubre rusa. La revoluci\u00f3n desemboc\u00f3<\/p>\n","protected":false},"author":1,"featured_media":115956,"comment_status":"open","ping_status":"open","sticky":false,"template":"","format":"standard","meta":{"_acf_changed":false,"_acn_coauthor_ids":[],"footnotes":""},"categories":[745],"tags":[],"country":[],"class_list":["post-115955","post","type-post","status-publish","format-standard","has-post-thumbnail","hentry","category-entrevistas"],"acn_coauthors":[],"acf":[],"yoast_head":"<!-- This site is optimized with the Yoast SEO Premium plugin v27.3 (Yoast SEO v27.3) - https:\/\/yoast.com\/product\/yoast-seo-premium-wordpress\/ -->\n<title>Centenario de la Revoluci\u00f3n de Octubre: persecuci\u00f3n religiosa antes y ahora | ACN International<\/title>\n<meta name=\"robots\" content=\"index, follow, max-snippet:-1, max-image-preview:large, max-video-preview:-1\" \/>\n<link rel=\"canonical\" href=\"https:\/\/acninternational.org\/es\/centenario-de-la-revolucion-de-octubre-persecucion-religiosa-antes-y-ahora\/\" \/>\n<meta property=\"og:locale\" content=\"es_ES\" \/>\n<meta property=\"og:type\" content=\"article\" \/>\n<meta property=\"og:title\" content=\"Centenario de la Revoluci\u00f3n de Octubre: persecuci\u00f3n religiosa antes y ahora\" \/>\n<meta property=\"og:description\" content=\"[vc_row][vc_column][vc_column_text]El 7 de noviembre de 2017 se cumplen los 100 a\u00f1os de la Revoluci\u00f3n de Octubre rusa. La revoluci\u00f3n desemboc\u00f3\" \/>\n<meta property=\"og:url\" content=\"https:\/\/acninternational.org\/es\/centenario-de-la-revolucion-de-octubre-persecucion-religiosa-antes-y-ahora\/\" \/>\n<meta property=\"og:site_name\" content=\"ACN International\" \/>\n<meta property=\"article:publisher\" content=\"https:\/\/www.facebook.com\/acninternationalorg\" \/>\n<meta property=\"article:published_time\" content=\"2017-10-15T22:00:00+00:00\" \/>\n<meta property=\"og:image\" content=\"https:\/\/media.acninternational.org\/wp-content\/uploads\/2019\/11\/Centenario-de-la-Revoluci%C3%B3n-de-Octubre-persecuci%C3%B3n-religiosa-antes-y-ahora-image.jpg\" \/>\n\t<meta property=\"og:image:width\" content=\"1980\" \/>\n\t<meta property=\"og:image:height\" content=\"800\" \/>\n\t<meta property=\"og:image:type\" content=\"image\/jpeg\" \/>\n<meta name=\"author\" content=\"admin_acn\" \/>\n<meta name=\"twitter:card\" content=\"summary_large_image\" \/>\n<meta name=\"twitter:creator\" content=\"@acn_int\" \/>\n<meta name=\"twitter:site\" content=\"@acn_int\" \/>\n<meta name=\"twitter:label1\" content=\"Escrito por\" \/>\n\t<meta name=\"twitter:data1\" content=\"admin_acn\" \/>\n\t<meta name=\"twitter:label2\" content=\"Tiempo de lectura\" \/>\n\t<meta name=\"twitter:data2\" content=\"6 minutos\" \/>\n<script type=\"application\/ld+json\" class=\"yoast-schema-graph\">{\"@context\":\"https:\\\/\\\/schema.org\",\"@graph\":[{\"@type\":\"Article\",\"@id\":\"https:\\\/\\\/acninternational.org\\\/es\\\/centenario-de-la-revolucion-de-octubre-persecucion-religiosa-antes-y-ahora\\\/#article\",\"isPartOf\":{\"@id\":\"https:\\\/\\\/acninternational.org\\\/es\\\/centenario-de-la-revolucion-de-octubre-persecucion-religiosa-antes-y-ahora\\\/\"},\"author\":{\"name\":\"admin_acn\",\"@id\":\"https:\\\/\\\/acninternational.org\\\/es\\\/#\\\/schema\\\/person\\\/5a7468d38fb12b1976b6eeda95c21ebc\"},\"headline\":\"Centenario de la Revoluci\u00f3n de Octubre: persecuci\u00f3n religiosa antes y ahora\",\"datePublished\":\"2017-10-15T22:00:00+00:00\",\"mainEntityOfPage\":{\"@id\":\"https:\\\/\\\/acninternational.org\\\/es\\\/centenario-de-la-revolucion-de-octubre-persecucion-religiosa-antes-y-ahora\\\/\"},\"wordCount\":1190,\"commentCount\":0,\"publisher\":{\"@id\":\"https:\\\/\\\/acninternational.org\\\/es\\\/#organization\"},\"image\":{\"@id\":\"https:\\\/\\\/acninternational.org\\\/es\\\/centenario-de-la-revolucion-de-octubre-persecucion-religiosa-antes-y-ahora\\\/#primaryimage\"},\"thumbnailUrl\":\"https:\\\/\\\/media.acninternational.org\\\/wp-content\\\/uploads\\\/2019\\\/11\\\/Centenario-de-la-Revoluci%C3%B3n-de-Octubre-persecuci%C3%B3n-religiosa-antes-y-ahora-image.jpg\",\"articleSection\":[\"ENTREVISTAS\"],\"inLanguage\":\"es\",\"potentialAction\":[{\"@type\":\"CommentAction\",\"name\":\"Comment\",\"target\":[\"https:\\\/\\\/acninternational.org\\\/es\\\/centenario-de-la-revolucion-de-octubre-persecucion-religiosa-antes-y-ahora\\\/#respond\"]}]},{\"@type\":\"WebPage\",\"@id\":\"https:\\\/\\\/acninternational.org\\\/es\\\/centenario-de-la-revolucion-de-octubre-persecucion-religiosa-antes-y-ahora\\\/\",\"url\":\"https:\\\/\\\/acninternational.org\\\/es\\\/centenario-de-la-revolucion-de-octubre-persecucion-religiosa-antes-y-ahora\\\/\",\"name\":\"Centenario de la Revoluci\u00f3n de Octubre: persecuci\u00f3n religiosa antes y ahora | ACN International\",\"isPartOf\":{\"@id\":\"https:\\\/\\\/acninternational.org\\\/es\\\/#website\"},\"primaryImageOfPage\":{\"@id\":\"https:\\\/\\\/acninternational.org\\\/es\\\/centenario-de-la-revolucion-de-octubre-persecucion-religiosa-antes-y-ahora\\\/#primaryimage\"},\"image\":{\"@id\":\"https:\\\/\\\/acninternational.org\\\/es\\\/centenario-de-la-revolucion-de-octubre-persecucion-religiosa-antes-y-ahora\\\/#primaryimage\"},\"thumbnailUrl\":\"https:\\\/\\\/media.acninternational.org\\\/wp-content\\\/uploads\\\/2019\\\/11\\\/Centenario-de-la-Revoluci%C3%B3n-de-Octubre-persecuci%C3%B3n-religiosa-antes-y-ahora-image.jpg\",\"datePublished\":\"2017-10-15T22:00:00+00:00\",\"breadcrumb\":{\"@id\":\"https:\\\/\\\/acninternational.org\\\/es\\\/centenario-de-la-revolucion-de-octubre-persecucion-religiosa-antes-y-ahora\\\/#breadcrumb\"},\"inLanguage\":\"es\",\"potentialAction\":[{\"@type\":\"ReadAction\",\"target\":[\"https:\\\/\\\/acninternational.org\\\/es\\\/centenario-de-la-revolucion-de-octubre-persecucion-religiosa-antes-y-ahora\\\/\"]}]},{\"@type\":\"ImageObject\",\"inLanguage\":\"es\",\"@id\":\"https:\\\/\\\/acninternational.org\\\/es\\\/centenario-de-la-revolucion-de-octubre-persecucion-religiosa-antes-y-ahora\\\/#primaryimage\",\"url\":\"https:\\\/\\\/media.acninternational.org\\\/wp-content\\\/uploads\\\/2019\\\/11\\\/Centenario-de-la-Revoluci%C3%B3n-de-Octubre-persecuci%C3%B3n-religiosa-antes-y-ahora-image.jpg\",\"contentUrl\":\"https:\\\/\\\/media.acninternational.org\\\/wp-content\\\/uploads\\\/2019\\\/11\\\/Centenario-de-la-Revoluci%C3%B3n-de-Octubre-persecuci%C3%B3n-religiosa-antes-y-ahora-image.jpg\",\"width\":1980,\"height\":800,\"caption\":\"Centenario de la Revoluci\u00f3n de Octubre: persecuci\u00f3n religiosa antes y ahora\"},{\"@type\":\"BreadcrumbList\",\"@id\":\"https:\\\/\\\/acninternational.org\\\/es\\\/centenario-de-la-revolucion-de-octubre-persecucion-religiosa-antes-y-ahora\\\/#breadcrumb\",\"itemListElement\":[{\"@type\":\"ListItem\",\"position\":1,\"name\":\"Home\",\"item\":\"https:\\\/\\\/acninternational.org\\\/es\\\/\"},{\"@type\":\"ListItem\",\"position\":2,\"name\":\"ENTREVISTAS\",\"item\":\"https:\\\/\\\/acninternational.org\\\/es\\\/category\\\/entrevistas\\\/\"},{\"@type\":\"ListItem\",\"position\":3,\"name\":\"Centenario de la Revoluci\u00f3n de Octubre: persecuci\u00f3n religiosa antes y ahora\"}]},{\"@type\":\"WebSite\",\"@id\":\"https:\\\/\\\/acninternational.org\\\/es\\\/#website\",\"url\":\"https:\\\/\\\/acninternational.org\\\/es\\\/\",\"name\":\"ACN International\",\"description\":\"\",\"publisher\":{\"@id\":\"https:\\\/\\\/acninternational.org\\\/es\\\/#organization\"},\"potentialAction\":[{\"@type\":\"SearchAction\",\"target\":{\"@type\":\"EntryPoint\",\"urlTemplate\":\"https:\\\/\\\/acninternational.org\\\/es\\\/?s={search_term_string}\"},\"query-input\":{\"@type\":\"PropertyValueSpecification\",\"valueRequired\":true,\"valueName\":\"search_term_string\"}}],\"inLanguage\":\"es\"},{\"@type\":\"Organization\",\"@id\":\"https:\\\/\\\/acninternational.org\\\/es\\\/#organization\",\"name\":\"Aid to the Church in Need International\",\"url\":\"https:\\\/\\\/acninternational.org\\\/es\\\/\",\"logo\":{\"@type\":\"ImageObject\",\"inLanguage\":\"es\",\"@id\":\"https:\\\/\\\/acninternational.org\\\/es\\\/#\\\/schema\\\/logo\\\/image\\\/\",\"url\":\"https:\\\/\\\/media.acninternational.org\\\/wp-content\\\/uploads\\\/2019\\\/11\\\/acn_logo_blackvector.svg\",\"contentUrl\":\"https:\\\/\\\/media.acninternational.org\\\/wp-content\\\/uploads\\\/2019\\\/11\\\/acn_logo_blackvector.svg\",\"width\":232.6,\"height\":78,\"caption\":\"Aid to the Church in Need International\"},\"image\":{\"@id\":\"https:\\\/\\\/acninternational.org\\\/es\\\/#\\\/schema\\\/logo\\\/image\\\/\"},\"sameAs\":[\"https:\\\/\\\/www.facebook.com\\\/acninternationalorg\",\"https:\\\/\\\/x.com\\\/acn_int\",\"https:\\\/\\\/www.youtube.com\\\/channel\\\/UCQ-077gS0TnVzkhHmf1opZw\",\"https:\\\/\\\/www.instagram.com\\\/acn_international\\\/\"]},{\"@type\":\"Person\",\"@id\":\"https:\\\/\\\/acninternational.org\\\/es\\\/#\\\/schema\\\/person\\\/5a7468d38fb12b1976b6eeda95c21ebc\",\"name\":\"admin_acn\",\"url\":\"https:\\\/\\\/acninternational.org\\\/es\\\/author\\\/admin_acn\\\/\"}]}<\/script>\n<!-- \/ Yoast SEO Premium plugin. -->","yoast_head_json":{"title":"Centenario de la Revoluci\u00f3n de Octubre: persecuci\u00f3n religiosa antes y ahora | ACN International","robots":{"index":"index","follow":"follow","max-snippet":"max-snippet:-1","max-image-preview":"max-image-preview:large","max-video-preview":"max-video-preview:-1"},"canonical":"https:\/\/acninternational.org\/es\/centenario-de-la-revolucion-de-octubre-persecucion-religiosa-antes-y-ahora\/","og_locale":"es_ES","og_type":"article","og_title":"Centenario de la Revoluci\u00f3n de Octubre: persecuci\u00f3n religiosa antes y ahora","og_description":"[vc_row][vc_column][vc_column_text]El 7 de noviembre de 2017 se cumplen los 100 a\u00f1os de la Revoluci\u00f3n de Octubre rusa. La revoluci\u00f3n desemboc\u00f3","og_url":"https:\/\/acninternational.org\/es\/centenario-de-la-revolucion-de-octubre-persecucion-religiosa-antes-y-ahora\/","og_site_name":"ACN International","article_publisher":"https:\/\/www.facebook.com\/acninternationalorg","article_published_time":"2017-10-15T22:00:00+00:00","og_image":[{"width":1980,"height":800,"url":"https:\/\/media.acninternational.org\/wp-content\/uploads\/2019\/11\/Centenario-de-la-Revoluci%C3%B3n-de-Octubre-persecuci%C3%B3n-religiosa-antes-y-ahora-image.jpg","type":"image\/jpeg"}],"author":"admin_acn","twitter_card":"summary_large_image","twitter_creator":"@acn_int","twitter_site":"@acn_int","twitter_misc":{"Escrito por":"admin_acn","Tiempo de lectura":"6 minutos"},"schema":{"@context":"https:\/\/schema.org","@graph":[{"@type":"Article","@id":"https:\/\/acninternational.org\/es\/centenario-de-la-revolucion-de-octubre-persecucion-religiosa-antes-y-ahora\/#article","isPartOf":{"@id":"https:\/\/acninternational.org\/es\/centenario-de-la-revolucion-de-octubre-persecucion-religiosa-antes-y-ahora\/"},"author":{"name":"admin_acn","@id":"https:\/\/acninternational.org\/es\/#\/schema\/person\/5a7468d38fb12b1976b6eeda95c21ebc"},"headline":"Centenario de la Revoluci\u00f3n de Octubre: persecuci\u00f3n religiosa antes y ahora","datePublished":"2017-10-15T22:00:00+00:00","mainEntityOfPage":{"@id":"https:\/\/acninternational.org\/es\/centenario-de-la-revolucion-de-octubre-persecucion-religiosa-antes-y-ahora\/"},"wordCount":1190,"commentCount":0,"publisher":{"@id":"https:\/\/acninternational.org\/es\/#organization"},"image":{"@id":"https:\/\/acninternational.org\/es\/centenario-de-la-revolucion-de-octubre-persecucion-religiosa-antes-y-ahora\/#primaryimage"},"thumbnailUrl":"https:\/\/media.acninternational.org\/wp-content\/uploads\/2019\/11\/Centenario-de-la-Revoluci%C3%B3n-de-Octubre-persecuci%C3%B3n-religiosa-antes-y-ahora-image.jpg","articleSection":["ENTREVISTAS"],"inLanguage":"es","potentialAction":[{"@type":"CommentAction","name":"Comment","target":["https:\/\/acninternational.org\/es\/centenario-de-la-revolucion-de-octubre-persecucion-religiosa-antes-y-ahora\/#respond"]}]},{"@type":"WebPage","@id":"https:\/\/acninternational.org\/es\/centenario-de-la-revolucion-de-octubre-persecucion-religiosa-antes-y-ahora\/","url":"https:\/\/acninternational.org\/es\/centenario-de-la-revolucion-de-octubre-persecucion-religiosa-antes-y-ahora\/","name":"Centenario de la Revoluci\u00f3n de Octubre: persecuci\u00f3n religiosa antes y ahora | ACN International","isPartOf":{"@id":"https:\/\/acninternational.org\/es\/#website"},"primaryImageOfPage":{"@id":"https:\/\/acninternational.org\/es\/centenario-de-la-revolucion-de-octubre-persecucion-religiosa-antes-y-ahora\/#primaryimage"},"image":{"@id":"https:\/\/acninternational.org\/es\/centenario-de-la-revolucion-de-octubre-persecucion-religiosa-antes-y-ahora\/#primaryimage"},"thumbnailUrl":"https:\/\/media.acninternational.org\/wp-content\/uploads\/2019\/11\/Centenario-de-la-Revoluci%C3%B3n-de-Octubre-persecuci%C3%B3n-religiosa-antes-y-ahora-image.jpg","datePublished":"2017-10-15T22:00:00+00:00","breadcrumb":{"@id":"https:\/\/acninternational.org\/es\/centenario-de-la-revolucion-de-octubre-persecucion-religiosa-antes-y-ahora\/#breadcrumb"},"inLanguage":"es","potentialAction":[{"@type":"ReadAction","target":["https:\/\/acninternational.org\/es\/centenario-de-la-revolucion-de-octubre-persecucion-religiosa-antes-y-ahora\/"]}]},{"@type":"ImageObject","inLanguage":"es","@id":"https:\/\/acninternational.org\/es\/centenario-de-la-revolucion-de-octubre-persecucion-religiosa-antes-y-ahora\/#primaryimage","url":"https:\/\/media.acninternational.org\/wp-content\/uploads\/2019\/11\/Centenario-de-la-Revoluci%C3%B3n-de-Octubre-persecuci%C3%B3n-religiosa-antes-y-ahora-image.jpg","contentUrl":"https:\/\/media.acninternational.org\/wp-content\/uploads\/2019\/11\/Centenario-de-la-Revoluci%C3%B3n-de-Octubre-persecuci%C3%B3n-religiosa-antes-y-ahora-image.jpg","width":1980,"height":800,"caption":"Centenario de la Revoluci\u00f3n de Octubre: persecuci\u00f3n religiosa antes y ahora"},{"@type":"BreadcrumbList","@id":"https:\/\/acninternational.org\/es\/centenario-de-la-revolucion-de-octubre-persecucion-religiosa-antes-y-ahora\/#breadcrumb","itemListElement":[{"@type":"ListItem","position":1,"name":"Home","item":"https:\/\/acninternational.org\/es\/"},{"@type":"ListItem","position":2,"name":"ENTREVISTAS","item":"https:\/\/acninternational.org\/es\/category\/entrevistas\/"},{"@type":"ListItem","position":3,"name":"Centenario de la Revoluci\u00f3n de Octubre: persecuci\u00f3n religiosa antes y ahora"}]},{"@type":"WebSite","@id":"https:\/\/acninternational.org\/es\/#website","url":"https:\/\/acninternational.org\/es\/","name":"ACN International","description":"","publisher":{"@id":"https:\/\/acninternational.org\/es\/#organization"},"potentialAction":[{"@type":"SearchAction","target":{"@type":"EntryPoint","urlTemplate":"https:\/\/acninternational.org\/es\/?s={search_term_string}"},"query-input":{"@type":"PropertyValueSpecification","valueRequired":true,"valueName":"search_term_string"}}],"inLanguage":"es"},{"@type":"Organization","@id":"https:\/\/acninternational.org\/es\/#organization","name":"Aid to the Church in Need International","url":"https:\/\/acninternational.org\/es\/","logo":{"@type":"ImageObject","inLanguage":"es","@id":"https:\/\/acninternational.org\/es\/#\/schema\/logo\/image\/","url":"https:\/\/media.acninternational.org\/wp-content\/uploads\/2019\/11\/acn_logo_blackvector.svg","contentUrl":"https:\/\/media.acninternational.org\/wp-content\/uploads\/2019\/11\/acn_logo_blackvector.svg","width":232.6,"height":78,"caption":"Aid to the Church in Need International"},"image":{"@id":"https:\/\/acninternational.org\/es\/#\/schema\/logo\/image\/"},"sameAs":["https:\/\/www.facebook.com\/acninternationalorg","https:\/\/x.com\/acn_int","https:\/\/www.youtube.com\/channel\/UCQ-077gS0TnVzkhHmf1opZw","https:\/\/www.instagram.com\/acn_international\/"]},{"@type":"Person","@id":"https:\/\/acninternational.org\/es\/#\/schema\/person\/5a7468d38fb12b1976b6eeda95c21ebc","name":"admin_acn","url":"https:\/\/acninternational.org\/es\/author\/admin_acn\/"}]}},"_links":{"self":[{"href":"https:\/\/acninternational.org\/es\/wp-json\/wp\/v2\/posts\/115955","targetHints":{"allow":["GET"]}}],"collection":[{"href":"https:\/\/acninternational.org\/es\/wp-json\/wp\/v2\/posts"}],"about":[{"href":"https:\/\/acninternational.org\/es\/wp-json\/wp\/v2\/types\/post"}],"author":[{"embeddable":true,"href":"https:\/\/acninternational.org\/es\/wp-json\/wp\/v2\/users\/1"}],"replies":[{"embeddable":true,"href":"https:\/\/acninternational.org\/es\/wp-json\/wp\/v2\/comments?post=115955"}],"version-history":[{"count":0,"href":"https:\/\/acninternational.org\/es\/wp-json\/wp\/v2\/posts\/115955\/revisions"}],"wp:featuredmedia":[{"embeddable":true,"href":"https:\/\/acninternational.org\/es\/wp-json\/wp\/v2\/media\/115956"}],"wp:attachment":[{"href":"https:\/\/acninternational.org\/es\/wp-json\/wp\/v2\/media?parent=115955"}],"wp:term":[{"taxonomy":"category","embeddable":true,"href":"https:\/\/acninternational.org\/es\/wp-json\/wp\/v2\/categories?post=115955"},{"taxonomy":"post_tag","embeddable":true,"href":"https:\/\/acninternational.org\/es\/wp-json\/wp\/v2\/tags?post=115955"},{"taxonomy":"country","embeddable":true,"href":"https:\/\/acninternational.org\/es\/wp-json\/wp\/v2\/country?post=115955"}],"curies":[{"name":"wp","href":"https:\/\/api.w.org\/{rel}","templated":true}]}}