{"id":115828,"date":"2017-09-27T00:00:00","date_gmt":"2017-09-26T22:00:00","guid":{"rendered":"https:\/\/acninternational.org\/bielorrusia-la-iglesia-catolica-no-pide-privilegios-sino-que-se-reconozcan-sus-derechos\/"},"modified":"2017-09-27T00:00:00","modified_gmt":"2017-09-26T22:00:00","slug":"bielorrusia-la-iglesia-catolica-no-pide-privilegios-sino-que-se-reconozcan-sus-derechos","status":"publish","type":"post","link":"https:\/\/acninternational.org\/es\/bielorrusia-la-iglesia-catolica-no-pide-privilegios-sino-que-se-reconozcan-sus-derechos\/","title":{"rendered":"Bielorrusia: \u00abLa Iglesia cat\u00f3lica no pide privilegios, sino que se reconozcan sus derechos\u00bb"},"content":{"rendered":"<p>[vc_row][vc_column][vc_column_text]Mons. Tadeusz Kondrusiewicz, Arzobispo de Minsk-Mohilev, lamenta la violaci\u00f3n de derechos de la Iglesia cat\u00f3lica en Bielorrusia. En un documento, al que ha tenido acceso la Fundaci\u00f3n Pontificia Internacional \u00abAid to the Church in Need\u00bb, exige la firma de un concordato entre el Estado bielorruso y la Iglesia cat\u00f3lica, que seg\u00fan dice lleva muchos a\u00f1os prepar\u00e1ndose, pero que sigue sin ser firmado. \u00abSin un concordato, la Iglesia no puede cumplir plenamente su misi\u00f3n en la Rep\u00fablica bielorrusa, como hace en otros pa\u00edses\u00bb.<\/p>\n<p>La Iglesia no \u00abpide privilegios, sino que se reconozcan sus derechos, para poder ejercer su actividad adecuadamente\u00bb.<\/p>\n<p>Prosigue afirmando que la situaci\u00f3n es especialmente problem\u00e1tica en relaci\u00f3n con la actividad de sacerdotes extranjeros en el pa\u00eds; que, si bien a lo largo de los \u00faltimos 25 a\u00f1os el n\u00famero de sacerdotes bielorrusos ha crecido \u00abnotablemente\u00bb, de 60 a 400, la presencia de sacerdotes extranjeros sigue siendo \u00abindispensable\u00bb, seg\u00fan subray\u00f3 Mons. Kondrusiewicz. Estos sacerdotes, que en su mayor\u00eda \u2014pero no exclusivamente\u2014 proceden de Polonia, tienen frecuentemente dificultades para obtener un permiso largo de residencia. \u00abMuchas veces consiguen solo un visado para tres o seis meses. Esto no es bueno para una actividad sacerdotal en condiciones; por ello se resiente la labor pastoral con los fieles y la formaci\u00f3n de la juventud. Nos esforzamos por conseguir vocaciones en el propio pa\u00eds, pero eso precisa tiempo. A esto hay que a\u00f1adir la crisis demogr\u00e1fica, que tiene una influencia negativa sobre el n\u00famero de vocaciones\u00bb.<\/p>\n<p>Adem\u00e1s, en la conversaci\u00f3n mantenida con ACN, el Arzobispo se lament\u00f3 del hecho de que se haya negado de modo creciente la prolongaci\u00f3n de residencia y tambi\u00e9n se haya expulsado a sacerdotes extranjeros \u2014incluso cuando llevaban mucho tiempo en Bielorrusia\u2014 con la excusa de peque\u00f1as faltas administrativas, por ejemplo exceso de velocidad en el tr\u00e1fico.<\/p>\n<p>\u00abPor razones desconocidas, Bielorrusia teme a los sacerdotes extranjeros; pero \u00a1cu\u00e1ntos edificios, que sirven a los fieles en Bielorrusia, se han construido y siguen construy\u00e9ndose gracias a ellos! Estos sacerdotes predican la Palabra de Dios all\u00ed donde faltan sacerdotes del pa\u00eds. \u00a1Cu\u00e1ntos programas pastorales y sociales han sido iniciados por ellos! Aprenden la cultura bielorrusa, y Bielorrusia se convierte en su casa. Adem\u00e1s, aportan nuevas experiencias pastorales. En el mundo actual no existe solo una globalizaci\u00f3n econ\u00f3mica, sino tambi\u00e9n cultural y religiosa, y tenemos que participar en ella, para no dejar que se escape el tren\u00bb, a\u00f1adi\u00f3 Mons. Kondrusiewicz.<\/p>\n<p>Tambi\u00e9n los sacerdotes extranjeros que visitan Bielorrusia durante un breve periodo de tiempo necesitan un permiso de las autoridades para celebrar la Santa Misa, lo cual por regla general no es viable por la brevedad del tiempo. \u00abSe ha creado una situaci\u00f3n parad\u00f3jica, en la que un sacerdote extranjero puede asistir a la Misa entre los fieles; pero si est\u00e1 al otro lado del altar, celebrando la Santa Misa, se convierte en un criminal\u00bb, deplor\u00f3 el Arzobispo.<\/p>\n<p>Tambi\u00e9n hay problemas con la devoluci\u00f3n de edificios de la Iglesia que fueron expropiados en la \u00e9poca sovi\u00e9tica. Mons. Kondrusiewicz subray\u00f3 el valor de dichos edificios, no solo para la Iglesia, sino tambi\u00e9n para el pa\u00eds: \u00abson nuestra herencia cultural. Tanto turistas como peregrinos acudir\u00e1n m\u00e1s bien a esas iglesias que a los edificios arquitect\u00f3nicos modernos, muchas veces construidos con mal gusto\u00bb. En su di\u00f3cesis, por ejemplo, hay una iglesia procedente del siglo XVIII que fue expropiada en la era sovi\u00e9tica y que, tras el cambio pol\u00edtico, fue restaurada, corriendo la Iglesia cat\u00f3lica con los gastos. Sin embargo, no se trasmiti\u00f3 la propiedad del templo a la parroquia, sino que la Iglesia cat\u00f3lica tiene que abonar un alquiler para poder utilizarlo, dijo el Arzobispo. \u00ab\u00bfD\u00f3nde est\u00e1 la justicia?\u00bb, pregunt\u00f3 y exigi\u00f3 leyes de restituci\u00f3n, tal y como existen en otros pa\u00edses del Este de Europa.<\/p>\n<p>Tampoco hay reglamentos de construcci\u00f3n que se refieran espec\u00edficamente a iglesias, sino que para los templos rigen las mismas disposiciones que, por ejemplo, para centros culturales. \u00abSin embargo, las iglesias se construyen con los donativos de los fieles y no con fondos p\u00fablicos, como es el caso de los centros culturales. Seg\u00fan los reglamentos, una iglesia tiene que construirse en el plazo de un a\u00f1o e incluso en menos tiempo. \u00bfC\u00f3mo es posible hacerlo?\u00bb. De este modo, durante los trabajos de construcci\u00f3n hay que solicitar un permiso para prolongar el plazo, lo cual supone nuevos gastos.<\/p>\n<p>\u00abGran preocupaci\u00f3n\u00bb causa al Arzobispo tambi\u00e9n el intento de los organismos p\u00fablicos de influir sobre los contenidos de los materiales de ense\u00f1anza de la catequesis, que en Bielorrusia se lleva a cabo en escuelas dominicales de la Iglesia. \u00abEso no es sino una injerencia en los asuntos internos de la Iglesia e incompatible con la liberta religiosa y con la libertad de las conciencias y de las organizaciones religiosas\u00bb.[\/vc_column_text][\/vc_column][\/vc_row]<\/p>\n","protected":false},"excerpt":{"rendered":"<p>[vc_row][vc_column][vc_column_text]Mons. Tadeusz Kondrusiewicz, Arzobispo de Minsk-Mohilev, lamenta la violaci\u00f3n de derechos de la Iglesia cat\u00f3lica en Bielorrusia. En un documento,<\/p>\n","protected":false},"author":1,"featured_media":115829,"comment_status":"open","ping_status":"open","sticky":false,"template":"","format":"standard","meta":{"_acf_changed":false,"_acn_coauthor_ids":[],"footnotes":""},"categories":[745,713],"tags":[],"country":[],"class_list":["post-115828","post","type-post","status-publish","format-standard","has-post-thumbnail","hentry","category-entrevistas","category-historias"],"acn_coauthors":[],"acf":[],"yoast_head":"<!-- This site is optimized with the Yoast SEO Premium plugin v27.3 (Yoast SEO v27.3) - https:\/\/yoast.com\/product\/yoast-seo-premium-wordpress\/ -->\n<title>Bielorrusia: \u00abLa Iglesia cat\u00f3lica no pide privilegios, sino que se reconozcan sus derechos\u00bb | ACN International<\/title>\n<meta name=\"robots\" content=\"index, follow, max-snippet:-1, max-image-preview:large, max-video-preview:-1\" \/>\n<link rel=\"canonical\" href=\"https:\/\/acninternational.org\/es\/bielorrusia-la-iglesia-catolica-no-pide-privilegios-sino-que-se-reconozcan-sus-derechos\/\" \/>\n<meta property=\"og:locale\" content=\"es_ES\" \/>\n<meta property=\"og:type\" content=\"article\" \/>\n<meta property=\"og:title\" content=\"Bielorrusia: \u00abLa Iglesia cat\u00f3lica no pide privilegios, sino que se reconozcan sus derechos\u00bb\" \/>\n<meta property=\"og:description\" content=\"[vc_row][vc_column][vc_column_text]Mons. Tadeusz Kondrusiewicz, Arzobispo de Minsk-Mohilev, lamenta la violaci\u00f3n de derechos de la Iglesia cat\u00f3lica en Bielorrusia. En un documento,\" \/>\n<meta property=\"og:url\" content=\"https:\/\/acninternational.org\/es\/bielorrusia-la-iglesia-catolica-no-pide-privilegios-sino-que-se-reconozcan-sus-derechos\/\" \/>\n<meta property=\"og:site_name\" content=\"ACN International\" \/>\n<meta property=\"article:publisher\" content=\"https:\/\/www.facebook.com\/acninternationalorg\" \/>\n<meta property=\"article:published_time\" content=\"2017-09-26T22:00:00+00:00\" \/>\n<meta property=\"og:image\" content=\"https:\/\/media.acninternational.org\/wp-content\/uploads\/2019\/11\/Bielorrusia-%C2%ABLa-Iglesia-cat%C3%B3lica-no-pide-privilegios-sino-que-se-reconozcan-sus-derechos%C2%BB-image.jpg\" \/>\n\t<meta property=\"og:image:width\" content=\"1980\" \/>\n\t<meta property=\"og:image:height\" content=\"800\" \/>\n\t<meta property=\"og:image:type\" content=\"image\/jpeg\" \/>\n<meta name=\"author\" content=\"admin_acn\" \/>\n<meta name=\"twitter:card\" content=\"summary_large_image\" \/>\n<meta name=\"twitter:creator\" content=\"@acn_int\" \/>\n<meta name=\"twitter:site\" content=\"@acn_int\" \/>\n<meta name=\"twitter:label1\" content=\"Escrito por\" \/>\n\t<meta name=\"twitter:data1\" content=\"admin_acn\" \/>\n\t<meta name=\"twitter:label2\" content=\"Tiempo de lectura\" \/>\n\t<meta name=\"twitter:data2\" content=\"4 minutos\" \/>\n<script type=\"application\/ld+json\" class=\"yoast-schema-graph\">{\"@context\":\"https:\\\/\\\/schema.org\",\"@graph\":[{\"@type\":\"Article\",\"@id\":\"https:\\\/\\\/acninternational.org\\\/es\\\/bielorrusia-la-iglesia-catolica-no-pide-privilegios-sino-que-se-reconozcan-sus-derechos\\\/#article\",\"isPartOf\":{\"@id\":\"https:\\\/\\\/acninternational.org\\\/es\\\/bielorrusia-la-iglesia-catolica-no-pide-privilegios-sino-que-se-reconozcan-sus-derechos\\\/\"},\"author\":{\"name\":\"admin_acn\",\"@id\":\"https:\\\/\\\/acninternational.org\\\/es\\\/#\\\/schema\\\/person\\\/5a7468d38fb12b1976b6eeda95c21ebc\"},\"headline\":\"Bielorrusia: \u00abLa Iglesia cat\u00f3lica no pide privilegios, sino que se reconozcan sus derechos\u00bb\",\"datePublished\":\"2017-09-26T22:00:00+00:00\",\"mainEntityOfPage\":{\"@id\":\"https:\\\/\\\/acninternational.org\\\/es\\\/bielorrusia-la-iglesia-catolica-no-pide-privilegios-sino-que-se-reconozcan-sus-derechos\\\/\"},\"wordCount\":877,\"commentCount\":0,\"publisher\":{\"@id\":\"https:\\\/\\\/acninternational.org\\\/es\\\/#organization\"},\"image\":{\"@id\":\"https:\\\/\\\/acninternational.org\\\/es\\\/bielorrusia-la-iglesia-catolica-no-pide-privilegios-sino-que-se-reconozcan-sus-derechos\\\/#primaryimage\"},\"thumbnailUrl\":\"https:\\\/\\\/media.acninternational.org\\\/wp-content\\\/uploads\\\/2019\\\/11\\\/Bielorrusia-%C2%ABLa-Iglesia-cat%C3%B3lica-no-pide-privilegios-sino-que-se-reconozcan-sus-derechos%C2%BB-image.jpg\",\"articleSection\":[\"ENTREVISTAS\",\"HISTORIAS\"],\"inLanguage\":\"es\",\"potentialAction\":[{\"@type\":\"CommentAction\",\"name\":\"Comment\",\"target\":[\"https:\\\/\\\/acninternational.org\\\/es\\\/bielorrusia-la-iglesia-catolica-no-pide-privilegios-sino-que-se-reconozcan-sus-derechos\\\/#respond\"]}]},{\"@type\":\"WebPage\",\"@id\":\"https:\\\/\\\/acninternational.org\\\/es\\\/bielorrusia-la-iglesia-catolica-no-pide-privilegios-sino-que-se-reconozcan-sus-derechos\\\/\",\"url\":\"https:\\\/\\\/acninternational.org\\\/es\\\/bielorrusia-la-iglesia-catolica-no-pide-privilegios-sino-que-se-reconozcan-sus-derechos\\\/\",\"name\":\"Bielorrusia: \u00abLa Iglesia cat\u00f3lica no pide privilegios, sino que se reconozcan sus derechos\u00bb | ACN International\",\"isPartOf\":{\"@id\":\"https:\\\/\\\/acninternational.org\\\/es\\\/#website\"},\"primaryImageOfPage\":{\"@id\":\"https:\\\/\\\/acninternational.org\\\/es\\\/bielorrusia-la-iglesia-catolica-no-pide-privilegios-sino-que-se-reconozcan-sus-derechos\\\/#primaryimage\"},\"image\":{\"@id\":\"https:\\\/\\\/acninternational.org\\\/es\\\/bielorrusia-la-iglesia-catolica-no-pide-privilegios-sino-que-se-reconozcan-sus-derechos\\\/#primaryimage\"},\"thumbnailUrl\":\"https:\\\/\\\/media.acninternational.org\\\/wp-content\\\/uploads\\\/2019\\\/11\\\/Bielorrusia-%C2%ABLa-Iglesia-cat%C3%B3lica-no-pide-privilegios-sino-que-se-reconozcan-sus-derechos%C2%BB-image.jpg\",\"datePublished\":\"2017-09-26T22:00:00+00:00\",\"breadcrumb\":{\"@id\":\"https:\\\/\\\/acninternational.org\\\/es\\\/bielorrusia-la-iglesia-catolica-no-pide-privilegios-sino-que-se-reconozcan-sus-derechos\\\/#breadcrumb\"},\"inLanguage\":\"es\",\"potentialAction\":[{\"@type\":\"ReadAction\",\"target\":[\"https:\\\/\\\/acninternational.org\\\/es\\\/bielorrusia-la-iglesia-catolica-no-pide-privilegios-sino-que-se-reconozcan-sus-derechos\\\/\"]}]},{\"@type\":\"ImageObject\",\"inLanguage\":\"es\",\"@id\":\"https:\\\/\\\/acninternational.org\\\/es\\\/bielorrusia-la-iglesia-catolica-no-pide-privilegios-sino-que-se-reconozcan-sus-derechos\\\/#primaryimage\",\"url\":\"https:\\\/\\\/media.acninternational.org\\\/wp-content\\\/uploads\\\/2019\\\/11\\\/Bielorrusia-%C2%ABLa-Iglesia-cat%C3%B3lica-no-pide-privilegios-sino-que-se-reconozcan-sus-derechos%C2%BB-image.jpg\",\"contentUrl\":\"https:\\\/\\\/media.acninternational.org\\\/wp-content\\\/uploads\\\/2019\\\/11\\\/Bielorrusia-%C2%ABLa-Iglesia-cat%C3%B3lica-no-pide-privilegios-sino-que-se-reconozcan-sus-derechos%C2%BB-image.jpg\",\"width\":1980,\"height\":800,\"caption\":\"Bielorrusia: \u00abLa Iglesia cat\u00f3lica no pide privilegios, sino que se reconozcan sus derechos\u00bb\"},{\"@type\":\"BreadcrumbList\",\"@id\":\"https:\\\/\\\/acninternational.org\\\/es\\\/bielorrusia-la-iglesia-catolica-no-pide-privilegios-sino-que-se-reconozcan-sus-derechos\\\/#breadcrumb\",\"itemListElement\":[{\"@type\":\"ListItem\",\"position\":1,\"name\":\"Home\",\"item\":\"https:\\\/\\\/acninternational.org\\\/es\\\/\"},{\"@type\":\"ListItem\",\"position\":2,\"name\":\"ENTREVISTAS\",\"item\":\"https:\\\/\\\/acninternational.org\\\/es\\\/category\\\/entrevistas\\\/\"},{\"@type\":\"ListItem\",\"position\":3,\"name\":\"Bielorrusia: \u00abLa Iglesia cat\u00f3lica no pide privilegios, sino que se reconozcan sus derechos\u00bb\"}]},{\"@type\":\"WebSite\",\"@id\":\"https:\\\/\\\/acninternational.org\\\/es\\\/#website\",\"url\":\"https:\\\/\\\/acninternational.org\\\/es\\\/\",\"name\":\"ACN International\",\"description\":\"\",\"publisher\":{\"@id\":\"https:\\\/\\\/acninternational.org\\\/es\\\/#organization\"},\"potentialAction\":[{\"@type\":\"SearchAction\",\"target\":{\"@type\":\"EntryPoint\",\"urlTemplate\":\"https:\\\/\\\/acninternational.org\\\/es\\\/?s={search_term_string}\"},\"query-input\":{\"@type\":\"PropertyValueSpecification\",\"valueRequired\":true,\"valueName\":\"search_term_string\"}}],\"inLanguage\":\"es\"},{\"@type\":\"Organization\",\"@id\":\"https:\\\/\\\/acninternational.org\\\/es\\\/#organization\",\"name\":\"Aid to the Church in Need International\",\"url\":\"https:\\\/\\\/acninternational.org\\\/es\\\/\",\"logo\":{\"@type\":\"ImageObject\",\"inLanguage\":\"es\",\"@id\":\"https:\\\/\\\/acninternational.org\\\/es\\\/#\\\/schema\\\/logo\\\/image\\\/\",\"url\":\"https:\\\/\\\/media.acninternational.org\\\/wp-content\\\/uploads\\\/2019\\\/11\\\/acn_logo_blackvector.svg\",\"contentUrl\":\"https:\\\/\\\/media.acninternational.org\\\/wp-content\\\/uploads\\\/2019\\\/11\\\/acn_logo_blackvector.svg\",\"width\":232.6,\"height\":78,\"caption\":\"Aid to the Church in Need International\"},\"image\":{\"@id\":\"https:\\\/\\\/acninternational.org\\\/es\\\/#\\\/schema\\\/logo\\\/image\\\/\"},\"sameAs\":[\"https:\\\/\\\/www.facebook.com\\\/acninternationalorg\",\"https:\\\/\\\/x.com\\\/acn_int\",\"https:\\\/\\\/www.youtube.com\\\/channel\\\/UCQ-077gS0TnVzkhHmf1opZw\",\"https:\\\/\\\/www.instagram.com\\\/acn_international\\\/\"]},{\"@type\":\"Person\",\"@id\":\"https:\\\/\\\/acninternational.org\\\/es\\\/#\\\/schema\\\/person\\\/5a7468d38fb12b1976b6eeda95c21ebc\",\"name\":\"admin_acn\",\"url\":\"https:\\\/\\\/acninternational.org\\\/es\\\/author\\\/admin_acn\\\/\"}]}<\/script>\n<!-- \/ Yoast SEO Premium plugin. -->","yoast_head_json":{"title":"Bielorrusia: \u00abLa Iglesia cat\u00f3lica no pide privilegios, sino que se reconozcan sus derechos\u00bb | ACN International","robots":{"index":"index","follow":"follow","max-snippet":"max-snippet:-1","max-image-preview":"max-image-preview:large","max-video-preview":"max-video-preview:-1"},"canonical":"https:\/\/acninternational.org\/es\/bielorrusia-la-iglesia-catolica-no-pide-privilegios-sino-que-se-reconozcan-sus-derechos\/","og_locale":"es_ES","og_type":"article","og_title":"Bielorrusia: \u00abLa Iglesia cat\u00f3lica no pide privilegios, sino que se reconozcan sus derechos\u00bb","og_description":"[vc_row][vc_column][vc_column_text]Mons. Tadeusz Kondrusiewicz, Arzobispo de Minsk-Mohilev, lamenta la violaci\u00f3n de derechos de la Iglesia cat\u00f3lica en Bielorrusia. En un documento,","og_url":"https:\/\/acninternational.org\/es\/bielorrusia-la-iglesia-catolica-no-pide-privilegios-sino-que-se-reconozcan-sus-derechos\/","og_site_name":"ACN International","article_publisher":"https:\/\/www.facebook.com\/acninternationalorg","article_published_time":"2017-09-26T22:00:00+00:00","og_image":[{"width":1980,"height":800,"url":"https:\/\/media.acninternational.org\/wp-content\/uploads\/2019\/11\/Bielorrusia-%C2%ABLa-Iglesia-cat%C3%B3lica-no-pide-privilegios-sino-que-se-reconozcan-sus-derechos%C2%BB-image.jpg","type":"image\/jpeg"}],"author":"admin_acn","twitter_card":"summary_large_image","twitter_creator":"@acn_int","twitter_site":"@acn_int","twitter_misc":{"Escrito por":"admin_acn","Tiempo de lectura":"4 minutos"},"schema":{"@context":"https:\/\/schema.org","@graph":[{"@type":"Article","@id":"https:\/\/acninternational.org\/es\/bielorrusia-la-iglesia-catolica-no-pide-privilegios-sino-que-se-reconozcan-sus-derechos\/#article","isPartOf":{"@id":"https:\/\/acninternational.org\/es\/bielorrusia-la-iglesia-catolica-no-pide-privilegios-sino-que-se-reconozcan-sus-derechos\/"},"author":{"name":"admin_acn","@id":"https:\/\/acninternational.org\/es\/#\/schema\/person\/5a7468d38fb12b1976b6eeda95c21ebc"},"headline":"Bielorrusia: \u00abLa Iglesia cat\u00f3lica no pide privilegios, sino que se reconozcan sus derechos\u00bb","datePublished":"2017-09-26T22:00:00+00:00","mainEntityOfPage":{"@id":"https:\/\/acninternational.org\/es\/bielorrusia-la-iglesia-catolica-no-pide-privilegios-sino-que-se-reconozcan-sus-derechos\/"},"wordCount":877,"commentCount":0,"publisher":{"@id":"https:\/\/acninternational.org\/es\/#organization"},"image":{"@id":"https:\/\/acninternational.org\/es\/bielorrusia-la-iglesia-catolica-no-pide-privilegios-sino-que-se-reconozcan-sus-derechos\/#primaryimage"},"thumbnailUrl":"https:\/\/media.acninternational.org\/wp-content\/uploads\/2019\/11\/Bielorrusia-%C2%ABLa-Iglesia-cat%C3%B3lica-no-pide-privilegios-sino-que-se-reconozcan-sus-derechos%C2%BB-image.jpg","articleSection":["ENTREVISTAS","HISTORIAS"],"inLanguage":"es","potentialAction":[{"@type":"CommentAction","name":"Comment","target":["https:\/\/acninternational.org\/es\/bielorrusia-la-iglesia-catolica-no-pide-privilegios-sino-que-se-reconozcan-sus-derechos\/#respond"]}]},{"@type":"WebPage","@id":"https:\/\/acninternational.org\/es\/bielorrusia-la-iglesia-catolica-no-pide-privilegios-sino-que-se-reconozcan-sus-derechos\/","url":"https:\/\/acninternational.org\/es\/bielorrusia-la-iglesia-catolica-no-pide-privilegios-sino-que-se-reconozcan-sus-derechos\/","name":"Bielorrusia: \u00abLa Iglesia cat\u00f3lica no pide privilegios, sino que se reconozcan sus derechos\u00bb | ACN International","isPartOf":{"@id":"https:\/\/acninternational.org\/es\/#website"},"primaryImageOfPage":{"@id":"https:\/\/acninternational.org\/es\/bielorrusia-la-iglesia-catolica-no-pide-privilegios-sino-que-se-reconozcan-sus-derechos\/#primaryimage"},"image":{"@id":"https:\/\/acninternational.org\/es\/bielorrusia-la-iglesia-catolica-no-pide-privilegios-sino-que-se-reconozcan-sus-derechos\/#primaryimage"},"thumbnailUrl":"https:\/\/media.acninternational.org\/wp-content\/uploads\/2019\/11\/Bielorrusia-%C2%ABLa-Iglesia-cat%C3%B3lica-no-pide-privilegios-sino-que-se-reconozcan-sus-derechos%C2%BB-image.jpg","datePublished":"2017-09-26T22:00:00+00:00","breadcrumb":{"@id":"https:\/\/acninternational.org\/es\/bielorrusia-la-iglesia-catolica-no-pide-privilegios-sino-que-se-reconozcan-sus-derechos\/#breadcrumb"},"inLanguage":"es","potentialAction":[{"@type":"ReadAction","target":["https:\/\/acninternational.org\/es\/bielorrusia-la-iglesia-catolica-no-pide-privilegios-sino-que-se-reconozcan-sus-derechos\/"]}]},{"@type":"ImageObject","inLanguage":"es","@id":"https:\/\/acninternational.org\/es\/bielorrusia-la-iglesia-catolica-no-pide-privilegios-sino-que-se-reconozcan-sus-derechos\/#primaryimage","url":"https:\/\/media.acninternational.org\/wp-content\/uploads\/2019\/11\/Bielorrusia-%C2%ABLa-Iglesia-cat%C3%B3lica-no-pide-privilegios-sino-que-se-reconozcan-sus-derechos%C2%BB-image.jpg","contentUrl":"https:\/\/media.acninternational.org\/wp-content\/uploads\/2019\/11\/Bielorrusia-%C2%ABLa-Iglesia-cat%C3%B3lica-no-pide-privilegios-sino-que-se-reconozcan-sus-derechos%C2%BB-image.jpg","width":1980,"height":800,"caption":"Bielorrusia: \u00abLa Iglesia cat\u00f3lica no pide privilegios, sino que se reconozcan sus derechos\u00bb"},{"@type":"BreadcrumbList","@id":"https:\/\/acninternational.org\/es\/bielorrusia-la-iglesia-catolica-no-pide-privilegios-sino-que-se-reconozcan-sus-derechos\/#breadcrumb","itemListElement":[{"@type":"ListItem","position":1,"name":"Home","item":"https:\/\/acninternational.org\/es\/"},{"@type":"ListItem","position":2,"name":"ENTREVISTAS","item":"https:\/\/acninternational.org\/es\/category\/entrevistas\/"},{"@type":"ListItem","position":3,"name":"Bielorrusia: \u00abLa Iglesia cat\u00f3lica no pide privilegios, sino que se reconozcan sus derechos\u00bb"}]},{"@type":"WebSite","@id":"https:\/\/acninternational.org\/es\/#website","url":"https:\/\/acninternational.org\/es\/","name":"ACN International","description":"","publisher":{"@id":"https:\/\/acninternational.org\/es\/#organization"},"potentialAction":[{"@type":"SearchAction","target":{"@type":"EntryPoint","urlTemplate":"https:\/\/acninternational.org\/es\/?s={search_term_string}"},"query-input":{"@type":"PropertyValueSpecification","valueRequired":true,"valueName":"search_term_string"}}],"inLanguage":"es"},{"@type":"Organization","@id":"https:\/\/acninternational.org\/es\/#organization","name":"Aid to the Church in Need International","url":"https:\/\/acninternational.org\/es\/","logo":{"@type":"ImageObject","inLanguage":"es","@id":"https:\/\/acninternational.org\/es\/#\/schema\/logo\/image\/","url":"https:\/\/media.acninternational.org\/wp-content\/uploads\/2019\/11\/acn_logo_blackvector.svg","contentUrl":"https:\/\/media.acninternational.org\/wp-content\/uploads\/2019\/11\/acn_logo_blackvector.svg","width":232.6,"height":78,"caption":"Aid to the Church in Need International"},"image":{"@id":"https:\/\/acninternational.org\/es\/#\/schema\/logo\/image\/"},"sameAs":["https:\/\/www.facebook.com\/acninternationalorg","https:\/\/x.com\/acn_int","https:\/\/www.youtube.com\/channel\/UCQ-077gS0TnVzkhHmf1opZw","https:\/\/www.instagram.com\/acn_international\/"]},{"@type":"Person","@id":"https:\/\/acninternational.org\/es\/#\/schema\/person\/5a7468d38fb12b1976b6eeda95c21ebc","name":"admin_acn","url":"https:\/\/acninternational.org\/es\/author\/admin_acn\/"}]}},"_links":{"self":[{"href":"https:\/\/acninternational.org\/es\/wp-json\/wp\/v2\/posts\/115828","targetHints":{"allow":["GET"]}}],"collection":[{"href":"https:\/\/acninternational.org\/es\/wp-json\/wp\/v2\/posts"}],"about":[{"href":"https:\/\/acninternational.org\/es\/wp-json\/wp\/v2\/types\/post"}],"author":[{"embeddable":true,"href":"https:\/\/acninternational.org\/es\/wp-json\/wp\/v2\/users\/1"}],"replies":[{"embeddable":true,"href":"https:\/\/acninternational.org\/es\/wp-json\/wp\/v2\/comments?post=115828"}],"version-history":[{"count":0,"href":"https:\/\/acninternational.org\/es\/wp-json\/wp\/v2\/posts\/115828\/revisions"}],"wp:featuredmedia":[{"embeddable":true,"href":"https:\/\/acninternational.org\/es\/wp-json\/wp\/v2\/media\/115829"}],"wp:attachment":[{"href":"https:\/\/acninternational.org\/es\/wp-json\/wp\/v2\/media?parent=115828"}],"wp:term":[{"taxonomy":"category","embeddable":true,"href":"https:\/\/acninternational.org\/es\/wp-json\/wp\/v2\/categories?post=115828"},{"taxonomy":"post_tag","embeddable":true,"href":"https:\/\/acninternational.org\/es\/wp-json\/wp\/v2\/tags?post=115828"},{"taxonomy":"country","embeddable":true,"href":"https:\/\/acninternational.org\/es\/wp-json\/wp\/v2\/country?post=115828"}],"curies":[{"name":"wp","href":"https:\/\/api.w.org\/{rel}","templated":true}]}}