{"id":115813,"date":"2017-09-26T00:00:00","date_gmt":"2017-09-25T22:00:00","guid":{"rendered":"https:\/\/acninternational.org\/intentamos-desarmar-la-cabeza-y-el-corazon\/"},"modified":"2017-09-26T00:00:00","modified_gmt":"2017-09-25T22:00:00","slug":"intentamos-desarmar-la-cabeza-y-el-corazon","status":"publish","type":"post","link":"https:\/\/acninternational.org\/es\/intentamos-desarmar-la-cabeza-y-el-corazon\/","title":{"rendered":"\u00abIntentamos desarmar la cabeza y el coraz\u00f3n\u00bb"},"content":{"rendered":"<p>[vc_row][vc_column][vc_column_text]<em>El Cardenal de Bangui, Dieudonn\u00e9 Nzapalainga, sobre la fuerza unificadora de las religiones en la lucha contra la guerra civil en la Rep\u00fablica Centroafricana: \u00abunirse como buena miel\u00bb<\/em><\/p>\n<p><strong>por Benedikt Winkler<\/strong><\/p>\n<p><strong>Desde hace a\u00f1os, grupos de rebeldes luchan en la Rep\u00fablica Centroafricana por el poder y las materias primas. En marzo de 2013, los \u00abS\u00e9l\u00e9ka\u00bb <\/strong><strong>\u2014<\/strong><strong>formados en su mayor\u00eda por musulmanes<\/strong><strong>\u2014 destituyeron al corrupto gobierno <\/strong><strong>de Fran\u00e7ois Boziz\u00e9. Como respuesta a los saqueos y asesinatos se form\u00f3 la \u00abanti-Balaka\u00bb, un grupo no menos violento, formado principalmente por cristianos. Desde entonces, m\u00e1s de un mill\u00f3n de centroafricanos ha huido al extranjero o a otras regiones del pa\u00eds. Iglesias y mezquitas ofrecen protecci\u00f3n contra los ataques a la poblaci\u00f3n civil. Intervenciones militares francesas y misiones de paz de la ONU consiguieron estabilizar algo la situaci\u00f3n de guerra civil que vive el pa\u00eds, de modo que en febrero de 2016 se produjo la elecci\u00f3n del nuevo Presidente Touad\u00e9ra. Sin embargo, en los \u00faltimos meses ha vuelto a estallar la violencia. \u00abDie Tagespost\u00bb se reuni\u00f3 con el Cardenal Dieudonn\u00e9 Nzapalainga \u2014a sus 50 a<\/strong><strong>\u00f1<\/strong><strong>os el purpurado m\u00e1s joven del mundo\u2014 en la sede de la Fundaci\u00f3n Pontificia Internacional \u00ab<\/strong><strong>Aid to the Church in Need<\/strong><strong>\u00bb en Kronberg.<\/strong><\/p>\n<p><strong>Sr. Cardenal Nzapalainga: \u00bfqu\u00e9 efectos tuvo entre cristianos y musulmanes la visita del Papa a la Rep\u00fablica Centroafricana en 2015? \u00bfC\u00f3mo se lo explica? <\/strong><\/p>\n<p>El Papa trajo paz y esperanza al visitar a cristianos y musulmanes y al reunirlos a todos en el estadio. Le puedo decir que su visita fue un momento inolvidable. En las v\u00edsperas uno no se pod\u00eda acercar a menos de 5 kil\u00f3metros a lo que, en Bangui, se denomina gueto de los musulmanes; pero el Papa entr\u00f3 all\u00ed. Cuando sali\u00f3 fue como el paso del Mar Rojo: del mismo modo que los jud\u00edos pasaron por medio del Mar Rojo, muchos musulmanes segu\u00edan al Papa andando o en moto, sin tener miedo. Fue la liberaci\u00f3n; es un gran milagro.<\/p>\n<p>&nbsp;<\/p>\n<p><strong>\u00bfC\u00f3mo es la situaci\u00f3n actualmente en Bangui?<\/strong><\/p>\n<p>Hoy en d\u00eda se puede salir y entrar en ese barrio: para los musulmanes, el Papa vino para liberarlos de la c\u00e1rcel en la que se encontraban en ese barrio. Ahora pueden dirigirse al este, al oeste, al norte y al sur de la capital, cosa que no pod\u00edan hacer antes. Este es un aspecto que no debe menospreciarse. Y creemos que el viaje del Papa hizo posible que todo el mundo se interesara por la Rep\u00fablica Centroafricana. Como aqu\u00ed estuvieron televisiones de todo el mundo que cubrieron la visita del Papa desde el comienzo en la mezquita, se pudo apreciar que el problema no es la religi\u00f3n. Al contrario, el Papa exigi\u00f3 de las religiones que busquen juntas soluciones. Todos tenemos un padre com\u00fan que se llama Abraham, nuestro padre en la fe. Y as\u00ed sucede tambi\u00e9n con el Cor\u00e1n y la Biblia: tenemos todo para unirnos y ponernos en el camino de la paz.<\/p>\n<p><strong>Usted es uno de los tres \u00absantos de Bangui\u00bb&#8230; <\/strong><\/p>\n<p>Bueno, eso de los \u00absantos\u00bb lo escribi\u00f3 el peri\u00f3dico franc\u00e9s \u00abLe Monde\u00bb. Como nos comportamos como hermanos y queremos superar la divisi\u00f3n, en el peri\u00f3dico al parecer pensaron que \u00e9ramos santos; por eso lo escribieron. Los otros dos son Nicolas Guerekoyame-Gbangou, pastor de la iglesia evang\u00e9lica y cabeza de la iglesia protestante centroafricana, y el Im\u00e1n Omar Kobine Layama, presidente de la Conferencia Isl\u00e1mica. Los tres nos hemos unido para constituir un foro y poder decir: el t\u00e9rmino \u00abreligi\u00f3n\u00bb significa precisamente \u00abvincularse, unirse\u00bb. Una caracter\u00edstica de la religi\u00f3n es unir a las personas entre s\u00ed. En el Cor\u00e1n y en la Biblia hay llamadas inequ\u00edvocas a que los seres humanos se unan entre s\u00ed\u2026 \u00abcomo la buena miel\u00bb.<\/p>\n<p><strong>\u00bfDe qu\u00e9 modo pueden influir, como l\u00edderes religiosos, sobre los grupos rebeldes como S\u00e9l\u00e9ka y los anti-Balaka?<\/strong><\/p>\n<p>Nosotros nos dirigimos a las conciencias. No tenemos armas. Nuestra arma es la Palabra de Dios. Somos hombres de la Palabra de Dios. Venimos a llamar a la puerta del coraz\u00f3n de los hombres y mujeres. Las personas lo pueden aceptar o no. Nuestra tarea y obligaci\u00f3n es tambi\u00e9n decirles: no matar\u00e1s. Y esto lo hacemos tambi\u00e9n cuando vemos a personas que matan. Entonces les decimos: no, no tienes el derecho de matar. Dios est\u00e1 en contra de que se mate. Y les tenemos que decir que dejen las armas. Intentamos desarmar la cabeza y el coraz\u00f3n: usted puede desarmar a alguien con violencia, quit\u00e1ndole las armas; pero si no est\u00e1 convencido en la cabeza y el coraz\u00f3n, entonces coger\u00e1 otro fusil. Por eso, primero queremos que est\u00e9 convencido en su cabeza para buscar despu\u00e9s soluciones y que se respeten mutuamente.<\/p>\n<p><strong>\u00bfC\u00f3mo es la situaci\u00f3n pol\u00edtica en la Rep\u00fablica Centroafricana bajo la presidencia de Touad\u00e9ra? <\/strong><\/p>\n<p>En nuestro pa\u00eds no tenemos una crisis religiosa, sino una crisis pol\u00edtico-militar. La religi\u00f3n es instrumentalizada por algunos para conseguir poder y riquezas del subsuelo como oro y diamantes. En Centro\u00e1frica, el poder estatal se ha debilitado: de las 16 prefecturas, 14 est\u00e1n controladas por rebeldes. El cabecilla de los rebeldes es el que tiene poder f\u00e1ctico; puede decidir sobre la vida y la muerte de una persona.<\/p>\n<p><strong>Hablando de diamantes, \u00bfqu\u00e9 tendr\u00eda que hacerse en su opini\u00f3n para que haya m\u00e1s justicia y menos corrupci\u00f3n en el pa\u00eds?<\/strong><\/p>\n<p>Pensamos que, despu\u00e9s de lo que ha sucedido en nuestro pa\u00eds, se debe hacer justicia a las v\u00edctimas. Hay civiles que lo han perdido todo. Y hay personas que han matado y que tienen que reconocerlo. Ha de acabar esa creencia de que con la corrupci\u00f3n se puede conseguir mucho dinero. Han de volver el derecho y el orden. Queremos que todos estemos sometidos a la ley. Queremos que cuando se mate a personas se vaya a la c\u00e1rcel; pero actualmente no se penaliza el asesinato: quien mata no va a la c\u00e1rcel, y esto ocurre una y otra vez. Es decir, tiene que volver a haber justicia. Se mata por dinero, por diamantes, por muchas cosas y por todo. Quien tiene armas toma la decisi\u00f3n. Si se quiere tener una sociedad sana hay que conseguirlo de otro modo.<\/p>\n<p><strong>\u00bfQu\u00e9 tiene que suceder?<\/strong><\/p>\n<p>Primero hay que dar objetivos claros a las personas. Una de las causas de nuestras dificultades son las riquezas naturales. Centro\u00e1frica es un pa\u00eds rico en recursos minerales. La gente viene de todos los sitios para conseguir beneficios y vender las riquezas naturales: a Sud\u00e1n, a Camer\u00fan, a Chad. Como el Estado no controla ya nada, los rebeldes pueden vender los diamantes en el extranjero y se hacen ricos as\u00ed. El Estado contin\u00faa siendo pobre. Por eso hay que conseguir que esto termine. Tenemos que construir carreteras, escuelas y centros de salud: \u00e9ste es el camino que hay que seguir.<\/p>\n<p>&nbsp;<\/p>\n<p><strong>Desde que estallaron las hostilidades en mayo de 2017, unas 2.000 personas han buscado refugio en el seminario cat\u00f3lico de Bangassou. \u00bfC\u00f3mo es la situaci\u00f3n en los alojamientos de emergencia de la Iglesia?<\/strong><\/p>\n<p>La situaci\u00f3n es muy dif\u00edcil, por no decir desastrosa. La gente lleg\u00f3 sin m\u00e1s e incluso hemos acogido a musulmanes S\u00e9l\u00e9ka. El obispo tuvo la valent\u00eda de acoger a todos esos musulmanes en su territorio. Pero los j\u00f3venes armados quieren matarlos. Por eso est\u00e1 all\u00ed, para protegerles. Asume as\u00ed el riesgo de morir. Hay que entenderlo: cuando alguien no tiene nada de comer se convierte en una especie de lobo. Por eso estamos en esa situaci\u00f3n extremadamente delicada. La Iglesia est\u00e1 con ellos y les ofrece protecci\u00f3n, pero la Iglesia necesita tambi\u00e9n que le ayude la comunidad internacional.<\/p>\n<p><strong>\u00bfQu\u00e9 significa ser cat\u00f3lico en Centro\u00e1frica?<\/strong><\/p>\n<p>Suelo decir a la gente: la Iglesia cat\u00f3lica es una iglesia universal, y eso significa: diversidad. Si realmente soy cat\u00f3lico tambi\u00e9n tengo que acoger a los musulmanes y hacerles el bien; tambi\u00e9n tengo que hacer el bien a los protestantes: son hijos de Dios. Y eso es lo que hicimos en la crisis; acog\u00ed al im\u00e1n seis meses en mi casa. Y si la Iglesia nos apoya aqu\u00ed, tenemos la obligaci\u00f3n de construir puentes entre las religiones, con los protestantes y con los musulmanes. Nos reunimos para rezar juntos, nos reunimos para hablar de nuestros miedos y para hacer algo en com\u00fan.<\/p>\n<p><strong>\u00bfHabla tambi\u00e9n de miedo?<\/strong><\/p>\n<p>S\u00ed, por supuesto. En el interior del pa\u00eds hay muchos campamentos de refugiados. La gente no puede salir al campo para trabajarlo. La gente no puede ir a pescar; en todos los sitios tienen miedo porque no hay seguridad. Y est\u00e1n recluidos en sus campamentos. La situaci\u00f3n es catastr\u00f3fica, como ya le dec\u00eda antes. La Iglesia est\u00e1 al lado de las personas para seguir apoy\u00e1ndolas y acompa\u00f1\u00e1ndolas. Gracias al apoyo de la Iglesia en todo el mundo con sus programas de ayuda, como los de Aid to the Church in Need\u00a0 (ACN), podemos realizar proyectos conjuntamente.[\/vc_column_text][\/vc_column][\/vc_row]<\/p>\n","protected":false},"excerpt":{"rendered":"<p>[vc_row][vc_column][vc_column_text]El Cardenal de Bangui, Dieudonn\u00e9 Nzapalainga, sobre la fuerza unificadora de las religiones en la lucha contra la guerra civil<\/p>\n","protected":false},"author":1,"featured_media":115814,"comment_status":"open","ping_status":"open","sticky":false,"template":"","format":"standard","meta":{"_acf_changed":false,"_acn_coauthor_ids":[],"_acn_featured_article":false,"footnotes":""},"categories":[745],"tags":[],"country":[],"class_list":["post-115813","post","type-post","status-publish","format-standard","has-post-thumbnail","hentry","category-entrevistas"],"acn_coauthors":[],"acf":[],"yoast_head":"<!-- This site is optimized with the Yoast SEO Premium plugin v27.5 (Yoast SEO v27.5) - https:\/\/yoast.com\/product\/yoast-seo-premium-wordpress\/ -->\n<title>\u00abIntentamos desarmar la cabeza y el coraz\u00f3n\u00bb | ACN International<\/title>\n<meta name=\"robots\" content=\"index, follow, max-snippet:-1, max-image-preview:large, max-video-preview:-1\" \/>\n<link rel=\"canonical\" href=\"https:\/\/acninternational.org\/es\/intentamos-desarmar-la-cabeza-y-el-corazon\/\" \/>\n<meta property=\"og:locale\" content=\"es_ES\" \/>\n<meta property=\"og:type\" content=\"article\" \/>\n<meta property=\"og:title\" content=\"\u00abIntentamos desarmar la cabeza y el coraz\u00f3n\u00bb\" \/>\n<meta property=\"og:description\" content=\"[vc_row][vc_column][vc_column_text]El Cardenal de Bangui, Dieudonn\u00e9 Nzapalainga, sobre la fuerza unificadora de las religiones en la lucha contra la guerra civil\" \/>\n<meta property=\"og:url\" content=\"https:\/\/acninternational.org\/es\/intentamos-desarmar-la-cabeza-y-el-corazon\/\" \/>\n<meta property=\"og:site_name\" content=\"ACN International\" \/>\n<meta property=\"article:publisher\" content=\"https:\/\/www.facebook.com\/acninternationalorg\" \/>\n<meta property=\"article:published_time\" content=\"2017-09-25T22:00:00+00:00\" \/>\n<meta property=\"og:image\" content=\"https:\/\/media.acninternational.org\/wp-content\/uploads\/2019\/11\/%C2%ABIntentamos-desarmar-la-cabeza-y-el-coraz%C3%B3n%C2%BB-image.jpg\" \/>\n\t<meta property=\"og:image:width\" content=\"630\" \/>\n\t<meta property=\"og:image:height\" content=\"630\" \/>\n\t<meta property=\"og:image:type\" content=\"image\/jpeg\" \/>\n<meta name=\"author\" content=\"admin_acn\" \/>\n<meta name=\"twitter:card\" content=\"summary_large_image\" \/>\n<meta name=\"twitter:creator\" content=\"@acn_int\" \/>\n<meta name=\"twitter:site\" content=\"@acn_int\" \/>\n<meta name=\"twitter:label1\" content=\"Escrito por\" \/>\n\t<meta name=\"twitter:data1\" content=\"admin_acn\" \/>\n\t<meta name=\"twitter:label2\" content=\"Tiempo de lectura\" \/>\n\t<meta name=\"twitter:data2\" content=\"8 minutos\" \/>\n<script type=\"application\/ld+json\" class=\"yoast-schema-graph\">{\"@context\":\"https:\\\/\\\/schema.org\",\"@graph\":[{\"@type\":\"Article\",\"@id\":\"https:\\\/\\\/acninternational.org\\\/es\\\/intentamos-desarmar-la-cabeza-y-el-corazon\\\/#article\",\"isPartOf\":{\"@id\":\"https:\\\/\\\/acninternational.org\\\/es\\\/intentamos-desarmar-la-cabeza-y-el-corazon\\\/\"},\"author\":{\"name\":\"admin_acn\",\"@id\":\"https:\\\/\\\/acninternational.org\\\/es\\\/#\\\/schema\\\/person\\\/5a7468d38fb12b1976b6eeda95c21ebc\"},\"headline\":\"\u00abIntentamos desarmar la cabeza y el coraz\u00f3n\u00bb\",\"datePublished\":\"2017-09-25T22:00:00+00:00\",\"mainEntityOfPage\":{\"@id\":\"https:\\\/\\\/acninternational.org\\\/es\\\/intentamos-desarmar-la-cabeza-y-el-corazon\\\/\"},\"wordCount\":1593,\"commentCount\":0,\"publisher\":{\"@id\":\"https:\\\/\\\/acninternational.org\\\/es\\\/#organization\"},\"image\":{\"@id\":\"https:\\\/\\\/acninternational.org\\\/es\\\/intentamos-desarmar-la-cabeza-y-el-corazon\\\/#primaryimage\"},\"thumbnailUrl\":\"https:\\\/\\\/media.acninternational.org\\\/wp-content\\\/uploads\\\/2019\\\/11\\\/%C2%ABIntentamos-desarmar-la-cabeza-y-el-coraz%C3%B3n%C2%BB-image.jpg\",\"articleSection\":[\"ENTREVISTAS\"],\"inLanguage\":\"es\",\"potentialAction\":[{\"@type\":\"CommentAction\",\"name\":\"Comment\",\"target\":[\"https:\\\/\\\/acninternational.org\\\/es\\\/intentamos-desarmar-la-cabeza-y-el-corazon\\\/#respond\"]}]},{\"@type\":\"WebPage\",\"@id\":\"https:\\\/\\\/acninternational.org\\\/es\\\/intentamos-desarmar-la-cabeza-y-el-corazon\\\/\",\"url\":\"https:\\\/\\\/acninternational.org\\\/es\\\/intentamos-desarmar-la-cabeza-y-el-corazon\\\/\",\"name\":\"\u00abIntentamos desarmar la cabeza y el coraz\u00f3n\u00bb | ACN International\",\"isPartOf\":{\"@id\":\"https:\\\/\\\/acninternational.org\\\/es\\\/#website\"},\"primaryImageOfPage\":{\"@id\":\"https:\\\/\\\/acninternational.org\\\/es\\\/intentamos-desarmar-la-cabeza-y-el-corazon\\\/#primaryimage\"},\"image\":{\"@id\":\"https:\\\/\\\/acninternational.org\\\/es\\\/intentamos-desarmar-la-cabeza-y-el-corazon\\\/#primaryimage\"},\"thumbnailUrl\":\"https:\\\/\\\/media.acninternational.org\\\/wp-content\\\/uploads\\\/2019\\\/11\\\/%C2%ABIntentamos-desarmar-la-cabeza-y-el-coraz%C3%B3n%C2%BB-image.jpg\",\"datePublished\":\"2017-09-25T22:00:00+00:00\",\"breadcrumb\":{\"@id\":\"https:\\\/\\\/acninternational.org\\\/es\\\/intentamos-desarmar-la-cabeza-y-el-corazon\\\/#breadcrumb\"},\"inLanguage\":\"es\",\"potentialAction\":[{\"@type\":\"ReadAction\",\"target\":[\"https:\\\/\\\/acninternational.org\\\/es\\\/intentamos-desarmar-la-cabeza-y-el-corazon\\\/\"]}]},{\"@type\":\"ImageObject\",\"inLanguage\":\"es\",\"@id\":\"https:\\\/\\\/acninternational.org\\\/es\\\/intentamos-desarmar-la-cabeza-y-el-corazon\\\/#primaryimage\",\"url\":\"https:\\\/\\\/media.acninternational.org\\\/wp-content\\\/uploads\\\/2019\\\/11\\\/%C2%ABIntentamos-desarmar-la-cabeza-y-el-coraz%C3%B3n%C2%BB-image.jpg\",\"contentUrl\":\"https:\\\/\\\/media.acninternational.org\\\/wp-content\\\/uploads\\\/2019\\\/11\\\/%C2%ABIntentamos-desarmar-la-cabeza-y-el-coraz%C3%B3n%C2%BB-image.jpg\",\"width\":630,\"height\":630,\"caption\":\"\u00abIntentamos desarmar la cabeza y el coraz\u00f3n\u00bb\"},{\"@type\":\"BreadcrumbList\",\"@id\":\"https:\\\/\\\/acninternational.org\\\/es\\\/intentamos-desarmar-la-cabeza-y-el-corazon\\\/#breadcrumb\",\"itemListElement\":[{\"@type\":\"ListItem\",\"position\":1,\"name\":\"Home\",\"item\":\"https:\\\/\\\/acninternational.org\\\/es\\\/\"},{\"@type\":\"ListItem\",\"position\":2,\"name\":\"ENTREVISTAS\",\"item\":\"https:\\\/\\\/acninternational.org\\\/es\\\/category\\\/entrevistas\\\/\"},{\"@type\":\"ListItem\",\"position\":3,\"name\":\"\u00abIntentamos desarmar la cabeza y el coraz\u00f3n\u00bb\"}]},{\"@type\":\"WebSite\",\"@id\":\"https:\\\/\\\/acninternational.org\\\/es\\\/#website\",\"url\":\"https:\\\/\\\/acninternational.org\\\/es\\\/\",\"name\":\"ACN International\",\"description\":\"\",\"publisher\":{\"@id\":\"https:\\\/\\\/acninternational.org\\\/es\\\/#organization\"},\"potentialAction\":[{\"@type\":\"SearchAction\",\"target\":{\"@type\":\"EntryPoint\",\"urlTemplate\":\"https:\\\/\\\/acninternational.org\\\/es\\\/?s={search_term_string}\"},\"query-input\":{\"@type\":\"PropertyValueSpecification\",\"valueRequired\":true,\"valueName\":\"search_term_string\"}}],\"inLanguage\":\"es\"},{\"@type\":\"Organization\",\"@id\":\"https:\\\/\\\/acninternational.org\\\/es\\\/#organization\",\"name\":\"Aid to the Church in Need International\",\"url\":\"https:\\\/\\\/acninternational.org\\\/es\\\/\",\"logo\":{\"@type\":\"ImageObject\",\"inLanguage\":\"es\",\"@id\":\"https:\\\/\\\/acninternational.org\\\/es\\\/#\\\/schema\\\/logo\\\/image\\\/\",\"url\":\"https:\\\/\\\/media.acninternational.org\\\/wp-content\\\/uploads\\\/2019\\\/11\\\/acn_logo_blackvector.svg\",\"contentUrl\":\"https:\\\/\\\/media.acninternational.org\\\/wp-content\\\/uploads\\\/2019\\\/11\\\/acn_logo_blackvector.svg\",\"width\":232.6,\"height\":78,\"caption\":\"Aid to the Church in Need International\"},\"image\":{\"@id\":\"https:\\\/\\\/acninternational.org\\\/es\\\/#\\\/schema\\\/logo\\\/image\\\/\"},\"sameAs\":[\"https:\\\/\\\/www.facebook.com\\\/acninternationalorg\",\"https:\\\/\\\/x.com\\\/acn_int\",\"https:\\\/\\\/www.youtube.com\\\/channel\\\/UCQ-077gS0TnVzkhHmf1opZw\",\"https:\\\/\\\/www.instagram.com\\\/acn_international\\\/\"]},{\"@type\":\"Person\",\"@id\":\"https:\\\/\\\/acninternational.org\\\/es\\\/#\\\/schema\\\/person\\\/5a7468d38fb12b1976b6eeda95c21ebc\",\"name\":\"admin_acn\",\"url\":\"https:\\\/\\\/acninternational.org\\\/es\\\/author\\\/admin_acn\\\/\"}]}<\/script>\n<!-- \/ Yoast SEO Premium plugin. -->","yoast_head_json":{"title":"\u00abIntentamos desarmar la cabeza y el coraz\u00f3n\u00bb | ACN International","robots":{"index":"index","follow":"follow","max-snippet":"max-snippet:-1","max-image-preview":"max-image-preview:large","max-video-preview":"max-video-preview:-1"},"canonical":"https:\/\/acninternational.org\/es\/intentamos-desarmar-la-cabeza-y-el-corazon\/","og_locale":"es_ES","og_type":"article","og_title":"\u00abIntentamos desarmar la cabeza y el coraz\u00f3n\u00bb","og_description":"[vc_row][vc_column][vc_column_text]El Cardenal de Bangui, Dieudonn\u00e9 Nzapalainga, sobre la fuerza unificadora de las religiones en la lucha contra la guerra civil","og_url":"https:\/\/acninternational.org\/es\/intentamos-desarmar-la-cabeza-y-el-corazon\/","og_site_name":"ACN International","article_publisher":"https:\/\/www.facebook.com\/acninternationalorg","article_published_time":"2017-09-25T22:00:00+00:00","og_image":[{"width":630,"height":630,"url":"https:\/\/media.acninternational.org\/wp-content\/uploads\/2019\/11\/%C2%ABIntentamos-desarmar-la-cabeza-y-el-coraz%C3%B3n%C2%BB-image.jpg","type":"image\/jpeg"}],"author":"admin_acn","twitter_card":"summary_large_image","twitter_creator":"@acn_int","twitter_site":"@acn_int","twitter_misc":{"Escrito por":"admin_acn","Tiempo de lectura":"8 minutos"},"schema":{"@context":"https:\/\/schema.org","@graph":[{"@type":"Article","@id":"https:\/\/acninternational.org\/es\/intentamos-desarmar-la-cabeza-y-el-corazon\/#article","isPartOf":{"@id":"https:\/\/acninternational.org\/es\/intentamos-desarmar-la-cabeza-y-el-corazon\/"},"author":{"name":"admin_acn","@id":"https:\/\/acninternational.org\/es\/#\/schema\/person\/5a7468d38fb12b1976b6eeda95c21ebc"},"headline":"\u00abIntentamos desarmar la cabeza y el coraz\u00f3n\u00bb","datePublished":"2017-09-25T22:00:00+00:00","mainEntityOfPage":{"@id":"https:\/\/acninternational.org\/es\/intentamos-desarmar-la-cabeza-y-el-corazon\/"},"wordCount":1593,"commentCount":0,"publisher":{"@id":"https:\/\/acninternational.org\/es\/#organization"},"image":{"@id":"https:\/\/acninternational.org\/es\/intentamos-desarmar-la-cabeza-y-el-corazon\/#primaryimage"},"thumbnailUrl":"https:\/\/media.acninternational.org\/wp-content\/uploads\/2019\/11\/%C2%ABIntentamos-desarmar-la-cabeza-y-el-coraz%C3%B3n%C2%BB-image.jpg","articleSection":["ENTREVISTAS"],"inLanguage":"es","potentialAction":[{"@type":"CommentAction","name":"Comment","target":["https:\/\/acninternational.org\/es\/intentamos-desarmar-la-cabeza-y-el-corazon\/#respond"]}]},{"@type":"WebPage","@id":"https:\/\/acninternational.org\/es\/intentamos-desarmar-la-cabeza-y-el-corazon\/","url":"https:\/\/acninternational.org\/es\/intentamos-desarmar-la-cabeza-y-el-corazon\/","name":"\u00abIntentamos desarmar la cabeza y el coraz\u00f3n\u00bb | ACN International","isPartOf":{"@id":"https:\/\/acninternational.org\/es\/#website"},"primaryImageOfPage":{"@id":"https:\/\/acninternational.org\/es\/intentamos-desarmar-la-cabeza-y-el-corazon\/#primaryimage"},"image":{"@id":"https:\/\/acninternational.org\/es\/intentamos-desarmar-la-cabeza-y-el-corazon\/#primaryimage"},"thumbnailUrl":"https:\/\/media.acninternational.org\/wp-content\/uploads\/2019\/11\/%C2%ABIntentamos-desarmar-la-cabeza-y-el-coraz%C3%B3n%C2%BB-image.jpg","datePublished":"2017-09-25T22:00:00+00:00","breadcrumb":{"@id":"https:\/\/acninternational.org\/es\/intentamos-desarmar-la-cabeza-y-el-corazon\/#breadcrumb"},"inLanguage":"es","potentialAction":[{"@type":"ReadAction","target":["https:\/\/acninternational.org\/es\/intentamos-desarmar-la-cabeza-y-el-corazon\/"]}]},{"@type":"ImageObject","inLanguage":"es","@id":"https:\/\/acninternational.org\/es\/intentamos-desarmar-la-cabeza-y-el-corazon\/#primaryimage","url":"https:\/\/media.acninternational.org\/wp-content\/uploads\/2019\/11\/%C2%ABIntentamos-desarmar-la-cabeza-y-el-coraz%C3%B3n%C2%BB-image.jpg","contentUrl":"https:\/\/media.acninternational.org\/wp-content\/uploads\/2019\/11\/%C2%ABIntentamos-desarmar-la-cabeza-y-el-coraz%C3%B3n%C2%BB-image.jpg","width":630,"height":630,"caption":"\u00abIntentamos desarmar la cabeza y el coraz\u00f3n\u00bb"},{"@type":"BreadcrumbList","@id":"https:\/\/acninternational.org\/es\/intentamos-desarmar-la-cabeza-y-el-corazon\/#breadcrumb","itemListElement":[{"@type":"ListItem","position":1,"name":"Home","item":"https:\/\/acninternational.org\/es\/"},{"@type":"ListItem","position":2,"name":"ENTREVISTAS","item":"https:\/\/acninternational.org\/es\/category\/entrevistas\/"},{"@type":"ListItem","position":3,"name":"\u00abIntentamos desarmar la cabeza y el coraz\u00f3n\u00bb"}]},{"@type":"WebSite","@id":"https:\/\/acninternational.org\/es\/#website","url":"https:\/\/acninternational.org\/es\/","name":"ACN International","description":"","publisher":{"@id":"https:\/\/acninternational.org\/es\/#organization"},"potentialAction":[{"@type":"SearchAction","target":{"@type":"EntryPoint","urlTemplate":"https:\/\/acninternational.org\/es\/?s={search_term_string}"},"query-input":{"@type":"PropertyValueSpecification","valueRequired":true,"valueName":"search_term_string"}}],"inLanguage":"es"},{"@type":"Organization","@id":"https:\/\/acninternational.org\/es\/#organization","name":"Aid to the Church in Need International","url":"https:\/\/acninternational.org\/es\/","logo":{"@type":"ImageObject","inLanguage":"es","@id":"https:\/\/acninternational.org\/es\/#\/schema\/logo\/image\/","url":"https:\/\/media.acninternational.org\/wp-content\/uploads\/2019\/11\/acn_logo_blackvector.svg","contentUrl":"https:\/\/media.acninternational.org\/wp-content\/uploads\/2019\/11\/acn_logo_blackvector.svg","width":232.6,"height":78,"caption":"Aid to the Church in Need International"},"image":{"@id":"https:\/\/acninternational.org\/es\/#\/schema\/logo\/image\/"},"sameAs":["https:\/\/www.facebook.com\/acninternationalorg","https:\/\/x.com\/acn_int","https:\/\/www.youtube.com\/channel\/UCQ-077gS0TnVzkhHmf1opZw","https:\/\/www.instagram.com\/acn_international\/"]},{"@type":"Person","@id":"https:\/\/acninternational.org\/es\/#\/schema\/person\/5a7468d38fb12b1976b6eeda95c21ebc","name":"admin_acn","url":"https:\/\/acninternational.org\/es\/author\/admin_acn\/"}]}},"_links":{"self":[{"href":"https:\/\/acninternational.org\/es\/wp-json\/wp\/v2\/posts\/115813","targetHints":{"allow":["GET"]}}],"collection":[{"href":"https:\/\/acninternational.org\/es\/wp-json\/wp\/v2\/posts"}],"about":[{"href":"https:\/\/acninternational.org\/es\/wp-json\/wp\/v2\/types\/post"}],"author":[{"embeddable":true,"href":"https:\/\/acninternational.org\/es\/wp-json\/wp\/v2\/users\/1"}],"replies":[{"embeddable":true,"href":"https:\/\/acninternational.org\/es\/wp-json\/wp\/v2\/comments?post=115813"}],"version-history":[{"count":0,"href":"https:\/\/acninternational.org\/es\/wp-json\/wp\/v2\/posts\/115813\/revisions"}],"wp:featuredmedia":[{"embeddable":true,"href":"https:\/\/acninternational.org\/es\/wp-json\/wp\/v2\/media\/115814"}],"wp:attachment":[{"href":"https:\/\/acninternational.org\/es\/wp-json\/wp\/v2\/media?parent=115813"}],"wp:term":[{"taxonomy":"category","embeddable":true,"href":"https:\/\/acninternational.org\/es\/wp-json\/wp\/v2\/categories?post=115813"},{"taxonomy":"post_tag","embeddable":true,"href":"https:\/\/acninternational.org\/es\/wp-json\/wp\/v2\/tags?post=115813"},{"taxonomy":"country","embeddable":true,"href":"https:\/\/acninternational.org\/es\/wp-json\/wp\/v2\/country?post=115813"}],"curies":[{"name":"wp","href":"https:\/\/api.w.org\/{rel}","templated":true}]}}