{"id":115745,"date":"2017-09-21T00:00:00","date_gmt":"2017-09-20T22:00:00","guid":{"rendered":"https:\/\/acninternational.org\/el-p-teresito-chito-soganub-se-ha-presentado-brevemente-esta-tarde-durante-una-rueda-de-prensa-organizada-por-las-fuerzas-armadas-filipinas\/"},"modified":"2017-09-21T00:00:00","modified_gmt":"2017-09-20T22:00:00","slug":"el-p-teresito-chito-soganub-se-ha-presentado-brevemente-esta-tarde-durante-una-rueda-de-prensa-organizada-por-las-fuerzas-armadas-filipinas","status":"publish","type":"post","link":"https:\/\/acninternational.org\/es\/el-p-teresito-chito-soganub-se-ha-presentado-brevemente-esta-tarde-durante-una-rueda-de-prensa-organizada-por-las-fuerzas-armadas-filipinas\/","title":{"rendered":"El P. Teresito \u00abChito\u00bb Soganub se ha presentado brevemente esta tarde durante una rueda de prensa organizada por las Fuerzas Armadas Filipinas"},"content":{"rendered":"<p>[vc_row][vc_column][vc_column_text]Seg\u00fan a podido saber la fundaci\u00f3n pontificia ACN, en su breve aparici\u00f3n, el P. Soganub pudo hacer unas breves declaraciones en las que pidi\u00f3 que se rezara por \u00e9l para que se recuperara r\u00e1pidamente de la traum\u00e1tica experiencia de haber sido reh\u00e9n de un grupo religioso extremista durante los \u00faltimos 117 d\u00edas.<br \/>\nEl rescate del P. Soganub tuvo lugar en la noche del s\u00e1bado, a las 23:45 horas, cuando los militares intentaban despejar la mezquita de Bato, que es una de las tres mezquitas consideradas bastiones de los terroristas. Los soldados lograron hacerse con ella.<\/p>\n<p>En una entrevista por v\u00eddeo realizada por el Gobierno local y publicada en un sitio web de un medio social, el P. Soganub insiste en la importancia de la misi\u00f3n de la Prelatura de Marawi, consistente en entablar un di\u00e1logo interreligioso con la comunidad musulmana. \u00abA los musulmanes de Marawi y Lanao del Sur quiero decirles que sigo creyendo en que podemos estar unidos como musulmanes y cristianos. No somos enemigos, pues creemos en un solo Dios\u201d, dijo el P. Soganub. Adem\u00e1s, el sacerdote dio las gracias al Ej\u00e9rcito filipino por su rescate.<\/p>\n<p>Ayer, Mons. Elenito Galido, Obispo de Iligan (una di\u00f3cesis ubicada a 37 kil\u00f3metros de distancia de Marawi), tambi\u00e9n dio las gracias a los soldados que liberaron al P. Soganub.<\/p>\n<p><img decoding=\"async\" class=\"wp-image-11197 size-full\" src=\"https:\/\/media.acninternational.org\/wp-content\/uploads\/2019\/11\/Father-Teresito-Suganob.jpg\" alt=\"Father Teresito Suganob\" width=\"100%\" height=\"auto\" \/> <em>Father Teresito Sugano<\/em><\/p>\n<blockquote class=\"wp-block-quote blockquote ps-3 py-2\"><p><strong>\u201cEsta es una noticia realmente excelente. Doy las gracias a los soldados que han rescatado el P. Chito y al profesor del Dansalan College. Estamos content\u00edsimos y seguros de que esto es una oraci\u00f3n atendida, pues no hemos cesado de rezar por \u00e9l todos los d\u00edas. Ahora est\u00e1n en libertad, gracias a Dios\u201d<\/strong>, ha dicho Mons. Galido en una entrevista concedida a Radio Veritas, una emisora de radio cat\u00f3lica.<\/p><\/blockquote>\n<p>Durante la conferencia de prensa, los militares revelaron que el P. Soganub no fue v\u00edctima de abusos f\u00edsicos, pero que, en ocasiones, cuando hab\u00eda fuego cruzado, lo obligaban a llevar armas de fuego y a posar como si fuera uno de los terroristas.<\/p>\n<p>El P. Soganub es el Vicario General de la catedral de Santa Mar\u00eda en Marawi, una ciudad predominantemente musulmana de Mindanao Central, el archipi\u00e9lago meridional de las Filipinas. El Papa Pablo VI cre\u00f3 la Prelatura de Marawi para tender una mano de reconciliaci\u00f3n a los musulmanes filipinos, que eran v\u00edctimas de los abusos de las fuerzas gubernamentales cuando en la naci\u00f3n estaba vigente la ley marcial.<\/p>\n<p>El pasado 23 de mayo de 2017, la ciudad de Marawi fue sitiada por m\u00e1s de 700 hombres armados que se declararon aliados del Estado Isl\u00e1mico. Seg\u00fan el Gobierno filipino, un total de 47 civiles, 149 soldados del Ej\u00e9rcito gubernamental y 673 terroristas han muerto ya a ra\u00edz de este conflicto, que ha ocasionado la huida de 359.680 personas.<\/p>\n<p>De momento, no se sabe nada nuevo de los restantes cincuenta rehenes, veinte de los cuales pertenecen al personal de la parroquia de la catedral de Santa Mar\u00eda.[\/vc_column_text][\/vc_column][\/vc_row]<\/p>\n","protected":false},"excerpt":{"rendered":"<p>[vc_row][vc_column][vc_column_text]Seg\u00fan a podido saber la fundaci\u00f3n pontificia ACN, en su breve aparici\u00f3n, el P. Soganub pudo hacer unas breves declaraciones<\/p>\n","protected":false},"author":1,"featured_media":115746,"comment_status":"open","ping_status":"open","sticky":false,"template":"","format":"standard","meta":{"_acf_changed":false,"_acn_coauthor_ids":[],"footnotes":""},"categories":[746],"tags":[],"country":[],"class_list":["post-115745","post","type-post","status-publish","format-standard","has-post-thumbnail","hentry","category-noticias"],"acn_coauthors":[],"acf":[],"yoast_head":"<!-- This site is optimized with the Yoast SEO Premium plugin v27.3 (Yoast SEO v27.3) - https:\/\/yoast.com\/product\/yoast-seo-premium-wordpress\/ -->\n<title>El P. Teresito &quot;Chito&quot; Soganub se ha presentado brevemente esta tarde durante una rueda de prensa organizada por las Fuerzas Armadas Filipinas | ACN International<\/title>\n<meta name=\"robots\" content=\"index, follow, max-snippet:-1, max-image-preview:large, max-video-preview:-1\" \/>\n<link rel=\"canonical\" href=\"https:\/\/acninternational.org\/es\/el-p-teresito-chito-soganub-se-ha-presentado-brevemente-esta-tarde-durante-una-rueda-de-prensa-organizada-por-las-fuerzas-armadas-filipinas\/\" \/>\n<meta property=\"og:locale\" content=\"es_ES\" \/>\n<meta property=\"og:type\" content=\"article\" \/>\n<meta property=\"og:title\" content=\"El P. Teresito &quot;Chito&quot; Soganub se ha presentado brevemente esta tarde durante una rueda de prensa organizada por las Fuerzas Armadas Filipinas\" \/>\n<meta property=\"og:description\" content=\"[vc_row][vc_column][vc_column_text]Seg\u00fan a podido saber la fundaci\u00f3n pontificia ACN, en su breve aparici\u00f3n, el P. Soganub pudo hacer unas breves declaraciones\" \/>\n<meta property=\"og:url\" content=\"https:\/\/acninternational.org\/es\/el-p-teresito-chito-soganub-se-ha-presentado-brevemente-esta-tarde-durante-una-rueda-de-prensa-organizada-por-las-fuerzas-armadas-filipinas\/\" \/>\n<meta property=\"og:site_name\" content=\"ACN International\" \/>\n<meta property=\"article:publisher\" content=\"https:\/\/www.facebook.com\/acninternationalorg\" \/>\n<meta property=\"article:published_time\" content=\"2017-09-20T22:00:00+00:00\" \/>\n<meta property=\"og:image\" content=\"https:\/\/media.acninternational.org\/wp-content\/uploads\/2019\/11\/El-P.-Teresito-Chito-Soganub-se-ha-presentado-brevemente-esta-tarde-durante-una-rueda-de-prensa-organizada-por-las-Fuerzas-Armadas-Filipinas-image.jpg\" \/>\n\t<meta property=\"og:image:width\" content=\"1400\" \/>\n\t<meta property=\"og:image:height\" content=\"566\" \/>\n\t<meta property=\"og:image:type\" content=\"image\/jpeg\" \/>\n<meta name=\"author\" content=\"admin_acn\" \/>\n<meta name=\"twitter:card\" content=\"summary_large_image\" \/>\n<meta name=\"twitter:creator\" content=\"@acn_int\" \/>\n<meta name=\"twitter:site\" content=\"@acn_int\" \/>\n<meta name=\"twitter:label1\" content=\"Escrito por\" \/>\n\t<meta name=\"twitter:data1\" content=\"admin_acn\" \/>\n\t<meta name=\"twitter:label2\" content=\"Tiempo de lectura\" \/>\n\t<meta name=\"twitter:data2\" content=\"3 minutos\" \/>\n<script type=\"application\/ld+json\" class=\"yoast-schema-graph\">{\"@context\":\"https:\\\/\\\/schema.org\",\"@graph\":[{\"@type\":\"Article\",\"@id\":\"https:\\\/\\\/acninternational.org\\\/es\\\/el-p-teresito-chito-soganub-se-ha-presentado-brevemente-esta-tarde-durante-una-rueda-de-prensa-organizada-por-las-fuerzas-armadas-filipinas\\\/#article\",\"isPartOf\":{\"@id\":\"https:\\\/\\\/acninternational.org\\\/es\\\/el-p-teresito-chito-soganub-se-ha-presentado-brevemente-esta-tarde-durante-una-rueda-de-prensa-organizada-por-las-fuerzas-armadas-filipinas\\\/\"},\"author\":{\"name\":\"admin_acn\",\"@id\":\"https:\\\/\\\/acninternational.org\\\/es\\\/#\\\/schema\\\/person\\\/5a7468d38fb12b1976b6eeda95c21ebc\"},\"headline\":\"El P. Teresito \u00abChito\u00bb Soganub se ha presentado brevemente esta tarde durante una rueda de prensa organizada por las Fuerzas Armadas Filipinas\",\"datePublished\":\"2017-09-20T22:00:00+00:00\",\"mainEntityOfPage\":{\"@id\":\"https:\\\/\\\/acninternational.org\\\/es\\\/el-p-teresito-chito-soganub-se-ha-presentado-brevemente-esta-tarde-durante-una-rueda-de-prensa-organizada-por-las-fuerzas-armadas-filipinas\\\/\"},\"wordCount\":546,\"commentCount\":0,\"publisher\":{\"@id\":\"https:\\\/\\\/acninternational.org\\\/es\\\/#organization\"},\"image\":{\"@id\":\"https:\\\/\\\/acninternational.org\\\/es\\\/el-p-teresito-chito-soganub-se-ha-presentado-brevemente-esta-tarde-durante-una-rueda-de-prensa-organizada-por-las-fuerzas-armadas-filipinas\\\/#primaryimage\"},\"thumbnailUrl\":\"https:\\\/\\\/media.acninternational.org\\\/wp-content\\\/uploads\\\/2019\\\/11\\\/El-P.-Teresito-Chito-Soganub-se-ha-presentado-brevemente-esta-tarde-durante-una-rueda-de-prensa-organizada-por-las-Fuerzas-Armadas-Filipinas-image.jpg\",\"articleSection\":[\"NOTICIAS\"],\"inLanguage\":\"es\",\"potentialAction\":[{\"@type\":\"CommentAction\",\"name\":\"Comment\",\"target\":[\"https:\\\/\\\/acninternational.org\\\/es\\\/el-p-teresito-chito-soganub-se-ha-presentado-brevemente-esta-tarde-durante-una-rueda-de-prensa-organizada-por-las-fuerzas-armadas-filipinas\\\/#respond\"]}]},{\"@type\":\"WebPage\",\"@id\":\"https:\\\/\\\/acninternational.org\\\/es\\\/el-p-teresito-chito-soganub-se-ha-presentado-brevemente-esta-tarde-durante-una-rueda-de-prensa-organizada-por-las-fuerzas-armadas-filipinas\\\/\",\"url\":\"https:\\\/\\\/acninternational.org\\\/es\\\/el-p-teresito-chito-soganub-se-ha-presentado-brevemente-esta-tarde-durante-una-rueda-de-prensa-organizada-por-las-fuerzas-armadas-filipinas\\\/\",\"name\":\"El P. Teresito \\\"Chito\\\" Soganub se ha presentado brevemente esta tarde durante una rueda de prensa organizada por las Fuerzas Armadas Filipinas | ACN International\",\"isPartOf\":{\"@id\":\"https:\\\/\\\/acninternational.org\\\/es\\\/#website\"},\"primaryImageOfPage\":{\"@id\":\"https:\\\/\\\/acninternational.org\\\/es\\\/el-p-teresito-chito-soganub-se-ha-presentado-brevemente-esta-tarde-durante-una-rueda-de-prensa-organizada-por-las-fuerzas-armadas-filipinas\\\/#primaryimage\"},\"image\":{\"@id\":\"https:\\\/\\\/acninternational.org\\\/es\\\/el-p-teresito-chito-soganub-se-ha-presentado-brevemente-esta-tarde-durante-una-rueda-de-prensa-organizada-por-las-fuerzas-armadas-filipinas\\\/#primaryimage\"},\"thumbnailUrl\":\"https:\\\/\\\/media.acninternational.org\\\/wp-content\\\/uploads\\\/2019\\\/11\\\/El-P.-Teresito-Chito-Soganub-se-ha-presentado-brevemente-esta-tarde-durante-una-rueda-de-prensa-organizada-por-las-Fuerzas-Armadas-Filipinas-image.jpg\",\"datePublished\":\"2017-09-20T22:00:00+00:00\",\"breadcrumb\":{\"@id\":\"https:\\\/\\\/acninternational.org\\\/es\\\/el-p-teresito-chito-soganub-se-ha-presentado-brevemente-esta-tarde-durante-una-rueda-de-prensa-organizada-por-las-fuerzas-armadas-filipinas\\\/#breadcrumb\"},\"inLanguage\":\"es\",\"potentialAction\":[{\"@type\":\"ReadAction\",\"target\":[\"https:\\\/\\\/acninternational.org\\\/es\\\/el-p-teresito-chito-soganub-se-ha-presentado-brevemente-esta-tarde-durante-una-rueda-de-prensa-organizada-por-las-fuerzas-armadas-filipinas\\\/\"]}]},{\"@type\":\"ImageObject\",\"inLanguage\":\"es\",\"@id\":\"https:\\\/\\\/acninternational.org\\\/es\\\/el-p-teresito-chito-soganub-se-ha-presentado-brevemente-esta-tarde-durante-una-rueda-de-prensa-organizada-por-las-fuerzas-armadas-filipinas\\\/#primaryimage\",\"url\":\"https:\\\/\\\/media.acninternational.org\\\/wp-content\\\/uploads\\\/2019\\\/11\\\/El-P.-Teresito-Chito-Soganub-se-ha-presentado-brevemente-esta-tarde-durante-una-rueda-de-prensa-organizada-por-las-Fuerzas-Armadas-Filipinas-image.jpg\",\"contentUrl\":\"https:\\\/\\\/media.acninternational.org\\\/wp-content\\\/uploads\\\/2019\\\/11\\\/El-P.-Teresito-Chito-Soganub-se-ha-presentado-brevemente-esta-tarde-durante-una-rueda-de-prensa-organizada-por-las-Fuerzas-Armadas-Filipinas-image.jpg\",\"width\":1400,\"height\":566,\"caption\":\"El P. Teresito \\\"Chito\\\" Soganub se ha presentado brevemente esta tarde durante una rueda de prensa organizada por las Fuerzas Armadas Filipinas\"},{\"@type\":\"BreadcrumbList\",\"@id\":\"https:\\\/\\\/acninternational.org\\\/es\\\/el-p-teresito-chito-soganub-se-ha-presentado-brevemente-esta-tarde-durante-una-rueda-de-prensa-organizada-por-las-fuerzas-armadas-filipinas\\\/#breadcrumb\",\"itemListElement\":[{\"@type\":\"ListItem\",\"position\":1,\"name\":\"Home\",\"item\":\"https:\\\/\\\/acninternational.org\\\/es\\\/\"},{\"@type\":\"ListItem\",\"position\":2,\"name\":\"NOTICIAS\",\"item\":\"https:\\\/\\\/acninternational.org\\\/es\\\/category\\\/noticias\\\/\"},{\"@type\":\"ListItem\",\"position\":3,\"name\":\"El P. Teresito \u00abChito\u00bb Soganub se ha presentado brevemente esta tarde durante una rueda de prensa organizada por las Fuerzas Armadas Filipinas\"}]},{\"@type\":\"WebSite\",\"@id\":\"https:\\\/\\\/acninternational.org\\\/es\\\/#website\",\"url\":\"https:\\\/\\\/acninternational.org\\\/es\\\/\",\"name\":\"ACN International\",\"description\":\"\",\"publisher\":{\"@id\":\"https:\\\/\\\/acninternational.org\\\/es\\\/#organization\"},\"potentialAction\":[{\"@type\":\"SearchAction\",\"target\":{\"@type\":\"EntryPoint\",\"urlTemplate\":\"https:\\\/\\\/acninternational.org\\\/es\\\/?s={search_term_string}\"},\"query-input\":{\"@type\":\"PropertyValueSpecification\",\"valueRequired\":true,\"valueName\":\"search_term_string\"}}],\"inLanguage\":\"es\"},{\"@type\":\"Organization\",\"@id\":\"https:\\\/\\\/acninternational.org\\\/es\\\/#organization\",\"name\":\"Aid to the Church in Need International\",\"url\":\"https:\\\/\\\/acninternational.org\\\/es\\\/\",\"logo\":{\"@type\":\"ImageObject\",\"inLanguage\":\"es\",\"@id\":\"https:\\\/\\\/acninternational.org\\\/es\\\/#\\\/schema\\\/logo\\\/image\\\/\",\"url\":\"https:\\\/\\\/media.acninternational.org\\\/wp-content\\\/uploads\\\/2019\\\/11\\\/acn_logo_blackvector.svg\",\"contentUrl\":\"https:\\\/\\\/media.acninternational.org\\\/wp-content\\\/uploads\\\/2019\\\/11\\\/acn_logo_blackvector.svg\",\"width\":232.6,\"height\":78,\"caption\":\"Aid to the Church in Need International\"},\"image\":{\"@id\":\"https:\\\/\\\/acninternational.org\\\/es\\\/#\\\/schema\\\/logo\\\/image\\\/\"},\"sameAs\":[\"https:\\\/\\\/www.facebook.com\\\/acninternationalorg\",\"https:\\\/\\\/x.com\\\/acn_int\",\"https:\\\/\\\/www.youtube.com\\\/channel\\\/UCQ-077gS0TnVzkhHmf1opZw\",\"https:\\\/\\\/www.instagram.com\\\/acn_international\\\/\"]},{\"@type\":\"Person\",\"@id\":\"https:\\\/\\\/acninternational.org\\\/es\\\/#\\\/schema\\\/person\\\/5a7468d38fb12b1976b6eeda95c21ebc\",\"name\":\"admin_acn\",\"url\":\"https:\\\/\\\/acninternational.org\\\/es\\\/author\\\/admin_acn\\\/\"}]}<\/script>\n<!-- \/ Yoast SEO Premium plugin. -->","yoast_head_json":{"title":"El P. Teresito \"Chito\" Soganub se ha presentado brevemente esta tarde durante una rueda de prensa organizada por las Fuerzas Armadas Filipinas | ACN International","robots":{"index":"index","follow":"follow","max-snippet":"max-snippet:-1","max-image-preview":"max-image-preview:large","max-video-preview":"max-video-preview:-1"},"canonical":"https:\/\/acninternational.org\/es\/el-p-teresito-chito-soganub-se-ha-presentado-brevemente-esta-tarde-durante-una-rueda-de-prensa-organizada-por-las-fuerzas-armadas-filipinas\/","og_locale":"es_ES","og_type":"article","og_title":"El P. Teresito \"Chito\" Soganub se ha presentado brevemente esta tarde durante una rueda de prensa organizada por las Fuerzas Armadas Filipinas","og_description":"[vc_row][vc_column][vc_column_text]Seg\u00fan a podido saber la fundaci\u00f3n pontificia ACN, en su breve aparici\u00f3n, el P. Soganub pudo hacer unas breves declaraciones","og_url":"https:\/\/acninternational.org\/es\/el-p-teresito-chito-soganub-se-ha-presentado-brevemente-esta-tarde-durante-una-rueda-de-prensa-organizada-por-las-fuerzas-armadas-filipinas\/","og_site_name":"ACN International","article_publisher":"https:\/\/www.facebook.com\/acninternationalorg","article_published_time":"2017-09-20T22:00:00+00:00","og_image":[{"width":1400,"height":566,"url":"https:\/\/media.acninternational.org\/wp-content\/uploads\/2019\/11\/El-P.-Teresito-Chito-Soganub-se-ha-presentado-brevemente-esta-tarde-durante-una-rueda-de-prensa-organizada-por-las-Fuerzas-Armadas-Filipinas-image.jpg","type":"image\/jpeg"}],"author":"admin_acn","twitter_card":"summary_large_image","twitter_creator":"@acn_int","twitter_site":"@acn_int","twitter_misc":{"Escrito por":"admin_acn","Tiempo de lectura":"3 minutos"},"schema":{"@context":"https:\/\/schema.org","@graph":[{"@type":"Article","@id":"https:\/\/acninternational.org\/es\/el-p-teresito-chito-soganub-se-ha-presentado-brevemente-esta-tarde-durante-una-rueda-de-prensa-organizada-por-las-fuerzas-armadas-filipinas\/#article","isPartOf":{"@id":"https:\/\/acninternational.org\/es\/el-p-teresito-chito-soganub-se-ha-presentado-brevemente-esta-tarde-durante-una-rueda-de-prensa-organizada-por-las-fuerzas-armadas-filipinas\/"},"author":{"name":"admin_acn","@id":"https:\/\/acninternational.org\/es\/#\/schema\/person\/5a7468d38fb12b1976b6eeda95c21ebc"},"headline":"El P. Teresito \u00abChito\u00bb Soganub se ha presentado brevemente esta tarde durante una rueda de prensa organizada por las Fuerzas Armadas Filipinas","datePublished":"2017-09-20T22:00:00+00:00","mainEntityOfPage":{"@id":"https:\/\/acninternational.org\/es\/el-p-teresito-chito-soganub-se-ha-presentado-brevemente-esta-tarde-durante-una-rueda-de-prensa-organizada-por-las-fuerzas-armadas-filipinas\/"},"wordCount":546,"commentCount":0,"publisher":{"@id":"https:\/\/acninternational.org\/es\/#organization"},"image":{"@id":"https:\/\/acninternational.org\/es\/el-p-teresito-chito-soganub-se-ha-presentado-brevemente-esta-tarde-durante-una-rueda-de-prensa-organizada-por-las-fuerzas-armadas-filipinas\/#primaryimage"},"thumbnailUrl":"https:\/\/media.acninternational.org\/wp-content\/uploads\/2019\/11\/El-P.-Teresito-Chito-Soganub-se-ha-presentado-brevemente-esta-tarde-durante-una-rueda-de-prensa-organizada-por-las-Fuerzas-Armadas-Filipinas-image.jpg","articleSection":["NOTICIAS"],"inLanguage":"es","potentialAction":[{"@type":"CommentAction","name":"Comment","target":["https:\/\/acninternational.org\/es\/el-p-teresito-chito-soganub-se-ha-presentado-brevemente-esta-tarde-durante-una-rueda-de-prensa-organizada-por-las-fuerzas-armadas-filipinas\/#respond"]}]},{"@type":"WebPage","@id":"https:\/\/acninternational.org\/es\/el-p-teresito-chito-soganub-se-ha-presentado-brevemente-esta-tarde-durante-una-rueda-de-prensa-organizada-por-las-fuerzas-armadas-filipinas\/","url":"https:\/\/acninternational.org\/es\/el-p-teresito-chito-soganub-se-ha-presentado-brevemente-esta-tarde-durante-una-rueda-de-prensa-organizada-por-las-fuerzas-armadas-filipinas\/","name":"El P. Teresito \"Chito\" Soganub se ha presentado brevemente esta tarde durante una rueda de prensa organizada por las Fuerzas Armadas Filipinas | ACN International","isPartOf":{"@id":"https:\/\/acninternational.org\/es\/#website"},"primaryImageOfPage":{"@id":"https:\/\/acninternational.org\/es\/el-p-teresito-chito-soganub-se-ha-presentado-brevemente-esta-tarde-durante-una-rueda-de-prensa-organizada-por-las-fuerzas-armadas-filipinas\/#primaryimage"},"image":{"@id":"https:\/\/acninternational.org\/es\/el-p-teresito-chito-soganub-se-ha-presentado-brevemente-esta-tarde-durante-una-rueda-de-prensa-organizada-por-las-fuerzas-armadas-filipinas\/#primaryimage"},"thumbnailUrl":"https:\/\/media.acninternational.org\/wp-content\/uploads\/2019\/11\/El-P.-Teresito-Chito-Soganub-se-ha-presentado-brevemente-esta-tarde-durante-una-rueda-de-prensa-organizada-por-las-Fuerzas-Armadas-Filipinas-image.jpg","datePublished":"2017-09-20T22:00:00+00:00","breadcrumb":{"@id":"https:\/\/acninternational.org\/es\/el-p-teresito-chito-soganub-se-ha-presentado-brevemente-esta-tarde-durante-una-rueda-de-prensa-organizada-por-las-fuerzas-armadas-filipinas\/#breadcrumb"},"inLanguage":"es","potentialAction":[{"@type":"ReadAction","target":["https:\/\/acninternational.org\/es\/el-p-teresito-chito-soganub-se-ha-presentado-brevemente-esta-tarde-durante-una-rueda-de-prensa-organizada-por-las-fuerzas-armadas-filipinas\/"]}]},{"@type":"ImageObject","inLanguage":"es","@id":"https:\/\/acninternational.org\/es\/el-p-teresito-chito-soganub-se-ha-presentado-brevemente-esta-tarde-durante-una-rueda-de-prensa-organizada-por-las-fuerzas-armadas-filipinas\/#primaryimage","url":"https:\/\/media.acninternational.org\/wp-content\/uploads\/2019\/11\/El-P.-Teresito-Chito-Soganub-se-ha-presentado-brevemente-esta-tarde-durante-una-rueda-de-prensa-organizada-por-las-Fuerzas-Armadas-Filipinas-image.jpg","contentUrl":"https:\/\/media.acninternational.org\/wp-content\/uploads\/2019\/11\/El-P.-Teresito-Chito-Soganub-se-ha-presentado-brevemente-esta-tarde-durante-una-rueda-de-prensa-organizada-por-las-Fuerzas-Armadas-Filipinas-image.jpg","width":1400,"height":566,"caption":"El P. Teresito \"Chito\" Soganub se ha presentado brevemente esta tarde durante una rueda de prensa organizada por las Fuerzas Armadas Filipinas"},{"@type":"BreadcrumbList","@id":"https:\/\/acninternational.org\/es\/el-p-teresito-chito-soganub-se-ha-presentado-brevemente-esta-tarde-durante-una-rueda-de-prensa-organizada-por-las-fuerzas-armadas-filipinas\/#breadcrumb","itemListElement":[{"@type":"ListItem","position":1,"name":"Home","item":"https:\/\/acninternational.org\/es\/"},{"@type":"ListItem","position":2,"name":"NOTICIAS","item":"https:\/\/acninternational.org\/es\/category\/noticias\/"},{"@type":"ListItem","position":3,"name":"El P. Teresito \u00abChito\u00bb Soganub se ha presentado brevemente esta tarde durante una rueda de prensa organizada por las Fuerzas Armadas Filipinas"}]},{"@type":"WebSite","@id":"https:\/\/acninternational.org\/es\/#website","url":"https:\/\/acninternational.org\/es\/","name":"ACN International","description":"","publisher":{"@id":"https:\/\/acninternational.org\/es\/#organization"},"potentialAction":[{"@type":"SearchAction","target":{"@type":"EntryPoint","urlTemplate":"https:\/\/acninternational.org\/es\/?s={search_term_string}"},"query-input":{"@type":"PropertyValueSpecification","valueRequired":true,"valueName":"search_term_string"}}],"inLanguage":"es"},{"@type":"Organization","@id":"https:\/\/acninternational.org\/es\/#organization","name":"Aid to the Church in Need International","url":"https:\/\/acninternational.org\/es\/","logo":{"@type":"ImageObject","inLanguage":"es","@id":"https:\/\/acninternational.org\/es\/#\/schema\/logo\/image\/","url":"https:\/\/media.acninternational.org\/wp-content\/uploads\/2019\/11\/acn_logo_blackvector.svg","contentUrl":"https:\/\/media.acninternational.org\/wp-content\/uploads\/2019\/11\/acn_logo_blackvector.svg","width":232.6,"height":78,"caption":"Aid to the Church in Need International"},"image":{"@id":"https:\/\/acninternational.org\/es\/#\/schema\/logo\/image\/"},"sameAs":["https:\/\/www.facebook.com\/acninternationalorg","https:\/\/x.com\/acn_int","https:\/\/www.youtube.com\/channel\/UCQ-077gS0TnVzkhHmf1opZw","https:\/\/www.instagram.com\/acn_international\/"]},{"@type":"Person","@id":"https:\/\/acninternational.org\/es\/#\/schema\/person\/5a7468d38fb12b1976b6eeda95c21ebc","name":"admin_acn","url":"https:\/\/acninternational.org\/es\/author\/admin_acn\/"}]}},"_links":{"self":[{"href":"https:\/\/acninternational.org\/es\/wp-json\/wp\/v2\/posts\/115745","targetHints":{"allow":["GET"]}}],"collection":[{"href":"https:\/\/acninternational.org\/es\/wp-json\/wp\/v2\/posts"}],"about":[{"href":"https:\/\/acninternational.org\/es\/wp-json\/wp\/v2\/types\/post"}],"author":[{"embeddable":true,"href":"https:\/\/acninternational.org\/es\/wp-json\/wp\/v2\/users\/1"}],"replies":[{"embeddable":true,"href":"https:\/\/acninternational.org\/es\/wp-json\/wp\/v2\/comments?post=115745"}],"version-history":[{"count":0,"href":"https:\/\/acninternational.org\/es\/wp-json\/wp\/v2\/posts\/115745\/revisions"}],"wp:featuredmedia":[{"embeddable":true,"href":"https:\/\/acninternational.org\/es\/wp-json\/wp\/v2\/media\/115746"}],"wp:attachment":[{"href":"https:\/\/acninternational.org\/es\/wp-json\/wp\/v2\/media?parent=115745"}],"wp:term":[{"taxonomy":"category","embeddable":true,"href":"https:\/\/acninternational.org\/es\/wp-json\/wp\/v2\/categories?post=115745"},{"taxonomy":"post_tag","embeddable":true,"href":"https:\/\/acninternational.org\/es\/wp-json\/wp\/v2\/tags?post=115745"},{"taxonomy":"country","embeddable":true,"href":"https:\/\/acninternational.org\/es\/wp-json\/wp\/v2\/country?post=115745"}],"curies":[{"name":"wp","href":"https:\/\/api.w.org\/{rel}","templated":true}]}}