{"id":115595,"date":"2017-08-30T00:00:00","date_gmt":"2017-08-29T22:00:00","guid":{"rendered":"https:\/\/acninternational.org\/la-catedral-de-marawi-profanada-por-los-yihadistas-ha-sido-retomada-por-las-fuerzas-armadas-filipinas\/"},"modified":"2017-08-30T00:00:00","modified_gmt":"2017-08-29T22:00:00","slug":"la-catedral-de-marawi-profanada-por-los-yihadistas-ha-sido-retomada-por-las-fuerzas-armadas-filipinas","status":"publish","type":"post","link":"https:\/\/acninternational.org\/es\/la-catedral-de-marawi-profanada-por-los-yihadistas-ha-sido-retomada-por-las-fuerzas-armadas-filipinas\/","title":{"rendered":"La catedral de Marawi, profanada por los yihadistas, ha sido retomada por las Fuerzas Armadas filipinas"},"content":{"rendered":"<p>[vc_row][vc_column][vc_column_text]Despu\u00e9s de m\u00e1s de tres meses, las Fuerzas Armadas de Filipinas (AFP) finalmente han retomado y liberado la Catedral de Santa Mar\u00eda en la ciudad de Marawi.<\/p>\n<p>La catedral fue profanada y destruida por terroristas seguidores del Estado Isl\u00e1mico el pasado 23 de mayo de 2017. Las Fuerzas Armadas de Filipinas tuvieron que vaciar la iglesia de artefactos explosivos improvisados. La AFP tambi\u00e9n ha emitido algunas im\u00e1genes de c\u00f3mo ha quedado la catedral.<\/p>\n<p>En dicho v\u00eddeo se ve\u00edan las paredes de la catedral cubiertas de balas y fragmentos de iconos destruidos y otros adornos de la iglesia esparcidos por el suelo. El altar de la catedral estaba completamente destrozado y una figura decapitada es la \u00fanica estatua que queda en pie dentro del edificio.<\/p>\n<p>Adem\u00e1s de la catedral, los soldados filipinos tambi\u00e9n fueron capaces de liberar la Gran Mezquita, el mayor lugar de culto para los musulmanes que viven en la ciudad de Marawi. Aunque no estaba tan devastada como la catedral cat\u00f3lica, el Ej\u00e9rcito revel\u00f3 que los terroristas cavaron agujeros y t\u00faneles debajo del lugar sagrado e hicieron orificios en las paredes de la mezquita desde los que disparaban a las fuerzas gubernamentales.<\/p>\n<p>Durante los \u00faltimos tres meses, el Ej\u00e9rcito ha llevado a cabo grandes bombardeos sobre la ciudad de Marawi, pero deliberadamente se abstuvo de bombardear las mezquitas como se\u00f1al de respeto a los maranaos, la etnia musulmana que desde hace siglos considera la ciudad de Marawi su hogar. Sin embargo, esta decisi\u00f3n fue aprovechada por los terroristas, que convirtieron las mezquitas en fortalezas contra el Ej\u00e9rcito filipino.<\/p>\n<p>Seg\u00fan Norodin Alonto Lucman, uno de los jefes tribales maranaos, los musulmanes tienen prohibido utilizar las mezquitas como base de actividades da\u00f1inas para musulmanes y no musulmanes.<\/p>\n<p>\u00abEsto s\u00f3lo demuestra c\u00f3mo estas personas no respetan ninguna religi\u00f3n, ya sea la cristiana o la musulmana\u00bb, dijo el Teniente General Carlito G\u00e1lvez, Jr., jefe del Comando de Mindanao Occidental de las AFP.<\/p>\n<p>Cl\u00e9rigos musulmanes han denunciado la profanaci\u00f3n de la catedral a pesar de las amenazas de los terroristas de ejecutar a los musulmanes que critiquen al Estado Isl\u00e1mico.<\/p>\n<p>El pasado 25 de agosto de 2017 el peri\u00f3dico local <em>The Philippine Star <\/em>inform\u00f3 de que los polic\u00edas y soldados musulmanes hab\u00edan podido rezar en la Masjid Saad Huzam Almusairi, otra mezquita que tambi\u00e9n hab\u00edan logrado liberar de la ocupaci\u00f3n del grupo Maute. \u00c9sta constituy\u00f3 la primera ceremonia de Jumaah en la Masjid Saad desde el 23 de mayo.<\/p>\n<p>El asamble\u00edsta Zia Alonto Adiong, portavoz del comit\u00e9 provincial de gesti\u00f3n de la crisis en Marawi, dependiente de la oficina del gobernador en Lanao del Sur, dijo que los polic\u00edas y soldados cristianos ayudaron a limpiar el lugar de adoraci\u00f3n y a proteger su entorno.<\/p>\n<p>\u00abEso de nuevo fue una indicaci\u00f3n t\u00e1cita de que el conflicto aqu\u00ed no es un conflicto entre musulmanes y cristianos. Son estos dos grupos los que est\u00e1n trabajando juntos para restaurar la ley y el orden en la ciudad de Marawi\u00bb, indic\u00f3 Adiong.<\/p>\n<p>Mientras tanto, en una entrevista con ACN a principios de este mes, el Obispo Marawi, Mons. Edwin de la Pe\u00f1a, revel\u00f3 que su prelatura est\u00e1 comenzando a elaborar planes para la reconstrucci\u00f3n y los esfuerzos de rehabilitaci\u00f3n en Marawi.<\/p>\n<p>Cuando se le pregunt\u00f3 si ya hab\u00eda planes concretos para reconstruir la catedral, Mons. de la Pe\u00f1a respondi\u00f3: \u00abM\u00e1s que la catedral, lo m\u00e1s importante es restaurar la comunidad cristiana y sus buenas relaciones con los musulmanes que viven en Marawi\u00bb.<\/p>\n<p>El 8 de agosto de 2017 Aid to the Church in Need don\u00f3 30.000 d\u00f3lares que se utilizaron para distribuir botiquines sanitarios a 1.500 desplazados internos procedentes de la ciudad de Marawi.<\/p>\n<p>Mons. de la Pe\u00f1a agradeci\u00f3 a ACN esta donaci\u00f3n, pero pidi\u00f3 a todos los cristianos que siguieran apoyando a la prelatura de Marawi y a la di\u00f3cesis de Iligan para que puedan ayudar a los desplazados internos de la ciudad de Marawi. El obispo tambi\u00e9n expres\u00f3 su esperanza de que los cristianos se dieran cuenta de que Cristo tambi\u00e9n est\u00e1 presente en el sufrimiento de los no cristianos.<\/p>\n<p>\u00abCuando hacemos misi\u00f3n, no distinguimos si las personas a quienes ayudamos son cristianas o no. Y as\u00ed espero que no consideremos m\u00e1s nuestra afiliaci\u00f3n religiosa y que ayudemos porque precisamente el Se\u00f1or nos est\u00e1 diciendo que existe la necesidad, que ah\u00ed est\u00e1 tu hermano y tu hermana. Ayudamos porque hay necesidad y donde hay necesidad, ah\u00ed es donde Dios nos est\u00e1 llamando\u00bb, afirm\u00f3 Mons. de la Pe\u00f1a.<\/p>\n<p>Los terroristas seguidores de ISIS, que han bajado de sus 200 miembros originales, fuertemente armados, a un n\u00famero estimado de entre 30 y 45, todav\u00eda controlan una superficie aproximadamente de 600 metros cuadrados en Marawi. Siguen teniendo cerca de 56 rehenes cristianos, incluido el Vicario General de la prelatura de Marawi, el P. Teresito \u00abChito\u00bb Suganob.<\/p>\n<p><em>Por ACN con informaciones de <\/em>The Philippine Star <em>y <\/em>GMA News[\/vc_column_text][\/vc_column][\/vc_row]<\/p>\n","protected":false},"excerpt":{"rendered":"<p>[vc_row][vc_column][vc_column_text]Despu\u00e9s de m\u00e1s de tres meses, las Fuerzas Armadas de Filipinas (AFP) finalmente han retomado y liberado la Catedral de<\/p>\n","protected":false},"author":1,"featured_media":115596,"comment_status":"open","ping_status":"open","sticky":false,"template":"","format":"standard","meta":{"_acf_changed":false,"_acn_coauthor_ids":[],"footnotes":""},"categories":[746],"tags":[],"country":[],"class_list":["post-115595","post","type-post","status-publish","format-standard","has-post-thumbnail","hentry","category-noticias"],"acn_coauthors":[],"acf":[],"yoast_head":"<!-- This site is optimized with the Yoast SEO Premium plugin v27.3 (Yoast SEO v27.3) - https:\/\/yoast.com\/product\/yoast-seo-premium-wordpress\/ -->\n<title>La catedral de Marawi, profanada por los yihadistas, ha sido retomada por las Fuerzas Armadas filipinas | ACN International<\/title>\n<meta name=\"robots\" content=\"index, follow, max-snippet:-1, max-image-preview:large, max-video-preview:-1\" \/>\n<link rel=\"canonical\" href=\"https:\/\/acninternational.org\/es\/la-catedral-de-marawi-profanada-por-los-yihadistas-ha-sido-retomada-por-las-fuerzas-armadas-filipinas\/\" \/>\n<meta property=\"og:locale\" content=\"es_ES\" \/>\n<meta property=\"og:type\" content=\"article\" \/>\n<meta property=\"og:title\" content=\"La catedral de Marawi, profanada por los yihadistas, ha sido retomada por las Fuerzas Armadas filipinas\" \/>\n<meta property=\"og:description\" content=\"[vc_row][vc_column][vc_column_text]Despu\u00e9s de m\u00e1s de tres meses, las Fuerzas Armadas de Filipinas (AFP) finalmente han retomado y liberado la Catedral de\" \/>\n<meta property=\"og:url\" content=\"https:\/\/acninternational.org\/es\/la-catedral-de-marawi-profanada-por-los-yihadistas-ha-sido-retomada-por-las-fuerzas-armadas-filipinas\/\" \/>\n<meta property=\"og:site_name\" content=\"ACN International\" \/>\n<meta property=\"article:publisher\" content=\"https:\/\/www.facebook.com\/acninternationalorg\" \/>\n<meta property=\"article:published_time\" content=\"2017-08-29T22:00:00+00:00\" \/>\n<meta property=\"og:image\" content=\"https:\/\/media.acninternational.org\/wp-content\/uploads\/2019\/11\/La-catedral-de-Marawi-profanada-por-los-yihadistas-ha-sido-retomada-por-las-Fuerzas-Armadas-filipinas-image.jpg\" \/>\n\t<meta property=\"og:image:width\" content=\"1980\" \/>\n\t<meta property=\"og:image:height\" content=\"800\" \/>\n\t<meta property=\"og:image:type\" content=\"image\/jpeg\" \/>\n<meta name=\"author\" content=\"admin_acn\" \/>\n<meta name=\"twitter:card\" content=\"summary_large_image\" \/>\n<meta name=\"twitter:creator\" content=\"@acn_int\" \/>\n<meta name=\"twitter:site\" content=\"@acn_int\" \/>\n<meta name=\"twitter:label1\" content=\"Escrito por\" \/>\n\t<meta name=\"twitter:data1\" content=\"admin_acn\" \/>\n\t<meta name=\"twitter:label2\" content=\"Tiempo de lectura\" \/>\n\t<meta name=\"twitter:data2\" content=\"4 minutos\" \/>\n<script type=\"application\/ld+json\" class=\"yoast-schema-graph\">{\"@context\":\"https:\\\/\\\/schema.org\",\"@graph\":[{\"@type\":\"Article\",\"@id\":\"https:\\\/\\\/acninternational.org\\\/es\\\/la-catedral-de-marawi-profanada-por-los-yihadistas-ha-sido-retomada-por-las-fuerzas-armadas-filipinas\\\/#article\",\"isPartOf\":{\"@id\":\"https:\\\/\\\/acninternational.org\\\/es\\\/la-catedral-de-marawi-profanada-por-los-yihadistas-ha-sido-retomada-por-las-fuerzas-armadas-filipinas\\\/\"},\"author\":{\"name\":\"admin_acn\",\"@id\":\"https:\\\/\\\/acninternational.org\\\/es\\\/#\\\/schema\\\/person\\\/5a7468d38fb12b1976b6eeda95c21ebc\"},\"headline\":\"La catedral de Marawi, profanada por los yihadistas, ha sido retomada por las Fuerzas Armadas filipinas\",\"datePublished\":\"2017-08-29T22:00:00+00:00\",\"mainEntityOfPage\":{\"@id\":\"https:\\\/\\\/acninternational.org\\\/es\\\/la-catedral-de-marawi-profanada-por-los-yihadistas-ha-sido-retomada-por-las-fuerzas-armadas-filipinas\\\/\"},\"wordCount\":884,\"commentCount\":0,\"publisher\":{\"@id\":\"https:\\\/\\\/acninternational.org\\\/es\\\/#organization\"},\"image\":{\"@id\":\"https:\\\/\\\/acninternational.org\\\/es\\\/la-catedral-de-marawi-profanada-por-los-yihadistas-ha-sido-retomada-por-las-fuerzas-armadas-filipinas\\\/#primaryimage\"},\"thumbnailUrl\":\"https:\\\/\\\/media.acninternational.org\\\/wp-content\\\/uploads\\\/2019\\\/11\\\/La-catedral-de-Marawi-profanada-por-los-yihadistas-ha-sido-retomada-por-las-Fuerzas-Armadas-filipinas-image.jpg\",\"articleSection\":[\"NOTICIAS\"],\"inLanguage\":\"es\",\"potentialAction\":[{\"@type\":\"CommentAction\",\"name\":\"Comment\",\"target\":[\"https:\\\/\\\/acninternational.org\\\/es\\\/la-catedral-de-marawi-profanada-por-los-yihadistas-ha-sido-retomada-por-las-fuerzas-armadas-filipinas\\\/#respond\"]}]},{\"@type\":\"WebPage\",\"@id\":\"https:\\\/\\\/acninternational.org\\\/es\\\/la-catedral-de-marawi-profanada-por-los-yihadistas-ha-sido-retomada-por-las-fuerzas-armadas-filipinas\\\/\",\"url\":\"https:\\\/\\\/acninternational.org\\\/es\\\/la-catedral-de-marawi-profanada-por-los-yihadistas-ha-sido-retomada-por-las-fuerzas-armadas-filipinas\\\/\",\"name\":\"La catedral de Marawi, profanada por los yihadistas, ha sido retomada por las Fuerzas Armadas filipinas | ACN International\",\"isPartOf\":{\"@id\":\"https:\\\/\\\/acninternational.org\\\/es\\\/#website\"},\"primaryImageOfPage\":{\"@id\":\"https:\\\/\\\/acninternational.org\\\/es\\\/la-catedral-de-marawi-profanada-por-los-yihadistas-ha-sido-retomada-por-las-fuerzas-armadas-filipinas\\\/#primaryimage\"},\"image\":{\"@id\":\"https:\\\/\\\/acninternational.org\\\/es\\\/la-catedral-de-marawi-profanada-por-los-yihadistas-ha-sido-retomada-por-las-fuerzas-armadas-filipinas\\\/#primaryimage\"},\"thumbnailUrl\":\"https:\\\/\\\/media.acninternational.org\\\/wp-content\\\/uploads\\\/2019\\\/11\\\/La-catedral-de-Marawi-profanada-por-los-yihadistas-ha-sido-retomada-por-las-Fuerzas-Armadas-filipinas-image.jpg\",\"datePublished\":\"2017-08-29T22:00:00+00:00\",\"breadcrumb\":{\"@id\":\"https:\\\/\\\/acninternational.org\\\/es\\\/la-catedral-de-marawi-profanada-por-los-yihadistas-ha-sido-retomada-por-las-fuerzas-armadas-filipinas\\\/#breadcrumb\"},\"inLanguage\":\"es\",\"potentialAction\":[{\"@type\":\"ReadAction\",\"target\":[\"https:\\\/\\\/acninternational.org\\\/es\\\/la-catedral-de-marawi-profanada-por-los-yihadistas-ha-sido-retomada-por-las-fuerzas-armadas-filipinas\\\/\"]}]},{\"@type\":\"ImageObject\",\"inLanguage\":\"es\",\"@id\":\"https:\\\/\\\/acninternational.org\\\/es\\\/la-catedral-de-marawi-profanada-por-los-yihadistas-ha-sido-retomada-por-las-fuerzas-armadas-filipinas\\\/#primaryimage\",\"url\":\"https:\\\/\\\/media.acninternational.org\\\/wp-content\\\/uploads\\\/2019\\\/11\\\/La-catedral-de-Marawi-profanada-por-los-yihadistas-ha-sido-retomada-por-las-Fuerzas-Armadas-filipinas-image.jpg\",\"contentUrl\":\"https:\\\/\\\/media.acninternational.org\\\/wp-content\\\/uploads\\\/2019\\\/11\\\/La-catedral-de-Marawi-profanada-por-los-yihadistas-ha-sido-retomada-por-las-Fuerzas-Armadas-filipinas-image.jpg\",\"width\":1980,\"height\":800,\"caption\":\"La catedral de Marawi, profanada por los yihadistas, ha sido retomada por las Fuerzas Armadas filipinas\"},{\"@type\":\"BreadcrumbList\",\"@id\":\"https:\\\/\\\/acninternational.org\\\/es\\\/la-catedral-de-marawi-profanada-por-los-yihadistas-ha-sido-retomada-por-las-fuerzas-armadas-filipinas\\\/#breadcrumb\",\"itemListElement\":[{\"@type\":\"ListItem\",\"position\":1,\"name\":\"Home\",\"item\":\"https:\\\/\\\/acninternational.org\\\/es\\\/\"},{\"@type\":\"ListItem\",\"position\":2,\"name\":\"NOTICIAS\",\"item\":\"https:\\\/\\\/acninternational.org\\\/es\\\/category\\\/noticias\\\/\"},{\"@type\":\"ListItem\",\"position\":3,\"name\":\"La catedral de Marawi, profanada por los yihadistas, ha sido retomada por las Fuerzas Armadas filipinas\"}]},{\"@type\":\"WebSite\",\"@id\":\"https:\\\/\\\/acninternational.org\\\/es\\\/#website\",\"url\":\"https:\\\/\\\/acninternational.org\\\/es\\\/\",\"name\":\"ACN International\",\"description\":\"\",\"publisher\":{\"@id\":\"https:\\\/\\\/acninternational.org\\\/es\\\/#organization\"},\"potentialAction\":[{\"@type\":\"SearchAction\",\"target\":{\"@type\":\"EntryPoint\",\"urlTemplate\":\"https:\\\/\\\/acninternational.org\\\/es\\\/?s={search_term_string}\"},\"query-input\":{\"@type\":\"PropertyValueSpecification\",\"valueRequired\":true,\"valueName\":\"search_term_string\"}}],\"inLanguage\":\"es\"},{\"@type\":\"Organization\",\"@id\":\"https:\\\/\\\/acninternational.org\\\/es\\\/#organization\",\"name\":\"Aid to the Church in Need International\",\"url\":\"https:\\\/\\\/acninternational.org\\\/es\\\/\",\"logo\":{\"@type\":\"ImageObject\",\"inLanguage\":\"es\",\"@id\":\"https:\\\/\\\/acninternational.org\\\/es\\\/#\\\/schema\\\/logo\\\/image\\\/\",\"url\":\"https:\\\/\\\/media.acninternational.org\\\/wp-content\\\/uploads\\\/2019\\\/11\\\/acn_logo_blackvector.svg\",\"contentUrl\":\"https:\\\/\\\/media.acninternational.org\\\/wp-content\\\/uploads\\\/2019\\\/11\\\/acn_logo_blackvector.svg\",\"width\":232.6,\"height\":78,\"caption\":\"Aid to the Church in Need International\"},\"image\":{\"@id\":\"https:\\\/\\\/acninternational.org\\\/es\\\/#\\\/schema\\\/logo\\\/image\\\/\"},\"sameAs\":[\"https:\\\/\\\/www.facebook.com\\\/acninternationalorg\",\"https:\\\/\\\/x.com\\\/acn_int\",\"https:\\\/\\\/www.youtube.com\\\/channel\\\/UCQ-077gS0TnVzkhHmf1opZw\",\"https:\\\/\\\/www.instagram.com\\\/acn_international\\\/\"]},{\"@type\":\"Person\",\"@id\":\"https:\\\/\\\/acninternational.org\\\/es\\\/#\\\/schema\\\/person\\\/5a7468d38fb12b1976b6eeda95c21ebc\",\"name\":\"admin_acn\",\"url\":\"https:\\\/\\\/acninternational.org\\\/es\\\/author\\\/admin_acn\\\/\"}]}<\/script>\n<!-- \/ Yoast SEO Premium plugin. -->","yoast_head_json":{"title":"La catedral de Marawi, profanada por los yihadistas, ha sido retomada por las Fuerzas Armadas filipinas | ACN International","robots":{"index":"index","follow":"follow","max-snippet":"max-snippet:-1","max-image-preview":"max-image-preview:large","max-video-preview":"max-video-preview:-1"},"canonical":"https:\/\/acninternational.org\/es\/la-catedral-de-marawi-profanada-por-los-yihadistas-ha-sido-retomada-por-las-fuerzas-armadas-filipinas\/","og_locale":"es_ES","og_type":"article","og_title":"La catedral de Marawi, profanada por los yihadistas, ha sido retomada por las Fuerzas Armadas filipinas","og_description":"[vc_row][vc_column][vc_column_text]Despu\u00e9s de m\u00e1s de tres meses, las Fuerzas Armadas de Filipinas (AFP) finalmente han retomado y liberado la Catedral de","og_url":"https:\/\/acninternational.org\/es\/la-catedral-de-marawi-profanada-por-los-yihadistas-ha-sido-retomada-por-las-fuerzas-armadas-filipinas\/","og_site_name":"ACN International","article_publisher":"https:\/\/www.facebook.com\/acninternationalorg","article_published_time":"2017-08-29T22:00:00+00:00","og_image":[{"width":1980,"height":800,"url":"https:\/\/media.acninternational.org\/wp-content\/uploads\/2019\/11\/La-catedral-de-Marawi-profanada-por-los-yihadistas-ha-sido-retomada-por-las-Fuerzas-Armadas-filipinas-image.jpg","type":"image\/jpeg"}],"author":"admin_acn","twitter_card":"summary_large_image","twitter_creator":"@acn_int","twitter_site":"@acn_int","twitter_misc":{"Escrito por":"admin_acn","Tiempo de lectura":"4 minutos"},"schema":{"@context":"https:\/\/schema.org","@graph":[{"@type":"Article","@id":"https:\/\/acninternational.org\/es\/la-catedral-de-marawi-profanada-por-los-yihadistas-ha-sido-retomada-por-las-fuerzas-armadas-filipinas\/#article","isPartOf":{"@id":"https:\/\/acninternational.org\/es\/la-catedral-de-marawi-profanada-por-los-yihadistas-ha-sido-retomada-por-las-fuerzas-armadas-filipinas\/"},"author":{"name":"admin_acn","@id":"https:\/\/acninternational.org\/es\/#\/schema\/person\/5a7468d38fb12b1976b6eeda95c21ebc"},"headline":"La catedral de Marawi, profanada por los yihadistas, ha sido retomada por las Fuerzas Armadas filipinas","datePublished":"2017-08-29T22:00:00+00:00","mainEntityOfPage":{"@id":"https:\/\/acninternational.org\/es\/la-catedral-de-marawi-profanada-por-los-yihadistas-ha-sido-retomada-por-las-fuerzas-armadas-filipinas\/"},"wordCount":884,"commentCount":0,"publisher":{"@id":"https:\/\/acninternational.org\/es\/#organization"},"image":{"@id":"https:\/\/acninternational.org\/es\/la-catedral-de-marawi-profanada-por-los-yihadistas-ha-sido-retomada-por-las-fuerzas-armadas-filipinas\/#primaryimage"},"thumbnailUrl":"https:\/\/media.acninternational.org\/wp-content\/uploads\/2019\/11\/La-catedral-de-Marawi-profanada-por-los-yihadistas-ha-sido-retomada-por-las-Fuerzas-Armadas-filipinas-image.jpg","articleSection":["NOTICIAS"],"inLanguage":"es","potentialAction":[{"@type":"CommentAction","name":"Comment","target":["https:\/\/acninternational.org\/es\/la-catedral-de-marawi-profanada-por-los-yihadistas-ha-sido-retomada-por-las-fuerzas-armadas-filipinas\/#respond"]}]},{"@type":"WebPage","@id":"https:\/\/acninternational.org\/es\/la-catedral-de-marawi-profanada-por-los-yihadistas-ha-sido-retomada-por-las-fuerzas-armadas-filipinas\/","url":"https:\/\/acninternational.org\/es\/la-catedral-de-marawi-profanada-por-los-yihadistas-ha-sido-retomada-por-las-fuerzas-armadas-filipinas\/","name":"La catedral de Marawi, profanada por los yihadistas, ha sido retomada por las Fuerzas Armadas filipinas | ACN International","isPartOf":{"@id":"https:\/\/acninternational.org\/es\/#website"},"primaryImageOfPage":{"@id":"https:\/\/acninternational.org\/es\/la-catedral-de-marawi-profanada-por-los-yihadistas-ha-sido-retomada-por-las-fuerzas-armadas-filipinas\/#primaryimage"},"image":{"@id":"https:\/\/acninternational.org\/es\/la-catedral-de-marawi-profanada-por-los-yihadistas-ha-sido-retomada-por-las-fuerzas-armadas-filipinas\/#primaryimage"},"thumbnailUrl":"https:\/\/media.acninternational.org\/wp-content\/uploads\/2019\/11\/La-catedral-de-Marawi-profanada-por-los-yihadistas-ha-sido-retomada-por-las-Fuerzas-Armadas-filipinas-image.jpg","datePublished":"2017-08-29T22:00:00+00:00","breadcrumb":{"@id":"https:\/\/acninternational.org\/es\/la-catedral-de-marawi-profanada-por-los-yihadistas-ha-sido-retomada-por-las-fuerzas-armadas-filipinas\/#breadcrumb"},"inLanguage":"es","potentialAction":[{"@type":"ReadAction","target":["https:\/\/acninternational.org\/es\/la-catedral-de-marawi-profanada-por-los-yihadistas-ha-sido-retomada-por-las-fuerzas-armadas-filipinas\/"]}]},{"@type":"ImageObject","inLanguage":"es","@id":"https:\/\/acninternational.org\/es\/la-catedral-de-marawi-profanada-por-los-yihadistas-ha-sido-retomada-por-las-fuerzas-armadas-filipinas\/#primaryimage","url":"https:\/\/media.acninternational.org\/wp-content\/uploads\/2019\/11\/La-catedral-de-Marawi-profanada-por-los-yihadistas-ha-sido-retomada-por-las-Fuerzas-Armadas-filipinas-image.jpg","contentUrl":"https:\/\/media.acninternational.org\/wp-content\/uploads\/2019\/11\/La-catedral-de-Marawi-profanada-por-los-yihadistas-ha-sido-retomada-por-las-Fuerzas-Armadas-filipinas-image.jpg","width":1980,"height":800,"caption":"La catedral de Marawi, profanada por los yihadistas, ha sido retomada por las Fuerzas Armadas filipinas"},{"@type":"BreadcrumbList","@id":"https:\/\/acninternational.org\/es\/la-catedral-de-marawi-profanada-por-los-yihadistas-ha-sido-retomada-por-las-fuerzas-armadas-filipinas\/#breadcrumb","itemListElement":[{"@type":"ListItem","position":1,"name":"Home","item":"https:\/\/acninternational.org\/es\/"},{"@type":"ListItem","position":2,"name":"NOTICIAS","item":"https:\/\/acninternational.org\/es\/category\/noticias\/"},{"@type":"ListItem","position":3,"name":"La catedral de Marawi, profanada por los yihadistas, ha sido retomada por las Fuerzas Armadas filipinas"}]},{"@type":"WebSite","@id":"https:\/\/acninternational.org\/es\/#website","url":"https:\/\/acninternational.org\/es\/","name":"ACN International","description":"","publisher":{"@id":"https:\/\/acninternational.org\/es\/#organization"},"potentialAction":[{"@type":"SearchAction","target":{"@type":"EntryPoint","urlTemplate":"https:\/\/acninternational.org\/es\/?s={search_term_string}"},"query-input":{"@type":"PropertyValueSpecification","valueRequired":true,"valueName":"search_term_string"}}],"inLanguage":"es"},{"@type":"Organization","@id":"https:\/\/acninternational.org\/es\/#organization","name":"Aid to the Church in Need International","url":"https:\/\/acninternational.org\/es\/","logo":{"@type":"ImageObject","inLanguage":"es","@id":"https:\/\/acninternational.org\/es\/#\/schema\/logo\/image\/","url":"https:\/\/media.acninternational.org\/wp-content\/uploads\/2019\/11\/acn_logo_blackvector.svg","contentUrl":"https:\/\/media.acninternational.org\/wp-content\/uploads\/2019\/11\/acn_logo_blackvector.svg","width":232.6,"height":78,"caption":"Aid to the Church in Need International"},"image":{"@id":"https:\/\/acninternational.org\/es\/#\/schema\/logo\/image\/"},"sameAs":["https:\/\/www.facebook.com\/acninternationalorg","https:\/\/x.com\/acn_int","https:\/\/www.youtube.com\/channel\/UCQ-077gS0TnVzkhHmf1opZw","https:\/\/www.instagram.com\/acn_international\/"]},{"@type":"Person","@id":"https:\/\/acninternational.org\/es\/#\/schema\/person\/5a7468d38fb12b1976b6eeda95c21ebc","name":"admin_acn","url":"https:\/\/acninternational.org\/es\/author\/admin_acn\/"}]}},"_links":{"self":[{"href":"https:\/\/acninternational.org\/es\/wp-json\/wp\/v2\/posts\/115595","targetHints":{"allow":["GET"]}}],"collection":[{"href":"https:\/\/acninternational.org\/es\/wp-json\/wp\/v2\/posts"}],"about":[{"href":"https:\/\/acninternational.org\/es\/wp-json\/wp\/v2\/types\/post"}],"author":[{"embeddable":true,"href":"https:\/\/acninternational.org\/es\/wp-json\/wp\/v2\/users\/1"}],"replies":[{"embeddable":true,"href":"https:\/\/acninternational.org\/es\/wp-json\/wp\/v2\/comments?post=115595"}],"version-history":[{"count":0,"href":"https:\/\/acninternational.org\/es\/wp-json\/wp\/v2\/posts\/115595\/revisions"}],"wp:featuredmedia":[{"embeddable":true,"href":"https:\/\/acninternational.org\/es\/wp-json\/wp\/v2\/media\/115596"}],"wp:attachment":[{"href":"https:\/\/acninternational.org\/es\/wp-json\/wp\/v2\/media?parent=115595"}],"wp:term":[{"taxonomy":"category","embeddable":true,"href":"https:\/\/acninternational.org\/es\/wp-json\/wp\/v2\/categories?post=115595"},{"taxonomy":"post_tag","embeddable":true,"href":"https:\/\/acninternational.org\/es\/wp-json\/wp\/v2\/tags?post=115595"},{"taxonomy":"country","embeddable":true,"href":"https:\/\/acninternational.org\/es\/wp-json\/wp\/v2\/country?post=115595"}],"curies":[{"name":"wp","href":"https:\/\/api.w.org\/{rel}","templated":true}]}}