{"id":115505,"date":"2017-08-21T00:00:00","date_gmt":"2017-08-20T22:00:00","guid":{"rendered":"https:\/\/acninternational.org\/burkina-faso-ningun-credo-puede-justificar-la-violencia-y-aun-menos-invocar-su-fe-para-perpetrarla\/"},"modified":"2017-08-21T00:00:00","modified_gmt":"2017-08-20T22:00:00","slug":"burkina-faso-ningun-credo-puede-justificar-la-violencia-y-aun-menos-invocar-su-fe-para-perpetrarla","status":"publish","type":"post","link":"https:\/\/acninternational.org\/es\/burkina-faso-ningun-credo-puede-justificar-la-violencia-y-aun-menos-invocar-su-fe-para-perpetrarla\/","title":{"rendered":"BURKINA FASO: \u201cNing\u00fan credo puede justificar la violencia y a\u00fan menos invocar su fe para perpetrarla\u201d"},"content":{"rendered":"<p>[vc_row][vc_column][vc_column_text]<em>Rafael D\u2019Aqui, responsable de proyectos de la fundaci\u00f3n internacional ACN (Aid to the Church in Need) en Burkina Faso, visit\u00f3 el pa\u00eds africano recientemente para estudiar las necesidades de la iglesia local. En una entrevista realizada por Maria Lozano profundiza sobre la situaci\u00f3n del pa\u00eds despu\u00e9s del ataque terrorista del pasado 13 de Agosto que dej\u00f3 sin vida a 17 personas. A pesar de existir una creciente influencia de los pa\u00edses de la Pen\u00ednsula Ar\u00e1bica, la convivencia entre musulmanes aut\u00f3ctonos y cristianos es pac\u00edfica.\u00a0 <\/em>[\/vc_column_text][\/vc_column][\/vc_row][vc_row][vc_column][vc_single_image image=\u00bb9018&#8243; img_size=\u00bbmedium\u00bb][\/vc_column][\/vc_row][vc_row][vc_column][vc_column_text]<strong>Sr. D\u2019Aqu\u00ed, usted volvi\u00f3 hacer unas semanas de Burkina Faso, donde visit\u00f3 proyectos de ACN (Aid to the Church in Need). Durante la noche del domingo al lunes (13 al 14de agosto), un ataque a un restaurante de la capital Ouagadougou se cobr\u00f3 17 muertes. \u00bfSe sabe qui\u00e9n est\u00e1 detr\u00e1s del atentado? \u00bfHan declarado los colaboradores locales de proyectos de ACN algo sobre el ataque?<\/strong><\/p>\n<p>Es lamentable ver el pa\u00eds atacado de nuevo por la cat\u00e1strofe del terrorismo, una plaga dif\u00edcil de vencer. Hasta ahora no tenemos noticias de un grupo espec\u00edfico que haya asumido la responsabilidad del ataque. El presidente de la Conferencia Episcopal, Mons. Paul Y. Ouedraogo, se ha pronunciado oficialmente lamentando lo ocurrido y se\u00f1alando que \u201cning\u00fan credo puede justificar la violencia y a\u00fan menos invocar su fe para perpetrarla\u201d. Los obispos invitan a la oraci\u00f3n en favor de la unidad nacional y de la construcci\u00f3n de la paz.<\/p>\n<p><strong>No es la primera vez que el pa\u00eds est\u00e1 en el punto de mira de los yihadistas. Si bien antes hab\u00eda pocos casos de violencia islamista, ya el a\u00f1o pasado, concretamente el 16 de enero de 2016, \u00a0fueron asesinadas 30 personas en un atentado terrorista islamista en un restaurante y hotel de la capital, Ouagadougou. \u00bfTuvo miedo al viajar al pa\u00eds? <\/strong><\/p>\n<p>Yo hab\u00eda estado con anterioridad en el 2008 en el pa\u00eds y me ha llamado la atenci\u00f3n el aumento de las medidas de seguridad especialmente para los que viajan. El atentado terrorista de 2016, atribuido a AQMI (Al Qaida del Magreb Isl\u00e1mico) ten\u00eda como objetivo atacar sobre todo a los extranjeros \u2013 el hotel y el restaurante eran conocidos por su p\u00fablico internacional. As\u00ed mismo, se cree que los terroristas del lunes pasado buscaban llamar la atenci\u00f3n internacional ya que muchos de los fallecidos eran extranjeros\u2026 Durante nuestro reciente viaje hemos estado en zonas de riesgo como Djibasso y Dori en la frontera con Mali y N\u00edger, all\u00ed hab\u00eda tambi\u00e9n muchos controles en las carreteras. Me imagino que ahora aumentar\u00e1n todav\u00eda m\u00e1s la vigilancia pero se sabe que al final el terrorista puede ser tu vecino o alguien que se radicaliz\u00f3 en silencio a tu lado. Esto es muy triste. Hay que unirse contra la radicalizaci\u00f3n. Sin embargo no creo que estos terribles sucesos hayan cambiado la buena relaci\u00f3n entre cristianos y musulmanes nativos. La reacci\u00f3n de los musulmanes aut\u00f3ctonos\u00a0 antes estos actos de violencia es el rechazo del radicalismo.<\/p>\n<p><strong>\u00bfC\u00f3mo ha reaccionado la comunidad cristiana?\u00a0 \u00bfHa cambiado quiz\u00e1 la situaci\u00f3n despu\u00e9s de este \u00faltimo atentado? <\/strong><\/p>\n<p>Me ha impresionado lo que ha dicho Mons. Leopold Ouedraogo, obispo auxiliar de Ouagadougou, el martes 15 de agosto\u00a0 &#8211; dos d\u00edas despu\u00e9s del atentado-\u00a0 con ocasi\u00f3n de la celebraci\u00f3n de la Asunci\u00f3n en Yagma, el santuario mariano m\u00e1s grande del pa\u00eds. Acudieron miles de personas reunidas para celebrar su fe despu\u00e9s del tr\u00e1gico ataque. Mons. Leopold manifest\u00f3 su alegr\u00eda por ver que \u00a0muchos \u201cno tienen miedo a los que matan el cuerpo, pero no pueden matar el alma\u201d y declar\u00f3: \u00abAlgunos podr\u00edan pensar que los \u00faltimos acontecimientos del 13 de agosto nos pueden bajar el \u00e1nimo, pero estamos aqu\u00ed porque \u2018si el Se\u00f1or no construye la casa, en vano se cansan los constructores\u2019. Y si el Se\u00f1or est\u00e1 con nosotros, no tenemos miedo de nada. A las familias de las v\u00edctimas dedicamos un mensaje de compasi\u00f3n. Sufrimos con ellos y esperamos que mediante nuestras oraciones el Se\u00f1or &#8211; que es un juez justo &#8211; les llevar\u00e1 al reino eterno porque no se merecen esto\u00bb.<\/p>\n<p><strong>Para muchos europeos y americanos, Burkina Faso es un pa\u00eds muy desconocido. \u00bfQu\u00e9 m\u00e1s se\u00f1alar\u00eda para describir al pa\u00eds?<\/strong><\/p>\n<p>Tengo que decir que Burkina Faso es un pa\u00eds de gente muy pac\u00edfica, trabajadora y muy acogedora. Aunque tambi\u00e9n es un pa\u00eds en \u00c1frica Occidental que lucha contra enormes retos: la pobreza, escasez de agua y falta de infraestructuras son visibles. Si observamos las estad\u00edsticas de la ONU, es uno de los pa\u00edses m\u00e1s pobres del mundo, con baj\u00edsimo \u00edndice de desarrollo humano, lo que se traduce en baja expectativa de vida y escasa escolarizaci\u00f3n.<\/p>\n<p><strong>El 62% de los burkineses son musulmanes. Usted dec\u00eda que la convivencia es, en realidad, pac\u00edfica. Pero tambi\u00e9n hablaba del peligro de la radicalizaci\u00f3n. \u00bfPueden verse en el pa\u00eds huellas de la radicalizaci\u00f3n del Islam? \u00bfHay diferencias entre el norte y el oeste?<\/strong><\/p>\n<p>Yo dir\u00eda que m\u00e1s que radicalizaci\u00f3n lo que se da en verdad es un lento proceso de arabizaci\u00f3n (que es una tendencia) entre las nuevas generaciones. Hay muchas ofertas por parte de\u00a0 los pa\u00edses de la Pen\u00ednsula Ar\u00e1bica sobre todo para\u00a0 pa\u00edses pobres como Burkina, por ejemplo en forma de becas de estudio o de trabajo. En un pa\u00eds con 60% de poblaci\u00f3n musulmana la influencia de los pa\u00edses isl\u00e1micos es grande. Hay organizaciones no gubernamentales venidas de Qatar, Kuwait y otros pa\u00edses de la regi\u00f3n que intentan apoyar al desarrollo social pero, he o\u00eddo, que con su ayuda social exportan tambi\u00e9n su ideolog\u00eda y su interpretaci\u00f3n del Cor\u00e1n. Ofrecen pozos de agua, construcci\u00f3n de mezquitas o ayuda a los m\u00e1s pobres, pero concentran su ayuda exclusivamente en los musulmanes. En la parte occidental de Burkina los cristianos tienen m\u00e1s presencia, pero en el norte son s\u00f3lo alrededor del 1% de la poblaci\u00f3n \u2013 aunque con buena presencia en el campo de la salud y de la educaci\u00f3n a trav\u00e9s de distintas congregaciones religiosas que obran ah\u00ed un servicio que adem\u00e1s es para toda la sociedad y no solamente para los cristianos.<\/p>\n<p><strong>En 2014 y 2015, la vida pol\u00edtica y social en Burkina Faso estuvo marcada por fuertes disturbios pol\u00edticos. Se produjeron situaciones tensas entre la ca\u00edda del presidente Blaise Compaor\u00e9, que hab\u00eda gobernado el pa\u00eds durante 27 a\u00f1os, y la elecci\u00f3n del nuevo presidente Kabor\u00e9. \u00bfSe ha estabilizado la situaci\u00f3n en el pa\u00eds definitivamente? <\/strong><\/p>\n<p>Exactamente, a finales de 2015 el Presidente Kabor\u00e9 asumi\u00f3 el gobierno despu\u00e9s de un tiempo muy conturbado. Es verdad que todav\u00eda hay muchas expectativas de parte del pueblo que sali\u00f3 a las calles para pedir un cambio en la pol\u00edtica nacional \u2013 las cuales siguen incumplidas &#8211; pero no se ven m\u00e1s manifestaciones de gente en las calles por el momento. Espero que la democracia despliegue sus ra\u00edces en la vida del pa\u00eds. En eso creo que los cristianos pueden ayudar positivamente con el contenido de la Doctrina Social de la Iglesia, que har\u00eda mucho bien a todos. Por cierto, hay que tener en cuenta que el\u00a0 reciente ataque terrorista es tambi\u00e9n un factor desestabilizante para la pol\u00edtica y la econom\u00eda del pa\u00eds.<\/p>\n<p><strong>En todo el pa\u00eds, se confiesan cristianos el 23% de la poblaci\u00f3n; el 19% son cat\u00f3licos. \u00bfC\u00f3mo es considerada la Iglesia cat\u00f3lica en el pa\u00eds?<\/strong><\/p>\n<p>Como he mencionado brevemente, la Iglesia hace una labor incre\u00edble y es palpable que est\u00e1 en servicio de todos. He visto que en los centros de salud atienden a personas de distintas religiones que buscan servicios de calidad y una atenci\u00f3n m\u00e1s \u201chumana\u201d, lo que muchos centros de salud p\u00fablica no pueden ofrecer. Pero tambi\u00e9n en el campo de la educaci\u00f3n la presencia de la Iglesia en distintos lugares es muy importante. Incluso en el norte, donde los cat\u00f3licos est\u00e1n reducidos al 1%, la Iglesia tiene importantes complejos educativos al servicio de la infancia, con una mirada especial para los m\u00e1s pobres y las ni\u00f1as.<\/p>\n<p><strong>\u00bfPor qu\u00e9 para las ni\u00f1as? <\/strong><\/p>\n<p>Lamentablemente en el pa\u00eds a\u00fan se dan los matrimonios precoces y la violencia contra la mujer. La prevenci\u00f3n del problema est\u00e1 en la educaci\u00f3n. Por eso en muchos sitios la Iglesia intenta proteger a las ni\u00f1as ofreci\u00e9ndoles la posibilidad de formarse en un internado. La Iglesia Cat\u00f3lica de Burkina Faso se esfuerza por llamar la atenci\u00f3n a la sociedad sobre la condici\u00f3n de la mujer.<\/p>\n<p><strong>Sin embargo, en el norte del pa\u00eds los musulmanes tienen casi la mayor\u00eda absoluta. \u00bfC\u00f3mo fue el encuentro con la minor\u00eda cat\u00f3lica en el norte durante su visita? \u00bfQu\u00e9 es lo que m\u00e1s le ha llamado la atenci\u00f3n?<\/strong><\/p>\n<p>Los encuentros que tuvimos en la di\u00f3cesis de Dori \u2013 en la frontera entre Mali y N\u00edger \u2013 fueron maravillosos. \u00a1Cu\u00e1nta alegr\u00eda y fe en medio del desierto! Al final de la misa del domingo en la catedral bailamos todos,\u00a0 obispo y fieles, para agradecer a Dios las vocaciones sacerdotales que van saliendo. Es un tema que acompa\u00f1amos desde hace a\u00f1os en esta nueva di\u00f3cesis donde los cat\u00f3licos son minoritarios. \u00a1Qu\u00e9 dicha saber que este a\u00f1o tuvieron cuatro ordenaciones sacerdotales! \u00a1Qu\u00e9 activos son los fieles! La poblaci\u00f3n cat\u00f3lica est\u00e1 muy dispersa por el territorio y muchas veces un poco aislada del resto del pa\u00eds, pero tienen un fuerte esp\u00edritu de ayuda y preocupaci\u00f3n por servir a la sociedad. El obispo es presidente de la Uni\u00f3n de Creyentes, una organizaci\u00f3n integrada por musulmanes, animistas y cristianos que se encarga de llevar a cabo proyectos sociales interreligiosos desarrollo.<\/p>\n<p><strong>\u00bfCu\u00e1l fue el momento del viaje personalmente m\u00e1s emoci\u00f3nate para usted?<\/strong><\/p>\n<p>He vivido muchos momentos emocionalmente fuertes pero por nombrar uno: en la di\u00f3cesis de Tenkodogo me impresion\u00f3 ver el efecto que tienen las construcciones de capillitas en los poblados. Visitamos dos comunidades en donde ACN ha participado en la construcci\u00f3n de sus peque\u00f1as iglesias. Fue hermoso: en la primera asistimos a la misa a las 6 de la ma\u00f1ana y hab\u00eda como 200 personas &#8211; \u00a1de todas las edades!- y participamos en el bautismo de la peque\u00f1a Juliette, una beb\u00e9 de seis semanas. En el otro poblado vimos como cien personas trabajando el campo al lado de la iglesia todav\u00eda en construcci\u00f3n. Pregunt\u00e9 al obispo qu\u00e9 hac\u00eda toda esa gente y me contest\u00f3: \u201cEse es el campo del catequista, y la gente quiere tanto a su catequista que se ponen de acuerdo para preparar el suelo para la siembra\u201d. Araban con palas y lo hac\u00edan con cantos y mucha alegr\u00eda. Despu\u00e9s vino el jefe del poblado tambi\u00e9n, que sin ser cat\u00f3lico va todos los d\u00edas a mirar c\u00f3mo anda la labor de construcci\u00f3n de la iglesia, pues \u201ccuando llega la Iglesia llega tambi\u00e9n el desarrollo para el pueblo\u201d. En ambas comunidades la gente &#8211; antes de contar con su iglesita \u2013 ten\u00eda que hacer muchos kil\u00f3metros a pie para participar en la misa.<\/p>\n<p><strong>\u00bfQu\u00e9 labor desarrolla ACN en Burkina Faso? \u00bfC\u00f3mo apoya ACN a la Iglesia cat\u00f3lica in situ?<\/strong><\/p>\n<p>Nosotros en ACN compartimos cuatro grandes ejes de preocupaciones con la Iglesia en Burkina: la pastoral familiar, la formaci\u00f3n de formadores, la vida de oraci\u00f3n y contemplativa y el apoyo a las congregaciones religiosas. Me explico: la pastoral familiar porque en un pa\u00eds pobre como este, muchas organizaciones internacionales lo que intentan es imponer su agenda contraria a la cultura de la vida; para nosotros es importante formar familias seg\u00fan la mentalidad del evangelio: abiertas a la vida, responsables de la educaci\u00f3n de sus hijos y donde los j\u00f3venes descubran el verdadero valor de la sexualidad.<\/p>\n<p>Por otra parte la presencia de sacerdotes y religiosas en los poblados es un tesoro y por eso intentamos apoyarles con una buena formaci\u00f3n para que ejerciten bien su ministerio. As\u00ed mismo no podemos olvidar que en medio de tanta pobreza es necesario tambi\u00e9n crear espacios de oraci\u00f3n o simplemente de reposo espiritual que ofrezcan a la poblaci\u00f3n y a los misioneros una oportunidad de \u201crecargar las bater\u00edas del alma\u201d para el cotidiano.<\/p>\n<p>Tengo que decir que hemos recibido mucha gratitud por donde hemos pasado. Gratitud que quiero transmitir a todos los benefactores. Una an\u00e9cdota curiosa es que para agradecer a nuestros bienhechores las comunidades de Tenkodogo nos regalaron diez gallinas. Lamentablemente, no pude traerlas en el avi\u00f3n para tenerlas conmigo aqu\u00ed en la oficina.[\/vc_column_text][\/vc_column][\/vc_row]<\/p>\n","protected":false},"excerpt":{"rendered":"<p>[vc_row][vc_column][vc_column_text]Rafael D\u2019Aqui, responsable de proyectos de la fundaci\u00f3n internacional ACN (Aid to the Church in Need) en Burkina Faso, visit\u00f3<\/p>\n","protected":false},"author":1,"featured_media":115506,"comment_status":"open","ping_status":"open","sticky":false,"template":"","format":"standard","meta":{"_acf_changed":false,"_acn_coauthor_ids":[],"_acn_featured_article":false,"footnotes":""},"categories":[745],"tags":[],"country":[],"class_list":["post-115505","post","type-post","status-publish","format-standard","has-post-thumbnail","hentry","category-entrevistas"],"acn_coauthors":[],"acf":[],"yoast_head":"<!-- This site is optimized with the Yoast SEO Premium plugin v27.5 (Yoast SEO v27.5) - https:\/\/yoast.com\/product\/yoast-seo-premium-wordpress\/ -->\n<title>BURKINA FASO: \u201cNing\u00fan credo puede justificar la violencia y a\u00fan menos invocar su fe para perpetrarla\u201d | ACN International<\/title>\n<meta name=\"robots\" content=\"index, follow, max-snippet:-1, max-image-preview:large, max-video-preview:-1\" \/>\n<link rel=\"canonical\" href=\"https:\/\/acninternational.org\/es\/burkina-faso-ningun-credo-puede-justificar-la-violencia-y-aun-menos-invocar-su-fe-para-perpetrarla\/\" \/>\n<meta property=\"og:locale\" content=\"es_ES\" \/>\n<meta property=\"og:type\" content=\"article\" \/>\n<meta property=\"og:title\" content=\"BURKINA FASO: \u201cNing\u00fan credo puede justificar la violencia y a\u00fan menos invocar su fe para perpetrarla\u201d\" \/>\n<meta property=\"og:description\" content=\"[vc_row][vc_column][vc_column_text]Rafael D\u2019Aqui, responsable de proyectos de la fundaci\u00f3n internacional ACN (Aid to the Church in Need) en Burkina Faso, visit\u00f3\" \/>\n<meta property=\"og:url\" content=\"https:\/\/acninternational.org\/es\/burkina-faso-ningun-credo-puede-justificar-la-violencia-y-aun-menos-invocar-su-fe-para-perpetrarla\/\" \/>\n<meta property=\"og:site_name\" content=\"ACN International\" \/>\n<meta property=\"article:publisher\" content=\"https:\/\/www.facebook.com\/acninternationalorg\" \/>\n<meta property=\"article:published_time\" content=\"2017-08-20T22:00:00+00:00\" \/>\n<meta property=\"og:image\" content=\"https:\/\/media.acninternational.org\/wp-content\/uploads\/2019\/11\/BURKINA-FASO-%E2%80%9CNing%C3%BAn-credo-puede-justificar-la-violencia-y-a%C3%BAn-menos-invocar-su-fe-para-perpetrarla%E2%80%9D-image.jpg\" \/>\n\t<meta property=\"og:image:width\" content=\"1980\" \/>\n\t<meta property=\"og:image:height\" content=\"800\" \/>\n\t<meta property=\"og:image:type\" content=\"image\/jpeg\" \/>\n<meta name=\"author\" content=\"admin_acn\" \/>\n<meta name=\"twitter:card\" content=\"summary_large_image\" \/>\n<meta name=\"twitter:creator\" content=\"@acn_int\" \/>\n<meta name=\"twitter:site\" content=\"@acn_int\" \/>\n<meta name=\"twitter:label1\" content=\"Escrito por\" \/>\n\t<meta name=\"twitter:data1\" content=\"admin_acn\" \/>\n\t<meta name=\"twitter:label2\" content=\"Tiempo de lectura\" \/>\n\t<meta name=\"twitter:data2\" content=\"11 minutos\" \/>\n<script type=\"application\/ld+json\" class=\"yoast-schema-graph\">{\"@context\":\"https:\\\/\\\/schema.org\",\"@graph\":[{\"@type\":\"Article\",\"@id\":\"https:\\\/\\\/acninternational.org\\\/es\\\/burkina-faso-ningun-credo-puede-justificar-la-violencia-y-aun-menos-invocar-su-fe-para-perpetrarla\\\/#article\",\"isPartOf\":{\"@id\":\"https:\\\/\\\/acninternational.org\\\/es\\\/burkina-faso-ningun-credo-puede-justificar-la-violencia-y-aun-menos-invocar-su-fe-para-perpetrarla\\\/\"},\"author\":{\"name\":\"admin_acn\",\"@id\":\"https:\\\/\\\/acninternational.org\\\/es\\\/#\\\/schema\\\/person\\\/5a7468d38fb12b1976b6eeda95c21ebc\"},\"headline\":\"BURKINA FASO: \u201cNing\u00fan credo puede justificar la violencia y a\u00fan menos invocar su fe para perpetrarla\u201d\",\"datePublished\":\"2017-08-20T22:00:00+00:00\",\"mainEntityOfPage\":{\"@id\":\"https:\\\/\\\/acninternational.org\\\/es\\\/burkina-faso-ningun-credo-puede-justificar-la-violencia-y-aun-menos-invocar-su-fe-para-perpetrarla\\\/\"},\"wordCount\":2268,\"commentCount\":0,\"publisher\":{\"@id\":\"https:\\\/\\\/acninternational.org\\\/es\\\/#organization\"},\"image\":{\"@id\":\"https:\\\/\\\/acninternational.org\\\/es\\\/burkina-faso-ningun-credo-puede-justificar-la-violencia-y-aun-menos-invocar-su-fe-para-perpetrarla\\\/#primaryimage\"},\"thumbnailUrl\":\"https:\\\/\\\/media.acninternational.org\\\/wp-content\\\/uploads\\\/2019\\\/11\\\/BURKINA-FASO-%E2%80%9CNing%C3%BAn-credo-puede-justificar-la-violencia-y-a%C3%BAn-menos-invocar-su-fe-para-perpetrarla%E2%80%9D-image.jpg\",\"articleSection\":[\"ENTREVISTAS\"],\"inLanguage\":\"es\",\"potentialAction\":[{\"@type\":\"CommentAction\",\"name\":\"Comment\",\"target\":[\"https:\\\/\\\/acninternational.org\\\/es\\\/burkina-faso-ningun-credo-puede-justificar-la-violencia-y-aun-menos-invocar-su-fe-para-perpetrarla\\\/#respond\"]}]},{\"@type\":\"WebPage\",\"@id\":\"https:\\\/\\\/acninternational.org\\\/es\\\/burkina-faso-ningun-credo-puede-justificar-la-violencia-y-aun-menos-invocar-su-fe-para-perpetrarla\\\/\",\"url\":\"https:\\\/\\\/acninternational.org\\\/es\\\/burkina-faso-ningun-credo-puede-justificar-la-violencia-y-aun-menos-invocar-su-fe-para-perpetrarla\\\/\",\"name\":\"BURKINA FASO: \u201cNing\u00fan credo puede justificar la violencia y a\u00fan menos invocar su fe para perpetrarla\u201d | ACN International\",\"isPartOf\":{\"@id\":\"https:\\\/\\\/acninternational.org\\\/es\\\/#website\"},\"primaryImageOfPage\":{\"@id\":\"https:\\\/\\\/acninternational.org\\\/es\\\/burkina-faso-ningun-credo-puede-justificar-la-violencia-y-aun-menos-invocar-su-fe-para-perpetrarla\\\/#primaryimage\"},\"image\":{\"@id\":\"https:\\\/\\\/acninternational.org\\\/es\\\/burkina-faso-ningun-credo-puede-justificar-la-violencia-y-aun-menos-invocar-su-fe-para-perpetrarla\\\/#primaryimage\"},\"thumbnailUrl\":\"https:\\\/\\\/media.acninternational.org\\\/wp-content\\\/uploads\\\/2019\\\/11\\\/BURKINA-FASO-%E2%80%9CNing%C3%BAn-credo-puede-justificar-la-violencia-y-a%C3%BAn-menos-invocar-su-fe-para-perpetrarla%E2%80%9D-image.jpg\",\"datePublished\":\"2017-08-20T22:00:00+00:00\",\"breadcrumb\":{\"@id\":\"https:\\\/\\\/acninternational.org\\\/es\\\/burkina-faso-ningun-credo-puede-justificar-la-violencia-y-aun-menos-invocar-su-fe-para-perpetrarla\\\/#breadcrumb\"},\"inLanguage\":\"es\",\"potentialAction\":[{\"@type\":\"ReadAction\",\"target\":[\"https:\\\/\\\/acninternational.org\\\/es\\\/burkina-faso-ningun-credo-puede-justificar-la-violencia-y-aun-menos-invocar-su-fe-para-perpetrarla\\\/\"]}]},{\"@type\":\"ImageObject\",\"inLanguage\":\"es\",\"@id\":\"https:\\\/\\\/acninternational.org\\\/es\\\/burkina-faso-ningun-credo-puede-justificar-la-violencia-y-aun-menos-invocar-su-fe-para-perpetrarla\\\/#primaryimage\",\"url\":\"https:\\\/\\\/media.acninternational.org\\\/wp-content\\\/uploads\\\/2019\\\/11\\\/BURKINA-FASO-%E2%80%9CNing%C3%BAn-credo-puede-justificar-la-violencia-y-a%C3%BAn-menos-invocar-su-fe-para-perpetrarla%E2%80%9D-image.jpg\",\"contentUrl\":\"https:\\\/\\\/media.acninternational.org\\\/wp-content\\\/uploads\\\/2019\\\/11\\\/BURKINA-FASO-%E2%80%9CNing%C3%BAn-credo-puede-justificar-la-violencia-y-a%C3%BAn-menos-invocar-su-fe-para-perpetrarla%E2%80%9D-image.jpg\",\"width\":1980,\"height\":800,\"caption\":\"BURKINA FASO: \u201cNing\u00fan credo puede justificar la violencia y a\u00fan menos invocar su fe para perpetrarla\u201d\"},{\"@type\":\"BreadcrumbList\",\"@id\":\"https:\\\/\\\/acninternational.org\\\/es\\\/burkina-faso-ningun-credo-puede-justificar-la-violencia-y-aun-menos-invocar-su-fe-para-perpetrarla\\\/#breadcrumb\",\"itemListElement\":[{\"@type\":\"ListItem\",\"position\":1,\"name\":\"Home\",\"item\":\"https:\\\/\\\/acninternational.org\\\/es\\\/\"},{\"@type\":\"ListItem\",\"position\":2,\"name\":\"ENTREVISTAS\",\"item\":\"https:\\\/\\\/acninternational.org\\\/es\\\/category\\\/entrevistas\\\/\"},{\"@type\":\"ListItem\",\"position\":3,\"name\":\"BURKINA FASO: \u201cNing\u00fan credo puede justificar la violencia y a\u00fan menos invocar su fe para perpetrarla\u201d\"}]},{\"@type\":\"WebSite\",\"@id\":\"https:\\\/\\\/acninternational.org\\\/es\\\/#website\",\"url\":\"https:\\\/\\\/acninternational.org\\\/es\\\/\",\"name\":\"ACN International\",\"description\":\"\",\"publisher\":{\"@id\":\"https:\\\/\\\/acninternational.org\\\/es\\\/#organization\"},\"potentialAction\":[{\"@type\":\"SearchAction\",\"target\":{\"@type\":\"EntryPoint\",\"urlTemplate\":\"https:\\\/\\\/acninternational.org\\\/es\\\/?s={search_term_string}\"},\"query-input\":{\"@type\":\"PropertyValueSpecification\",\"valueRequired\":true,\"valueName\":\"search_term_string\"}}],\"inLanguage\":\"es\"},{\"@type\":\"Organization\",\"@id\":\"https:\\\/\\\/acninternational.org\\\/es\\\/#organization\",\"name\":\"Aid to the Church in Need International\",\"url\":\"https:\\\/\\\/acninternational.org\\\/es\\\/\",\"logo\":{\"@type\":\"ImageObject\",\"inLanguage\":\"es\",\"@id\":\"https:\\\/\\\/acninternational.org\\\/es\\\/#\\\/schema\\\/logo\\\/image\\\/\",\"url\":\"https:\\\/\\\/media.acninternational.org\\\/wp-content\\\/uploads\\\/2019\\\/11\\\/acn_logo_blackvector.svg\",\"contentUrl\":\"https:\\\/\\\/media.acninternational.org\\\/wp-content\\\/uploads\\\/2019\\\/11\\\/acn_logo_blackvector.svg\",\"width\":232.6,\"height\":78,\"caption\":\"Aid to the Church in Need International\"},\"image\":{\"@id\":\"https:\\\/\\\/acninternational.org\\\/es\\\/#\\\/schema\\\/logo\\\/image\\\/\"},\"sameAs\":[\"https:\\\/\\\/www.facebook.com\\\/acninternationalorg\",\"https:\\\/\\\/x.com\\\/acn_int\",\"https:\\\/\\\/www.youtube.com\\\/channel\\\/UCQ-077gS0TnVzkhHmf1opZw\",\"https:\\\/\\\/www.instagram.com\\\/acn_international\\\/\"]},{\"@type\":\"Person\",\"@id\":\"https:\\\/\\\/acninternational.org\\\/es\\\/#\\\/schema\\\/person\\\/5a7468d38fb12b1976b6eeda95c21ebc\",\"name\":\"admin_acn\",\"url\":\"https:\\\/\\\/acninternational.org\\\/es\\\/author\\\/admin_acn\\\/\"}]}<\/script>\n<!-- \/ Yoast SEO Premium plugin. -->","yoast_head_json":{"title":"BURKINA FASO: \u201cNing\u00fan credo puede justificar la violencia y a\u00fan menos invocar su fe para perpetrarla\u201d | ACN International","robots":{"index":"index","follow":"follow","max-snippet":"max-snippet:-1","max-image-preview":"max-image-preview:large","max-video-preview":"max-video-preview:-1"},"canonical":"https:\/\/acninternational.org\/es\/burkina-faso-ningun-credo-puede-justificar-la-violencia-y-aun-menos-invocar-su-fe-para-perpetrarla\/","og_locale":"es_ES","og_type":"article","og_title":"BURKINA FASO: \u201cNing\u00fan credo puede justificar la violencia y a\u00fan menos invocar su fe para perpetrarla\u201d","og_description":"[vc_row][vc_column][vc_column_text]Rafael D\u2019Aqui, responsable de proyectos de la fundaci\u00f3n internacional ACN (Aid to the Church in Need) en Burkina Faso, visit\u00f3","og_url":"https:\/\/acninternational.org\/es\/burkina-faso-ningun-credo-puede-justificar-la-violencia-y-aun-menos-invocar-su-fe-para-perpetrarla\/","og_site_name":"ACN International","article_publisher":"https:\/\/www.facebook.com\/acninternationalorg","article_published_time":"2017-08-20T22:00:00+00:00","og_image":[{"width":1980,"height":800,"url":"https:\/\/media.acninternational.org\/wp-content\/uploads\/2019\/11\/BURKINA-FASO-%E2%80%9CNing%C3%BAn-credo-puede-justificar-la-violencia-y-a%C3%BAn-menos-invocar-su-fe-para-perpetrarla%E2%80%9D-image.jpg","type":"image\/jpeg"}],"author":"admin_acn","twitter_card":"summary_large_image","twitter_creator":"@acn_int","twitter_site":"@acn_int","twitter_misc":{"Escrito por":"admin_acn","Tiempo de lectura":"11 minutos"},"schema":{"@context":"https:\/\/schema.org","@graph":[{"@type":"Article","@id":"https:\/\/acninternational.org\/es\/burkina-faso-ningun-credo-puede-justificar-la-violencia-y-aun-menos-invocar-su-fe-para-perpetrarla\/#article","isPartOf":{"@id":"https:\/\/acninternational.org\/es\/burkina-faso-ningun-credo-puede-justificar-la-violencia-y-aun-menos-invocar-su-fe-para-perpetrarla\/"},"author":{"name":"admin_acn","@id":"https:\/\/acninternational.org\/es\/#\/schema\/person\/5a7468d38fb12b1976b6eeda95c21ebc"},"headline":"BURKINA FASO: \u201cNing\u00fan credo puede justificar la violencia y a\u00fan menos invocar su fe para perpetrarla\u201d","datePublished":"2017-08-20T22:00:00+00:00","mainEntityOfPage":{"@id":"https:\/\/acninternational.org\/es\/burkina-faso-ningun-credo-puede-justificar-la-violencia-y-aun-menos-invocar-su-fe-para-perpetrarla\/"},"wordCount":2268,"commentCount":0,"publisher":{"@id":"https:\/\/acninternational.org\/es\/#organization"},"image":{"@id":"https:\/\/acninternational.org\/es\/burkina-faso-ningun-credo-puede-justificar-la-violencia-y-aun-menos-invocar-su-fe-para-perpetrarla\/#primaryimage"},"thumbnailUrl":"https:\/\/media.acninternational.org\/wp-content\/uploads\/2019\/11\/BURKINA-FASO-%E2%80%9CNing%C3%BAn-credo-puede-justificar-la-violencia-y-a%C3%BAn-menos-invocar-su-fe-para-perpetrarla%E2%80%9D-image.jpg","articleSection":["ENTREVISTAS"],"inLanguage":"es","potentialAction":[{"@type":"CommentAction","name":"Comment","target":["https:\/\/acninternational.org\/es\/burkina-faso-ningun-credo-puede-justificar-la-violencia-y-aun-menos-invocar-su-fe-para-perpetrarla\/#respond"]}]},{"@type":"WebPage","@id":"https:\/\/acninternational.org\/es\/burkina-faso-ningun-credo-puede-justificar-la-violencia-y-aun-menos-invocar-su-fe-para-perpetrarla\/","url":"https:\/\/acninternational.org\/es\/burkina-faso-ningun-credo-puede-justificar-la-violencia-y-aun-menos-invocar-su-fe-para-perpetrarla\/","name":"BURKINA FASO: \u201cNing\u00fan credo puede justificar la violencia y a\u00fan menos invocar su fe para perpetrarla\u201d | ACN International","isPartOf":{"@id":"https:\/\/acninternational.org\/es\/#website"},"primaryImageOfPage":{"@id":"https:\/\/acninternational.org\/es\/burkina-faso-ningun-credo-puede-justificar-la-violencia-y-aun-menos-invocar-su-fe-para-perpetrarla\/#primaryimage"},"image":{"@id":"https:\/\/acninternational.org\/es\/burkina-faso-ningun-credo-puede-justificar-la-violencia-y-aun-menos-invocar-su-fe-para-perpetrarla\/#primaryimage"},"thumbnailUrl":"https:\/\/media.acninternational.org\/wp-content\/uploads\/2019\/11\/BURKINA-FASO-%E2%80%9CNing%C3%BAn-credo-puede-justificar-la-violencia-y-a%C3%BAn-menos-invocar-su-fe-para-perpetrarla%E2%80%9D-image.jpg","datePublished":"2017-08-20T22:00:00+00:00","breadcrumb":{"@id":"https:\/\/acninternational.org\/es\/burkina-faso-ningun-credo-puede-justificar-la-violencia-y-aun-menos-invocar-su-fe-para-perpetrarla\/#breadcrumb"},"inLanguage":"es","potentialAction":[{"@type":"ReadAction","target":["https:\/\/acninternational.org\/es\/burkina-faso-ningun-credo-puede-justificar-la-violencia-y-aun-menos-invocar-su-fe-para-perpetrarla\/"]}]},{"@type":"ImageObject","inLanguage":"es","@id":"https:\/\/acninternational.org\/es\/burkina-faso-ningun-credo-puede-justificar-la-violencia-y-aun-menos-invocar-su-fe-para-perpetrarla\/#primaryimage","url":"https:\/\/media.acninternational.org\/wp-content\/uploads\/2019\/11\/BURKINA-FASO-%E2%80%9CNing%C3%BAn-credo-puede-justificar-la-violencia-y-a%C3%BAn-menos-invocar-su-fe-para-perpetrarla%E2%80%9D-image.jpg","contentUrl":"https:\/\/media.acninternational.org\/wp-content\/uploads\/2019\/11\/BURKINA-FASO-%E2%80%9CNing%C3%BAn-credo-puede-justificar-la-violencia-y-a%C3%BAn-menos-invocar-su-fe-para-perpetrarla%E2%80%9D-image.jpg","width":1980,"height":800,"caption":"BURKINA FASO: \u201cNing\u00fan credo puede justificar la violencia y a\u00fan menos invocar su fe para perpetrarla\u201d"},{"@type":"BreadcrumbList","@id":"https:\/\/acninternational.org\/es\/burkina-faso-ningun-credo-puede-justificar-la-violencia-y-aun-menos-invocar-su-fe-para-perpetrarla\/#breadcrumb","itemListElement":[{"@type":"ListItem","position":1,"name":"Home","item":"https:\/\/acninternational.org\/es\/"},{"@type":"ListItem","position":2,"name":"ENTREVISTAS","item":"https:\/\/acninternational.org\/es\/category\/entrevistas\/"},{"@type":"ListItem","position":3,"name":"BURKINA FASO: \u201cNing\u00fan credo puede justificar la violencia y a\u00fan menos invocar su fe para perpetrarla\u201d"}]},{"@type":"WebSite","@id":"https:\/\/acninternational.org\/es\/#website","url":"https:\/\/acninternational.org\/es\/","name":"ACN International","description":"","publisher":{"@id":"https:\/\/acninternational.org\/es\/#organization"},"potentialAction":[{"@type":"SearchAction","target":{"@type":"EntryPoint","urlTemplate":"https:\/\/acninternational.org\/es\/?s={search_term_string}"},"query-input":{"@type":"PropertyValueSpecification","valueRequired":true,"valueName":"search_term_string"}}],"inLanguage":"es"},{"@type":"Organization","@id":"https:\/\/acninternational.org\/es\/#organization","name":"Aid to the Church in Need International","url":"https:\/\/acninternational.org\/es\/","logo":{"@type":"ImageObject","inLanguage":"es","@id":"https:\/\/acninternational.org\/es\/#\/schema\/logo\/image\/","url":"https:\/\/media.acninternational.org\/wp-content\/uploads\/2019\/11\/acn_logo_blackvector.svg","contentUrl":"https:\/\/media.acninternational.org\/wp-content\/uploads\/2019\/11\/acn_logo_blackvector.svg","width":232.6,"height":78,"caption":"Aid to the Church in Need International"},"image":{"@id":"https:\/\/acninternational.org\/es\/#\/schema\/logo\/image\/"},"sameAs":["https:\/\/www.facebook.com\/acninternationalorg","https:\/\/x.com\/acn_int","https:\/\/www.youtube.com\/channel\/UCQ-077gS0TnVzkhHmf1opZw","https:\/\/www.instagram.com\/acn_international\/"]},{"@type":"Person","@id":"https:\/\/acninternational.org\/es\/#\/schema\/person\/5a7468d38fb12b1976b6eeda95c21ebc","name":"admin_acn","url":"https:\/\/acninternational.org\/es\/author\/admin_acn\/"}]}},"_links":{"self":[{"href":"https:\/\/acninternational.org\/es\/wp-json\/wp\/v2\/posts\/115505","targetHints":{"allow":["GET"]}}],"collection":[{"href":"https:\/\/acninternational.org\/es\/wp-json\/wp\/v2\/posts"}],"about":[{"href":"https:\/\/acninternational.org\/es\/wp-json\/wp\/v2\/types\/post"}],"author":[{"embeddable":true,"href":"https:\/\/acninternational.org\/es\/wp-json\/wp\/v2\/users\/1"}],"replies":[{"embeddable":true,"href":"https:\/\/acninternational.org\/es\/wp-json\/wp\/v2\/comments?post=115505"}],"version-history":[{"count":0,"href":"https:\/\/acninternational.org\/es\/wp-json\/wp\/v2\/posts\/115505\/revisions"}],"wp:featuredmedia":[{"embeddable":true,"href":"https:\/\/acninternational.org\/es\/wp-json\/wp\/v2\/media\/115506"}],"wp:attachment":[{"href":"https:\/\/acninternational.org\/es\/wp-json\/wp\/v2\/media?parent=115505"}],"wp:term":[{"taxonomy":"category","embeddable":true,"href":"https:\/\/acninternational.org\/es\/wp-json\/wp\/v2\/categories?post=115505"},{"taxonomy":"post_tag","embeddable":true,"href":"https:\/\/acninternational.org\/es\/wp-json\/wp\/v2\/tags?post=115505"},{"taxonomy":"country","embeddable":true,"href":"https:\/\/acninternational.org\/es\/wp-json\/wp\/v2\/country?post=115505"}],"curies":[{"name":"wp","href":"https:\/\/api.w.org\/{rel}","templated":true}]}}