{"id":114921,"date":"2017-06-23T00:00:00","date_gmt":"2017-06-22T22:00:00","guid":{"rendered":"https:\/\/acninternational.org\/el-santo-padre-a-los-obispos-de-venezuela-en-la-voz-de-ustedes-esta-la-voz-del-papa\/"},"modified":"2017-06-23T00:00:00","modified_gmt":"2017-06-22T22:00:00","slug":"el-santo-padre-a-los-obispos-de-venezuela-en-la-voz-de-ustedes-esta-la-voz-del-papa","status":"publish","type":"post","link":"https:\/\/acninternational.org\/es\/el-santo-padre-a-los-obispos-de-venezuela-en-la-voz-de-ustedes-esta-la-voz-del-papa\/","title":{"rendered":"El Santo Padre a los obispos de Venezuela: \u201cEn la voz de ustedes est\u00e1 la voz del Papa\u201d"},"content":{"rendered":"<p><strong><em>ACN entrevista a Mons. Moronta despu\u00e9s del encuentro privado del Papa con la Conferencia Episcopal de Venezuela<\/em><\/strong><\/p>\n<p><strong>\u201cFue una visita con car\u00e1cter de urgencia ante la situaci\u00f3n de crisis del pa\u00eds\u201d<\/strong><\/p>\n<p><strong>\u201cNo se puede construir la paz con el \u2018quietismo\u2019, de brazos cruzados. La reconciliaci\u00f3n es nuestra tarea\u201d<\/strong><\/p>\n<p>Tener una conversaci\u00f3n con el Papa cara a cara, mir\u00e1ndole a los ojos y detall\u00e1ndole c\u00f3mo est\u00e1 siendo el d\u00eda a d\u00eda de la crisis venezolana, fue el motivo principal del viaje a Roma de la directiva de la Conferencia Episcopal de Venezuela quienes fueron recibidos por el Santo Padre en una audiencia privada el pasado 8 de junio. \u201cFue una visita que se decidi\u00f3 con muy poco tiempo de antelaci\u00f3n por el car\u00e1cter de urgencia que ten\u00eda\u201d, asegura Mons. Mario Moronta, obispo de San Crist\u00f3bal, quien formaba parte del grupo representante de la Conferencia Episcopal del pa\u00eds. \u201cAntes de comprar los billetes de avi\u00f3n a Italia preguntamos si nos podr\u00eda recibir el Santo Padre. Se tuvieron que cambiar las agendas por ambas partes pero el Papa mostr\u00f3 en todo momento su m\u00e1xima disponibilidad e inter\u00e9s\u201d, detalla el prelado en una entrevista concedida a la fundaci\u00f3n \u2018Ayuda a la Iglesia Necesitada\u2019 durante su visita a K\u00f6nigstein. \u201cEn un principio nos citaron a las 10.30 horas de la ma\u00f1ana, pero luego adelantaron la cita para tener m\u00e1s tiempo y hablar con calma. Estuvimos 50 minutos juntos, cuando lo normal en las audiencias son 20 minutos m\u00e1s o menos. El Papa quer\u00eda escucharnos y que le escuch\u00e1ramos\u201d.<\/p>\n<p>Y es que en la era s\u00f3lo hace unos a\u00f1os una naci\u00f3n de ensue\u00f1o, hoy se vive una situaci\u00f3n de desesperaci\u00f3n tal que sumada al hambre, la corrupci\u00f3n, los saqueos, las detenciones y el vandalismo hacen del pa\u00eds una aut\u00e9ntica bomba de relojer\u00eda. Las multitudinarias protestas en contra del r\u00e9gimen bolivariano de Nicol\u00e1s Maduro son el pan de cada d\u00eda. Seg\u00fan el Observatorio Venezolano de Conflictividad Social (OVCS), desde el 1 de abril hasta el 19 de junio de 2017 se han registrado 2.675 manifestaciones equivalente a 33 protestas diarias. Decenas de personas han muerto durante las protestas, pero la censura y la falta de transparencia impiden conocer un n\u00famero oficial de muertes fiable.<\/p>\n<p>Los obispos de Venezuela mostraron al Papa los informes sobre la desnutrici\u00f3n infantil que ha elaborado Caritas y tambi\u00e9n un detallado dosier sobre las violentas represiones con fotos y con el nombre de cada una de las v\u00edctimas. \u201cFrancisco lo ley\u00f3 todo con detenimiento y se le ve\u00eda muy afectado,\u00a0 muy tocado\u201d. Reiter\u00f3 su apoyo a los prelados y les pidi\u00f3 que siguieran cerca de la gente, \u201cest\u00e9n en medio de ellos, creando un di\u00e1logo transparente y tendiendo puentes\u201d. Por su parte los obispos le aseguraron que tanto la Iglesia venezolana como la gran mayor\u00eda del pueblo est\u00e1n \u201cen plena comuni\u00f3n con el Papa y siguen todo lo que pide\u201d.\u00a0 \u201cSu voz es nuestra voz\u201d le dijeron los obispos,\u00a0 a lo que el Pont\u00edfice contest\u00f3: \u201cno, en la voz de ustedes est\u00e1 la voz del Papa\u201d.<\/p>\n<p>Mons. Moronta asegura que han sentido \u201cde primera mano como el Papa sigue muy de cerca la actualidad venezolana y est\u00e1 bien informado de todo, pero Venezuela no es la \u00fanica preocupaci\u00f3n del Santo Padre, tambi\u00e9n lo es Siria, lo es Sud\u00e1n\u2026 y no puede pronunciarse con cada uno de los detalles de nuestra pol\u00edtica\u201d.<\/p>\n<p><strong>\u00bfC\u00f3mo edificar la paz<\/strong>?<\/p>\n<p>Mons. Moronta pide que se evite el \u201cpietismo\u201d que se puede convertir en \u201cquietismo\u201d, el esperar de brazos cruzados a que las cosas se soluciones. \u201cNo sirve s\u00f3lo rezar el rosario y a la vez llevarnos mal con el vecino porque es chavista o de la oposici\u00f3n. Nos tenemos que ayudar todos, encontrarnos y reconciliarnos, que la paz venga de abajo a arriba, porque nunca va a venir desde donde est\u00e1n los pol\u00edticos hacia abajo\u201d.\u00a0 \u201cLa reconciliaci\u00f3n es nuestra tarea, acompa\u00f1ar, interpretar lo que Dios nos pide\u201d.<\/p>\n<p>Y centr\u00e1ndose en el d\u00eda a d\u00eda de la vida en Venezuela, Mons. Moronta explica la cantidad de iniciativas de muchas personas en la di\u00f3cesis para ayudar a los m\u00e1s necesitados: el sacerdote que planta un huerto para ense\u00f1ar a la comunidad como ser m\u00e1s aut\u00e1rquicos ante la carest\u00eda de alimentos, o la comunidad que alquila un\u00a0 local para abrir un restaurante y con lo que ganan luego a da de comer a los m\u00e1s necesitados e indigentes de la zona. Tambi\u00e9n cuenta c\u00f3mo se est\u00e1 viviendo este per\u00edodo de emergencia en la Di\u00f3cesis de San Crist\u00f3bal que se encuentra en la frontera con Colombia, concretamente con la ciudad de Cucut\u00e1. \u201cCada d\u00eda cruzan miles de personas para comprar alimentos y otras necesidades, llegan cansados y hambrientos y la Iglesia de Colombia est\u00e1 ayudando mucho en este sentido, d\u00e1ndoles de comer y de beber\u201d.\u00a0 Los obispos de ambas di\u00f3cesis han tenido reuniones frecuentes para delinear los m\u00e1s graves problemas sobre todo de atenci\u00f3n m\u00e9dica. Mons. Moronta rezuma agradecimiento cuando habla de la di\u00f3cesis hermana.<\/p>\n<p>Un lugar estrat\u00e9gico y problem\u00e1tico ya que la frontera ha estado cerrada en diferentes momentos desde agosto de 2015 y hoy todav\u00eda contin\u00faa con muchas restricciones. Dif\u00edcil situaci\u00f3n que pudo ver de primera mano la delegaci\u00f3n de ACN que visit\u00f3 Cucut\u00e1 en Abril del 2016. Los sacerdotes venezolanos que se encontraron con la delegaci\u00f3n en aquel momento para hablar de la tr\u00e1gica situaci\u00f3n de miles de desplazados tuvieron que cruzar la frontera a pie porque estaba cerrada todav\u00eda.<\/p>\n<p>Mons. Moronta ha aprovechado su viaje a Roma para pasar por la sede central de Aid to the Church in Need\u00a0 y tener una reuni\u00f3n con la secci\u00f3n de proyectos para Venezuela de ACN a quienes detall\u00f3 las preocupaciones de su di\u00f3cesis, agradeci\u00f3 por las ayudas recibidas para la evangelizaci\u00f3n y formaci\u00f3n de sacerdotes, laicos y religiosas de la iglesia local.<\/p>\n","protected":false},"excerpt":{"rendered":"<p>ACN entrevista a Mons. Moronta despu\u00e9s del encuentro privado del Papa con la Conferencia Episcopal de Venezuela \u201cFue una visita<\/p>\n","protected":false},"author":1,"featured_media":114922,"comment_status":"open","ping_status":"open","sticky":false,"template":"","format":"standard","meta":{"_acf_changed":false,"_acn_coauthor_ids":[],"footnotes":""},"categories":[745,713],"tags":[],"country":[],"class_list":["post-114921","post","type-post","status-publish","format-standard","has-post-thumbnail","hentry","category-entrevistas","category-historias"],"acn_coauthors":[],"acf":[],"yoast_head":"<!-- This site is optimized with the Yoast SEO Premium plugin v27.3 (Yoast SEO v27.3) - https:\/\/yoast.com\/product\/yoast-seo-premium-wordpress\/ -->\n<title>El Santo Padre a los obispos de Venezuela: \u201cEn la voz de ustedes est\u00e1 la voz del Papa\u201d | ACN International<\/title>\n<meta name=\"robots\" content=\"index, follow, max-snippet:-1, max-image-preview:large, max-video-preview:-1\" \/>\n<link rel=\"canonical\" href=\"https:\/\/acninternational.org\/es\/el-santo-padre-a-los-obispos-de-venezuela-en-la-voz-de-ustedes-esta-la-voz-del-papa\/\" \/>\n<meta property=\"og:locale\" content=\"es_ES\" \/>\n<meta property=\"og:type\" content=\"article\" \/>\n<meta property=\"og:title\" content=\"El Santo Padre a los obispos de Venezuela: \u201cEn la voz de ustedes est\u00e1 la voz del Papa\u201d\" \/>\n<meta property=\"og:description\" content=\"ACN entrevista a Mons. Moronta despu\u00e9s del encuentro privado del Papa con la Conferencia Episcopal de Venezuela \u201cFue una visita\" \/>\n<meta property=\"og:url\" content=\"https:\/\/acninternational.org\/es\/el-santo-padre-a-los-obispos-de-venezuela-en-la-voz-de-ustedes-esta-la-voz-del-papa\/\" \/>\n<meta property=\"og:site_name\" content=\"ACN International\" \/>\n<meta property=\"article:publisher\" content=\"https:\/\/www.facebook.com\/acninternationalorg\" \/>\n<meta property=\"article:published_time\" content=\"2017-06-22T22:00:00+00:00\" \/>\n<meta property=\"og:image\" content=\"https:\/\/media.acninternational.org\/wp-content\/uploads\/2019\/11\/El-Santo-Padre-a-los-obispos-de-Venezuela-%E2%80%9CEn-la-voz-de-ustedes-est%C3%A1-la-voz-del-Papa%E2%80%9D-image.jpg\" \/>\n\t<meta property=\"og:image:width\" content=\"1980\" \/>\n\t<meta property=\"og:image:height\" content=\"800\" \/>\n\t<meta property=\"og:image:type\" content=\"image\/jpeg\" \/>\n<meta name=\"author\" content=\"admin_acn\" \/>\n<meta name=\"twitter:card\" content=\"summary_large_image\" \/>\n<meta name=\"twitter:creator\" content=\"@acn_int\" \/>\n<meta name=\"twitter:site\" content=\"@acn_int\" \/>\n<meta name=\"twitter:label1\" content=\"Escrito por\" \/>\n\t<meta name=\"twitter:data1\" content=\"admin_acn\" \/>\n\t<meta name=\"twitter:label2\" content=\"Tiempo de lectura\" \/>\n\t<meta name=\"twitter:data2\" content=\"5 minutos\" \/>\n<script type=\"application\/ld+json\" class=\"yoast-schema-graph\">{\"@context\":\"https:\\\/\\\/schema.org\",\"@graph\":[{\"@type\":\"Article\",\"@id\":\"https:\\\/\\\/acninternational.org\\\/es\\\/el-santo-padre-a-los-obispos-de-venezuela-en-la-voz-de-ustedes-esta-la-voz-del-papa\\\/#article\",\"isPartOf\":{\"@id\":\"https:\\\/\\\/acninternational.org\\\/es\\\/el-santo-padre-a-los-obispos-de-venezuela-en-la-voz-de-ustedes-esta-la-voz-del-papa\\\/\"},\"author\":{\"name\":\"admin_acn\",\"@id\":\"https:\\\/\\\/acninternational.org\\\/es\\\/#\\\/schema\\\/person\\\/5a7468d38fb12b1976b6eeda95c21ebc\"},\"headline\":\"El Santo Padre a los obispos de Venezuela: \u201cEn la voz de ustedes est\u00e1 la voz del Papa\u201d\",\"datePublished\":\"2017-06-22T22:00:00+00:00\",\"mainEntityOfPage\":{\"@id\":\"https:\\\/\\\/acninternational.org\\\/es\\\/el-santo-padre-a-los-obispos-de-venezuela-en-la-voz-de-ustedes-esta-la-voz-del-papa\\\/\"},\"wordCount\":1070,\"commentCount\":0,\"publisher\":{\"@id\":\"https:\\\/\\\/acninternational.org\\\/es\\\/#organization\"},\"image\":{\"@id\":\"https:\\\/\\\/acninternational.org\\\/es\\\/el-santo-padre-a-los-obispos-de-venezuela-en-la-voz-de-ustedes-esta-la-voz-del-papa\\\/#primaryimage\"},\"thumbnailUrl\":\"https:\\\/\\\/media.acninternational.org\\\/wp-content\\\/uploads\\\/2019\\\/11\\\/El-Santo-Padre-a-los-obispos-de-Venezuela-%E2%80%9CEn-la-voz-de-ustedes-est%C3%A1-la-voz-del-Papa%E2%80%9D-image.jpg\",\"articleSection\":[\"ENTREVISTAS\",\"HISTORIAS\"],\"inLanguage\":\"es\",\"potentialAction\":[{\"@type\":\"CommentAction\",\"name\":\"Comment\",\"target\":[\"https:\\\/\\\/acninternational.org\\\/es\\\/el-santo-padre-a-los-obispos-de-venezuela-en-la-voz-de-ustedes-esta-la-voz-del-papa\\\/#respond\"]}]},{\"@type\":\"WebPage\",\"@id\":\"https:\\\/\\\/acninternational.org\\\/es\\\/el-santo-padre-a-los-obispos-de-venezuela-en-la-voz-de-ustedes-esta-la-voz-del-papa\\\/\",\"url\":\"https:\\\/\\\/acninternational.org\\\/es\\\/el-santo-padre-a-los-obispos-de-venezuela-en-la-voz-de-ustedes-esta-la-voz-del-papa\\\/\",\"name\":\"El Santo Padre a los obispos de Venezuela: \u201cEn la voz de ustedes est\u00e1 la voz del Papa\u201d | ACN International\",\"isPartOf\":{\"@id\":\"https:\\\/\\\/acninternational.org\\\/es\\\/#website\"},\"primaryImageOfPage\":{\"@id\":\"https:\\\/\\\/acninternational.org\\\/es\\\/el-santo-padre-a-los-obispos-de-venezuela-en-la-voz-de-ustedes-esta-la-voz-del-papa\\\/#primaryimage\"},\"image\":{\"@id\":\"https:\\\/\\\/acninternational.org\\\/es\\\/el-santo-padre-a-los-obispos-de-venezuela-en-la-voz-de-ustedes-esta-la-voz-del-papa\\\/#primaryimage\"},\"thumbnailUrl\":\"https:\\\/\\\/media.acninternational.org\\\/wp-content\\\/uploads\\\/2019\\\/11\\\/El-Santo-Padre-a-los-obispos-de-Venezuela-%E2%80%9CEn-la-voz-de-ustedes-est%C3%A1-la-voz-del-Papa%E2%80%9D-image.jpg\",\"datePublished\":\"2017-06-22T22:00:00+00:00\",\"breadcrumb\":{\"@id\":\"https:\\\/\\\/acninternational.org\\\/es\\\/el-santo-padre-a-los-obispos-de-venezuela-en-la-voz-de-ustedes-esta-la-voz-del-papa\\\/#breadcrumb\"},\"inLanguage\":\"es\",\"potentialAction\":[{\"@type\":\"ReadAction\",\"target\":[\"https:\\\/\\\/acninternational.org\\\/es\\\/el-santo-padre-a-los-obispos-de-venezuela-en-la-voz-de-ustedes-esta-la-voz-del-papa\\\/\"]}]},{\"@type\":\"ImageObject\",\"inLanguage\":\"es\",\"@id\":\"https:\\\/\\\/acninternational.org\\\/es\\\/el-santo-padre-a-los-obispos-de-venezuela-en-la-voz-de-ustedes-esta-la-voz-del-papa\\\/#primaryimage\",\"url\":\"https:\\\/\\\/media.acninternational.org\\\/wp-content\\\/uploads\\\/2019\\\/11\\\/El-Santo-Padre-a-los-obispos-de-Venezuela-%E2%80%9CEn-la-voz-de-ustedes-est%C3%A1-la-voz-del-Papa%E2%80%9D-image.jpg\",\"contentUrl\":\"https:\\\/\\\/media.acninternational.org\\\/wp-content\\\/uploads\\\/2019\\\/11\\\/El-Santo-Padre-a-los-obispos-de-Venezuela-%E2%80%9CEn-la-voz-de-ustedes-est%C3%A1-la-voz-del-Papa%E2%80%9D-image.jpg\",\"width\":1980,\"height\":800,\"caption\":\"El Santo Padre a los obispos de Venezuela: \u201cEn la voz de ustedes est\u00e1 la voz del Papa\u201d\"},{\"@type\":\"BreadcrumbList\",\"@id\":\"https:\\\/\\\/acninternational.org\\\/es\\\/el-santo-padre-a-los-obispos-de-venezuela-en-la-voz-de-ustedes-esta-la-voz-del-papa\\\/#breadcrumb\",\"itemListElement\":[{\"@type\":\"ListItem\",\"position\":1,\"name\":\"Home\",\"item\":\"https:\\\/\\\/acninternational.org\\\/es\\\/\"},{\"@type\":\"ListItem\",\"position\":2,\"name\":\"ENTREVISTAS\",\"item\":\"https:\\\/\\\/acninternational.org\\\/es\\\/category\\\/entrevistas\\\/\"},{\"@type\":\"ListItem\",\"position\":3,\"name\":\"El Santo Padre a los obispos de Venezuela: \u201cEn la voz de ustedes est\u00e1 la voz del Papa\u201d\"}]},{\"@type\":\"WebSite\",\"@id\":\"https:\\\/\\\/acninternational.org\\\/es\\\/#website\",\"url\":\"https:\\\/\\\/acninternational.org\\\/es\\\/\",\"name\":\"ACN International\",\"description\":\"\",\"publisher\":{\"@id\":\"https:\\\/\\\/acninternational.org\\\/es\\\/#organization\"},\"potentialAction\":[{\"@type\":\"SearchAction\",\"target\":{\"@type\":\"EntryPoint\",\"urlTemplate\":\"https:\\\/\\\/acninternational.org\\\/es\\\/?s={search_term_string}\"},\"query-input\":{\"@type\":\"PropertyValueSpecification\",\"valueRequired\":true,\"valueName\":\"search_term_string\"}}],\"inLanguage\":\"es\"},{\"@type\":\"Organization\",\"@id\":\"https:\\\/\\\/acninternational.org\\\/es\\\/#organization\",\"name\":\"Aid to the Church in Need International\",\"url\":\"https:\\\/\\\/acninternational.org\\\/es\\\/\",\"logo\":{\"@type\":\"ImageObject\",\"inLanguage\":\"es\",\"@id\":\"https:\\\/\\\/acninternational.org\\\/es\\\/#\\\/schema\\\/logo\\\/image\\\/\",\"url\":\"https:\\\/\\\/media.acninternational.org\\\/wp-content\\\/uploads\\\/2019\\\/11\\\/acn_logo_blackvector.svg\",\"contentUrl\":\"https:\\\/\\\/media.acninternational.org\\\/wp-content\\\/uploads\\\/2019\\\/11\\\/acn_logo_blackvector.svg\",\"width\":232.6,\"height\":78,\"caption\":\"Aid to the Church in Need International\"},\"image\":{\"@id\":\"https:\\\/\\\/acninternational.org\\\/es\\\/#\\\/schema\\\/logo\\\/image\\\/\"},\"sameAs\":[\"https:\\\/\\\/www.facebook.com\\\/acninternationalorg\",\"https:\\\/\\\/x.com\\\/acn_int\",\"https:\\\/\\\/www.youtube.com\\\/channel\\\/UCQ-077gS0TnVzkhHmf1opZw\",\"https:\\\/\\\/www.instagram.com\\\/acn_international\\\/\"]},{\"@type\":\"Person\",\"@id\":\"https:\\\/\\\/acninternational.org\\\/es\\\/#\\\/schema\\\/person\\\/5a7468d38fb12b1976b6eeda95c21ebc\",\"name\":\"admin_acn\",\"url\":\"https:\\\/\\\/acninternational.org\\\/es\\\/author\\\/admin_acn\\\/\"}]}<\/script>\n<!-- \/ Yoast SEO Premium plugin. -->","yoast_head_json":{"title":"El Santo Padre a los obispos de Venezuela: \u201cEn la voz de ustedes est\u00e1 la voz del Papa\u201d | ACN International","robots":{"index":"index","follow":"follow","max-snippet":"max-snippet:-1","max-image-preview":"max-image-preview:large","max-video-preview":"max-video-preview:-1"},"canonical":"https:\/\/acninternational.org\/es\/el-santo-padre-a-los-obispos-de-venezuela-en-la-voz-de-ustedes-esta-la-voz-del-papa\/","og_locale":"es_ES","og_type":"article","og_title":"El Santo Padre a los obispos de Venezuela: \u201cEn la voz de ustedes est\u00e1 la voz del Papa\u201d","og_description":"ACN entrevista a Mons. Moronta despu\u00e9s del encuentro privado del Papa con la Conferencia Episcopal de Venezuela \u201cFue una visita","og_url":"https:\/\/acninternational.org\/es\/el-santo-padre-a-los-obispos-de-venezuela-en-la-voz-de-ustedes-esta-la-voz-del-papa\/","og_site_name":"ACN International","article_publisher":"https:\/\/www.facebook.com\/acninternationalorg","article_published_time":"2017-06-22T22:00:00+00:00","og_image":[{"width":1980,"height":800,"url":"https:\/\/media.acninternational.org\/wp-content\/uploads\/2019\/11\/El-Santo-Padre-a-los-obispos-de-Venezuela-%E2%80%9CEn-la-voz-de-ustedes-est%C3%A1-la-voz-del-Papa%E2%80%9D-image.jpg","type":"image\/jpeg"}],"author":"admin_acn","twitter_card":"summary_large_image","twitter_creator":"@acn_int","twitter_site":"@acn_int","twitter_misc":{"Escrito por":"admin_acn","Tiempo de lectura":"5 minutos"},"schema":{"@context":"https:\/\/schema.org","@graph":[{"@type":"Article","@id":"https:\/\/acninternational.org\/es\/el-santo-padre-a-los-obispos-de-venezuela-en-la-voz-de-ustedes-esta-la-voz-del-papa\/#article","isPartOf":{"@id":"https:\/\/acninternational.org\/es\/el-santo-padre-a-los-obispos-de-venezuela-en-la-voz-de-ustedes-esta-la-voz-del-papa\/"},"author":{"name":"admin_acn","@id":"https:\/\/acninternational.org\/es\/#\/schema\/person\/5a7468d38fb12b1976b6eeda95c21ebc"},"headline":"El Santo Padre a los obispos de Venezuela: \u201cEn la voz de ustedes est\u00e1 la voz del Papa\u201d","datePublished":"2017-06-22T22:00:00+00:00","mainEntityOfPage":{"@id":"https:\/\/acninternational.org\/es\/el-santo-padre-a-los-obispos-de-venezuela-en-la-voz-de-ustedes-esta-la-voz-del-papa\/"},"wordCount":1070,"commentCount":0,"publisher":{"@id":"https:\/\/acninternational.org\/es\/#organization"},"image":{"@id":"https:\/\/acninternational.org\/es\/el-santo-padre-a-los-obispos-de-venezuela-en-la-voz-de-ustedes-esta-la-voz-del-papa\/#primaryimage"},"thumbnailUrl":"https:\/\/media.acninternational.org\/wp-content\/uploads\/2019\/11\/El-Santo-Padre-a-los-obispos-de-Venezuela-%E2%80%9CEn-la-voz-de-ustedes-est%C3%A1-la-voz-del-Papa%E2%80%9D-image.jpg","articleSection":["ENTREVISTAS","HISTORIAS"],"inLanguage":"es","potentialAction":[{"@type":"CommentAction","name":"Comment","target":["https:\/\/acninternational.org\/es\/el-santo-padre-a-los-obispos-de-venezuela-en-la-voz-de-ustedes-esta-la-voz-del-papa\/#respond"]}]},{"@type":"WebPage","@id":"https:\/\/acninternational.org\/es\/el-santo-padre-a-los-obispos-de-venezuela-en-la-voz-de-ustedes-esta-la-voz-del-papa\/","url":"https:\/\/acninternational.org\/es\/el-santo-padre-a-los-obispos-de-venezuela-en-la-voz-de-ustedes-esta-la-voz-del-papa\/","name":"El Santo Padre a los obispos de Venezuela: \u201cEn la voz de ustedes est\u00e1 la voz del Papa\u201d | ACN International","isPartOf":{"@id":"https:\/\/acninternational.org\/es\/#website"},"primaryImageOfPage":{"@id":"https:\/\/acninternational.org\/es\/el-santo-padre-a-los-obispos-de-venezuela-en-la-voz-de-ustedes-esta-la-voz-del-papa\/#primaryimage"},"image":{"@id":"https:\/\/acninternational.org\/es\/el-santo-padre-a-los-obispos-de-venezuela-en-la-voz-de-ustedes-esta-la-voz-del-papa\/#primaryimage"},"thumbnailUrl":"https:\/\/media.acninternational.org\/wp-content\/uploads\/2019\/11\/El-Santo-Padre-a-los-obispos-de-Venezuela-%E2%80%9CEn-la-voz-de-ustedes-est%C3%A1-la-voz-del-Papa%E2%80%9D-image.jpg","datePublished":"2017-06-22T22:00:00+00:00","breadcrumb":{"@id":"https:\/\/acninternational.org\/es\/el-santo-padre-a-los-obispos-de-venezuela-en-la-voz-de-ustedes-esta-la-voz-del-papa\/#breadcrumb"},"inLanguage":"es","potentialAction":[{"@type":"ReadAction","target":["https:\/\/acninternational.org\/es\/el-santo-padre-a-los-obispos-de-venezuela-en-la-voz-de-ustedes-esta-la-voz-del-papa\/"]}]},{"@type":"ImageObject","inLanguage":"es","@id":"https:\/\/acninternational.org\/es\/el-santo-padre-a-los-obispos-de-venezuela-en-la-voz-de-ustedes-esta-la-voz-del-papa\/#primaryimage","url":"https:\/\/media.acninternational.org\/wp-content\/uploads\/2019\/11\/El-Santo-Padre-a-los-obispos-de-Venezuela-%E2%80%9CEn-la-voz-de-ustedes-est%C3%A1-la-voz-del-Papa%E2%80%9D-image.jpg","contentUrl":"https:\/\/media.acninternational.org\/wp-content\/uploads\/2019\/11\/El-Santo-Padre-a-los-obispos-de-Venezuela-%E2%80%9CEn-la-voz-de-ustedes-est%C3%A1-la-voz-del-Papa%E2%80%9D-image.jpg","width":1980,"height":800,"caption":"El Santo Padre a los obispos de Venezuela: \u201cEn la voz de ustedes est\u00e1 la voz del Papa\u201d"},{"@type":"BreadcrumbList","@id":"https:\/\/acninternational.org\/es\/el-santo-padre-a-los-obispos-de-venezuela-en-la-voz-de-ustedes-esta-la-voz-del-papa\/#breadcrumb","itemListElement":[{"@type":"ListItem","position":1,"name":"Home","item":"https:\/\/acninternational.org\/es\/"},{"@type":"ListItem","position":2,"name":"ENTREVISTAS","item":"https:\/\/acninternational.org\/es\/category\/entrevistas\/"},{"@type":"ListItem","position":3,"name":"El Santo Padre a los obispos de Venezuela: \u201cEn la voz de ustedes est\u00e1 la voz del Papa\u201d"}]},{"@type":"WebSite","@id":"https:\/\/acninternational.org\/es\/#website","url":"https:\/\/acninternational.org\/es\/","name":"ACN International","description":"","publisher":{"@id":"https:\/\/acninternational.org\/es\/#organization"},"potentialAction":[{"@type":"SearchAction","target":{"@type":"EntryPoint","urlTemplate":"https:\/\/acninternational.org\/es\/?s={search_term_string}"},"query-input":{"@type":"PropertyValueSpecification","valueRequired":true,"valueName":"search_term_string"}}],"inLanguage":"es"},{"@type":"Organization","@id":"https:\/\/acninternational.org\/es\/#organization","name":"Aid to the Church in Need International","url":"https:\/\/acninternational.org\/es\/","logo":{"@type":"ImageObject","inLanguage":"es","@id":"https:\/\/acninternational.org\/es\/#\/schema\/logo\/image\/","url":"https:\/\/media.acninternational.org\/wp-content\/uploads\/2019\/11\/acn_logo_blackvector.svg","contentUrl":"https:\/\/media.acninternational.org\/wp-content\/uploads\/2019\/11\/acn_logo_blackvector.svg","width":232.6,"height":78,"caption":"Aid to the Church in Need International"},"image":{"@id":"https:\/\/acninternational.org\/es\/#\/schema\/logo\/image\/"},"sameAs":["https:\/\/www.facebook.com\/acninternationalorg","https:\/\/x.com\/acn_int","https:\/\/www.youtube.com\/channel\/UCQ-077gS0TnVzkhHmf1opZw","https:\/\/www.instagram.com\/acn_international\/"]},{"@type":"Person","@id":"https:\/\/acninternational.org\/es\/#\/schema\/person\/5a7468d38fb12b1976b6eeda95c21ebc","name":"admin_acn","url":"https:\/\/acninternational.org\/es\/author\/admin_acn\/"}]}},"_links":{"self":[{"href":"https:\/\/acninternational.org\/es\/wp-json\/wp\/v2\/posts\/114921","targetHints":{"allow":["GET"]}}],"collection":[{"href":"https:\/\/acninternational.org\/es\/wp-json\/wp\/v2\/posts"}],"about":[{"href":"https:\/\/acninternational.org\/es\/wp-json\/wp\/v2\/types\/post"}],"author":[{"embeddable":true,"href":"https:\/\/acninternational.org\/es\/wp-json\/wp\/v2\/users\/1"}],"replies":[{"embeddable":true,"href":"https:\/\/acninternational.org\/es\/wp-json\/wp\/v2\/comments?post=114921"}],"version-history":[{"count":0,"href":"https:\/\/acninternational.org\/es\/wp-json\/wp\/v2\/posts\/114921\/revisions"}],"wp:featuredmedia":[{"embeddable":true,"href":"https:\/\/acninternational.org\/es\/wp-json\/wp\/v2\/media\/114922"}],"wp:attachment":[{"href":"https:\/\/acninternational.org\/es\/wp-json\/wp\/v2\/media?parent=114921"}],"wp:term":[{"taxonomy":"category","embeddable":true,"href":"https:\/\/acninternational.org\/es\/wp-json\/wp\/v2\/categories?post=114921"},{"taxonomy":"post_tag","embeddable":true,"href":"https:\/\/acninternational.org\/es\/wp-json\/wp\/v2\/tags?post=114921"},{"taxonomy":"country","embeddable":true,"href":"https:\/\/acninternational.org\/es\/wp-json\/wp\/v2\/country?post=114921"}],"curies":[{"name":"wp","href":"https:\/\/api.w.org\/{rel}","templated":true}]}}