{"id":114891,"date":"2017-06-19T00:00:00","date_gmt":"2017-06-18T22:00:00","guid":{"rendered":"https:\/\/acninternational.org\/lloramos-lagrimas-amargas-por-nuestros-ninos-abandonados\/"},"modified":"2017-06-19T00:00:00","modified_gmt":"2017-06-18T22:00:00","slug":"lloramos-lagrimas-amargas-por-nuestros-ninos-abandonados","status":"publish","type":"post","link":"https:\/\/acninternational.org\/es\/lloramos-lagrimas-amargas-por-nuestros-ninos-abandonados\/","title":{"rendered":"\u00a1Lloramos l\u00e1grimas amargas por nuestros ni\u00f1os abandonados!"},"content":{"rendered":"<p><em>Entrevista con Mons. Cyr-Nestor YAPAUPA, obispo de la Di\u00f3cesis de Alindao,\u00a0 realizada por J\u00fcrgen Liminski para la fundaci\u00f3n internacional Ayuda a la Iglesia Necesitada (ACN) despu\u00e9s de <\/em>nuevos enfrentamientos entre facciones Seleka y grupos Anti-balaka a\u00fan presentes en la zona. <em>Las hostilidades comenzaron el pasado 8 de mayo en respuesta a los secuestros y homicidios de algunos j\u00f3venes en Datoko por parte de los Seleka. Tras la intervenci\u00f3n de tropas de la ONU la situaci\u00f3n se calm\u00f3. A pesar de ello hay unos 5.000 desplazados que est\u00e1n siendo atendidos en los centros de la Iglesia cat\u00f3lica. <\/em><\/p>\n<p><strong>ACN: \u00bfEs posible hablar de una normalizaci\u00f3n de la situaci\u00f3n del pa\u00eds tras los acuerdos pol\u00edticos?<\/strong><\/p>\n<p><strong>Mons. Cyr-Nestor YAPAUPA<em>: <\/em><\/strong>Si somos fieles a la verdad, no podemos hablar de una normalizaci\u00f3n general de la situaci\u00f3n en nuestro pa\u00eds desde el desencadenamiento de las crisis que atravesamos desde 2012 hasta hoy. En alg\u00fan que otro momento y en alg\u00fan que otro lugar se observan momentos de cierta calma en ciertas regiones, pero son muy ef\u00edmeros, y no faltan los brotes de violencia que generan nuevas crisis. Casi todo nuestro pa\u00eds es inseguro por la presencia de personas armadas que ponen en peligro la libertad de los ciudadanos.<\/p>\n<p><strong>\u00bfC\u00f3mo y de qu\u00e9 vive la gente en su di\u00f3cesis? \u00bfDe d\u00f3nde proceden los v\u00edveres: comida, agua y leche?<\/strong><\/p>\n<p>Los habitantes de mi di\u00f3cesis viven b\u00e1sicamente de productos agr\u00edcolas, mientras que las piezas de caza y pesca se han vuelto muy escasas en los \u00faltimos tiempos. De ah\u00ed el riesgo inminente de una crisis alimentaria que ya se est\u00e1 anunciando. La poblaci\u00f3n ya no est\u00e1 segura cuando cultiva el campo, y los graneros y reservas de los campesinos han sido saqueados, robados e incluso incendiados. En cuanto al agua, la mayor\u00eda de la poblaci\u00f3n de mi di\u00f3cesis la obtiene de pozos perforados manualmente y de las fuentes de r\u00edos naturales, entre otros. De las escasas fuentes modernas solo se beneficia una \u00ednfima parte de la poblaci\u00f3n. Sin embargo, en las condiciones de la actual crisis, puedo afirmar con toda seguridad que el acceso al agua potable es muy dif\u00edcil, si no cr\u00edtico, porque, debido a la inseguridad, resulta muy peligroso acercarse a los lugares de donde se extrae. Para la poblaci\u00f3n de mi di\u00f3cesis ser\u00eda muy beneficiosa una intervenci\u00f3n de potabilizaci\u00f3n de ciertas aguas fre\u00e1ticas que llenan los pozos y de otros puntos de agua en la naturaleza.<\/p>\n<p><strong>\u00bfPrestan ayuda en su di\u00f3cesis las instituciones internacionales, las ONG o la Iglesia? <\/strong><\/p>\n<p>En primer lugar, debo confesarle con pesar que la crisis que atravesamos actualmente parece ser <em>una situaci\u00f3n muy desconocida<\/em> porque est\u00e1 menos presente en los medios de comunicaci\u00f3n que la de otras zonas (Bangui, Bangassou, Bria, Bambari, etc.). Dado que nuestra crisis apenas ha sido hecha p\u00fablica, \u00bfc\u00f3mo vamos a recibir suficiente ayuda de las instituciones internacionales? La Iglesia de mi di\u00f3cesis lucha sola por asegurarles a los refugiados un m\u00ednimo vital a trav\u00e9s de C\u00e1ritas y CORDAID. Pero, francamente, le aseguro que la precariedad sigue clamando al cielo y que nuestros medios para ayudar a todos los afectados son muy limitados.<\/p>\n<p><strong>\u00bfEst\u00e1n funcionando las escuelas?<\/strong><\/p>\n<p>En tiempos normales ya ten\u00edamos problemas con las escuelas de nuestra zona, pero hac\u00edamos todo lo que pod\u00edamos por la educaci\u00f3n de los j\u00f3venes. Hoy, el dolor es doble al constatar que esta ola de violencia hace a\u00f1icos nuestros esfuerzos y que nuestros ni\u00f1os ya no pueden acudir a la escuela, porque todas las escuelas han cerrado sus puertas.\u00a0\u00a1Lloramos l\u00e1grimas amargas por nuestros ni\u00f1os abandonados! No obstante, no hemos perdido la esperanza y estar\u00edamos dispuestos a llevar r\u00e1pidamente a la pr\u00e1ctica cualquier medida en su favor. Estoy totalmente abierto a la mano que se nos puedan tender en este sentido, a fin de ofrecerles a nuestros ni\u00f1os una \u00faltima oportunidad de recuperar el tiempo perdido.<\/p>\n<p><strong>\u00bfC\u00f3mo se llevan los cristianos con los musulmanes en la Di\u00f3cesis de Alindao?<\/strong><\/p>\n<p>Ante todo, puedo afirmar que mi di\u00f3cesis es una de las partes del pa\u00eds que todav\u00eda alberga a centroafricanos de todas las religiones, incluidos musulmanes. En esta di\u00f3cesis, los cristianos, tanto cat\u00f3licos como protestantes, siempre han vivido en una perfecta simbiosis con los musulmanes. La prueba es que en casi todas las subprefecturas de la regi\u00f3n que abarca mi di\u00f3cesis hay organizaciones llamadas plataformas religiosas que promueven la preservaci\u00f3n de los v\u00ednculos interreligiosos y la consolidaci\u00f3n de la paz social entre los diferentes grupos.<\/p>\n<p>La gran sorpresa ha sido constatar que, a ra\u00edz de la crisis actual, algunos musulmanes hayan pasado a hostigar a algunos de sus hermanos cristianos. Esto ciertamente ha afectado al v\u00ednculo de confianza que antes prevalec\u00eda. Pero vamos a hacer todo lo que est\u00e9 en nuestra mano para que se reconsidere esta discrepancia ins\u00f3lita y para privilegiar la voz del di\u00e1logo y la aceptaci\u00f3n del otro en aras de restablecer la confianza.<\/p>\n<p><strong>\u00bfCu\u00e1ntos sacerdotes y religiosas se ocupan de los refugiados?<\/strong><\/p>\n<p>Actualmente, en mi di\u00f3cesis solo contamos con sacerdotes, porque las religiosas se fueron tras los sucesos de 2013 y todav\u00eda no han vuelto. La situaci\u00f3n es imposible para ellas. Con los sacerdotes y el personal de la Iglesia \u2013en total, diez personas\u2013 nos organizamos para gestionar los asuntos corrientes de la di\u00f3cesis, a los que hoy se a\u00f1ade esta urgencia humanitaria que es un desaf\u00edo para nuestra comprensi\u00f3n del compromiso evang\u00e9lico.<\/p>\n<p><strong>\u00bfY cu\u00e1l es la impresi\u00f3n general de la gente, como est\u00e1 su \u00e1nimo?<\/strong><\/p>\n<p>Los resultados de algunos discretos sondeos realizados por mis sacerdotes entre los creyentes despu\u00e9s de Misa indican que la gente es consciente de que la crisis en Alindao parece muy marginada y dejada de la mano de Dios. Seg\u00fan los pareceres compartidos tras nuestras celebraciones, solo la Iglesia Cat\u00f3lica se esfuerza en proveer seguridad, protecci\u00f3n, cuidados y v\u00edveres para las personas afectadas.<\/p>\n<p>He aqu\u00ed un testimonio de lo que un creyente cristiano le dijo al sacerdote que acababa de celebrar la Misa: \u201c\u00a1Usted ya hacen bastante! Si no llega ayuda para apoyarlo en sus esfuerzos, no se preocupe, que nosotros sabemos que a nadie se le puede pedir lo imposible. Nosotros rezamos por que esta situaci\u00f3n termine pronto para poder regresar lo antes posible a casa. Se ayuda a la gente en todos los lugares, pero aqu\u00ed nadie se interesa demasiado por nuestro drama. Nuestro \u00fanico baluarte es Dios, y esta es la raz\u00f3n por la que acudimos cada d\u00eda a Misa, para implorar a Dios para que arregle nuestra situaci\u00f3n. Afortunadamente, la Iglesia Cat\u00f3lica est\u00e1 aqu\u00ed para ayudarnos. El Obispo lucha en primera l\u00ednea para encontrar una soluci\u00f3n a esta crisis\u201d.<\/p>\n<p><strong>\u00bfY los ni\u00f1os?<\/strong><\/p>\n<p>Como usted sabe, nuestros ni\u00f1os normalmente tienen actividades que estructuran su vida. En situaciones normales, su jornada se divide entre la escuela (para los que acuden a ella), el trabajo en el campo (en el caso de los hijos de campesinos), los juegos y la distracci\u00f3n para todos despu\u00e9s de sus respectivas actividades. Sin embargo, en las condiciones en las que nos encontramos hoy, la crispaci\u00f3n es muy fuerte entre los ni\u00f1os, pues se ven confrontados con el problema de la violencia, que obliga a sus padres a huir, lo cual trastoca sus actividades normales. Uno se pregunta lo que puede significar esta situaci\u00f3n en la mente de estos ni\u00f1os deportados brutalmente a este campo de refugiados, donde el ruido de las armas no cesa de retumbar a su lado.<\/p>\n<p>En pocas palabras, los ni\u00f1os permanecen encerrados bajo las alas de sus padres asustados. Mis sacerdotes y yo a menudo visitamos a los desplazados para animar a los padres y a sus hijos, con el fin de que recuperen la esperanza, pero el temor todav\u00eda es muy intenso. Salta a la vista que los ni\u00f1os necesitan un gran espacio de libertad para ejercitarse, pero, por desgracia, carecen de los medios adecuados para hacerlo en estos tiempos de crisis. De ah\u00ed la necesidad urgente de crear para ellos un espacio de esparcimiento y, sobre todo, una escuela adecuada en la que se promueva la paz, para extirpar r\u00e1pidamente de su esp\u00edritu las tendencias a la violencia, el odio o la venganza. Pues, como usted sabe, el esp\u00edritu de los ni\u00f1os tiende m\u00e1s a memorizar ingenuamente los acontecimientos para luego imitarlos que a discernirlos.<\/p>\n<p><strong><em>La fundaci\u00f3n Aid to the Church in Need est\u00e1 en contacto con Mons. Cyr-Nestor Yapaupa\u00a0 y pide ayuda para asistir a la di\u00f3cesis en la situaci\u00f3n de emergencia en la que se encuentra.<\/em><\/strong><\/p>\n","protected":false},"excerpt":{"rendered":"<p>Entrevista con Mons. Cyr-Nestor YAPAUPA, obispo de la Di\u00f3cesis de Alindao,\u00a0 realizada por J\u00fcrgen Liminski para la fundaci\u00f3n internacional Ayuda<\/p>\n","protected":false},"author":1,"featured_media":114892,"comment_status":"open","ping_status":"open","sticky":false,"template":"","format":"standard","meta":{"_acf_changed":false,"_acn_coauthor_ids":[],"_acn_featured_article":false,"footnotes":""},"categories":[745],"tags":[],"country":[],"class_list":["post-114891","post","type-post","status-publish","format-standard","has-post-thumbnail","hentry","category-entrevistas"],"acn_coauthors":[],"acf":[],"yoast_head":"<!-- This site is optimized with the Yoast SEO Premium plugin v27.5 (Yoast SEO v27.5) - https:\/\/yoast.com\/product\/yoast-seo-premium-wordpress\/ -->\n<title>\u00a1Lloramos l\u00e1grimas amargas por nuestros ni\u00f1os abandonados! | ACN International<\/title>\n<meta name=\"robots\" content=\"index, follow, max-snippet:-1, max-image-preview:large, max-video-preview:-1\" \/>\n<link rel=\"canonical\" href=\"https:\/\/acninternational.org\/es\/lloramos-lagrimas-amargas-por-nuestros-ninos-abandonados\/\" \/>\n<meta property=\"og:locale\" content=\"es_ES\" \/>\n<meta property=\"og:type\" content=\"article\" \/>\n<meta property=\"og:title\" content=\"\u00a1Lloramos l\u00e1grimas amargas por nuestros ni\u00f1os abandonados!\" \/>\n<meta property=\"og:description\" content=\"Entrevista con Mons. Cyr-Nestor YAPAUPA, obispo de la Di\u00f3cesis de Alindao,\u00a0 realizada por J\u00fcrgen Liminski para la fundaci\u00f3n internacional Ayuda\" \/>\n<meta property=\"og:url\" content=\"https:\/\/acninternational.org\/es\/lloramos-lagrimas-amargas-por-nuestros-ninos-abandonados\/\" \/>\n<meta property=\"og:site_name\" content=\"ACN International\" \/>\n<meta property=\"article:publisher\" content=\"https:\/\/www.facebook.com\/acninternationalorg\" \/>\n<meta property=\"article:published_time\" content=\"2017-06-18T22:00:00+00:00\" \/>\n<meta property=\"og:image\" content=\"https:\/\/media.acninternational.org\/wp-content\/uploads\/2019\/11\/%C2%A1Lloramos-l%C3%A1grimas-amargas-por-nuestros-ni%C3%B1os-abandonados-image.jpg\" \/>\n\t<meta property=\"og:image:width\" content=\"1980\" \/>\n\t<meta property=\"og:image:height\" content=\"800\" \/>\n\t<meta property=\"og:image:type\" content=\"image\/jpeg\" \/>\n<meta name=\"author\" content=\"admin_acn\" \/>\n<meta name=\"twitter:card\" content=\"summary_large_image\" \/>\n<meta name=\"twitter:creator\" content=\"@acn_int\" \/>\n<meta name=\"twitter:site\" content=\"@acn_int\" \/>\n<meta name=\"twitter:label1\" content=\"Escrito por\" \/>\n\t<meta name=\"twitter:data1\" content=\"admin_acn\" \/>\n\t<meta name=\"twitter:label2\" content=\"Tiempo de lectura\" \/>\n\t<meta name=\"twitter:data2\" content=\"8 minutos\" \/>\n<script type=\"application\/ld+json\" class=\"yoast-schema-graph\">{\"@context\":\"https:\\\/\\\/schema.org\",\"@graph\":[{\"@type\":\"Article\",\"@id\":\"https:\\\/\\\/acninternational.org\\\/es\\\/lloramos-lagrimas-amargas-por-nuestros-ninos-abandonados\\\/#article\",\"isPartOf\":{\"@id\":\"https:\\\/\\\/acninternational.org\\\/es\\\/lloramos-lagrimas-amargas-por-nuestros-ninos-abandonados\\\/\"},\"author\":{\"name\":\"admin_acn\",\"@id\":\"https:\\\/\\\/acninternational.org\\\/es\\\/#\\\/schema\\\/person\\\/5a7468d38fb12b1976b6eeda95c21ebc\"},\"headline\":\"\u00a1Lloramos l\u00e1grimas amargas por nuestros ni\u00f1os abandonados!\",\"datePublished\":\"2017-06-18T22:00:00+00:00\",\"mainEntityOfPage\":{\"@id\":\"https:\\\/\\\/acninternational.org\\\/es\\\/lloramos-lagrimas-amargas-por-nuestros-ninos-abandonados\\\/\"},\"wordCount\":1527,\"commentCount\":0,\"publisher\":{\"@id\":\"https:\\\/\\\/acninternational.org\\\/es\\\/#organization\"},\"image\":{\"@id\":\"https:\\\/\\\/acninternational.org\\\/es\\\/lloramos-lagrimas-amargas-por-nuestros-ninos-abandonados\\\/#primaryimage\"},\"thumbnailUrl\":\"https:\\\/\\\/media.acninternational.org\\\/wp-content\\\/uploads\\\/2019\\\/11\\\/%C2%A1Lloramos-l%C3%A1grimas-amargas-por-nuestros-ni%C3%B1os-abandonados-image.jpg\",\"articleSection\":[\"ENTREVISTAS\"],\"inLanguage\":\"es\",\"potentialAction\":[{\"@type\":\"CommentAction\",\"name\":\"Comment\",\"target\":[\"https:\\\/\\\/acninternational.org\\\/es\\\/lloramos-lagrimas-amargas-por-nuestros-ninos-abandonados\\\/#respond\"]}]},{\"@type\":\"WebPage\",\"@id\":\"https:\\\/\\\/acninternational.org\\\/es\\\/lloramos-lagrimas-amargas-por-nuestros-ninos-abandonados\\\/\",\"url\":\"https:\\\/\\\/acninternational.org\\\/es\\\/lloramos-lagrimas-amargas-por-nuestros-ninos-abandonados\\\/\",\"name\":\"\u00a1Lloramos l\u00e1grimas amargas por nuestros ni\u00f1os abandonados! | ACN International\",\"isPartOf\":{\"@id\":\"https:\\\/\\\/acninternational.org\\\/es\\\/#website\"},\"primaryImageOfPage\":{\"@id\":\"https:\\\/\\\/acninternational.org\\\/es\\\/lloramos-lagrimas-amargas-por-nuestros-ninos-abandonados\\\/#primaryimage\"},\"image\":{\"@id\":\"https:\\\/\\\/acninternational.org\\\/es\\\/lloramos-lagrimas-amargas-por-nuestros-ninos-abandonados\\\/#primaryimage\"},\"thumbnailUrl\":\"https:\\\/\\\/media.acninternational.org\\\/wp-content\\\/uploads\\\/2019\\\/11\\\/%C2%A1Lloramos-l%C3%A1grimas-amargas-por-nuestros-ni%C3%B1os-abandonados-image.jpg\",\"datePublished\":\"2017-06-18T22:00:00+00:00\",\"breadcrumb\":{\"@id\":\"https:\\\/\\\/acninternational.org\\\/es\\\/lloramos-lagrimas-amargas-por-nuestros-ninos-abandonados\\\/#breadcrumb\"},\"inLanguage\":\"es\",\"potentialAction\":[{\"@type\":\"ReadAction\",\"target\":[\"https:\\\/\\\/acninternational.org\\\/es\\\/lloramos-lagrimas-amargas-por-nuestros-ninos-abandonados\\\/\"]}]},{\"@type\":\"ImageObject\",\"inLanguage\":\"es\",\"@id\":\"https:\\\/\\\/acninternational.org\\\/es\\\/lloramos-lagrimas-amargas-por-nuestros-ninos-abandonados\\\/#primaryimage\",\"url\":\"https:\\\/\\\/media.acninternational.org\\\/wp-content\\\/uploads\\\/2019\\\/11\\\/%C2%A1Lloramos-l%C3%A1grimas-amargas-por-nuestros-ni%C3%B1os-abandonados-image.jpg\",\"contentUrl\":\"https:\\\/\\\/media.acninternational.org\\\/wp-content\\\/uploads\\\/2019\\\/11\\\/%C2%A1Lloramos-l%C3%A1grimas-amargas-por-nuestros-ni%C3%B1os-abandonados-image.jpg\",\"width\":1980,\"height\":800,\"caption\":\"\u00a1Lloramos l\u00e1grimas amargas por nuestros ni\u00f1os abandonados!\"},{\"@type\":\"BreadcrumbList\",\"@id\":\"https:\\\/\\\/acninternational.org\\\/es\\\/lloramos-lagrimas-amargas-por-nuestros-ninos-abandonados\\\/#breadcrumb\",\"itemListElement\":[{\"@type\":\"ListItem\",\"position\":1,\"name\":\"Home\",\"item\":\"https:\\\/\\\/acninternational.org\\\/es\\\/\"},{\"@type\":\"ListItem\",\"position\":2,\"name\":\"ENTREVISTAS\",\"item\":\"https:\\\/\\\/acninternational.org\\\/es\\\/category\\\/entrevistas\\\/\"},{\"@type\":\"ListItem\",\"position\":3,\"name\":\"\u00a1Lloramos l\u00e1grimas amargas por nuestros ni\u00f1os abandonados!\"}]},{\"@type\":\"WebSite\",\"@id\":\"https:\\\/\\\/acninternational.org\\\/es\\\/#website\",\"url\":\"https:\\\/\\\/acninternational.org\\\/es\\\/\",\"name\":\"ACN International\",\"description\":\"\",\"publisher\":{\"@id\":\"https:\\\/\\\/acninternational.org\\\/es\\\/#organization\"},\"potentialAction\":[{\"@type\":\"SearchAction\",\"target\":{\"@type\":\"EntryPoint\",\"urlTemplate\":\"https:\\\/\\\/acninternational.org\\\/es\\\/?s={search_term_string}\"},\"query-input\":{\"@type\":\"PropertyValueSpecification\",\"valueRequired\":true,\"valueName\":\"search_term_string\"}}],\"inLanguage\":\"es\"},{\"@type\":\"Organization\",\"@id\":\"https:\\\/\\\/acninternational.org\\\/es\\\/#organization\",\"name\":\"Aid to the Church in Need International\",\"url\":\"https:\\\/\\\/acninternational.org\\\/es\\\/\",\"logo\":{\"@type\":\"ImageObject\",\"inLanguage\":\"es\",\"@id\":\"https:\\\/\\\/acninternational.org\\\/es\\\/#\\\/schema\\\/logo\\\/image\\\/\",\"url\":\"https:\\\/\\\/media.acninternational.org\\\/wp-content\\\/uploads\\\/2019\\\/11\\\/acn_logo_blackvector.svg\",\"contentUrl\":\"https:\\\/\\\/media.acninternational.org\\\/wp-content\\\/uploads\\\/2019\\\/11\\\/acn_logo_blackvector.svg\",\"width\":232.6,\"height\":78,\"caption\":\"Aid to the Church in Need International\"},\"image\":{\"@id\":\"https:\\\/\\\/acninternational.org\\\/es\\\/#\\\/schema\\\/logo\\\/image\\\/\"},\"sameAs\":[\"https:\\\/\\\/www.facebook.com\\\/acninternationalorg\",\"https:\\\/\\\/x.com\\\/acn_int\",\"https:\\\/\\\/www.youtube.com\\\/channel\\\/UCQ-077gS0TnVzkhHmf1opZw\",\"https:\\\/\\\/www.instagram.com\\\/acn_international\\\/\"]},{\"@type\":\"Person\",\"@id\":\"https:\\\/\\\/acninternational.org\\\/es\\\/#\\\/schema\\\/person\\\/5a7468d38fb12b1976b6eeda95c21ebc\",\"name\":\"admin_acn\",\"url\":\"https:\\\/\\\/acninternational.org\\\/es\\\/author\\\/admin_acn\\\/\"}]}<\/script>\n<!-- \/ Yoast SEO Premium plugin. -->","yoast_head_json":{"title":"\u00a1Lloramos l\u00e1grimas amargas por nuestros ni\u00f1os abandonados! | ACN International","robots":{"index":"index","follow":"follow","max-snippet":"max-snippet:-1","max-image-preview":"max-image-preview:large","max-video-preview":"max-video-preview:-1"},"canonical":"https:\/\/acninternational.org\/es\/lloramos-lagrimas-amargas-por-nuestros-ninos-abandonados\/","og_locale":"es_ES","og_type":"article","og_title":"\u00a1Lloramos l\u00e1grimas amargas por nuestros ni\u00f1os abandonados!","og_description":"Entrevista con Mons. Cyr-Nestor YAPAUPA, obispo de la Di\u00f3cesis de Alindao,\u00a0 realizada por J\u00fcrgen Liminski para la fundaci\u00f3n internacional Ayuda","og_url":"https:\/\/acninternational.org\/es\/lloramos-lagrimas-amargas-por-nuestros-ninos-abandonados\/","og_site_name":"ACN International","article_publisher":"https:\/\/www.facebook.com\/acninternationalorg","article_published_time":"2017-06-18T22:00:00+00:00","og_image":[{"width":1980,"height":800,"url":"https:\/\/media.acninternational.org\/wp-content\/uploads\/2019\/11\/%C2%A1Lloramos-l%C3%A1grimas-amargas-por-nuestros-ni%C3%B1os-abandonados-image.jpg","type":"image\/jpeg"}],"author":"admin_acn","twitter_card":"summary_large_image","twitter_creator":"@acn_int","twitter_site":"@acn_int","twitter_misc":{"Escrito por":"admin_acn","Tiempo de lectura":"8 minutos"},"schema":{"@context":"https:\/\/schema.org","@graph":[{"@type":"Article","@id":"https:\/\/acninternational.org\/es\/lloramos-lagrimas-amargas-por-nuestros-ninos-abandonados\/#article","isPartOf":{"@id":"https:\/\/acninternational.org\/es\/lloramos-lagrimas-amargas-por-nuestros-ninos-abandonados\/"},"author":{"name":"admin_acn","@id":"https:\/\/acninternational.org\/es\/#\/schema\/person\/5a7468d38fb12b1976b6eeda95c21ebc"},"headline":"\u00a1Lloramos l\u00e1grimas amargas por nuestros ni\u00f1os abandonados!","datePublished":"2017-06-18T22:00:00+00:00","mainEntityOfPage":{"@id":"https:\/\/acninternational.org\/es\/lloramos-lagrimas-amargas-por-nuestros-ninos-abandonados\/"},"wordCount":1527,"commentCount":0,"publisher":{"@id":"https:\/\/acninternational.org\/es\/#organization"},"image":{"@id":"https:\/\/acninternational.org\/es\/lloramos-lagrimas-amargas-por-nuestros-ninos-abandonados\/#primaryimage"},"thumbnailUrl":"https:\/\/media.acninternational.org\/wp-content\/uploads\/2019\/11\/%C2%A1Lloramos-l%C3%A1grimas-amargas-por-nuestros-ni%C3%B1os-abandonados-image.jpg","articleSection":["ENTREVISTAS"],"inLanguage":"es","potentialAction":[{"@type":"CommentAction","name":"Comment","target":["https:\/\/acninternational.org\/es\/lloramos-lagrimas-amargas-por-nuestros-ninos-abandonados\/#respond"]}]},{"@type":"WebPage","@id":"https:\/\/acninternational.org\/es\/lloramos-lagrimas-amargas-por-nuestros-ninos-abandonados\/","url":"https:\/\/acninternational.org\/es\/lloramos-lagrimas-amargas-por-nuestros-ninos-abandonados\/","name":"\u00a1Lloramos l\u00e1grimas amargas por nuestros ni\u00f1os abandonados! | ACN International","isPartOf":{"@id":"https:\/\/acninternational.org\/es\/#website"},"primaryImageOfPage":{"@id":"https:\/\/acninternational.org\/es\/lloramos-lagrimas-amargas-por-nuestros-ninos-abandonados\/#primaryimage"},"image":{"@id":"https:\/\/acninternational.org\/es\/lloramos-lagrimas-amargas-por-nuestros-ninos-abandonados\/#primaryimage"},"thumbnailUrl":"https:\/\/media.acninternational.org\/wp-content\/uploads\/2019\/11\/%C2%A1Lloramos-l%C3%A1grimas-amargas-por-nuestros-ni%C3%B1os-abandonados-image.jpg","datePublished":"2017-06-18T22:00:00+00:00","breadcrumb":{"@id":"https:\/\/acninternational.org\/es\/lloramos-lagrimas-amargas-por-nuestros-ninos-abandonados\/#breadcrumb"},"inLanguage":"es","potentialAction":[{"@type":"ReadAction","target":["https:\/\/acninternational.org\/es\/lloramos-lagrimas-amargas-por-nuestros-ninos-abandonados\/"]}]},{"@type":"ImageObject","inLanguage":"es","@id":"https:\/\/acninternational.org\/es\/lloramos-lagrimas-amargas-por-nuestros-ninos-abandonados\/#primaryimage","url":"https:\/\/media.acninternational.org\/wp-content\/uploads\/2019\/11\/%C2%A1Lloramos-l%C3%A1grimas-amargas-por-nuestros-ni%C3%B1os-abandonados-image.jpg","contentUrl":"https:\/\/media.acninternational.org\/wp-content\/uploads\/2019\/11\/%C2%A1Lloramos-l%C3%A1grimas-amargas-por-nuestros-ni%C3%B1os-abandonados-image.jpg","width":1980,"height":800,"caption":"\u00a1Lloramos l\u00e1grimas amargas por nuestros ni\u00f1os abandonados!"},{"@type":"BreadcrumbList","@id":"https:\/\/acninternational.org\/es\/lloramos-lagrimas-amargas-por-nuestros-ninos-abandonados\/#breadcrumb","itemListElement":[{"@type":"ListItem","position":1,"name":"Home","item":"https:\/\/acninternational.org\/es\/"},{"@type":"ListItem","position":2,"name":"ENTREVISTAS","item":"https:\/\/acninternational.org\/es\/category\/entrevistas\/"},{"@type":"ListItem","position":3,"name":"\u00a1Lloramos l\u00e1grimas amargas por nuestros ni\u00f1os abandonados!"}]},{"@type":"WebSite","@id":"https:\/\/acninternational.org\/es\/#website","url":"https:\/\/acninternational.org\/es\/","name":"ACN International","description":"","publisher":{"@id":"https:\/\/acninternational.org\/es\/#organization"},"potentialAction":[{"@type":"SearchAction","target":{"@type":"EntryPoint","urlTemplate":"https:\/\/acninternational.org\/es\/?s={search_term_string}"},"query-input":{"@type":"PropertyValueSpecification","valueRequired":true,"valueName":"search_term_string"}}],"inLanguage":"es"},{"@type":"Organization","@id":"https:\/\/acninternational.org\/es\/#organization","name":"Aid to the Church in Need International","url":"https:\/\/acninternational.org\/es\/","logo":{"@type":"ImageObject","inLanguage":"es","@id":"https:\/\/acninternational.org\/es\/#\/schema\/logo\/image\/","url":"https:\/\/media.acninternational.org\/wp-content\/uploads\/2019\/11\/acn_logo_blackvector.svg","contentUrl":"https:\/\/media.acninternational.org\/wp-content\/uploads\/2019\/11\/acn_logo_blackvector.svg","width":232.6,"height":78,"caption":"Aid to the Church in Need International"},"image":{"@id":"https:\/\/acninternational.org\/es\/#\/schema\/logo\/image\/"},"sameAs":["https:\/\/www.facebook.com\/acninternationalorg","https:\/\/x.com\/acn_int","https:\/\/www.youtube.com\/channel\/UCQ-077gS0TnVzkhHmf1opZw","https:\/\/www.instagram.com\/acn_international\/"]},{"@type":"Person","@id":"https:\/\/acninternational.org\/es\/#\/schema\/person\/5a7468d38fb12b1976b6eeda95c21ebc","name":"admin_acn","url":"https:\/\/acninternational.org\/es\/author\/admin_acn\/"}]}},"_links":{"self":[{"href":"https:\/\/acninternational.org\/es\/wp-json\/wp\/v2\/posts\/114891","targetHints":{"allow":["GET"]}}],"collection":[{"href":"https:\/\/acninternational.org\/es\/wp-json\/wp\/v2\/posts"}],"about":[{"href":"https:\/\/acninternational.org\/es\/wp-json\/wp\/v2\/types\/post"}],"author":[{"embeddable":true,"href":"https:\/\/acninternational.org\/es\/wp-json\/wp\/v2\/users\/1"}],"replies":[{"embeddable":true,"href":"https:\/\/acninternational.org\/es\/wp-json\/wp\/v2\/comments?post=114891"}],"version-history":[{"count":0,"href":"https:\/\/acninternational.org\/es\/wp-json\/wp\/v2\/posts\/114891\/revisions"}],"wp:featuredmedia":[{"embeddable":true,"href":"https:\/\/acninternational.org\/es\/wp-json\/wp\/v2\/media\/114892"}],"wp:attachment":[{"href":"https:\/\/acninternational.org\/es\/wp-json\/wp\/v2\/media?parent=114891"}],"wp:term":[{"taxonomy":"category","embeddable":true,"href":"https:\/\/acninternational.org\/es\/wp-json\/wp\/v2\/categories?post=114891"},{"taxonomy":"post_tag","embeddable":true,"href":"https:\/\/acninternational.org\/es\/wp-json\/wp\/v2\/tags?post=114891"},{"taxonomy":"country","embeddable":true,"href":"https:\/\/acninternational.org\/es\/wp-json\/wp\/v2\/country?post=114891"}],"curies":[{"name":"wp","href":"https:\/\/api.w.org\/{rel}","templated":true}]}}