{"id":114869,"date":"2017-06-16T00:00:00","date_gmt":"2017-06-15T22:00:00","guid":{"rendered":"https:\/\/acninternational.org\/el-padre-de-cristina-rezaba-a-diario-el-rosario-por-su-regreso\/"},"modified":"2017-06-16T00:00:00","modified_gmt":"2017-06-15T22:00:00","slug":"el-padre-de-cristina-rezaba-a-diario-el-rosario-por-su-regreso","status":"publish","type":"post","link":"https:\/\/acninternational.org\/es\/el-padre-de-cristina-rezaba-a-diario-el-rosario-por-su-regreso\/","title":{"rendered":"El padre de Cristina rezaba a diario el Rosario por su regreso"},"content":{"rendered":"<p><strong>\u201cRecen por la familia de Cristina, que todav\u00eda no ha superado la impresi\u00f3n de volver a ver a su ni\u00f1a. Esto ha sido un verdadero milagro, un nuevo nacimiento y una nueva vida\u201d. <\/strong><\/p>\n<p>En la noche del 6 al 7 de agosto de 2014, el Estado Isl\u00e1mico ocup\u00f3 la regi\u00f3n hist\u00f3rica de la llanura de N\u00ednive y la vaci\u00f3 de cristianos \u2013sus habitantes originarios\u2013 \u00a0que huyeron a la regi\u00f3n del Kurdist\u00e1n. \u00a0Un gran n\u00famero de personas quedaron atrapadas all\u00ed. Algunos fueron capaces de huir m\u00e1s tarde, pero cientos fueron hechos presos por el Estado Isl\u00e1mico y no hemos vuelto a saber nada de ellos. Entre los que se quedaron tras la ocupaci\u00f3n de la regi\u00f3n por el Estado Isl\u00e1mico estaban Khouder Ezzo, su esposa Aida Hanna y su hija Cristina, que por entonces ten\u00eda tres a\u00f1os de edad.<\/p>\n<p>El 22 de agosto de 2014, el Estado Isl\u00e1mico permiti\u00f3 que la familia de Cristina y otras familias abandonaran Bajdida (Qarakosh) en direcci\u00f3n Erbil, tras robarles el dinero y el oro que ten\u00edan. Cuando iban a subirse al autocar, uno de los soldados del Estado Isl\u00e1mico sustrajo a Cristina de los brazos seguros de su madre. La madre rog\u00f3 al soldado, que se llevaba a la ni\u00f1ita asustada y llorosa sobre su hombro, que la devolviera para tomar el autocar con el que la familia iba a abandonar la zona, pero \u00e9l lugar de responder, orden\u00f3 a la madre con gestos que regresara al autocar o que la matar\u00eda. La madre, temerosa, acat\u00f3 la orden, y esa fue la \u00faltima vez que vio a su hijita\u2026 hasta el viernes, 10 de junio de 2017.<\/p>\n<p>En una entrevista con <em>Ayuda a la Iglesia Necesitada <\/em>(ACN), el padre Ignatius Offy, sacerdote siro-cat\u00f3lico de Ankawa, habla con Mar\u00eda Lozano, jefa de Prensa de la Fundaci\u00f3n Pontificia ACN sobre el regreso de Cristina.<\/p>\n<p><strong>Padre Ignatius, \u00bfpor qu\u00e9 conoce a esta familia<\/strong><strong>?<\/strong><\/p>\n<p>La familia de Cristina y yo procedemos de la ciudad de Bajdida (Qarakosh). Las familias en nuestra regi\u00f3n se conocen entre ellas y todos mantenemos estrechas relaciones sociales. Adem\u00e1s, soy sacerdote, y desde el inicio de nuestro desplazamiento forzado en la noche del 6 al 7 de agosto de 2014, he intentado seguir la pista de las personas capturadas por el Estado Isl\u00e1mico. He enviado una lista de personas cuya suerte y paradero son a\u00fan desconocidos a muchas personas particulares, organizaciones y asociaciones. En esta lista, por supuesto, estaba tambi\u00e9n Cristina, la m\u00e1s joven de todos.<\/p>\n<p><strong>\u00bfC\u00f3mo se siente tras este regreso milagroso?<\/strong><\/p>\n<p>\u00a1Lo que ha ocurrido con Cristina y su familia y con nosotros es un milagro divino! En mi humilde opini\u00f3n, este es el cuarto nacimiento de Cristina: el primero, cuando la alumbr\u00f3 su madre; el segundo, su bautizo; el tercero, cuando una familia musulmana la adopt\u00f3 y la cuid\u00f3 durante el periodo que estuvo perdida; y, finalmente, el cuarto, cuando su familia y su comunidad cristiana la recuperaron. Ahora Cristina ha recibido una nueva vida. Damos gracias a Dios por Su actuar, con ella, con su familia y con todos nosotros.<\/p>\n<p><strong>\u00bfSabe usted d\u00f3nde permaneci\u00f3 escondida Cristina durante estos tres a\u00f1os? <\/strong><\/p>\n<p>El padre de Cristina nos explicaba tras el secuestro: \u201cNo dej\u00e1bamos de preguntar a la gente que permaneci\u00f3 en la regi\u00f3n acerca de nuestra hija. La \u00faltima llamada telef\u00f3nica que recibimos era de uno de nuestros parientes, que nos asegur\u00f3 que Cristina estaba bien y que hab\u00eda sido vista con uno de los soldados del Estado Isl\u00e1mico cerca de la mezquita. Despu\u00e9s, toda comunicaci\u00f3n qued\u00f3 interrumpida\u201d. Cinco meses tras el secuestro, un conocido de la familia de Cristina le hizo saber que la ni\u00f1a estaba bien y que viv\u00eda con una familia musulmana en el barrio de Al-Tanak en Mosul. La familia musulmana se hab\u00eda llevado a Cristina de una mezquita en Mosul a su casa y la estaban tratando como si fuera su propia hija. Adem\u00e1s, esta familia quer\u00eda que la ni\u00f1a volviera con su familia verdadera, pero tem\u00edan por su seguridad, por la que se la quedaron, la protegieron y la cuidaron.<\/p>\n<p><strong>Con ocasi\u00f3n de una estancia en Ankawa, un equipo de ACN se reuni\u00f3 con los padres de Cristina cuando todav\u00eda no se sab\u00eda nada acerca de su paradero. Fue un encuentro duro, pero tambi\u00e9n fue sorprendente presenciar su fe. \u00bfSiempre preservaron su fe en el regreso de Cristina?<\/strong><\/p>\n<p>Durante dos a\u00f1os, a la familia de Cristina le llegaban fragmentos de informaciones sobre la ni\u00f1a, pero no pudieron ponerse en contacto directo con ella. Gracias a muchas agencias de noticias extranjeras y \u00e1rabes y cadenas por sat\u00e9lite que se reunieron con la familia de Cristina y que escribieron sobre su secuestro, su historia fue ampliamente difundida, y tambi\u00e9n sus padres y familia se afanaron en buscarla y publicaron su foto. Su padre rezaba el Rosario cada d\u00eda por su regreso, y en la caravana en la que viven en su involuntario exilio ten\u00eda im\u00e1genes de santos junto a la foto de Cristina pegadas a las paredes. Muchos creyentes se unieron a la familia en la oraci\u00f3n por el regreso de esta ni\u00f1a y de todas las dem\u00e1s personas desaparecidas.<\/p>\n<p><strong>\u00bfC\u00f3mo ha sido ahora posible llevarla de regreso junto a su familia? <\/strong><\/p>\n<p>Cuando empezaron las luchas en el sur de Mosul, la familia musulmana que se hab\u00eda hecho cargo de Cristina se traslad\u00f3 a un lugar m\u00e1s seguro. El padre llam\u00f3 entonces a una persona que conoc\u00eda a Cristina de Bajdida y le pidi\u00f3 que le diera el n\u00famero de m\u00f3vil de alg\u00fan miembro de la familia de Cristina. As\u00ed obtuvo el n\u00famero del hermano mayor de Cristina, al que llam\u00f3 ya avanzada la noche del jueves, 9 de junio de 2017, para pedirle que recogiera a su hermana en un barrio de Mosul.<\/p>\n<p>Al d\u00eda siguiente, en la ma\u00f1ana del viernes, 10 de junio, la familia de Cristina acudi\u00f3 al punto de encuentro y as\u00ed se conocieron ambas familias. Cristina, que estaba perfectamente, fue entregada a su familia verdadera. Sus padres dieron las gracias a la familia que la hab\u00eda cuidado durante los \u00faltimos tres a\u00f1os. As\u00ed, finalmente, Cristina regres\u00f3 junto a sus verdaderos padres, su familia, sus parientes y su gente.<\/p>\n<p><strong>\u00bfC\u00f3mo est\u00e1 Cristina ahora? Debe de estar muy confundida\u2026 <\/strong><\/p>\n<p>En la actualidad, tiene casi seis a\u00f1os de edad, y todav\u00eda est\u00e1 en estado de <em>shock<\/em> y tiene miedo, pues ya se hab\u00eda olvidado de su padre, su madre, su hermano y sus hermanas. Tambi\u00e9n se hab\u00eda olvidado de su lengua materna siria y a su regreso solo sab\u00eda hablar \u00e1rabe. Ahora habla un poco con su familia y con los invitados que los visitan. A veces les sonr\u00ede y a veces, no. Juega con los regalos que la gente le entrega cuando la visitan para ver qu\u00e9 tal est\u00e1.<\/p>\n<p>&nbsp;<\/p>\n<p><strong>\u00bfY c\u00f3mo describir\u00eda la reacci\u00f3n de los padres, la familia y de toda la comunidad que han rezado por ella y la han esperado durante tanto tiempo? <\/strong><\/p>\n<p>La madre reaccion\u00f3 muy emotivamente y llor\u00f3 l\u00e1grimas de felicidad. Para ella, el regreso de su ni\u00f1a es un milagro. Le impresion\u00f3 profundamente lo mucho que ha crecido y cambiado, y que al principio no la reconociera. \u201cDamos gracias a Dios por haberla salvado del Daesh\u201d, dijo el padre. En cuanto a los hermanos y hermanas, no ten\u00edan palabras para explicar sus sentimientos por el regreso de su peque\u00f1a hermana. La comunidad dio la bienvenida a Cristina con m\u00fasica y danzas, y le organizaron una peque\u00f1a fiesta en el recinto en el que vive la familia. Tambi\u00e9n rezaron todos juntos para dar las gracias por su regreso y rogar por los desaparecidos que todav\u00eda est\u00e1n en el poder del Estado Isl\u00e1mico. Y todav\u00eda sigue acudiendo gente para felicitar a la familia por el regreso de su hija.<\/p>\n<p><strong>Usted ha dicho que Cristina no es el \u00fanico caso de secuestro por el Estado Isl\u00e1mico de ni\u00f1os cristianos y yazid\u00edes. \u00bfSabe usted de alg\u00fan otro caso en el que se haya recuperado a alguno?<\/strong><\/p>\n<p>No s\u00e9 de ning\u00fan otro caso en el que se haya liberado a un ni\u00f1o secuestrado y este haya regresado junto a su familia. Lo que s\u00e9 es que hay muchos cristianos capturados por el Estado Isl\u00e1mico de los que no se ha vuelto a saber nada, incluidos ni\u00f1os peque\u00f1os, adolescentes, hombres y mujeres, j\u00f3venes y mayores.<\/p>\n<p><strong>\u00bfSabe algo de los planes de futuro de la familia?<\/strong><\/p>\n<p>La casa de la familia de Cristina de Bajdida (Qarakosh) est\u00e1 destruida, por lo que actualmente viven en un campamento para refugiados cristianos en una peque\u00f1a caravana de dos habitaciones. Su hermano mayor, que trabaja en una panader\u00eda de Erbil, nos ha dicho: \u201cSinceramente, no tenemos ning\u00fan futuro en Iraq. Hace seis meses solicitamos un visado para emigrar a Francia, pero todav\u00eda no hemos obtenido respuesta. Esta caravana es peque\u00f1a y la vida es dura\u201d. Ruego a todas las organizaciones y asociaciones que se encargan de ni\u00f1os que apoyen a la familia de Cristina y que ofrezcan apoyo psicol\u00f3gico a la peque\u00f1a para ayudarla a reintegrarse en su familia y su comunidad.<\/p>\n<p><strong>\u00bfTiene usted un mensaje para todos los amigos y benefactores de nuestra Fundaci\u00f3n en el mundo entero?<\/strong><\/p>\n<p>Mi mensaje es como una oraci\u00f3n: \u201cDamos gracias a Dios por esta gran bendici\u00f3n y milagro que nos ha concedido. Damos gracias a la familia musulmana que se ha hecho cargo de Cristina. Damos gracias a todos los que han contribuido a su regreso. Rezamos por Cristina, por que sea capaz de volver a empezar a conocer a sus padres y familia verdaderos y de integrarse en su comunidad cristiana. Rezamos por la familia de Cristina, que todav\u00eda no ha superado la impresi\u00f3n de haber recuperado a su ni\u00f1a. Esto ha sido un verdadero milagro, un nuevo nacimiento y una nueva vida. Rezamos por quien tienda una mano a esta ni\u00f1a y su familia para ayudarlas como sea. Rezamos por el regreso de los cautivos, presos y secuestrados del Estado Isl\u00e1mico y otras facciones. Y tambi\u00e9n rezamos por que la paz, la seguridad y la estabilidad prevalezcan en nuestro Iraq herido y en todo el mundo. Am\u00e9n\u201d.<\/p>\n","protected":false},"excerpt":{"rendered":"<p>\u201cRecen por la familia de Cristina, que todav\u00eda no ha superado la impresi\u00f3n de volver a ver a su ni\u00f1a.<\/p>\n","protected":false},"author":1,"featured_media":114870,"comment_status":"open","ping_status":"open","sticky":false,"template":"","format":"standard","meta":{"_acf_changed":false,"_acn_coauthor_ids":[],"_acn_featured_article":false,"footnotes":""},"categories":[745],"tags":[],"country":[],"class_list":["post-114869","post","type-post","status-publish","format-standard","has-post-thumbnail","hentry","category-entrevistas"],"acn_coauthors":[],"acf":[],"yoast_head":"<!-- This site is optimized with the Yoast SEO Premium plugin v27.5 (Yoast SEO v27.5) - https:\/\/yoast.com\/product\/yoast-seo-premium-wordpress\/ -->\n<title>El padre de Cristina rezaba a diario el Rosario por su regreso | ACN International<\/title>\n<meta name=\"robots\" content=\"index, follow, max-snippet:-1, max-image-preview:large, max-video-preview:-1\" \/>\n<link rel=\"canonical\" href=\"https:\/\/acninternational.org\/es\/el-padre-de-cristina-rezaba-a-diario-el-rosario-por-su-regreso\/\" \/>\n<meta property=\"og:locale\" content=\"es_ES\" \/>\n<meta property=\"og:type\" content=\"article\" \/>\n<meta property=\"og:title\" content=\"El padre de Cristina rezaba a diario el Rosario por su regreso\" \/>\n<meta property=\"og:description\" content=\"\u201cRecen por la familia de Cristina, que todav\u00eda no ha superado la impresi\u00f3n de volver a ver a su ni\u00f1a.\" \/>\n<meta property=\"og:url\" content=\"https:\/\/acninternational.org\/es\/el-padre-de-cristina-rezaba-a-diario-el-rosario-por-su-regreso\/\" \/>\n<meta property=\"og:site_name\" content=\"ACN International\" \/>\n<meta property=\"article:publisher\" content=\"https:\/\/www.facebook.com\/acninternationalorg\" \/>\n<meta property=\"article:published_time\" content=\"2017-06-15T22:00:00+00:00\" \/>\n<meta property=\"og:image\" content=\"https:\/\/media.acninternational.org\/wp-content\/uploads\/2019\/11\/El-padre-de-Cristina-rezaba-a-diario-el-Rosario-por-su-regreso-image.jpg\" \/>\n\t<meta property=\"og:image:width\" content=\"1980\" \/>\n\t<meta property=\"og:image:height\" content=\"800\" \/>\n\t<meta property=\"og:image:type\" content=\"image\/jpeg\" \/>\n<meta name=\"author\" content=\"admin_acn\" \/>\n<meta name=\"twitter:card\" content=\"summary_large_image\" \/>\n<meta name=\"twitter:creator\" content=\"@acn_int\" \/>\n<meta name=\"twitter:site\" content=\"@acn_int\" \/>\n<meta name=\"twitter:label1\" content=\"Escrito por\" \/>\n\t<meta name=\"twitter:data1\" content=\"admin_acn\" \/>\n\t<meta name=\"twitter:label2\" content=\"Tiempo de lectura\" \/>\n\t<meta name=\"twitter:data2\" content=\"9 minutos\" \/>\n<script type=\"application\/ld+json\" class=\"yoast-schema-graph\">{\"@context\":\"https:\\\/\\\/schema.org\",\"@graph\":[{\"@type\":\"Article\",\"@id\":\"https:\\\/\\\/acninternational.org\\\/es\\\/el-padre-de-cristina-rezaba-a-diario-el-rosario-por-su-regreso\\\/#article\",\"isPartOf\":{\"@id\":\"https:\\\/\\\/acninternational.org\\\/es\\\/el-padre-de-cristina-rezaba-a-diario-el-rosario-por-su-regreso\\\/\"},\"author\":{\"name\":\"admin_acn\",\"@id\":\"https:\\\/\\\/acninternational.org\\\/es\\\/#\\\/schema\\\/person\\\/5a7468d38fb12b1976b6eeda95c21ebc\"},\"headline\":\"El padre de Cristina rezaba a diario el Rosario por su regreso\",\"datePublished\":\"2017-06-15T22:00:00+00:00\",\"mainEntityOfPage\":{\"@id\":\"https:\\\/\\\/acninternational.org\\\/es\\\/el-padre-de-cristina-rezaba-a-diario-el-rosario-por-su-regreso\\\/\"},\"wordCount\":1801,\"commentCount\":0,\"publisher\":{\"@id\":\"https:\\\/\\\/acninternational.org\\\/es\\\/#organization\"},\"image\":{\"@id\":\"https:\\\/\\\/acninternational.org\\\/es\\\/el-padre-de-cristina-rezaba-a-diario-el-rosario-por-su-regreso\\\/#primaryimage\"},\"thumbnailUrl\":\"https:\\\/\\\/media.acninternational.org\\\/wp-content\\\/uploads\\\/2019\\\/11\\\/El-padre-de-Cristina-rezaba-a-diario-el-Rosario-por-su-regreso-image.jpg\",\"articleSection\":[\"ENTREVISTAS\"],\"inLanguage\":\"es\",\"potentialAction\":[{\"@type\":\"CommentAction\",\"name\":\"Comment\",\"target\":[\"https:\\\/\\\/acninternational.org\\\/es\\\/el-padre-de-cristina-rezaba-a-diario-el-rosario-por-su-regreso\\\/#respond\"]}]},{\"@type\":\"WebPage\",\"@id\":\"https:\\\/\\\/acninternational.org\\\/es\\\/el-padre-de-cristina-rezaba-a-diario-el-rosario-por-su-regreso\\\/\",\"url\":\"https:\\\/\\\/acninternational.org\\\/es\\\/el-padre-de-cristina-rezaba-a-diario-el-rosario-por-su-regreso\\\/\",\"name\":\"El padre de Cristina rezaba a diario el Rosario por su regreso | ACN International\",\"isPartOf\":{\"@id\":\"https:\\\/\\\/acninternational.org\\\/es\\\/#website\"},\"primaryImageOfPage\":{\"@id\":\"https:\\\/\\\/acninternational.org\\\/es\\\/el-padre-de-cristina-rezaba-a-diario-el-rosario-por-su-regreso\\\/#primaryimage\"},\"image\":{\"@id\":\"https:\\\/\\\/acninternational.org\\\/es\\\/el-padre-de-cristina-rezaba-a-diario-el-rosario-por-su-regreso\\\/#primaryimage\"},\"thumbnailUrl\":\"https:\\\/\\\/media.acninternational.org\\\/wp-content\\\/uploads\\\/2019\\\/11\\\/El-padre-de-Cristina-rezaba-a-diario-el-Rosario-por-su-regreso-image.jpg\",\"datePublished\":\"2017-06-15T22:00:00+00:00\",\"breadcrumb\":{\"@id\":\"https:\\\/\\\/acninternational.org\\\/es\\\/el-padre-de-cristina-rezaba-a-diario-el-rosario-por-su-regreso\\\/#breadcrumb\"},\"inLanguage\":\"es\",\"potentialAction\":[{\"@type\":\"ReadAction\",\"target\":[\"https:\\\/\\\/acninternational.org\\\/es\\\/el-padre-de-cristina-rezaba-a-diario-el-rosario-por-su-regreso\\\/\"]}]},{\"@type\":\"ImageObject\",\"inLanguage\":\"es\",\"@id\":\"https:\\\/\\\/acninternational.org\\\/es\\\/el-padre-de-cristina-rezaba-a-diario-el-rosario-por-su-regreso\\\/#primaryimage\",\"url\":\"https:\\\/\\\/media.acninternational.org\\\/wp-content\\\/uploads\\\/2019\\\/11\\\/El-padre-de-Cristina-rezaba-a-diario-el-Rosario-por-su-regreso-image.jpg\",\"contentUrl\":\"https:\\\/\\\/media.acninternational.org\\\/wp-content\\\/uploads\\\/2019\\\/11\\\/El-padre-de-Cristina-rezaba-a-diario-el-Rosario-por-su-regreso-image.jpg\",\"width\":1980,\"height\":800,\"caption\":\"El padre de Cristina rezaba a diario el Rosario por su regreso\"},{\"@type\":\"BreadcrumbList\",\"@id\":\"https:\\\/\\\/acninternational.org\\\/es\\\/el-padre-de-cristina-rezaba-a-diario-el-rosario-por-su-regreso\\\/#breadcrumb\",\"itemListElement\":[{\"@type\":\"ListItem\",\"position\":1,\"name\":\"Home\",\"item\":\"https:\\\/\\\/acninternational.org\\\/es\\\/\"},{\"@type\":\"ListItem\",\"position\":2,\"name\":\"ENTREVISTAS\",\"item\":\"https:\\\/\\\/acninternational.org\\\/es\\\/category\\\/entrevistas\\\/\"},{\"@type\":\"ListItem\",\"position\":3,\"name\":\"El padre de Cristina rezaba a diario el Rosario por su regreso\"}]},{\"@type\":\"WebSite\",\"@id\":\"https:\\\/\\\/acninternational.org\\\/es\\\/#website\",\"url\":\"https:\\\/\\\/acninternational.org\\\/es\\\/\",\"name\":\"ACN International\",\"description\":\"\",\"publisher\":{\"@id\":\"https:\\\/\\\/acninternational.org\\\/es\\\/#organization\"},\"potentialAction\":[{\"@type\":\"SearchAction\",\"target\":{\"@type\":\"EntryPoint\",\"urlTemplate\":\"https:\\\/\\\/acninternational.org\\\/es\\\/?s={search_term_string}\"},\"query-input\":{\"@type\":\"PropertyValueSpecification\",\"valueRequired\":true,\"valueName\":\"search_term_string\"}}],\"inLanguage\":\"es\"},{\"@type\":\"Organization\",\"@id\":\"https:\\\/\\\/acninternational.org\\\/es\\\/#organization\",\"name\":\"Aid to the Church in Need International\",\"url\":\"https:\\\/\\\/acninternational.org\\\/es\\\/\",\"logo\":{\"@type\":\"ImageObject\",\"inLanguage\":\"es\",\"@id\":\"https:\\\/\\\/acninternational.org\\\/es\\\/#\\\/schema\\\/logo\\\/image\\\/\",\"url\":\"https:\\\/\\\/media.acninternational.org\\\/wp-content\\\/uploads\\\/2019\\\/11\\\/acn_logo_blackvector.svg\",\"contentUrl\":\"https:\\\/\\\/media.acninternational.org\\\/wp-content\\\/uploads\\\/2019\\\/11\\\/acn_logo_blackvector.svg\",\"width\":232.6,\"height\":78,\"caption\":\"Aid to the Church in Need International\"},\"image\":{\"@id\":\"https:\\\/\\\/acninternational.org\\\/es\\\/#\\\/schema\\\/logo\\\/image\\\/\"},\"sameAs\":[\"https:\\\/\\\/www.facebook.com\\\/acninternationalorg\",\"https:\\\/\\\/x.com\\\/acn_int\",\"https:\\\/\\\/www.youtube.com\\\/channel\\\/UCQ-077gS0TnVzkhHmf1opZw\",\"https:\\\/\\\/www.instagram.com\\\/acn_international\\\/\"]},{\"@type\":\"Person\",\"@id\":\"https:\\\/\\\/acninternational.org\\\/es\\\/#\\\/schema\\\/person\\\/5a7468d38fb12b1976b6eeda95c21ebc\",\"name\":\"admin_acn\",\"url\":\"https:\\\/\\\/acninternational.org\\\/es\\\/author\\\/admin_acn\\\/\"}]}<\/script>\n<!-- \/ Yoast SEO Premium plugin. -->","yoast_head_json":{"title":"El padre de Cristina rezaba a diario el Rosario por su regreso | ACN International","robots":{"index":"index","follow":"follow","max-snippet":"max-snippet:-1","max-image-preview":"max-image-preview:large","max-video-preview":"max-video-preview:-1"},"canonical":"https:\/\/acninternational.org\/es\/el-padre-de-cristina-rezaba-a-diario-el-rosario-por-su-regreso\/","og_locale":"es_ES","og_type":"article","og_title":"El padre de Cristina rezaba a diario el Rosario por su regreso","og_description":"\u201cRecen por la familia de Cristina, que todav\u00eda no ha superado la impresi\u00f3n de volver a ver a su ni\u00f1a.","og_url":"https:\/\/acninternational.org\/es\/el-padre-de-cristina-rezaba-a-diario-el-rosario-por-su-regreso\/","og_site_name":"ACN International","article_publisher":"https:\/\/www.facebook.com\/acninternationalorg","article_published_time":"2017-06-15T22:00:00+00:00","og_image":[{"width":1980,"height":800,"url":"https:\/\/media.acninternational.org\/wp-content\/uploads\/2019\/11\/El-padre-de-Cristina-rezaba-a-diario-el-Rosario-por-su-regreso-image.jpg","type":"image\/jpeg"}],"author":"admin_acn","twitter_card":"summary_large_image","twitter_creator":"@acn_int","twitter_site":"@acn_int","twitter_misc":{"Escrito por":"admin_acn","Tiempo de lectura":"9 minutos"},"schema":{"@context":"https:\/\/schema.org","@graph":[{"@type":"Article","@id":"https:\/\/acninternational.org\/es\/el-padre-de-cristina-rezaba-a-diario-el-rosario-por-su-regreso\/#article","isPartOf":{"@id":"https:\/\/acninternational.org\/es\/el-padre-de-cristina-rezaba-a-diario-el-rosario-por-su-regreso\/"},"author":{"name":"admin_acn","@id":"https:\/\/acninternational.org\/es\/#\/schema\/person\/5a7468d38fb12b1976b6eeda95c21ebc"},"headline":"El padre de Cristina rezaba a diario el Rosario por su regreso","datePublished":"2017-06-15T22:00:00+00:00","mainEntityOfPage":{"@id":"https:\/\/acninternational.org\/es\/el-padre-de-cristina-rezaba-a-diario-el-rosario-por-su-regreso\/"},"wordCount":1801,"commentCount":0,"publisher":{"@id":"https:\/\/acninternational.org\/es\/#organization"},"image":{"@id":"https:\/\/acninternational.org\/es\/el-padre-de-cristina-rezaba-a-diario-el-rosario-por-su-regreso\/#primaryimage"},"thumbnailUrl":"https:\/\/media.acninternational.org\/wp-content\/uploads\/2019\/11\/El-padre-de-Cristina-rezaba-a-diario-el-Rosario-por-su-regreso-image.jpg","articleSection":["ENTREVISTAS"],"inLanguage":"es","potentialAction":[{"@type":"CommentAction","name":"Comment","target":["https:\/\/acninternational.org\/es\/el-padre-de-cristina-rezaba-a-diario-el-rosario-por-su-regreso\/#respond"]}]},{"@type":"WebPage","@id":"https:\/\/acninternational.org\/es\/el-padre-de-cristina-rezaba-a-diario-el-rosario-por-su-regreso\/","url":"https:\/\/acninternational.org\/es\/el-padre-de-cristina-rezaba-a-diario-el-rosario-por-su-regreso\/","name":"El padre de Cristina rezaba a diario el Rosario por su regreso | ACN International","isPartOf":{"@id":"https:\/\/acninternational.org\/es\/#website"},"primaryImageOfPage":{"@id":"https:\/\/acninternational.org\/es\/el-padre-de-cristina-rezaba-a-diario-el-rosario-por-su-regreso\/#primaryimage"},"image":{"@id":"https:\/\/acninternational.org\/es\/el-padre-de-cristina-rezaba-a-diario-el-rosario-por-su-regreso\/#primaryimage"},"thumbnailUrl":"https:\/\/media.acninternational.org\/wp-content\/uploads\/2019\/11\/El-padre-de-Cristina-rezaba-a-diario-el-Rosario-por-su-regreso-image.jpg","datePublished":"2017-06-15T22:00:00+00:00","breadcrumb":{"@id":"https:\/\/acninternational.org\/es\/el-padre-de-cristina-rezaba-a-diario-el-rosario-por-su-regreso\/#breadcrumb"},"inLanguage":"es","potentialAction":[{"@type":"ReadAction","target":["https:\/\/acninternational.org\/es\/el-padre-de-cristina-rezaba-a-diario-el-rosario-por-su-regreso\/"]}]},{"@type":"ImageObject","inLanguage":"es","@id":"https:\/\/acninternational.org\/es\/el-padre-de-cristina-rezaba-a-diario-el-rosario-por-su-regreso\/#primaryimage","url":"https:\/\/media.acninternational.org\/wp-content\/uploads\/2019\/11\/El-padre-de-Cristina-rezaba-a-diario-el-Rosario-por-su-regreso-image.jpg","contentUrl":"https:\/\/media.acninternational.org\/wp-content\/uploads\/2019\/11\/El-padre-de-Cristina-rezaba-a-diario-el-Rosario-por-su-regreso-image.jpg","width":1980,"height":800,"caption":"El padre de Cristina rezaba a diario el Rosario por su regreso"},{"@type":"BreadcrumbList","@id":"https:\/\/acninternational.org\/es\/el-padre-de-cristina-rezaba-a-diario-el-rosario-por-su-regreso\/#breadcrumb","itemListElement":[{"@type":"ListItem","position":1,"name":"Home","item":"https:\/\/acninternational.org\/es\/"},{"@type":"ListItem","position":2,"name":"ENTREVISTAS","item":"https:\/\/acninternational.org\/es\/category\/entrevistas\/"},{"@type":"ListItem","position":3,"name":"El padre de Cristina rezaba a diario el Rosario por su regreso"}]},{"@type":"WebSite","@id":"https:\/\/acninternational.org\/es\/#website","url":"https:\/\/acninternational.org\/es\/","name":"ACN International","description":"","publisher":{"@id":"https:\/\/acninternational.org\/es\/#organization"},"potentialAction":[{"@type":"SearchAction","target":{"@type":"EntryPoint","urlTemplate":"https:\/\/acninternational.org\/es\/?s={search_term_string}"},"query-input":{"@type":"PropertyValueSpecification","valueRequired":true,"valueName":"search_term_string"}}],"inLanguage":"es"},{"@type":"Organization","@id":"https:\/\/acninternational.org\/es\/#organization","name":"Aid to the Church in Need International","url":"https:\/\/acninternational.org\/es\/","logo":{"@type":"ImageObject","inLanguage":"es","@id":"https:\/\/acninternational.org\/es\/#\/schema\/logo\/image\/","url":"https:\/\/media.acninternational.org\/wp-content\/uploads\/2019\/11\/acn_logo_blackvector.svg","contentUrl":"https:\/\/media.acninternational.org\/wp-content\/uploads\/2019\/11\/acn_logo_blackvector.svg","width":232.6,"height":78,"caption":"Aid to the Church in Need International"},"image":{"@id":"https:\/\/acninternational.org\/es\/#\/schema\/logo\/image\/"},"sameAs":["https:\/\/www.facebook.com\/acninternationalorg","https:\/\/x.com\/acn_int","https:\/\/www.youtube.com\/channel\/UCQ-077gS0TnVzkhHmf1opZw","https:\/\/www.instagram.com\/acn_international\/"]},{"@type":"Person","@id":"https:\/\/acninternational.org\/es\/#\/schema\/person\/5a7468d38fb12b1976b6eeda95c21ebc","name":"admin_acn","url":"https:\/\/acninternational.org\/es\/author\/admin_acn\/"}]}},"_links":{"self":[{"href":"https:\/\/acninternational.org\/es\/wp-json\/wp\/v2\/posts\/114869","targetHints":{"allow":["GET"]}}],"collection":[{"href":"https:\/\/acninternational.org\/es\/wp-json\/wp\/v2\/posts"}],"about":[{"href":"https:\/\/acninternational.org\/es\/wp-json\/wp\/v2\/types\/post"}],"author":[{"embeddable":true,"href":"https:\/\/acninternational.org\/es\/wp-json\/wp\/v2\/users\/1"}],"replies":[{"embeddable":true,"href":"https:\/\/acninternational.org\/es\/wp-json\/wp\/v2\/comments?post=114869"}],"version-history":[{"count":0,"href":"https:\/\/acninternational.org\/es\/wp-json\/wp\/v2\/posts\/114869\/revisions"}],"wp:featuredmedia":[{"embeddable":true,"href":"https:\/\/acninternational.org\/es\/wp-json\/wp\/v2\/media\/114870"}],"wp:attachment":[{"href":"https:\/\/acninternational.org\/es\/wp-json\/wp\/v2\/media?parent=114869"}],"wp:term":[{"taxonomy":"category","embeddable":true,"href":"https:\/\/acninternational.org\/es\/wp-json\/wp\/v2\/categories?post=114869"},{"taxonomy":"post_tag","embeddable":true,"href":"https:\/\/acninternational.org\/es\/wp-json\/wp\/v2\/tags?post=114869"},{"taxonomy":"country","embeddable":true,"href":"https:\/\/acninternational.org\/es\/wp-json\/wp\/v2\/country?post=114869"}],"curies":[{"name":"wp","href":"https:\/\/api.w.org\/{rel}","templated":true}]}}