{"id":114787,"date":"2017-06-12T00:00:00","date_gmt":"2017-06-11T22:00:00","guid":{"rendered":"https:\/\/acninternational.org\/bicicletas-para-30-catequistas-de-gambella\/"},"modified":"2017-06-12T00:00:00","modified_gmt":"2017-06-11T22:00:00","slug":"bicicletas-para-30-catequistas-de-gambella","status":"publish","type":"post","link":"https:\/\/acninternational.org\/es\/bicicletas-para-30-catequistas-de-gambella\/","title":{"rendered":"Bicicletas para 30 catequistas de Gambella"},"content":{"rendered":"<p>El Vicariato Apost\u00f3lico de Gambella se encuentra en el extremo oeste de Etiop\u00eda, en la frontera con Sud\u00e1n del Sur, en un territorio subdesarrollado en el que reina una profunda pobreza. Muchos de los ni\u00f1os est\u00e1n all\u00ed visiblemente desnutridos. Entre las tribus que cultivan el campo y las tribus ganaderas surgen una y otra vez sangrientos conflictos: el ganado se come la cosecha y los campesinos ocupan las tierras de pasto. Dada la escasez de tierras f\u00e9rtiles, cada parte defiende con violencia las que cree suyas. En los \u00faltimos tiempos tambi\u00e9n han surgido conflictos entre la poblaci\u00f3n nativa y los refugiados de la tribu de los nuer procedentes de Sud\u00e1n del Sur. Seg\u00fan datos de la Oficina del Alto Comisionado para los Derechos Humanos (UNHCR, por sus siglas en ingl\u00e9s), all\u00ed se han refugiado m\u00e1s de 330.000 personas de Sud\u00e1n del Sur, a saber, casi tantas personas como habitantes nativos hay en la ciudad de Gambella. Sobre todo en la primavera de 2016 se registraron sangrientos disturbios que se saldaron con varios muertos. La Iglesia Cat\u00f3lica promueve la paz y la reconciliaci\u00f3n, y es la \u00fanica fuerza en esta regi\u00f3n \u2013que se asemeja a un polvor\u00edn\u2013 capaz de hacer frente a la violencia, el odio y la creciente ira.<\/p>\n<p>&nbsp;<\/p>\n<p>Mucha gente de esta regi\u00f3n no ha o\u00eddo hablar todav\u00eda de la Buena Nueva de Jesucristo, pero su actitud hacia la Iglesia es abierta y muchos quieren bautizarse. Sin embargo, los numerosos poblados de la zona rural est\u00e1n muy alejados los unos de los otros y adem\u00e1s hay pocos sacerdotes. Por esta raz\u00f3n, los catequistas desempe\u00f1an una importante labor, pues preparan a los catec\u00famenos para el bautizo y, adem\u00e1s, impulsan el proceso de paz y reconciliaci\u00f3n.<\/p>\n<p>&nbsp;<\/p>\n<p>Los domingos los catequistas recorren trayectos de varias horas a pie para acudir a los poblados en los que no se celebra la Santa Misa para rezar con la gente e instruirla en la fe. Para ahorrar el tiempo y las energ\u00edas que necesitan para su valioso servicio, <em>Ayuda a la Iglesia Necesitada <\/em>les ha prometido 7.500 euros, para que cada uno de los treinta catequistas disponga de una bicicleta. De esta forma, podr\u00e1n visitar m\u00e1s poblados y ocuparse durante m\u00e1s tiempo de la evangelizaci\u00f3n.<\/p>\n","protected":false},"excerpt":{"rendered":"<p>El Vicariato Apost\u00f3lico de Gambella se encuentra en el extremo oeste de Etiop\u00eda, en la frontera con Sud\u00e1n del Sur,<\/p>\n","protected":false},"author":1,"featured_media":114788,"comment_status":"open","ping_status":"open","sticky":false,"template":"","format":"standard","meta":{"_acf_changed":false,"_acn_coauthor_ids":[],"footnotes":""},"categories":[734,720,714],"tags":[],"country":[],"class_list":["post-114787","post","type-post","status-publish","format-standard","has-post-thumbnail","hentry","category-formacion-de-laicos","category-medios-de-transporte","category-proyecto"],"acn_coauthors":[],"acf":[],"yoast_head":"<!-- This site is optimized with the Yoast SEO Premium plugin v27.3 (Yoast SEO v27.3) - https:\/\/yoast.com\/product\/yoast-seo-premium-wordpress\/ -->\n<title>Bicicletas para 30 catequistas de Gambella | ACN International<\/title>\n<meta name=\"robots\" content=\"index, follow, max-snippet:-1, max-image-preview:large, max-video-preview:-1\" \/>\n<link rel=\"canonical\" href=\"https:\/\/acninternational.org\/es\/bicicletas-para-30-catequistas-de-gambella\/\" \/>\n<meta property=\"og:locale\" content=\"es_ES\" \/>\n<meta property=\"og:type\" content=\"article\" \/>\n<meta property=\"og:title\" content=\"Bicicletas para 30 catequistas de Gambella\" \/>\n<meta property=\"og:description\" content=\"El Vicariato Apost\u00f3lico de Gambella se encuentra en el extremo oeste de Etiop\u00eda, en la frontera con Sud\u00e1n del Sur,\" \/>\n<meta property=\"og:url\" content=\"https:\/\/acninternational.org\/es\/bicicletas-para-30-catequistas-de-gambella\/\" \/>\n<meta property=\"og:site_name\" content=\"ACN International\" \/>\n<meta property=\"article:publisher\" content=\"https:\/\/www.facebook.com\/acninternationalorg\" \/>\n<meta property=\"article:published_time\" content=\"2017-06-11T22:00:00+00:00\" \/>\n<meta property=\"og:image\" content=\"https:\/\/media.acninternational.org\/wp-content\/uploads\/2019\/11\/Bicicletas-para-30-catequistas-de-Gambella-image.jpg\" \/>\n\t<meta property=\"og:image:width\" content=\"1980\" \/>\n\t<meta property=\"og:image:height\" content=\"800\" \/>\n\t<meta property=\"og:image:type\" content=\"image\/jpeg\" \/>\n<meta name=\"author\" content=\"admin_acn\" \/>\n<meta name=\"twitter:card\" content=\"summary_large_image\" \/>\n<meta name=\"twitter:creator\" content=\"@acn_int\" \/>\n<meta name=\"twitter:site\" content=\"@acn_int\" \/>\n<meta name=\"twitter:label1\" content=\"Escrito por\" \/>\n\t<meta name=\"twitter:data1\" content=\"admin_acn\" \/>\n\t<meta name=\"twitter:label2\" content=\"Tiempo de lectura\" \/>\n\t<meta name=\"twitter:data2\" content=\"2 minutos\" \/>\n<script type=\"application\/ld+json\" class=\"yoast-schema-graph\">{\"@context\":\"https:\\\/\\\/schema.org\",\"@graph\":[{\"@type\":\"Article\",\"@id\":\"https:\\\/\\\/acninternational.org\\\/es\\\/bicicletas-para-30-catequistas-de-gambella\\\/#article\",\"isPartOf\":{\"@id\":\"https:\\\/\\\/acninternational.org\\\/es\\\/bicicletas-para-30-catequistas-de-gambella\\\/\"},\"author\":{\"name\":\"admin_acn\",\"@id\":\"https:\\\/\\\/acninternational.org\\\/es\\\/#\\\/schema\\\/person\\\/5a7468d38fb12b1976b6eeda95c21ebc\"},\"headline\":\"Bicicletas para 30 catequistas de Gambella\",\"datePublished\":\"2017-06-11T22:00:00+00:00\",\"mainEntityOfPage\":{\"@id\":\"https:\\\/\\\/acninternational.org\\\/es\\\/bicicletas-para-30-catequistas-de-gambella\\\/\"},\"wordCount\":406,\"commentCount\":0,\"publisher\":{\"@id\":\"https:\\\/\\\/acninternational.org\\\/es\\\/#organization\"},\"image\":{\"@id\":\"https:\\\/\\\/acninternational.org\\\/es\\\/bicicletas-para-30-catequistas-de-gambella\\\/#primaryimage\"},\"thumbnailUrl\":\"https:\\\/\\\/media.acninternational.org\\\/wp-content\\\/uploads\\\/2019\\\/11\\\/Bicicletas-para-30-catequistas-de-Gambella-image.jpg\",\"articleSection\":[\"FORMACI\u00d3N DE LAICOS\",\"MEDIOS DE TRANSPORTE\",\"PROYECTO\"],\"inLanguage\":\"es\",\"potentialAction\":[{\"@type\":\"CommentAction\",\"name\":\"Comment\",\"target\":[\"https:\\\/\\\/acninternational.org\\\/es\\\/bicicletas-para-30-catequistas-de-gambella\\\/#respond\"]}]},{\"@type\":\"WebPage\",\"@id\":\"https:\\\/\\\/acninternational.org\\\/es\\\/bicicletas-para-30-catequistas-de-gambella\\\/\",\"url\":\"https:\\\/\\\/acninternational.org\\\/es\\\/bicicletas-para-30-catequistas-de-gambella\\\/\",\"name\":\"Bicicletas para 30 catequistas de Gambella | ACN International\",\"isPartOf\":{\"@id\":\"https:\\\/\\\/acninternational.org\\\/es\\\/#website\"},\"primaryImageOfPage\":{\"@id\":\"https:\\\/\\\/acninternational.org\\\/es\\\/bicicletas-para-30-catequistas-de-gambella\\\/#primaryimage\"},\"image\":{\"@id\":\"https:\\\/\\\/acninternational.org\\\/es\\\/bicicletas-para-30-catequistas-de-gambella\\\/#primaryimage\"},\"thumbnailUrl\":\"https:\\\/\\\/media.acninternational.org\\\/wp-content\\\/uploads\\\/2019\\\/11\\\/Bicicletas-para-30-catequistas-de-Gambella-image.jpg\",\"datePublished\":\"2017-06-11T22:00:00+00:00\",\"breadcrumb\":{\"@id\":\"https:\\\/\\\/acninternational.org\\\/es\\\/bicicletas-para-30-catequistas-de-gambella\\\/#breadcrumb\"},\"inLanguage\":\"es\",\"potentialAction\":[{\"@type\":\"ReadAction\",\"target\":[\"https:\\\/\\\/acninternational.org\\\/es\\\/bicicletas-para-30-catequistas-de-gambella\\\/\"]}]},{\"@type\":\"ImageObject\",\"inLanguage\":\"es\",\"@id\":\"https:\\\/\\\/acninternational.org\\\/es\\\/bicicletas-para-30-catequistas-de-gambella\\\/#primaryimage\",\"url\":\"https:\\\/\\\/media.acninternational.org\\\/wp-content\\\/uploads\\\/2019\\\/11\\\/Bicicletas-para-30-catequistas-de-Gambella-image.jpg\",\"contentUrl\":\"https:\\\/\\\/media.acninternational.org\\\/wp-content\\\/uploads\\\/2019\\\/11\\\/Bicicletas-para-30-catequistas-de-Gambella-image.jpg\",\"width\":1980,\"height\":800,\"caption\":\"Bicicletas para 30 catequistas de Gambella\"},{\"@type\":\"BreadcrumbList\",\"@id\":\"https:\\\/\\\/acninternational.org\\\/es\\\/bicicletas-para-30-catequistas-de-gambella\\\/#breadcrumb\",\"itemListElement\":[{\"@type\":\"ListItem\",\"position\":1,\"name\":\"Home\",\"item\":\"https:\\\/\\\/acninternational.org\\\/es\\\/\"},{\"@type\":\"ListItem\",\"position\":2,\"name\":\"PROYECTO\",\"item\":\"https:\\\/\\\/acninternational.org\\\/es\\\/category\\\/proyecto\\\/\"},{\"@type\":\"ListItem\",\"position\":3,\"name\":\"FORMACI\u00d3N DE LAICOS\",\"item\":\"https:\\\/\\\/acninternational.org\\\/es\\\/category\\\/proyecto\\\/formacion-de-laicos\\\/\"},{\"@type\":\"ListItem\",\"position\":4,\"name\":\"Bicicletas para 30 catequistas de Gambella\"}]},{\"@type\":\"WebSite\",\"@id\":\"https:\\\/\\\/acninternational.org\\\/es\\\/#website\",\"url\":\"https:\\\/\\\/acninternational.org\\\/es\\\/\",\"name\":\"ACN International\",\"description\":\"\",\"publisher\":{\"@id\":\"https:\\\/\\\/acninternational.org\\\/es\\\/#organization\"},\"potentialAction\":[{\"@type\":\"SearchAction\",\"target\":{\"@type\":\"EntryPoint\",\"urlTemplate\":\"https:\\\/\\\/acninternational.org\\\/es\\\/?s={search_term_string}\"},\"query-input\":{\"@type\":\"PropertyValueSpecification\",\"valueRequired\":true,\"valueName\":\"search_term_string\"}}],\"inLanguage\":\"es\"},{\"@type\":\"Organization\",\"@id\":\"https:\\\/\\\/acninternational.org\\\/es\\\/#organization\",\"name\":\"Aid to the Church in Need International\",\"url\":\"https:\\\/\\\/acninternational.org\\\/es\\\/\",\"logo\":{\"@type\":\"ImageObject\",\"inLanguage\":\"es\",\"@id\":\"https:\\\/\\\/acninternational.org\\\/es\\\/#\\\/schema\\\/logo\\\/image\\\/\",\"url\":\"https:\\\/\\\/media.acninternational.org\\\/wp-content\\\/uploads\\\/2019\\\/11\\\/acn_logo_blackvector.svg\",\"contentUrl\":\"https:\\\/\\\/media.acninternational.org\\\/wp-content\\\/uploads\\\/2019\\\/11\\\/acn_logo_blackvector.svg\",\"width\":232.6,\"height\":78,\"caption\":\"Aid to the Church in Need International\"},\"image\":{\"@id\":\"https:\\\/\\\/acninternational.org\\\/es\\\/#\\\/schema\\\/logo\\\/image\\\/\"},\"sameAs\":[\"https:\\\/\\\/www.facebook.com\\\/acninternationalorg\",\"https:\\\/\\\/x.com\\\/acn_int\",\"https:\\\/\\\/www.youtube.com\\\/channel\\\/UCQ-077gS0TnVzkhHmf1opZw\",\"https:\\\/\\\/www.instagram.com\\\/acn_international\\\/\"]},{\"@type\":\"Person\",\"@id\":\"https:\\\/\\\/acninternational.org\\\/es\\\/#\\\/schema\\\/person\\\/5a7468d38fb12b1976b6eeda95c21ebc\",\"name\":\"admin_acn\",\"url\":\"https:\\\/\\\/acninternational.org\\\/es\\\/author\\\/admin_acn\\\/\"}]}<\/script>\n<!-- \/ Yoast SEO Premium plugin. -->","yoast_head_json":{"title":"Bicicletas para 30 catequistas de Gambella | ACN International","robots":{"index":"index","follow":"follow","max-snippet":"max-snippet:-1","max-image-preview":"max-image-preview:large","max-video-preview":"max-video-preview:-1"},"canonical":"https:\/\/acninternational.org\/es\/bicicletas-para-30-catequistas-de-gambella\/","og_locale":"es_ES","og_type":"article","og_title":"Bicicletas para 30 catequistas de Gambella","og_description":"El Vicariato Apost\u00f3lico de Gambella se encuentra en el extremo oeste de Etiop\u00eda, en la frontera con Sud\u00e1n del Sur,","og_url":"https:\/\/acninternational.org\/es\/bicicletas-para-30-catequistas-de-gambella\/","og_site_name":"ACN International","article_publisher":"https:\/\/www.facebook.com\/acninternationalorg","article_published_time":"2017-06-11T22:00:00+00:00","og_image":[{"width":1980,"height":800,"url":"https:\/\/media.acninternational.org\/wp-content\/uploads\/2019\/11\/Bicicletas-para-30-catequistas-de-Gambella-image.jpg","type":"image\/jpeg"}],"author":"admin_acn","twitter_card":"summary_large_image","twitter_creator":"@acn_int","twitter_site":"@acn_int","twitter_misc":{"Escrito por":"admin_acn","Tiempo de lectura":"2 minutos"},"schema":{"@context":"https:\/\/schema.org","@graph":[{"@type":"Article","@id":"https:\/\/acninternational.org\/es\/bicicletas-para-30-catequistas-de-gambella\/#article","isPartOf":{"@id":"https:\/\/acninternational.org\/es\/bicicletas-para-30-catequistas-de-gambella\/"},"author":{"name":"admin_acn","@id":"https:\/\/acninternational.org\/es\/#\/schema\/person\/5a7468d38fb12b1976b6eeda95c21ebc"},"headline":"Bicicletas para 30 catequistas de Gambella","datePublished":"2017-06-11T22:00:00+00:00","mainEntityOfPage":{"@id":"https:\/\/acninternational.org\/es\/bicicletas-para-30-catequistas-de-gambella\/"},"wordCount":406,"commentCount":0,"publisher":{"@id":"https:\/\/acninternational.org\/es\/#organization"},"image":{"@id":"https:\/\/acninternational.org\/es\/bicicletas-para-30-catequistas-de-gambella\/#primaryimage"},"thumbnailUrl":"https:\/\/media.acninternational.org\/wp-content\/uploads\/2019\/11\/Bicicletas-para-30-catequistas-de-Gambella-image.jpg","articleSection":["FORMACI\u00d3N DE LAICOS","MEDIOS DE TRANSPORTE","PROYECTO"],"inLanguage":"es","potentialAction":[{"@type":"CommentAction","name":"Comment","target":["https:\/\/acninternational.org\/es\/bicicletas-para-30-catequistas-de-gambella\/#respond"]}]},{"@type":"WebPage","@id":"https:\/\/acninternational.org\/es\/bicicletas-para-30-catequistas-de-gambella\/","url":"https:\/\/acninternational.org\/es\/bicicletas-para-30-catequistas-de-gambella\/","name":"Bicicletas para 30 catequistas de Gambella | ACN International","isPartOf":{"@id":"https:\/\/acninternational.org\/es\/#website"},"primaryImageOfPage":{"@id":"https:\/\/acninternational.org\/es\/bicicletas-para-30-catequistas-de-gambella\/#primaryimage"},"image":{"@id":"https:\/\/acninternational.org\/es\/bicicletas-para-30-catequistas-de-gambella\/#primaryimage"},"thumbnailUrl":"https:\/\/media.acninternational.org\/wp-content\/uploads\/2019\/11\/Bicicletas-para-30-catequistas-de-Gambella-image.jpg","datePublished":"2017-06-11T22:00:00+00:00","breadcrumb":{"@id":"https:\/\/acninternational.org\/es\/bicicletas-para-30-catequistas-de-gambella\/#breadcrumb"},"inLanguage":"es","potentialAction":[{"@type":"ReadAction","target":["https:\/\/acninternational.org\/es\/bicicletas-para-30-catequistas-de-gambella\/"]}]},{"@type":"ImageObject","inLanguage":"es","@id":"https:\/\/acninternational.org\/es\/bicicletas-para-30-catequistas-de-gambella\/#primaryimage","url":"https:\/\/media.acninternational.org\/wp-content\/uploads\/2019\/11\/Bicicletas-para-30-catequistas-de-Gambella-image.jpg","contentUrl":"https:\/\/media.acninternational.org\/wp-content\/uploads\/2019\/11\/Bicicletas-para-30-catequistas-de-Gambella-image.jpg","width":1980,"height":800,"caption":"Bicicletas para 30 catequistas de Gambella"},{"@type":"BreadcrumbList","@id":"https:\/\/acninternational.org\/es\/bicicletas-para-30-catequistas-de-gambella\/#breadcrumb","itemListElement":[{"@type":"ListItem","position":1,"name":"Home","item":"https:\/\/acninternational.org\/es\/"},{"@type":"ListItem","position":2,"name":"PROYECTO","item":"https:\/\/acninternational.org\/es\/category\/proyecto\/"},{"@type":"ListItem","position":3,"name":"FORMACI\u00d3N DE LAICOS","item":"https:\/\/acninternational.org\/es\/category\/proyecto\/formacion-de-laicos\/"},{"@type":"ListItem","position":4,"name":"Bicicletas para 30 catequistas de Gambella"}]},{"@type":"WebSite","@id":"https:\/\/acninternational.org\/es\/#website","url":"https:\/\/acninternational.org\/es\/","name":"ACN International","description":"","publisher":{"@id":"https:\/\/acninternational.org\/es\/#organization"},"potentialAction":[{"@type":"SearchAction","target":{"@type":"EntryPoint","urlTemplate":"https:\/\/acninternational.org\/es\/?s={search_term_string}"},"query-input":{"@type":"PropertyValueSpecification","valueRequired":true,"valueName":"search_term_string"}}],"inLanguage":"es"},{"@type":"Organization","@id":"https:\/\/acninternational.org\/es\/#organization","name":"Aid to the Church in Need International","url":"https:\/\/acninternational.org\/es\/","logo":{"@type":"ImageObject","inLanguage":"es","@id":"https:\/\/acninternational.org\/es\/#\/schema\/logo\/image\/","url":"https:\/\/media.acninternational.org\/wp-content\/uploads\/2019\/11\/acn_logo_blackvector.svg","contentUrl":"https:\/\/media.acninternational.org\/wp-content\/uploads\/2019\/11\/acn_logo_blackvector.svg","width":232.6,"height":78,"caption":"Aid to the Church in Need International"},"image":{"@id":"https:\/\/acninternational.org\/es\/#\/schema\/logo\/image\/"},"sameAs":["https:\/\/www.facebook.com\/acninternationalorg","https:\/\/x.com\/acn_int","https:\/\/www.youtube.com\/channel\/UCQ-077gS0TnVzkhHmf1opZw","https:\/\/www.instagram.com\/acn_international\/"]},{"@type":"Person","@id":"https:\/\/acninternational.org\/es\/#\/schema\/person\/5a7468d38fb12b1976b6eeda95c21ebc","name":"admin_acn","url":"https:\/\/acninternational.org\/es\/author\/admin_acn\/"}]}},"_links":{"self":[{"href":"https:\/\/acninternational.org\/es\/wp-json\/wp\/v2\/posts\/114787","targetHints":{"allow":["GET"]}}],"collection":[{"href":"https:\/\/acninternational.org\/es\/wp-json\/wp\/v2\/posts"}],"about":[{"href":"https:\/\/acninternational.org\/es\/wp-json\/wp\/v2\/types\/post"}],"author":[{"embeddable":true,"href":"https:\/\/acninternational.org\/es\/wp-json\/wp\/v2\/users\/1"}],"replies":[{"embeddable":true,"href":"https:\/\/acninternational.org\/es\/wp-json\/wp\/v2\/comments?post=114787"}],"version-history":[{"count":0,"href":"https:\/\/acninternational.org\/es\/wp-json\/wp\/v2\/posts\/114787\/revisions"}],"wp:featuredmedia":[{"embeddable":true,"href":"https:\/\/acninternational.org\/es\/wp-json\/wp\/v2\/media\/114788"}],"wp:attachment":[{"href":"https:\/\/acninternational.org\/es\/wp-json\/wp\/v2\/media?parent=114787"}],"wp:term":[{"taxonomy":"category","embeddable":true,"href":"https:\/\/acninternational.org\/es\/wp-json\/wp\/v2\/categories?post=114787"},{"taxonomy":"post_tag","embeddable":true,"href":"https:\/\/acninternational.org\/es\/wp-json\/wp\/v2\/tags?post=114787"},{"taxonomy":"country","embeddable":true,"href":"https:\/\/acninternational.org\/es\/wp-json\/wp\/v2\/country?post=114787"}],"curies":[{"name":"wp","href":"https:\/\/api.w.org\/{rel}","templated":true}]}}