{"id":114607,"date":"2017-05-22T00:00:00","date_gmt":"2017-05-21T22:00:00","guid":{"rendered":"https:\/\/acninternational.org\/los-comunistas-tienen-miedo-a-la-virgen-de-fatima\/"},"modified":"2017-05-22T00:00:00","modified_gmt":"2017-05-21T22:00:00","slug":"los-comunistas-tienen-miedo-a-la-virgen-de-fatima","status":"publish","type":"post","link":"https:\/\/acninternational.org\/es\/los-comunistas-tienen-miedo-a-la-virgen-de-fatima\/","title":{"rendered":"\u00abLos comunistas tienen miedo a la Virgen de F\u00e1tima\u00bb"},"content":{"rendered":"<p>Obispo em\u00e9rito de Hong Kong sobre la situaci\u00f3n de la Iglesia en China<\/p>\n<p><em>El cardenal Joseph Zen Ze-kiun estuvo invitado el 13 de mayo a la Jornada de encuentro de ACN Alemania en el lugar de peregrinaci\u00f3n Kevelaer. All\u00ed habl\u00f3 con Berthold Pelster (ACN Alemania) sobre el papel de la Iglesia cat\u00f3lica en la reconstrucci\u00f3n de la sociedad china y por qu\u00e9 los comunistas tienen miedo a la Virgen de F\u00e1tima.<\/em><\/p>\n<p>ACN: <strong>La Rep\u00fablica Popular China ha experimentado, en las \u00faltimas cuatro d\u00e9cadas, un enorme cambio social: reformas, sobre todo en el \u00e1mbito econ\u00f3mico, han hecho posible su ascenso hasta convertirse en una gran potencia econ\u00f3mica y tecnol\u00f3gica. \u00bfQu\u00e9 importancia sigue teniendo hoy en d\u00eda la ideolog\u00eda comunista? <\/strong><\/p>\n<p>Cardenal Joseph Zen Ze-kiun: En China, los gobernantes nunca tomaron especialmente en serio la ideolog\u00eda comunista. El comunismo chino es, m\u00e1s bien, una forma de imperialismo desenfrenado. La exagerada corrupci\u00f3n dentro del Partido es buena muestra de ello. Todo se mueve en torno al poder. Lo \u00fanico que cuenta es la obediencia absoluta frente a la direcci\u00f3n del Estado. Y con las aperturas en el \u00e1mbito econ\u00f3mico y el creciente bienestar, todo se vuelve cada vez peor. La riqueza exalta la corrupci\u00f3n cada vez m\u00e1s.<\/p>\n<p><strong>Seg\u00fan observadores pol\u00edticos, la situaci\u00f3n de los Derechos Humanos ha empeorado m\u00e1s bien con el actual Presidente Xi Jinping. \u00bfQu\u00e9 observaciones ha hecho usted?<\/strong><\/p>\n<p>Al principio ten\u00eda esperanza porque el Presidente actu\u00f3 contra la corrupci\u00f3n en el poder estatal y en la sociedad. Pero muy pronto pudo verse que tambi\u00e9n en su caso lo \u00fanico que importa es el poder. Con su gobierno, las personas que abogan por el cumplimiento de los Derechos Humanos sufren, represi\u00f3n, persecuci\u00f3n y humillaciones, y son condenados en procesos de propaganda.<\/p>\n<p><strong>\u00bfPuede decirnos algo sobre el estado actual de las negociaciones entre la direcci\u00f3n pol\u00edtica china y la Santa Sede?<\/strong><\/p>\n<p>Lamentablemente, al exterior apenas sale algo sobre las conversaciones. Todav\u00eda hay muchos problemas; parto de la base de que las conversaciones todav\u00eda durar\u00e1n mucho tiempo. En mi opini\u00f3n, la direcci\u00f3n del Estado no aceptar\u00e1 ning\u00fan otro resultado que el sometimiento de la Iglesia a la pretensi\u00f3n de mando del Partido comunista. Por ejemplo, los obispos de la Iglesia clandestina fueron obligados a participar en cursos de formaci\u00f3n pol\u00edtica durante la Semana Santa, por lo que no pudieron celebrar los Oficios con los fieles. En 2007, el Papa Benedicto XVI, en su carta a los cat\u00f3licos de China, habl\u00f3 de reconciliaci\u00f3n; se refer\u00eda principalmente a la reconciliaci\u00f3n espiritual. \u00a1Pero el camino es largo!<\/p>\n<p><strong>Esto suena muy pesimista. \u00bfQu\u00e9 expectativas tiene para el cristianismo en China?<\/strong><\/p>\n<p>Todo depende de si logramos vivir de modo aut\u00e9ntico nuestra fe\u2026 y no con componendas. En China hay cristianos que luchan valientemente por una sociedad mejor. Pero muchos de ellos est\u00e1n en la c\u00e1rcel. Si, un buen d\u00eda, el comunismo cae, entonces los cat\u00f3licos deben formar parte de aquellos que construyan una nueva China. Pero esto solo es posible si no han perdido antes su credibilidad por haber hecho componendas con la direcci\u00f3n comunista.<\/p>\n<p><strong>Estos d\u00edas, los cat\u00f3licos recordamos las apariciones de la Virgen de F\u00e1tima, hace exactamente 100 a\u00f1os. Los mensajes de la Virgen de F\u00e1tima advierten de la ideolog\u00eda atea del comunismo. \u00bfConocen los cat\u00f3licos de China esos mensajes?<\/strong><\/p>\n<p>\u00a1Por supuesto! En China, todos conocen los mensajes de F\u00e1tima, \u00a1incluso los comunistas! Est\u00e1n muy preocupados por ello e incluso tienen miedo a la Virgen de F\u00e1tima. Y este miedo adopta incluso formas grotescas: si, por ejemplo, quiere introducir im\u00e1genes de \u00abMar\u00eda Inmaculada\u00bb o representaciones de la imagen milagrosa de \u00abMar\u00eda Auxiliadora\u00bb, los comunistas no tienen nada en contra. Por el contrario, las im\u00e1genes de la \u00abVirgen de F\u00e1tima\u00bb est\u00e1n prohibidas. Todo lo sucedido en F\u00e1tima es, desde su punto de vista, \u00abanticomunista\u00bb. \u00a1Efectivamente, as\u00ed es!<\/p>\n<p><strong>Es decir, que los dirigentes diferencian. Pero \u00abMar\u00eda Auxiliadora\u00bb tiene una relaci\u00f3n especial con China: en su memoria, el 24 de mayo, la Iglesia celebra una Jornada mundial de oraci\u00f3n por la Iglesia en China, que introdujo el Papa Benedicto XVI en 2007. \u00bfQu\u00e9 significado tiene esa Jornada de oraci\u00f3n? <\/strong><\/p>\n<p>La veneraci\u00f3n de la Virgen con la advocaci\u00f3n \u00abMar\u00eda Auxiliadora\u00bb tiene ra\u00edces muy antiguas en toda China. Esa advocaci\u00f3n no se refiere solo a la ayuda para personas individuales, sino tambi\u00e9n el auxilio para la Iglesia en general. En China, el principal peligro hoy en d\u00eda es el ate\u00edsmo materialista. Lamentablemente, esa Jornada de oraci\u00f3n que se celebra en la Iglesia cat\u00f3lica en todo el mundo, es demasiado poco conocida; todav\u00eda se la toma poco en serio.<\/p>\n","protected":false},"excerpt":{"rendered":"<p>Obispo em\u00e9rito de Hong Kong sobre la situaci\u00f3n de la Iglesia en China El cardenal Joseph Zen Ze-kiun estuvo invitado<\/p>\n","protected":false},"author":1,"featured_media":114608,"comment_status":"open","ping_status":"open","sticky":false,"template":"","format":"standard","meta":{"_acf_changed":false,"_acn_coauthor_ids":[],"footnotes":""},"categories":[745],"tags":[],"country":[],"class_list":["post-114607","post","type-post","status-publish","format-standard","has-post-thumbnail","hentry","category-entrevistas"],"acn_coauthors":[],"acf":[],"yoast_head":"<!-- This site is optimized with the Yoast SEO Premium plugin v27.3 (Yoast SEO v27.3) - https:\/\/yoast.com\/product\/yoast-seo-premium-wordpress\/ -->\n<title>\u00abLos comunistas tienen miedo a la Virgen de F\u00e1tima\u00bb | ACN International<\/title>\n<meta name=\"robots\" content=\"index, follow, max-snippet:-1, max-image-preview:large, max-video-preview:-1\" \/>\n<link rel=\"canonical\" href=\"https:\/\/acninternational.org\/es\/los-comunistas-tienen-miedo-a-la-virgen-de-fatima\/\" \/>\n<meta property=\"og:locale\" content=\"es_ES\" \/>\n<meta property=\"og:type\" content=\"article\" \/>\n<meta property=\"og:title\" content=\"\u00abLos comunistas tienen miedo a la Virgen de F\u00e1tima\u00bb\" \/>\n<meta property=\"og:description\" content=\"Obispo em\u00e9rito de Hong Kong sobre la situaci\u00f3n de la Iglesia en China El cardenal Joseph Zen Ze-kiun estuvo invitado\" \/>\n<meta property=\"og:url\" content=\"https:\/\/acninternational.org\/es\/los-comunistas-tienen-miedo-a-la-virgen-de-fatima\/\" \/>\n<meta property=\"og:site_name\" content=\"ACN International\" \/>\n<meta property=\"article:publisher\" content=\"https:\/\/www.facebook.com\/acninternationalorg\" \/>\n<meta property=\"article:published_time\" content=\"2017-05-21T22:00:00+00:00\" \/>\n<meta property=\"og:image\" content=\"https:\/\/media.acninternational.org\/wp-content\/uploads\/2019\/11\/%C2%ABLos-comunistas-tienen-miedo-a-la-Virgen-de-F%C3%A1tima%C2%BB-image.jpg\" \/>\n\t<meta property=\"og:image:width\" content=\"1980\" \/>\n\t<meta property=\"og:image:height\" content=\"800\" \/>\n\t<meta property=\"og:image:type\" content=\"image\/jpeg\" \/>\n<meta name=\"author\" content=\"admin_acn\" \/>\n<meta name=\"twitter:card\" content=\"summary_large_image\" \/>\n<meta name=\"twitter:creator\" content=\"@acn_int\" \/>\n<meta name=\"twitter:site\" content=\"@acn_int\" \/>\n<meta name=\"twitter:label1\" content=\"Escrito por\" \/>\n\t<meta name=\"twitter:data1\" content=\"admin_acn\" \/>\n\t<meta name=\"twitter:label2\" content=\"Tiempo de lectura\" \/>\n\t<meta name=\"twitter:data2\" content=\"4 minutos\" \/>\n<script type=\"application\/ld+json\" class=\"yoast-schema-graph\">{\"@context\":\"https:\\\/\\\/schema.org\",\"@graph\":[{\"@type\":\"Article\",\"@id\":\"https:\\\/\\\/acninternational.org\\\/es\\\/los-comunistas-tienen-miedo-a-la-virgen-de-fatima\\\/#article\",\"isPartOf\":{\"@id\":\"https:\\\/\\\/acninternational.org\\\/es\\\/los-comunistas-tienen-miedo-a-la-virgen-de-fatima\\\/\"},\"author\":{\"name\":\"admin_acn\",\"@id\":\"https:\\\/\\\/acninternational.org\\\/es\\\/#\\\/schema\\\/person\\\/5a7468d38fb12b1976b6eeda95c21ebc\"},\"headline\":\"\u00abLos comunistas tienen miedo a la Virgen de F\u00e1tima\u00bb\",\"datePublished\":\"2017-05-21T22:00:00+00:00\",\"mainEntityOfPage\":{\"@id\":\"https:\\\/\\\/acninternational.org\\\/es\\\/los-comunistas-tienen-miedo-a-la-virgen-de-fatima\\\/\"},\"wordCount\":843,\"commentCount\":0,\"publisher\":{\"@id\":\"https:\\\/\\\/acninternational.org\\\/es\\\/#organization\"},\"image\":{\"@id\":\"https:\\\/\\\/acninternational.org\\\/es\\\/los-comunistas-tienen-miedo-a-la-virgen-de-fatima\\\/#primaryimage\"},\"thumbnailUrl\":\"https:\\\/\\\/media.acninternational.org\\\/wp-content\\\/uploads\\\/2019\\\/11\\\/%C2%ABLos-comunistas-tienen-miedo-a-la-Virgen-de-F%C3%A1tima%C2%BB-image.jpg\",\"articleSection\":[\"ENTREVISTAS\"],\"inLanguage\":\"es\",\"potentialAction\":[{\"@type\":\"CommentAction\",\"name\":\"Comment\",\"target\":[\"https:\\\/\\\/acninternational.org\\\/es\\\/los-comunistas-tienen-miedo-a-la-virgen-de-fatima\\\/#respond\"]}]},{\"@type\":\"WebPage\",\"@id\":\"https:\\\/\\\/acninternational.org\\\/es\\\/los-comunistas-tienen-miedo-a-la-virgen-de-fatima\\\/\",\"url\":\"https:\\\/\\\/acninternational.org\\\/es\\\/los-comunistas-tienen-miedo-a-la-virgen-de-fatima\\\/\",\"name\":\"\u00abLos comunistas tienen miedo a la Virgen de F\u00e1tima\u00bb | ACN International\",\"isPartOf\":{\"@id\":\"https:\\\/\\\/acninternational.org\\\/es\\\/#website\"},\"primaryImageOfPage\":{\"@id\":\"https:\\\/\\\/acninternational.org\\\/es\\\/los-comunistas-tienen-miedo-a-la-virgen-de-fatima\\\/#primaryimage\"},\"image\":{\"@id\":\"https:\\\/\\\/acninternational.org\\\/es\\\/los-comunistas-tienen-miedo-a-la-virgen-de-fatima\\\/#primaryimage\"},\"thumbnailUrl\":\"https:\\\/\\\/media.acninternational.org\\\/wp-content\\\/uploads\\\/2019\\\/11\\\/%C2%ABLos-comunistas-tienen-miedo-a-la-Virgen-de-F%C3%A1tima%C2%BB-image.jpg\",\"datePublished\":\"2017-05-21T22:00:00+00:00\",\"breadcrumb\":{\"@id\":\"https:\\\/\\\/acninternational.org\\\/es\\\/los-comunistas-tienen-miedo-a-la-virgen-de-fatima\\\/#breadcrumb\"},\"inLanguage\":\"es\",\"potentialAction\":[{\"@type\":\"ReadAction\",\"target\":[\"https:\\\/\\\/acninternational.org\\\/es\\\/los-comunistas-tienen-miedo-a-la-virgen-de-fatima\\\/\"]}]},{\"@type\":\"ImageObject\",\"inLanguage\":\"es\",\"@id\":\"https:\\\/\\\/acninternational.org\\\/es\\\/los-comunistas-tienen-miedo-a-la-virgen-de-fatima\\\/#primaryimage\",\"url\":\"https:\\\/\\\/media.acninternational.org\\\/wp-content\\\/uploads\\\/2019\\\/11\\\/%C2%ABLos-comunistas-tienen-miedo-a-la-Virgen-de-F%C3%A1tima%C2%BB-image.jpg\",\"contentUrl\":\"https:\\\/\\\/media.acninternational.org\\\/wp-content\\\/uploads\\\/2019\\\/11\\\/%C2%ABLos-comunistas-tienen-miedo-a-la-Virgen-de-F%C3%A1tima%C2%BB-image.jpg\",\"width\":1980,\"height\":800,\"caption\":\"\u00abLos comunistas tienen miedo a la Virgen de F\u00e1tima\u00bb\"},{\"@type\":\"BreadcrumbList\",\"@id\":\"https:\\\/\\\/acninternational.org\\\/es\\\/los-comunistas-tienen-miedo-a-la-virgen-de-fatima\\\/#breadcrumb\",\"itemListElement\":[{\"@type\":\"ListItem\",\"position\":1,\"name\":\"Home\",\"item\":\"https:\\\/\\\/acninternational.org\\\/es\\\/\"},{\"@type\":\"ListItem\",\"position\":2,\"name\":\"ENTREVISTAS\",\"item\":\"https:\\\/\\\/acninternational.org\\\/es\\\/category\\\/entrevistas\\\/\"},{\"@type\":\"ListItem\",\"position\":3,\"name\":\"\u00abLos comunistas tienen miedo a la Virgen de F\u00e1tima\u00bb\"}]},{\"@type\":\"WebSite\",\"@id\":\"https:\\\/\\\/acninternational.org\\\/es\\\/#website\",\"url\":\"https:\\\/\\\/acninternational.org\\\/es\\\/\",\"name\":\"ACN International\",\"description\":\"\",\"publisher\":{\"@id\":\"https:\\\/\\\/acninternational.org\\\/es\\\/#organization\"},\"potentialAction\":[{\"@type\":\"SearchAction\",\"target\":{\"@type\":\"EntryPoint\",\"urlTemplate\":\"https:\\\/\\\/acninternational.org\\\/es\\\/?s={search_term_string}\"},\"query-input\":{\"@type\":\"PropertyValueSpecification\",\"valueRequired\":true,\"valueName\":\"search_term_string\"}}],\"inLanguage\":\"es\"},{\"@type\":\"Organization\",\"@id\":\"https:\\\/\\\/acninternational.org\\\/es\\\/#organization\",\"name\":\"Aid to the Church in Need International\",\"url\":\"https:\\\/\\\/acninternational.org\\\/es\\\/\",\"logo\":{\"@type\":\"ImageObject\",\"inLanguage\":\"es\",\"@id\":\"https:\\\/\\\/acninternational.org\\\/es\\\/#\\\/schema\\\/logo\\\/image\\\/\",\"url\":\"https:\\\/\\\/media.acninternational.org\\\/wp-content\\\/uploads\\\/2019\\\/11\\\/acn_logo_blackvector.svg\",\"contentUrl\":\"https:\\\/\\\/media.acninternational.org\\\/wp-content\\\/uploads\\\/2019\\\/11\\\/acn_logo_blackvector.svg\",\"width\":232.6,\"height\":78,\"caption\":\"Aid to the Church in Need International\"},\"image\":{\"@id\":\"https:\\\/\\\/acninternational.org\\\/es\\\/#\\\/schema\\\/logo\\\/image\\\/\"},\"sameAs\":[\"https:\\\/\\\/www.facebook.com\\\/acninternationalorg\",\"https:\\\/\\\/x.com\\\/acn_int\",\"https:\\\/\\\/www.youtube.com\\\/channel\\\/UCQ-077gS0TnVzkhHmf1opZw\",\"https:\\\/\\\/www.instagram.com\\\/acn_international\\\/\"]},{\"@type\":\"Person\",\"@id\":\"https:\\\/\\\/acninternational.org\\\/es\\\/#\\\/schema\\\/person\\\/5a7468d38fb12b1976b6eeda95c21ebc\",\"name\":\"admin_acn\",\"url\":\"https:\\\/\\\/acninternational.org\\\/es\\\/author\\\/admin_acn\\\/\"}]}<\/script>\n<!-- \/ Yoast SEO Premium plugin. -->","yoast_head_json":{"title":"\u00abLos comunistas tienen miedo a la Virgen de F\u00e1tima\u00bb | ACN International","robots":{"index":"index","follow":"follow","max-snippet":"max-snippet:-1","max-image-preview":"max-image-preview:large","max-video-preview":"max-video-preview:-1"},"canonical":"https:\/\/acninternational.org\/es\/los-comunistas-tienen-miedo-a-la-virgen-de-fatima\/","og_locale":"es_ES","og_type":"article","og_title":"\u00abLos comunistas tienen miedo a la Virgen de F\u00e1tima\u00bb","og_description":"Obispo em\u00e9rito de Hong Kong sobre la situaci\u00f3n de la Iglesia en China El cardenal Joseph Zen Ze-kiun estuvo invitado","og_url":"https:\/\/acninternational.org\/es\/los-comunistas-tienen-miedo-a-la-virgen-de-fatima\/","og_site_name":"ACN International","article_publisher":"https:\/\/www.facebook.com\/acninternationalorg","article_published_time":"2017-05-21T22:00:00+00:00","og_image":[{"width":1980,"height":800,"url":"https:\/\/media.acninternational.org\/wp-content\/uploads\/2019\/11\/%C2%ABLos-comunistas-tienen-miedo-a-la-Virgen-de-F%C3%A1tima%C2%BB-image.jpg","type":"image\/jpeg"}],"author":"admin_acn","twitter_card":"summary_large_image","twitter_creator":"@acn_int","twitter_site":"@acn_int","twitter_misc":{"Escrito por":"admin_acn","Tiempo de lectura":"4 minutos"},"schema":{"@context":"https:\/\/schema.org","@graph":[{"@type":"Article","@id":"https:\/\/acninternational.org\/es\/los-comunistas-tienen-miedo-a-la-virgen-de-fatima\/#article","isPartOf":{"@id":"https:\/\/acninternational.org\/es\/los-comunistas-tienen-miedo-a-la-virgen-de-fatima\/"},"author":{"name":"admin_acn","@id":"https:\/\/acninternational.org\/es\/#\/schema\/person\/5a7468d38fb12b1976b6eeda95c21ebc"},"headline":"\u00abLos comunistas tienen miedo a la Virgen de F\u00e1tima\u00bb","datePublished":"2017-05-21T22:00:00+00:00","mainEntityOfPage":{"@id":"https:\/\/acninternational.org\/es\/los-comunistas-tienen-miedo-a-la-virgen-de-fatima\/"},"wordCount":843,"commentCount":0,"publisher":{"@id":"https:\/\/acninternational.org\/es\/#organization"},"image":{"@id":"https:\/\/acninternational.org\/es\/los-comunistas-tienen-miedo-a-la-virgen-de-fatima\/#primaryimage"},"thumbnailUrl":"https:\/\/media.acninternational.org\/wp-content\/uploads\/2019\/11\/%C2%ABLos-comunistas-tienen-miedo-a-la-Virgen-de-F%C3%A1tima%C2%BB-image.jpg","articleSection":["ENTREVISTAS"],"inLanguage":"es","potentialAction":[{"@type":"CommentAction","name":"Comment","target":["https:\/\/acninternational.org\/es\/los-comunistas-tienen-miedo-a-la-virgen-de-fatima\/#respond"]}]},{"@type":"WebPage","@id":"https:\/\/acninternational.org\/es\/los-comunistas-tienen-miedo-a-la-virgen-de-fatima\/","url":"https:\/\/acninternational.org\/es\/los-comunistas-tienen-miedo-a-la-virgen-de-fatima\/","name":"\u00abLos comunistas tienen miedo a la Virgen de F\u00e1tima\u00bb | ACN International","isPartOf":{"@id":"https:\/\/acninternational.org\/es\/#website"},"primaryImageOfPage":{"@id":"https:\/\/acninternational.org\/es\/los-comunistas-tienen-miedo-a-la-virgen-de-fatima\/#primaryimage"},"image":{"@id":"https:\/\/acninternational.org\/es\/los-comunistas-tienen-miedo-a-la-virgen-de-fatima\/#primaryimage"},"thumbnailUrl":"https:\/\/media.acninternational.org\/wp-content\/uploads\/2019\/11\/%C2%ABLos-comunistas-tienen-miedo-a-la-Virgen-de-F%C3%A1tima%C2%BB-image.jpg","datePublished":"2017-05-21T22:00:00+00:00","breadcrumb":{"@id":"https:\/\/acninternational.org\/es\/los-comunistas-tienen-miedo-a-la-virgen-de-fatima\/#breadcrumb"},"inLanguage":"es","potentialAction":[{"@type":"ReadAction","target":["https:\/\/acninternational.org\/es\/los-comunistas-tienen-miedo-a-la-virgen-de-fatima\/"]}]},{"@type":"ImageObject","inLanguage":"es","@id":"https:\/\/acninternational.org\/es\/los-comunistas-tienen-miedo-a-la-virgen-de-fatima\/#primaryimage","url":"https:\/\/media.acninternational.org\/wp-content\/uploads\/2019\/11\/%C2%ABLos-comunistas-tienen-miedo-a-la-Virgen-de-F%C3%A1tima%C2%BB-image.jpg","contentUrl":"https:\/\/media.acninternational.org\/wp-content\/uploads\/2019\/11\/%C2%ABLos-comunistas-tienen-miedo-a-la-Virgen-de-F%C3%A1tima%C2%BB-image.jpg","width":1980,"height":800,"caption":"\u00abLos comunistas tienen miedo a la Virgen de F\u00e1tima\u00bb"},{"@type":"BreadcrumbList","@id":"https:\/\/acninternational.org\/es\/los-comunistas-tienen-miedo-a-la-virgen-de-fatima\/#breadcrumb","itemListElement":[{"@type":"ListItem","position":1,"name":"Home","item":"https:\/\/acninternational.org\/es\/"},{"@type":"ListItem","position":2,"name":"ENTREVISTAS","item":"https:\/\/acninternational.org\/es\/category\/entrevistas\/"},{"@type":"ListItem","position":3,"name":"\u00abLos comunistas tienen miedo a la Virgen de F\u00e1tima\u00bb"}]},{"@type":"WebSite","@id":"https:\/\/acninternational.org\/es\/#website","url":"https:\/\/acninternational.org\/es\/","name":"ACN International","description":"","publisher":{"@id":"https:\/\/acninternational.org\/es\/#organization"},"potentialAction":[{"@type":"SearchAction","target":{"@type":"EntryPoint","urlTemplate":"https:\/\/acninternational.org\/es\/?s={search_term_string}"},"query-input":{"@type":"PropertyValueSpecification","valueRequired":true,"valueName":"search_term_string"}}],"inLanguage":"es"},{"@type":"Organization","@id":"https:\/\/acninternational.org\/es\/#organization","name":"Aid to the Church in Need International","url":"https:\/\/acninternational.org\/es\/","logo":{"@type":"ImageObject","inLanguage":"es","@id":"https:\/\/acninternational.org\/es\/#\/schema\/logo\/image\/","url":"https:\/\/media.acninternational.org\/wp-content\/uploads\/2019\/11\/acn_logo_blackvector.svg","contentUrl":"https:\/\/media.acninternational.org\/wp-content\/uploads\/2019\/11\/acn_logo_blackvector.svg","width":232.6,"height":78,"caption":"Aid to the Church in Need International"},"image":{"@id":"https:\/\/acninternational.org\/es\/#\/schema\/logo\/image\/"},"sameAs":["https:\/\/www.facebook.com\/acninternationalorg","https:\/\/x.com\/acn_int","https:\/\/www.youtube.com\/channel\/UCQ-077gS0TnVzkhHmf1opZw","https:\/\/www.instagram.com\/acn_international\/"]},{"@type":"Person","@id":"https:\/\/acninternational.org\/es\/#\/schema\/person\/5a7468d38fb12b1976b6eeda95c21ebc","name":"admin_acn","url":"https:\/\/acninternational.org\/es\/author\/admin_acn\/"}]}},"_links":{"self":[{"href":"https:\/\/acninternational.org\/es\/wp-json\/wp\/v2\/posts\/114607","targetHints":{"allow":["GET"]}}],"collection":[{"href":"https:\/\/acninternational.org\/es\/wp-json\/wp\/v2\/posts"}],"about":[{"href":"https:\/\/acninternational.org\/es\/wp-json\/wp\/v2\/types\/post"}],"author":[{"embeddable":true,"href":"https:\/\/acninternational.org\/es\/wp-json\/wp\/v2\/users\/1"}],"replies":[{"embeddable":true,"href":"https:\/\/acninternational.org\/es\/wp-json\/wp\/v2\/comments?post=114607"}],"version-history":[{"count":0,"href":"https:\/\/acninternational.org\/es\/wp-json\/wp\/v2\/posts\/114607\/revisions"}],"wp:featuredmedia":[{"embeddable":true,"href":"https:\/\/acninternational.org\/es\/wp-json\/wp\/v2\/media\/114608"}],"wp:attachment":[{"href":"https:\/\/acninternational.org\/es\/wp-json\/wp\/v2\/media?parent=114607"}],"wp:term":[{"taxonomy":"category","embeddable":true,"href":"https:\/\/acninternational.org\/es\/wp-json\/wp\/v2\/categories?post=114607"},{"taxonomy":"post_tag","embeddable":true,"href":"https:\/\/acninternational.org\/es\/wp-json\/wp\/v2\/tags?post=114607"},{"taxonomy":"country","embeddable":true,"href":"https:\/\/acninternational.org\/es\/wp-json\/wp\/v2\/country?post=114607"}],"curies":[{"name":"wp","href":"https:\/\/api.w.org\/{rel}","templated":true}]}}