{"id":114562,"date":"2017-05-18T00:00:00","date_gmt":"2017-05-17T22:00:00","guid":{"rendered":"https:\/\/acninternational.org\/cardenal-baltazar-porras-el-cerco-se-ha-ido-cerrando-aqui-todo-es-unidimensional-en-estos-momentos\/"},"modified":"2017-05-18T00:00:00","modified_gmt":"2017-05-17T22:00:00","slug":"cardenal-baltazar-porras-el-cerco-se-ha-ido-cerrando-aqui-todo-es-unidimensional-en-estos-momentos","status":"publish","type":"post","link":"https:\/\/acninternational.org\/es\/cardenal-baltazar-porras-el-cerco-se-ha-ido-cerrando-aqui-todo-es-unidimensional-en-estos-momentos\/","title":{"rendered":"Cardenal Baltazar Porras: \u201cEl cerco se ha ido cerrando, aqu\u00ed todo es unidimensional en estos momentos.\u201d"},"content":{"rendered":"<p><em>La fundaci\u00f3n pontificia internacional ACN se unir\u00e1 a la Jornada de Oraci\u00f3n por la Paz de Venezuela el pr\u00f3ximo domingo 21 de mayo.<\/em><\/p>\n<p><em>El Cardenal Baltazar Enrique Porras, Arzobispo de M\u00e9rida, en su paso por la sede internacional de la fundaci\u00f3n pontificia Aid to the Church in Need (ACN), habl\u00f3 con Mar\u00eda Lozano sobre\u00a0 la grav\u00edsima situaci\u00f3n del pa\u00eds y resalt\u00f3 los terribles momentos que viven por la escasez de medicinas y de alimentos. A su vez pidi\u00f3 a todos los fieles que se unan a la Jornada de Oraci\u00f3n por Venezuela convocada por la Conferencia de Obispos para el pr\u00f3ximo domingo. <\/em><\/p>\n<p>K\u00f6nigstein, 15.05.2017. La Conferencia Episcopal de Venezuela ha emitido dos comunicados en las \u00faltimas semanas\u00a0 referentes a los graves acontecimientos y a la violenta confrontaci\u00f3n pol\u00edtica por los que est\u00e1 atravesando el pa\u00eds. Se llama a los venezolanos \u201ca rechazar cualquier manifestacion de violencia y respetar los derechos de todos y cada uno de los ciudadanos\u201d y recalca el deber de la Constituci\u00f3n Nacional\u00a0 de garantizar \u201cla protesta c\u00edvica y pac\u00edfica\u201d.\u00a0 En el \u00fatimo documento del 5 de mayo los obispos califican las \u00faltimas decisiones del gobierno de Maduro y del Tribunal Supremo como \u201cdesacertadas\u201d e \u201cinnecesarias\u201d, piden \u201cno reformar la Constituci\u00f3n sino cumplirla\u201d y urgen al r\u00e9gimen a centrarse en los problemas actuales del pa\u00eds como es la carencia de \u201ccomida, medicinas, libertad, seguridad personal y jur\u00eddica, y paz.\u201d<\/p>\n<p>El Cardenal Baltazar Enrique Porras, uno de los firmantes de los documentos y Presidente Honorario de la Conferencia Episcopal, coment\u00f3 durante su visita a la fundaci\u00f3n ACN la necesidad de estas declaraciones de la Iglesia en Venezuela que ha tenido que asumir un papel \u201cde gran responsibilidad\u201d que describe como \u201cuna especie de trabajo subsidiario, porque va mas all\u00e1 de lo que en otras circunstacias ser\u00eda necesario\u201d. Precis\u00f3 que en la actualidad \u201cla poblaci\u00f3n sufre represalias si disienten u opinan diferente del oficialismo. Amenazas, multas, carcel, expulsiones&#8230; es un clima muy dif\u00edcil de entender desde fuera. El cerco se ha ido cerrando, aqu\u00ed todo es unidimensional en estos momentos.\u201d<\/p>\n<p>El arzobispo de M\u00e9rida denuncia c\u00f3mo, en este contexto, es especialmente grave la falta de respeto y de derecho a la pluralidad que se vive: \u201cSe trata de imponer un sistema donde ninguna otra cosa sea v\u00e1lida, nunca se deja que el otro tenga un protagonismo de nada. Por ejemplo, si se planea una manifestacion inmediatamente se organiza otra paralela el mismo d\u00eda y a la misma hora para ver quien es m\u00e1s fuerte\u201c.\u00a0 Porras lamenta que en Venezuela se sigue usando \u201cel discurso de la lucha de clases. Uno consigue algo mediante el odio al otro, y este es el discurso militarista del que \u2018\u00e9l que no est\u00e1 conmigo est\u00e1 contra m\u00ed\u2019, lo \u00fanico que se busca es como eliminar al enemigo, eso ha tra\u00eddo un resquebrajamiento de la convivencia social.\u201d<\/p>\n<p>El prelado no nombra directamente a Nicol\u00e1s Maduro, pero la responsabilidad del actual gobierno del pa\u00eds se sobreentiende cuando el cardenal matiza que el problema se enraiza mucho antes: \u201cEstos 18 a\u00f1os con el gobierno de Ch\u00e1vez primero y luego de Maduro son fruto tambi\u00e9n de un deterioro de los a\u00f1os anteriores. Venezuela pudo crecer gracias al petr\u00f3leo. El pa\u00eds prosper\u00f3 econ\u00f3micamente y en su infraestructura,\u00a0 pero ese crecimiento acelerado hizo que una clase dirigente se olvidara del pueblo. Era un don de la naturaleza, no un esfuerzo del trabajo. Se dedicaron a muchas cosas pero se olvidaron de la gente. Por eso el discurso mesi\u00e1nico de despu\u00e9s fue muy bien acogido.\u201d<\/p>\n<p>El caraque\u00f1o, de 72 a\u00f1os de edad, critica abiertamente la \u201cconcentraci\u00f3n de todos los poderes en manos del ejecutivo, lo que general impunidad y corrupci\u00f3n\u201d. As\u00ed mismo ve como una de las claves del problema el achacar los males siempre a otros. Es un discurso que se repite. Aqu\u00ed todo lo que sucede malo es producto de otros o se compara con otros tiempos. Es un comportamiento de adolescentes. Por ejemplo, cuando se cuestionan los presos pol\u00edticos en Venezuela en la actualidad, la respuesta es que tambi\u00e9n en el pasado hubo presos pol\u00edticos. Pero los problemas son los que tenemos ahora. Especialemente la falta de alimentos, de medicinas y de seguridad.\u201d<\/p>\n<p>Y estos son los tres temas que m\u00e1s preocupaci\u00f3n ponen en el rostro del prelado: \u201cA m\u00ed me ha tocado enterrar a un sacerdote de 35 a\u00f1os que tuvo un accidente cerebro-vascular que seg\u00fan los m\u00e9dicos se hubiera podido curar si hubiera estado a disposici\u00f3n un medicamento que tampoco era tan especial, pero no lo hab\u00eda y muri\u00f3. Y esto pasa a diario, no hay lo m\u00e1s elemental para una operaci\u00f3n quir\u00fargica, un accidente, para ancianos o beb\u00e9s que suelen necesitar medicamentos un poco m\u00e1s especiales.\u201d<\/p>\n<p>Pero en las fuentes oficiales \u201cesto se niega, no se acepta que se hable de ayuda humanitaria porque seg\u00fan las fuentes oficiales tenemos todo. Si uno va a Venezuela ve que no es as\u00ed pero si uno lo afirma es que est\u00e1 a favor de cualquier otra cosa\u201d. Baltazar Porras, tambi\u00e9n director de C\u00e1ritas Venezuela, aprovecha para agradecer a la comunidad internacional las ayudas ofrecidas aunque lamenta\u00a0 encontrar dentro del pa\u00eds \u201cuna muralla, nos resulta muy dificil crear ese puente para que la ayuda llegue por las trabas que encontramos\u201d. Un papel importante del conflicto interno del pa\u00eds lo juegan los medios, las luchas pol\u00edticas se han convertido en una lucha medi\u00e1tica: \u201cSi yo digo \u2018aqu\u00ed no hay medicinas\u2019, aparece enseguida una foto con medicinas diciendo \u2018eso no es verdad, mira aqu\u00ed\u2019. Y eso pasa con todo, con los alimentos, con la seguridad personal, etc.\u201d<\/p>\n<p>Hablando de soluciones, la gran pregunta es si el pueblo venezolano no est\u00e1 cansado del di\u00e1logo. Mons. Porras sonr\u00ede comprensivo: \u201cHoy en d\u00eda hablar de di\u00e1logo en Venezuela es casi un insulto, porque las experiencias han sido nefastas. Los di\u00e1logos han sido para la foto, no se han hablado ni solucionado los problemas reales. Hace falta que el otro tenga la disposici\u00f3n de aceptarte como interlocutor.\u201d Por eso insiste en que para el di\u00e1logo autentico es imprescindible una segunda parte: \u201cCumplir acuerdos. Hubo un ofrecimiento real por cumplir unos acuerdos que nunca se cumplieron. Eso fue lo que el Cardenal Parolin como Secretario de Estado public\u00f3 en un carta en diciembre del 2016 donde se dec\u00eda que no pod\u00eda haber di\u00e1logo mientras los acuerdos tratados no se cumplan minimamente.\u201d Quiz\u00e1 por esto el purpurado prefiere hablar de consenso y pluralidad antes que usar la malgastada y tan manipulada palabra \u2018di\u00e1logo\u2019: \u201cLa rivalidad no era parte de nuestra cultura. Por ejemplo en el beisbol &#8211; el deporte m\u00e1s popular del pa\u00eds &#8211; uno busca c\u00f3mo ir al estadio con alguien del otro equipo porque lo pasa muy bien, mejor, en ese car\u00e1cter amistoso, pero eso se ha diluido, todo es pol\u00edtica, todo es estar a favor o en contra, la vida es muy amplia y ahora todo se centra en la pol\u00edtica. La familia, la diversidad, el consenso todo eso est\u00e1 en peligro y la Iglesia intenta defenderlo.\u201d<\/p>\n<p>A la comunidad internacional le pide \u201ctratar de tener una informaci\u00f3n real y cercana, para no aceptar falsedades.\u201d As\u00ed mismo solicita oraciones y apoyo a\u00fan \u201csiendo entendible que cada uno tiene sus propios retos diarios, pero vivimos en un mundo global y eso nos afecta todav\u00eda m\u00e1s como creyentes. En Venezuela tenemos la necesidad de la oraci\u00f3n como fuerza interior que no nos deje robarnos la esperanza, la alegr\u00eda. Las dificultades est\u00e1n para vencerlas, no para llorar.\u201d As\u00ed Mons. Porras invita a unirse a la Jornada de Oraci\u00f3n por la Paz de Venezuela el pr\u00f3ximo domingo 21 de mayo \u201cpor el cese de la violencia, la represi\u00f3n oficial y por la busqueda de caminos para el entendimiento y la\u00a0 reconciliaci\u00f3n\u201d convocada por la Conferencia Episcopal Venezolana.<\/p>\n<p>El contacto con la Iglesia universal, seg\u00fan Mons. Porras, anima y \u201cnos hace desear superar las dificultades, son un incentivo para seguir haciendo todo lo posible por nuestros hermanos. Quer\u00eda contar un detalle. Entre los medicamentos que s\u00ed nos llegaron a M\u00e9rida hace unos meses hab\u00eda unas cajitas en \u00e1rabe e ingl\u00e9s. Pregunt\u00e9 sorprendido de d\u00f3nde ven\u00edan estos medicamentos. Nos los enviaban los cristianos de Egipto. Cuando unos d\u00edas despu\u00e9s hubo un atentado a los cristianos de ese pa\u00eds me sent\u00ed muy conmovido y profundamente unido a este pa\u00eds. Es esa solidaridad samaritana\u00a0 la que nos hace dar lo mejor que tenemos en lo material y en lo espiritual.\u201d<\/p>\n","protected":false},"excerpt":{"rendered":"<p>La fundaci\u00f3n pontificia internacional ACN se unir\u00e1 a la Jornada de Oraci\u00f3n por la Paz de Venezuela el pr\u00f3ximo domingo<\/p>\n","protected":false},"author":1,"featured_media":114563,"comment_status":"open","ping_status":"open","sticky":false,"template":"","format":"standard","meta":{"_acf_changed":false,"_acn_coauthor_ids":[],"footnotes":""},"categories":[745,713],"tags":[],"country":[],"class_list":["post-114562","post","type-post","status-publish","format-standard","has-post-thumbnail","hentry","category-entrevistas","category-historias"],"acn_coauthors":[],"acf":[],"yoast_head":"<!-- This site is optimized with the Yoast SEO Premium plugin v27.3 (Yoast SEO v27.3) - https:\/\/yoast.com\/product\/yoast-seo-premium-wordpress\/ -->\n<title>Cardenal Baltazar Porras: \u201cEl cerco se ha ido cerrando, aqu\u00ed todo es unidimensional en estos momentos.\u201d | ACN International<\/title>\n<meta name=\"robots\" content=\"index, follow, max-snippet:-1, max-image-preview:large, max-video-preview:-1\" \/>\n<link rel=\"canonical\" href=\"https:\/\/acninternational.org\/es\/cardenal-baltazar-porras-el-cerco-se-ha-ido-cerrando-aqui-todo-es-unidimensional-en-estos-momentos\/\" \/>\n<meta property=\"og:locale\" content=\"es_ES\" \/>\n<meta property=\"og:type\" content=\"article\" \/>\n<meta property=\"og:title\" content=\"Cardenal Baltazar Porras: \u201cEl cerco se ha ido cerrando, aqu\u00ed todo es unidimensional en estos momentos.\u201d\" \/>\n<meta property=\"og:description\" content=\"La fundaci\u00f3n pontificia internacional ACN se unir\u00e1 a la Jornada de Oraci\u00f3n por la Paz de Venezuela el pr\u00f3ximo domingo\" \/>\n<meta property=\"og:url\" content=\"https:\/\/acninternational.org\/es\/cardenal-baltazar-porras-el-cerco-se-ha-ido-cerrando-aqui-todo-es-unidimensional-en-estos-momentos\/\" \/>\n<meta property=\"og:site_name\" content=\"ACN International\" \/>\n<meta property=\"article:publisher\" content=\"https:\/\/www.facebook.com\/acninternationalorg\" \/>\n<meta property=\"article:published_time\" content=\"2017-05-17T22:00:00+00:00\" \/>\n<meta property=\"og:image\" content=\"https:\/\/media.acninternational.org\/wp-content\/uploads\/2019\/11\/Cardenal-Baltazar-Porras-%E2%80%9CEl-cerco-se-ha-ido-cerrando-aqu%C3%AD-todo-es-unidimensional-en-estos-momentos.%E2%80%9D-image.jpg\" \/>\n\t<meta property=\"og:image:width\" content=\"1980\" \/>\n\t<meta property=\"og:image:height\" content=\"800\" \/>\n\t<meta property=\"og:image:type\" content=\"image\/jpeg\" \/>\n<meta name=\"author\" content=\"admin_acn\" \/>\n<meta name=\"twitter:card\" content=\"summary_large_image\" \/>\n<meta name=\"twitter:creator\" content=\"@acn_int\" \/>\n<meta name=\"twitter:site\" content=\"@acn_int\" \/>\n<meta name=\"twitter:label1\" content=\"Escrito por\" \/>\n\t<meta name=\"twitter:data1\" content=\"admin_acn\" \/>\n\t<meta name=\"twitter:label2\" content=\"Tiempo de lectura\" \/>\n\t<meta name=\"twitter:data2\" content=\"7 minutos\" \/>\n<script type=\"application\/ld+json\" class=\"yoast-schema-graph\">{\"@context\":\"https:\\\/\\\/schema.org\",\"@graph\":[{\"@type\":\"Article\",\"@id\":\"https:\\\/\\\/acninternational.org\\\/es\\\/cardenal-baltazar-porras-el-cerco-se-ha-ido-cerrando-aqui-todo-es-unidimensional-en-estos-momentos\\\/#article\",\"isPartOf\":{\"@id\":\"https:\\\/\\\/acninternational.org\\\/es\\\/cardenal-baltazar-porras-el-cerco-se-ha-ido-cerrando-aqui-todo-es-unidimensional-en-estos-momentos\\\/\"},\"author\":{\"name\":\"admin_acn\",\"@id\":\"https:\\\/\\\/acninternational.org\\\/es\\\/#\\\/schema\\\/person\\\/5a7468d38fb12b1976b6eeda95c21ebc\"},\"headline\":\"Cardenal Baltazar Porras: \u201cEl cerco se ha ido cerrando, aqu\u00ed todo es unidimensional en estos momentos.\u201d\",\"datePublished\":\"2017-05-17T22:00:00+00:00\",\"mainEntityOfPage\":{\"@id\":\"https:\\\/\\\/acninternational.org\\\/es\\\/cardenal-baltazar-porras-el-cerco-se-ha-ido-cerrando-aqui-todo-es-unidimensional-en-estos-momentos\\\/\"},\"wordCount\":1515,\"commentCount\":0,\"publisher\":{\"@id\":\"https:\\\/\\\/acninternational.org\\\/es\\\/#organization\"},\"image\":{\"@id\":\"https:\\\/\\\/acninternational.org\\\/es\\\/cardenal-baltazar-porras-el-cerco-se-ha-ido-cerrando-aqui-todo-es-unidimensional-en-estos-momentos\\\/#primaryimage\"},\"thumbnailUrl\":\"https:\\\/\\\/media.acninternational.org\\\/wp-content\\\/uploads\\\/2019\\\/11\\\/Cardenal-Baltazar-Porras-%E2%80%9CEl-cerco-se-ha-ido-cerrando-aqu%C3%AD-todo-es-unidimensional-en-estos-momentos.%E2%80%9D-image.jpg\",\"articleSection\":[\"ENTREVISTAS\",\"HISTORIAS\"],\"inLanguage\":\"es\",\"potentialAction\":[{\"@type\":\"CommentAction\",\"name\":\"Comment\",\"target\":[\"https:\\\/\\\/acninternational.org\\\/es\\\/cardenal-baltazar-porras-el-cerco-se-ha-ido-cerrando-aqui-todo-es-unidimensional-en-estos-momentos\\\/#respond\"]}]},{\"@type\":\"WebPage\",\"@id\":\"https:\\\/\\\/acninternational.org\\\/es\\\/cardenal-baltazar-porras-el-cerco-se-ha-ido-cerrando-aqui-todo-es-unidimensional-en-estos-momentos\\\/\",\"url\":\"https:\\\/\\\/acninternational.org\\\/es\\\/cardenal-baltazar-porras-el-cerco-se-ha-ido-cerrando-aqui-todo-es-unidimensional-en-estos-momentos\\\/\",\"name\":\"Cardenal Baltazar Porras: \u201cEl cerco se ha ido cerrando, aqu\u00ed todo es unidimensional en estos momentos.\u201d | ACN International\",\"isPartOf\":{\"@id\":\"https:\\\/\\\/acninternational.org\\\/es\\\/#website\"},\"primaryImageOfPage\":{\"@id\":\"https:\\\/\\\/acninternational.org\\\/es\\\/cardenal-baltazar-porras-el-cerco-se-ha-ido-cerrando-aqui-todo-es-unidimensional-en-estos-momentos\\\/#primaryimage\"},\"image\":{\"@id\":\"https:\\\/\\\/acninternational.org\\\/es\\\/cardenal-baltazar-porras-el-cerco-se-ha-ido-cerrando-aqui-todo-es-unidimensional-en-estos-momentos\\\/#primaryimage\"},\"thumbnailUrl\":\"https:\\\/\\\/media.acninternational.org\\\/wp-content\\\/uploads\\\/2019\\\/11\\\/Cardenal-Baltazar-Porras-%E2%80%9CEl-cerco-se-ha-ido-cerrando-aqu%C3%AD-todo-es-unidimensional-en-estos-momentos.%E2%80%9D-image.jpg\",\"datePublished\":\"2017-05-17T22:00:00+00:00\",\"breadcrumb\":{\"@id\":\"https:\\\/\\\/acninternational.org\\\/es\\\/cardenal-baltazar-porras-el-cerco-se-ha-ido-cerrando-aqui-todo-es-unidimensional-en-estos-momentos\\\/#breadcrumb\"},\"inLanguage\":\"es\",\"potentialAction\":[{\"@type\":\"ReadAction\",\"target\":[\"https:\\\/\\\/acninternational.org\\\/es\\\/cardenal-baltazar-porras-el-cerco-se-ha-ido-cerrando-aqui-todo-es-unidimensional-en-estos-momentos\\\/\"]}]},{\"@type\":\"ImageObject\",\"inLanguage\":\"es\",\"@id\":\"https:\\\/\\\/acninternational.org\\\/es\\\/cardenal-baltazar-porras-el-cerco-se-ha-ido-cerrando-aqui-todo-es-unidimensional-en-estos-momentos\\\/#primaryimage\",\"url\":\"https:\\\/\\\/media.acninternational.org\\\/wp-content\\\/uploads\\\/2019\\\/11\\\/Cardenal-Baltazar-Porras-%E2%80%9CEl-cerco-se-ha-ido-cerrando-aqu%C3%AD-todo-es-unidimensional-en-estos-momentos.%E2%80%9D-image.jpg\",\"contentUrl\":\"https:\\\/\\\/media.acninternational.org\\\/wp-content\\\/uploads\\\/2019\\\/11\\\/Cardenal-Baltazar-Porras-%E2%80%9CEl-cerco-se-ha-ido-cerrando-aqu%C3%AD-todo-es-unidimensional-en-estos-momentos.%E2%80%9D-image.jpg\",\"width\":1980,\"height\":800,\"caption\":\"Cardenal Baltazar Porras: \u201cEl cerco se ha ido cerrando, aqu\u00ed todo es unidimensional en estos momentos.\u201d\"},{\"@type\":\"BreadcrumbList\",\"@id\":\"https:\\\/\\\/acninternational.org\\\/es\\\/cardenal-baltazar-porras-el-cerco-se-ha-ido-cerrando-aqui-todo-es-unidimensional-en-estos-momentos\\\/#breadcrumb\",\"itemListElement\":[{\"@type\":\"ListItem\",\"position\":1,\"name\":\"Home\",\"item\":\"https:\\\/\\\/acninternational.org\\\/es\\\/\"},{\"@type\":\"ListItem\",\"position\":2,\"name\":\"ENTREVISTAS\",\"item\":\"https:\\\/\\\/acninternational.org\\\/es\\\/category\\\/entrevistas\\\/\"},{\"@type\":\"ListItem\",\"position\":3,\"name\":\"Cardenal Baltazar Porras: \u201cEl cerco se ha ido cerrando, aqu\u00ed todo es unidimensional en estos momentos.\u201d\"}]},{\"@type\":\"WebSite\",\"@id\":\"https:\\\/\\\/acninternational.org\\\/es\\\/#website\",\"url\":\"https:\\\/\\\/acninternational.org\\\/es\\\/\",\"name\":\"ACN International\",\"description\":\"\",\"publisher\":{\"@id\":\"https:\\\/\\\/acninternational.org\\\/es\\\/#organization\"},\"potentialAction\":[{\"@type\":\"SearchAction\",\"target\":{\"@type\":\"EntryPoint\",\"urlTemplate\":\"https:\\\/\\\/acninternational.org\\\/es\\\/?s={search_term_string}\"},\"query-input\":{\"@type\":\"PropertyValueSpecification\",\"valueRequired\":true,\"valueName\":\"search_term_string\"}}],\"inLanguage\":\"es\"},{\"@type\":\"Organization\",\"@id\":\"https:\\\/\\\/acninternational.org\\\/es\\\/#organization\",\"name\":\"Aid to the Church in Need International\",\"url\":\"https:\\\/\\\/acninternational.org\\\/es\\\/\",\"logo\":{\"@type\":\"ImageObject\",\"inLanguage\":\"es\",\"@id\":\"https:\\\/\\\/acninternational.org\\\/es\\\/#\\\/schema\\\/logo\\\/image\\\/\",\"url\":\"https:\\\/\\\/media.acninternational.org\\\/wp-content\\\/uploads\\\/2019\\\/11\\\/acn_logo_blackvector.svg\",\"contentUrl\":\"https:\\\/\\\/media.acninternational.org\\\/wp-content\\\/uploads\\\/2019\\\/11\\\/acn_logo_blackvector.svg\",\"width\":232.6,\"height\":78,\"caption\":\"Aid to the Church in Need International\"},\"image\":{\"@id\":\"https:\\\/\\\/acninternational.org\\\/es\\\/#\\\/schema\\\/logo\\\/image\\\/\"},\"sameAs\":[\"https:\\\/\\\/www.facebook.com\\\/acninternationalorg\",\"https:\\\/\\\/x.com\\\/acn_int\",\"https:\\\/\\\/www.youtube.com\\\/channel\\\/UCQ-077gS0TnVzkhHmf1opZw\",\"https:\\\/\\\/www.instagram.com\\\/acn_international\\\/\"]},{\"@type\":\"Person\",\"@id\":\"https:\\\/\\\/acninternational.org\\\/es\\\/#\\\/schema\\\/person\\\/5a7468d38fb12b1976b6eeda95c21ebc\",\"name\":\"admin_acn\",\"url\":\"https:\\\/\\\/acninternational.org\\\/es\\\/author\\\/admin_acn\\\/\"}]}<\/script>\n<!-- \/ Yoast SEO Premium plugin. -->","yoast_head_json":{"title":"Cardenal Baltazar Porras: \u201cEl cerco se ha ido cerrando, aqu\u00ed todo es unidimensional en estos momentos.\u201d | ACN International","robots":{"index":"index","follow":"follow","max-snippet":"max-snippet:-1","max-image-preview":"max-image-preview:large","max-video-preview":"max-video-preview:-1"},"canonical":"https:\/\/acninternational.org\/es\/cardenal-baltazar-porras-el-cerco-se-ha-ido-cerrando-aqui-todo-es-unidimensional-en-estos-momentos\/","og_locale":"es_ES","og_type":"article","og_title":"Cardenal Baltazar Porras: \u201cEl cerco se ha ido cerrando, aqu\u00ed todo es unidimensional en estos momentos.\u201d","og_description":"La fundaci\u00f3n pontificia internacional ACN se unir\u00e1 a la Jornada de Oraci\u00f3n por la Paz de Venezuela el pr\u00f3ximo domingo","og_url":"https:\/\/acninternational.org\/es\/cardenal-baltazar-porras-el-cerco-se-ha-ido-cerrando-aqui-todo-es-unidimensional-en-estos-momentos\/","og_site_name":"ACN International","article_publisher":"https:\/\/www.facebook.com\/acninternationalorg","article_published_time":"2017-05-17T22:00:00+00:00","og_image":[{"width":1980,"height":800,"url":"https:\/\/media.acninternational.org\/wp-content\/uploads\/2019\/11\/Cardenal-Baltazar-Porras-%E2%80%9CEl-cerco-se-ha-ido-cerrando-aqu%C3%AD-todo-es-unidimensional-en-estos-momentos.%E2%80%9D-image.jpg","type":"image\/jpeg"}],"author":"admin_acn","twitter_card":"summary_large_image","twitter_creator":"@acn_int","twitter_site":"@acn_int","twitter_misc":{"Escrito por":"admin_acn","Tiempo de lectura":"7 minutos"},"schema":{"@context":"https:\/\/schema.org","@graph":[{"@type":"Article","@id":"https:\/\/acninternational.org\/es\/cardenal-baltazar-porras-el-cerco-se-ha-ido-cerrando-aqui-todo-es-unidimensional-en-estos-momentos\/#article","isPartOf":{"@id":"https:\/\/acninternational.org\/es\/cardenal-baltazar-porras-el-cerco-se-ha-ido-cerrando-aqui-todo-es-unidimensional-en-estos-momentos\/"},"author":{"name":"admin_acn","@id":"https:\/\/acninternational.org\/es\/#\/schema\/person\/5a7468d38fb12b1976b6eeda95c21ebc"},"headline":"Cardenal Baltazar Porras: \u201cEl cerco se ha ido cerrando, aqu\u00ed todo es unidimensional en estos momentos.\u201d","datePublished":"2017-05-17T22:00:00+00:00","mainEntityOfPage":{"@id":"https:\/\/acninternational.org\/es\/cardenal-baltazar-porras-el-cerco-se-ha-ido-cerrando-aqui-todo-es-unidimensional-en-estos-momentos\/"},"wordCount":1515,"commentCount":0,"publisher":{"@id":"https:\/\/acninternational.org\/es\/#organization"},"image":{"@id":"https:\/\/acninternational.org\/es\/cardenal-baltazar-porras-el-cerco-se-ha-ido-cerrando-aqui-todo-es-unidimensional-en-estos-momentos\/#primaryimage"},"thumbnailUrl":"https:\/\/media.acninternational.org\/wp-content\/uploads\/2019\/11\/Cardenal-Baltazar-Porras-%E2%80%9CEl-cerco-se-ha-ido-cerrando-aqu%C3%AD-todo-es-unidimensional-en-estos-momentos.%E2%80%9D-image.jpg","articleSection":["ENTREVISTAS","HISTORIAS"],"inLanguage":"es","potentialAction":[{"@type":"CommentAction","name":"Comment","target":["https:\/\/acninternational.org\/es\/cardenal-baltazar-porras-el-cerco-se-ha-ido-cerrando-aqui-todo-es-unidimensional-en-estos-momentos\/#respond"]}]},{"@type":"WebPage","@id":"https:\/\/acninternational.org\/es\/cardenal-baltazar-porras-el-cerco-se-ha-ido-cerrando-aqui-todo-es-unidimensional-en-estos-momentos\/","url":"https:\/\/acninternational.org\/es\/cardenal-baltazar-porras-el-cerco-se-ha-ido-cerrando-aqui-todo-es-unidimensional-en-estos-momentos\/","name":"Cardenal Baltazar Porras: \u201cEl cerco se ha ido cerrando, aqu\u00ed todo es unidimensional en estos momentos.\u201d | ACN International","isPartOf":{"@id":"https:\/\/acninternational.org\/es\/#website"},"primaryImageOfPage":{"@id":"https:\/\/acninternational.org\/es\/cardenal-baltazar-porras-el-cerco-se-ha-ido-cerrando-aqui-todo-es-unidimensional-en-estos-momentos\/#primaryimage"},"image":{"@id":"https:\/\/acninternational.org\/es\/cardenal-baltazar-porras-el-cerco-se-ha-ido-cerrando-aqui-todo-es-unidimensional-en-estos-momentos\/#primaryimage"},"thumbnailUrl":"https:\/\/media.acninternational.org\/wp-content\/uploads\/2019\/11\/Cardenal-Baltazar-Porras-%E2%80%9CEl-cerco-se-ha-ido-cerrando-aqu%C3%AD-todo-es-unidimensional-en-estos-momentos.%E2%80%9D-image.jpg","datePublished":"2017-05-17T22:00:00+00:00","breadcrumb":{"@id":"https:\/\/acninternational.org\/es\/cardenal-baltazar-porras-el-cerco-se-ha-ido-cerrando-aqui-todo-es-unidimensional-en-estos-momentos\/#breadcrumb"},"inLanguage":"es","potentialAction":[{"@type":"ReadAction","target":["https:\/\/acninternational.org\/es\/cardenal-baltazar-porras-el-cerco-se-ha-ido-cerrando-aqui-todo-es-unidimensional-en-estos-momentos\/"]}]},{"@type":"ImageObject","inLanguage":"es","@id":"https:\/\/acninternational.org\/es\/cardenal-baltazar-porras-el-cerco-se-ha-ido-cerrando-aqui-todo-es-unidimensional-en-estos-momentos\/#primaryimage","url":"https:\/\/media.acninternational.org\/wp-content\/uploads\/2019\/11\/Cardenal-Baltazar-Porras-%E2%80%9CEl-cerco-se-ha-ido-cerrando-aqu%C3%AD-todo-es-unidimensional-en-estos-momentos.%E2%80%9D-image.jpg","contentUrl":"https:\/\/media.acninternational.org\/wp-content\/uploads\/2019\/11\/Cardenal-Baltazar-Porras-%E2%80%9CEl-cerco-se-ha-ido-cerrando-aqu%C3%AD-todo-es-unidimensional-en-estos-momentos.%E2%80%9D-image.jpg","width":1980,"height":800,"caption":"Cardenal Baltazar Porras: \u201cEl cerco se ha ido cerrando, aqu\u00ed todo es unidimensional en estos momentos.\u201d"},{"@type":"BreadcrumbList","@id":"https:\/\/acninternational.org\/es\/cardenal-baltazar-porras-el-cerco-se-ha-ido-cerrando-aqui-todo-es-unidimensional-en-estos-momentos\/#breadcrumb","itemListElement":[{"@type":"ListItem","position":1,"name":"Home","item":"https:\/\/acninternational.org\/es\/"},{"@type":"ListItem","position":2,"name":"ENTREVISTAS","item":"https:\/\/acninternational.org\/es\/category\/entrevistas\/"},{"@type":"ListItem","position":3,"name":"Cardenal Baltazar Porras: \u201cEl cerco se ha ido cerrando, aqu\u00ed todo es unidimensional en estos momentos.\u201d"}]},{"@type":"WebSite","@id":"https:\/\/acninternational.org\/es\/#website","url":"https:\/\/acninternational.org\/es\/","name":"ACN International","description":"","publisher":{"@id":"https:\/\/acninternational.org\/es\/#organization"},"potentialAction":[{"@type":"SearchAction","target":{"@type":"EntryPoint","urlTemplate":"https:\/\/acninternational.org\/es\/?s={search_term_string}"},"query-input":{"@type":"PropertyValueSpecification","valueRequired":true,"valueName":"search_term_string"}}],"inLanguage":"es"},{"@type":"Organization","@id":"https:\/\/acninternational.org\/es\/#organization","name":"Aid to the Church in Need International","url":"https:\/\/acninternational.org\/es\/","logo":{"@type":"ImageObject","inLanguage":"es","@id":"https:\/\/acninternational.org\/es\/#\/schema\/logo\/image\/","url":"https:\/\/media.acninternational.org\/wp-content\/uploads\/2019\/11\/acn_logo_blackvector.svg","contentUrl":"https:\/\/media.acninternational.org\/wp-content\/uploads\/2019\/11\/acn_logo_blackvector.svg","width":232.6,"height":78,"caption":"Aid to the Church in Need International"},"image":{"@id":"https:\/\/acninternational.org\/es\/#\/schema\/logo\/image\/"},"sameAs":["https:\/\/www.facebook.com\/acninternationalorg","https:\/\/x.com\/acn_int","https:\/\/www.youtube.com\/channel\/UCQ-077gS0TnVzkhHmf1opZw","https:\/\/www.instagram.com\/acn_international\/"]},{"@type":"Person","@id":"https:\/\/acninternational.org\/es\/#\/schema\/person\/5a7468d38fb12b1976b6eeda95c21ebc","name":"admin_acn","url":"https:\/\/acninternational.org\/es\/author\/admin_acn\/"}]}},"_links":{"self":[{"href":"https:\/\/acninternational.org\/es\/wp-json\/wp\/v2\/posts\/114562","targetHints":{"allow":["GET"]}}],"collection":[{"href":"https:\/\/acninternational.org\/es\/wp-json\/wp\/v2\/posts"}],"about":[{"href":"https:\/\/acninternational.org\/es\/wp-json\/wp\/v2\/types\/post"}],"author":[{"embeddable":true,"href":"https:\/\/acninternational.org\/es\/wp-json\/wp\/v2\/users\/1"}],"replies":[{"embeddable":true,"href":"https:\/\/acninternational.org\/es\/wp-json\/wp\/v2\/comments?post=114562"}],"version-history":[{"count":0,"href":"https:\/\/acninternational.org\/es\/wp-json\/wp\/v2\/posts\/114562\/revisions"}],"wp:featuredmedia":[{"embeddable":true,"href":"https:\/\/acninternational.org\/es\/wp-json\/wp\/v2\/media\/114563"}],"wp:attachment":[{"href":"https:\/\/acninternational.org\/es\/wp-json\/wp\/v2\/media?parent=114562"}],"wp:term":[{"taxonomy":"category","embeddable":true,"href":"https:\/\/acninternational.org\/es\/wp-json\/wp\/v2\/categories?post=114562"},{"taxonomy":"post_tag","embeddable":true,"href":"https:\/\/acninternational.org\/es\/wp-json\/wp\/v2\/tags?post=114562"},{"taxonomy":"country","embeddable":true,"href":"https:\/\/acninternational.org\/es\/wp-json\/wp\/v2\/country?post=114562"}],"curies":[{"name":"wp","href":"https:\/\/api.w.org\/{rel}","templated":true}]}}