{"id":114472,"date":"2017-05-02T00:00:00","date_gmt":"2017-05-01T22:00:00","guid":{"rendered":"https:\/\/acninternational.org\/nepal-la-pequena-comunidad-catolica-temerosa-despues-del-imprevisto-ataque-a-la-catedral-de-la-asuncion\/"},"modified":"2017-05-02T00:00:00","modified_gmt":"2017-05-01T22:00:00","slug":"nepal-la-pequena-comunidad-catolica-temerosa-despues-del-imprevisto-ataque-a-la-catedral-de-la-asuncion","status":"publish","type":"post","link":"https:\/\/acninternational.org\/es\/nepal-la-pequena-comunidad-catolica-temerosa-despues-del-imprevisto-ataque-a-la-catedral-de-la-asuncion\/","title":{"rendered":"Nepal: la peque\u00f1a comunidad cat\u00f3lica temerosa despu\u00e9s del imprevisto ataque a la catedral de la Asunci\u00f3n"},"content":{"rendered":"<p>K\u00f6nigstein\/Katmand\u00fa, 28.04.2017.- El 18 de abril, un incendio provocado da\u00f1\u00f3 parcialmente la rector\u00eda de la Iglesia de la Asunci\u00f3n, catedral del Vicariato Apost\u00f3lico de Nepal, situada a las afueras de Katmand\u00fa. Los da\u00f1os fueron s\u00f3lo materiales, pero para el Vicario General, Padre Silas Bogati, este incidente \u00abha da\u00f1ado a la peque\u00f1a comunidad cat\u00f3lica que siente miedo, confiamos en Dios, pero este suceso es una llamada a la cautela\u00bb. Este ataque se produce en una situaci\u00f3n pol\u00edtica muy delicada para el pa\u00eds, que se prepara para las pr\u00f3ximas elecciones locales del 14 de mayo, las primeras que se llevar\u00e1n a cabo en Nepal desde hace casi 20 a\u00f1os, y que est\u00e1 previsto sean seguidas por las elecciones parlamentarias en enero del 2018.<\/p>\n<p>Los sucesos tuvieron lugar a las tres de la madrugada del 18 de abril. En conversaci\u00f3n con la fundaci\u00f3n pontificia Ayuda a la Iglesia Necesitada el padre Silas relat\u00f3 c\u00f3mo al menos tres personas entraron en el \u00e1rea y usaron gasolina para prender fuego a dos motocicletas y un coche estacionados en el recinto. Tambi\u00e9n rociaron con gasolina las paredes y la puerta de la iglesia, que sufrieron graves da\u00f1os. En el recinto se encuentra tambi\u00e9n la rector\u00eda donde se alojan 10 personas, pero \u201cgracias a Dios el veh\u00edculo quemado no explot\u00f3 mientras la gente era evacuada, sino podr\u00eda haber sido una tragedia. El edificio s\u00ed est\u00e1 muy da\u00f1ado por el fuego, pero nadie result\u00f3 herido.\u00bb<\/p>\n<p>Preguntado sobre los motivos y la autor\u00eda del incendio provocado, el Padre Silas se muestra muy cuidadoso: \u201cNo sabemos todav\u00eda qui\u00e9n est\u00e1 detr\u00e1s, ni los motivos del atentado. La polic\u00eda est\u00e1 investigando el asunto y tratar de identificar en estos momentos a las tres personas que se ven en las c\u00e1maras de seguridad. Una vez que se sepa m\u00e1s sobre la autor\u00eda se puede saber los motivos, ahora ser\u00edan s\u00f3lo especulaciones.\u201d El sacerdote nepal\u00e9s reconoce que \u201cde vez en cuando los cat\u00f3licos aqu\u00ed nos sentimos discriminados y aun siendo ciudadanos nepaleses somos tratados como extra\u00f1os por el mero hecho de ser cristianos. Desgraciadamente en algunos c\u00edrculos de la sociedad se aprecia hostilidad hacia las comunidades cristianas\u201d. Sin embargo, el Padre Silas a\u00f1ade que en general tienen \u201cmuy buen trato con los vecinos, la mayor\u00eda son muy abiertos y considerados con nosotros. De hecho fueron los primeros en ayudar a las v\u00edctimas y llamaron a la polic\u00eda. Es un grupo reducido el que se comporta de otra manera.\u201d<\/p>\n<p>No es la primera vez que la peque\u00f1a comunidad cat\u00f3lica de Nepal sufre ataques: en mayo del 2009 una bomba explot\u00f3 en la catedral, justo cuando el Padre Silas celebraba la Santa Misa, matando a tres personas y causando m\u00e1s de una docena de heridos. \u201cFue el momento m\u00e1s triste de mi vida. Nunca pensamos que alguien pod\u00eda atacar un lugar sagrado de oraci\u00f3n. Estuve muy traumatizado despu\u00e9s del suceso.\u201d El ataque fue reivindicado en aquel entonces por el grupo fundamentalista hind\u00fa Nepal Defence Army (Ej\u00e9rcito de Defensa de Nepal).<\/p>\n<p>\u201cDespu\u00e9s de este suceso en 2009 hemos tenido unos a\u00f1os pac\u00edficos pero la reciente agresi\u00f3n es una llamada a ser precavidos. Por supuesto al final la \u00faltima seguridad la da Dios, pero tenemos que estudiar c\u00f3mo elevar nuestras medidas de seguridad y mejorar la protecci\u00f3n de la comunidad\u201d, explica el General Vicario durante la conversaci\u00f3n telef\u00f3nica.<\/p>\n<p>La Iglesia Cat\u00f3lica es una minor\u00eda peque\u00f1a pero muy activa en cuestiones de ayuda y desarrollo social, explica el sacerdote: \u201cJusto en estos d\u00edas estamos recordando y rezando por las v\u00edctimas del violento terremoto de magnitud 7,8 que arras\u00f3 Nepal hace exactamente dos a\u00f1os, el 25 de abril de 2015. La Iglesia Cat\u00f3lica est\u00e1 llevando a cabo una labor grande de reconstrucci\u00f3n en su \u00e1mbito local, con la reconstrucci\u00f3n de 5.000 viviendas para damnificados y de sistemas de agua potable, as\u00ed como proyectos de h\u00e1bitat y desarrollo para vecinos. Esta ayuda beneficia a muchas personas sin consideraci\u00f3n de la pertenencia religiosa. Vamos continuar esta ayuda porque nuestra vocaci\u00f3n es ayudar a los m\u00e1s necesitados, como ahora los da\u00f1ados por el terremoto.\u201d<\/p>\n<p>Seg\u00fan el Informe de Libertad Religiosa publicado por la fundaci\u00f3n ACN el pasado noviembre, el n\u00famero de cat\u00f3licos en el Vicariato Apost\u00f3lico de Nepal es de 8.000 fieles; las iglesias evang\u00e9licas y pentecostales est\u00e1n mucho m\u00e1s presentes.<\/p>\n<p>Tal y como describe el citado informe, la joven Rep\u00fablica Federal Democr\u00e1tica de Nepal, reino hind\u00fa anteriormente, adopt\u00f3 el car\u00e1cter laico del Estado en 2007, un a\u00f1o despu\u00e9s de la abolici\u00f3n de la monarqu\u00eda y despu\u00e9s de una d\u00e9cada de guerra civil entre las fuerzas armadas gubernamentales y la guerrilla mao\u00edsta. La presi\u00f3n ejercida por los partidos pro-hind\u00faes es muy fuerte, circunstancia que, a\u00f1adida a otras muchas dificultades (sobre todo las relacionadas con el establecimiento de las fronteras internas entre las siete provincias), ha hecho pr\u00e1cticamente imposible que los miembros de la asamblea constituyente lleguen a acuerdos. Despu\u00e9s del terremoto del 25 de abril de 2015, en agosto del mismo a\u00f1o, ante la presi\u00f3n de la poblaci\u00f3n, los principales partidos del arco parlamentario alcanzaron por fin un acuerdo considerado \u201chist\u00f3rico\u201d por todos los nepal\u00edes. El 16 de septiembre de 2015 la Asamblea Constituyente de Nepal vot\u00f3, por fin, la Constituci\u00f3n, con lo que acab\u00f3 un delicado proceso que se hab\u00eda iniciado ocho a\u00f1os antes. El nuevo texto afirma el car\u00e1cter laico de las instituciones nepal\u00edes a la vez que restringe enormemente la libertad religiosa.<\/p>\n<p>Las elecciones del 14 de mayo marcar\u00e1n un paso crucial en el establecimiento de las nuevas instituciones republicanas previstas en la Constituci\u00f3n. Por eso, Padre Silas pide a la comunidad internacional y a la fundaci\u00f3n pontificia \u201coraciones por los cat\u00f3licos pero tambi\u00e9n por todo el pa\u00eds para que el proceso pol\u00edtico de las pr\u00f3ximas semanas se desarrolle en paz y traiga la deseada estabilidad al pa\u00eds\u201d.<\/p>\n","protected":false},"excerpt":{"rendered":"<p>K\u00f6nigstein\/Katmand\u00fa, 28.04.2017.- El 18 de abril, un incendio provocado da\u00f1\u00f3 parcialmente la rector\u00eda de la Iglesia de la Asunci\u00f3n, catedral<\/p>\n","protected":false},"author":1,"featured_media":114473,"comment_status":"open","ping_status":"open","sticky":false,"template":"","format":"standard","meta":{"_acf_changed":false,"_acn_coauthor_ids":[],"footnotes":""},"categories":[713,714],"tags":[],"country":[],"class_list":["post-114472","post","type-post","status-publish","format-standard","has-post-thumbnail","hentry","category-historias","category-proyecto"],"acn_coauthors":[],"acf":[],"yoast_head":"<!-- This site is optimized with the Yoast SEO Premium plugin v27.3 (Yoast SEO v27.3) - https:\/\/yoast.com\/product\/yoast-seo-premium-wordpress\/ -->\n<title>Nepal: la peque\u00f1a comunidad cat\u00f3lica temerosa despu\u00e9s del imprevisto ataque a la catedral de la Asunci\u00f3n | ACN International<\/title>\n<meta name=\"robots\" content=\"index, follow, max-snippet:-1, max-image-preview:large, max-video-preview:-1\" \/>\n<link rel=\"canonical\" href=\"https:\/\/acninternational.org\/es\/nepal-la-pequena-comunidad-catolica-temerosa-despues-del-imprevisto-ataque-a-la-catedral-de-la-asuncion\/\" \/>\n<meta property=\"og:locale\" content=\"es_ES\" \/>\n<meta property=\"og:type\" content=\"article\" \/>\n<meta property=\"og:title\" content=\"Nepal: la peque\u00f1a comunidad cat\u00f3lica temerosa despu\u00e9s del imprevisto ataque a la catedral de la Asunci\u00f3n\" \/>\n<meta property=\"og:description\" content=\"K\u00f6nigstein\/Katmand\u00fa, 28.04.2017.- El 18 de abril, un incendio provocado da\u00f1\u00f3 parcialmente la rector\u00eda de la Iglesia de la Asunci\u00f3n, catedral\" \/>\n<meta property=\"og:url\" content=\"https:\/\/acninternational.org\/es\/nepal-la-pequena-comunidad-catolica-temerosa-despues-del-imprevisto-ataque-a-la-catedral-de-la-asuncion\/\" \/>\n<meta property=\"og:site_name\" content=\"ACN International\" \/>\n<meta property=\"article:publisher\" content=\"https:\/\/www.facebook.com\/acninternationalorg\" \/>\n<meta property=\"article:published_time\" content=\"2017-05-01T22:00:00+00:00\" \/>\n<meta property=\"og:image\" content=\"https:\/\/media.acninternational.org\/wp-content\/uploads\/2019\/11\/Nepal-la-peque%C3%B1a-comunidad-cat%C3%B3lica-temerosa-despu%C3%A9s-del-imprevisto-ataque-a-la-catedral-de-la-Asunci%C3%B3n-image.jpg\" \/>\n\t<meta property=\"og:image:width\" content=\"1980\" \/>\n\t<meta property=\"og:image:height\" content=\"800\" \/>\n\t<meta property=\"og:image:type\" content=\"image\/jpeg\" \/>\n<meta name=\"author\" content=\"admin_acn\" \/>\n<meta name=\"twitter:card\" content=\"summary_large_image\" \/>\n<meta name=\"twitter:creator\" content=\"@acn_int\" \/>\n<meta name=\"twitter:site\" content=\"@acn_int\" \/>\n<meta name=\"twitter:label1\" content=\"Escrito por\" \/>\n\t<meta name=\"twitter:data1\" content=\"admin_acn\" \/>\n\t<meta name=\"twitter:label2\" content=\"Tiempo de lectura\" \/>\n\t<meta name=\"twitter:data2\" content=\"5 minutos\" \/>\n<script type=\"application\/ld+json\" class=\"yoast-schema-graph\">{\"@context\":\"https:\\\/\\\/schema.org\",\"@graph\":[{\"@type\":\"Article\",\"@id\":\"https:\\\/\\\/acninternational.org\\\/es\\\/nepal-la-pequena-comunidad-catolica-temerosa-despues-del-imprevisto-ataque-a-la-catedral-de-la-asuncion\\\/#article\",\"isPartOf\":{\"@id\":\"https:\\\/\\\/acninternational.org\\\/es\\\/nepal-la-pequena-comunidad-catolica-temerosa-despues-del-imprevisto-ataque-a-la-catedral-de-la-asuncion\\\/\"},\"author\":{\"name\":\"admin_acn\",\"@id\":\"https:\\\/\\\/acninternational.org\\\/es\\\/#\\\/schema\\\/person\\\/5a7468d38fb12b1976b6eeda95c21ebc\"},\"headline\":\"Nepal: la peque\u00f1a comunidad cat\u00f3lica temerosa despu\u00e9s del imprevisto ataque a la catedral de la Asunci\u00f3n\",\"datePublished\":\"2017-05-01T22:00:00+00:00\",\"mainEntityOfPage\":{\"@id\":\"https:\\\/\\\/acninternational.org\\\/es\\\/nepal-la-pequena-comunidad-catolica-temerosa-despues-del-imprevisto-ataque-a-la-catedral-de-la-asuncion\\\/\"},\"wordCount\":1075,\"commentCount\":0,\"publisher\":{\"@id\":\"https:\\\/\\\/acninternational.org\\\/es\\\/#organization\"},\"image\":{\"@id\":\"https:\\\/\\\/acninternational.org\\\/es\\\/nepal-la-pequena-comunidad-catolica-temerosa-despues-del-imprevisto-ataque-a-la-catedral-de-la-asuncion\\\/#primaryimage\"},\"thumbnailUrl\":\"https:\\\/\\\/media.acninternational.org\\\/wp-content\\\/uploads\\\/2019\\\/11\\\/Nepal-la-peque%C3%B1a-comunidad-cat%C3%B3lica-temerosa-despu%C3%A9s-del-imprevisto-ataque-a-la-catedral-de-la-Asunci%C3%B3n-image.jpg\",\"articleSection\":[\"HISTORIAS\",\"PROYECTO\"],\"inLanguage\":\"es\",\"potentialAction\":[{\"@type\":\"CommentAction\",\"name\":\"Comment\",\"target\":[\"https:\\\/\\\/acninternational.org\\\/es\\\/nepal-la-pequena-comunidad-catolica-temerosa-despues-del-imprevisto-ataque-a-la-catedral-de-la-asuncion\\\/#respond\"]}]},{\"@type\":\"WebPage\",\"@id\":\"https:\\\/\\\/acninternational.org\\\/es\\\/nepal-la-pequena-comunidad-catolica-temerosa-despues-del-imprevisto-ataque-a-la-catedral-de-la-asuncion\\\/\",\"url\":\"https:\\\/\\\/acninternational.org\\\/es\\\/nepal-la-pequena-comunidad-catolica-temerosa-despues-del-imprevisto-ataque-a-la-catedral-de-la-asuncion\\\/\",\"name\":\"Nepal: la peque\u00f1a comunidad cat\u00f3lica temerosa despu\u00e9s del imprevisto ataque a la catedral de la Asunci\u00f3n | ACN International\",\"isPartOf\":{\"@id\":\"https:\\\/\\\/acninternational.org\\\/es\\\/#website\"},\"primaryImageOfPage\":{\"@id\":\"https:\\\/\\\/acninternational.org\\\/es\\\/nepal-la-pequena-comunidad-catolica-temerosa-despues-del-imprevisto-ataque-a-la-catedral-de-la-asuncion\\\/#primaryimage\"},\"image\":{\"@id\":\"https:\\\/\\\/acninternational.org\\\/es\\\/nepal-la-pequena-comunidad-catolica-temerosa-despues-del-imprevisto-ataque-a-la-catedral-de-la-asuncion\\\/#primaryimage\"},\"thumbnailUrl\":\"https:\\\/\\\/media.acninternational.org\\\/wp-content\\\/uploads\\\/2019\\\/11\\\/Nepal-la-peque%C3%B1a-comunidad-cat%C3%B3lica-temerosa-despu%C3%A9s-del-imprevisto-ataque-a-la-catedral-de-la-Asunci%C3%B3n-image.jpg\",\"datePublished\":\"2017-05-01T22:00:00+00:00\",\"breadcrumb\":{\"@id\":\"https:\\\/\\\/acninternational.org\\\/es\\\/nepal-la-pequena-comunidad-catolica-temerosa-despues-del-imprevisto-ataque-a-la-catedral-de-la-asuncion\\\/#breadcrumb\"},\"inLanguage\":\"es\",\"potentialAction\":[{\"@type\":\"ReadAction\",\"target\":[\"https:\\\/\\\/acninternational.org\\\/es\\\/nepal-la-pequena-comunidad-catolica-temerosa-despues-del-imprevisto-ataque-a-la-catedral-de-la-asuncion\\\/\"]}]},{\"@type\":\"ImageObject\",\"inLanguage\":\"es\",\"@id\":\"https:\\\/\\\/acninternational.org\\\/es\\\/nepal-la-pequena-comunidad-catolica-temerosa-despues-del-imprevisto-ataque-a-la-catedral-de-la-asuncion\\\/#primaryimage\",\"url\":\"https:\\\/\\\/media.acninternational.org\\\/wp-content\\\/uploads\\\/2019\\\/11\\\/Nepal-la-peque%C3%B1a-comunidad-cat%C3%B3lica-temerosa-despu%C3%A9s-del-imprevisto-ataque-a-la-catedral-de-la-Asunci%C3%B3n-image.jpg\",\"contentUrl\":\"https:\\\/\\\/media.acninternational.org\\\/wp-content\\\/uploads\\\/2019\\\/11\\\/Nepal-la-peque%C3%B1a-comunidad-cat%C3%B3lica-temerosa-despu%C3%A9s-del-imprevisto-ataque-a-la-catedral-de-la-Asunci%C3%B3n-image.jpg\",\"width\":1980,\"height\":800,\"caption\":\"Nepal: la peque\u00f1a comunidad cat\u00f3lica temerosa despu\u00e9s del imprevisto ataque a la catedral de la Asunci\u00f3n\"},{\"@type\":\"BreadcrumbList\",\"@id\":\"https:\\\/\\\/acninternational.org\\\/es\\\/nepal-la-pequena-comunidad-catolica-temerosa-despues-del-imprevisto-ataque-a-la-catedral-de-la-asuncion\\\/#breadcrumb\",\"itemListElement\":[{\"@type\":\"ListItem\",\"position\":1,\"name\":\"Home\",\"item\":\"https:\\\/\\\/acninternational.org\\\/es\\\/\"},{\"@type\":\"ListItem\",\"position\":2,\"name\":\"HISTORIAS\",\"item\":\"https:\\\/\\\/acninternational.org\\\/es\\\/category\\\/historias\\\/\"},{\"@type\":\"ListItem\",\"position\":3,\"name\":\"Nepal: la peque\u00f1a comunidad cat\u00f3lica temerosa despu\u00e9s del imprevisto ataque a la catedral de la Asunci\u00f3n\"}]},{\"@type\":\"WebSite\",\"@id\":\"https:\\\/\\\/acninternational.org\\\/es\\\/#website\",\"url\":\"https:\\\/\\\/acninternational.org\\\/es\\\/\",\"name\":\"ACN International\",\"description\":\"\",\"publisher\":{\"@id\":\"https:\\\/\\\/acninternational.org\\\/es\\\/#organization\"},\"potentialAction\":[{\"@type\":\"SearchAction\",\"target\":{\"@type\":\"EntryPoint\",\"urlTemplate\":\"https:\\\/\\\/acninternational.org\\\/es\\\/?s={search_term_string}\"},\"query-input\":{\"@type\":\"PropertyValueSpecification\",\"valueRequired\":true,\"valueName\":\"search_term_string\"}}],\"inLanguage\":\"es\"},{\"@type\":\"Organization\",\"@id\":\"https:\\\/\\\/acninternational.org\\\/es\\\/#organization\",\"name\":\"Aid to the Church in Need International\",\"url\":\"https:\\\/\\\/acninternational.org\\\/es\\\/\",\"logo\":{\"@type\":\"ImageObject\",\"inLanguage\":\"es\",\"@id\":\"https:\\\/\\\/acninternational.org\\\/es\\\/#\\\/schema\\\/logo\\\/image\\\/\",\"url\":\"https:\\\/\\\/media.acninternational.org\\\/wp-content\\\/uploads\\\/2019\\\/11\\\/acn_logo_blackvector.svg\",\"contentUrl\":\"https:\\\/\\\/media.acninternational.org\\\/wp-content\\\/uploads\\\/2019\\\/11\\\/acn_logo_blackvector.svg\",\"width\":232.6,\"height\":78,\"caption\":\"Aid to the Church in Need International\"},\"image\":{\"@id\":\"https:\\\/\\\/acninternational.org\\\/es\\\/#\\\/schema\\\/logo\\\/image\\\/\"},\"sameAs\":[\"https:\\\/\\\/www.facebook.com\\\/acninternationalorg\",\"https:\\\/\\\/x.com\\\/acn_int\",\"https:\\\/\\\/www.youtube.com\\\/channel\\\/UCQ-077gS0TnVzkhHmf1opZw\",\"https:\\\/\\\/www.instagram.com\\\/acn_international\\\/\"]},{\"@type\":\"Person\",\"@id\":\"https:\\\/\\\/acninternational.org\\\/es\\\/#\\\/schema\\\/person\\\/5a7468d38fb12b1976b6eeda95c21ebc\",\"name\":\"admin_acn\",\"url\":\"https:\\\/\\\/acninternational.org\\\/es\\\/author\\\/admin_acn\\\/\"}]}<\/script>\n<!-- \/ Yoast SEO Premium plugin. -->","yoast_head_json":{"title":"Nepal: la peque\u00f1a comunidad cat\u00f3lica temerosa despu\u00e9s del imprevisto ataque a la catedral de la Asunci\u00f3n | ACN International","robots":{"index":"index","follow":"follow","max-snippet":"max-snippet:-1","max-image-preview":"max-image-preview:large","max-video-preview":"max-video-preview:-1"},"canonical":"https:\/\/acninternational.org\/es\/nepal-la-pequena-comunidad-catolica-temerosa-despues-del-imprevisto-ataque-a-la-catedral-de-la-asuncion\/","og_locale":"es_ES","og_type":"article","og_title":"Nepal: la peque\u00f1a comunidad cat\u00f3lica temerosa despu\u00e9s del imprevisto ataque a la catedral de la Asunci\u00f3n","og_description":"K\u00f6nigstein\/Katmand\u00fa, 28.04.2017.- El 18 de abril, un incendio provocado da\u00f1\u00f3 parcialmente la rector\u00eda de la Iglesia de la Asunci\u00f3n, catedral","og_url":"https:\/\/acninternational.org\/es\/nepal-la-pequena-comunidad-catolica-temerosa-despues-del-imprevisto-ataque-a-la-catedral-de-la-asuncion\/","og_site_name":"ACN International","article_publisher":"https:\/\/www.facebook.com\/acninternationalorg","article_published_time":"2017-05-01T22:00:00+00:00","og_image":[{"width":1980,"height":800,"url":"https:\/\/media.acninternational.org\/wp-content\/uploads\/2019\/11\/Nepal-la-peque%C3%B1a-comunidad-cat%C3%B3lica-temerosa-despu%C3%A9s-del-imprevisto-ataque-a-la-catedral-de-la-Asunci%C3%B3n-image.jpg","type":"image\/jpeg"}],"author":"admin_acn","twitter_card":"summary_large_image","twitter_creator":"@acn_int","twitter_site":"@acn_int","twitter_misc":{"Escrito por":"admin_acn","Tiempo de lectura":"5 minutos"},"schema":{"@context":"https:\/\/schema.org","@graph":[{"@type":"Article","@id":"https:\/\/acninternational.org\/es\/nepal-la-pequena-comunidad-catolica-temerosa-despues-del-imprevisto-ataque-a-la-catedral-de-la-asuncion\/#article","isPartOf":{"@id":"https:\/\/acninternational.org\/es\/nepal-la-pequena-comunidad-catolica-temerosa-despues-del-imprevisto-ataque-a-la-catedral-de-la-asuncion\/"},"author":{"name":"admin_acn","@id":"https:\/\/acninternational.org\/es\/#\/schema\/person\/5a7468d38fb12b1976b6eeda95c21ebc"},"headline":"Nepal: la peque\u00f1a comunidad cat\u00f3lica temerosa despu\u00e9s del imprevisto ataque a la catedral de la Asunci\u00f3n","datePublished":"2017-05-01T22:00:00+00:00","mainEntityOfPage":{"@id":"https:\/\/acninternational.org\/es\/nepal-la-pequena-comunidad-catolica-temerosa-despues-del-imprevisto-ataque-a-la-catedral-de-la-asuncion\/"},"wordCount":1075,"commentCount":0,"publisher":{"@id":"https:\/\/acninternational.org\/es\/#organization"},"image":{"@id":"https:\/\/acninternational.org\/es\/nepal-la-pequena-comunidad-catolica-temerosa-despues-del-imprevisto-ataque-a-la-catedral-de-la-asuncion\/#primaryimage"},"thumbnailUrl":"https:\/\/media.acninternational.org\/wp-content\/uploads\/2019\/11\/Nepal-la-peque%C3%B1a-comunidad-cat%C3%B3lica-temerosa-despu%C3%A9s-del-imprevisto-ataque-a-la-catedral-de-la-Asunci%C3%B3n-image.jpg","articleSection":["HISTORIAS","PROYECTO"],"inLanguage":"es","potentialAction":[{"@type":"CommentAction","name":"Comment","target":["https:\/\/acninternational.org\/es\/nepal-la-pequena-comunidad-catolica-temerosa-despues-del-imprevisto-ataque-a-la-catedral-de-la-asuncion\/#respond"]}]},{"@type":"WebPage","@id":"https:\/\/acninternational.org\/es\/nepal-la-pequena-comunidad-catolica-temerosa-despues-del-imprevisto-ataque-a-la-catedral-de-la-asuncion\/","url":"https:\/\/acninternational.org\/es\/nepal-la-pequena-comunidad-catolica-temerosa-despues-del-imprevisto-ataque-a-la-catedral-de-la-asuncion\/","name":"Nepal: la peque\u00f1a comunidad cat\u00f3lica temerosa despu\u00e9s del imprevisto ataque a la catedral de la Asunci\u00f3n | ACN International","isPartOf":{"@id":"https:\/\/acninternational.org\/es\/#website"},"primaryImageOfPage":{"@id":"https:\/\/acninternational.org\/es\/nepal-la-pequena-comunidad-catolica-temerosa-despues-del-imprevisto-ataque-a-la-catedral-de-la-asuncion\/#primaryimage"},"image":{"@id":"https:\/\/acninternational.org\/es\/nepal-la-pequena-comunidad-catolica-temerosa-despues-del-imprevisto-ataque-a-la-catedral-de-la-asuncion\/#primaryimage"},"thumbnailUrl":"https:\/\/media.acninternational.org\/wp-content\/uploads\/2019\/11\/Nepal-la-peque%C3%B1a-comunidad-cat%C3%B3lica-temerosa-despu%C3%A9s-del-imprevisto-ataque-a-la-catedral-de-la-Asunci%C3%B3n-image.jpg","datePublished":"2017-05-01T22:00:00+00:00","breadcrumb":{"@id":"https:\/\/acninternational.org\/es\/nepal-la-pequena-comunidad-catolica-temerosa-despues-del-imprevisto-ataque-a-la-catedral-de-la-asuncion\/#breadcrumb"},"inLanguage":"es","potentialAction":[{"@type":"ReadAction","target":["https:\/\/acninternational.org\/es\/nepal-la-pequena-comunidad-catolica-temerosa-despues-del-imprevisto-ataque-a-la-catedral-de-la-asuncion\/"]}]},{"@type":"ImageObject","inLanguage":"es","@id":"https:\/\/acninternational.org\/es\/nepal-la-pequena-comunidad-catolica-temerosa-despues-del-imprevisto-ataque-a-la-catedral-de-la-asuncion\/#primaryimage","url":"https:\/\/media.acninternational.org\/wp-content\/uploads\/2019\/11\/Nepal-la-peque%C3%B1a-comunidad-cat%C3%B3lica-temerosa-despu%C3%A9s-del-imprevisto-ataque-a-la-catedral-de-la-Asunci%C3%B3n-image.jpg","contentUrl":"https:\/\/media.acninternational.org\/wp-content\/uploads\/2019\/11\/Nepal-la-peque%C3%B1a-comunidad-cat%C3%B3lica-temerosa-despu%C3%A9s-del-imprevisto-ataque-a-la-catedral-de-la-Asunci%C3%B3n-image.jpg","width":1980,"height":800,"caption":"Nepal: la peque\u00f1a comunidad cat\u00f3lica temerosa despu\u00e9s del imprevisto ataque a la catedral de la Asunci\u00f3n"},{"@type":"BreadcrumbList","@id":"https:\/\/acninternational.org\/es\/nepal-la-pequena-comunidad-catolica-temerosa-despues-del-imprevisto-ataque-a-la-catedral-de-la-asuncion\/#breadcrumb","itemListElement":[{"@type":"ListItem","position":1,"name":"Home","item":"https:\/\/acninternational.org\/es\/"},{"@type":"ListItem","position":2,"name":"HISTORIAS","item":"https:\/\/acninternational.org\/es\/category\/historias\/"},{"@type":"ListItem","position":3,"name":"Nepal: la peque\u00f1a comunidad cat\u00f3lica temerosa despu\u00e9s del imprevisto ataque a la catedral de la Asunci\u00f3n"}]},{"@type":"WebSite","@id":"https:\/\/acninternational.org\/es\/#website","url":"https:\/\/acninternational.org\/es\/","name":"ACN International","description":"","publisher":{"@id":"https:\/\/acninternational.org\/es\/#organization"},"potentialAction":[{"@type":"SearchAction","target":{"@type":"EntryPoint","urlTemplate":"https:\/\/acninternational.org\/es\/?s={search_term_string}"},"query-input":{"@type":"PropertyValueSpecification","valueRequired":true,"valueName":"search_term_string"}}],"inLanguage":"es"},{"@type":"Organization","@id":"https:\/\/acninternational.org\/es\/#organization","name":"Aid to the Church in Need International","url":"https:\/\/acninternational.org\/es\/","logo":{"@type":"ImageObject","inLanguage":"es","@id":"https:\/\/acninternational.org\/es\/#\/schema\/logo\/image\/","url":"https:\/\/media.acninternational.org\/wp-content\/uploads\/2019\/11\/acn_logo_blackvector.svg","contentUrl":"https:\/\/media.acninternational.org\/wp-content\/uploads\/2019\/11\/acn_logo_blackvector.svg","width":232.6,"height":78,"caption":"Aid to the Church in Need International"},"image":{"@id":"https:\/\/acninternational.org\/es\/#\/schema\/logo\/image\/"},"sameAs":["https:\/\/www.facebook.com\/acninternationalorg","https:\/\/x.com\/acn_int","https:\/\/www.youtube.com\/channel\/UCQ-077gS0TnVzkhHmf1opZw","https:\/\/www.instagram.com\/acn_international\/"]},{"@type":"Person","@id":"https:\/\/acninternational.org\/es\/#\/schema\/person\/5a7468d38fb12b1976b6eeda95c21ebc","name":"admin_acn","url":"https:\/\/acninternational.org\/es\/author\/admin_acn\/"}]}},"_links":{"self":[{"href":"https:\/\/acninternational.org\/es\/wp-json\/wp\/v2\/posts\/114472","targetHints":{"allow":["GET"]}}],"collection":[{"href":"https:\/\/acninternational.org\/es\/wp-json\/wp\/v2\/posts"}],"about":[{"href":"https:\/\/acninternational.org\/es\/wp-json\/wp\/v2\/types\/post"}],"author":[{"embeddable":true,"href":"https:\/\/acninternational.org\/es\/wp-json\/wp\/v2\/users\/1"}],"replies":[{"embeddable":true,"href":"https:\/\/acninternational.org\/es\/wp-json\/wp\/v2\/comments?post=114472"}],"version-history":[{"count":0,"href":"https:\/\/acninternational.org\/es\/wp-json\/wp\/v2\/posts\/114472\/revisions"}],"wp:featuredmedia":[{"embeddable":true,"href":"https:\/\/acninternational.org\/es\/wp-json\/wp\/v2\/media\/114473"}],"wp:attachment":[{"href":"https:\/\/acninternational.org\/es\/wp-json\/wp\/v2\/media?parent=114472"}],"wp:term":[{"taxonomy":"category","embeddable":true,"href":"https:\/\/acninternational.org\/es\/wp-json\/wp\/v2\/categories?post=114472"},{"taxonomy":"post_tag","embeddable":true,"href":"https:\/\/acninternational.org\/es\/wp-json\/wp\/v2\/tags?post=114472"},{"taxonomy":"country","embeddable":true,"href":"https:\/\/acninternational.org\/es\/wp-json\/wp\/v2\/country?post=114472"}],"curies":[{"name":"wp","href":"https:\/\/api.w.org\/{rel}","templated":true}]}}