{"id":114426,"date":"2017-04-21T00:00:00","date_gmt":"2017-04-20T22:00:00","guid":{"rendered":"https:\/\/acninternational.org\/la-libertad-crucificada\/"},"modified":"2017-04-21T00:00:00","modified_gmt":"2017-04-20T22:00:00","slug":"la-libertad-crucificada","status":"publish","type":"post","link":"https:\/\/acninternational.org\/es\/la-libertad-crucificada\/","title":{"rendered":"\u00a1La libertad crucificada!"},"content":{"rendered":"<p>\u00bfC\u00f3mo viv\u00ed yo la experiencia de mi liberaci\u00f3n tras ser tomado reh\u00e9n por un grupo de yihadistas, permanecer casi cinco meses encarcelando, recibir en repetidas ocasiones la amenaza de ser decapitado, y ser testigo del secuestro y encarcelamiento de 250 personas de mi parroquia? \u00bfHubo lugar para el amor durante toda esa experiencia?<\/p>\n<p>En Karyat\u00e8ne en Siria llevaba al servicio de todos los habitantes desde el a\u00f1o 2000 y a mi cargo estaban los feligreses de la parroquia siro-cat\u00f3lica de la Di\u00f3cesis de Homs. En Karyat\u00e8ne me secuestraron.<\/p>\n<p>El 21de mayo de 2015, un grupo de hombres enmascarados y armados invadieron el monasterio de Mar Elian, del que soy responsable, y nos tomaron como rehenes a m\u00ed y a un postulante. Permanecimos detenidos durante cuatro d\u00edas en un veh\u00edculo en pleno desierto y luego nos llevaron a Al Raqa, donde nos encerraron en un ba\u00f1o.<\/p>\n<p>En el camino hacia Al Raqa hacia lo desconocido, una frase que resonaba en mi interior me ayud\u00f3 a aceptar lo que estaba pasando y abandonarme en el Se\u00f1or: <em>\u201cVoy de camino hacia la libertad\u2026\u201d. <\/em>La presencia de la Virgen, nuestra Madre, y la oraci\u00f3n del Rosario fueron mi segunda arma espiritual.<\/p>\n<p>En el octavo d\u00eda, un hombre de negro y enmascarado entr\u00f3 en nuestra celda, por llamarla de alg\u00fan modo. Cuando lo vi me asust\u00e9 y me dije: ha llegado mi hora. En cambio, para mi gran sorpresa, nos pidi\u00f3 el nombre y nuestra direcci\u00f3n y se dirigi\u00f3 a nosotros con el saludo que les es propio: \u00ab<em>assalam ale\u00efkoum<\/em>\u00ab, que significa <em>\u201cla paz sea con vosotros\u201d. <\/em>\u00a0Esta expresi\u00f3n est\u00e1 reservada a los musulmanes y est\u00e1 prohibida para los no musulmanes (pues no hay paz posible con quien no se une a ellos). Adem\u00e1s, estos consideran que los cristianos son infieles y herejes (<em>kouffar<\/em>).<\/p>\n<p>A continuaci\u00f3n, el hombre entabl\u00f3 con nosotros una larga entrevista, como si intentara conocernos mejor. Y cuando reun\u00ed el valor para preguntarle por la raz\u00f3n de nuestra cautividad, su respuesta me sorprendi\u00f3: \u201cT\u00f3matelo como un retiro espiritual\u201d.<\/p>\n<p>Permanecimos encerrados en aquel ba\u00f1o durante 84 horas. Casi cada d\u00eda entraban en mi celda y me interrogaban acerca de mi fe. Viv\u00ed cada d\u00eda como si fuera el \u00faltimo, pero permanec\u00ed firme. Dios me ha dado dos cosas: el silencio y la amabilidad.<\/p>\n<p>Me acosaron, me amenazaron varias veces con decapitarme y me sometieron a un simulacro de ejecuci\u00f3n para que renegara de mi fe. En esos duros momentos, resonaba en m\u00ed la Palabra del Se\u00f1or: <em>\u201c<\/em><em>Te basta mi gracia, porque mi poder triunfa en la debilidad<\/em><em>\u201d. <\/em>En medio de aquella situaci\u00f3n, tuve la suerte de vivir de forma concreta las palabras de Cristo del Evangelio de San Mateo: <em>\u201cAmad a vuestros enemigos, bendecid a los que os maldicen, haced el bien a quien os odia y rogad por los que os maltratan y os persiguen\u201d.<\/em><\/p>\n<p>El 4 de agosto de 2015, el Estado Isl\u00e1mico se hizo con el control sobre Karyat\u00e8ne ,y en la madrugada del d\u00eda siguiente tom\u00f3 como rehenes a unos 250 cristianos que condujo a una regi\u00f3n cerca de Palmira. Evidentemente, nosotros no est\u00e1bamos informados, pues est\u00e1bamos aislados del mundo exterior. El 11 de agosto, un jeque saud\u00ed entr\u00f3 en nuestra celda y se dirigi\u00f3 a m\u00ed: <em>\u201c\u00bfEres t\u00fa el Baba Jacques? \u00a1Ven! \u00a1Nos hemos devanado los sesos hablando de ti!\u201d. <\/em>Entonces me condujeron por el desierto durante cuatro horas. Entonces llegamos a un lugar cerrado por una gran verja de hierro, y dentro me encontr\u00e9 con los cristianos de Karyat\u00e8ne, sorprendidos de verme. Para ellos fue un momento extraordinario de alegr\u00eda y dolor. De alegr\u00eda porque no se esperaban que estuviera con vida, y de dolor, por las condiciones de nuestro reencuentro.<\/p>\n<p>Veinte d\u00edas m\u00e1s tarde, el 1 de septiembre, nos llevaron a Karyat\u00e8ne, libres, pero con la prohibici\u00f3n de abandonar la localidad. Es decir, que este regreso fue un regreso a la vida, pero no a la libertad. \u00a1No obstante, este regreso fue un milagro que me maravill\u00f3!<\/p>\n<p>Incluso nos dejaron practicar nuestros ritos, a condici\u00f3n de que no lo hici\u00e9ramos de forma visible. Algunos d\u00edas m\u00e1s tarde, a ra\u00edz del fallecimiento de uno de mis feligreses debido a un c\u00e1ncer, nos reunimos en el cementerio, cercano al monasterio de Mar Elian. Fue entonces cuando constat\u00e9 que hab\u00eda sido arrasado, pero, curiosamente, no reaccion\u00e9. Tres d\u00edas m\u00e1s tarde, el 9 de septiembre, en la fiesta de Mar Elian (San Juli\u00e1n de Edesa), durante la Misa, comprend\u00ed que Mar Elian hab\u00eda sacrificado su monasterio y su tumba para salvarnos.<\/p>\n<p>En la tarde del 9 de octubre, sent\u00ed que era el momento de partir, y al d\u00eda siguiente, con la ayuda de un joven musulm\u00e1n, pude huir de Karyat\u00e8ne, pese al riesgo que ello implicaba. Tambi\u00e9n en aquel momento, la mano misericordiosa de Dios y la Virgen Mar\u00eda me han protegido y acompa\u00f1ado. Con la ayuda de ese musulm\u00e1n de la regi\u00f3n pude franquear un puesto de control de los yihadistas sin que me reconocieran y me apresaran. En aquel d\u00eda del 10 de octubre de 2015, por aquel camino des\u00e9rtico, la palabra \u201clibertad\u201d volvi\u00f3 a brillar.<\/p>\n<p>Esta sed de libertad no es solo la m\u00eda, sino la de todo el pueblo sirio. Muchos pa\u00edses europeos y americanos han abierto sus fronteras a los refugiados sirios y los han acogido. Los millares de sirios que han huido de la muerte se han refugiado en esos pa\u00edses porque aspiran a la vida y porque ans\u00edan apasionadamente la libertad.<\/p>\n<p>No obstante, no puedo cerrar los ojos ante las contradicciones que observo en este pa\u00eds en guerra. En el camino de la libertad, debemos a toda costa plantearnos la pregunta crucial que Pilato dirigi\u00f3 a Cristo: <em>\u201c\u00bfQu\u00e9 es la verdad?\u201d. <\/em>Dicho esto, Pilato sali\u00f3 de nuevo al encuentro de los jud\u00edos y les dijo: <em>\u201c<\/em><em>no encontr\u00e9 ning\u00fan motivo de condena<\/em><em>\u201d.<\/em><\/p>\n<p>Pilato representaba al Imperio Romano, s\u00edmbolo del mundo entero que decidi\u00f3 matar a Cristo. Nada ha cambiado. \u00bfHasta cu\u00e1ndo seguiremos sin querer entender el mensaje de Dios? \u00bfHasta cu\u00e1ndo seguir\u00e1 nuestro mundo dirigido por peque\u00f1os grupos que no buscan m\u00e1s que su propio inter\u00e9s?<\/p>\n<p>Es el momento de reaccionar contra el miedo a una tercera guerra mundial. Es el momento de una revoluci\u00f3n de paz contra la violencia, contra la fabricaci\u00f3n de armas, contra los Gobiernos que producen motivos de guerras en el mundo y, sobre todo, en Oriente Pr\u00f3ximo.<\/p>\n<p>Para Europa es el momento de que la comunidad musulmana adopte una posici\u00f3n clara y eficaz frente a la violencia, que aumenta y se propaga. Tambi\u00e9n para ellos, el miedo es un factor paralizante que los frena. Su silencio se convierte en el signo de un acuerdo manifiesto y aparente hacia la violencia que tiene lugar.<\/p>\n<p>Pese a todo lo que las organizaciones humanitarias hacen por el pueblo sirio, todav\u00eda hay familias que viven en una terrible situaci\u00f3n fuera de los campos de refugiados a falta de espacio. All\u00ed no los aceptan\u2026 carecen de alojamiento y de todo lo dem\u00e1s.<\/p>\n<p>Dios no solo nos pide que seamos sensibles a las necesidades materiales de los pobres. Nos encontramos ante pueblos que sufren, ante pueblos heridos que soportan una carga muy pesada, muy pesada\u2026 y que gritan con Jes\u00fas en la cruz: <em>\u201cDios m\u00edo, \u00bfpor qu\u00e9 me has abandonado?\u201d. <\/em>Que gritan con David en el salmo 51 <em>\u201cmisericordias domini<\/em>\u2026<em>\u201d. <\/em>Parad esta guerra. Queremos regresar a nuestras ruinas\u2026 tenemos derecho a vivir como todo el mundo\u2026 queremos vivir.<\/p>\n<p>Padre Jacques Mourad<\/p>\n","protected":false},"excerpt":{"rendered":"<p>\u00bfC\u00f3mo viv\u00ed yo la experiencia de mi liberaci\u00f3n tras ser tomado reh\u00e9n por un grupo de yihadistas, permanecer casi cinco<\/p>\n","protected":false},"author":1,"featured_media":114427,"comment_status":"open","ping_status":"open","sticky":false,"template":"","format":"standard","meta":{"_acf_changed":false,"_acn_coauthor_ids":[],"_acn_featured_article":false,"footnotes":""},"categories":[713,747],"tags":[],"country":[],"class_list":["post-114426","post","type-post","status-publish","format-standard","has-post-thumbnail","hentry","category-historias","category-informes"],"acn_coauthors":[],"acf":[],"yoast_head":"<!-- This site is optimized with the Yoast SEO Premium plugin v27.5 (Yoast SEO v27.5) - https:\/\/yoast.com\/product\/yoast-seo-premium-wordpress\/ -->\n<title>\u00a1La libertad crucificada! | ACN International<\/title>\n<meta name=\"robots\" content=\"index, follow, max-snippet:-1, max-image-preview:large, max-video-preview:-1\" \/>\n<link rel=\"canonical\" href=\"https:\/\/acninternational.org\/es\/la-libertad-crucificada\/\" \/>\n<meta property=\"og:locale\" content=\"es_ES\" \/>\n<meta property=\"og:type\" content=\"article\" \/>\n<meta property=\"og:title\" content=\"\u00a1La libertad crucificada!\" \/>\n<meta property=\"og:description\" content=\"\u00bfC\u00f3mo viv\u00ed yo la experiencia de mi liberaci\u00f3n tras ser tomado reh\u00e9n por un grupo de yihadistas, permanecer casi cinco\" \/>\n<meta property=\"og:url\" content=\"https:\/\/acninternational.org\/es\/la-libertad-crucificada\/\" \/>\n<meta property=\"og:site_name\" content=\"ACN International\" \/>\n<meta property=\"article:publisher\" content=\"https:\/\/www.facebook.com\/acninternationalorg\" \/>\n<meta property=\"article:published_time\" content=\"2017-04-20T22:00:00+00:00\" \/>\n<meta property=\"og:image\" content=\"https:\/\/media.acninternational.org\/wp-content\/uploads\/2019\/11\/%C2%A1La-libertad-crucificada-image.jpg\" \/>\n\t<meta property=\"og:image:width\" content=\"1980\" \/>\n\t<meta property=\"og:image:height\" content=\"800\" \/>\n\t<meta property=\"og:image:type\" content=\"image\/jpeg\" \/>\n<meta name=\"author\" content=\"admin_acn\" \/>\n<meta name=\"twitter:card\" content=\"summary_large_image\" \/>\n<meta name=\"twitter:creator\" content=\"@acn_int\" \/>\n<meta name=\"twitter:site\" content=\"@acn_int\" \/>\n<meta name=\"twitter:label1\" content=\"Escrito por\" \/>\n\t<meta name=\"twitter:data1\" content=\"admin_acn\" \/>\n\t<meta name=\"twitter:label2\" content=\"Tiempo de lectura\" \/>\n\t<meta name=\"twitter:data2\" content=\"7 minutos\" \/>\n<script type=\"application\/ld+json\" class=\"yoast-schema-graph\">{\"@context\":\"https:\\\/\\\/schema.org\",\"@graph\":[{\"@type\":\"Article\",\"@id\":\"https:\\\/\\\/acninternational.org\\\/es\\\/la-libertad-crucificada\\\/#article\",\"isPartOf\":{\"@id\":\"https:\\\/\\\/acninternational.org\\\/es\\\/la-libertad-crucificada\\\/\"},\"author\":{\"name\":\"admin_acn\",\"@id\":\"https:\\\/\\\/acninternational.org\\\/es\\\/#\\\/schema\\\/person\\\/5a7468d38fb12b1976b6eeda95c21ebc\"},\"headline\":\"\u00a1La libertad crucificada!\",\"datePublished\":\"2017-04-20T22:00:00+00:00\",\"mainEntityOfPage\":{\"@id\":\"https:\\\/\\\/acninternational.org\\\/es\\\/la-libertad-crucificada\\\/\"},\"wordCount\":1310,\"commentCount\":0,\"publisher\":{\"@id\":\"https:\\\/\\\/acninternational.org\\\/es\\\/#organization\"},\"image\":{\"@id\":\"https:\\\/\\\/acninternational.org\\\/es\\\/la-libertad-crucificada\\\/#primaryimage\"},\"thumbnailUrl\":\"https:\\\/\\\/media.acninternational.org\\\/wp-content\\\/uploads\\\/2019\\\/11\\\/%C2%A1La-libertad-crucificada-image.jpg\",\"articleSection\":[\"HISTORIAS\",\"INFORMES\"],\"inLanguage\":\"es\",\"potentialAction\":[{\"@type\":\"CommentAction\",\"name\":\"Comment\",\"target\":[\"https:\\\/\\\/acninternational.org\\\/es\\\/la-libertad-crucificada\\\/#respond\"]}]},{\"@type\":\"WebPage\",\"@id\":\"https:\\\/\\\/acninternational.org\\\/es\\\/la-libertad-crucificada\\\/\",\"url\":\"https:\\\/\\\/acninternational.org\\\/es\\\/la-libertad-crucificada\\\/\",\"name\":\"\u00a1La libertad crucificada! | ACN International\",\"isPartOf\":{\"@id\":\"https:\\\/\\\/acninternational.org\\\/es\\\/#website\"},\"primaryImageOfPage\":{\"@id\":\"https:\\\/\\\/acninternational.org\\\/es\\\/la-libertad-crucificada\\\/#primaryimage\"},\"image\":{\"@id\":\"https:\\\/\\\/acninternational.org\\\/es\\\/la-libertad-crucificada\\\/#primaryimage\"},\"thumbnailUrl\":\"https:\\\/\\\/media.acninternational.org\\\/wp-content\\\/uploads\\\/2019\\\/11\\\/%C2%A1La-libertad-crucificada-image.jpg\",\"datePublished\":\"2017-04-20T22:00:00+00:00\",\"breadcrumb\":{\"@id\":\"https:\\\/\\\/acninternational.org\\\/es\\\/la-libertad-crucificada\\\/#breadcrumb\"},\"inLanguage\":\"es\",\"potentialAction\":[{\"@type\":\"ReadAction\",\"target\":[\"https:\\\/\\\/acninternational.org\\\/es\\\/la-libertad-crucificada\\\/\"]}]},{\"@type\":\"ImageObject\",\"inLanguage\":\"es\",\"@id\":\"https:\\\/\\\/acninternational.org\\\/es\\\/la-libertad-crucificada\\\/#primaryimage\",\"url\":\"https:\\\/\\\/media.acninternational.org\\\/wp-content\\\/uploads\\\/2019\\\/11\\\/%C2%A1La-libertad-crucificada-image.jpg\",\"contentUrl\":\"https:\\\/\\\/media.acninternational.org\\\/wp-content\\\/uploads\\\/2019\\\/11\\\/%C2%A1La-libertad-crucificada-image.jpg\",\"width\":1980,\"height\":800,\"caption\":\"\u00a1La libertad crucificada!\"},{\"@type\":\"BreadcrumbList\",\"@id\":\"https:\\\/\\\/acninternational.org\\\/es\\\/la-libertad-crucificada\\\/#breadcrumb\",\"itemListElement\":[{\"@type\":\"ListItem\",\"position\":1,\"name\":\"Home\",\"item\":\"https:\\\/\\\/acninternational.org\\\/es\\\/\"},{\"@type\":\"ListItem\",\"position\":2,\"name\":\"HISTORIAS\",\"item\":\"https:\\\/\\\/acninternational.org\\\/es\\\/category\\\/historias\\\/\"},{\"@type\":\"ListItem\",\"position\":3,\"name\":\"\u00a1La libertad crucificada!\"}]},{\"@type\":\"WebSite\",\"@id\":\"https:\\\/\\\/acninternational.org\\\/es\\\/#website\",\"url\":\"https:\\\/\\\/acninternational.org\\\/es\\\/\",\"name\":\"ACN International\",\"description\":\"\",\"publisher\":{\"@id\":\"https:\\\/\\\/acninternational.org\\\/es\\\/#organization\"},\"potentialAction\":[{\"@type\":\"SearchAction\",\"target\":{\"@type\":\"EntryPoint\",\"urlTemplate\":\"https:\\\/\\\/acninternational.org\\\/es\\\/?s={search_term_string}\"},\"query-input\":{\"@type\":\"PropertyValueSpecification\",\"valueRequired\":true,\"valueName\":\"search_term_string\"}}],\"inLanguage\":\"es\"},{\"@type\":\"Organization\",\"@id\":\"https:\\\/\\\/acninternational.org\\\/es\\\/#organization\",\"name\":\"Aid to the Church in Need International\",\"url\":\"https:\\\/\\\/acninternational.org\\\/es\\\/\",\"logo\":{\"@type\":\"ImageObject\",\"inLanguage\":\"es\",\"@id\":\"https:\\\/\\\/acninternational.org\\\/es\\\/#\\\/schema\\\/logo\\\/image\\\/\",\"url\":\"https:\\\/\\\/media.acninternational.org\\\/wp-content\\\/uploads\\\/2019\\\/11\\\/acn_logo_blackvector.svg\",\"contentUrl\":\"https:\\\/\\\/media.acninternational.org\\\/wp-content\\\/uploads\\\/2019\\\/11\\\/acn_logo_blackvector.svg\",\"width\":232.6,\"height\":78,\"caption\":\"Aid to the Church in Need International\"},\"image\":{\"@id\":\"https:\\\/\\\/acninternational.org\\\/es\\\/#\\\/schema\\\/logo\\\/image\\\/\"},\"sameAs\":[\"https:\\\/\\\/www.facebook.com\\\/acninternationalorg\",\"https:\\\/\\\/x.com\\\/acn_int\",\"https:\\\/\\\/www.youtube.com\\\/channel\\\/UCQ-077gS0TnVzkhHmf1opZw\",\"https:\\\/\\\/www.instagram.com\\\/acn_international\\\/\"]},{\"@type\":\"Person\",\"@id\":\"https:\\\/\\\/acninternational.org\\\/es\\\/#\\\/schema\\\/person\\\/5a7468d38fb12b1976b6eeda95c21ebc\",\"name\":\"admin_acn\",\"url\":\"https:\\\/\\\/acninternational.org\\\/es\\\/author\\\/admin_acn\\\/\"}]}<\/script>\n<!-- \/ Yoast SEO Premium plugin. -->","yoast_head_json":{"title":"\u00a1La libertad crucificada! | ACN International","robots":{"index":"index","follow":"follow","max-snippet":"max-snippet:-1","max-image-preview":"max-image-preview:large","max-video-preview":"max-video-preview:-1"},"canonical":"https:\/\/acninternational.org\/es\/la-libertad-crucificada\/","og_locale":"es_ES","og_type":"article","og_title":"\u00a1La libertad crucificada!","og_description":"\u00bfC\u00f3mo viv\u00ed yo la experiencia de mi liberaci\u00f3n tras ser tomado reh\u00e9n por un grupo de yihadistas, permanecer casi cinco","og_url":"https:\/\/acninternational.org\/es\/la-libertad-crucificada\/","og_site_name":"ACN International","article_publisher":"https:\/\/www.facebook.com\/acninternationalorg","article_published_time":"2017-04-20T22:00:00+00:00","og_image":[{"width":1980,"height":800,"url":"https:\/\/media.acninternational.org\/wp-content\/uploads\/2019\/11\/%C2%A1La-libertad-crucificada-image.jpg","type":"image\/jpeg"}],"author":"admin_acn","twitter_card":"summary_large_image","twitter_creator":"@acn_int","twitter_site":"@acn_int","twitter_misc":{"Escrito por":"admin_acn","Tiempo de lectura":"7 minutos"},"schema":{"@context":"https:\/\/schema.org","@graph":[{"@type":"Article","@id":"https:\/\/acninternational.org\/es\/la-libertad-crucificada\/#article","isPartOf":{"@id":"https:\/\/acninternational.org\/es\/la-libertad-crucificada\/"},"author":{"name":"admin_acn","@id":"https:\/\/acninternational.org\/es\/#\/schema\/person\/5a7468d38fb12b1976b6eeda95c21ebc"},"headline":"\u00a1La libertad crucificada!","datePublished":"2017-04-20T22:00:00+00:00","mainEntityOfPage":{"@id":"https:\/\/acninternational.org\/es\/la-libertad-crucificada\/"},"wordCount":1310,"commentCount":0,"publisher":{"@id":"https:\/\/acninternational.org\/es\/#organization"},"image":{"@id":"https:\/\/acninternational.org\/es\/la-libertad-crucificada\/#primaryimage"},"thumbnailUrl":"https:\/\/media.acninternational.org\/wp-content\/uploads\/2019\/11\/%C2%A1La-libertad-crucificada-image.jpg","articleSection":["HISTORIAS","INFORMES"],"inLanguage":"es","potentialAction":[{"@type":"CommentAction","name":"Comment","target":["https:\/\/acninternational.org\/es\/la-libertad-crucificada\/#respond"]}]},{"@type":"WebPage","@id":"https:\/\/acninternational.org\/es\/la-libertad-crucificada\/","url":"https:\/\/acninternational.org\/es\/la-libertad-crucificada\/","name":"\u00a1La libertad crucificada! | ACN International","isPartOf":{"@id":"https:\/\/acninternational.org\/es\/#website"},"primaryImageOfPage":{"@id":"https:\/\/acninternational.org\/es\/la-libertad-crucificada\/#primaryimage"},"image":{"@id":"https:\/\/acninternational.org\/es\/la-libertad-crucificada\/#primaryimage"},"thumbnailUrl":"https:\/\/media.acninternational.org\/wp-content\/uploads\/2019\/11\/%C2%A1La-libertad-crucificada-image.jpg","datePublished":"2017-04-20T22:00:00+00:00","breadcrumb":{"@id":"https:\/\/acninternational.org\/es\/la-libertad-crucificada\/#breadcrumb"},"inLanguage":"es","potentialAction":[{"@type":"ReadAction","target":["https:\/\/acninternational.org\/es\/la-libertad-crucificada\/"]}]},{"@type":"ImageObject","inLanguage":"es","@id":"https:\/\/acninternational.org\/es\/la-libertad-crucificada\/#primaryimage","url":"https:\/\/media.acninternational.org\/wp-content\/uploads\/2019\/11\/%C2%A1La-libertad-crucificada-image.jpg","contentUrl":"https:\/\/media.acninternational.org\/wp-content\/uploads\/2019\/11\/%C2%A1La-libertad-crucificada-image.jpg","width":1980,"height":800,"caption":"\u00a1La libertad crucificada!"},{"@type":"BreadcrumbList","@id":"https:\/\/acninternational.org\/es\/la-libertad-crucificada\/#breadcrumb","itemListElement":[{"@type":"ListItem","position":1,"name":"Home","item":"https:\/\/acninternational.org\/es\/"},{"@type":"ListItem","position":2,"name":"HISTORIAS","item":"https:\/\/acninternational.org\/es\/category\/historias\/"},{"@type":"ListItem","position":3,"name":"\u00a1La libertad crucificada!"}]},{"@type":"WebSite","@id":"https:\/\/acninternational.org\/es\/#website","url":"https:\/\/acninternational.org\/es\/","name":"ACN International","description":"","publisher":{"@id":"https:\/\/acninternational.org\/es\/#organization"},"potentialAction":[{"@type":"SearchAction","target":{"@type":"EntryPoint","urlTemplate":"https:\/\/acninternational.org\/es\/?s={search_term_string}"},"query-input":{"@type":"PropertyValueSpecification","valueRequired":true,"valueName":"search_term_string"}}],"inLanguage":"es"},{"@type":"Organization","@id":"https:\/\/acninternational.org\/es\/#organization","name":"Aid to the Church in Need International","url":"https:\/\/acninternational.org\/es\/","logo":{"@type":"ImageObject","inLanguage":"es","@id":"https:\/\/acninternational.org\/es\/#\/schema\/logo\/image\/","url":"https:\/\/media.acninternational.org\/wp-content\/uploads\/2019\/11\/acn_logo_blackvector.svg","contentUrl":"https:\/\/media.acninternational.org\/wp-content\/uploads\/2019\/11\/acn_logo_blackvector.svg","width":232.6,"height":78,"caption":"Aid to the Church in Need International"},"image":{"@id":"https:\/\/acninternational.org\/es\/#\/schema\/logo\/image\/"},"sameAs":["https:\/\/www.facebook.com\/acninternationalorg","https:\/\/x.com\/acn_int","https:\/\/www.youtube.com\/channel\/UCQ-077gS0TnVzkhHmf1opZw","https:\/\/www.instagram.com\/acn_international\/"]},{"@type":"Person","@id":"https:\/\/acninternational.org\/es\/#\/schema\/person\/5a7468d38fb12b1976b6eeda95c21ebc","name":"admin_acn","url":"https:\/\/acninternational.org\/es\/author\/admin_acn\/"}]}},"_links":{"self":[{"href":"https:\/\/acninternational.org\/es\/wp-json\/wp\/v2\/posts\/114426","targetHints":{"allow":["GET"]}}],"collection":[{"href":"https:\/\/acninternational.org\/es\/wp-json\/wp\/v2\/posts"}],"about":[{"href":"https:\/\/acninternational.org\/es\/wp-json\/wp\/v2\/types\/post"}],"author":[{"embeddable":true,"href":"https:\/\/acninternational.org\/es\/wp-json\/wp\/v2\/users\/1"}],"replies":[{"embeddable":true,"href":"https:\/\/acninternational.org\/es\/wp-json\/wp\/v2\/comments?post=114426"}],"version-history":[{"count":0,"href":"https:\/\/acninternational.org\/es\/wp-json\/wp\/v2\/posts\/114426\/revisions"}],"wp:featuredmedia":[{"embeddable":true,"href":"https:\/\/acninternational.org\/es\/wp-json\/wp\/v2\/media\/114427"}],"wp:attachment":[{"href":"https:\/\/acninternational.org\/es\/wp-json\/wp\/v2\/media?parent=114426"}],"wp:term":[{"taxonomy":"category","embeddable":true,"href":"https:\/\/acninternational.org\/es\/wp-json\/wp\/v2\/categories?post=114426"},{"taxonomy":"post_tag","embeddable":true,"href":"https:\/\/acninternational.org\/es\/wp-json\/wp\/v2\/tags?post=114426"},{"taxonomy":"country","embeddable":true,"href":"https:\/\/acninternational.org\/es\/wp-json\/wp\/v2\/country?post=114426"}],"curies":[{"name":"wp","href":"https:\/\/api.w.org\/{rel}","templated":true}]}}