{"id":114425,"date":"2017-04-20T00:00:00","date_gmt":"2017-04-19T22:00:00","guid":{"rendered":"https:\/\/acninternational.org\/la-iglesia-es-la-familia-de-dios\/"},"modified":"2017-04-20T00:00:00","modified_gmt":"2017-04-19T22:00:00","slug":"la-iglesia-es-la-familia-de-dios","status":"publish","type":"post","link":"https:\/\/acninternational.org\/es\/la-iglesia-es-la-familia-de-dios\/","title":{"rendered":"\u201cLa Iglesia es la familia de Dios\u201d"},"content":{"rendered":"<p><em>En una entrevista con \u2018Ayuda a la Iglesia Necesitada\u2019 (AIN), el Prefecto de la Congregaci\u00f3n <\/em><\/p>\n<p><em>para el Culto Divino, S.E. Robert Cardinal Sarah, habla de la aportaci\u00f3n de la Iglesia africana a la Iglesia Universal, del Islam en \u00c1frica y en el mundo, de la relaci\u00f3n de la Iglesia con la pol\u00edtica y de las necesidades de la Iglesia africana. En dicha entrevista afirma que \u201cla Iglesia necesita unidad de fe, unidad de doctrina y unidad de ense\u00f1anza moral. Tiene necesidad de la primac\u00eda del Papa\u201d. <\/em><\/p>\n<p><em>Por J\u00fcrgen Liminski<\/em><\/p>\n<p><strong><em>AIN: \u00bfCu\u00e1l es la relaci\u00f3n de la Iglesia africana con la Iglesia Universal?<\/em><\/strong><\/p>\n<p>Su pregunta, tal como la plantea, me plantea un poco un dilema, pues, en realidad, la Iglesia que est\u00e1 en \u00c1frica forma parte de la Iglesia Universal, por lo que forma con ella una sola y \u00fanica Iglesia: esto significa que no hay una \u201cIglesia africana\u201d y, frente a ella, una \u201cIglesia Universal\u201d. Su pregunta sugiere que la Eclesiolog\u00eda descansa sobre la comuni\u00f3n de las Iglesias, y en esto tiene raz\u00f3n. No obstante, cabe recordar que la Iglesia Universal no es una especie de federaci\u00f3n de Iglesias locales. La Iglesia Universal est\u00e1 simbolizada y representada por la Iglesia de Roma con su cabeza, el Papa, que es el sucesor de San Pedro, el jefe del Colegio Apost\u00f3lico: por tanto, la Iglesia Universal ha dado vida a todas las Iglesias locales y es ella la que las mantiene en la unidad de la fe y el Amor. Como dijo San Ignacio de Antioqu\u00eda, la Iglesia de Roma es <em>\u201cla Iglesia puesta a la cabeza de la caridad\u201d. <\/em>Es, por tanto, la profesi\u00f3n de la fe com\u00fan y nuestra fidelidad a Cristo y a su Evangelio, en uni\u00f3n con el Papa, lo que permite que la Iglesia viva en comuni\u00f3n.<\/p>\n<p><strong><em>AIN: \u00bfEs ello una necesidad absoluta para evitar la confusi\u00f3n? \u00bfNo pueden acaso existir Iglesias nacionales?<\/em><\/strong><\/p>\n<p>Sin una fe com\u00fan, la Iglesia se ver\u00eda amenazada por la confusi\u00f3n y podr\u00eda caer progresivamente en la dispersi\u00f3n y el cisma. Todav\u00eda hoy es grande el riesgo de trocear a la Iglesia, de romper el Cuerpo m\u00edstico de Cristo al insistir en las identidades nacionales de las Iglesias y, por tanto, en la capacidad de estas de decidir por ellas mismas en relaci\u00f3n con un \u00e1mbito tan crucial como el de la doctrina y la moral. Como dice Benedicto XVI: <em>\u201cEst\u00e1 claro que una Iglesia no crece singulariz\u00e1ndose, separ\u00e1ndose a escala nacional, encerr\u00e1ndose en un compartimento cultural bien preciso, d\u00e1ndole as\u00ed un significado cultural o nacional absoluto, sino que la Iglesia tiene necesidad de unidad de fe, de unidad de doctrina y de unidad de ense\u00f1anza moral. Tiene necesidad de la primac\u00eda del Papa y de su misi\u00f3n de fortalecer la fe de los creyentes\u201d. <\/em>Adem\u00e1s, \u00c1frica siempre ha considerado y visto en a la Iglesia una familia, la familia de Dios.<\/p>\n<p><strong><em>AIN: \u00bfY cu\u00e1l es hoy la aportaci\u00f3n de la Iglesia africana a la Iglesia Universal?<\/em><\/strong><\/p>\n<p>En esto somos fieles a la eclesiolog\u00eda de la <em>Carta a los Efesios: \u201c<\/em>Por lo tanto, ya no sois extranjeros y hu\u00e9spedes, sino conciudadanos de los santos y familiares de Dios \u00bb (<em>Ef<\/em> 2, 19). E incluso aunque la Iglesia de \u00c1frica Septentrional sea muy antigua, en la actualidad se considera a la Iglesia subsahariana como el fruto misionero y la hija de las Iglesias de Occidente. Esta debe poder confiar en la experiencia teol\u00f3gica, lit\u00fargica, espiritual y, sobre todo, mon\u00e1stica, y tambi\u00e9n en el apoyo econ\u00f3mico de las Iglesias del antiguo Cristianismo de Occidente. Por su parte, la Iglesia que est\u00e1 en \u00c1frica puede ofrecer humildemente a Occidente las maravillas que Dios ha operado en ella a trav\u00e9s del Esp\u00edritu Santo y las tribulaciones que Jes\u00fas contin\u00faa soportando en medio de los sufrimientos y la miseria material de sus fieles.<\/p>\n<p><strong><em>AIN: \u00bfCu\u00e1les son las necesidades de la Iglesia en \u00c1frica?<\/em><\/strong><\/p>\n<p>Son m\u00faltiples: enfermedades, guerras, hambre y la falta crucial de estructuras educativas y sanitarias. Y luego est\u00e1 tambi\u00e9n la intoxicaci\u00f3n de ideolog\u00edas de origen occidental: el comunismo, la ideolog\u00eda de g\u00e9nero\u2026 \u00c1frica se ha convertido en el vertedero de productos anticonceptivos, de armas de destrucci\u00f3n masiva. Y tambi\u00e9n es el escenario del robo organizado de materias primas: con este fin se organizan y planifican las guerras, y se fomenta el desorden en el continente africano. All\u00ed explotan sus recursos naturales en ausencia total de reglas y leyes. Las potencias econ\u00f3micas mundiales deben cesar de saquear a los pobres aprovech\u00e1ndose de la pobreza y la falta de instrucci\u00f3n, tecnolog\u00eda y recursos econ\u00f3micos para promover guerras y saquear los recursos naturales de pueblos d\u00e9biles y sin medios materiales.<\/p>\n<p><strong><em>AIN: \u00bfRepresenta el Islam un peligro para la supervivencia de la Iglesia Cat\u00f3lica en \u00c1frica?<\/em><\/strong><\/p>\n<p>Durante varios siglos, el Islam subsahariano como religi\u00f3n ha coexistido de forma pac\u00edfica y armoniosa con el Cristianismo. En cambio, el Islam que se presenta como una organizaci\u00f3n pol\u00edtica que quiere imponerse al mundo entero no solo constituye un peligro para \u00c1frica. Tambi\u00e9n lo es, principalmente, para las sociedades del continente europeo que, demasiado a menudo, ya no tienen una identidad ni una religi\u00f3n. Los que niegan los valores surgidos de su propia tradici\u00f3n, de su cultura y su religi\u00f3n est\u00e1n condenados a desaparecer, pues han perdido toda la motivaci\u00f3n, toda la energ\u00eda y toda la voluntad necesarias para luchar en defensa de su identidad.<\/p>\n<p><strong><em>AIN: \u00bfC\u00f3mo puede \u2018Ayuda a la Iglesia Necesitada\u2019 como fundaci\u00f3n pontificia prestar un mejor apoyo a la Iglesia de \u00c1frica?<\/em><\/strong><\/p>\n<p>En la actualidad, todas las organizaciones caritativas, entre ellas tambi\u00e9n cat\u00f3licas, se orientan unilateral y exclusivamente hacia la ayuda en situaciones de pobreza material, pero <em>\u201cel hombre no vive solamente de pan, sino de toda palabra que sale de la boca de Dios\u201d, <\/em>dice Jes\u00fas<em> (<\/em>cfr.<em> Mt <\/em>4, 4<em>).<\/em> Por tanto, animo a AIN a destinar su ayuda a la formaci\u00f3n de sacerdotes, futuros sacerdotes, religiosos y religiosas y catequistas; a la construcci\u00f3n de iglesias y seminarios, y a los retiros espirituales de obispos y sacerdotes. Suplico humildemente a todos sus bienhechores y amigos que apoyen generosamente la gran obra misionera de AIN en todo el mundo y, sobre todo, en \u00c1frica. En realidad, los obispos y sacerdotes que no destinan un tiempo \u2013al menos durante algunos d\u00edas\u2013 a comparecer ante Dios desde la soledad, el silencio y la oraci\u00f3n corren el riesgo de morir en el plano espiritual o, al menos, de secarse interiormente. De hecho, ya no ser\u00e1n capaces de procurar un alimento espiritual s\u00f3lido a los creyentes que les han sido confiados, si ellos mismos no se alimentan del Se\u00f1or de forma regular y constante.<\/p>\n<p><strong><em>AIN: \u00bfHabr\u00eda que hablar tambi\u00e9n de problemas pol\u00edticos?<\/em><\/strong><\/p>\n<p>La Iglesia se equivoca gravemente acerca de la naturaleza de la crisis actual cuando piensa que su misi\u00f3n esencial reside en aportar soluciones a todos los problemas pol\u00edticos concernientes a la justicia, la paz, la miseria, la acogida de inmigrantes, etc., y descuida la evangelizaci\u00f3n. Ciertamente, como Cristo, la Iglesia no puede permanecer indiferente ante los problemas humanos, pero ella no lo hace como demuestran sus escuelas, sus universidades, sus centros de formaci\u00f3n profesional, sus hospitales y dispensarios\u2026 No obstante, me permito citar a un italiano que se ha convertido al Islam (y hay m\u00e1s de cien mil en Italia que lo han hecho). Se llama Yahya Pallavicini y hoy es im\u00e1n, presidente de la CO.RE.IS. (Comunidad Religiosa Isl\u00e1mica) y profesor de la Universidad Cat\u00f3lica de Mil\u00e1n: <em>\u201cSi la Iglesia, con el entusiasmo que muestra en relaci\u00f3n con los valores de la justicia, los derechos sociales y la lucha contra la pobreza, se olvida de su alma contemplativa, fracasa en su misi\u00f3n y ser\u00e1 abandonada por numeros\u00edsimos creyentes porque ya no se reconocer\u00e1 en ella lo que constituye su especificidad\u201d.<\/em><\/p>\n","protected":false},"excerpt":{"rendered":"<p>En una entrevista con \u2018Ayuda a la Iglesia Necesitada\u2019 (AIN), el Prefecto de la Congregaci\u00f3n  para el Culto Divino,<\/p>\n","protected":false},"author":1,"featured_media":0,"comment_status":"open","ping_status":"open","sticky":false,"template":"","format":"standard","meta":{"_acf_changed":false,"_acn_coauthor_ids":[],"footnotes":""},"categories":[745],"tags":[],"country":[],"class_list":["post-114425","post","type-post","status-publish","format-standard","hentry","category-entrevistas"],"acn_coauthors":[],"acf":[],"yoast_head":"<!-- This site is optimized with the Yoast SEO Premium plugin v27.3 (Yoast SEO v27.3) - https:\/\/yoast.com\/product\/yoast-seo-premium-wordpress\/ -->\n<title>\u201cLa Iglesia es la familia de Dios\u201d | ACN International<\/title>\n<meta name=\"robots\" content=\"index, follow, max-snippet:-1, max-image-preview:large, max-video-preview:-1\" \/>\n<link rel=\"canonical\" href=\"https:\/\/acninternational.org\/es\/la-iglesia-es-la-familia-de-dios\/\" \/>\n<meta property=\"og:locale\" content=\"es_ES\" \/>\n<meta property=\"og:type\" content=\"article\" \/>\n<meta property=\"og:title\" content=\"\u201cLa Iglesia es la familia de Dios\u201d\" \/>\n<meta property=\"og:description\" content=\"En una entrevista con \u2018Ayuda a la Iglesia Necesitada\u2019 (AIN), el Prefecto de la Congregaci\u00f3n para el Culto Divino,\" \/>\n<meta property=\"og:url\" content=\"https:\/\/acninternational.org\/es\/la-iglesia-es-la-familia-de-dios\/\" \/>\n<meta property=\"og:site_name\" content=\"ACN International\" \/>\n<meta property=\"article:publisher\" content=\"https:\/\/www.facebook.com\/acninternationalorg\" \/>\n<meta property=\"article:published_time\" content=\"2017-04-19T22:00:00+00:00\" \/>\n<meta property=\"og:image\" content=\"https:\/\/media.acninternational.org\/wp-content\/uploads\/2022\/07\/ACN-20140929-13926-1.jpeg\" \/>\n\t<meta property=\"og:image:width\" content=\"200\" \/>\n\t<meta property=\"og:image:height\" content=\"200\" \/>\n\t<meta property=\"og:image:type\" content=\"image\/jpeg\" \/>\n<meta name=\"author\" content=\"admin_acn\" \/>\n<meta name=\"twitter:card\" content=\"summary_large_image\" \/>\n<meta name=\"twitter:creator\" content=\"@acn_int\" \/>\n<meta name=\"twitter:site\" content=\"@acn_int\" \/>\n<meta name=\"twitter:label1\" content=\"Escrito por\" \/>\n\t<meta name=\"twitter:data1\" content=\"admin_acn\" \/>\n\t<meta name=\"twitter:label2\" content=\"Tiempo de lectura\" \/>\n\t<meta name=\"twitter:data2\" content=\"7 minutos\" \/>\n<script type=\"application\/ld+json\" class=\"yoast-schema-graph\">{\"@context\":\"https:\\\/\\\/schema.org\",\"@graph\":[{\"@type\":\"Article\",\"@id\":\"https:\\\/\\\/acninternational.org\\\/es\\\/la-iglesia-es-la-familia-de-dios\\\/#article\",\"isPartOf\":{\"@id\":\"https:\\\/\\\/acninternational.org\\\/es\\\/la-iglesia-es-la-familia-de-dios\\\/\"},\"author\":{\"name\":\"admin_acn\",\"@id\":\"https:\\\/\\\/acninternational.org\\\/es\\\/#\\\/schema\\\/person\\\/5a7468d38fb12b1976b6eeda95c21ebc\"},\"headline\":\"\u201cLa Iglesia es la familia de Dios\u201d\",\"datePublished\":\"2017-04-19T22:00:00+00:00\",\"mainEntityOfPage\":{\"@id\":\"https:\\\/\\\/acninternational.org\\\/es\\\/la-iglesia-es-la-familia-de-dios\\\/\"},\"wordCount\":1395,\"commentCount\":0,\"publisher\":{\"@id\":\"https:\\\/\\\/acninternational.org\\\/es\\\/#organization\"},\"articleSection\":[\"ENTREVISTAS\"],\"inLanguage\":\"es\",\"potentialAction\":[{\"@type\":\"CommentAction\",\"name\":\"Comment\",\"target\":[\"https:\\\/\\\/acninternational.org\\\/es\\\/la-iglesia-es-la-familia-de-dios\\\/#respond\"]}]},{\"@type\":\"WebPage\",\"@id\":\"https:\\\/\\\/acninternational.org\\\/es\\\/la-iglesia-es-la-familia-de-dios\\\/\",\"url\":\"https:\\\/\\\/acninternational.org\\\/es\\\/la-iglesia-es-la-familia-de-dios\\\/\",\"name\":\"\u201cLa Iglesia es la familia de Dios\u201d | ACN International\",\"isPartOf\":{\"@id\":\"https:\\\/\\\/acninternational.org\\\/es\\\/#website\"},\"datePublished\":\"2017-04-19T22:00:00+00:00\",\"breadcrumb\":{\"@id\":\"https:\\\/\\\/acninternational.org\\\/es\\\/la-iglesia-es-la-familia-de-dios\\\/#breadcrumb\"},\"inLanguage\":\"es\",\"potentialAction\":[{\"@type\":\"ReadAction\",\"target\":[\"https:\\\/\\\/acninternational.org\\\/es\\\/la-iglesia-es-la-familia-de-dios\\\/\"]}]},{\"@type\":\"BreadcrumbList\",\"@id\":\"https:\\\/\\\/acninternational.org\\\/es\\\/la-iglesia-es-la-familia-de-dios\\\/#breadcrumb\",\"itemListElement\":[{\"@type\":\"ListItem\",\"position\":1,\"name\":\"Home\",\"item\":\"https:\\\/\\\/acninternational.org\\\/es\\\/\"},{\"@type\":\"ListItem\",\"position\":2,\"name\":\"ENTREVISTAS\",\"item\":\"https:\\\/\\\/acninternational.org\\\/es\\\/category\\\/entrevistas\\\/\"},{\"@type\":\"ListItem\",\"position\":3,\"name\":\"\u201cLa Iglesia es la familia de Dios\u201d\"}]},{\"@type\":\"WebSite\",\"@id\":\"https:\\\/\\\/acninternational.org\\\/es\\\/#website\",\"url\":\"https:\\\/\\\/acninternational.org\\\/es\\\/\",\"name\":\"ACN International\",\"description\":\"\",\"publisher\":{\"@id\":\"https:\\\/\\\/acninternational.org\\\/es\\\/#organization\"},\"potentialAction\":[{\"@type\":\"SearchAction\",\"target\":{\"@type\":\"EntryPoint\",\"urlTemplate\":\"https:\\\/\\\/acninternational.org\\\/es\\\/?s={search_term_string}\"},\"query-input\":{\"@type\":\"PropertyValueSpecification\",\"valueRequired\":true,\"valueName\":\"search_term_string\"}}],\"inLanguage\":\"es\"},{\"@type\":\"Organization\",\"@id\":\"https:\\\/\\\/acninternational.org\\\/es\\\/#organization\",\"name\":\"Aid to the Church in Need International\",\"url\":\"https:\\\/\\\/acninternational.org\\\/es\\\/\",\"logo\":{\"@type\":\"ImageObject\",\"inLanguage\":\"es\",\"@id\":\"https:\\\/\\\/acninternational.org\\\/es\\\/#\\\/schema\\\/logo\\\/image\\\/\",\"url\":\"https:\\\/\\\/media.acninternational.org\\\/wp-content\\\/uploads\\\/2019\\\/11\\\/acn_logo_blackvector.svg\",\"contentUrl\":\"https:\\\/\\\/media.acninternational.org\\\/wp-content\\\/uploads\\\/2019\\\/11\\\/acn_logo_blackvector.svg\",\"width\":232.6,\"height\":78,\"caption\":\"Aid to the Church in Need International\"},\"image\":{\"@id\":\"https:\\\/\\\/acninternational.org\\\/es\\\/#\\\/schema\\\/logo\\\/image\\\/\"},\"sameAs\":[\"https:\\\/\\\/www.facebook.com\\\/acninternationalorg\",\"https:\\\/\\\/x.com\\\/acn_int\",\"https:\\\/\\\/www.youtube.com\\\/channel\\\/UCQ-077gS0TnVzkhHmf1opZw\",\"https:\\\/\\\/www.instagram.com\\\/acn_international\\\/\"]},{\"@type\":\"Person\",\"@id\":\"https:\\\/\\\/acninternational.org\\\/es\\\/#\\\/schema\\\/person\\\/5a7468d38fb12b1976b6eeda95c21ebc\",\"name\":\"admin_acn\",\"url\":\"https:\\\/\\\/acninternational.org\\\/es\\\/author\\\/admin_acn\\\/\"}]}<\/script>\n<!-- \/ Yoast SEO Premium plugin. -->","yoast_head_json":{"title":"\u201cLa Iglesia es la familia de Dios\u201d | ACN International","robots":{"index":"index","follow":"follow","max-snippet":"max-snippet:-1","max-image-preview":"max-image-preview:large","max-video-preview":"max-video-preview:-1"},"canonical":"https:\/\/acninternational.org\/es\/la-iglesia-es-la-familia-de-dios\/","og_locale":"es_ES","og_type":"article","og_title":"\u201cLa Iglesia es la familia de Dios\u201d","og_description":"En una entrevista con \u2018Ayuda a la Iglesia Necesitada\u2019 (AIN), el Prefecto de la Congregaci\u00f3n para el Culto Divino,","og_url":"https:\/\/acninternational.org\/es\/la-iglesia-es-la-familia-de-dios\/","og_site_name":"ACN International","article_publisher":"https:\/\/www.facebook.com\/acninternationalorg","article_published_time":"2017-04-19T22:00:00+00:00","og_image":[{"width":200,"height":200,"url":"https:\/\/media.acninternational.org\/wp-content\/uploads\/2022\/07\/ACN-20140929-13926-1.jpeg","type":"image\/jpeg"}],"author":"admin_acn","twitter_card":"summary_large_image","twitter_creator":"@acn_int","twitter_site":"@acn_int","twitter_misc":{"Escrito por":"admin_acn","Tiempo de lectura":"7 minutos"},"schema":{"@context":"https:\/\/schema.org","@graph":[{"@type":"Article","@id":"https:\/\/acninternational.org\/es\/la-iglesia-es-la-familia-de-dios\/#article","isPartOf":{"@id":"https:\/\/acninternational.org\/es\/la-iglesia-es-la-familia-de-dios\/"},"author":{"name":"admin_acn","@id":"https:\/\/acninternational.org\/es\/#\/schema\/person\/5a7468d38fb12b1976b6eeda95c21ebc"},"headline":"\u201cLa Iglesia es la familia de Dios\u201d","datePublished":"2017-04-19T22:00:00+00:00","mainEntityOfPage":{"@id":"https:\/\/acninternational.org\/es\/la-iglesia-es-la-familia-de-dios\/"},"wordCount":1395,"commentCount":0,"publisher":{"@id":"https:\/\/acninternational.org\/es\/#organization"},"articleSection":["ENTREVISTAS"],"inLanguage":"es","potentialAction":[{"@type":"CommentAction","name":"Comment","target":["https:\/\/acninternational.org\/es\/la-iglesia-es-la-familia-de-dios\/#respond"]}]},{"@type":"WebPage","@id":"https:\/\/acninternational.org\/es\/la-iglesia-es-la-familia-de-dios\/","url":"https:\/\/acninternational.org\/es\/la-iglesia-es-la-familia-de-dios\/","name":"\u201cLa Iglesia es la familia de Dios\u201d | ACN International","isPartOf":{"@id":"https:\/\/acninternational.org\/es\/#website"},"datePublished":"2017-04-19T22:00:00+00:00","breadcrumb":{"@id":"https:\/\/acninternational.org\/es\/la-iglesia-es-la-familia-de-dios\/#breadcrumb"},"inLanguage":"es","potentialAction":[{"@type":"ReadAction","target":["https:\/\/acninternational.org\/es\/la-iglesia-es-la-familia-de-dios\/"]}]},{"@type":"BreadcrumbList","@id":"https:\/\/acninternational.org\/es\/la-iglesia-es-la-familia-de-dios\/#breadcrumb","itemListElement":[{"@type":"ListItem","position":1,"name":"Home","item":"https:\/\/acninternational.org\/es\/"},{"@type":"ListItem","position":2,"name":"ENTREVISTAS","item":"https:\/\/acninternational.org\/es\/category\/entrevistas\/"},{"@type":"ListItem","position":3,"name":"\u201cLa Iglesia es la familia de Dios\u201d"}]},{"@type":"WebSite","@id":"https:\/\/acninternational.org\/es\/#website","url":"https:\/\/acninternational.org\/es\/","name":"ACN International","description":"","publisher":{"@id":"https:\/\/acninternational.org\/es\/#organization"},"potentialAction":[{"@type":"SearchAction","target":{"@type":"EntryPoint","urlTemplate":"https:\/\/acninternational.org\/es\/?s={search_term_string}"},"query-input":{"@type":"PropertyValueSpecification","valueRequired":true,"valueName":"search_term_string"}}],"inLanguage":"es"},{"@type":"Organization","@id":"https:\/\/acninternational.org\/es\/#organization","name":"Aid to the Church in Need International","url":"https:\/\/acninternational.org\/es\/","logo":{"@type":"ImageObject","inLanguage":"es","@id":"https:\/\/acninternational.org\/es\/#\/schema\/logo\/image\/","url":"https:\/\/media.acninternational.org\/wp-content\/uploads\/2019\/11\/acn_logo_blackvector.svg","contentUrl":"https:\/\/media.acninternational.org\/wp-content\/uploads\/2019\/11\/acn_logo_blackvector.svg","width":232.6,"height":78,"caption":"Aid to the Church in Need International"},"image":{"@id":"https:\/\/acninternational.org\/es\/#\/schema\/logo\/image\/"},"sameAs":["https:\/\/www.facebook.com\/acninternationalorg","https:\/\/x.com\/acn_int","https:\/\/www.youtube.com\/channel\/UCQ-077gS0TnVzkhHmf1opZw","https:\/\/www.instagram.com\/acn_international\/"]},{"@type":"Person","@id":"https:\/\/acninternational.org\/es\/#\/schema\/person\/5a7468d38fb12b1976b6eeda95c21ebc","name":"admin_acn","url":"https:\/\/acninternational.org\/es\/author\/admin_acn\/"}]}},"_links":{"self":[{"href":"https:\/\/acninternational.org\/es\/wp-json\/wp\/v2\/posts\/114425","targetHints":{"allow":["GET"]}}],"collection":[{"href":"https:\/\/acninternational.org\/es\/wp-json\/wp\/v2\/posts"}],"about":[{"href":"https:\/\/acninternational.org\/es\/wp-json\/wp\/v2\/types\/post"}],"author":[{"embeddable":true,"href":"https:\/\/acninternational.org\/es\/wp-json\/wp\/v2\/users\/1"}],"replies":[{"embeddable":true,"href":"https:\/\/acninternational.org\/es\/wp-json\/wp\/v2\/comments?post=114425"}],"version-history":[{"count":0,"href":"https:\/\/acninternational.org\/es\/wp-json\/wp\/v2\/posts\/114425\/revisions"}],"wp:attachment":[{"href":"https:\/\/acninternational.org\/es\/wp-json\/wp\/v2\/media?parent=114425"}],"wp:term":[{"taxonomy":"category","embeddable":true,"href":"https:\/\/acninternational.org\/es\/wp-json\/wp\/v2\/categories?post=114425"},{"taxonomy":"post_tag","embeddable":true,"href":"https:\/\/acninternational.org\/es\/wp-json\/wp\/v2\/tags?post=114425"},{"taxonomy":"country","embeddable":true,"href":"https:\/\/acninternational.org\/es\/wp-json\/wp\/v2\/country?post=114425"}],"curies":[{"name":"wp","href":"https:\/\/api.w.org\/{rel}","templated":true}]}}