{"id":114395,"date":"2017-04-18T00:00:00","date_gmt":"2017-04-17T22:00:00","guid":{"rendered":"https:\/\/acninternational.org\/en-alepo-por-fin-se-puede-volver-a-esperar-la-pascua-con-ilusion\/"},"modified":"2017-04-18T00:00:00","modified_gmt":"2017-04-17T22:00:00","slug":"en-alepo-por-fin-se-puede-volver-a-esperar-la-pascua-con-ilusion","status":"publish","type":"post","link":"https:\/\/acninternational.org\/es\/en-alepo-por-fin-se-puede-volver-a-esperar-la-pascua-con-ilusion\/","title":{"rendered":"En Alepo por fin se puede volver a esperar la Pascua con ilusi\u00f3n"},"content":{"rendered":"<p><em>por Eva-Maria Kolmann<\/em><\/p>\n<p>Durante los \u00faltimos a\u00f1os, en Alepo la Pascua era una fiesta triste. El Viernes Santo estaba presente en todas partes y la luz de la Resurrecci\u00f3n parec\u00eda encontrarse muy lejos. \u00abA nuestros ni\u00f1os les regalan ata\u00fades por Pascua\u00bb, dijo hace un a\u00f1o sor Annie Demerjian en una conversaci\u00f3n mantenida con la Fundaci\u00f3n Pontificia Internacional \u00abAid to the Church in Need\u00bb (ACN). El nombre de Alepo se convirti\u00f3 en sin\u00f3nimo de muerte, duelo y horror.<\/p>\n<p>Aunque sea dif\u00edcil creerlo porque los medios no hablan de ello. Este a\u00f1o ha mejorado la situaci\u00f3n de Alepo y por fin se puede volver a esperar con ilusi\u00f3n que llegue la Pascua. Hoy, sor Annie puede decir: \u00abGracias a Dios nos sentimos mucho m\u00e1s seguros. Los bombardeos han terminado. Esta Pascua estoy feliz, como muchos otros cristianos que, despu\u00e9s de tantos a\u00f1os de guerra, volver\u00e1n a celebrar la Pascua en paz. Ahora nos sentimos mucho m\u00e1s seguros cuando vamos a la iglesia y cuando volvemos de la iglesia. Le damos gracias a Dios porque la situaci\u00f3n ha mejorado. Me gustar\u00eda que el pr\u00f3ximo a\u00f1o, por Pascua, todas las personas que tuvieron que huir pudieran volver a sus casas, reconstruidas. Espero que en nuestro pa\u00eds vuelvan a imponerse la paz y la caridad, de modo que volvamos a estar todos unidos\u00bb.<\/p>\n<p>Sin embargo, los grandes sufrimientos por los que han pasado los habitantes de Alepo no se han olvidado. Todav\u00eda hay carencia de muchas cosas; sobre todo en la Semana Santa, los fieles intentan unir su dolor con el V\u00eda Crucis de Cristo. Najib Halak, un cristiano de Alepo, dice: \u00abEn estas circunstancias intentamos seguir a Cristo, que tom\u00f3 el camino del sufrimiento. Recorremos con \u00c9l este camino para llegar con \u00c9l a la gloriosa resurrecci\u00f3n\u00bb.<\/p>\n<p>Lina Nalanand, una creyente de Alepo, tambi\u00e9n hace sus reflexiones: \u00abEs cierto que lo que hemos sufrido ha sido dif\u00edcil y doloroso, pero por supuesto que no lo podemos comparar con la Pasi\u00f3n de nuestro Se\u00f1or Jesucristo. La resurrecci\u00f3n de Cristo nos da esperanza, fuerza y la victoria de la vida; por eso decimos siempre: si Dios est\u00e1 con nosotros, \u00bfqui\u00e9n puede estar contra nosotros?\u00bb.<\/p>\n<p>Rana Idelbi, una se\u00f1ora mayor de Alepo, espera con ilusi\u00f3n celebrar por fin de nuevo la Pascua: \u00abpara m\u00ed es un sentimiento incre\u00edble. S\u00e9 que me estoy haciendo mayor, pero tengo la misma ilusi\u00f3n que los ni\u00f1os cuando se acercan las fiestas\u00bb. Tambi\u00e9n ella sufri\u00f3 muchas penalidades, y dice: \u00abes cierto que estamos cansados y atemorizados, que han muerto muchos m\u00e1rtires, que hemos llorado y que muchos de nuestros hermanos y parientes se han ido. Pero, tambi\u00e9n en esa situaci\u00f3n, sab\u00eda que el Se\u00f1or est\u00e1 siempre con nosotros, y mi fe ha crecido. Rezo con mayor humildad que antes y s\u00e9 que el Se\u00f1or est\u00e1 conmigo y con todos nosotros\u00bb.<\/p>\n<p>Sor Annie da las gracias a todos los benefactores de ACN, que prestaron su apoyo en esos tiempos dif\u00edciles a los habitantes de Alepo y que todav\u00eda hoy siguen aliviando las necesidades, que todav\u00eda siguen siendo grandes: \u00abagradezco a Jes\u00fas que ha sufrido por nosotros en la Cruz y que nos ha unido en la fe con buenas personas como ustedes, que nos han ayudado. Esto es una bendici\u00f3n de Dios. Gracias por habernos ayudado a llevar con paciencia la cruz\u00bb.<\/p>\n<p>El n\u00famero de cristianos entre los habitantes que han permanecido en Alepo y alrededores se estima en 40.000. Son aquellos que no pudieron huir de la ciudad por ser muy pobres o porque los parientes con los que pod\u00edan haber ido ya hab\u00edan abandonado el pa\u00eds.<\/p>\n<p>Durante meses, Alepo estuvo sitiada completamente por el ej\u00e9rcito sirio que, apoyado por las fuerzas de la aviaci\u00f3n rusa, lucharon contra los rebeldes por el control de la parte este de Alepo. Los cristianos huyeron hace ya tiempo ante la persecuci\u00f3n por parte de los rebeldes en la ciudad. Las agencias de noticias informaron sobre los bombardeos contra Alepo-Este; pero muy pocos mencionan los ataques de los rebeldes contra Alepo-Oeste que, con armas muy desarrolladas, causaron muchas v\u00edctimas entre la poblaci\u00f3n civil y sembraron el miedo y el terror.<\/p>\n<p>Los cristianos de Alepo siguen sinti\u00e9ndose aislados y amenazados, pero perseveran por su fe. Completamente empobrecidos, con alimentos y bienes de primera necesidad escasos, carencia de medicamentos, de electricidad y agua, se dirigen a las iglesias solicitando ayuda. Estas colaboran ahora satisfactoriamente en la distribuci\u00f3n de ayudas de emergencia.<\/p>\n","protected":false},"excerpt":{"rendered":"<p>por Eva-Maria Kolmann Durante los \u00faltimos a\u00f1os, en Alepo la Pascua era una fiesta triste. El Viernes Santo estaba presente<\/p>\n","protected":false},"author":26,"featured_media":114396,"comment_status":"open","ping_status":"open","sticky":false,"template":"","format":"standard","meta":{"_acf_changed":false,"_acn_coauthor_ids":[],"_acn_featured_article":false,"footnotes":""},"categories":[713,746],"tags":[],"country":[],"class_list":["post-114395","post","type-post","status-publish","format-standard","has-post-thumbnail","hentry","category-historias","category-noticias"],"acn_coauthors":[],"acf":[],"yoast_head":"<!-- This site is optimized with the Yoast SEO Premium plugin v27.5 (Yoast SEO v27.5) - https:\/\/yoast.com\/product\/yoast-seo-premium-wordpress\/ -->\n<title>En Alepo por fin se puede volver a esperar la Pascua con ilusi\u00f3n | ACN International<\/title>\n<meta name=\"robots\" content=\"index, follow, max-snippet:-1, max-image-preview:large, max-video-preview:-1\" \/>\n<link rel=\"canonical\" href=\"https:\/\/acninternational.org\/es\/en-alepo-por-fin-se-puede-volver-a-esperar-la-pascua-con-ilusion\/\" \/>\n<meta property=\"og:locale\" content=\"es_ES\" \/>\n<meta property=\"og:type\" content=\"article\" \/>\n<meta property=\"og:title\" content=\"En Alepo por fin se puede volver a esperar la Pascua con ilusi\u00f3n\" \/>\n<meta property=\"og:description\" content=\"por Eva-Maria Kolmann Durante los \u00faltimos a\u00f1os, en Alepo la Pascua era una fiesta triste. El Viernes Santo estaba presente\" \/>\n<meta property=\"og:url\" content=\"https:\/\/acninternational.org\/es\/en-alepo-por-fin-se-puede-volver-a-esperar-la-pascua-con-ilusion\/\" \/>\n<meta property=\"og:site_name\" content=\"ACN International\" \/>\n<meta property=\"article:publisher\" content=\"https:\/\/www.facebook.com\/acninternationalorg\" \/>\n<meta property=\"article:published_time\" content=\"2017-04-17T22:00:00+00:00\" \/>\n<meta property=\"og:image\" content=\"https:\/\/media.acninternational.org\/wp-content\/uploads\/2019\/11\/En-Alepo-por-fin-se-puede-volver-a-esperar-la-Pascua-con-ilusi%C3%B3n-image.jpg\" \/>\n\t<meta property=\"og:image:width\" content=\"1980\" \/>\n\t<meta property=\"og:image:height\" content=\"800\" \/>\n\t<meta property=\"og:image:type\" content=\"image\/jpeg\" \/>\n<meta name=\"twitter:card\" content=\"summary_large_image\" \/>\n<meta name=\"twitter:creator\" content=\"@acn_int\" \/>\n<meta name=\"twitter:site\" content=\"@acn_int\" \/>\n<meta name=\"twitter:label1\" content=\"Escrito por\" \/>\n\t<meta name=\"twitter:data1\" content=\"\" \/>\n\t<meta name=\"twitter:label2\" content=\"Tiempo de lectura\" \/>\n\t<meta name=\"twitter:data2\" content=\"4 minutos\" \/>\n<script type=\"application\/ld+json\" class=\"yoast-schema-graph\">{\"@context\":\"https:\\\/\\\/schema.org\",\"@graph\":[{\"@type\":\"Article\",\"@id\":\"https:\\\/\\\/acninternational.org\\\/es\\\/en-alepo-por-fin-se-puede-volver-a-esperar-la-pascua-con-ilusion\\\/#article\",\"isPartOf\":{\"@id\":\"https:\\\/\\\/acninternational.org\\\/es\\\/en-alepo-por-fin-se-puede-volver-a-esperar-la-pascua-con-ilusion\\\/\"},\"author\":{\"name\":\"\",\"@id\":\"\"},\"headline\":\"En Alepo por fin se puede volver a esperar la Pascua con ilusi\u00f3n\",\"datePublished\":\"2017-04-17T22:00:00+00:00\",\"mainEntityOfPage\":{\"@id\":\"https:\\\/\\\/acninternational.org\\\/es\\\/en-alepo-por-fin-se-puede-volver-a-esperar-la-pascua-con-ilusion\\\/\"},\"wordCount\":806,\"commentCount\":0,\"publisher\":{\"@id\":\"https:\\\/\\\/acninternational.org\\\/es\\\/#organization\"},\"image\":{\"@id\":\"https:\\\/\\\/acninternational.org\\\/es\\\/en-alepo-por-fin-se-puede-volver-a-esperar-la-pascua-con-ilusion\\\/#primaryimage\"},\"thumbnailUrl\":\"https:\\\/\\\/media.acninternational.org\\\/wp-content\\\/uploads\\\/2019\\\/11\\\/En-Alepo-por-fin-se-puede-volver-a-esperar-la-Pascua-con-ilusi%C3%B3n-image.jpg\",\"articleSection\":[\"HISTORIAS\",\"NOTICIAS\"],\"inLanguage\":\"es\",\"potentialAction\":[{\"@type\":\"CommentAction\",\"name\":\"Comment\",\"target\":[\"https:\\\/\\\/acninternational.org\\\/es\\\/en-alepo-por-fin-se-puede-volver-a-esperar-la-pascua-con-ilusion\\\/#respond\"]}]},{\"@type\":\"WebPage\",\"@id\":\"https:\\\/\\\/acninternational.org\\\/es\\\/en-alepo-por-fin-se-puede-volver-a-esperar-la-pascua-con-ilusion\\\/\",\"url\":\"https:\\\/\\\/acninternational.org\\\/es\\\/en-alepo-por-fin-se-puede-volver-a-esperar-la-pascua-con-ilusion\\\/\",\"name\":\"En Alepo por fin se puede volver a esperar la Pascua con ilusi\u00f3n | ACN International\",\"isPartOf\":{\"@id\":\"https:\\\/\\\/acninternational.org\\\/es\\\/#website\"},\"primaryImageOfPage\":{\"@id\":\"https:\\\/\\\/acninternational.org\\\/es\\\/en-alepo-por-fin-se-puede-volver-a-esperar-la-pascua-con-ilusion\\\/#primaryimage\"},\"image\":{\"@id\":\"https:\\\/\\\/acninternational.org\\\/es\\\/en-alepo-por-fin-se-puede-volver-a-esperar-la-pascua-con-ilusion\\\/#primaryimage\"},\"thumbnailUrl\":\"https:\\\/\\\/media.acninternational.org\\\/wp-content\\\/uploads\\\/2019\\\/11\\\/En-Alepo-por-fin-se-puede-volver-a-esperar-la-Pascua-con-ilusi%C3%B3n-image.jpg\",\"datePublished\":\"2017-04-17T22:00:00+00:00\",\"breadcrumb\":{\"@id\":\"https:\\\/\\\/acninternational.org\\\/es\\\/en-alepo-por-fin-se-puede-volver-a-esperar-la-pascua-con-ilusion\\\/#breadcrumb\"},\"inLanguage\":\"es\",\"potentialAction\":[{\"@type\":\"ReadAction\",\"target\":[\"https:\\\/\\\/acninternational.org\\\/es\\\/en-alepo-por-fin-se-puede-volver-a-esperar-la-pascua-con-ilusion\\\/\"]}]},{\"@type\":\"ImageObject\",\"inLanguage\":\"es\",\"@id\":\"https:\\\/\\\/acninternational.org\\\/es\\\/en-alepo-por-fin-se-puede-volver-a-esperar-la-pascua-con-ilusion\\\/#primaryimage\",\"url\":\"https:\\\/\\\/media.acninternational.org\\\/wp-content\\\/uploads\\\/2019\\\/11\\\/En-Alepo-por-fin-se-puede-volver-a-esperar-la-Pascua-con-ilusi%C3%B3n-image.jpg\",\"contentUrl\":\"https:\\\/\\\/media.acninternational.org\\\/wp-content\\\/uploads\\\/2019\\\/11\\\/En-Alepo-por-fin-se-puede-volver-a-esperar-la-Pascua-con-ilusi%C3%B3n-image.jpg\",\"width\":1980,\"height\":800,\"caption\":\"En Alepo por fin se puede volver a esperar la Pascua con ilusi\u00f3n\"},{\"@type\":\"BreadcrumbList\",\"@id\":\"https:\\\/\\\/acninternational.org\\\/es\\\/en-alepo-por-fin-se-puede-volver-a-esperar-la-pascua-con-ilusion\\\/#breadcrumb\",\"itemListElement\":[{\"@type\":\"ListItem\",\"position\":1,\"name\":\"Home\",\"item\":\"https:\\\/\\\/acninternational.org\\\/es\\\/\"},{\"@type\":\"ListItem\",\"position\":2,\"name\":\"HISTORIAS\",\"item\":\"https:\\\/\\\/acninternational.org\\\/es\\\/category\\\/historias\\\/\"},{\"@type\":\"ListItem\",\"position\":3,\"name\":\"En Alepo por fin se puede volver a esperar la Pascua con ilusi\u00f3n\"}]},{\"@type\":\"WebSite\",\"@id\":\"https:\\\/\\\/acninternational.org\\\/es\\\/#website\",\"url\":\"https:\\\/\\\/acninternational.org\\\/es\\\/\",\"name\":\"ACN International\",\"description\":\"\",\"publisher\":{\"@id\":\"https:\\\/\\\/acninternational.org\\\/es\\\/#organization\"},\"potentialAction\":[{\"@type\":\"SearchAction\",\"target\":{\"@type\":\"EntryPoint\",\"urlTemplate\":\"https:\\\/\\\/acninternational.org\\\/es\\\/?s={search_term_string}\"},\"query-input\":{\"@type\":\"PropertyValueSpecification\",\"valueRequired\":true,\"valueName\":\"search_term_string\"}}],\"inLanguage\":\"es\"},{\"@type\":\"Organization\",\"@id\":\"https:\\\/\\\/acninternational.org\\\/es\\\/#organization\",\"name\":\"Aid to the Church in Need International\",\"url\":\"https:\\\/\\\/acninternational.org\\\/es\\\/\",\"logo\":{\"@type\":\"ImageObject\",\"inLanguage\":\"es\",\"@id\":\"https:\\\/\\\/acninternational.org\\\/es\\\/#\\\/schema\\\/logo\\\/image\\\/\",\"url\":\"https:\\\/\\\/media.acninternational.org\\\/wp-content\\\/uploads\\\/2019\\\/11\\\/acn_logo_blackvector.svg\",\"contentUrl\":\"https:\\\/\\\/media.acninternational.org\\\/wp-content\\\/uploads\\\/2019\\\/11\\\/acn_logo_blackvector.svg\",\"width\":232.6,\"height\":78,\"caption\":\"Aid to the Church in Need International\"},\"image\":{\"@id\":\"https:\\\/\\\/acninternational.org\\\/es\\\/#\\\/schema\\\/logo\\\/image\\\/\"},\"sameAs\":[\"https:\\\/\\\/www.facebook.com\\\/acninternationalorg\",\"https:\\\/\\\/x.com\\\/acn_int\",\"https:\\\/\\\/www.youtube.com\\\/channel\\\/UCQ-077gS0TnVzkhHmf1opZw\",\"https:\\\/\\\/www.instagram.com\\\/acn_international\\\/\"]},{\"@type\":\"Person\",\"@id\":\"\",\"url\":\"https:\\\/\\\/acninternational.org\\\/es\\\/author\\\/\"}]}<\/script>\n<!-- \/ Yoast SEO Premium plugin. -->","yoast_head_json":{"title":"En Alepo por fin se puede volver a esperar la Pascua con ilusi\u00f3n | ACN International","robots":{"index":"index","follow":"follow","max-snippet":"max-snippet:-1","max-image-preview":"max-image-preview:large","max-video-preview":"max-video-preview:-1"},"canonical":"https:\/\/acninternational.org\/es\/en-alepo-por-fin-se-puede-volver-a-esperar-la-pascua-con-ilusion\/","og_locale":"es_ES","og_type":"article","og_title":"En Alepo por fin se puede volver a esperar la Pascua con ilusi\u00f3n","og_description":"por Eva-Maria Kolmann Durante los \u00faltimos a\u00f1os, en Alepo la Pascua era una fiesta triste. El Viernes Santo estaba presente","og_url":"https:\/\/acninternational.org\/es\/en-alepo-por-fin-se-puede-volver-a-esperar-la-pascua-con-ilusion\/","og_site_name":"ACN International","article_publisher":"https:\/\/www.facebook.com\/acninternationalorg","article_published_time":"2017-04-17T22:00:00+00:00","og_image":[{"width":1980,"height":800,"url":"https:\/\/media.acninternational.org\/wp-content\/uploads\/2019\/11\/En-Alepo-por-fin-se-puede-volver-a-esperar-la-Pascua-con-ilusi%C3%B3n-image.jpg","type":"image\/jpeg"}],"twitter_card":"summary_large_image","twitter_creator":"@acn_int","twitter_site":"@acn_int","twitter_misc":{"Escrito por":"","Tiempo de lectura":"4 minutos"},"schema":{"@context":"https:\/\/schema.org","@graph":[{"@type":"Article","@id":"https:\/\/acninternational.org\/es\/en-alepo-por-fin-se-puede-volver-a-esperar-la-pascua-con-ilusion\/#article","isPartOf":{"@id":"https:\/\/acninternational.org\/es\/en-alepo-por-fin-se-puede-volver-a-esperar-la-pascua-con-ilusion\/"},"author":{"name":"","@id":""},"headline":"En Alepo por fin se puede volver a esperar la Pascua con ilusi\u00f3n","datePublished":"2017-04-17T22:00:00+00:00","mainEntityOfPage":{"@id":"https:\/\/acninternational.org\/es\/en-alepo-por-fin-se-puede-volver-a-esperar-la-pascua-con-ilusion\/"},"wordCount":806,"commentCount":0,"publisher":{"@id":"https:\/\/acninternational.org\/es\/#organization"},"image":{"@id":"https:\/\/acninternational.org\/es\/en-alepo-por-fin-se-puede-volver-a-esperar-la-pascua-con-ilusion\/#primaryimage"},"thumbnailUrl":"https:\/\/media.acninternational.org\/wp-content\/uploads\/2019\/11\/En-Alepo-por-fin-se-puede-volver-a-esperar-la-Pascua-con-ilusi%C3%B3n-image.jpg","articleSection":["HISTORIAS","NOTICIAS"],"inLanguage":"es","potentialAction":[{"@type":"CommentAction","name":"Comment","target":["https:\/\/acninternational.org\/es\/en-alepo-por-fin-se-puede-volver-a-esperar-la-pascua-con-ilusion\/#respond"]}]},{"@type":"WebPage","@id":"https:\/\/acninternational.org\/es\/en-alepo-por-fin-se-puede-volver-a-esperar-la-pascua-con-ilusion\/","url":"https:\/\/acninternational.org\/es\/en-alepo-por-fin-se-puede-volver-a-esperar-la-pascua-con-ilusion\/","name":"En Alepo por fin se puede volver a esperar la Pascua con ilusi\u00f3n | ACN International","isPartOf":{"@id":"https:\/\/acninternational.org\/es\/#website"},"primaryImageOfPage":{"@id":"https:\/\/acninternational.org\/es\/en-alepo-por-fin-se-puede-volver-a-esperar-la-pascua-con-ilusion\/#primaryimage"},"image":{"@id":"https:\/\/acninternational.org\/es\/en-alepo-por-fin-se-puede-volver-a-esperar-la-pascua-con-ilusion\/#primaryimage"},"thumbnailUrl":"https:\/\/media.acninternational.org\/wp-content\/uploads\/2019\/11\/En-Alepo-por-fin-se-puede-volver-a-esperar-la-Pascua-con-ilusi%C3%B3n-image.jpg","datePublished":"2017-04-17T22:00:00+00:00","breadcrumb":{"@id":"https:\/\/acninternational.org\/es\/en-alepo-por-fin-se-puede-volver-a-esperar-la-pascua-con-ilusion\/#breadcrumb"},"inLanguage":"es","potentialAction":[{"@type":"ReadAction","target":["https:\/\/acninternational.org\/es\/en-alepo-por-fin-se-puede-volver-a-esperar-la-pascua-con-ilusion\/"]}]},{"@type":"ImageObject","inLanguage":"es","@id":"https:\/\/acninternational.org\/es\/en-alepo-por-fin-se-puede-volver-a-esperar-la-pascua-con-ilusion\/#primaryimage","url":"https:\/\/media.acninternational.org\/wp-content\/uploads\/2019\/11\/En-Alepo-por-fin-se-puede-volver-a-esperar-la-Pascua-con-ilusi%C3%B3n-image.jpg","contentUrl":"https:\/\/media.acninternational.org\/wp-content\/uploads\/2019\/11\/En-Alepo-por-fin-se-puede-volver-a-esperar-la-Pascua-con-ilusi%C3%B3n-image.jpg","width":1980,"height":800,"caption":"En Alepo por fin se puede volver a esperar la Pascua con ilusi\u00f3n"},{"@type":"BreadcrumbList","@id":"https:\/\/acninternational.org\/es\/en-alepo-por-fin-se-puede-volver-a-esperar-la-pascua-con-ilusion\/#breadcrumb","itemListElement":[{"@type":"ListItem","position":1,"name":"Home","item":"https:\/\/acninternational.org\/es\/"},{"@type":"ListItem","position":2,"name":"HISTORIAS","item":"https:\/\/acninternational.org\/es\/category\/historias\/"},{"@type":"ListItem","position":3,"name":"En Alepo por fin se puede volver a esperar la Pascua con ilusi\u00f3n"}]},{"@type":"WebSite","@id":"https:\/\/acninternational.org\/es\/#website","url":"https:\/\/acninternational.org\/es\/","name":"ACN International","description":"","publisher":{"@id":"https:\/\/acninternational.org\/es\/#organization"},"potentialAction":[{"@type":"SearchAction","target":{"@type":"EntryPoint","urlTemplate":"https:\/\/acninternational.org\/es\/?s={search_term_string}"},"query-input":{"@type":"PropertyValueSpecification","valueRequired":true,"valueName":"search_term_string"}}],"inLanguage":"es"},{"@type":"Organization","@id":"https:\/\/acninternational.org\/es\/#organization","name":"Aid to the Church in Need International","url":"https:\/\/acninternational.org\/es\/","logo":{"@type":"ImageObject","inLanguage":"es","@id":"https:\/\/acninternational.org\/es\/#\/schema\/logo\/image\/","url":"https:\/\/media.acninternational.org\/wp-content\/uploads\/2019\/11\/acn_logo_blackvector.svg","contentUrl":"https:\/\/media.acninternational.org\/wp-content\/uploads\/2019\/11\/acn_logo_blackvector.svg","width":232.6,"height":78,"caption":"Aid to the Church in Need International"},"image":{"@id":"https:\/\/acninternational.org\/es\/#\/schema\/logo\/image\/"},"sameAs":["https:\/\/www.facebook.com\/acninternationalorg","https:\/\/x.com\/acn_int","https:\/\/www.youtube.com\/channel\/UCQ-077gS0TnVzkhHmf1opZw","https:\/\/www.instagram.com\/acn_international\/"]},{"@type":"Person","@id":"","url":"https:\/\/acninternational.org\/es\/author\/"}]}},"_links":{"self":[{"href":"https:\/\/acninternational.org\/es\/wp-json\/wp\/v2\/posts\/114395","targetHints":{"allow":["GET"]}}],"collection":[{"href":"https:\/\/acninternational.org\/es\/wp-json\/wp\/v2\/posts"}],"about":[{"href":"https:\/\/acninternational.org\/es\/wp-json\/wp\/v2\/types\/post"}],"author":[{"embeddable":true,"href":"https:\/\/acninternational.org\/es\/wp-json\/wp\/v2\/users\/26"}],"replies":[{"embeddable":true,"href":"https:\/\/acninternational.org\/es\/wp-json\/wp\/v2\/comments?post=114395"}],"version-history":[{"count":0,"href":"https:\/\/acninternational.org\/es\/wp-json\/wp\/v2\/posts\/114395\/revisions"}],"wp:featuredmedia":[{"embeddable":true,"href":"https:\/\/acninternational.org\/es\/wp-json\/wp\/v2\/media\/114396"}],"wp:attachment":[{"href":"https:\/\/acninternational.org\/es\/wp-json\/wp\/v2\/media?parent=114395"}],"wp:term":[{"taxonomy":"category","embeddable":true,"href":"https:\/\/acninternational.org\/es\/wp-json\/wp\/v2\/categories?post=114395"},{"taxonomy":"post_tag","embeddable":true,"href":"https:\/\/acninternational.org\/es\/wp-json\/wp\/v2\/tags?post=114395"},{"taxonomy":"country","embeddable":true,"href":"https:\/\/acninternational.org\/es\/wp-json\/wp\/v2\/country?post=114395"}],"curies":[{"name":"wp","href":"https:\/\/api.w.org\/{rel}","templated":true}]}}