{"id":114365,"date":"2017-04-12T00:00:00","date_gmt":"2017-04-11T22:00:00","guid":{"rendered":"https:\/\/acninternational.org\/la-republica-democratica-del-congo-una-agonia-ignorada-por-el-mundo\/"},"modified":"2017-04-12T00:00:00","modified_gmt":"2017-04-11T22:00:00","slug":"la-republica-democratica-del-congo-una-agonia-ignorada-por-el-mundo","status":"publish","type":"post","link":"https:\/\/acninternational.org\/es\/la-republica-democratica-del-congo-una-agonia-ignorada-por-el-mundo\/","title":{"rendered":"La Rep\u00fablica Democr\u00e1tica del Congo: una agon\u00eda ignorada por el mundo"},"content":{"rendered":"<p><em>La ola de violencia que est\u00e1 destrozando la Republica Democr\u00e1tica del Congo contin\u00faa afectando\u00a0 tambi\u00e9n a la Iglesia, sin embargo la esperanza de la paz est\u00e1 presente. Los representantes del reci\u00e9n atacado Seminario Mayor de Malole (Kasai central<\/em>) <em>piden oraciones por la paz en el Congo y solidaridad para retomar su trabajo. La fundaci\u00f3n pontificia Aid to the Church in Need apoyar\u00e1 la reconstrucci\u00f3n tan pronto como la paz sea estable. <\/em><\/p>\n<p>K\u00f6nigstein 11.04.2017 .- El padre Richard Kitengie Muembo, rector del Seminario mayor de teolog\u00eda Cristo Rey [Grand S\u00e9minaire Theologicum Christ-Roi] de Malole destruido y quemado parcialmente por milicias rebeldes al gobierno el pasado 18 de febrero, acompa\u00f1ado del Padre Apollinaire Cibaka Cikongo, secretario ejecutivo de la Asamblea de los Obispos de Kananga (ASSEPKA) visitaron la sede internacional de la fundaci\u00f3n pontificia Aid to the Church in Need (ACN) en Alemania para referir los sucesos y pedir ayudas para restablecer el seminario en Kasai central y reiniciar los cursos de teolog\u00eda tan pronto como la situaci\u00f3n en la regi\u00f3n congole\u00f1a lo permita.<\/p>\n<p>\u201cNosotros nunca pensamos que \u00edbamos a ser objeto de los ataques. Todo vino porque los grupos milicianos seguidores del fallecido jefe tradicional Kamwina-Nsapu quisieron instalar su base de operaciones en el recinto del seminario, a lo cual nos negamos. Intentamos buscar una soluci\u00f3n pac\u00edfica y de di\u00e1logo pero por desgracia las autoridades de la zona decidieron usar la soluci\u00f3n militar para concluir el conflicto, lo que llev\u00f3 a los rebeldes a atacar por su parte nuestro seminario el s\u00e1bado 18 de febrero. Gracias a Dios como ve\u00edamos que las cosas se estaban poniendo mal hab\u00edamos trasladado ya a los seminaristas\u201d, relata el padre Richard.<\/p>\n<p>\u201cLos 77 seminaristas entre 21 y 27 a\u00f1os originarios de siete di\u00f3cesis del pa\u00eds lo han pasado muy mal. Huyeron con lo puesto por dos d\u00edas y fueron acogidos por familias donde al final tuvieron que permanecer tres semanas hasta que pudieron ser evacuados, algunos como se inform\u00f3 en los medios de comunicaci\u00f3n con la ayuda de la Misi\u00f3n de la ONU en la Rep\u00fablica Democr\u00e1tica del Congo (MONUSCO)\u201d, corrobora el padre Apollinaire que tambi\u00e9n es miembro del profesorado de Cristo Rey. El seminario mismo fue saqueado, destruido y en parte quemado. Tambi\u00e9n la comunidad de religiosas carmelitas ha tenido que abandonar por ahora su monasterio de clausura que se encuentra a 400 metros del seminario.<\/p>\n<p>En julio de 2016, Jean-Pierre Kamwina Nsapu Pandi, jefe tradicional de una tribu local, impugn\u00f3 el poder del gobierno central llamando a la insurrecci\u00f3n y atacando a la polic\u00eda local acusada de abusos de poder y tambi\u00e9n a comunidades rivales. El 12 de agosto Kamwina Nsapu fue asesinado por las fuerzas de seguridad, lo que moviliz\u00f3 a sus seguidores a enfrentarse con el poder central. Lo que empez\u00f3 como un peque\u00f1o movimiento de oposici\u00f3n al gobierno se ha convertido en una batalla campal que seg\u00fan los ultimos reportes de MONUSCO ha acabado con la vida de m\u00ednimo 400 civiles y un significante n\u00famero de miembros de de las fuerzas del orden.<\/p>\n<p>El 31 de marzo, un grupo de estos mismos milicianos atac\u00f3 la ciudad de Lwebo, a doscientos kilometros al oeste de Malole, saquearon y quemaron el obispado, adem\u00e1s de prender fuego a las oficinas de la coordinaci\u00f3n de las escuelas cat\u00f3licas y al noviciado donde se forman religiosas, profanando por \u00faltimo la catedral de San Juan-Bautista. Esta dimensi\u00f3n de los ataques es nueva. \u201cLa iglesia cat\u00f3lica goza de mucho prestigio en el pa\u00eds porque nunca se ha alineado con ninguno de los grupos pol\u00edticos, ahora se la intenta meter en el conflicto. La Iglesia media desde diciembre del a\u00f1o pasado para lograr un acuerdo de transici\u00f3n entre gobierno y oposici\u00f3n.\u201d &#8211; explica el padre Richard.<\/p>\n<p>En un comunicado publicado el 25 de febrero, la ASSEPKA culpaba entre otros a la mala gesti\u00f3n de los asuntos administrativos del poder tradicional que ha sido manipulado y politizado y las frustraciones de una regi\u00f3n que durante mucho tiempo se ha visto marginada y el desempleo que sufren muchos j\u00f3venes como causantes de la violencia en la regi\u00f3n. \u201cHemos o\u00eddo tambi\u00e9n de pr\u00e1cticas de supersticion: reclutan a jovenes y ni\u00f1os, les dan un brebaje y un ba\u00f1o ritual y les hacen creer que son inmunes a las balas e inmortales. As\u00ed, como drogados, cometen hechos barb\u00e1ricos\u201d, apunta el padre Apollinaire.<\/p>\n<p>La crisis del Kasayi producida por las milicias de Kamwuina Nsapu en el sur del pa\u00eds es uno de los cinco violentos conflictos que sufre la Republica Democratica del Congo. En el \u00faltimo llamamiento de la Conferencia Episcopal Cat\u00f3lica al Consejo de Seguridad de las Naciones Unidas fechado el 20 de marzo de 2017 se nombran cuatro partes m\u00e1s del territorio nacional donde se violan los derechos humanos: El Norte, donde sigue actuando el LRA (Lord Resistence Armee); Kivu del Norte en el Este del pa\u00eds; la provincia de Tanganika con enfrentamientos entre las comunidades batwa y bantu y por \u00faltimo, el Centro del pa\u00eds incluida la capital Kinshasa debido a las tensiones politicas con vistas a las elecciones generales.<\/p>\n<p>Aunque la situaci\u00f3n por el momento no lo permite, los dos representantes presentaron a la fundaci\u00f3n pontificia ACN un proyecto de reconstrucci\u00f3n de las estructuras da\u00f1adas por el saqueo y el incendio para que &#8211; una vez se den las condiciones &#8211; la reapertura del seminario sea inmediata: \u201cLa esperanza nos hace trabajar, no nos vamos a quedar sentados, queremos que nuestros seminaristas puedan acabar el curso que est\u00e1 a medias, el siguiente seminario est\u00e1 a 400 kil\u00f3metros y no tienen infraestructuras adem\u00e1s de que por la situaci\u00f3n del pa\u00eds y por motivos de seguridad no podr\u00edamos trasladar a los estudiantes all\u00ed. Pedimos tambi\u00e9n a todos los benefactores y amigos de la instituci\u00f3n oraciones por la paz en nuestro pa\u00eds.\u201d<\/p>\n<p>Junto con la solicitud de ayuda el padre Richard hace un llamado a la comunidad internacional: \u201cLa situaci\u00f3n de la Iglesia Cat\u00f3lica en la Rep\u00fablica Democratica del Congo es la situaci\u00f3n de todo el pueblo congole\u00f1o. La poblaci\u00f3n est\u00e1 en parte escondida en la selva, los colegios no funcionan, hay hambre\u2026 Nosotros so\u00f1amos con el final de esta guerra absurda. Todos los depredadores del mundo vienen a explotar este pa\u00eds. El que usa hoy en d\u00eda los medios de la tecnolog\u00eda est\u00e1 usando un poco de la sangre del pueblo congole\u00f1o\u201d resalta el sacerdote haciendo referencia al colt\u00e1n, mineral de color negro compuesto de columbita y tantalita que se utiliza entre otros para las bater\u00edas de dispositivos m\u00f3viles, GPS y ordenadores. El colt\u00e1n es uno de los llamados \u2018minerales de sangre\u2019 por ser explotado mediante graves violaciones de derechos humanos y usado para financiar a grupos armados y perpet\u00faar los conflictos.<\/p>\n<p>\u201cLa humanidad es una, usamos los beneficios y eso est\u00e1 bien, pero deber\u00edamos tambi\u00e9n actuar ante el sufrimiento. El sufrimiento de los congoleses es el sufrimiento del mundo. Juntos podemos acabar la guerra, hay que salir de la indiferencia, romper el silencio. Decir NO a la violencia, a la industria de la muerte, a las f\u00e1bricas y la venta de armas. La tecnolog\u00eda est\u00e1 para mejorar la vida, no para quitarla. Us\u00e9mosla para hablar de la cruda realidad en el Congo, para pedir oraciones y apoyo internacional para que se respeten la vida y los derechos humanos\u201d, corrabora el padre Apollinaire.<\/p>\n","protected":false},"excerpt":{"rendered":"<p>La ola de violencia que est\u00e1 destrozando la Republica Democr\u00e1tica del Congo contin\u00faa afectando\u00a0 tambi\u00e9n a la Iglesia, sin embargo<\/p>\n","protected":false},"author":26,"featured_media":114366,"comment_status":"open","ping_status":"open","sticky":false,"template":"","format":"standard","meta":{"_acf_changed":false,"_acn_coauthor_ids":[],"footnotes":""},"categories":[721,745,714],"tags":[],"country":[],"class_list":["post-114365","post","type-post","status-publish","format-standard","has-post-thumbnail","hentry","category-construccion","category-entrevistas","category-proyecto"],"acn_coauthors":[],"acf":[],"yoast_head":"<!-- This site is optimized with the Yoast SEO Premium plugin v27.3 (Yoast SEO v27.3) - https:\/\/yoast.com\/product\/yoast-seo-premium-wordpress\/ -->\n<title>La Rep\u00fablica Democr\u00e1tica del Congo: una agon\u00eda ignorada por el mundo | ACN International<\/title>\n<meta name=\"robots\" content=\"index, follow, max-snippet:-1, max-image-preview:large, max-video-preview:-1\" \/>\n<link rel=\"canonical\" href=\"https:\/\/acninternational.org\/es\/la-republica-democratica-del-congo-una-agonia-ignorada-por-el-mundo\/\" \/>\n<meta property=\"og:locale\" content=\"es_ES\" \/>\n<meta property=\"og:type\" content=\"article\" \/>\n<meta property=\"og:title\" content=\"La Rep\u00fablica Democr\u00e1tica del Congo: una agon\u00eda ignorada por el mundo\" \/>\n<meta property=\"og:description\" content=\"La ola de violencia que est\u00e1 destrozando la Republica Democr\u00e1tica del Congo contin\u00faa afectando\u00a0 tambi\u00e9n a la Iglesia, sin embargo\" \/>\n<meta property=\"og:url\" content=\"https:\/\/acninternational.org\/es\/la-republica-democratica-del-congo-una-agonia-ignorada-por-el-mundo\/\" \/>\n<meta property=\"og:site_name\" content=\"ACN International\" \/>\n<meta property=\"article:publisher\" content=\"https:\/\/www.facebook.com\/acninternationalorg\" \/>\n<meta property=\"article:published_time\" content=\"2017-04-11T22:00:00+00:00\" \/>\n<meta property=\"og:image\" content=\"https:\/\/media.acninternational.org\/wp-content\/uploads\/2019\/11\/La-Rep%C3%BAblica-Democr%C3%A1tica-del-Congo-una-agon%C3%ADa-ignorada-por-el-mundo-image.jpg\" \/>\n\t<meta property=\"og:image:width\" content=\"1980\" \/>\n\t<meta property=\"og:image:height\" content=\"800\" \/>\n\t<meta property=\"og:image:type\" content=\"image\/jpeg\" \/>\n<meta name=\"twitter:card\" content=\"summary_large_image\" \/>\n<meta name=\"twitter:creator\" content=\"@acn_int\" \/>\n<meta name=\"twitter:site\" content=\"@acn_int\" \/>\n<meta name=\"twitter:label1\" content=\"Escrito por\" \/>\n\t<meta name=\"twitter:data1\" content=\"\" \/>\n\t<meta name=\"twitter:label2\" content=\"Tiempo de lectura\" \/>\n\t<meta name=\"twitter:data2\" content=\"6 minutos\" \/>\n<script type=\"application\/ld+json\" class=\"yoast-schema-graph\">{\"@context\":\"https:\\\/\\\/schema.org\",\"@graph\":[{\"@type\":\"Article\",\"@id\":\"https:\\\/\\\/acninternational.org\\\/es\\\/la-republica-democratica-del-congo-una-agonia-ignorada-por-el-mundo\\\/#article\",\"isPartOf\":{\"@id\":\"https:\\\/\\\/acninternational.org\\\/es\\\/la-republica-democratica-del-congo-una-agonia-ignorada-por-el-mundo\\\/\"},\"author\":{\"name\":\"\",\"@id\":\"\"},\"headline\":\"La Rep\u00fablica Democr\u00e1tica del Congo: una agon\u00eda ignorada por el mundo\",\"datePublished\":\"2017-04-11T22:00:00+00:00\",\"mainEntityOfPage\":{\"@id\":\"https:\\\/\\\/acninternational.org\\\/es\\\/la-republica-democratica-del-congo-una-agonia-ignorada-por-el-mundo\\\/\"},\"wordCount\":1308,\"commentCount\":0,\"publisher\":{\"@id\":\"https:\\\/\\\/acninternational.org\\\/es\\\/#organization\"},\"image\":{\"@id\":\"https:\\\/\\\/acninternational.org\\\/es\\\/la-republica-democratica-del-congo-una-agonia-ignorada-por-el-mundo\\\/#primaryimage\"},\"thumbnailUrl\":\"https:\\\/\\\/media.acninternational.org\\\/wp-content\\\/uploads\\\/2019\\\/11\\\/La-Rep%C3%BAblica-Democr%C3%A1tica-del-Congo-una-agon%C3%ADa-ignorada-por-el-mundo-image.jpg\",\"articleSection\":[\"CONSTRUCCI\u00d3N\",\"ENTREVISTAS\",\"PROYECTO\"],\"inLanguage\":\"es\",\"potentialAction\":[{\"@type\":\"CommentAction\",\"name\":\"Comment\",\"target\":[\"https:\\\/\\\/acninternational.org\\\/es\\\/la-republica-democratica-del-congo-una-agonia-ignorada-por-el-mundo\\\/#respond\"]}]},{\"@type\":\"WebPage\",\"@id\":\"https:\\\/\\\/acninternational.org\\\/es\\\/la-republica-democratica-del-congo-una-agonia-ignorada-por-el-mundo\\\/\",\"url\":\"https:\\\/\\\/acninternational.org\\\/es\\\/la-republica-democratica-del-congo-una-agonia-ignorada-por-el-mundo\\\/\",\"name\":\"La Rep\u00fablica Democr\u00e1tica del Congo: una agon\u00eda ignorada por el mundo | ACN International\",\"isPartOf\":{\"@id\":\"https:\\\/\\\/acninternational.org\\\/es\\\/#website\"},\"primaryImageOfPage\":{\"@id\":\"https:\\\/\\\/acninternational.org\\\/es\\\/la-republica-democratica-del-congo-una-agonia-ignorada-por-el-mundo\\\/#primaryimage\"},\"image\":{\"@id\":\"https:\\\/\\\/acninternational.org\\\/es\\\/la-republica-democratica-del-congo-una-agonia-ignorada-por-el-mundo\\\/#primaryimage\"},\"thumbnailUrl\":\"https:\\\/\\\/media.acninternational.org\\\/wp-content\\\/uploads\\\/2019\\\/11\\\/La-Rep%C3%BAblica-Democr%C3%A1tica-del-Congo-una-agon%C3%ADa-ignorada-por-el-mundo-image.jpg\",\"datePublished\":\"2017-04-11T22:00:00+00:00\",\"breadcrumb\":{\"@id\":\"https:\\\/\\\/acninternational.org\\\/es\\\/la-republica-democratica-del-congo-una-agonia-ignorada-por-el-mundo\\\/#breadcrumb\"},\"inLanguage\":\"es\",\"potentialAction\":[{\"@type\":\"ReadAction\",\"target\":[\"https:\\\/\\\/acninternational.org\\\/es\\\/la-republica-democratica-del-congo-una-agonia-ignorada-por-el-mundo\\\/\"]}]},{\"@type\":\"ImageObject\",\"inLanguage\":\"es\",\"@id\":\"https:\\\/\\\/acninternational.org\\\/es\\\/la-republica-democratica-del-congo-una-agonia-ignorada-por-el-mundo\\\/#primaryimage\",\"url\":\"https:\\\/\\\/media.acninternational.org\\\/wp-content\\\/uploads\\\/2019\\\/11\\\/La-Rep%C3%BAblica-Democr%C3%A1tica-del-Congo-una-agon%C3%ADa-ignorada-por-el-mundo-image.jpg\",\"contentUrl\":\"https:\\\/\\\/media.acninternational.org\\\/wp-content\\\/uploads\\\/2019\\\/11\\\/La-Rep%C3%BAblica-Democr%C3%A1tica-del-Congo-una-agon%C3%ADa-ignorada-por-el-mundo-image.jpg\",\"width\":1980,\"height\":800,\"caption\":\"La Rep\u00fablica Democr\u00e1tica del Congo: una agon\u00eda ignorada por el mundo\"},{\"@type\":\"BreadcrumbList\",\"@id\":\"https:\\\/\\\/acninternational.org\\\/es\\\/la-republica-democratica-del-congo-una-agonia-ignorada-por-el-mundo\\\/#breadcrumb\",\"itemListElement\":[{\"@type\":\"ListItem\",\"position\":1,\"name\":\"Home\",\"item\":\"https:\\\/\\\/acninternational.org\\\/es\\\/\"},{\"@type\":\"ListItem\",\"position\":2,\"name\":\"PROYECTO\",\"item\":\"https:\\\/\\\/acninternational.org\\\/es\\\/category\\\/proyecto\\\/\"},{\"@type\":\"ListItem\",\"position\":3,\"name\":\"CONSTRUCCI\u00d3N\",\"item\":\"https:\\\/\\\/acninternational.org\\\/es\\\/category\\\/proyecto\\\/construccion\\\/\"},{\"@type\":\"ListItem\",\"position\":4,\"name\":\"La Rep\u00fablica Democr\u00e1tica del Congo: una agon\u00eda ignorada por el mundo\"}]},{\"@type\":\"WebSite\",\"@id\":\"https:\\\/\\\/acninternational.org\\\/es\\\/#website\",\"url\":\"https:\\\/\\\/acninternational.org\\\/es\\\/\",\"name\":\"ACN International\",\"description\":\"\",\"publisher\":{\"@id\":\"https:\\\/\\\/acninternational.org\\\/es\\\/#organization\"},\"potentialAction\":[{\"@type\":\"SearchAction\",\"target\":{\"@type\":\"EntryPoint\",\"urlTemplate\":\"https:\\\/\\\/acninternational.org\\\/es\\\/?s={search_term_string}\"},\"query-input\":{\"@type\":\"PropertyValueSpecification\",\"valueRequired\":true,\"valueName\":\"search_term_string\"}}],\"inLanguage\":\"es\"},{\"@type\":\"Organization\",\"@id\":\"https:\\\/\\\/acninternational.org\\\/es\\\/#organization\",\"name\":\"Aid to the Church in Need International\",\"url\":\"https:\\\/\\\/acninternational.org\\\/es\\\/\",\"logo\":{\"@type\":\"ImageObject\",\"inLanguage\":\"es\",\"@id\":\"https:\\\/\\\/acninternational.org\\\/es\\\/#\\\/schema\\\/logo\\\/image\\\/\",\"url\":\"https:\\\/\\\/media.acninternational.org\\\/wp-content\\\/uploads\\\/2019\\\/11\\\/acn_logo_blackvector.svg\",\"contentUrl\":\"https:\\\/\\\/media.acninternational.org\\\/wp-content\\\/uploads\\\/2019\\\/11\\\/acn_logo_blackvector.svg\",\"width\":232.6,\"height\":78,\"caption\":\"Aid to the Church in Need International\"},\"image\":{\"@id\":\"https:\\\/\\\/acninternational.org\\\/es\\\/#\\\/schema\\\/logo\\\/image\\\/\"},\"sameAs\":[\"https:\\\/\\\/www.facebook.com\\\/acninternationalorg\",\"https:\\\/\\\/x.com\\\/acn_int\",\"https:\\\/\\\/www.youtube.com\\\/channel\\\/UCQ-077gS0TnVzkhHmf1opZw\",\"https:\\\/\\\/www.instagram.com\\\/acn_international\\\/\"]},{\"@type\":\"Person\",\"@id\":\"\",\"url\":\"https:\\\/\\\/acninternational.org\\\/es\\\/author\\\/\"}]}<\/script>\n<!-- \/ Yoast SEO Premium plugin. -->","yoast_head_json":{"title":"La Rep\u00fablica Democr\u00e1tica del Congo: una agon\u00eda ignorada por el mundo | ACN International","robots":{"index":"index","follow":"follow","max-snippet":"max-snippet:-1","max-image-preview":"max-image-preview:large","max-video-preview":"max-video-preview:-1"},"canonical":"https:\/\/acninternational.org\/es\/la-republica-democratica-del-congo-una-agonia-ignorada-por-el-mundo\/","og_locale":"es_ES","og_type":"article","og_title":"La Rep\u00fablica Democr\u00e1tica del Congo: una agon\u00eda ignorada por el mundo","og_description":"La ola de violencia que est\u00e1 destrozando la Republica Democr\u00e1tica del Congo contin\u00faa afectando\u00a0 tambi\u00e9n a la Iglesia, sin embargo","og_url":"https:\/\/acninternational.org\/es\/la-republica-democratica-del-congo-una-agonia-ignorada-por-el-mundo\/","og_site_name":"ACN International","article_publisher":"https:\/\/www.facebook.com\/acninternationalorg","article_published_time":"2017-04-11T22:00:00+00:00","og_image":[{"width":1980,"height":800,"url":"https:\/\/media.acninternational.org\/wp-content\/uploads\/2019\/11\/La-Rep%C3%BAblica-Democr%C3%A1tica-del-Congo-una-agon%C3%ADa-ignorada-por-el-mundo-image.jpg","type":"image\/jpeg"}],"twitter_card":"summary_large_image","twitter_creator":"@acn_int","twitter_site":"@acn_int","twitter_misc":{"Escrito por":"","Tiempo de lectura":"6 minutos"},"schema":{"@context":"https:\/\/schema.org","@graph":[{"@type":"Article","@id":"https:\/\/acninternational.org\/es\/la-republica-democratica-del-congo-una-agonia-ignorada-por-el-mundo\/#article","isPartOf":{"@id":"https:\/\/acninternational.org\/es\/la-republica-democratica-del-congo-una-agonia-ignorada-por-el-mundo\/"},"author":{"name":"","@id":""},"headline":"La Rep\u00fablica Democr\u00e1tica del Congo: una agon\u00eda ignorada por el mundo","datePublished":"2017-04-11T22:00:00+00:00","mainEntityOfPage":{"@id":"https:\/\/acninternational.org\/es\/la-republica-democratica-del-congo-una-agonia-ignorada-por-el-mundo\/"},"wordCount":1308,"commentCount":0,"publisher":{"@id":"https:\/\/acninternational.org\/es\/#organization"},"image":{"@id":"https:\/\/acninternational.org\/es\/la-republica-democratica-del-congo-una-agonia-ignorada-por-el-mundo\/#primaryimage"},"thumbnailUrl":"https:\/\/media.acninternational.org\/wp-content\/uploads\/2019\/11\/La-Rep%C3%BAblica-Democr%C3%A1tica-del-Congo-una-agon%C3%ADa-ignorada-por-el-mundo-image.jpg","articleSection":["CONSTRUCCI\u00d3N","ENTREVISTAS","PROYECTO"],"inLanguage":"es","potentialAction":[{"@type":"CommentAction","name":"Comment","target":["https:\/\/acninternational.org\/es\/la-republica-democratica-del-congo-una-agonia-ignorada-por-el-mundo\/#respond"]}]},{"@type":"WebPage","@id":"https:\/\/acninternational.org\/es\/la-republica-democratica-del-congo-una-agonia-ignorada-por-el-mundo\/","url":"https:\/\/acninternational.org\/es\/la-republica-democratica-del-congo-una-agonia-ignorada-por-el-mundo\/","name":"La Rep\u00fablica Democr\u00e1tica del Congo: una agon\u00eda ignorada por el mundo | ACN International","isPartOf":{"@id":"https:\/\/acninternational.org\/es\/#website"},"primaryImageOfPage":{"@id":"https:\/\/acninternational.org\/es\/la-republica-democratica-del-congo-una-agonia-ignorada-por-el-mundo\/#primaryimage"},"image":{"@id":"https:\/\/acninternational.org\/es\/la-republica-democratica-del-congo-una-agonia-ignorada-por-el-mundo\/#primaryimage"},"thumbnailUrl":"https:\/\/media.acninternational.org\/wp-content\/uploads\/2019\/11\/La-Rep%C3%BAblica-Democr%C3%A1tica-del-Congo-una-agon%C3%ADa-ignorada-por-el-mundo-image.jpg","datePublished":"2017-04-11T22:00:00+00:00","breadcrumb":{"@id":"https:\/\/acninternational.org\/es\/la-republica-democratica-del-congo-una-agonia-ignorada-por-el-mundo\/#breadcrumb"},"inLanguage":"es","potentialAction":[{"@type":"ReadAction","target":["https:\/\/acninternational.org\/es\/la-republica-democratica-del-congo-una-agonia-ignorada-por-el-mundo\/"]}]},{"@type":"ImageObject","inLanguage":"es","@id":"https:\/\/acninternational.org\/es\/la-republica-democratica-del-congo-una-agonia-ignorada-por-el-mundo\/#primaryimage","url":"https:\/\/media.acninternational.org\/wp-content\/uploads\/2019\/11\/La-Rep%C3%BAblica-Democr%C3%A1tica-del-Congo-una-agon%C3%ADa-ignorada-por-el-mundo-image.jpg","contentUrl":"https:\/\/media.acninternational.org\/wp-content\/uploads\/2019\/11\/La-Rep%C3%BAblica-Democr%C3%A1tica-del-Congo-una-agon%C3%ADa-ignorada-por-el-mundo-image.jpg","width":1980,"height":800,"caption":"La Rep\u00fablica Democr\u00e1tica del Congo: una agon\u00eda ignorada por el mundo"},{"@type":"BreadcrumbList","@id":"https:\/\/acninternational.org\/es\/la-republica-democratica-del-congo-una-agonia-ignorada-por-el-mundo\/#breadcrumb","itemListElement":[{"@type":"ListItem","position":1,"name":"Home","item":"https:\/\/acninternational.org\/es\/"},{"@type":"ListItem","position":2,"name":"PROYECTO","item":"https:\/\/acninternational.org\/es\/category\/proyecto\/"},{"@type":"ListItem","position":3,"name":"CONSTRUCCI\u00d3N","item":"https:\/\/acninternational.org\/es\/category\/proyecto\/construccion\/"},{"@type":"ListItem","position":4,"name":"La Rep\u00fablica Democr\u00e1tica del Congo: una agon\u00eda ignorada por el mundo"}]},{"@type":"WebSite","@id":"https:\/\/acninternational.org\/es\/#website","url":"https:\/\/acninternational.org\/es\/","name":"ACN International","description":"","publisher":{"@id":"https:\/\/acninternational.org\/es\/#organization"},"potentialAction":[{"@type":"SearchAction","target":{"@type":"EntryPoint","urlTemplate":"https:\/\/acninternational.org\/es\/?s={search_term_string}"},"query-input":{"@type":"PropertyValueSpecification","valueRequired":true,"valueName":"search_term_string"}}],"inLanguage":"es"},{"@type":"Organization","@id":"https:\/\/acninternational.org\/es\/#organization","name":"Aid to the Church in Need International","url":"https:\/\/acninternational.org\/es\/","logo":{"@type":"ImageObject","inLanguage":"es","@id":"https:\/\/acninternational.org\/es\/#\/schema\/logo\/image\/","url":"https:\/\/media.acninternational.org\/wp-content\/uploads\/2019\/11\/acn_logo_blackvector.svg","contentUrl":"https:\/\/media.acninternational.org\/wp-content\/uploads\/2019\/11\/acn_logo_blackvector.svg","width":232.6,"height":78,"caption":"Aid to the Church in Need International"},"image":{"@id":"https:\/\/acninternational.org\/es\/#\/schema\/logo\/image\/"},"sameAs":["https:\/\/www.facebook.com\/acninternationalorg","https:\/\/x.com\/acn_int","https:\/\/www.youtube.com\/channel\/UCQ-077gS0TnVzkhHmf1opZw","https:\/\/www.instagram.com\/acn_international\/"]},{"@type":"Person","@id":"","url":"https:\/\/acninternational.org\/es\/author\/"}]}},"_links":{"self":[{"href":"https:\/\/acninternational.org\/es\/wp-json\/wp\/v2\/posts\/114365","targetHints":{"allow":["GET"]}}],"collection":[{"href":"https:\/\/acninternational.org\/es\/wp-json\/wp\/v2\/posts"}],"about":[{"href":"https:\/\/acninternational.org\/es\/wp-json\/wp\/v2\/types\/post"}],"author":[{"embeddable":true,"href":"https:\/\/acninternational.org\/es\/wp-json\/wp\/v2\/users\/26"}],"replies":[{"embeddable":true,"href":"https:\/\/acninternational.org\/es\/wp-json\/wp\/v2\/comments?post=114365"}],"version-history":[{"count":0,"href":"https:\/\/acninternational.org\/es\/wp-json\/wp\/v2\/posts\/114365\/revisions"}],"wp:featuredmedia":[{"embeddable":true,"href":"https:\/\/acninternational.org\/es\/wp-json\/wp\/v2\/media\/114366"}],"wp:attachment":[{"href":"https:\/\/acninternational.org\/es\/wp-json\/wp\/v2\/media?parent=114365"}],"wp:term":[{"taxonomy":"category","embeddable":true,"href":"https:\/\/acninternational.org\/es\/wp-json\/wp\/v2\/categories?post=114365"},{"taxonomy":"post_tag","embeddable":true,"href":"https:\/\/acninternational.org\/es\/wp-json\/wp\/v2\/tags?post=114365"},{"taxonomy":"country","embeddable":true,"href":"https:\/\/acninternational.org\/es\/wp-json\/wp\/v2\/country?post=114365"}],"curies":[{"name":"wp","href":"https:\/\/api.w.org\/{rel}","templated":true}]}}