{"id":114288,"date":"2017-03-29T00:00:00","date_gmt":"2017-03-28T22:00:00","guid":{"rendered":"https:\/\/acninternational.org\/delegacion-de-acn-visita-las-diocesis-mas-afectadas-por-boko-haram-en-nigeria\/"},"modified":"2017-03-29T00:00:00","modified_gmt":"2017-03-28T22:00:00","slug":"delegacion-de-acn-visita-las-diocesis-mas-afectadas-por-boko-haram-en-nigeria","status":"publish","type":"post","link":"https:\/\/acninternational.org\/es\/delegacion-de-acn-visita-las-diocesis-mas-afectadas-por-boko-haram-en-nigeria\/","title":{"rendered":"Delegaci\u00f3n de ACN visita las di\u00f3cesis m\u00e1s afectadas por Boko Haram en Nigeria"},"content":{"rendered":"<p>K\u00f6nigstein\/Lagos, 28.03.2017.- Un total de 14 miembros incluidos directores de las sedes nacionales y miembros de los departamentos de comunicaci\u00f3n de diferentes pa\u00edses de la fundaci\u00f3n pontificia Aid to the Church in Need (ACN) viajaron la semana pasada a los estados de Borno, Jos y Kaduna, en el norte de Nigeria para recabar informaci\u00f3n y mostrar solidaridad con los cristianos. En esta regi\u00f3n, de mayor\u00eda musulmana, los cristianos sufren tensiones y violencia y han sido afectadas por los ataques del grupo terrorista islamista Boko Haram.<\/p>\n<p>La delegaci\u00f3n se desplaz\u00f3 por via a\u00e9rea a Maiduguri, capital del estado de Borno, lugar de nacimiento de Boko Haram y uno de los estados m\u00e1s afectados por el terror fundamentalista isl\u00e1mico. Aunque la ciudad de Maiduguri se encuentra bajo control del gobierno, que ha expulsado a los terroristas de la ciudad hacia los pantanos de Sambisa, la metr\u00f3polis ha sufrido repetidos intentos de ataques suicidas en las \u00faltimas semanas. Borno cuenta con 20 campos de refugiados gubernamentales, como el de Dalori con m\u00e1s de 14.000 personas. Adem\u00e1s se calculan 500.000 desplazados que viven en la capital acogidos por familiares, amigos o instituciones caritativas. La delegaci\u00f3n de ACN visit\u00f3 25 familias cat\u00f3licas de la comunidad Pulka de Gwoza, refugiadas desde hace dos a\u00f1os en un terreno cedido por la iglesia en Maiduguri, as\u00ed como un campo no gubernamental con 7.000 refugiados cristianos de diferentes confesiones atendido por la Christian Nigerian Association, CNA.<\/p>\n<p>Seg\u00fan las cifras dadas por la ONU, Boko Haram ha afectado la vida de 26 millones de personas, en el Estado de Borno y cinco estados m\u00e1s de Nigeria. S\u00f3lo la di\u00f3cesis cat\u00f3lica de Maiduguri registra m\u00e1s de 5.000 viudas y 15.000 hu\u00e9rfanos. La delegaci\u00f3n de ACN pudo poner rostros escuchando los terror\u00edficos y dolorosos testimonios de algunas de esas v\u00edctimas: viudas que vieron morir degollados a sus maridos, sacerdotes que tuvieron que evacuar a escondidas a docenas de ni\u00f1os de las escuelas, personas que sobrevivieron semanas escondidas en sus casas para no ser encontradas por los terroristas, pero tambi\u00e9n testimonios como el de Rebeca o Raquel que fueron capturadas y torturadas por Boko Haram. Al final de la visita el obispo de Maiduguri Mons. Oliver Doeme agradec\u00eda a la delegaci\u00f3n de ACN \u201cel coraje poco com\u00fan que ha mostrado al asumir el riesgo de venir y fortalecer a nuestro pueblo. Ha sido una experiencia maravillosa y conmovedora\u201d.<\/p>\n<p>Especialmente importante para el trabajo de informaci\u00f3n de la fundaci\u00f3n pontificia fue la visita a Kafanchan, di\u00f3cesis de la parte sur del estado de Kaduna, que sufre un embate de ataques salvajes por parte de los Fulani, pastores n\u00f3madas musulmanes, que arrasan y aniquilan pueblos cristianos.\u00a0 Si bien estos problemas son ancestrales y los Fulani se expanden por varios pa\u00edses africanos, en la zona de Kanfanchan seg\u00fan un reporte entregado por la di\u00f3cesis a la delegaci\u00f3n de ACN, desde 2011 se han registrado ataques a 71 pueblos con un total de 988 muertos, 2.712 casas y 20 iglesias destruidas. Especialmente la falta de protecci\u00f3n y respuesta por las fuerzas de seguridad producen desaliento en la comunidad cristiana del sur del estado de Kaduna. En el reporte se describen casos de inacci\u00f3n voluntaria o incluso colaboraci\u00f3n entre las fuerzas estatales y los atacantes.<\/p>\n<p>Mar\u00eda Lozano, jefe del departamento de prensa internacional y coordinadora del viaje hac\u00eda balance de la informaci\u00f3n recibida en diferentes reuniones con representantes de la iglesia, la pol\u00edtica y la prensa local de los estados de Jos Plateau y Kaduna:\u00a0 \u201cLos ataques de Boko Haram y de los Fulani son la punta del iceberg pero los cristianos que viven en los estados del norte de Nigeria de mayor\u00eda musulmana, sufren discriminaci\u00f3n y han sido v\u00edctimas de ataques y de persecuci\u00f3n\u00a0 de manera c\u00edclica y continua desde hace d\u00e9cadas. Por ejemplo en Kaduna en los a\u00f1os 70 el gobierno se apropi\u00f3 de 17 colegios cat\u00f3licos sin ning\u00fan tipo de compensaci\u00f3n. Especialmente desde la introducci\u00f3n de la Sharia en el a\u00f1o 2.000 en 12 de los 19 estados del norte el respaldo civil y legal de los cristianos es fr\u00e1gil. Esto es bastante desconocido en el mundo occidental. Sin embargo, lo realmente emocionante en este viaje a nivel personal ha sido la alegr\u00eda y la fe de estas personas. Viven en peligro pero sus iglesias est\u00e1n repletas. Cuando piden ayuda a Europa para construir iglesias, les responden a menudo que no hacen falta iglesias tan grandes; pero s\u00ed necesitan iglesias grandes, muy grandes. Es dif\u00edcil entenderlo desde nuestra realidad, pero la gente en Nigeria est\u00e1 sedienta de Dios. Es una iglesia que florece por eso los fundamentalistas isl\u00e1micos los perciben como un peligro. Est\u00e1n orgullosos y felices de su fe. Cada misa es una fiesta, cada encuentro una celebraci\u00f3n de alegr\u00eda. Por \u00faltimo el ejemplo de perd\u00f3n y reconciliaci\u00f3n cristiano ante los ataques y las vejaciones, es impresionante.\u201d<\/p>\n<p>Adem\u00e1s de recibir informaci\u00f3n de primera mano y compartir con las comunidades que sufren por causa de su fe la delegaci\u00f3n de ACN aprovech\u00f3 para visitar algunos de los proyectos que la fundaci\u00f3n gracias a la ayuda de sus muchos benefactores en todo el mundo ha realizado en esta parte del pa\u00eds. Por ejemplo se visitaron dos iglesias y casas parroquiales en Kaduna destruidas por ataques fundamentalistas isl\u00e1micos y reconstruidas gracias al apoyo de la fundaci\u00f3n, as\u00ed como los seminarios mayores de San Agust\u00edn en Jos, con 437 y el del Buen Pastor en Kaduna, con 147 seminaristas. Estos \u00faltimos reciben apoyos anuales de ACN y precisan ayudas para aumentar sus instalaciones debido a que el n\u00famero de aspirantes al sacerdocio crece pero no existe lugar f\u00edsico para atenderlos.<\/p>\n<p>Mons. Rev. Ignatius Kaigama, arzobispo de Jos y presidente de la Conferencia Episcopal de Nigeria defini\u00f3 la visita de ACN a las di\u00f3cesis de Maiduguri, Jos, Kafanchan y Kaduna como \u2018sacramento de la presencia\u2019, sintetizando el encuentro de esta manera: \u201cEsta visita muestra la necesidad de solidaridad pastoral entre la Iglesia de otros continentes y \u00c1frica. Las relaciones no deben ser creadas o basadas s\u00f3lo en la televisi\u00f3n, los peri\u00f3dicos, informes de radio o a trav\u00e9s de mensajes o correos electr\u00f3nicos. Esta visita amistosa de catorce hombres y mujeres unidos por la misi\u00f3n y la visi\u00f3n de ACN, que han venido a celebrar el \u00absacramento de la presencia\u00bb en Nigeria, es un verdadero testimonio de amor. La visita fue terap\u00e9utica, ha tra\u00eddo alivio a un pueblo traumatizado por los desastres naturales, la amenaza de delincuentes y fan\u00e1ticos religiosos, la persecuci\u00f3n, la discriminaci\u00f3n y los retos de la vida cotidiana. Tambi\u00e9n tuvieron tiempo para aprender sobre temas como el di\u00e1logo interreligioso (relaci\u00f3n musulmana \/ cristiana en Nigeria), iniciativas de construcci\u00f3n de paz y el crecimiento pastoral\u201d.<\/p>\n<p>La situaci\u00f3n y los testimonios de los cristianos cat\u00f3licos en el norte de Nigeria son uno de los focos de\u00a0 la Campa\u00f1a de Cuaresma dedicada por la fundaci\u00f3n ACN a \u00c1frica \u201cSu fe es nuestra esperanza\u201d. La fundaci\u00f3n est\u00e1 estudiando un paquete de ayuda de emergencia a los afectados por los ataques Fulani en Kafanchan y a las v\u00edctimas de Boko Haram en la di\u00f3cesis de Maiduguri.\u00a0 As\u00ed mismo se ha pedido ayuda a la fundaci\u00f3n para la reconstrucci\u00f3n del seminario menor de San Jos\u00e9, cerrado desde el 2014 despu\u00e9s de haber sido atacado y destruido por terroristas de Boko Haram.<\/p>\n","protected":false},"excerpt":{"rendered":"<p>K\u00f6nigstein\/Lagos, 28.03.2017.- Un total de 14 miembros incluidos directores de las sedes nacionales y miembros de los departamentos de comunicaci\u00f3n<\/p>\n","protected":false},"author":26,"featured_media":114289,"comment_status":"open","ping_status":"open","sticky":false,"template":"","format":"standard","meta":{"_acf_changed":false,"_acn_coauthor_ids":[],"footnotes":""},"categories":[713],"tags":[],"country":[],"class_list":["post-114288","post","type-post","status-publish","format-standard","has-post-thumbnail","hentry","category-historias"],"acn_coauthors":[],"acf":[],"yoast_head":"<!-- This site is optimized with the Yoast SEO Premium plugin v27.3 (Yoast SEO v27.3) - https:\/\/yoast.com\/product\/yoast-seo-premium-wordpress\/ -->\n<title>Delegaci\u00f3n de ACN visita las di\u00f3cesis m\u00e1s afectadas por Boko Haram en Nigeria | ACN International<\/title>\n<meta name=\"robots\" content=\"index, follow, max-snippet:-1, max-image-preview:large, max-video-preview:-1\" \/>\n<link rel=\"canonical\" href=\"https:\/\/acninternational.org\/es\/delegacion-de-acn-visita-las-diocesis-mas-afectadas-por-boko-haram-en-nigeria\/\" \/>\n<meta property=\"og:locale\" content=\"es_ES\" \/>\n<meta property=\"og:type\" content=\"article\" \/>\n<meta property=\"og:title\" content=\"Delegaci\u00f3n de ACN visita las di\u00f3cesis m\u00e1s afectadas por Boko Haram en Nigeria\" \/>\n<meta property=\"og:description\" content=\"K\u00f6nigstein\/Lagos, 28.03.2017.- Un total de 14 miembros incluidos directores de las sedes nacionales y miembros de los departamentos de comunicaci\u00f3n\" \/>\n<meta property=\"og:url\" content=\"https:\/\/acninternational.org\/es\/delegacion-de-acn-visita-las-diocesis-mas-afectadas-por-boko-haram-en-nigeria\/\" \/>\n<meta property=\"og:site_name\" content=\"ACN International\" \/>\n<meta property=\"article:publisher\" content=\"https:\/\/www.facebook.com\/acninternationalorg\" \/>\n<meta property=\"article:published_time\" content=\"2017-03-28T22:00:00+00:00\" \/>\n<meta property=\"og:image\" content=\"https:\/\/media.acninternational.org\/wp-content\/uploads\/2019\/11\/Delegaci%C3%B3n-de-ACN-visita-las-di%C3%B3cesis-m%C3%A1s-afectadas-por-Boko-Haram-en-Nigeria-image.jpg\" \/>\n\t<meta property=\"og:image:width\" content=\"1960\" \/>\n\t<meta property=\"og:image:height\" content=\"600\" \/>\n\t<meta property=\"og:image:type\" content=\"image\/jpeg\" \/>\n<meta name=\"twitter:card\" content=\"summary_large_image\" \/>\n<meta name=\"twitter:creator\" content=\"@acn_int\" \/>\n<meta name=\"twitter:site\" content=\"@acn_int\" \/>\n<meta name=\"twitter:label1\" content=\"Escrito por\" \/>\n\t<meta name=\"twitter:data1\" content=\"\" \/>\n\t<meta name=\"twitter:label2\" content=\"Tiempo de lectura\" \/>\n\t<meta name=\"twitter:data2\" content=\"6 minutos\" \/>\n<script type=\"application\/ld+json\" class=\"yoast-schema-graph\">{\"@context\":\"https:\\\/\\\/schema.org\",\"@graph\":[{\"@type\":\"Article\",\"@id\":\"https:\\\/\\\/acninternational.org\\\/es\\\/delegacion-de-acn-visita-las-diocesis-mas-afectadas-por-boko-haram-en-nigeria\\\/#article\",\"isPartOf\":{\"@id\":\"https:\\\/\\\/acninternational.org\\\/es\\\/delegacion-de-acn-visita-las-diocesis-mas-afectadas-por-boko-haram-en-nigeria\\\/\"},\"author\":{\"name\":\"\",\"@id\":\"\"},\"headline\":\"Delegaci\u00f3n de ACN visita las di\u00f3cesis m\u00e1s afectadas por Boko Haram en Nigeria\",\"datePublished\":\"2017-03-28T22:00:00+00:00\",\"mainEntityOfPage\":{\"@id\":\"https:\\\/\\\/acninternational.org\\\/es\\\/delegacion-de-acn-visita-las-diocesis-mas-afectadas-por-boko-haram-en-nigeria\\\/\"},\"wordCount\":1308,\"commentCount\":0,\"publisher\":{\"@id\":\"https:\\\/\\\/acninternational.org\\\/es\\\/#organization\"},\"image\":{\"@id\":\"https:\\\/\\\/acninternational.org\\\/es\\\/delegacion-de-acn-visita-las-diocesis-mas-afectadas-por-boko-haram-en-nigeria\\\/#primaryimage\"},\"thumbnailUrl\":\"https:\\\/\\\/media.acninternational.org\\\/wp-content\\\/uploads\\\/2019\\\/11\\\/Delegaci%C3%B3n-de-ACN-visita-las-di%C3%B3cesis-m%C3%A1s-afectadas-por-Boko-Haram-en-Nigeria-image.jpg\",\"articleSection\":[\"HISTORIAS\"],\"inLanguage\":\"es\",\"potentialAction\":[{\"@type\":\"CommentAction\",\"name\":\"Comment\",\"target\":[\"https:\\\/\\\/acninternational.org\\\/es\\\/delegacion-de-acn-visita-las-diocesis-mas-afectadas-por-boko-haram-en-nigeria\\\/#respond\"]}]},{\"@type\":\"WebPage\",\"@id\":\"https:\\\/\\\/acninternational.org\\\/es\\\/delegacion-de-acn-visita-las-diocesis-mas-afectadas-por-boko-haram-en-nigeria\\\/\",\"url\":\"https:\\\/\\\/acninternational.org\\\/es\\\/delegacion-de-acn-visita-las-diocesis-mas-afectadas-por-boko-haram-en-nigeria\\\/\",\"name\":\"Delegaci\u00f3n de ACN visita las di\u00f3cesis m\u00e1s afectadas por Boko Haram en Nigeria | ACN International\",\"isPartOf\":{\"@id\":\"https:\\\/\\\/acninternational.org\\\/es\\\/#website\"},\"primaryImageOfPage\":{\"@id\":\"https:\\\/\\\/acninternational.org\\\/es\\\/delegacion-de-acn-visita-las-diocesis-mas-afectadas-por-boko-haram-en-nigeria\\\/#primaryimage\"},\"image\":{\"@id\":\"https:\\\/\\\/acninternational.org\\\/es\\\/delegacion-de-acn-visita-las-diocesis-mas-afectadas-por-boko-haram-en-nigeria\\\/#primaryimage\"},\"thumbnailUrl\":\"https:\\\/\\\/media.acninternational.org\\\/wp-content\\\/uploads\\\/2019\\\/11\\\/Delegaci%C3%B3n-de-ACN-visita-las-di%C3%B3cesis-m%C3%A1s-afectadas-por-Boko-Haram-en-Nigeria-image.jpg\",\"datePublished\":\"2017-03-28T22:00:00+00:00\",\"breadcrumb\":{\"@id\":\"https:\\\/\\\/acninternational.org\\\/es\\\/delegacion-de-acn-visita-las-diocesis-mas-afectadas-por-boko-haram-en-nigeria\\\/#breadcrumb\"},\"inLanguage\":\"es\",\"potentialAction\":[{\"@type\":\"ReadAction\",\"target\":[\"https:\\\/\\\/acninternational.org\\\/es\\\/delegacion-de-acn-visita-las-diocesis-mas-afectadas-por-boko-haram-en-nigeria\\\/\"]}]},{\"@type\":\"ImageObject\",\"inLanguage\":\"es\",\"@id\":\"https:\\\/\\\/acninternational.org\\\/es\\\/delegacion-de-acn-visita-las-diocesis-mas-afectadas-por-boko-haram-en-nigeria\\\/#primaryimage\",\"url\":\"https:\\\/\\\/media.acninternational.org\\\/wp-content\\\/uploads\\\/2019\\\/11\\\/Delegaci%C3%B3n-de-ACN-visita-las-di%C3%B3cesis-m%C3%A1s-afectadas-por-Boko-Haram-en-Nigeria-image.jpg\",\"contentUrl\":\"https:\\\/\\\/media.acninternational.org\\\/wp-content\\\/uploads\\\/2019\\\/11\\\/Delegaci%C3%B3n-de-ACN-visita-las-di%C3%B3cesis-m%C3%A1s-afectadas-por-Boko-Haram-en-Nigeria-image.jpg\",\"width\":1960,\"height\":600,\"caption\":\"Delegaci\u00f3n de ACN visita las di\u00f3cesis m\u00e1s afectadas por Boko Haram en Nigeria\"},{\"@type\":\"BreadcrumbList\",\"@id\":\"https:\\\/\\\/acninternational.org\\\/es\\\/delegacion-de-acn-visita-las-diocesis-mas-afectadas-por-boko-haram-en-nigeria\\\/#breadcrumb\",\"itemListElement\":[{\"@type\":\"ListItem\",\"position\":1,\"name\":\"Home\",\"item\":\"https:\\\/\\\/acninternational.org\\\/es\\\/\"},{\"@type\":\"ListItem\",\"position\":2,\"name\":\"HISTORIAS\",\"item\":\"https:\\\/\\\/acninternational.org\\\/es\\\/category\\\/historias\\\/\"},{\"@type\":\"ListItem\",\"position\":3,\"name\":\"Delegaci\u00f3n de ACN visita las di\u00f3cesis m\u00e1s afectadas por Boko Haram en Nigeria\"}]},{\"@type\":\"WebSite\",\"@id\":\"https:\\\/\\\/acninternational.org\\\/es\\\/#website\",\"url\":\"https:\\\/\\\/acninternational.org\\\/es\\\/\",\"name\":\"ACN International\",\"description\":\"\",\"publisher\":{\"@id\":\"https:\\\/\\\/acninternational.org\\\/es\\\/#organization\"},\"potentialAction\":[{\"@type\":\"SearchAction\",\"target\":{\"@type\":\"EntryPoint\",\"urlTemplate\":\"https:\\\/\\\/acninternational.org\\\/es\\\/?s={search_term_string}\"},\"query-input\":{\"@type\":\"PropertyValueSpecification\",\"valueRequired\":true,\"valueName\":\"search_term_string\"}}],\"inLanguage\":\"es\"},{\"@type\":\"Organization\",\"@id\":\"https:\\\/\\\/acninternational.org\\\/es\\\/#organization\",\"name\":\"Aid to the Church in Need International\",\"url\":\"https:\\\/\\\/acninternational.org\\\/es\\\/\",\"logo\":{\"@type\":\"ImageObject\",\"inLanguage\":\"es\",\"@id\":\"https:\\\/\\\/acninternational.org\\\/es\\\/#\\\/schema\\\/logo\\\/image\\\/\",\"url\":\"https:\\\/\\\/media.acninternational.org\\\/wp-content\\\/uploads\\\/2019\\\/11\\\/acn_logo_blackvector.svg\",\"contentUrl\":\"https:\\\/\\\/media.acninternational.org\\\/wp-content\\\/uploads\\\/2019\\\/11\\\/acn_logo_blackvector.svg\",\"width\":232.6,\"height\":78,\"caption\":\"Aid to the Church in Need International\"},\"image\":{\"@id\":\"https:\\\/\\\/acninternational.org\\\/es\\\/#\\\/schema\\\/logo\\\/image\\\/\"},\"sameAs\":[\"https:\\\/\\\/www.facebook.com\\\/acninternationalorg\",\"https:\\\/\\\/x.com\\\/acn_int\",\"https:\\\/\\\/www.youtube.com\\\/channel\\\/UCQ-077gS0TnVzkhHmf1opZw\",\"https:\\\/\\\/www.instagram.com\\\/acn_international\\\/\"]},{\"@type\":\"Person\",\"@id\":\"\",\"url\":\"https:\\\/\\\/acninternational.org\\\/es\\\/author\\\/\"}]}<\/script>\n<!-- \/ Yoast SEO Premium plugin. -->","yoast_head_json":{"title":"Delegaci\u00f3n de ACN visita las di\u00f3cesis m\u00e1s afectadas por Boko Haram en Nigeria | ACN International","robots":{"index":"index","follow":"follow","max-snippet":"max-snippet:-1","max-image-preview":"max-image-preview:large","max-video-preview":"max-video-preview:-1"},"canonical":"https:\/\/acninternational.org\/es\/delegacion-de-acn-visita-las-diocesis-mas-afectadas-por-boko-haram-en-nigeria\/","og_locale":"es_ES","og_type":"article","og_title":"Delegaci\u00f3n de ACN visita las di\u00f3cesis m\u00e1s afectadas por Boko Haram en Nigeria","og_description":"K\u00f6nigstein\/Lagos, 28.03.2017.- Un total de 14 miembros incluidos directores de las sedes nacionales y miembros de los departamentos de comunicaci\u00f3n","og_url":"https:\/\/acninternational.org\/es\/delegacion-de-acn-visita-las-diocesis-mas-afectadas-por-boko-haram-en-nigeria\/","og_site_name":"ACN International","article_publisher":"https:\/\/www.facebook.com\/acninternationalorg","article_published_time":"2017-03-28T22:00:00+00:00","og_image":[{"width":1960,"height":600,"url":"https:\/\/media.acninternational.org\/wp-content\/uploads\/2019\/11\/Delegaci%C3%B3n-de-ACN-visita-las-di%C3%B3cesis-m%C3%A1s-afectadas-por-Boko-Haram-en-Nigeria-image.jpg","type":"image\/jpeg"}],"twitter_card":"summary_large_image","twitter_creator":"@acn_int","twitter_site":"@acn_int","twitter_misc":{"Escrito por":"","Tiempo de lectura":"6 minutos"},"schema":{"@context":"https:\/\/schema.org","@graph":[{"@type":"Article","@id":"https:\/\/acninternational.org\/es\/delegacion-de-acn-visita-las-diocesis-mas-afectadas-por-boko-haram-en-nigeria\/#article","isPartOf":{"@id":"https:\/\/acninternational.org\/es\/delegacion-de-acn-visita-las-diocesis-mas-afectadas-por-boko-haram-en-nigeria\/"},"author":{"name":"","@id":""},"headline":"Delegaci\u00f3n de ACN visita las di\u00f3cesis m\u00e1s afectadas por Boko Haram en Nigeria","datePublished":"2017-03-28T22:00:00+00:00","mainEntityOfPage":{"@id":"https:\/\/acninternational.org\/es\/delegacion-de-acn-visita-las-diocesis-mas-afectadas-por-boko-haram-en-nigeria\/"},"wordCount":1308,"commentCount":0,"publisher":{"@id":"https:\/\/acninternational.org\/es\/#organization"},"image":{"@id":"https:\/\/acninternational.org\/es\/delegacion-de-acn-visita-las-diocesis-mas-afectadas-por-boko-haram-en-nigeria\/#primaryimage"},"thumbnailUrl":"https:\/\/media.acninternational.org\/wp-content\/uploads\/2019\/11\/Delegaci%C3%B3n-de-ACN-visita-las-di%C3%B3cesis-m%C3%A1s-afectadas-por-Boko-Haram-en-Nigeria-image.jpg","articleSection":["HISTORIAS"],"inLanguage":"es","potentialAction":[{"@type":"CommentAction","name":"Comment","target":["https:\/\/acninternational.org\/es\/delegacion-de-acn-visita-las-diocesis-mas-afectadas-por-boko-haram-en-nigeria\/#respond"]}]},{"@type":"WebPage","@id":"https:\/\/acninternational.org\/es\/delegacion-de-acn-visita-las-diocesis-mas-afectadas-por-boko-haram-en-nigeria\/","url":"https:\/\/acninternational.org\/es\/delegacion-de-acn-visita-las-diocesis-mas-afectadas-por-boko-haram-en-nigeria\/","name":"Delegaci\u00f3n de ACN visita las di\u00f3cesis m\u00e1s afectadas por Boko Haram en Nigeria | ACN International","isPartOf":{"@id":"https:\/\/acninternational.org\/es\/#website"},"primaryImageOfPage":{"@id":"https:\/\/acninternational.org\/es\/delegacion-de-acn-visita-las-diocesis-mas-afectadas-por-boko-haram-en-nigeria\/#primaryimage"},"image":{"@id":"https:\/\/acninternational.org\/es\/delegacion-de-acn-visita-las-diocesis-mas-afectadas-por-boko-haram-en-nigeria\/#primaryimage"},"thumbnailUrl":"https:\/\/media.acninternational.org\/wp-content\/uploads\/2019\/11\/Delegaci%C3%B3n-de-ACN-visita-las-di%C3%B3cesis-m%C3%A1s-afectadas-por-Boko-Haram-en-Nigeria-image.jpg","datePublished":"2017-03-28T22:00:00+00:00","breadcrumb":{"@id":"https:\/\/acninternational.org\/es\/delegacion-de-acn-visita-las-diocesis-mas-afectadas-por-boko-haram-en-nigeria\/#breadcrumb"},"inLanguage":"es","potentialAction":[{"@type":"ReadAction","target":["https:\/\/acninternational.org\/es\/delegacion-de-acn-visita-las-diocesis-mas-afectadas-por-boko-haram-en-nigeria\/"]}]},{"@type":"ImageObject","inLanguage":"es","@id":"https:\/\/acninternational.org\/es\/delegacion-de-acn-visita-las-diocesis-mas-afectadas-por-boko-haram-en-nigeria\/#primaryimage","url":"https:\/\/media.acninternational.org\/wp-content\/uploads\/2019\/11\/Delegaci%C3%B3n-de-ACN-visita-las-di%C3%B3cesis-m%C3%A1s-afectadas-por-Boko-Haram-en-Nigeria-image.jpg","contentUrl":"https:\/\/media.acninternational.org\/wp-content\/uploads\/2019\/11\/Delegaci%C3%B3n-de-ACN-visita-las-di%C3%B3cesis-m%C3%A1s-afectadas-por-Boko-Haram-en-Nigeria-image.jpg","width":1960,"height":600,"caption":"Delegaci\u00f3n de ACN visita las di\u00f3cesis m\u00e1s afectadas por Boko Haram en Nigeria"},{"@type":"BreadcrumbList","@id":"https:\/\/acninternational.org\/es\/delegacion-de-acn-visita-las-diocesis-mas-afectadas-por-boko-haram-en-nigeria\/#breadcrumb","itemListElement":[{"@type":"ListItem","position":1,"name":"Home","item":"https:\/\/acninternational.org\/es\/"},{"@type":"ListItem","position":2,"name":"HISTORIAS","item":"https:\/\/acninternational.org\/es\/category\/historias\/"},{"@type":"ListItem","position":3,"name":"Delegaci\u00f3n de ACN visita las di\u00f3cesis m\u00e1s afectadas por Boko Haram en Nigeria"}]},{"@type":"WebSite","@id":"https:\/\/acninternational.org\/es\/#website","url":"https:\/\/acninternational.org\/es\/","name":"ACN International","description":"","publisher":{"@id":"https:\/\/acninternational.org\/es\/#organization"},"potentialAction":[{"@type":"SearchAction","target":{"@type":"EntryPoint","urlTemplate":"https:\/\/acninternational.org\/es\/?s={search_term_string}"},"query-input":{"@type":"PropertyValueSpecification","valueRequired":true,"valueName":"search_term_string"}}],"inLanguage":"es"},{"@type":"Organization","@id":"https:\/\/acninternational.org\/es\/#organization","name":"Aid to the Church in Need International","url":"https:\/\/acninternational.org\/es\/","logo":{"@type":"ImageObject","inLanguage":"es","@id":"https:\/\/acninternational.org\/es\/#\/schema\/logo\/image\/","url":"https:\/\/media.acninternational.org\/wp-content\/uploads\/2019\/11\/acn_logo_blackvector.svg","contentUrl":"https:\/\/media.acninternational.org\/wp-content\/uploads\/2019\/11\/acn_logo_blackvector.svg","width":232.6,"height":78,"caption":"Aid to the Church in Need International"},"image":{"@id":"https:\/\/acninternational.org\/es\/#\/schema\/logo\/image\/"},"sameAs":["https:\/\/www.facebook.com\/acninternationalorg","https:\/\/x.com\/acn_int","https:\/\/www.youtube.com\/channel\/UCQ-077gS0TnVzkhHmf1opZw","https:\/\/www.instagram.com\/acn_international\/"]},{"@type":"Person","@id":"","url":"https:\/\/acninternational.org\/es\/author\/"}]}},"_links":{"self":[{"href":"https:\/\/acninternational.org\/es\/wp-json\/wp\/v2\/posts\/114288","targetHints":{"allow":["GET"]}}],"collection":[{"href":"https:\/\/acninternational.org\/es\/wp-json\/wp\/v2\/posts"}],"about":[{"href":"https:\/\/acninternational.org\/es\/wp-json\/wp\/v2\/types\/post"}],"author":[{"embeddable":true,"href":"https:\/\/acninternational.org\/es\/wp-json\/wp\/v2\/users\/26"}],"replies":[{"embeddable":true,"href":"https:\/\/acninternational.org\/es\/wp-json\/wp\/v2\/comments?post=114288"}],"version-history":[{"count":0,"href":"https:\/\/acninternational.org\/es\/wp-json\/wp\/v2\/posts\/114288\/revisions"}],"wp:featuredmedia":[{"embeddable":true,"href":"https:\/\/acninternational.org\/es\/wp-json\/wp\/v2\/media\/114289"}],"wp:attachment":[{"href":"https:\/\/acninternational.org\/es\/wp-json\/wp\/v2\/media?parent=114288"}],"wp:term":[{"taxonomy":"category","embeddable":true,"href":"https:\/\/acninternational.org\/es\/wp-json\/wp\/v2\/categories?post=114288"},{"taxonomy":"post_tag","embeddable":true,"href":"https:\/\/acninternational.org\/es\/wp-json\/wp\/v2\/tags?post=114288"},{"taxonomy":"country","embeddable":true,"href":"https:\/\/acninternational.org\/es\/wp-json\/wp\/v2\/country?post=114288"}],"curies":[{"name":"wp","href":"https:\/\/api.w.org\/{rel}","templated":true}]}}