{"id":114221,"date":"2017-03-22T00:00:00","date_gmt":"2017-03-21T23:00:00","guid":{"rendered":"https:\/\/acninternational.org\/republica-checa-un-simbolo-de-la-fe\/"},"modified":"2017-03-22T00:00:00","modified_gmt":"2017-03-21T23:00:00","slug":"republica-checa-un-simbolo-de-la-fe","status":"publish","type":"post","link":"https:\/\/acninternational.org\/es\/republica-checa-un-simbolo-de-la-fe\/","title":{"rendered":"Rep\u00fablica Checa: \u00abUn s\u00edmbolo de la fe\u00bb"},"content":{"rendered":"<p><strong>ACN est\u00e1 de duelo por la muerte del Cardenal Miroslav Vlk<\/strong><\/p>\n<p>K\u00f6nigstein im Taunus 21-03-2017 \u2013 La Fundaci\u00f3n Pontificia Internacional \u00abAid to the Church in Need\u00bb est\u00e1 de luto por la muerte del Cardenal Miroslav Vlk, quien falleci\u00f3 el s\u00e1bado pasado (18 de marzo) a los 84 a\u00f1os de edad. \u00abEl Cardenal Vlk era un s\u00edmbolo de la fe en un pa\u00eds sometido al comunismo que, todav\u00eda hoy en d\u00eda, presenta la menor religiosidad de toda Europa\u00bb, dice el asistente espiritual internacional de la Fundaci\u00f3n, el padre Martin Barta. Seg\u00fan Barta, el antiguo Arzobispo de Praga, quien despu\u00e9s de ser ordenado sacerdote tuvo que trabajar limpiando ventanas \u2014debido a las represalias contra la Iglesia del gobierno comunista\u2014 y solo pudo desarrollar su actividad sacerdotal clandestinamente, \u00abmarc\u00f3 de modo decisivo a muchas personas mediante su fiel testimonio sacerdotal en las m\u00e1s dif\u00edciles condiciones\u00bb; tras el cambio pol\u00edtico \u00abse convirti\u00f3 en un s\u00edmbolo de la fe en una sociedad que tiene que descubrir de nuevo el camino hacia Dios\u00bb.<\/p>\n<p>El Cardenal Miroslav Vlk fue adem\u00e1s \u00abdurante muchos a\u00f1os un amigo de nuestra obra\u00bb, subray\u00f3 el padre Martin Barta. La ayuda que le proporcion\u00f3 ACN para reconstruir la Iglesia en su archidi\u00f3cesis de Praga, la devolvi\u00f3 \u00aben otra moneda, la de la oraci\u00f3n\u00bb, como expres\u00f3 repetidamente el Cardenal frente a la Fundaci\u00f3n.<\/p>\n<p>En una conversaci\u00f3n mantenida con ACN con ocasi\u00f3n de su 75\u00ba cumplea\u00f1os, el Cardenal habl\u00f3 sobre todo de sus experiencias en la \u00e9poca de la persecuci\u00f3n: \u00abLa persecuci\u00f3n nos ayud\u00f3 a ser m\u00e1s fieles a Dios. \u00bfQui\u00e9n nos podr\u00eda haber ayudado, si no? Al comienzo, cuando los comunistas tomaron el poder, en Checoslovaquia muchos creyeron que los americanos intervendr\u00edan; pero esto solo fue una ilusi\u00f3n. Solo Dios era nuestra luz. Durante la persecuci\u00f3n no hab\u00eda libros, no hab\u00eda medios; solo se pod\u00eda escoger a Dios y buscar. Para m\u00ed, esto fue una gran gracia\u00bb. Hoy se ve c\u00f3mo los comunistas se han ido; \u00ab\u00a1pero Dios no ha desaparecido. \u00c9L siempre est\u00e1 ah\u00ed!\u00bb, subray\u00f3 el Cardenal.<\/p>\n<p>Pero el Cardenal Miroslav Vlk ve\u00eda tambi\u00e9n con preocupaci\u00f3n la decadencia de los valores fundamentales en la sociedad: falta de respeto por las otras personas, por la vida, la desaparici\u00f3n del sentimiento del honor, un ego\u00edsmo en plena expansi\u00f3n. Subray\u00f3: \u00abUna sociedad no puede construirse sobre el ego\u00edsmo, sino que de la identidad humana forma parte abrirse unos a otros. La Iglesia tiene sobre todo que dar testimonio, pues el testimonio vivido es tenido en cuenta y despierta un eco en los corazones humanos\u00bb.<\/p>\n<p>Para ACN \u00abla amistad que nos dispens\u00f3 el Cardenal, y su testimonio es un legado muy valioso, que llevamos en el coraz\u00f3n\u00bb, subray\u00f3 Barta. \u00abEsperamos que, tambi\u00e9n despu\u00e9s de su muerte, su ejemplo mueva a las personas a encontrar la fe que fue devastada de modo radical con el comunismo, y que vuelva a florecer\u00bb.<\/p>\n<p>Si en el a\u00f1o 1950, en el territorio de la actual Rep\u00fablica Checa (entonces, parte de Checoslovaquia) todav\u00eda el 76 por ciento de la poblaci\u00f3n eran cat\u00f3licos, hoy en d\u00eda ya solo lo es el 10,4 por ciento. Otro 11 por ciento pertenece a otras confesiones cristianas. La Rep\u00fablica Checa es el pa\u00eds de Europa con una mayor impronta atea: el 34 por ciento dice no tener ninguna confesi\u00f3n y otro 44 por ciento no indica ning\u00fan dato sobre pertenencia a la religi\u00f3n. En la era comunista, la antigua Checoslovaquia fue unos de los pa\u00edses con la mayor persecuci\u00f3n contra la Iglesia cat\u00f3lica.<\/p>\n","protected":false},"excerpt":{"rendered":"<p>ACN est\u00e1 de duelo por la muerte del Cardenal Miroslav Vlk K\u00f6nigstein im Taunus 21-03-2017 \u2013 La Fundaci\u00f3n Pontificia Internacional<\/p>\n","protected":false},"author":26,"featured_media":114222,"comment_status":"open","ping_status":"open","sticky":false,"template":"","format":"standard","meta":{"_acf_changed":false,"_acn_coauthor_ids":[],"_acn_featured_article":false,"footnotes":""},"categories":[713],"tags":[],"country":[],"class_list":["post-114221","post","type-post","status-publish","format-standard","has-post-thumbnail","hentry","category-historias"],"acn_coauthors":[],"acf":[],"yoast_head":"<!-- This site is optimized with the Yoast SEO Premium plugin v27.5 (Yoast SEO v27.5) - https:\/\/yoast.com\/product\/yoast-seo-premium-wordpress\/ -->\n<title>Rep\u00fablica Checa: \u00abUn s\u00edmbolo de la fe\u00bb | ACN International<\/title>\n<meta name=\"robots\" content=\"index, follow, max-snippet:-1, max-image-preview:large, max-video-preview:-1\" \/>\n<link rel=\"canonical\" href=\"https:\/\/acninternational.org\/es\/republica-checa-un-simbolo-de-la-fe\/\" \/>\n<meta property=\"og:locale\" content=\"es_ES\" \/>\n<meta property=\"og:type\" content=\"article\" \/>\n<meta property=\"og:title\" content=\"Rep\u00fablica Checa: \u00abUn s\u00edmbolo de la fe\u00bb\" \/>\n<meta property=\"og:description\" content=\"ACN est\u00e1 de duelo por la muerte del Cardenal Miroslav Vlk K\u00f6nigstein im Taunus 21-03-2017 \u2013 La Fundaci\u00f3n Pontificia Internacional\" \/>\n<meta property=\"og:url\" content=\"https:\/\/acninternational.org\/es\/republica-checa-un-simbolo-de-la-fe\/\" \/>\n<meta property=\"og:site_name\" content=\"ACN International\" \/>\n<meta property=\"article:publisher\" content=\"https:\/\/www.facebook.com\/acninternationalorg\" \/>\n<meta property=\"article:published_time\" content=\"2017-03-21T23:00:00+00:00\" \/>\n<meta property=\"og:image\" content=\"https:\/\/media.acninternational.org\/wp-content\/uploads\/2019\/11\/Rep%C3%BAblica-Checa-%C2%ABUn-s%C3%ADmbolo-de-la-fe%C2%BB-image.jpg\" \/>\n\t<meta property=\"og:image:width\" content=\"1960\" \/>\n\t<meta property=\"og:image:height\" content=\"600\" \/>\n\t<meta property=\"og:image:type\" content=\"image\/jpeg\" \/>\n<meta name=\"twitter:card\" content=\"summary_large_image\" \/>\n<meta name=\"twitter:creator\" content=\"@acn_int\" \/>\n<meta name=\"twitter:site\" content=\"@acn_int\" \/>\n<meta name=\"twitter:label1\" content=\"Escrito por\" \/>\n\t<meta name=\"twitter:data1\" content=\"\" \/>\n\t<meta name=\"twitter:label2\" content=\"Tiempo de lectura\" \/>\n\t<meta name=\"twitter:data2\" content=\"3 minutos\" \/>\n<script type=\"application\/ld+json\" class=\"yoast-schema-graph\">{\"@context\":\"https:\\\/\\\/schema.org\",\"@graph\":[{\"@type\":\"Article\",\"@id\":\"https:\\\/\\\/acninternational.org\\\/es\\\/republica-checa-un-simbolo-de-la-fe\\\/#article\",\"isPartOf\":{\"@id\":\"https:\\\/\\\/acninternational.org\\\/es\\\/republica-checa-un-simbolo-de-la-fe\\\/\"},\"author\":{\"name\":\"\",\"@id\":\"\"},\"headline\":\"Rep\u00fablica Checa: \u00abUn s\u00edmbolo de la fe\u00bb\",\"datePublished\":\"2017-03-21T23:00:00+00:00\",\"mainEntityOfPage\":{\"@id\":\"https:\\\/\\\/acninternational.org\\\/es\\\/republica-checa-un-simbolo-de-la-fe\\\/\"},\"wordCount\":635,\"commentCount\":0,\"publisher\":{\"@id\":\"https:\\\/\\\/acninternational.org\\\/es\\\/#organization\"},\"image\":{\"@id\":\"https:\\\/\\\/acninternational.org\\\/es\\\/republica-checa-un-simbolo-de-la-fe\\\/#primaryimage\"},\"thumbnailUrl\":\"https:\\\/\\\/media.acninternational.org\\\/wp-content\\\/uploads\\\/2019\\\/11\\\/Rep%C3%BAblica-Checa-%C2%ABUn-s%C3%ADmbolo-de-la-fe%C2%BB-image.jpg\",\"articleSection\":[\"HISTORIAS\"],\"inLanguage\":\"es\",\"potentialAction\":[{\"@type\":\"CommentAction\",\"name\":\"Comment\",\"target\":[\"https:\\\/\\\/acninternational.org\\\/es\\\/republica-checa-un-simbolo-de-la-fe\\\/#respond\"]}]},{\"@type\":\"WebPage\",\"@id\":\"https:\\\/\\\/acninternational.org\\\/es\\\/republica-checa-un-simbolo-de-la-fe\\\/\",\"url\":\"https:\\\/\\\/acninternational.org\\\/es\\\/republica-checa-un-simbolo-de-la-fe\\\/\",\"name\":\"Rep\u00fablica Checa: \u00abUn s\u00edmbolo de la fe\u00bb | ACN International\",\"isPartOf\":{\"@id\":\"https:\\\/\\\/acninternational.org\\\/es\\\/#website\"},\"primaryImageOfPage\":{\"@id\":\"https:\\\/\\\/acninternational.org\\\/es\\\/republica-checa-un-simbolo-de-la-fe\\\/#primaryimage\"},\"image\":{\"@id\":\"https:\\\/\\\/acninternational.org\\\/es\\\/republica-checa-un-simbolo-de-la-fe\\\/#primaryimage\"},\"thumbnailUrl\":\"https:\\\/\\\/media.acninternational.org\\\/wp-content\\\/uploads\\\/2019\\\/11\\\/Rep%C3%BAblica-Checa-%C2%ABUn-s%C3%ADmbolo-de-la-fe%C2%BB-image.jpg\",\"datePublished\":\"2017-03-21T23:00:00+00:00\",\"breadcrumb\":{\"@id\":\"https:\\\/\\\/acninternational.org\\\/es\\\/republica-checa-un-simbolo-de-la-fe\\\/#breadcrumb\"},\"inLanguage\":\"es\",\"potentialAction\":[{\"@type\":\"ReadAction\",\"target\":[\"https:\\\/\\\/acninternational.org\\\/es\\\/republica-checa-un-simbolo-de-la-fe\\\/\"]}]},{\"@type\":\"ImageObject\",\"inLanguage\":\"es\",\"@id\":\"https:\\\/\\\/acninternational.org\\\/es\\\/republica-checa-un-simbolo-de-la-fe\\\/#primaryimage\",\"url\":\"https:\\\/\\\/media.acninternational.org\\\/wp-content\\\/uploads\\\/2019\\\/11\\\/Rep%C3%BAblica-Checa-%C2%ABUn-s%C3%ADmbolo-de-la-fe%C2%BB-image.jpg\",\"contentUrl\":\"https:\\\/\\\/media.acninternational.org\\\/wp-content\\\/uploads\\\/2019\\\/11\\\/Rep%C3%BAblica-Checa-%C2%ABUn-s%C3%ADmbolo-de-la-fe%C2%BB-image.jpg\",\"width\":1960,\"height\":600,\"caption\":\"Rep\u00fablica Checa: \u00abUn s\u00edmbolo de la fe\u00bb\"},{\"@type\":\"BreadcrumbList\",\"@id\":\"https:\\\/\\\/acninternational.org\\\/es\\\/republica-checa-un-simbolo-de-la-fe\\\/#breadcrumb\",\"itemListElement\":[{\"@type\":\"ListItem\",\"position\":1,\"name\":\"Home\",\"item\":\"https:\\\/\\\/acninternational.org\\\/es\\\/\"},{\"@type\":\"ListItem\",\"position\":2,\"name\":\"HISTORIAS\",\"item\":\"https:\\\/\\\/acninternational.org\\\/es\\\/category\\\/historias\\\/\"},{\"@type\":\"ListItem\",\"position\":3,\"name\":\"Rep\u00fablica Checa: \u00abUn s\u00edmbolo de la fe\u00bb\"}]},{\"@type\":\"WebSite\",\"@id\":\"https:\\\/\\\/acninternational.org\\\/es\\\/#website\",\"url\":\"https:\\\/\\\/acninternational.org\\\/es\\\/\",\"name\":\"ACN International\",\"description\":\"\",\"publisher\":{\"@id\":\"https:\\\/\\\/acninternational.org\\\/es\\\/#organization\"},\"potentialAction\":[{\"@type\":\"SearchAction\",\"target\":{\"@type\":\"EntryPoint\",\"urlTemplate\":\"https:\\\/\\\/acninternational.org\\\/es\\\/?s={search_term_string}\"},\"query-input\":{\"@type\":\"PropertyValueSpecification\",\"valueRequired\":true,\"valueName\":\"search_term_string\"}}],\"inLanguage\":\"es\"},{\"@type\":\"Organization\",\"@id\":\"https:\\\/\\\/acninternational.org\\\/es\\\/#organization\",\"name\":\"Aid to the Church in Need International\",\"url\":\"https:\\\/\\\/acninternational.org\\\/es\\\/\",\"logo\":{\"@type\":\"ImageObject\",\"inLanguage\":\"es\",\"@id\":\"https:\\\/\\\/acninternational.org\\\/es\\\/#\\\/schema\\\/logo\\\/image\\\/\",\"url\":\"https:\\\/\\\/media.acninternational.org\\\/wp-content\\\/uploads\\\/2019\\\/11\\\/acn_logo_blackvector.svg\",\"contentUrl\":\"https:\\\/\\\/media.acninternational.org\\\/wp-content\\\/uploads\\\/2019\\\/11\\\/acn_logo_blackvector.svg\",\"width\":232.6,\"height\":78,\"caption\":\"Aid to the Church in Need International\"},\"image\":{\"@id\":\"https:\\\/\\\/acninternational.org\\\/es\\\/#\\\/schema\\\/logo\\\/image\\\/\"},\"sameAs\":[\"https:\\\/\\\/www.facebook.com\\\/acninternationalorg\",\"https:\\\/\\\/x.com\\\/acn_int\",\"https:\\\/\\\/www.youtube.com\\\/channel\\\/UCQ-077gS0TnVzkhHmf1opZw\",\"https:\\\/\\\/www.instagram.com\\\/acn_international\\\/\"]},{\"@type\":\"Person\",\"@id\":\"\",\"url\":\"https:\\\/\\\/acninternational.org\\\/es\\\/author\\\/\"}]}<\/script>\n<!-- \/ Yoast SEO Premium plugin. -->","yoast_head_json":{"title":"Rep\u00fablica Checa: \u00abUn s\u00edmbolo de la fe\u00bb | ACN International","robots":{"index":"index","follow":"follow","max-snippet":"max-snippet:-1","max-image-preview":"max-image-preview:large","max-video-preview":"max-video-preview:-1"},"canonical":"https:\/\/acninternational.org\/es\/republica-checa-un-simbolo-de-la-fe\/","og_locale":"es_ES","og_type":"article","og_title":"Rep\u00fablica Checa: \u00abUn s\u00edmbolo de la fe\u00bb","og_description":"ACN est\u00e1 de duelo por la muerte del Cardenal Miroslav Vlk K\u00f6nigstein im Taunus 21-03-2017 \u2013 La Fundaci\u00f3n Pontificia Internacional","og_url":"https:\/\/acninternational.org\/es\/republica-checa-un-simbolo-de-la-fe\/","og_site_name":"ACN International","article_publisher":"https:\/\/www.facebook.com\/acninternationalorg","article_published_time":"2017-03-21T23:00:00+00:00","og_image":[{"width":1960,"height":600,"url":"https:\/\/media.acninternational.org\/wp-content\/uploads\/2019\/11\/Rep%C3%BAblica-Checa-%C2%ABUn-s%C3%ADmbolo-de-la-fe%C2%BB-image.jpg","type":"image\/jpeg"}],"twitter_card":"summary_large_image","twitter_creator":"@acn_int","twitter_site":"@acn_int","twitter_misc":{"Escrito por":"","Tiempo de lectura":"3 minutos"},"schema":{"@context":"https:\/\/schema.org","@graph":[{"@type":"Article","@id":"https:\/\/acninternational.org\/es\/republica-checa-un-simbolo-de-la-fe\/#article","isPartOf":{"@id":"https:\/\/acninternational.org\/es\/republica-checa-un-simbolo-de-la-fe\/"},"author":{"name":"","@id":""},"headline":"Rep\u00fablica Checa: \u00abUn s\u00edmbolo de la fe\u00bb","datePublished":"2017-03-21T23:00:00+00:00","mainEntityOfPage":{"@id":"https:\/\/acninternational.org\/es\/republica-checa-un-simbolo-de-la-fe\/"},"wordCount":635,"commentCount":0,"publisher":{"@id":"https:\/\/acninternational.org\/es\/#organization"},"image":{"@id":"https:\/\/acninternational.org\/es\/republica-checa-un-simbolo-de-la-fe\/#primaryimage"},"thumbnailUrl":"https:\/\/media.acninternational.org\/wp-content\/uploads\/2019\/11\/Rep%C3%BAblica-Checa-%C2%ABUn-s%C3%ADmbolo-de-la-fe%C2%BB-image.jpg","articleSection":["HISTORIAS"],"inLanguage":"es","potentialAction":[{"@type":"CommentAction","name":"Comment","target":["https:\/\/acninternational.org\/es\/republica-checa-un-simbolo-de-la-fe\/#respond"]}]},{"@type":"WebPage","@id":"https:\/\/acninternational.org\/es\/republica-checa-un-simbolo-de-la-fe\/","url":"https:\/\/acninternational.org\/es\/republica-checa-un-simbolo-de-la-fe\/","name":"Rep\u00fablica Checa: \u00abUn s\u00edmbolo de la fe\u00bb | ACN International","isPartOf":{"@id":"https:\/\/acninternational.org\/es\/#website"},"primaryImageOfPage":{"@id":"https:\/\/acninternational.org\/es\/republica-checa-un-simbolo-de-la-fe\/#primaryimage"},"image":{"@id":"https:\/\/acninternational.org\/es\/republica-checa-un-simbolo-de-la-fe\/#primaryimage"},"thumbnailUrl":"https:\/\/media.acninternational.org\/wp-content\/uploads\/2019\/11\/Rep%C3%BAblica-Checa-%C2%ABUn-s%C3%ADmbolo-de-la-fe%C2%BB-image.jpg","datePublished":"2017-03-21T23:00:00+00:00","breadcrumb":{"@id":"https:\/\/acninternational.org\/es\/republica-checa-un-simbolo-de-la-fe\/#breadcrumb"},"inLanguage":"es","potentialAction":[{"@type":"ReadAction","target":["https:\/\/acninternational.org\/es\/republica-checa-un-simbolo-de-la-fe\/"]}]},{"@type":"ImageObject","inLanguage":"es","@id":"https:\/\/acninternational.org\/es\/republica-checa-un-simbolo-de-la-fe\/#primaryimage","url":"https:\/\/media.acninternational.org\/wp-content\/uploads\/2019\/11\/Rep%C3%BAblica-Checa-%C2%ABUn-s%C3%ADmbolo-de-la-fe%C2%BB-image.jpg","contentUrl":"https:\/\/media.acninternational.org\/wp-content\/uploads\/2019\/11\/Rep%C3%BAblica-Checa-%C2%ABUn-s%C3%ADmbolo-de-la-fe%C2%BB-image.jpg","width":1960,"height":600,"caption":"Rep\u00fablica Checa: \u00abUn s\u00edmbolo de la fe\u00bb"},{"@type":"BreadcrumbList","@id":"https:\/\/acninternational.org\/es\/republica-checa-un-simbolo-de-la-fe\/#breadcrumb","itemListElement":[{"@type":"ListItem","position":1,"name":"Home","item":"https:\/\/acninternational.org\/es\/"},{"@type":"ListItem","position":2,"name":"HISTORIAS","item":"https:\/\/acninternational.org\/es\/category\/historias\/"},{"@type":"ListItem","position":3,"name":"Rep\u00fablica Checa: \u00abUn s\u00edmbolo de la fe\u00bb"}]},{"@type":"WebSite","@id":"https:\/\/acninternational.org\/es\/#website","url":"https:\/\/acninternational.org\/es\/","name":"ACN International","description":"","publisher":{"@id":"https:\/\/acninternational.org\/es\/#organization"},"potentialAction":[{"@type":"SearchAction","target":{"@type":"EntryPoint","urlTemplate":"https:\/\/acninternational.org\/es\/?s={search_term_string}"},"query-input":{"@type":"PropertyValueSpecification","valueRequired":true,"valueName":"search_term_string"}}],"inLanguage":"es"},{"@type":"Organization","@id":"https:\/\/acninternational.org\/es\/#organization","name":"Aid to the Church in Need International","url":"https:\/\/acninternational.org\/es\/","logo":{"@type":"ImageObject","inLanguage":"es","@id":"https:\/\/acninternational.org\/es\/#\/schema\/logo\/image\/","url":"https:\/\/media.acninternational.org\/wp-content\/uploads\/2019\/11\/acn_logo_blackvector.svg","contentUrl":"https:\/\/media.acninternational.org\/wp-content\/uploads\/2019\/11\/acn_logo_blackvector.svg","width":232.6,"height":78,"caption":"Aid to the Church in Need International"},"image":{"@id":"https:\/\/acninternational.org\/es\/#\/schema\/logo\/image\/"},"sameAs":["https:\/\/www.facebook.com\/acninternationalorg","https:\/\/x.com\/acn_int","https:\/\/www.youtube.com\/channel\/UCQ-077gS0TnVzkhHmf1opZw","https:\/\/www.instagram.com\/acn_international\/"]},{"@type":"Person","@id":"","url":"https:\/\/acninternational.org\/es\/author\/"}]}},"_links":{"self":[{"href":"https:\/\/acninternational.org\/es\/wp-json\/wp\/v2\/posts\/114221","targetHints":{"allow":["GET"]}}],"collection":[{"href":"https:\/\/acninternational.org\/es\/wp-json\/wp\/v2\/posts"}],"about":[{"href":"https:\/\/acninternational.org\/es\/wp-json\/wp\/v2\/types\/post"}],"author":[{"embeddable":true,"href":"https:\/\/acninternational.org\/es\/wp-json\/wp\/v2\/users\/26"}],"replies":[{"embeddable":true,"href":"https:\/\/acninternational.org\/es\/wp-json\/wp\/v2\/comments?post=114221"}],"version-history":[{"count":0,"href":"https:\/\/acninternational.org\/es\/wp-json\/wp\/v2\/posts\/114221\/revisions"}],"wp:featuredmedia":[{"embeddable":true,"href":"https:\/\/acninternational.org\/es\/wp-json\/wp\/v2\/media\/114222"}],"wp:attachment":[{"href":"https:\/\/acninternational.org\/es\/wp-json\/wp\/v2\/media?parent=114221"}],"wp:term":[{"taxonomy":"category","embeddable":true,"href":"https:\/\/acninternational.org\/es\/wp-json\/wp\/v2\/categories?post=114221"},{"taxonomy":"post_tag","embeddable":true,"href":"https:\/\/acninternational.org\/es\/wp-json\/wp\/v2\/tags?post=114221"},{"taxonomy":"country","embeddable":true,"href":"https:\/\/acninternational.org\/es\/wp-json\/wp\/v2\/country?post=114221"}],"curies":[{"name":"wp","href":"https:\/\/api.w.org\/{rel}","templated":true}]}}