{"id":114162,"date":"2017-03-17T00:00:00","date_gmt":"2017-03-16T23:00:00","guid":{"rendered":"https:\/\/acninternational.org\/en-la-rdc-los-obispos-hacen-sonar-la-alarma\/"},"modified":"2017-03-17T00:00:00","modified_gmt":"2017-03-16T23:00:00","slug":"en-la-rdc-los-obispos-hacen-sonar-la-alarma","status":"publish","type":"post","link":"https:\/\/acninternational.org\/es\/en-la-rdc-los-obispos-hacen-sonar-la-alarma\/","title":{"rendered":"En la RDC, los Obispos hacen sonar la alarma"},"content":{"rendered":"<p>Nueva York \/ K\u00f6nigstein, 16 de marzo de 2017. Los Obispos de la Rep\u00fablica Democr\u00e1tica del Congo han emitido una advertencia urgente de que la creciente violencia y la inestabilidad pol\u00edtica est\u00e1n amenazando a la naci\u00f3n con \u201cdisoluci\u00f3n y caos\u201d. Los Obispos manifiestan su dolor por las \u201cmiles\u201d de personas que han perdido la vida en los \u00faltimos meses, incluidos muchos menores alistados en las diferentes milicias. Adem\u00e1s, han comunicado su preocupaci\u00f3n por que la crisis acabe por desencadenar una hambruna o incluso, la ruptura de la naci\u00f3n.<\/p>\n<p>Los prelados, que se reunieron en una asamblea plenaria convocada con urgencia a finales del mes pasado (20 a 25 de febrero de 2017), consideran que la situaci\u00f3n empeora debido al fracaso del presidente Joseph Kabila y sus oponentes pol\u00edticos a la hora de cumplir los t\u00e9rminos del acuerdo hist\u00f3rico firmado el 31 de diciembre de 2016, favorecido por la Conferencia Episcopal, acuerdo que allan\u00f3 el camino para las elecciones presidenciales para m\u00e1s adelante en este a\u00f1o. El presidente Kabila no aspirar\u00e1 a un tercer mandato inconstitucional.<\/p>\n<p>En una declaraci\u00f3n obtenida por la fundaci\u00f3n pontificia internacional <em>Ayuda a la Iglesia Necesitada <\/em>(AIN), los Obispos insisten en que el papel de la Iglesia es estrictamente el de mediador en aras del bien com\u00fan, incluso a pesar del creciente n\u00famero de ataques violentos y mortales al personal y las propiedades de la Iglesia, fruto de un aparente resentimiento hacia la contribuci\u00f3n de la Iglesia al acuerdo.<\/p>\n<p>En la ciudad de Bukavu murieron asesinadas varias religiosas de las Hijas de la Resurrecci\u00f3n, obligando as\u00ed a la congregaci\u00f3n a cerrar siete conventos. En diciembre del a\u00f1o pasado, una Hermana Franciscana muri\u00f3 apu\u00f1alada, tambi\u00e9n en Bukavu. Y el 12 de febrero de 2017, una turba de j\u00f3venes incendi\u00f3 la iglesia de Santo Domingo en Limete, en la capital de Kinshasha.<\/p>\n<p>En un mensaje enviado a AIN, el Cardenal Monsengwo Pasinya, Arzobispo de Kinshasa, ha informado sobre el incendio provocado en el seminario mayor de Malole el 18 de febrero de 2017. El prelado se\u00f1ala que los perpetradores eran \u201cmatones violentos que tambi\u00e9n sembraron el terror entre las Carmelitas\u201d en un Carmelo cercano.<\/p>\n<p>No obstante, los Obispos aseguran que siguen comprometidos con su \u201cfunci\u00f3n prof\u00e9tica\u201d de \u201cacompa\u00f1ar al pueblo congole\u00f1o\u201d, y que su objetivo es hacer todo lo posible para que los t\u00e9rminos del acuerdo se cumplan.<\/p>\n<p>Los Obispos han se\u00f1alado: \u201cFrente a los retos que nos presenta el momento actual y en aras de m\u00e1s justicia y paz, decimos \u2018no a la obstrucci\u00f3n de la aplicaci\u00f3n completa y r\u00e1pida del acuerdo\u2019\u201d. Los prelados han apelado al presidente, a la oposici\u00f3n y a la poblaci\u00f3n civil para que inicien \u201cun di\u00e1logo franco, basado en la buena voluntad y la confianza rec\u00edproca\u201d, para as\u00ed dar respuesta al \u201cclamor angustiado del pueblo congole\u00f1o, que espera impacientemente la implementaci\u00f3n del acuerdo\u201d.<\/p>\n<p>Tambi\u00e9n han apelado a la Polic\u00eda y al Ej\u00e9rcito para que mantengan la paz a escala nacional, pero sin recurrir a una \u201cfuerza excesiva\u201d, y a los medios de comunicaci\u00f3n del pa\u00eds les han pedido que \u201ceviten pol\u00e9micas\u201d y que informen al p\u00fablico \u201cde forma objetiva y precisa\u201d por el bien de la \u201cunidad nacional\u201d.<\/p>\n<p>&nbsp;<\/p>\n<p>Finalmente, los Obispos tambi\u00e9n han apelado a los creyentes para que \u201cintensifiquen su oraci\u00f3n por el pa\u00eds, ayuden a proteger las propiedades de la Iglesia y no se dejen provocar ni gobernar por la desesperaci\u00f3n y el miedo\u201d. El 26 de marzo de 2017, en el cuarto domingo de Cuaresma, todos los Obispos celebrar\u00e1n una Misa especial para rogar por \u201cla intercesi\u00f3n maternal de la Virgen Mar\u00eda, Nuestra Se\u00f1ora de la Esperanza, por que el Se\u00f1or otorgue paz y misericordia a la Rep\u00fablica Democr\u00e1tica del Congo y a su pueblo\u201d.<\/p>\n","protected":false},"excerpt":{"rendered":"<p>Nueva York \/ K\u00f6nigstein, 16 de marzo de 2017. Los Obispos de la Rep\u00fablica Democr\u00e1tica del Congo han emitido una<\/p>\n","protected":false},"author":26,"featured_media":114163,"comment_status":"open","ping_status":"open","sticky":false,"template":"","format":"standard","meta":{"_acf_changed":false,"_acn_coauthor_ids":[],"footnotes":""},"categories":[713],"tags":[],"country":[],"class_list":["post-114162","post","type-post","status-publish","format-standard","has-post-thumbnail","hentry","category-historias"],"acn_coauthors":[],"acf":[],"yoast_head":"<!-- This site is optimized with the Yoast SEO Premium plugin v27.3 (Yoast SEO v27.3) - https:\/\/yoast.com\/product\/yoast-seo-premium-wordpress\/ -->\n<title>En la RDC, los Obispos hacen sonar la alarma | ACN International<\/title>\n<meta name=\"robots\" content=\"index, follow, max-snippet:-1, max-image-preview:large, max-video-preview:-1\" \/>\n<link rel=\"canonical\" href=\"https:\/\/acninternational.org\/es\/en-la-rdc-los-obispos-hacen-sonar-la-alarma\/\" \/>\n<meta property=\"og:locale\" content=\"es_ES\" \/>\n<meta property=\"og:type\" content=\"article\" \/>\n<meta property=\"og:title\" content=\"En la RDC, los Obispos hacen sonar la alarma\" \/>\n<meta property=\"og:description\" content=\"Nueva York \/ K\u00f6nigstein, 16 de marzo de 2017. Los Obispos de la Rep\u00fablica Democr\u00e1tica del Congo han emitido una\" \/>\n<meta property=\"og:url\" content=\"https:\/\/acninternational.org\/es\/en-la-rdc-los-obispos-hacen-sonar-la-alarma\/\" \/>\n<meta property=\"og:site_name\" content=\"ACN International\" \/>\n<meta property=\"article:publisher\" content=\"https:\/\/www.facebook.com\/acninternationalorg\" \/>\n<meta property=\"article:published_time\" content=\"2017-03-16T23:00:00+00:00\" \/>\n<meta property=\"og:image\" content=\"https:\/\/media.acninternational.org\/wp-content\/uploads\/2019\/11\/En-la-RDC-los-Obispos-hacen-sonar-la-alarma-image.jpg\" \/>\n\t<meta property=\"og:image:width\" content=\"1960\" \/>\n\t<meta property=\"og:image:height\" content=\"600\" \/>\n\t<meta property=\"og:image:type\" content=\"image\/jpeg\" \/>\n<meta name=\"twitter:card\" content=\"summary_large_image\" \/>\n<meta name=\"twitter:creator\" content=\"@acn_int\" \/>\n<meta name=\"twitter:site\" content=\"@acn_int\" \/>\n<meta name=\"twitter:label1\" content=\"Escrito por\" \/>\n\t<meta name=\"twitter:data1\" content=\"\" \/>\n\t<meta name=\"twitter:label2\" content=\"Tiempo de lectura\" \/>\n\t<meta name=\"twitter:data2\" content=\"3 minutos\" \/>\n<script type=\"application\/ld+json\" class=\"yoast-schema-graph\">{\"@context\":\"https:\\\/\\\/schema.org\",\"@graph\":[{\"@type\":\"Article\",\"@id\":\"https:\\\/\\\/acninternational.org\\\/es\\\/en-la-rdc-los-obispos-hacen-sonar-la-alarma\\\/#article\",\"isPartOf\":{\"@id\":\"https:\\\/\\\/acninternational.org\\\/es\\\/en-la-rdc-los-obispos-hacen-sonar-la-alarma\\\/\"},\"author\":{\"name\":\"\",\"@id\":\"\"},\"headline\":\"En la RDC, los Obispos hacen sonar la alarma\",\"datePublished\":\"2017-03-16T23:00:00+00:00\",\"mainEntityOfPage\":{\"@id\":\"https:\\\/\\\/acninternational.org\\\/es\\\/en-la-rdc-los-obispos-hacen-sonar-la-alarma\\\/\"},\"wordCount\":674,\"commentCount\":0,\"publisher\":{\"@id\":\"https:\\\/\\\/acninternational.org\\\/es\\\/#organization\"},\"image\":{\"@id\":\"https:\\\/\\\/acninternational.org\\\/es\\\/en-la-rdc-los-obispos-hacen-sonar-la-alarma\\\/#primaryimage\"},\"thumbnailUrl\":\"https:\\\/\\\/media.acninternational.org\\\/wp-content\\\/uploads\\\/2019\\\/11\\\/En-la-RDC-los-Obispos-hacen-sonar-la-alarma-image.jpg\",\"articleSection\":[\"HISTORIAS\"],\"inLanguage\":\"es\",\"potentialAction\":[{\"@type\":\"CommentAction\",\"name\":\"Comment\",\"target\":[\"https:\\\/\\\/acninternational.org\\\/es\\\/en-la-rdc-los-obispos-hacen-sonar-la-alarma\\\/#respond\"]}]},{\"@type\":\"WebPage\",\"@id\":\"https:\\\/\\\/acninternational.org\\\/es\\\/en-la-rdc-los-obispos-hacen-sonar-la-alarma\\\/\",\"url\":\"https:\\\/\\\/acninternational.org\\\/es\\\/en-la-rdc-los-obispos-hacen-sonar-la-alarma\\\/\",\"name\":\"En la RDC, los Obispos hacen sonar la alarma | ACN International\",\"isPartOf\":{\"@id\":\"https:\\\/\\\/acninternational.org\\\/es\\\/#website\"},\"primaryImageOfPage\":{\"@id\":\"https:\\\/\\\/acninternational.org\\\/es\\\/en-la-rdc-los-obispos-hacen-sonar-la-alarma\\\/#primaryimage\"},\"image\":{\"@id\":\"https:\\\/\\\/acninternational.org\\\/es\\\/en-la-rdc-los-obispos-hacen-sonar-la-alarma\\\/#primaryimage\"},\"thumbnailUrl\":\"https:\\\/\\\/media.acninternational.org\\\/wp-content\\\/uploads\\\/2019\\\/11\\\/En-la-RDC-los-Obispos-hacen-sonar-la-alarma-image.jpg\",\"datePublished\":\"2017-03-16T23:00:00+00:00\",\"breadcrumb\":{\"@id\":\"https:\\\/\\\/acninternational.org\\\/es\\\/en-la-rdc-los-obispos-hacen-sonar-la-alarma\\\/#breadcrumb\"},\"inLanguage\":\"es\",\"potentialAction\":[{\"@type\":\"ReadAction\",\"target\":[\"https:\\\/\\\/acninternational.org\\\/es\\\/en-la-rdc-los-obispos-hacen-sonar-la-alarma\\\/\"]}]},{\"@type\":\"ImageObject\",\"inLanguage\":\"es\",\"@id\":\"https:\\\/\\\/acninternational.org\\\/es\\\/en-la-rdc-los-obispos-hacen-sonar-la-alarma\\\/#primaryimage\",\"url\":\"https:\\\/\\\/media.acninternational.org\\\/wp-content\\\/uploads\\\/2019\\\/11\\\/En-la-RDC-los-Obispos-hacen-sonar-la-alarma-image.jpg\",\"contentUrl\":\"https:\\\/\\\/media.acninternational.org\\\/wp-content\\\/uploads\\\/2019\\\/11\\\/En-la-RDC-los-Obispos-hacen-sonar-la-alarma-image.jpg\",\"width\":1960,\"height\":600,\"caption\":\"En la RDC, los Obispos hacen sonar la alarma\"},{\"@type\":\"BreadcrumbList\",\"@id\":\"https:\\\/\\\/acninternational.org\\\/es\\\/en-la-rdc-los-obispos-hacen-sonar-la-alarma\\\/#breadcrumb\",\"itemListElement\":[{\"@type\":\"ListItem\",\"position\":1,\"name\":\"Home\",\"item\":\"https:\\\/\\\/acninternational.org\\\/es\\\/\"},{\"@type\":\"ListItem\",\"position\":2,\"name\":\"HISTORIAS\",\"item\":\"https:\\\/\\\/acninternational.org\\\/es\\\/category\\\/historias\\\/\"},{\"@type\":\"ListItem\",\"position\":3,\"name\":\"En la RDC, los Obispos hacen sonar la alarma\"}]},{\"@type\":\"WebSite\",\"@id\":\"https:\\\/\\\/acninternational.org\\\/es\\\/#website\",\"url\":\"https:\\\/\\\/acninternational.org\\\/es\\\/\",\"name\":\"ACN International\",\"description\":\"\",\"publisher\":{\"@id\":\"https:\\\/\\\/acninternational.org\\\/es\\\/#organization\"},\"potentialAction\":[{\"@type\":\"SearchAction\",\"target\":{\"@type\":\"EntryPoint\",\"urlTemplate\":\"https:\\\/\\\/acninternational.org\\\/es\\\/?s={search_term_string}\"},\"query-input\":{\"@type\":\"PropertyValueSpecification\",\"valueRequired\":true,\"valueName\":\"search_term_string\"}}],\"inLanguage\":\"es\"},{\"@type\":\"Organization\",\"@id\":\"https:\\\/\\\/acninternational.org\\\/es\\\/#organization\",\"name\":\"Aid to the Church in Need International\",\"url\":\"https:\\\/\\\/acninternational.org\\\/es\\\/\",\"logo\":{\"@type\":\"ImageObject\",\"inLanguage\":\"es\",\"@id\":\"https:\\\/\\\/acninternational.org\\\/es\\\/#\\\/schema\\\/logo\\\/image\\\/\",\"url\":\"https:\\\/\\\/media.acninternational.org\\\/wp-content\\\/uploads\\\/2019\\\/11\\\/acn_logo_blackvector.svg\",\"contentUrl\":\"https:\\\/\\\/media.acninternational.org\\\/wp-content\\\/uploads\\\/2019\\\/11\\\/acn_logo_blackvector.svg\",\"width\":232.6,\"height\":78,\"caption\":\"Aid to the Church in Need International\"},\"image\":{\"@id\":\"https:\\\/\\\/acninternational.org\\\/es\\\/#\\\/schema\\\/logo\\\/image\\\/\"},\"sameAs\":[\"https:\\\/\\\/www.facebook.com\\\/acninternationalorg\",\"https:\\\/\\\/x.com\\\/acn_int\",\"https:\\\/\\\/www.youtube.com\\\/channel\\\/UCQ-077gS0TnVzkhHmf1opZw\",\"https:\\\/\\\/www.instagram.com\\\/acn_international\\\/\"]},{\"@type\":\"Person\",\"@id\":\"\",\"url\":\"https:\\\/\\\/acninternational.org\\\/es\\\/author\\\/\"}]}<\/script>\n<!-- \/ Yoast SEO Premium plugin. -->","yoast_head_json":{"title":"En la RDC, los Obispos hacen sonar la alarma | ACN International","robots":{"index":"index","follow":"follow","max-snippet":"max-snippet:-1","max-image-preview":"max-image-preview:large","max-video-preview":"max-video-preview:-1"},"canonical":"https:\/\/acninternational.org\/es\/en-la-rdc-los-obispos-hacen-sonar-la-alarma\/","og_locale":"es_ES","og_type":"article","og_title":"En la RDC, los Obispos hacen sonar la alarma","og_description":"Nueva York \/ K\u00f6nigstein, 16 de marzo de 2017. Los Obispos de la Rep\u00fablica Democr\u00e1tica del Congo han emitido una","og_url":"https:\/\/acninternational.org\/es\/en-la-rdc-los-obispos-hacen-sonar-la-alarma\/","og_site_name":"ACN International","article_publisher":"https:\/\/www.facebook.com\/acninternationalorg","article_published_time":"2017-03-16T23:00:00+00:00","og_image":[{"width":1960,"height":600,"url":"https:\/\/media.acninternational.org\/wp-content\/uploads\/2019\/11\/En-la-RDC-los-Obispos-hacen-sonar-la-alarma-image.jpg","type":"image\/jpeg"}],"twitter_card":"summary_large_image","twitter_creator":"@acn_int","twitter_site":"@acn_int","twitter_misc":{"Escrito por":"","Tiempo de lectura":"3 minutos"},"schema":{"@context":"https:\/\/schema.org","@graph":[{"@type":"Article","@id":"https:\/\/acninternational.org\/es\/en-la-rdc-los-obispos-hacen-sonar-la-alarma\/#article","isPartOf":{"@id":"https:\/\/acninternational.org\/es\/en-la-rdc-los-obispos-hacen-sonar-la-alarma\/"},"author":{"name":"","@id":""},"headline":"En la RDC, los Obispos hacen sonar la alarma","datePublished":"2017-03-16T23:00:00+00:00","mainEntityOfPage":{"@id":"https:\/\/acninternational.org\/es\/en-la-rdc-los-obispos-hacen-sonar-la-alarma\/"},"wordCount":674,"commentCount":0,"publisher":{"@id":"https:\/\/acninternational.org\/es\/#organization"},"image":{"@id":"https:\/\/acninternational.org\/es\/en-la-rdc-los-obispos-hacen-sonar-la-alarma\/#primaryimage"},"thumbnailUrl":"https:\/\/media.acninternational.org\/wp-content\/uploads\/2019\/11\/En-la-RDC-los-Obispos-hacen-sonar-la-alarma-image.jpg","articleSection":["HISTORIAS"],"inLanguage":"es","potentialAction":[{"@type":"CommentAction","name":"Comment","target":["https:\/\/acninternational.org\/es\/en-la-rdc-los-obispos-hacen-sonar-la-alarma\/#respond"]}]},{"@type":"WebPage","@id":"https:\/\/acninternational.org\/es\/en-la-rdc-los-obispos-hacen-sonar-la-alarma\/","url":"https:\/\/acninternational.org\/es\/en-la-rdc-los-obispos-hacen-sonar-la-alarma\/","name":"En la RDC, los Obispos hacen sonar la alarma | ACN International","isPartOf":{"@id":"https:\/\/acninternational.org\/es\/#website"},"primaryImageOfPage":{"@id":"https:\/\/acninternational.org\/es\/en-la-rdc-los-obispos-hacen-sonar-la-alarma\/#primaryimage"},"image":{"@id":"https:\/\/acninternational.org\/es\/en-la-rdc-los-obispos-hacen-sonar-la-alarma\/#primaryimage"},"thumbnailUrl":"https:\/\/media.acninternational.org\/wp-content\/uploads\/2019\/11\/En-la-RDC-los-Obispos-hacen-sonar-la-alarma-image.jpg","datePublished":"2017-03-16T23:00:00+00:00","breadcrumb":{"@id":"https:\/\/acninternational.org\/es\/en-la-rdc-los-obispos-hacen-sonar-la-alarma\/#breadcrumb"},"inLanguage":"es","potentialAction":[{"@type":"ReadAction","target":["https:\/\/acninternational.org\/es\/en-la-rdc-los-obispos-hacen-sonar-la-alarma\/"]}]},{"@type":"ImageObject","inLanguage":"es","@id":"https:\/\/acninternational.org\/es\/en-la-rdc-los-obispos-hacen-sonar-la-alarma\/#primaryimage","url":"https:\/\/media.acninternational.org\/wp-content\/uploads\/2019\/11\/En-la-RDC-los-Obispos-hacen-sonar-la-alarma-image.jpg","contentUrl":"https:\/\/media.acninternational.org\/wp-content\/uploads\/2019\/11\/En-la-RDC-los-Obispos-hacen-sonar-la-alarma-image.jpg","width":1960,"height":600,"caption":"En la RDC, los Obispos hacen sonar la alarma"},{"@type":"BreadcrumbList","@id":"https:\/\/acninternational.org\/es\/en-la-rdc-los-obispos-hacen-sonar-la-alarma\/#breadcrumb","itemListElement":[{"@type":"ListItem","position":1,"name":"Home","item":"https:\/\/acninternational.org\/es\/"},{"@type":"ListItem","position":2,"name":"HISTORIAS","item":"https:\/\/acninternational.org\/es\/category\/historias\/"},{"@type":"ListItem","position":3,"name":"En la RDC, los Obispos hacen sonar la alarma"}]},{"@type":"WebSite","@id":"https:\/\/acninternational.org\/es\/#website","url":"https:\/\/acninternational.org\/es\/","name":"ACN International","description":"","publisher":{"@id":"https:\/\/acninternational.org\/es\/#organization"},"potentialAction":[{"@type":"SearchAction","target":{"@type":"EntryPoint","urlTemplate":"https:\/\/acninternational.org\/es\/?s={search_term_string}"},"query-input":{"@type":"PropertyValueSpecification","valueRequired":true,"valueName":"search_term_string"}}],"inLanguage":"es"},{"@type":"Organization","@id":"https:\/\/acninternational.org\/es\/#organization","name":"Aid to the Church in Need International","url":"https:\/\/acninternational.org\/es\/","logo":{"@type":"ImageObject","inLanguage":"es","@id":"https:\/\/acninternational.org\/es\/#\/schema\/logo\/image\/","url":"https:\/\/media.acninternational.org\/wp-content\/uploads\/2019\/11\/acn_logo_blackvector.svg","contentUrl":"https:\/\/media.acninternational.org\/wp-content\/uploads\/2019\/11\/acn_logo_blackvector.svg","width":232.6,"height":78,"caption":"Aid to the Church in Need International"},"image":{"@id":"https:\/\/acninternational.org\/es\/#\/schema\/logo\/image\/"},"sameAs":["https:\/\/www.facebook.com\/acninternationalorg","https:\/\/x.com\/acn_int","https:\/\/www.youtube.com\/channel\/UCQ-077gS0TnVzkhHmf1opZw","https:\/\/www.instagram.com\/acn_international\/"]},{"@type":"Person","@id":"","url":"https:\/\/acninternational.org\/es\/author\/"}]}},"_links":{"self":[{"href":"https:\/\/acninternational.org\/es\/wp-json\/wp\/v2\/posts\/114162","targetHints":{"allow":["GET"]}}],"collection":[{"href":"https:\/\/acninternational.org\/es\/wp-json\/wp\/v2\/posts"}],"about":[{"href":"https:\/\/acninternational.org\/es\/wp-json\/wp\/v2\/types\/post"}],"author":[{"embeddable":true,"href":"https:\/\/acninternational.org\/es\/wp-json\/wp\/v2\/users\/26"}],"replies":[{"embeddable":true,"href":"https:\/\/acninternational.org\/es\/wp-json\/wp\/v2\/comments?post=114162"}],"version-history":[{"count":0,"href":"https:\/\/acninternational.org\/es\/wp-json\/wp\/v2\/posts\/114162\/revisions"}],"wp:featuredmedia":[{"embeddable":true,"href":"https:\/\/acninternational.org\/es\/wp-json\/wp\/v2\/media\/114163"}],"wp:attachment":[{"href":"https:\/\/acninternational.org\/es\/wp-json\/wp\/v2\/media?parent=114162"}],"wp:term":[{"taxonomy":"category","embeddable":true,"href":"https:\/\/acninternational.org\/es\/wp-json\/wp\/v2\/categories?post=114162"},{"taxonomy":"post_tag","embeddable":true,"href":"https:\/\/acninternational.org\/es\/wp-json\/wp\/v2\/tags?post=114162"},{"taxonomy":"country","embeddable":true,"href":"https:\/\/acninternational.org\/es\/wp-json\/wp\/v2\/country?post=114162"}],"curies":[{"name":"wp","href":"https:\/\/api.w.org\/{rel}","templated":true}]}}