{"id":113923,"date":"2017-02-09T00:00:00","date_gmt":"2017-02-08T23:00:00","guid":{"rendered":"https:\/\/acninternational.org\/acn-en-africa\/"},"modified":"2017-02-09T00:00:00","modified_gmt":"2017-02-08T23:00:00","slug":"acn-en-africa","status":"publish","type":"post","link":"https:\/\/acninternational.org\/es\/acn-en-africa\/","title":{"rendered":"ACN en \u00c1frica"},"content":{"rendered":"<p>(Art\u00edculo publicado originalmente en la revista Mundo Negro, en Junio 2013 \u2013 adaptado por ACN en Febrero 2017)<\/p>\n<p>\u201cEs de noche en \u00c1frica. Y, en medio de esta noche, yo vuelo desde Roma a Kinshasa. El viaje dura seis horas\u201d. El comentario est\u00e1 datado en abril de 1965 y recogido en el libro <em>Dios llora en la Tierra<\/em>. Su autor, el P. Werenfried van Straaten, fundador de Ayuda a la Iglesia Necesitada (AIN).\u00a0Las l\u00edneas que abren este reportaje recogen los momentos previos a su llegada a la capital de la Rep\u00fablica Democr\u00e1tica de Congo. Aquella primera presencia en el continente se limit\u00f3 a nueve d\u00edas en los que, adem\u00e1s de Kinshasa, conoci\u00f3 Kivu, Isiro y Kisangani. A su regreso describi\u00f3 las etapas de aquel itinerario como \u201clas estaciones del V\u00eda Crucis\u201d. Despu\u00e9s de aquel primer periplo llegaron cinco viajes m\u00e1s, entre septiembre de 1968 y finales de la d\u00e9cada de los a\u00f1os ochenta del siglo pasado, en los que el tambi\u00e9n conocido como Padre Tocino conoci\u00f3 las miserias del continente y la pobreza de la Iglesia. Pero tambi\u00e9n entrevi\u00f3 la labor que deb\u00eda cumplir la Iglesia en \u00c1frica y el apoyo que AIN pod\u00eda ofrecer en aquel camino.<\/p>\n<p>\u201cTenemos aqu\u00ed una tarea a desarrollar por nuestra Obra (\u2026). No solo queremos ayudar a las di\u00f3cesis devastadas (\u2026) en su reconstrucci\u00f3n espiritual y material, sino sobre todo invertir amor, dinero e ideas en la formaci\u00f3n de dirigentes laicos ordenados hacia el apostolado\u201d. Estas palabras se refer\u00edan de forma espec\u00edfica a la Iglesia del antiguo Congo belga, pero su reflexi\u00f3n se pod\u00eda extrapolar a otros muchos lugares del continente.<\/p>\n<p>Cuando el P. Werenfried lleg\u00f3 a \u00c1frica ya conoc\u00eda bien c\u00f3mo sufr\u00eda la Iglesia en todo el mundo. El compromiso de este fraile premostratense holand\u00e9s con los m\u00e1s necesitados le llev\u00f3 a impulsar, a mediados del siglo pasado, la Asociaci\u00f3n Ayuda a la Iglesia Necesitada para promover la evangelizaci\u00f3n y la labor pastoral de la Iglesia. Creada como Asociaci\u00f3n P\u00fablica de Fieles, el Papa Benedicto XVI la erigi\u00f3 en Fundaci\u00f3n Pontificia en diciembre de 2011.<\/p>\n<p>Ayuda a la Iglesia Necesitada naci\u00f3 en 1947, al final de la II Guerra Mundial, para ayudar a las comunidades cat\u00f3licas que quedaron aisladas en el Este de Europa, fue ampliando sus miras hacia otros lugares, otros continentes, otros retos. La atenci\u00f3n cuasi monogr\u00e1fica a los que eran perseguidos a causa de su fe, pr\u00e1ctica habitual en los pa\u00edses que estaban m\u00e1s all\u00e1 del Muro de Berl\u00edn, dej\u00f3 de ser la principal motivaci\u00f3n en su din\u00e1mica de trabajo.<\/p>\n<p>En otros lugares del planeta, la Iglesia padec\u00eda diferentes formas de pobreza y marginaci\u00f3n a las que tambi\u00e9n hab\u00eda que dar respuesta. Y en ese contexto, \u00c1frica, con la pluralidad de lenguas, culturas, tradiciones y pueblos, la inestabilidad pol\u00edtica y unos marcados desequilibrios sociales, se convirti\u00f3 en un gran reto para AIN. La llegada de la instituci\u00f3n vino precedida por la corriente descolonizadora, y convivi\u00f3 con el incipiente sentimiento nacional arraig\u00e1ndose en pueblos que antes ten\u00edan como referencia a la metr\u00f3poli.<\/p>\n<p>En el \u00e1mbito eclesial se encontr\u00f3 con amplias zonas de nueva evangelizaci\u00f3n junto a comunidades en las que los misioneros extranjeros hab\u00edan desarrollado una intensa, pero todav\u00eda incompleta, labor. Era el momento del nacimiento de los pa\u00edses, pero tambi\u00e9n el tiempo de sembrar para que germinara una Iglesia local, propia, convecina del Islam y de las religiones tradicionales.<\/p>\n<p>Como dijo Pablo VI en 1969 durante su viaje apost\u00f3lico a Uganda, \u201cvosotros ten\u00e9is el derecho de vivir un cristianismo africano\u201d. Y en aquel momento aquello comenzaba a hacerse necesario. \u201cCon la rica experiencia de decenas de miles de misioneros, la Iglesia se pone al servicio de los pueblos j\u00f3venes sin ingenuas ilusiones, desinteresada y humilde\u201d, reconoc\u00eda P. Werenfried en 1965.<\/p>\n<p><strong>Proyectos e iniciativas<\/strong><\/p>\n<p>Desde que fraguaron las primeras ayudas hasta la actualidad, han sido miles las iniciativas financiadas en el continente. Solo en el 2016 un total de 1.800 proyectos y casi 22 millones de euros se destinaron al continente africano.\u00a0Destacan las ayudas enviadas a la Rep\u00fablica Democr\u00e1tica de Congo, Etiop\u00eda, Sud\u00e1n del Sur, Tanzania, Kenia, Uganda, Madagascar, Camer\u00fan, Burkina Faso y Nigeria. Seg\u00fan se recoge en su informe del a\u00f1o pasado sobre \u00c1frica, \u201cen todos los pa\u00edses mencionados, la joven y vital Iglesia cat\u00f3lica africana necesita nuestra solidaridad\u201d, para a\u00f1adir que \u201cdamos prioridad a las zonas donde la evangelizaci\u00f3n es m\u00e1s reciente y la Iglesia local est\u00e1 menos establecida\u201d.<\/p>\n<p>Una instituci\u00f3n como AIN, cuyo objetivo principal es sostener a la Iglesia en sus necesidades m\u00e1s elementales, ha traducido estas l\u00edneas maestras en el env\u00edo de estipendios de Misas, proyectos de ayuda pastoral, para la construcci\u00f3n, formaci\u00f3n de agentes de pastoral, motorizaci\u00f3n, ayuda de subsistencia para sacerdotes y comunidades religiosas, literatura religiosa y medios de comunicaci\u00f3n, por orden de importancia en cuanto al n\u00famero de proyectos aprobados.\u00a0Las solicitudes de ayuda llegadas desde \u00c1frica han permitido tambi\u00e9n trazar la imagen de una Iglesia que va tomando perfiles propios y que necesita construir o renovar sus infraestructuras. En este \u00faltimo medio siglo ha crecido la Iglesia y, tambi\u00e9n, sus necesidades.<\/p>\n<p><strong>Factor clim\u00e1tico y b\u00e9lico<\/strong><\/p>\n<p>ACN reconoce que buena parte de las infraestructuras eclesiales \u201cfue construida hace cuarenta, sesenta, ochenta o m\u00e1s a\u00f1os por misioneros europeos, y est\u00e1 empezando a mostrar claros signos de deterioro por el paso del tiempo y la inclemencia del clima africano\u201d.<\/p>\n<p>Junto al factor climatol\u00f3gico, los conflictos armados han afectado de manera directa o indirecta a templos, conventos y otros edificios necesarios para las comunidades. Un pa\u00eds como Angola, que sufri\u00f3 una guerra civil despu\u00e9s del final de la \u00e9poca colonial, es un claro ejemplo de ello. Con una fotograf\u00eda actual de los templos angolanos se podr\u00eda pensar que el enfrentamiento b\u00e9lico termin\u00f3 ayer.<\/p>\n<p>Aquellos primeros contactos del fundador de AIN con la realidad africana motivaron que el continente tuviera un departamento de proyectos propio en el Secretariado internacional de la instituci\u00f3n, con sede en K\u00f6nigstein (Alemania). De aquella primera secci\u00f3n \u00fanica se ha pasado en la actualidad a tres departamentos que se dividen el continente por pa\u00edses seg\u00fan criterios ling\u00fc\u00edsticos, geogr\u00e1ficos e hist\u00f3ricos.<\/p>\n<p>Aunque con diferentes matices, una de las realidades a la que todos prestan m\u00e1s atenci\u00f3n es a la promoci\u00f3n y el cuidado de las vocaciones sacerdotales, que est\u00e1n creciendo de forma exponencial en algunos pa\u00edses en estos \u00faltimos a\u00f1os. \u201cCada vez m\u00e1s seminarios nos piden ayuda para poder finalizar sus cursos acad\u00e9micos\u201d, recuerdan desde AIN.\u00a0Pero la atenci\u00f3n, adem\u00e1s del cuidado del vacacionado, se centra tambi\u00e9n en la creaci\u00f3n de las infraestructuras necesarias para que esta llegue a buen puerto. Aqu\u00ed entran en escena iniciativas como la construcci\u00f3n de nuevos seminarios en Uganda y Angola o la renovaci\u00f3n de los edificios de seminarios mayores en Madagascar, Tanzania, Guinea Conakri o la Rep\u00fablica Centroafricana.<\/p>\n<p><strong>Tarea pastoral y humanitaria<\/strong><\/p>\n<p>Hace poco m\u00e1s de medio siglo, P. Werenfried van Straaten se fij\u00f3 en las necesidades de la Iglesia, pero tambi\u00e9n en aquellos que viv\u00edan con menos de lo imprescindible. Y esa realidad no dej\u00f3 indiferente ni al fundador ni al trabajo de la instituci\u00f3n, aunque esta naciera para\u00a0 ayudar en el \u00e1mbito pastoral.\u00a0\u201cYa s\u00e9 que nuestra Obra no es una organizaci\u00f3n caritativa. Nuestra tarea es pastoral\u201d, dec\u00eda el Padre Tocino. \u201cPero s\u00e9 tambi\u00e9n que Cristo conden\u00f3 a un sacerdote porque, en el camino que va de Jerusal\u00e9n a Jeric\u00f3, se olvid\u00f3 del deber del amor al pr\u00f3jimo. Y el mismo Cristo multiplic\u00f3 los panes y saci\u00f3 a los all\u00ed reunidos, porque no quiso hablar de Dios a una muchedumbre hambrienta\u201d.<\/p>\n<p>Esta actitud ha motivado que la instituci\u00f3n tambi\u00e9n haya apoyado el env\u00edo de ayuda de emergencia humanitaria con ocasi\u00f3n de desastres naturales o conflictos armados. As\u00ed ACN escribe \u201ctodos nuestros proyectos en \u00c1frica, incluso los estrictamente pastorales, tienen ramificaciones humanitarias. Estos aspectos son inseparables en \u00c1frica\u201d.\u00a0Dos de los \u00faltimos proyectos han tenido como destinatarios a los habitantes de los campos de refugiados en Malakal (Sudan del Sur) o a las familias desplazadas de Burundi buscando refugio en Tanzania.<\/p>\n<p>Si volvemos la mirada de nuevo a las palabras del P. Werenfried sobre \u00c1frica encontramos que \u201cla Iglesia, llamada a ser madre de los pobres, es su \u00faltimo refugio\u201d. As\u00ed, el fundador de AIN explicitaba que si se atend\u00edan las necesidades de la Iglesia, tambi\u00e9n se estaba cerca de los m\u00e1s necesitados.\u00a0Y ah\u00ed sigue la instituci\u00f3n, casi medio siglo despu\u00e9s de que en un vuelo entre Roma y Kinshasa un fraile holand\u00e9s contara lo que ve\u00eda a trav\u00e9s de la ventanilla del avi\u00f3n: \u201cVolamos a doce kil\u00f3metros de altura. Extra\u00f1as constelaciones brillan en el oscuro manto de la noche. Bajo nosotros pasa, desliz\u00e1ndose, una hoguera. Tal vez un campamento de cazadores o una aldea de Camer\u00fan. Una tormenta tropical lanza rayos desde el ecuador. Los resplandores que fulguran en el horizonte hacen resplandecer el cielo\u201d.<\/p>\n","protected":false},"excerpt":{"rendered":"<p>(Art\u00edculo publicado originalmente en la revista Mundo Negro, en Junio 2013 \u2013 adaptado por ACN en Febrero 2017) \u201cEs de<\/p>\n","protected":false},"author":1,"featured_media":113924,"comment_status":"open","ping_status":"open","sticky":false,"template":"","format":"standard","meta":{"_acf_changed":false,"_acn_coauthor_ids":[],"_acn_featured_article":false,"footnotes":""},"categories":[713],"tags":[],"country":[],"class_list":["post-113923","post","type-post","status-publish","format-standard","has-post-thumbnail","hentry","category-historias"],"acn_coauthors":[],"acf":[],"yoast_head":"<!-- This site is optimized with the Yoast SEO Premium plugin v27.5 (Yoast SEO v27.5) - https:\/\/yoast.com\/product\/yoast-seo-premium-wordpress\/ -->\n<title>ACN en \u00c1frica | ACN International<\/title>\n<meta name=\"robots\" content=\"index, follow, max-snippet:-1, max-image-preview:large, max-video-preview:-1\" \/>\n<link rel=\"canonical\" href=\"https:\/\/acninternational.org\/es\/acn-en-africa\/\" \/>\n<meta property=\"og:locale\" content=\"es_ES\" \/>\n<meta property=\"og:type\" content=\"article\" \/>\n<meta property=\"og:title\" content=\"ACN en \u00c1frica\" \/>\n<meta property=\"og:description\" content=\"(Art\u00edculo publicado originalmente en la revista Mundo Negro, en Junio 2013 \u2013 adaptado por ACN en Febrero 2017) \u201cEs de\" \/>\n<meta property=\"og:url\" content=\"https:\/\/acninternational.org\/es\/acn-en-africa\/\" \/>\n<meta property=\"og:site_name\" content=\"ACN International\" \/>\n<meta property=\"article:publisher\" content=\"https:\/\/www.facebook.com\/acninternationalorg\" \/>\n<meta property=\"article:published_time\" content=\"2017-02-08T23:00:00+00:00\" \/>\n<meta property=\"og:image\" content=\"https:\/\/media.acninternational.org\/wp-content\/uploads\/2019\/11\/ACN-en-%C3%81frica-image.jpg\" \/>\n\t<meta property=\"og:image:width\" content=\"1960\" \/>\n\t<meta property=\"og:image:height\" content=\"600\" \/>\n\t<meta property=\"og:image:type\" content=\"image\/jpeg\" \/>\n<meta name=\"author\" content=\"admin_acn\" \/>\n<meta name=\"twitter:card\" content=\"summary_large_image\" \/>\n<meta name=\"twitter:creator\" content=\"@acn_int\" \/>\n<meta name=\"twitter:site\" content=\"@acn_int\" \/>\n<meta name=\"twitter:label1\" content=\"Escrito por\" \/>\n\t<meta name=\"twitter:data1\" content=\"admin_acn\" \/>\n\t<meta name=\"twitter:label2\" content=\"Tiempo de lectura\" \/>\n\t<meta name=\"twitter:data2\" content=\"8 minutos\" \/>\n<script type=\"application\/ld+json\" class=\"yoast-schema-graph\">{\"@context\":\"https:\\\/\\\/schema.org\",\"@graph\":[{\"@type\":\"Article\",\"@id\":\"https:\\\/\\\/acninternational.org\\\/es\\\/acn-en-africa\\\/#article\",\"isPartOf\":{\"@id\":\"https:\\\/\\\/acninternational.org\\\/es\\\/acn-en-africa\\\/\"},\"author\":{\"name\":\"admin_acn\",\"@id\":\"https:\\\/\\\/acninternational.org\\\/es\\\/#\\\/schema\\\/person\\\/5a7468d38fb12b1976b6eeda95c21ebc\"},\"headline\":\"ACN en \u00c1frica\",\"datePublished\":\"2017-02-08T23:00:00+00:00\",\"mainEntityOfPage\":{\"@id\":\"https:\\\/\\\/acninternational.org\\\/es\\\/acn-en-africa\\\/\"},\"wordCount\":1592,\"commentCount\":0,\"publisher\":{\"@id\":\"https:\\\/\\\/acninternational.org\\\/es\\\/#organization\"},\"image\":{\"@id\":\"https:\\\/\\\/acninternational.org\\\/es\\\/acn-en-africa\\\/#primaryimage\"},\"thumbnailUrl\":\"https:\\\/\\\/media.acninternational.org\\\/wp-content\\\/uploads\\\/2019\\\/11\\\/ACN-en-%C3%81frica-image.jpg\",\"articleSection\":[\"HISTORIAS\"],\"inLanguage\":\"es\",\"potentialAction\":[{\"@type\":\"CommentAction\",\"name\":\"Comment\",\"target\":[\"https:\\\/\\\/acninternational.org\\\/es\\\/acn-en-africa\\\/#respond\"]}]},{\"@type\":\"WebPage\",\"@id\":\"https:\\\/\\\/acninternational.org\\\/es\\\/acn-en-africa\\\/\",\"url\":\"https:\\\/\\\/acninternational.org\\\/es\\\/acn-en-africa\\\/\",\"name\":\"ACN en \u00c1frica | ACN International\",\"isPartOf\":{\"@id\":\"https:\\\/\\\/acninternational.org\\\/es\\\/#website\"},\"primaryImageOfPage\":{\"@id\":\"https:\\\/\\\/acninternational.org\\\/es\\\/acn-en-africa\\\/#primaryimage\"},\"image\":{\"@id\":\"https:\\\/\\\/acninternational.org\\\/es\\\/acn-en-africa\\\/#primaryimage\"},\"thumbnailUrl\":\"https:\\\/\\\/media.acninternational.org\\\/wp-content\\\/uploads\\\/2019\\\/11\\\/ACN-en-%C3%81frica-image.jpg\",\"datePublished\":\"2017-02-08T23:00:00+00:00\",\"breadcrumb\":{\"@id\":\"https:\\\/\\\/acninternational.org\\\/es\\\/acn-en-africa\\\/#breadcrumb\"},\"inLanguage\":\"es\",\"potentialAction\":[{\"@type\":\"ReadAction\",\"target\":[\"https:\\\/\\\/acninternational.org\\\/es\\\/acn-en-africa\\\/\"]}]},{\"@type\":\"ImageObject\",\"inLanguage\":\"es\",\"@id\":\"https:\\\/\\\/acninternational.org\\\/es\\\/acn-en-africa\\\/#primaryimage\",\"url\":\"https:\\\/\\\/media.acninternational.org\\\/wp-content\\\/uploads\\\/2019\\\/11\\\/ACN-en-%C3%81frica-image.jpg\",\"contentUrl\":\"https:\\\/\\\/media.acninternational.org\\\/wp-content\\\/uploads\\\/2019\\\/11\\\/ACN-en-%C3%81frica-image.jpg\",\"width\":1960,\"height\":600,\"caption\":\"ACN en \u00c1frica\"},{\"@type\":\"BreadcrumbList\",\"@id\":\"https:\\\/\\\/acninternational.org\\\/es\\\/acn-en-africa\\\/#breadcrumb\",\"itemListElement\":[{\"@type\":\"ListItem\",\"position\":1,\"name\":\"Home\",\"item\":\"https:\\\/\\\/acninternational.org\\\/es\\\/\"},{\"@type\":\"ListItem\",\"position\":2,\"name\":\"HISTORIAS\",\"item\":\"https:\\\/\\\/acninternational.org\\\/es\\\/category\\\/historias\\\/\"},{\"@type\":\"ListItem\",\"position\":3,\"name\":\"ACN en \u00c1frica\"}]},{\"@type\":\"WebSite\",\"@id\":\"https:\\\/\\\/acninternational.org\\\/es\\\/#website\",\"url\":\"https:\\\/\\\/acninternational.org\\\/es\\\/\",\"name\":\"ACN International\",\"description\":\"\",\"publisher\":{\"@id\":\"https:\\\/\\\/acninternational.org\\\/es\\\/#organization\"},\"potentialAction\":[{\"@type\":\"SearchAction\",\"target\":{\"@type\":\"EntryPoint\",\"urlTemplate\":\"https:\\\/\\\/acninternational.org\\\/es\\\/?s={search_term_string}\"},\"query-input\":{\"@type\":\"PropertyValueSpecification\",\"valueRequired\":true,\"valueName\":\"search_term_string\"}}],\"inLanguage\":\"es\"},{\"@type\":\"Organization\",\"@id\":\"https:\\\/\\\/acninternational.org\\\/es\\\/#organization\",\"name\":\"Aid to the Church in Need International\",\"url\":\"https:\\\/\\\/acninternational.org\\\/es\\\/\",\"logo\":{\"@type\":\"ImageObject\",\"inLanguage\":\"es\",\"@id\":\"https:\\\/\\\/acninternational.org\\\/es\\\/#\\\/schema\\\/logo\\\/image\\\/\",\"url\":\"https:\\\/\\\/media.acninternational.org\\\/wp-content\\\/uploads\\\/2019\\\/11\\\/acn_logo_blackvector.svg\",\"contentUrl\":\"https:\\\/\\\/media.acninternational.org\\\/wp-content\\\/uploads\\\/2019\\\/11\\\/acn_logo_blackvector.svg\",\"width\":232.6,\"height\":78,\"caption\":\"Aid to the Church in Need International\"},\"image\":{\"@id\":\"https:\\\/\\\/acninternational.org\\\/es\\\/#\\\/schema\\\/logo\\\/image\\\/\"},\"sameAs\":[\"https:\\\/\\\/www.facebook.com\\\/acninternationalorg\",\"https:\\\/\\\/x.com\\\/acn_int\",\"https:\\\/\\\/www.youtube.com\\\/channel\\\/UCQ-077gS0TnVzkhHmf1opZw\",\"https:\\\/\\\/www.instagram.com\\\/acn_international\\\/\"]},{\"@type\":\"Person\",\"@id\":\"https:\\\/\\\/acninternational.org\\\/es\\\/#\\\/schema\\\/person\\\/5a7468d38fb12b1976b6eeda95c21ebc\",\"name\":\"admin_acn\",\"url\":\"https:\\\/\\\/acninternational.org\\\/es\\\/author\\\/admin_acn\\\/\"}]}<\/script>\n<!-- \/ Yoast SEO Premium plugin. -->","yoast_head_json":{"title":"ACN en \u00c1frica | ACN International","robots":{"index":"index","follow":"follow","max-snippet":"max-snippet:-1","max-image-preview":"max-image-preview:large","max-video-preview":"max-video-preview:-1"},"canonical":"https:\/\/acninternational.org\/es\/acn-en-africa\/","og_locale":"es_ES","og_type":"article","og_title":"ACN en \u00c1frica","og_description":"(Art\u00edculo publicado originalmente en la revista Mundo Negro, en Junio 2013 \u2013 adaptado por ACN en Febrero 2017) \u201cEs de","og_url":"https:\/\/acninternational.org\/es\/acn-en-africa\/","og_site_name":"ACN International","article_publisher":"https:\/\/www.facebook.com\/acninternationalorg","article_published_time":"2017-02-08T23:00:00+00:00","og_image":[{"width":1960,"height":600,"url":"https:\/\/media.acninternational.org\/wp-content\/uploads\/2019\/11\/ACN-en-%C3%81frica-image.jpg","type":"image\/jpeg"}],"author":"admin_acn","twitter_card":"summary_large_image","twitter_creator":"@acn_int","twitter_site":"@acn_int","twitter_misc":{"Escrito por":"admin_acn","Tiempo de lectura":"8 minutos"},"schema":{"@context":"https:\/\/schema.org","@graph":[{"@type":"Article","@id":"https:\/\/acninternational.org\/es\/acn-en-africa\/#article","isPartOf":{"@id":"https:\/\/acninternational.org\/es\/acn-en-africa\/"},"author":{"name":"admin_acn","@id":"https:\/\/acninternational.org\/es\/#\/schema\/person\/5a7468d38fb12b1976b6eeda95c21ebc"},"headline":"ACN en \u00c1frica","datePublished":"2017-02-08T23:00:00+00:00","mainEntityOfPage":{"@id":"https:\/\/acninternational.org\/es\/acn-en-africa\/"},"wordCount":1592,"commentCount":0,"publisher":{"@id":"https:\/\/acninternational.org\/es\/#organization"},"image":{"@id":"https:\/\/acninternational.org\/es\/acn-en-africa\/#primaryimage"},"thumbnailUrl":"https:\/\/media.acninternational.org\/wp-content\/uploads\/2019\/11\/ACN-en-%C3%81frica-image.jpg","articleSection":["HISTORIAS"],"inLanguage":"es","potentialAction":[{"@type":"CommentAction","name":"Comment","target":["https:\/\/acninternational.org\/es\/acn-en-africa\/#respond"]}]},{"@type":"WebPage","@id":"https:\/\/acninternational.org\/es\/acn-en-africa\/","url":"https:\/\/acninternational.org\/es\/acn-en-africa\/","name":"ACN en \u00c1frica | ACN International","isPartOf":{"@id":"https:\/\/acninternational.org\/es\/#website"},"primaryImageOfPage":{"@id":"https:\/\/acninternational.org\/es\/acn-en-africa\/#primaryimage"},"image":{"@id":"https:\/\/acninternational.org\/es\/acn-en-africa\/#primaryimage"},"thumbnailUrl":"https:\/\/media.acninternational.org\/wp-content\/uploads\/2019\/11\/ACN-en-%C3%81frica-image.jpg","datePublished":"2017-02-08T23:00:00+00:00","breadcrumb":{"@id":"https:\/\/acninternational.org\/es\/acn-en-africa\/#breadcrumb"},"inLanguage":"es","potentialAction":[{"@type":"ReadAction","target":["https:\/\/acninternational.org\/es\/acn-en-africa\/"]}]},{"@type":"ImageObject","inLanguage":"es","@id":"https:\/\/acninternational.org\/es\/acn-en-africa\/#primaryimage","url":"https:\/\/media.acninternational.org\/wp-content\/uploads\/2019\/11\/ACN-en-%C3%81frica-image.jpg","contentUrl":"https:\/\/media.acninternational.org\/wp-content\/uploads\/2019\/11\/ACN-en-%C3%81frica-image.jpg","width":1960,"height":600,"caption":"ACN en \u00c1frica"},{"@type":"BreadcrumbList","@id":"https:\/\/acninternational.org\/es\/acn-en-africa\/#breadcrumb","itemListElement":[{"@type":"ListItem","position":1,"name":"Home","item":"https:\/\/acninternational.org\/es\/"},{"@type":"ListItem","position":2,"name":"HISTORIAS","item":"https:\/\/acninternational.org\/es\/category\/historias\/"},{"@type":"ListItem","position":3,"name":"ACN en \u00c1frica"}]},{"@type":"WebSite","@id":"https:\/\/acninternational.org\/es\/#website","url":"https:\/\/acninternational.org\/es\/","name":"ACN International","description":"","publisher":{"@id":"https:\/\/acninternational.org\/es\/#organization"},"potentialAction":[{"@type":"SearchAction","target":{"@type":"EntryPoint","urlTemplate":"https:\/\/acninternational.org\/es\/?s={search_term_string}"},"query-input":{"@type":"PropertyValueSpecification","valueRequired":true,"valueName":"search_term_string"}}],"inLanguage":"es"},{"@type":"Organization","@id":"https:\/\/acninternational.org\/es\/#organization","name":"Aid to the Church in Need International","url":"https:\/\/acninternational.org\/es\/","logo":{"@type":"ImageObject","inLanguage":"es","@id":"https:\/\/acninternational.org\/es\/#\/schema\/logo\/image\/","url":"https:\/\/media.acninternational.org\/wp-content\/uploads\/2019\/11\/acn_logo_blackvector.svg","contentUrl":"https:\/\/media.acninternational.org\/wp-content\/uploads\/2019\/11\/acn_logo_blackvector.svg","width":232.6,"height":78,"caption":"Aid to the Church in Need International"},"image":{"@id":"https:\/\/acninternational.org\/es\/#\/schema\/logo\/image\/"},"sameAs":["https:\/\/www.facebook.com\/acninternationalorg","https:\/\/x.com\/acn_int","https:\/\/www.youtube.com\/channel\/UCQ-077gS0TnVzkhHmf1opZw","https:\/\/www.instagram.com\/acn_international\/"]},{"@type":"Person","@id":"https:\/\/acninternational.org\/es\/#\/schema\/person\/5a7468d38fb12b1976b6eeda95c21ebc","name":"admin_acn","url":"https:\/\/acninternational.org\/es\/author\/admin_acn\/"}]}},"_links":{"self":[{"href":"https:\/\/acninternational.org\/es\/wp-json\/wp\/v2\/posts\/113923","targetHints":{"allow":["GET"]}}],"collection":[{"href":"https:\/\/acninternational.org\/es\/wp-json\/wp\/v2\/posts"}],"about":[{"href":"https:\/\/acninternational.org\/es\/wp-json\/wp\/v2\/types\/post"}],"author":[{"embeddable":true,"href":"https:\/\/acninternational.org\/es\/wp-json\/wp\/v2\/users\/1"}],"replies":[{"embeddable":true,"href":"https:\/\/acninternational.org\/es\/wp-json\/wp\/v2\/comments?post=113923"}],"version-history":[{"count":0,"href":"https:\/\/acninternational.org\/es\/wp-json\/wp\/v2\/posts\/113923\/revisions"}],"wp:featuredmedia":[{"embeddable":true,"href":"https:\/\/acninternational.org\/es\/wp-json\/wp\/v2\/media\/113924"}],"wp:attachment":[{"href":"https:\/\/acninternational.org\/es\/wp-json\/wp\/v2\/media?parent=113923"}],"wp:term":[{"taxonomy":"category","embeddable":true,"href":"https:\/\/acninternational.org\/es\/wp-json\/wp\/v2\/categories?post=113923"},{"taxonomy":"post_tag","embeddable":true,"href":"https:\/\/acninternational.org\/es\/wp-json\/wp\/v2\/tags?post=113923"},{"taxonomy":"country","embeddable":true,"href":"https:\/\/acninternational.org\/es\/wp-json\/wp\/v2\/country?post=113923"}],"curies":[{"name":"wp","href":"https:\/\/api.w.org\/{rel}","templated":true}]}}