{"id":113748,"date":"2017-01-04T00:00:00","date_gmt":"2017-01-03T23:00:00","guid":{"rendered":"https:\/\/acninternational.org\/dos-anos-viviendo-bajo-la-ocupacion-del-estado-islamico\/"},"modified":"2019-11-05T07:08:18","modified_gmt":"2019-11-05T06:08:18","slug":"dos-anos-viviendo-bajo-la-ocupacion-del-estado-islamico","status":"publish","type":"post","link":"https:\/\/acninternational.org\/es\/dos-anos-viviendo-bajo-la-ocupacion-del-estado-islamico\/","title":{"rendered":"Dos a\u00f1os viviendo bajo la ocupaci\u00f3n del Estado Isl\u00e1mico"},"content":{"rendered":"<p><strong>Dos a\u00f1os viviendo bajo la ocupaci\u00f3n del Estado Isl\u00e1mico<\/strong><\/p>\n<p><em>Por Jaco Klamer para \u00abAid to the Church in Need\u00bb\u00a0\u00a0\u00a0\u00a0\u00a0\u00a0\u00a0\u00a0\u00a0\u00a0\u00a0\u00a0\u00a0\u00a0\u00a0\u00a0\u00a0\u00a0\u00a0\u00a0\u00a0\u00a0\u00a0\u00a0\u00a0\u00a0\u00a0\u00a0\u00a0\u00a0\u00a0\u00a0\u00a0\u00a0\u00a0\u00a0\u00a0\u00a0\u00a0\u00a0\u00a0 <\/em><\/p>\n<p><em>Hace dos meses, Ismail consigui\u00f3 escapar de la ciudad iraqu\u00ed de Mosul con su madre Jandark Behnam Mansour Nassi (55), despu\u00e9s de haber sobrevivido durante m\u00e1s de dos a\u00f1os bajo el terror del EI. Actualmente, Ismail y Jandark viven en Erbil, en la regi\u00f3n aut\u00f3noma kurda de Irak. Nos relatan su historia, echando la vista atr\u00e1s al tiempo pasado en el \u00abEstado Isl\u00e1mico\u00bb. <\/em><\/p>\n<p>\u00abMi madre y yo viv\u00edamos en Bartella, uno de los pueblos cristianos de la llanura de N\u00ednive\u00bb, dice Ismail. \u00abUna ma\u00f1ana de agosto, al despertarnos nos encontramos con que el EI hab\u00eda tomado la ciudad. Intentamos salir de la ciudad, pero los yihadistas nos secuestraron; nos capturaron y llevaron a Mosul\u00bb.<\/p>\n<p>\u00abTen\u00eda mucho miedo \u2014dice su madre, Jandark, viuda\u2014. Ten\u00edan escritos nuestros nombres y no ten\u00edamos ni idea d\u00f3nde est\u00e1bamos ni lo que iba a suceder con nosotros. Est\u00e1bamos completamente apartados del resto del mundo. Poco despu\u00e9s nos permitieron volver a Bartella; pero en un punto de control nos dijeron que ten\u00edamos que convertirnos al Islam. Al negarnos a hacerlo, nos pegaron. A mi hijo le llevaron a la c\u00e1rcel; ten\u00eda entonces tan solo catorce a\u00f1os\u00bb.<\/p>\n<p>\u00abMe llevaron a la c\u00e1rcel de Bartella \u2014lo corrobora Ismail\u2014. Un d\u00eda, un chiita fue asesinado directamente enfrente de m\u00ed. Los terroristas me dijeron: \u201csi no quieres convertirte al Islam, te pegaremos un tiro tambi\u00e9n a ti\u201d. Entonces fue cuando me convert\u00ed al Islam; desde entonces ocultamos que \u00e9ramos cristianos\u00bb.<\/p>\n<p>Ismail fue liberado de la c\u00e1rcel y, con su madre, llevado de un lugar a otro: de Bartella a varios barrios de Mosul; y despu\u00e9s al peque\u00f1o pueblo de Bazwaya, situado a tan solo unos pasos de Mosul.<\/p>\n<p>\u00abNos dieron un documento del EI que dec\u00eda que \u00e9ramos musulmanes \u2014contin\u00faa Ismail\u2014. De ese modo podr\u00eda salir a la calle en Mosul; pero en la calle uno no pod\u00eda estar seguro de sobrevivir. En una ocasi\u00f3n me golpearon porque llevaba los pantalones demasiado largos\u00bb.<\/p>\n<p>\u00abUna vez, cuando me dirig\u00eda a la mezquita con los yihadistas, temprano por la ma\u00f1ana, nos encontramos con el camino bloqueado. De repente pasaron a nuestro lado hombres vestidos con un traje naranja, dirigidos a punta de pistola por un grupo de ni\u00f1os del IE. Los ni\u00f1os los ejecutaron con placer\u00bb.<\/p>\n<p>\u00abEn otra ocasi\u00f3n me top\u00e9 con una gran multitud en la calle. Estaban alrededor de una mujer, atada de pies y manos. Los terroristas del EI trazaron un c\u00edrculo alrededor de ella. Si consegu\u00eda salir del c\u00edrculo, la dejar\u00edan vivir; pero era imposible porque estaba atada. Mientras que sus familiares lloraban y suplicaban que la perdonaran, los yihadistas arrojaron piedras sobre ella hasta que muri\u00f3\u00bb.<\/p>\n<p>\u00abEl EI me llev\u00f3 a un campo correccional; all\u00ed tuve que dejarme crecer el cabello y la barba. A mi madre le dieron un largo vestido negro; pero no le estaba permitido salir a la calle. Los guerreros del EI quisieron que me casara; as\u00ed podr\u00eda ser uno de ellos. Repuse que era demasiado joven, que solo ten\u00eda quince a\u00f1os. Eso no les impresion\u00f3 porque incluso ni\u00f1os de trece a\u00f1os estaban casados. Los terroristas me pidieron que me uniera a ellos. Estaban convencidos de que su Estado sobrevivir\u00eda a todo\u00bb.\u201d<\/p>\n<p>\u00abEn el EI, obligaron a mi hijo a practicar el Islam, y yo fui torturada por no conocer nada del Islam y del Cor\u00e1n\u00bb, dice su madre, Jandark. \u00abS\u00ed; estoy avergonzado por haber tenido que profesar el Islam\u00bb, afirma Ismail.<\/p>\n<p>\u00abLos guerreros del EI me obligaron a rezar \u2014dice Ismail\u2014. Me dieron una alfombra de oraci\u00f3n sobre la que deb\u00eda dirigirme a Al\u00e1. Los hombres est\u00e1n obligados a rezar en la mezquita los viernes. Quien se atreve a andar por las calles durante la oraci\u00f3n del viernes puede ser golpeado. En la mezquita nos dec\u00edan que los asirios son malos y que los cristianos no tienen la fe verdadera. Mi madre deb\u00eda rezar en casa, pero no rez\u00f3 a Al\u00e1\u00bb.<\/p>\n<p>\u00abEntonces, los guerreros del EI descubrieron mi cadena con una cruz, se\u00f1al de que soy cristiano. Los yihadistas me golpearon y me hicieron estudiar el Cor\u00e1n durante un mes. Me daban golpes cuando no sab\u00eda responder a sus preguntas del modo en que esperaban de m\u00ed; a mi madre la pinchaban con unas agujas largas porque no hab\u00eda estudiado nada del Cor\u00e1n\u00bb.<\/p>\n<p>\u00abUn d\u00eda o\u00edmos que Qaraqosh, otro pueblo cristiano de la llanura de N\u00ednive ocupado por el ISIS, hab\u00eda sido liberado y que las tropas de liberaci\u00f3n hab\u00edan expulsado a los yihadistas de Bartella. Poco despu\u00e9s comenzaron los ataques a\u00e9reos a Mosul, y muchas personas huyeron. Tambi\u00e9n el EI huy\u00f3 y, con las prisas, dejaron varias armas. Sin embargo se llevaron consigo a varias personas en su camino a trav\u00e9s de Mosul; entre ellos est\u00e1bamos tambi\u00e9n mi madre y yo. Durante tres d\u00edas estuvimos bajo el control de un yihadista\u00bb.<\/p>\n<p>\u00abCuando los terroristas estuvieron demasiado ocupados con la batalla, nos abandonaron. De nuevo o\u00edmos que el ej\u00e9rcito estaba avanzando. Tomamos un taxi hacia el frente, hacia la libertad; pero los yihadistas bloquearon el camino. M\u00e1s tarde volvimos a intentar escapar. As\u00ed terminamos en el frente: francotiradores del EI intentaban hacer fuego sobre nosotros. Corrimos a refugiarnos en una casa. Despu\u00e9s de varias horas de lucha, mi madre y yo pudimos salir de la casa, portando una bandera blanca. Soldados del ej\u00e9rcito de liberaci\u00f3n iraqu\u00ed nos dieron la bienvenida. \u00a1\u00c9ramos libres!\u00bb.<\/p>\n","protected":false},"excerpt":{"rendered":"<p>Dos a\u00f1os viviendo bajo la ocupaci\u00f3n del Estado Isl\u00e1mico Por Jaco Klamer para \u00abAid to the Church in Need\u00bb\u00a0\u00a0\u00a0\u00a0\u00a0\u00a0\u00a0\u00a0\u00a0\u00a0\u00a0\u00a0\u00a0\u00a0\u00a0\u00a0\u00a0\u00a0\u00a0\u00a0\u00a0\u00a0\u00a0\u00a0\u00a0\u00a0\u00a0\u00a0\u00a0\u00a0\u00a0\u00a0\u00a0\u00a0\u00a0\u00a0\u00a0\u00a0\u00a0\u00a0\u00a0<\/p>\n","protected":false},"author":1,"featured_media":113749,"comment_status":"open","ping_status":"open","sticky":false,"template":"","format":"standard","meta":{"_acf_changed":false,"_acn_coauthor_ids":[],"footnotes":""},"categories":[713],"tags":[],"country":[],"class_list":["post-113748","post","type-post","status-publish","format-standard","has-post-thumbnail","hentry","category-historias"],"acn_coauthors":[],"acf":[],"yoast_head":"<!-- This site is optimized with the Yoast SEO Premium plugin v27.3 (Yoast SEO v27.3) - https:\/\/yoast.com\/product\/yoast-seo-premium-wordpress\/ -->\n<title>Dos a\u00f1os viviendo bajo la ocupaci\u00f3n del Estado Isl\u00e1mico | ACN International<\/title>\n<meta name=\"robots\" content=\"index, follow, max-snippet:-1, max-image-preview:large, max-video-preview:-1\" \/>\n<link rel=\"canonical\" href=\"https:\/\/acninternational.org\/es\/dos-anos-viviendo-bajo-la-ocupacion-del-estado-islamico\/\" \/>\n<meta property=\"og:locale\" content=\"es_ES\" \/>\n<meta property=\"og:type\" content=\"article\" \/>\n<meta property=\"og:title\" content=\"Dos a\u00f1os viviendo bajo la ocupaci\u00f3n del Estado Isl\u00e1mico\" \/>\n<meta property=\"og:description\" content=\"Dos a\u00f1os viviendo bajo la ocupaci\u00f3n del Estado Isl\u00e1mico Por Jaco Klamer para \u00abAid to the Church in Need\u00bb\u00a0\u00a0\u00a0\u00a0\u00a0\u00a0\u00a0\u00a0\u00a0\u00a0\u00a0\u00a0\u00a0\u00a0\u00a0\u00a0\u00a0\u00a0\u00a0\u00a0\u00a0\u00a0\u00a0\u00a0\u00a0\u00a0\u00a0\u00a0\u00a0\u00a0\u00a0\u00a0\u00a0\u00a0\u00a0\u00a0\u00a0\u00a0\u00a0\u00a0\u00a0\" \/>\n<meta property=\"og:url\" content=\"https:\/\/acninternational.org\/es\/dos-anos-viviendo-bajo-la-ocupacion-del-estado-islamico\/\" \/>\n<meta property=\"og:site_name\" content=\"ACN International\" \/>\n<meta property=\"article:publisher\" content=\"https:\/\/www.facebook.com\/acninternationalorg\" \/>\n<meta property=\"article:published_time\" content=\"2017-01-03T23:00:00+00:00\" \/>\n<meta property=\"article:modified_time\" content=\"2019-11-05T06:08:18+00:00\" \/>\n<meta property=\"og:image\" content=\"https:\/\/media.acninternational.org\/wp-content\/uploads\/2019\/11\/Dos-a%C3%B1os-viviendo-bajo-la-ocupaci%C3%B3n-del-Estado-Isl%C3%A1mico-image.jpg\" \/>\n\t<meta property=\"og:image:width\" content=\"1960\" \/>\n\t<meta property=\"og:image:height\" content=\"600\" \/>\n\t<meta property=\"og:image:type\" content=\"image\/jpeg\" \/>\n<meta name=\"author\" content=\"admin_acn\" \/>\n<meta name=\"twitter:card\" content=\"summary_large_image\" \/>\n<meta name=\"twitter:creator\" content=\"@acn_int\" \/>\n<meta name=\"twitter:site\" content=\"@acn_int\" \/>\n<meta name=\"twitter:label1\" content=\"Escrito por\" \/>\n\t<meta name=\"twitter:data1\" content=\"admin_acn\" \/>\n\t<meta name=\"twitter:label2\" content=\"Tiempo de lectura\" \/>\n\t<meta name=\"twitter:data2\" content=\"5 minutos\" \/>\n<script type=\"application\/ld+json\" class=\"yoast-schema-graph\">{\"@context\":\"https:\\\/\\\/schema.org\",\"@graph\":[{\"@type\":\"Article\",\"@id\":\"https:\\\/\\\/acninternational.org\\\/es\\\/dos-anos-viviendo-bajo-la-ocupacion-del-estado-islamico\\\/#article\",\"isPartOf\":{\"@id\":\"https:\\\/\\\/acninternational.org\\\/es\\\/dos-anos-viviendo-bajo-la-ocupacion-del-estado-islamico\\\/\"},\"author\":{\"name\":\"admin_acn\",\"@id\":\"https:\\\/\\\/acninternational.org\\\/es\\\/#\\\/schema\\\/person\\\/5a7468d38fb12b1976b6eeda95c21ebc\"},\"headline\":\"Dos a\u00f1os viviendo bajo la ocupaci\u00f3n del Estado Isl\u00e1mico\",\"datePublished\":\"2017-01-03T23:00:00+00:00\",\"dateModified\":\"2019-11-05T06:08:18+00:00\",\"mainEntityOfPage\":{\"@id\":\"https:\\\/\\\/acninternational.org\\\/es\\\/dos-anos-viviendo-bajo-la-ocupacion-del-estado-islamico\\\/\"},\"wordCount\":1001,\"commentCount\":0,\"publisher\":{\"@id\":\"https:\\\/\\\/acninternational.org\\\/es\\\/#organization\"},\"image\":{\"@id\":\"https:\\\/\\\/acninternational.org\\\/es\\\/dos-anos-viviendo-bajo-la-ocupacion-del-estado-islamico\\\/#primaryimage\"},\"thumbnailUrl\":\"https:\\\/\\\/media.acninternational.org\\\/wp-content\\\/uploads\\\/2019\\\/11\\\/Dos-a%C3%B1os-viviendo-bajo-la-ocupaci%C3%B3n-del-Estado-Isl%C3%A1mico-image.jpg\",\"articleSection\":[\"HISTORIAS\"],\"inLanguage\":\"es\",\"potentialAction\":[{\"@type\":\"CommentAction\",\"name\":\"Comment\",\"target\":[\"https:\\\/\\\/acninternational.org\\\/es\\\/dos-anos-viviendo-bajo-la-ocupacion-del-estado-islamico\\\/#respond\"]}]},{\"@type\":\"WebPage\",\"@id\":\"https:\\\/\\\/acninternational.org\\\/es\\\/dos-anos-viviendo-bajo-la-ocupacion-del-estado-islamico\\\/\",\"url\":\"https:\\\/\\\/acninternational.org\\\/es\\\/dos-anos-viviendo-bajo-la-ocupacion-del-estado-islamico\\\/\",\"name\":\"Dos a\u00f1os viviendo bajo la ocupaci\u00f3n del Estado Isl\u00e1mico | ACN International\",\"isPartOf\":{\"@id\":\"https:\\\/\\\/acninternational.org\\\/es\\\/#website\"},\"primaryImageOfPage\":{\"@id\":\"https:\\\/\\\/acninternational.org\\\/es\\\/dos-anos-viviendo-bajo-la-ocupacion-del-estado-islamico\\\/#primaryimage\"},\"image\":{\"@id\":\"https:\\\/\\\/acninternational.org\\\/es\\\/dos-anos-viviendo-bajo-la-ocupacion-del-estado-islamico\\\/#primaryimage\"},\"thumbnailUrl\":\"https:\\\/\\\/media.acninternational.org\\\/wp-content\\\/uploads\\\/2019\\\/11\\\/Dos-a%C3%B1os-viviendo-bajo-la-ocupaci%C3%B3n-del-Estado-Isl%C3%A1mico-image.jpg\",\"datePublished\":\"2017-01-03T23:00:00+00:00\",\"dateModified\":\"2019-11-05T06:08:18+00:00\",\"breadcrumb\":{\"@id\":\"https:\\\/\\\/acninternational.org\\\/es\\\/dos-anos-viviendo-bajo-la-ocupacion-del-estado-islamico\\\/#breadcrumb\"},\"inLanguage\":\"es\",\"potentialAction\":[{\"@type\":\"ReadAction\",\"target\":[\"https:\\\/\\\/acninternational.org\\\/es\\\/dos-anos-viviendo-bajo-la-ocupacion-del-estado-islamico\\\/\"]}]},{\"@type\":\"ImageObject\",\"inLanguage\":\"es\",\"@id\":\"https:\\\/\\\/acninternational.org\\\/es\\\/dos-anos-viviendo-bajo-la-ocupacion-del-estado-islamico\\\/#primaryimage\",\"url\":\"https:\\\/\\\/media.acninternational.org\\\/wp-content\\\/uploads\\\/2019\\\/11\\\/Dos-a%C3%B1os-viviendo-bajo-la-ocupaci%C3%B3n-del-Estado-Isl%C3%A1mico-image.jpg\",\"contentUrl\":\"https:\\\/\\\/media.acninternational.org\\\/wp-content\\\/uploads\\\/2019\\\/11\\\/Dos-a%C3%B1os-viviendo-bajo-la-ocupaci%C3%B3n-del-Estado-Isl%C3%A1mico-image.jpg\",\"width\":1960,\"height\":600,\"caption\":\"Dos a\u00f1os viviendo bajo la ocupaci\u00f3n del Estado Isl\u00e1mico\"},{\"@type\":\"BreadcrumbList\",\"@id\":\"https:\\\/\\\/acninternational.org\\\/es\\\/dos-anos-viviendo-bajo-la-ocupacion-del-estado-islamico\\\/#breadcrumb\",\"itemListElement\":[{\"@type\":\"ListItem\",\"position\":1,\"name\":\"Home\",\"item\":\"https:\\\/\\\/acninternational.org\\\/es\\\/\"},{\"@type\":\"ListItem\",\"position\":2,\"name\":\"HISTORIAS\",\"item\":\"https:\\\/\\\/acninternational.org\\\/es\\\/category\\\/historias\\\/\"},{\"@type\":\"ListItem\",\"position\":3,\"name\":\"Dos a\u00f1os viviendo bajo la ocupaci\u00f3n del Estado Isl\u00e1mico\"}]},{\"@type\":\"WebSite\",\"@id\":\"https:\\\/\\\/acninternational.org\\\/es\\\/#website\",\"url\":\"https:\\\/\\\/acninternational.org\\\/es\\\/\",\"name\":\"ACN International\",\"description\":\"\",\"publisher\":{\"@id\":\"https:\\\/\\\/acninternational.org\\\/es\\\/#organization\"},\"potentialAction\":[{\"@type\":\"SearchAction\",\"target\":{\"@type\":\"EntryPoint\",\"urlTemplate\":\"https:\\\/\\\/acninternational.org\\\/es\\\/?s={search_term_string}\"},\"query-input\":{\"@type\":\"PropertyValueSpecification\",\"valueRequired\":true,\"valueName\":\"search_term_string\"}}],\"inLanguage\":\"es\"},{\"@type\":\"Organization\",\"@id\":\"https:\\\/\\\/acninternational.org\\\/es\\\/#organization\",\"name\":\"Aid to the Church in Need International\",\"url\":\"https:\\\/\\\/acninternational.org\\\/es\\\/\",\"logo\":{\"@type\":\"ImageObject\",\"inLanguage\":\"es\",\"@id\":\"https:\\\/\\\/acninternational.org\\\/es\\\/#\\\/schema\\\/logo\\\/image\\\/\",\"url\":\"https:\\\/\\\/media.acninternational.org\\\/wp-content\\\/uploads\\\/2019\\\/11\\\/acn_logo_blackvector.svg\",\"contentUrl\":\"https:\\\/\\\/media.acninternational.org\\\/wp-content\\\/uploads\\\/2019\\\/11\\\/acn_logo_blackvector.svg\",\"width\":232.6,\"height\":78,\"caption\":\"Aid to the Church in Need International\"},\"image\":{\"@id\":\"https:\\\/\\\/acninternational.org\\\/es\\\/#\\\/schema\\\/logo\\\/image\\\/\"},\"sameAs\":[\"https:\\\/\\\/www.facebook.com\\\/acninternationalorg\",\"https:\\\/\\\/x.com\\\/acn_int\",\"https:\\\/\\\/www.youtube.com\\\/channel\\\/UCQ-077gS0TnVzkhHmf1opZw\",\"https:\\\/\\\/www.instagram.com\\\/acn_international\\\/\"]},{\"@type\":\"Person\",\"@id\":\"https:\\\/\\\/acninternational.org\\\/es\\\/#\\\/schema\\\/person\\\/5a7468d38fb12b1976b6eeda95c21ebc\",\"name\":\"admin_acn\",\"url\":\"https:\\\/\\\/acninternational.org\\\/es\\\/author\\\/admin_acn\\\/\"}]}<\/script>\n<!-- \/ Yoast SEO Premium plugin. -->","yoast_head_json":{"title":"Dos a\u00f1os viviendo bajo la ocupaci\u00f3n del Estado Isl\u00e1mico | ACN International","robots":{"index":"index","follow":"follow","max-snippet":"max-snippet:-1","max-image-preview":"max-image-preview:large","max-video-preview":"max-video-preview:-1"},"canonical":"https:\/\/acninternational.org\/es\/dos-anos-viviendo-bajo-la-ocupacion-del-estado-islamico\/","og_locale":"es_ES","og_type":"article","og_title":"Dos a\u00f1os viviendo bajo la ocupaci\u00f3n del Estado Isl\u00e1mico","og_description":"Dos a\u00f1os viviendo bajo la ocupaci\u00f3n del Estado Isl\u00e1mico Por Jaco Klamer para \u00abAid to the Church in Need\u00bb\u00a0\u00a0\u00a0\u00a0\u00a0\u00a0\u00a0\u00a0\u00a0\u00a0\u00a0\u00a0\u00a0\u00a0\u00a0\u00a0\u00a0\u00a0\u00a0\u00a0\u00a0\u00a0\u00a0\u00a0\u00a0\u00a0\u00a0\u00a0\u00a0\u00a0\u00a0\u00a0\u00a0\u00a0\u00a0\u00a0\u00a0\u00a0\u00a0\u00a0\u00a0","og_url":"https:\/\/acninternational.org\/es\/dos-anos-viviendo-bajo-la-ocupacion-del-estado-islamico\/","og_site_name":"ACN International","article_publisher":"https:\/\/www.facebook.com\/acninternationalorg","article_published_time":"2017-01-03T23:00:00+00:00","article_modified_time":"2019-11-05T06:08:18+00:00","og_image":[{"width":1960,"height":600,"url":"https:\/\/media.acninternational.org\/wp-content\/uploads\/2019\/11\/Dos-a%C3%B1os-viviendo-bajo-la-ocupaci%C3%B3n-del-Estado-Isl%C3%A1mico-image.jpg","type":"image\/jpeg"}],"author":"admin_acn","twitter_card":"summary_large_image","twitter_creator":"@acn_int","twitter_site":"@acn_int","twitter_misc":{"Escrito por":"admin_acn","Tiempo de lectura":"5 minutos"},"schema":{"@context":"https:\/\/schema.org","@graph":[{"@type":"Article","@id":"https:\/\/acninternational.org\/es\/dos-anos-viviendo-bajo-la-ocupacion-del-estado-islamico\/#article","isPartOf":{"@id":"https:\/\/acninternational.org\/es\/dos-anos-viviendo-bajo-la-ocupacion-del-estado-islamico\/"},"author":{"name":"admin_acn","@id":"https:\/\/acninternational.org\/es\/#\/schema\/person\/5a7468d38fb12b1976b6eeda95c21ebc"},"headline":"Dos a\u00f1os viviendo bajo la ocupaci\u00f3n del Estado Isl\u00e1mico","datePublished":"2017-01-03T23:00:00+00:00","dateModified":"2019-11-05T06:08:18+00:00","mainEntityOfPage":{"@id":"https:\/\/acninternational.org\/es\/dos-anos-viviendo-bajo-la-ocupacion-del-estado-islamico\/"},"wordCount":1001,"commentCount":0,"publisher":{"@id":"https:\/\/acninternational.org\/es\/#organization"},"image":{"@id":"https:\/\/acninternational.org\/es\/dos-anos-viviendo-bajo-la-ocupacion-del-estado-islamico\/#primaryimage"},"thumbnailUrl":"https:\/\/media.acninternational.org\/wp-content\/uploads\/2019\/11\/Dos-a%C3%B1os-viviendo-bajo-la-ocupaci%C3%B3n-del-Estado-Isl%C3%A1mico-image.jpg","articleSection":["HISTORIAS"],"inLanguage":"es","potentialAction":[{"@type":"CommentAction","name":"Comment","target":["https:\/\/acninternational.org\/es\/dos-anos-viviendo-bajo-la-ocupacion-del-estado-islamico\/#respond"]}]},{"@type":"WebPage","@id":"https:\/\/acninternational.org\/es\/dos-anos-viviendo-bajo-la-ocupacion-del-estado-islamico\/","url":"https:\/\/acninternational.org\/es\/dos-anos-viviendo-bajo-la-ocupacion-del-estado-islamico\/","name":"Dos a\u00f1os viviendo bajo la ocupaci\u00f3n del Estado Isl\u00e1mico | ACN International","isPartOf":{"@id":"https:\/\/acninternational.org\/es\/#website"},"primaryImageOfPage":{"@id":"https:\/\/acninternational.org\/es\/dos-anos-viviendo-bajo-la-ocupacion-del-estado-islamico\/#primaryimage"},"image":{"@id":"https:\/\/acninternational.org\/es\/dos-anos-viviendo-bajo-la-ocupacion-del-estado-islamico\/#primaryimage"},"thumbnailUrl":"https:\/\/media.acninternational.org\/wp-content\/uploads\/2019\/11\/Dos-a%C3%B1os-viviendo-bajo-la-ocupaci%C3%B3n-del-Estado-Isl%C3%A1mico-image.jpg","datePublished":"2017-01-03T23:00:00+00:00","dateModified":"2019-11-05T06:08:18+00:00","breadcrumb":{"@id":"https:\/\/acninternational.org\/es\/dos-anos-viviendo-bajo-la-ocupacion-del-estado-islamico\/#breadcrumb"},"inLanguage":"es","potentialAction":[{"@type":"ReadAction","target":["https:\/\/acninternational.org\/es\/dos-anos-viviendo-bajo-la-ocupacion-del-estado-islamico\/"]}]},{"@type":"ImageObject","inLanguage":"es","@id":"https:\/\/acninternational.org\/es\/dos-anos-viviendo-bajo-la-ocupacion-del-estado-islamico\/#primaryimage","url":"https:\/\/media.acninternational.org\/wp-content\/uploads\/2019\/11\/Dos-a%C3%B1os-viviendo-bajo-la-ocupaci%C3%B3n-del-Estado-Isl%C3%A1mico-image.jpg","contentUrl":"https:\/\/media.acninternational.org\/wp-content\/uploads\/2019\/11\/Dos-a%C3%B1os-viviendo-bajo-la-ocupaci%C3%B3n-del-Estado-Isl%C3%A1mico-image.jpg","width":1960,"height":600,"caption":"Dos a\u00f1os viviendo bajo la ocupaci\u00f3n del Estado Isl\u00e1mico"},{"@type":"BreadcrumbList","@id":"https:\/\/acninternational.org\/es\/dos-anos-viviendo-bajo-la-ocupacion-del-estado-islamico\/#breadcrumb","itemListElement":[{"@type":"ListItem","position":1,"name":"Home","item":"https:\/\/acninternational.org\/es\/"},{"@type":"ListItem","position":2,"name":"HISTORIAS","item":"https:\/\/acninternational.org\/es\/category\/historias\/"},{"@type":"ListItem","position":3,"name":"Dos a\u00f1os viviendo bajo la ocupaci\u00f3n del Estado Isl\u00e1mico"}]},{"@type":"WebSite","@id":"https:\/\/acninternational.org\/es\/#website","url":"https:\/\/acninternational.org\/es\/","name":"ACN International","description":"","publisher":{"@id":"https:\/\/acninternational.org\/es\/#organization"},"potentialAction":[{"@type":"SearchAction","target":{"@type":"EntryPoint","urlTemplate":"https:\/\/acninternational.org\/es\/?s={search_term_string}"},"query-input":{"@type":"PropertyValueSpecification","valueRequired":true,"valueName":"search_term_string"}}],"inLanguage":"es"},{"@type":"Organization","@id":"https:\/\/acninternational.org\/es\/#organization","name":"Aid to the Church in Need International","url":"https:\/\/acninternational.org\/es\/","logo":{"@type":"ImageObject","inLanguage":"es","@id":"https:\/\/acninternational.org\/es\/#\/schema\/logo\/image\/","url":"https:\/\/media.acninternational.org\/wp-content\/uploads\/2019\/11\/acn_logo_blackvector.svg","contentUrl":"https:\/\/media.acninternational.org\/wp-content\/uploads\/2019\/11\/acn_logo_blackvector.svg","width":232.6,"height":78,"caption":"Aid to the Church in Need International"},"image":{"@id":"https:\/\/acninternational.org\/es\/#\/schema\/logo\/image\/"},"sameAs":["https:\/\/www.facebook.com\/acninternationalorg","https:\/\/x.com\/acn_int","https:\/\/www.youtube.com\/channel\/UCQ-077gS0TnVzkhHmf1opZw","https:\/\/www.instagram.com\/acn_international\/"]},{"@type":"Person","@id":"https:\/\/acninternational.org\/es\/#\/schema\/person\/5a7468d38fb12b1976b6eeda95c21ebc","name":"admin_acn","url":"https:\/\/acninternational.org\/es\/author\/admin_acn\/"}]}},"_links":{"self":[{"href":"https:\/\/acninternational.org\/es\/wp-json\/wp\/v2\/posts\/113748","targetHints":{"allow":["GET"]}}],"collection":[{"href":"https:\/\/acninternational.org\/es\/wp-json\/wp\/v2\/posts"}],"about":[{"href":"https:\/\/acninternational.org\/es\/wp-json\/wp\/v2\/types\/post"}],"author":[{"embeddable":true,"href":"https:\/\/acninternational.org\/es\/wp-json\/wp\/v2\/users\/1"}],"replies":[{"embeddable":true,"href":"https:\/\/acninternational.org\/es\/wp-json\/wp\/v2\/comments?post=113748"}],"version-history":[{"count":0,"href":"https:\/\/acninternational.org\/es\/wp-json\/wp\/v2\/posts\/113748\/revisions"}],"wp:featuredmedia":[{"embeddable":true,"href":"https:\/\/acninternational.org\/es\/wp-json\/wp\/v2\/media\/113749"}],"wp:attachment":[{"href":"https:\/\/acninternational.org\/es\/wp-json\/wp\/v2\/media?parent=113748"}],"wp:term":[{"taxonomy":"category","embeddable":true,"href":"https:\/\/acninternational.org\/es\/wp-json\/wp\/v2\/categories?post=113748"},{"taxonomy":"post_tag","embeddable":true,"href":"https:\/\/acninternational.org\/es\/wp-json\/wp\/v2\/tags?post=113748"},{"taxonomy":"country","embeddable":true,"href":"https:\/\/acninternational.org\/es\/wp-json\/wp\/v2\/country?post=113748"}],"curies":[{"name":"wp","href":"https:\/\/api.w.org\/{rel}","templated":true}]}}