{"id":113531,"date":"2016-11-15T00:00:00","date_gmt":"2016-11-14T23:00:00","guid":{"rendered":"https:\/\/acninternational.org\/el-informe-advierte-sobre-el-impacto-global-del-hiper-extremismo-religioso\/"},"modified":"2016-11-15T00:00:00","modified_gmt":"2016-11-14T23:00:00","slug":"el-informe-advierte-sobre-el-impacto-global-del-hiper-extremismo-religioso","status":"publish","type":"post","link":"https:\/\/acninternational.org\/es\/el-informe-advierte-sobre-el-impacto-global-del-hiper-extremismo-religioso\/","title":{"rendered":"El informe advierte sobre el impacto global del \u00abhiper-extremismo\u00bb religioso"},"content":{"rendered":"<p><strong>Un estudio culpa al odio religioso de elevar la inestabilidad en todo el mundo<\/strong><\/p>\n<p>&nbsp;<\/p>\n<p>(ACN) K\u00f6nigstein\/Surrey, 03.11.2016. Fundamentalismo Religioso \u2013 m\u00e1s letal que nunca \u2013 est\u00e1 produciendo muerte, destrucci\u00f3n, desplazamientos e inestabilidad a niveles sin precedentes, seg\u00fan un informe publicado hoy.<\/p>\n<p>El informe sobre Libertad Religiosa en el Mundo 2016, elaborado por la Fundaci\u00f3n Pontificia Internacional \u00abAid to the Church in Need (ACN)\u00bb, advierte sobre el impacto global de \u00abun nuevo fen\u00f3meno de violencia por motivos religiosos\u00bb al que denomina \u00abhiper-extremismo islamista\u00bb.<\/p>\n<p>Al definir este nuevo ultra-extremismo, el informe subraya las caracter\u00edsticas distintivas que se describen como evidencia de que los radicales suponen una amenaza para la paz mundial, la estabilidad y la armon\u00eda social en Occidente.<\/p>\n<p>Entre las principales caracter\u00edsticas de este \u00abhiper-extremismo islamista\u00bb se encuentran los intentos sistem\u00e1ticos de expulsar a todos los grupos disidentes \u2014tambi\u00e9n los moderados\u2014, niveles sin precedentes de crueldad, el alcance global y un uso eficaz de las redes sociales, que se emplean a menudo para ensalzar la violencia.<\/p>\n<p>Al mismo tiempo que suman su voz a los llamamientos para que la persecuci\u00f3n por el Daesh (ISIS) sea reconocida como genocidio, los autores del informe advierten que existe un amplio intento de reemplazar el pluralismo religioso por una monocultura.<\/p>\n<p>El informe, que estudia la situaci\u00f3n relativa a la libertad religiosa en cada uno de los 196 pa\u00edses del mundo, concluye: \u00aben partes del Pr\u00f3ximo Oriente, incluyendo Irak y Siria, este hiper-extremismo est\u00e1 eliminando todas las formas de diversidad religiosa y amenaza con hacerlo tambi\u00e9n en regiones de \u00c1frica y de Asia\u00bb.<\/p>\n<p>As\u00ed se recoge tambi\u00e9n en el pr\u00f3logo del informe, realizado por el padre Jacques Mourad, un religioso cristiano que fue secuestrado en Siria por el Daesh, que le retuvo durante cinco meses hasta que pudo escapar en octubre de 2015.<\/p>\n<p>El padre Mourad escribe: \u00abnuestro mundo se tambalea al borde de la cat\u00e1strofe total, pues el extremismo amenaza con eliminar toda huella de diversidad en la sociedad\u00bb.<\/p>\n<p>Este informe de publicaci\u00f3n bienal, basado en las investigaciones de periodistas, cient\u00edficos y cl\u00e9rigos, expone que en periodo de referencia de dos a\u00f1os \u2014finalizado en junio\u2014 se produjeron ataques de \u00abhiper-extremismo\u00bb en uno de cada cinco pa\u00edses del mundo, desde Australia a Suecia, as\u00ed como en 17 pa\u00edses africanos.<\/p>\n<p>En contraposici\u00f3n a la opini\u00f3n muy extendida de que los gobiernos son los principales responsables de la persecuci\u00f3n, el informe indica que, en 12 de los 23 pa\u00edses m\u00e1s afectados, la culpa es de milicias no p\u00fablicas.<\/p>\n<p>Ante el hecho de que el n\u00famero de refugiados alcanza una nueva cifra r\u00e9cord de 65,3 millones de personas, seg\u00fan los datos de la ONU, el informe califica al islamismo extremista como un \u00abfactor clave\u00bb en el desplazamiento masivo de personas que huyen de pa\u00edses como Afganist\u00e1n, Somalia y Siria.<\/p>\n<p>El informe de \u00abAid to the Church in Need\u00bb subraya la repercusi\u00f3n en los pa\u00edses occidentales, cuyo tejido socio-religioso se ve desestabilizado por la llegada de refugiados en cifras sin precedentes.<\/p>\n<p>Seg\u00fan el informe, estos problemas se ven agravados por el hecho de que Occidente es v\u00edctima de un repentino aumento de ataques de islamistas fundamentalistas.<\/p>\n<p>Sin embargo, de acuerdo con el informe, no todos los problemas que atacan a la libertad religiosa se deben al Islam militante, pues se est\u00e1 produciendo una \u00abrepresi\u00f3n renovada\u00bb de grupos religiosos en China y Turkmenist\u00e1n y una continua negaci\u00f3n de los derechos humanos para personas que confiesan su fe en los pa\u00edses m\u00e1s afectados, Corea del Norte y Eritrea.<\/p>\n<p>Por otro lado, el panorama no se muestra sombr\u00edo en todo el mundo: en relaci\u00f3n con But\u00e1n, Egipto y Qatar, pa\u00edses conocidos por sus violaciones de la libertad religiosa, el informe demuestra que la situaci\u00f3n ha mejorado para las minor\u00edas religiosas durante el periodo objeto de examen.<\/p>\n<p>John Pontifex, el editor de este informe, con residencia en Londres, ha manifestado: \u00abUn resultado central de nuestra investigaci\u00f3n es la emergencia de una forma de hiper-extremismo religioso que ha marcado a muchas partes del mundo con su salvajismo, un sello distintivo de sus evidentes intenciones genocidas. Nuestro informe es una llamada de atenci\u00f3n tanto para subrayar que el extremismo ha iniciado una fase completamente nueva y m\u00e1s peligrosa como el papel de Occidente. Si puede encontrarse algo importante en el informe <em>Libertad religiosa en el mundo 2016 <\/em>es el hecho de que los grupos religiosos despiertan el odio incluso dentro de sus propias filas. \u00bfQu\u00e9 perspectiva para la paz existen cuando partes importantes de determinados grupos religiosos no tienen m\u00e1s que desprecio por aquellos que no comparten su visi\u00f3n del mundo, que niegan el derecho a la vida no solo a personas de otras religiones, sino tambi\u00e9n a los moderados dentro de su propia comunidad? Otro problema que recoge el informe que los pol\u00edticos de Occidente, frecuentemente, no comprenden las religiones, por lo que han de replantearse toda su perspectiva: ya no es posible decir que practicar la fe tradicional es algo que pertenece al pasado cuando la evidencia demuestra que para millones y millones de personas \u2014una nueva generaci\u00f3n\u2014, la religi\u00f3n es el centro de sus vidas y el motor de todas sus actividades\u00bb.<\/p>\n<p>El informe se presenta en su 13\u00aa edici\u00f3n y es elaborado por \u00abAid to the Church in Need\u00bb.<\/p>\n<p>Esta Fundaci\u00f3n proporciona ayuda de emergencia y ayuda a los cristianos perseguidos y que sufren de otros modos en 140 pa\u00edses de todo el mundo.<\/p>\n<p>&nbsp;<\/p>\n<p><strong>El \u00abInforme sobre Libertad Religiosa en el Mundo\u00bb de 2016 est\u00e1 disponible en <\/strong><a href=\"http:\/\/www.religion-freedom-report.org\"><strong>www.religious-freedom-report.org<\/strong><\/a><\/p>\n","protected":false},"excerpt":{"rendered":"<p>Un estudio culpa al odio religioso de elevar la inestabilidad en todo el mundo &nbsp; (ACN) K\u00f6nigstein\/Surrey, 03.11.2016. Fundamentalismo Religioso<\/p>\n","protected":false},"author":1,"featured_media":113532,"comment_status":"open","ping_status":"open","sticky":false,"template":"","format":"standard","meta":{"_acf_changed":false,"_acn_coauthor_ids":[],"_acn_featured_article":false,"footnotes":""},"categories":[713],"tags":[],"country":[],"class_list":["post-113531","post","type-post","status-publish","format-standard","has-post-thumbnail","hentry","category-historias"],"acn_coauthors":[],"acf":[],"yoast_head":"<!-- This site is optimized with the Yoast SEO Premium plugin v27.5 (Yoast SEO v27.5) - https:\/\/yoast.com\/product\/yoast-seo-premium-wordpress\/ -->\n<title>El informe advierte sobre el impacto global del \u00abhiper-extremismo\u00bb religioso | ACN International<\/title>\n<meta name=\"robots\" content=\"index, follow, max-snippet:-1, max-image-preview:large, max-video-preview:-1\" \/>\n<link rel=\"canonical\" href=\"https:\/\/acninternational.org\/es\/el-informe-advierte-sobre-el-impacto-global-del-hiper-extremismo-religioso\/\" \/>\n<meta property=\"og:locale\" content=\"es_ES\" \/>\n<meta property=\"og:type\" content=\"article\" \/>\n<meta property=\"og:title\" content=\"El informe advierte sobre el impacto global del \u00abhiper-extremismo\u00bb religioso\" \/>\n<meta property=\"og:description\" content=\"Un estudio culpa al odio religioso de elevar la inestabilidad en todo el mundo &nbsp; (ACN) K\u00f6nigstein\/Surrey, 03.11.2016. Fundamentalismo Religioso\" \/>\n<meta property=\"og:url\" content=\"https:\/\/acninternational.org\/es\/el-informe-advierte-sobre-el-impacto-global-del-hiper-extremismo-religioso\/\" \/>\n<meta property=\"og:site_name\" content=\"ACN International\" \/>\n<meta property=\"article:publisher\" content=\"https:\/\/www.facebook.com\/acninternationalorg\" \/>\n<meta property=\"article:published_time\" content=\"2016-11-14T23:00:00+00:00\" \/>\n<meta property=\"og:image\" content=\"https:\/\/media.acninternational.org\/wp-content\/uploads\/2019\/11\/El-informe-advierte-sobre-el-impacto-global-del-%C2%ABhiper-extremismo%C2%BB-religioso-image.jpg\" \/>\n\t<meta property=\"og:image:width\" content=\"1960\" \/>\n\t<meta property=\"og:image:height\" content=\"600\" \/>\n\t<meta property=\"og:image:type\" content=\"image\/jpeg\" \/>\n<meta name=\"author\" content=\"admin_acn\" \/>\n<meta name=\"twitter:card\" content=\"summary_large_image\" \/>\n<meta name=\"twitter:creator\" content=\"@acn_int\" \/>\n<meta name=\"twitter:site\" content=\"@acn_int\" \/>\n<meta name=\"twitter:label1\" content=\"Escrito por\" \/>\n\t<meta name=\"twitter:data1\" content=\"admin_acn\" \/>\n\t<meta name=\"twitter:label2\" content=\"Tiempo de lectura\" \/>\n\t<meta name=\"twitter:data2\" content=\"5 minutos\" \/>\n<script type=\"application\/ld+json\" class=\"yoast-schema-graph\">{\"@context\":\"https:\\\/\\\/schema.org\",\"@graph\":[{\"@type\":\"Article\",\"@id\":\"https:\\\/\\\/acninternational.org\\\/es\\\/el-informe-advierte-sobre-el-impacto-global-del-hiper-extremismo-religioso\\\/#article\",\"isPartOf\":{\"@id\":\"https:\\\/\\\/acninternational.org\\\/es\\\/el-informe-advierte-sobre-el-impacto-global-del-hiper-extremismo-religioso\\\/\"},\"author\":{\"name\":\"admin_acn\",\"@id\":\"https:\\\/\\\/acninternational.org\\\/es\\\/#\\\/schema\\\/person\\\/5a7468d38fb12b1976b6eeda95c21ebc\"},\"headline\":\"El informe advierte sobre el impacto global del \u00abhiper-extremismo\u00bb religioso\",\"datePublished\":\"2016-11-14T23:00:00+00:00\",\"mainEntityOfPage\":{\"@id\":\"https:\\\/\\\/acninternational.org\\\/es\\\/el-informe-advierte-sobre-el-impacto-global-del-hiper-extremismo-religioso\\\/\"},\"wordCount\":970,\"commentCount\":0,\"publisher\":{\"@id\":\"https:\\\/\\\/acninternational.org\\\/es\\\/#organization\"},\"image\":{\"@id\":\"https:\\\/\\\/acninternational.org\\\/es\\\/el-informe-advierte-sobre-el-impacto-global-del-hiper-extremismo-religioso\\\/#primaryimage\"},\"thumbnailUrl\":\"https:\\\/\\\/media.acninternational.org\\\/wp-content\\\/uploads\\\/2019\\\/11\\\/El-informe-advierte-sobre-el-impacto-global-del-%C2%ABhiper-extremismo%C2%BB-religioso-image.jpg\",\"articleSection\":[\"HISTORIAS\"],\"inLanguage\":\"es\",\"potentialAction\":[{\"@type\":\"CommentAction\",\"name\":\"Comment\",\"target\":[\"https:\\\/\\\/acninternational.org\\\/es\\\/el-informe-advierte-sobre-el-impacto-global-del-hiper-extremismo-religioso\\\/#respond\"]}]},{\"@type\":\"WebPage\",\"@id\":\"https:\\\/\\\/acninternational.org\\\/es\\\/el-informe-advierte-sobre-el-impacto-global-del-hiper-extremismo-religioso\\\/\",\"url\":\"https:\\\/\\\/acninternational.org\\\/es\\\/el-informe-advierte-sobre-el-impacto-global-del-hiper-extremismo-religioso\\\/\",\"name\":\"El informe advierte sobre el impacto global del \u00abhiper-extremismo\u00bb religioso | ACN International\",\"isPartOf\":{\"@id\":\"https:\\\/\\\/acninternational.org\\\/es\\\/#website\"},\"primaryImageOfPage\":{\"@id\":\"https:\\\/\\\/acninternational.org\\\/es\\\/el-informe-advierte-sobre-el-impacto-global-del-hiper-extremismo-religioso\\\/#primaryimage\"},\"image\":{\"@id\":\"https:\\\/\\\/acninternational.org\\\/es\\\/el-informe-advierte-sobre-el-impacto-global-del-hiper-extremismo-religioso\\\/#primaryimage\"},\"thumbnailUrl\":\"https:\\\/\\\/media.acninternational.org\\\/wp-content\\\/uploads\\\/2019\\\/11\\\/El-informe-advierte-sobre-el-impacto-global-del-%C2%ABhiper-extremismo%C2%BB-religioso-image.jpg\",\"datePublished\":\"2016-11-14T23:00:00+00:00\",\"breadcrumb\":{\"@id\":\"https:\\\/\\\/acninternational.org\\\/es\\\/el-informe-advierte-sobre-el-impacto-global-del-hiper-extremismo-religioso\\\/#breadcrumb\"},\"inLanguage\":\"es\",\"potentialAction\":[{\"@type\":\"ReadAction\",\"target\":[\"https:\\\/\\\/acninternational.org\\\/es\\\/el-informe-advierte-sobre-el-impacto-global-del-hiper-extremismo-religioso\\\/\"]}]},{\"@type\":\"ImageObject\",\"inLanguage\":\"es\",\"@id\":\"https:\\\/\\\/acninternational.org\\\/es\\\/el-informe-advierte-sobre-el-impacto-global-del-hiper-extremismo-religioso\\\/#primaryimage\",\"url\":\"https:\\\/\\\/media.acninternational.org\\\/wp-content\\\/uploads\\\/2019\\\/11\\\/El-informe-advierte-sobre-el-impacto-global-del-%C2%ABhiper-extremismo%C2%BB-religioso-image.jpg\",\"contentUrl\":\"https:\\\/\\\/media.acninternational.org\\\/wp-content\\\/uploads\\\/2019\\\/11\\\/El-informe-advierte-sobre-el-impacto-global-del-%C2%ABhiper-extremismo%C2%BB-religioso-image.jpg\",\"width\":1960,\"height\":600,\"caption\":\"El informe advierte sobre el impacto global del \u00abhiper-extremismo\u00bb religioso\"},{\"@type\":\"BreadcrumbList\",\"@id\":\"https:\\\/\\\/acninternational.org\\\/es\\\/el-informe-advierte-sobre-el-impacto-global-del-hiper-extremismo-religioso\\\/#breadcrumb\",\"itemListElement\":[{\"@type\":\"ListItem\",\"position\":1,\"name\":\"Home\",\"item\":\"https:\\\/\\\/acninternational.org\\\/es\\\/\"},{\"@type\":\"ListItem\",\"position\":2,\"name\":\"HISTORIAS\",\"item\":\"https:\\\/\\\/acninternational.org\\\/es\\\/category\\\/historias\\\/\"},{\"@type\":\"ListItem\",\"position\":3,\"name\":\"El informe advierte sobre el impacto global del \u00abhiper-extremismo\u00bb religioso\"}]},{\"@type\":\"WebSite\",\"@id\":\"https:\\\/\\\/acninternational.org\\\/es\\\/#website\",\"url\":\"https:\\\/\\\/acninternational.org\\\/es\\\/\",\"name\":\"ACN International\",\"description\":\"\",\"publisher\":{\"@id\":\"https:\\\/\\\/acninternational.org\\\/es\\\/#organization\"},\"potentialAction\":[{\"@type\":\"SearchAction\",\"target\":{\"@type\":\"EntryPoint\",\"urlTemplate\":\"https:\\\/\\\/acninternational.org\\\/es\\\/?s={search_term_string}\"},\"query-input\":{\"@type\":\"PropertyValueSpecification\",\"valueRequired\":true,\"valueName\":\"search_term_string\"}}],\"inLanguage\":\"es\"},{\"@type\":\"Organization\",\"@id\":\"https:\\\/\\\/acninternational.org\\\/es\\\/#organization\",\"name\":\"Aid to the Church in Need International\",\"url\":\"https:\\\/\\\/acninternational.org\\\/es\\\/\",\"logo\":{\"@type\":\"ImageObject\",\"inLanguage\":\"es\",\"@id\":\"https:\\\/\\\/acninternational.org\\\/es\\\/#\\\/schema\\\/logo\\\/image\\\/\",\"url\":\"https:\\\/\\\/media.acninternational.org\\\/wp-content\\\/uploads\\\/2019\\\/11\\\/acn_logo_blackvector.svg\",\"contentUrl\":\"https:\\\/\\\/media.acninternational.org\\\/wp-content\\\/uploads\\\/2019\\\/11\\\/acn_logo_blackvector.svg\",\"width\":232.6,\"height\":78,\"caption\":\"Aid to the Church in Need International\"},\"image\":{\"@id\":\"https:\\\/\\\/acninternational.org\\\/es\\\/#\\\/schema\\\/logo\\\/image\\\/\"},\"sameAs\":[\"https:\\\/\\\/www.facebook.com\\\/acninternationalorg\",\"https:\\\/\\\/x.com\\\/acn_int\",\"https:\\\/\\\/www.youtube.com\\\/channel\\\/UCQ-077gS0TnVzkhHmf1opZw\",\"https:\\\/\\\/www.instagram.com\\\/acn_international\\\/\"]},{\"@type\":\"Person\",\"@id\":\"https:\\\/\\\/acninternational.org\\\/es\\\/#\\\/schema\\\/person\\\/5a7468d38fb12b1976b6eeda95c21ebc\",\"name\":\"admin_acn\",\"url\":\"https:\\\/\\\/acninternational.org\\\/es\\\/author\\\/admin_acn\\\/\"}]}<\/script>\n<!-- \/ Yoast SEO Premium plugin. -->","yoast_head_json":{"title":"El informe advierte sobre el impacto global del \u00abhiper-extremismo\u00bb religioso | ACN International","robots":{"index":"index","follow":"follow","max-snippet":"max-snippet:-1","max-image-preview":"max-image-preview:large","max-video-preview":"max-video-preview:-1"},"canonical":"https:\/\/acninternational.org\/es\/el-informe-advierte-sobre-el-impacto-global-del-hiper-extremismo-religioso\/","og_locale":"es_ES","og_type":"article","og_title":"El informe advierte sobre el impacto global del \u00abhiper-extremismo\u00bb religioso","og_description":"Un estudio culpa al odio religioso de elevar la inestabilidad en todo el mundo &nbsp; (ACN) K\u00f6nigstein\/Surrey, 03.11.2016. Fundamentalismo Religioso","og_url":"https:\/\/acninternational.org\/es\/el-informe-advierte-sobre-el-impacto-global-del-hiper-extremismo-religioso\/","og_site_name":"ACN International","article_publisher":"https:\/\/www.facebook.com\/acninternationalorg","article_published_time":"2016-11-14T23:00:00+00:00","og_image":[{"width":1960,"height":600,"url":"https:\/\/media.acninternational.org\/wp-content\/uploads\/2019\/11\/El-informe-advierte-sobre-el-impacto-global-del-%C2%ABhiper-extremismo%C2%BB-religioso-image.jpg","type":"image\/jpeg"}],"author":"admin_acn","twitter_card":"summary_large_image","twitter_creator":"@acn_int","twitter_site":"@acn_int","twitter_misc":{"Escrito por":"admin_acn","Tiempo de lectura":"5 minutos"},"schema":{"@context":"https:\/\/schema.org","@graph":[{"@type":"Article","@id":"https:\/\/acninternational.org\/es\/el-informe-advierte-sobre-el-impacto-global-del-hiper-extremismo-religioso\/#article","isPartOf":{"@id":"https:\/\/acninternational.org\/es\/el-informe-advierte-sobre-el-impacto-global-del-hiper-extremismo-religioso\/"},"author":{"name":"admin_acn","@id":"https:\/\/acninternational.org\/es\/#\/schema\/person\/5a7468d38fb12b1976b6eeda95c21ebc"},"headline":"El informe advierte sobre el impacto global del \u00abhiper-extremismo\u00bb religioso","datePublished":"2016-11-14T23:00:00+00:00","mainEntityOfPage":{"@id":"https:\/\/acninternational.org\/es\/el-informe-advierte-sobre-el-impacto-global-del-hiper-extremismo-religioso\/"},"wordCount":970,"commentCount":0,"publisher":{"@id":"https:\/\/acninternational.org\/es\/#organization"},"image":{"@id":"https:\/\/acninternational.org\/es\/el-informe-advierte-sobre-el-impacto-global-del-hiper-extremismo-religioso\/#primaryimage"},"thumbnailUrl":"https:\/\/media.acninternational.org\/wp-content\/uploads\/2019\/11\/El-informe-advierte-sobre-el-impacto-global-del-%C2%ABhiper-extremismo%C2%BB-religioso-image.jpg","articleSection":["HISTORIAS"],"inLanguage":"es","potentialAction":[{"@type":"CommentAction","name":"Comment","target":["https:\/\/acninternational.org\/es\/el-informe-advierte-sobre-el-impacto-global-del-hiper-extremismo-religioso\/#respond"]}]},{"@type":"WebPage","@id":"https:\/\/acninternational.org\/es\/el-informe-advierte-sobre-el-impacto-global-del-hiper-extremismo-religioso\/","url":"https:\/\/acninternational.org\/es\/el-informe-advierte-sobre-el-impacto-global-del-hiper-extremismo-religioso\/","name":"El informe advierte sobre el impacto global del \u00abhiper-extremismo\u00bb religioso | ACN International","isPartOf":{"@id":"https:\/\/acninternational.org\/es\/#website"},"primaryImageOfPage":{"@id":"https:\/\/acninternational.org\/es\/el-informe-advierte-sobre-el-impacto-global-del-hiper-extremismo-religioso\/#primaryimage"},"image":{"@id":"https:\/\/acninternational.org\/es\/el-informe-advierte-sobre-el-impacto-global-del-hiper-extremismo-religioso\/#primaryimage"},"thumbnailUrl":"https:\/\/media.acninternational.org\/wp-content\/uploads\/2019\/11\/El-informe-advierte-sobre-el-impacto-global-del-%C2%ABhiper-extremismo%C2%BB-religioso-image.jpg","datePublished":"2016-11-14T23:00:00+00:00","breadcrumb":{"@id":"https:\/\/acninternational.org\/es\/el-informe-advierte-sobre-el-impacto-global-del-hiper-extremismo-religioso\/#breadcrumb"},"inLanguage":"es","potentialAction":[{"@type":"ReadAction","target":["https:\/\/acninternational.org\/es\/el-informe-advierte-sobre-el-impacto-global-del-hiper-extremismo-religioso\/"]}]},{"@type":"ImageObject","inLanguage":"es","@id":"https:\/\/acninternational.org\/es\/el-informe-advierte-sobre-el-impacto-global-del-hiper-extremismo-religioso\/#primaryimage","url":"https:\/\/media.acninternational.org\/wp-content\/uploads\/2019\/11\/El-informe-advierte-sobre-el-impacto-global-del-%C2%ABhiper-extremismo%C2%BB-religioso-image.jpg","contentUrl":"https:\/\/media.acninternational.org\/wp-content\/uploads\/2019\/11\/El-informe-advierte-sobre-el-impacto-global-del-%C2%ABhiper-extremismo%C2%BB-religioso-image.jpg","width":1960,"height":600,"caption":"El informe advierte sobre el impacto global del \u00abhiper-extremismo\u00bb religioso"},{"@type":"BreadcrumbList","@id":"https:\/\/acninternational.org\/es\/el-informe-advierte-sobre-el-impacto-global-del-hiper-extremismo-religioso\/#breadcrumb","itemListElement":[{"@type":"ListItem","position":1,"name":"Home","item":"https:\/\/acninternational.org\/es\/"},{"@type":"ListItem","position":2,"name":"HISTORIAS","item":"https:\/\/acninternational.org\/es\/category\/historias\/"},{"@type":"ListItem","position":3,"name":"El informe advierte sobre el impacto global del \u00abhiper-extremismo\u00bb religioso"}]},{"@type":"WebSite","@id":"https:\/\/acninternational.org\/es\/#website","url":"https:\/\/acninternational.org\/es\/","name":"ACN International","description":"","publisher":{"@id":"https:\/\/acninternational.org\/es\/#organization"},"potentialAction":[{"@type":"SearchAction","target":{"@type":"EntryPoint","urlTemplate":"https:\/\/acninternational.org\/es\/?s={search_term_string}"},"query-input":{"@type":"PropertyValueSpecification","valueRequired":true,"valueName":"search_term_string"}}],"inLanguage":"es"},{"@type":"Organization","@id":"https:\/\/acninternational.org\/es\/#organization","name":"Aid to the Church in Need International","url":"https:\/\/acninternational.org\/es\/","logo":{"@type":"ImageObject","inLanguage":"es","@id":"https:\/\/acninternational.org\/es\/#\/schema\/logo\/image\/","url":"https:\/\/media.acninternational.org\/wp-content\/uploads\/2019\/11\/acn_logo_blackvector.svg","contentUrl":"https:\/\/media.acninternational.org\/wp-content\/uploads\/2019\/11\/acn_logo_blackvector.svg","width":232.6,"height":78,"caption":"Aid to the Church in Need International"},"image":{"@id":"https:\/\/acninternational.org\/es\/#\/schema\/logo\/image\/"},"sameAs":["https:\/\/www.facebook.com\/acninternationalorg","https:\/\/x.com\/acn_int","https:\/\/www.youtube.com\/channel\/UCQ-077gS0TnVzkhHmf1opZw","https:\/\/www.instagram.com\/acn_international\/"]},{"@type":"Person","@id":"https:\/\/acninternational.org\/es\/#\/schema\/person\/5a7468d38fb12b1976b6eeda95c21ebc","name":"admin_acn","url":"https:\/\/acninternational.org\/es\/author\/admin_acn\/"}]}},"_links":{"self":[{"href":"https:\/\/acninternational.org\/es\/wp-json\/wp\/v2\/posts\/113531","targetHints":{"allow":["GET"]}}],"collection":[{"href":"https:\/\/acninternational.org\/es\/wp-json\/wp\/v2\/posts"}],"about":[{"href":"https:\/\/acninternational.org\/es\/wp-json\/wp\/v2\/types\/post"}],"author":[{"embeddable":true,"href":"https:\/\/acninternational.org\/es\/wp-json\/wp\/v2\/users\/1"}],"replies":[{"embeddable":true,"href":"https:\/\/acninternational.org\/es\/wp-json\/wp\/v2\/comments?post=113531"}],"version-history":[{"count":0,"href":"https:\/\/acninternational.org\/es\/wp-json\/wp\/v2\/posts\/113531\/revisions"}],"wp:featuredmedia":[{"embeddable":true,"href":"https:\/\/acninternational.org\/es\/wp-json\/wp\/v2\/media\/113532"}],"wp:attachment":[{"href":"https:\/\/acninternational.org\/es\/wp-json\/wp\/v2\/media?parent=113531"}],"wp:term":[{"taxonomy":"category","embeddable":true,"href":"https:\/\/acninternational.org\/es\/wp-json\/wp\/v2\/categories?post=113531"},{"taxonomy":"post_tag","embeddable":true,"href":"https:\/\/acninternational.org\/es\/wp-json\/wp\/v2\/tags?post=113531"},{"taxonomy":"country","embeddable":true,"href":"https:\/\/acninternational.org\/es\/wp-json\/wp\/v2\/country?post=113531"}],"curies":[{"name":"wp","href":"https:\/\/api.w.org\/{rel}","templated":true}]}}