{"id":113441,"date":"2016-10-10T00:00:00","date_gmt":"2016-10-09T22:00:00","guid":{"rendered":"https:\/\/acninternational.org\/siria-representantes-eclesiales-catolicos-y-ortodoxos-embajadores-de-los-ninos-en-bruselas-y-ginebra\/"},"modified":"2016-10-10T00:00:00","modified_gmt":"2016-10-09T22:00:00","slug":"siria-representantes-eclesiales-catolicos-y-ortodoxos-embajadores-de-los-ninos-en-bruselas-y-ginebra","status":"publish","type":"post","link":"https:\/\/acninternational.org\/es\/siria-representantes-eclesiales-catolicos-y-ortodoxos-embajadores-de-los-ninos-en-bruselas-y-ginebra\/","title":{"rendered":"Siria: Representantes eclesiales cat\u00f3licos y ortodoxos, \u201cembajadores de los ni\u00f1os\u201d en Bruselas y Ginebra"},"content":{"rendered":"<p><em>Damasco (Siria) \/K\u00f6nigstein im Taunus (Alemania) 10.10.2016 \u2013 <\/em>En los d\u00edas pasados, m\u00e1s de un mill\u00f3n de ni\u00f1os sirios firmaron en m\u00e1s de 2.000 escuelas del pa\u00eds una petici\u00f3n de paz, pintaron dibujos y redactaron cartas dirigidas a los responsables pol\u00edticos <strong>(v\u00e9ase ACN-News del 06.10.2016).<\/strong> Como \u201cembajadores de los ni\u00f1os\u201d, el Patriarca Gregorio III (cabeza de la Iglesia Melquita Greco-Cat\u00f3lica), el Metropolita George Abou Zakhem de Homs (como representante del Patriarcado Greco-Cat\u00f3lico de Antioqu\u00eda y de todo el Oriente) y Mons. Selvanos Boutros Al Nemeh (Obispo de Homs para el Patriarcado Siro-Ortodoxo) viajar\u00e1n del 10 al 13 de octubre a Bruselas y Ginebra para entregar a los altos representantes de la Uni\u00f3n Europea y las Naciones Unidas las cartas y los dibujos de los ni\u00f1os sirios. Entre otros, estos representantes eclesiales se reunir\u00e1n con el presidente de la Comisi\u00f3n Europea, Jean-Claude Juncker, y el presidente del Parlamento Europeo, Martin Schulz. En Ginebra entregar\u00e1n los mensajes de los ni\u00f1os al responsable del Alto Comisionado de la ONU para los Refugiados, Filippo Grandi, y al responsable del Alto Comisionado de la ONU para los Derechos Humanos, Al Hussein.<\/p>\n<p>Esta acci\u00f3n, que se debe a una iniciativa de la Fundaci\u00f3n Pontificia Internacional \u00abAid to the Church in Need\u00bb (ACN), es una reacci\u00f3n y respuesta concreta a la Declaraci\u00f3n conjunta del Papa Francisco y del Patriarca ruso ortodoxo Kirill (Cirilo): en un encuentro celebrado en febrero de este a\u00f1o en La Habana, ratificaron el deseo y la voluntad de que los cristianos cat\u00f3licos y ortodoxos alcen conjuntamente la voz por la paz en Siria y por los cristianos perseguidos. La dram\u00e1tica situaci\u00f3n en Pr\u00f3ximo Oriente fue uno de los motivos m\u00e1s importantes para que se celebrara ese hist\u00f3rico encuentro.<\/p>\n<p>Para ACN, este llamamiento fue la ocasi\u00f3n de dar vida a acciones conjuntas concretas entre las iglesias en Siria. El padre Andrzej Halemba, responsable de Pr\u00f3ximo Oriente en ACN, expone: \u00abCuanto m\u00e1s unidos estemos los cristianos en la defensa de la paz y, especialmente, en nuestro apoyo para los ni\u00f1os que sufren, tanto m\u00e1s fuerte ser\u00e1 nuestra voz y tanto m\u00e1s eficaz ser\u00e1 nuestro compromiso\u00bb.<\/p>\n<p>Un primer paso concreto fue el viaje, organizado por ACN en abril de este a\u00f1o, de una delegaci\u00f3n cat\u00f3lico-ortodoxa que se reuni\u00f3 en el L\u00edbano y en Siria con representantes de las diferentes confesiones cristianas para sondear las posibilidades de una cooperaci\u00f3n. Un primer fruto de este viaje fue la \u00abJornada internacional de la infancia\u00bb, celebrada el 1 de junio como jornada de oraci\u00f3n de los ni\u00f1os por la paz, por iniciativa de ACN. Los patriarcas cat\u00f3licos y ortodoxos residentes en Siria publicaron, con este motivo, un mensaje conjunto. La llamada a la paz de los ni\u00f1os sirios, dirigida a los representantes de la UE y la ONU, y las acciones conjuntas de las confesiones cristianas son un nuevo paso para intensificar el compromiso un\u00e1nime de cat\u00f3licos y ortodoxos en pro de la paz en Siria.<\/p>\n","protected":false},"excerpt":{"rendered":"<p>Damasco (Siria) \/K\u00f6nigstein im Taunus (Alemania) 10.10.2016 \u2013 En los d\u00edas pasados, m\u00e1s de un mill\u00f3n de ni\u00f1os sirios firmaron<\/p>\n","protected":false},"author":1,"featured_media":113442,"comment_status":"open","ping_status":"open","sticky":false,"template":"","format":"standard","meta":{"_acf_changed":false,"_acn_coauthor_ids":[],"footnotes":""},"categories":[713],"tags":[],"country":[],"class_list":["post-113441","post","type-post","status-publish","format-standard","has-post-thumbnail","hentry","category-historias"],"acn_coauthors":[],"acf":[],"yoast_head":"<!-- This site is optimized with the Yoast SEO Premium plugin v27.3 (Yoast SEO v27.3) - https:\/\/yoast.com\/product\/yoast-seo-premium-wordpress\/ -->\n<title>Siria: Representantes eclesiales cat\u00f3licos y ortodoxos, \u201cembajadores de los ni\u00f1os\u201d en Bruselas y Ginebra | ACN International<\/title>\n<meta name=\"robots\" content=\"index, follow, max-snippet:-1, max-image-preview:large, max-video-preview:-1\" \/>\n<link rel=\"canonical\" href=\"https:\/\/acninternational.org\/es\/siria-representantes-eclesiales-catolicos-y-ortodoxos-embajadores-de-los-ninos-en-bruselas-y-ginebra\/\" \/>\n<meta property=\"og:locale\" content=\"es_ES\" \/>\n<meta property=\"og:type\" content=\"article\" \/>\n<meta property=\"og:title\" content=\"Siria: Representantes eclesiales cat\u00f3licos y ortodoxos, \u201cembajadores de los ni\u00f1os\u201d en Bruselas y Ginebra\" \/>\n<meta property=\"og:description\" content=\"Damasco (Siria) \/K\u00f6nigstein im Taunus (Alemania) 10.10.2016 \u2013 En los d\u00edas pasados, m\u00e1s de un mill\u00f3n de ni\u00f1os sirios firmaron\" \/>\n<meta property=\"og:url\" content=\"https:\/\/acninternational.org\/es\/siria-representantes-eclesiales-catolicos-y-ortodoxos-embajadores-de-los-ninos-en-bruselas-y-ginebra\/\" \/>\n<meta property=\"og:site_name\" content=\"ACN International\" \/>\n<meta property=\"article:publisher\" content=\"https:\/\/www.facebook.com\/acninternationalorg\" \/>\n<meta property=\"article:published_time\" content=\"2016-10-09T22:00:00+00:00\" \/>\n<meta property=\"og:image\" content=\"https:\/\/media.acninternational.org\/wp-content\/uploads\/2019\/11\/Siria-Representantes-eclesiales-cat%C3%B3licos-y-ortodoxos-%E2%80%9Cembajadores-de-los-ni%C3%B1os%E2%80%9D-en-Bruselas-y-Ginebra-image.jpg\" \/>\n\t<meta property=\"og:image:width\" content=\"1960\" \/>\n\t<meta property=\"og:image:height\" content=\"600\" \/>\n\t<meta property=\"og:image:type\" content=\"image\/jpeg\" \/>\n<meta name=\"author\" content=\"admin_acn\" \/>\n<meta name=\"twitter:card\" content=\"summary_large_image\" \/>\n<meta name=\"twitter:creator\" content=\"@acn_int\" \/>\n<meta name=\"twitter:site\" content=\"@acn_int\" \/>\n<meta name=\"twitter:label1\" content=\"Escrito por\" \/>\n\t<meta name=\"twitter:data1\" content=\"admin_acn\" \/>\n\t<meta name=\"twitter:label2\" content=\"Tiempo de lectura\" \/>\n\t<meta name=\"twitter:data2\" content=\"3 minutos\" \/>\n<script type=\"application\/ld+json\" class=\"yoast-schema-graph\">{\"@context\":\"https:\\\/\\\/schema.org\",\"@graph\":[{\"@type\":\"Article\",\"@id\":\"https:\\\/\\\/acninternational.org\\\/es\\\/siria-representantes-eclesiales-catolicos-y-ortodoxos-embajadores-de-los-ninos-en-bruselas-y-ginebra\\\/#article\",\"isPartOf\":{\"@id\":\"https:\\\/\\\/acninternational.org\\\/es\\\/siria-representantes-eclesiales-catolicos-y-ortodoxos-embajadores-de-los-ninos-en-bruselas-y-ginebra\\\/\"},\"author\":{\"name\":\"admin_acn\",\"@id\":\"https:\\\/\\\/acninternational.org\\\/es\\\/#\\\/schema\\\/person\\\/5a7468d38fb12b1976b6eeda95c21ebc\"},\"headline\":\"Siria: Representantes eclesiales cat\u00f3licos y ortodoxos, \u201cembajadores de los ni\u00f1os\u201d en Bruselas y Ginebra\",\"datePublished\":\"2016-10-09T22:00:00+00:00\",\"mainEntityOfPage\":{\"@id\":\"https:\\\/\\\/acninternational.org\\\/es\\\/siria-representantes-eclesiales-catolicos-y-ortodoxos-embajadores-de-los-ninos-en-bruselas-y-ginebra\\\/\"},\"wordCount\":544,\"commentCount\":0,\"publisher\":{\"@id\":\"https:\\\/\\\/acninternational.org\\\/es\\\/#organization\"},\"image\":{\"@id\":\"https:\\\/\\\/acninternational.org\\\/es\\\/siria-representantes-eclesiales-catolicos-y-ortodoxos-embajadores-de-los-ninos-en-bruselas-y-ginebra\\\/#primaryimage\"},\"thumbnailUrl\":\"https:\\\/\\\/media.acninternational.org\\\/wp-content\\\/uploads\\\/2019\\\/11\\\/Siria-Representantes-eclesiales-cat%C3%B3licos-y-ortodoxos-%E2%80%9Cembajadores-de-los-ni%C3%B1os%E2%80%9D-en-Bruselas-y-Ginebra-image.jpg\",\"articleSection\":[\"HISTORIAS\"],\"inLanguage\":\"es\",\"potentialAction\":[{\"@type\":\"CommentAction\",\"name\":\"Comment\",\"target\":[\"https:\\\/\\\/acninternational.org\\\/es\\\/siria-representantes-eclesiales-catolicos-y-ortodoxos-embajadores-de-los-ninos-en-bruselas-y-ginebra\\\/#respond\"]}]},{\"@type\":\"WebPage\",\"@id\":\"https:\\\/\\\/acninternational.org\\\/es\\\/siria-representantes-eclesiales-catolicos-y-ortodoxos-embajadores-de-los-ninos-en-bruselas-y-ginebra\\\/\",\"url\":\"https:\\\/\\\/acninternational.org\\\/es\\\/siria-representantes-eclesiales-catolicos-y-ortodoxos-embajadores-de-los-ninos-en-bruselas-y-ginebra\\\/\",\"name\":\"Siria: Representantes eclesiales cat\u00f3licos y ortodoxos, \u201cembajadores de los ni\u00f1os\u201d en Bruselas y Ginebra | ACN International\",\"isPartOf\":{\"@id\":\"https:\\\/\\\/acninternational.org\\\/es\\\/#website\"},\"primaryImageOfPage\":{\"@id\":\"https:\\\/\\\/acninternational.org\\\/es\\\/siria-representantes-eclesiales-catolicos-y-ortodoxos-embajadores-de-los-ninos-en-bruselas-y-ginebra\\\/#primaryimage\"},\"image\":{\"@id\":\"https:\\\/\\\/acninternational.org\\\/es\\\/siria-representantes-eclesiales-catolicos-y-ortodoxos-embajadores-de-los-ninos-en-bruselas-y-ginebra\\\/#primaryimage\"},\"thumbnailUrl\":\"https:\\\/\\\/media.acninternational.org\\\/wp-content\\\/uploads\\\/2019\\\/11\\\/Siria-Representantes-eclesiales-cat%C3%B3licos-y-ortodoxos-%E2%80%9Cembajadores-de-los-ni%C3%B1os%E2%80%9D-en-Bruselas-y-Ginebra-image.jpg\",\"datePublished\":\"2016-10-09T22:00:00+00:00\",\"breadcrumb\":{\"@id\":\"https:\\\/\\\/acninternational.org\\\/es\\\/siria-representantes-eclesiales-catolicos-y-ortodoxos-embajadores-de-los-ninos-en-bruselas-y-ginebra\\\/#breadcrumb\"},\"inLanguage\":\"es\",\"potentialAction\":[{\"@type\":\"ReadAction\",\"target\":[\"https:\\\/\\\/acninternational.org\\\/es\\\/siria-representantes-eclesiales-catolicos-y-ortodoxos-embajadores-de-los-ninos-en-bruselas-y-ginebra\\\/\"]}]},{\"@type\":\"ImageObject\",\"inLanguage\":\"es\",\"@id\":\"https:\\\/\\\/acninternational.org\\\/es\\\/siria-representantes-eclesiales-catolicos-y-ortodoxos-embajadores-de-los-ninos-en-bruselas-y-ginebra\\\/#primaryimage\",\"url\":\"https:\\\/\\\/media.acninternational.org\\\/wp-content\\\/uploads\\\/2019\\\/11\\\/Siria-Representantes-eclesiales-cat%C3%B3licos-y-ortodoxos-%E2%80%9Cembajadores-de-los-ni%C3%B1os%E2%80%9D-en-Bruselas-y-Ginebra-image.jpg\",\"contentUrl\":\"https:\\\/\\\/media.acninternational.org\\\/wp-content\\\/uploads\\\/2019\\\/11\\\/Siria-Representantes-eclesiales-cat%C3%B3licos-y-ortodoxos-%E2%80%9Cembajadores-de-los-ni%C3%B1os%E2%80%9D-en-Bruselas-y-Ginebra-image.jpg\",\"width\":1960,\"height\":600,\"caption\":\"Siria: Representantes eclesiales cat\u00f3licos y ortodoxos, \u201cembajadores de los ni\u00f1os\u201d en Bruselas y Ginebra\"},{\"@type\":\"BreadcrumbList\",\"@id\":\"https:\\\/\\\/acninternational.org\\\/es\\\/siria-representantes-eclesiales-catolicos-y-ortodoxos-embajadores-de-los-ninos-en-bruselas-y-ginebra\\\/#breadcrumb\",\"itemListElement\":[{\"@type\":\"ListItem\",\"position\":1,\"name\":\"Home\",\"item\":\"https:\\\/\\\/acninternational.org\\\/es\\\/\"},{\"@type\":\"ListItem\",\"position\":2,\"name\":\"HISTORIAS\",\"item\":\"https:\\\/\\\/acninternational.org\\\/es\\\/category\\\/historias\\\/\"},{\"@type\":\"ListItem\",\"position\":3,\"name\":\"Siria: Representantes eclesiales cat\u00f3licos y ortodoxos, \u201cembajadores de los ni\u00f1os\u201d en Bruselas y Ginebra\"}]},{\"@type\":\"WebSite\",\"@id\":\"https:\\\/\\\/acninternational.org\\\/es\\\/#website\",\"url\":\"https:\\\/\\\/acninternational.org\\\/es\\\/\",\"name\":\"ACN International\",\"description\":\"\",\"publisher\":{\"@id\":\"https:\\\/\\\/acninternational.org\\\/es\\\/#organization\"},\"potentialAction\":[{\"@type\":\"SearchAction\",\"target\":{\"@type\":\"EntryPoint\",\"urlTemplate\":\"https:\\\/\\\/acninternational.org\\\/es\\\/?s={search_term_string}\"},\"query-input\":{\"@type\":\"PropertyValueSpecification\",\"valueRequired\":true,\"valueName\":\"search_term_string\"}}],\"inLanguage\":\"es\"},{\"@type\":\"Organization\",\"@id\":\"https:\\\/\\\/acninternational.org\\\/es\\\/#organization\",\"name\":\"Aid to the Church in Need International\",\"url\":\"https:\\\/\\\/acninternational.org\\\/es\\\/\",\"logo\":{\"@type\":\"ImageObject\",\"inLanguage\":\"es\",\"@id\":\"https:\\\/\\\/acninternational.org\\\/es\\\/#\\\/schema\\\/logo\\\/image\\\/\",\"url\":\"https:\\\/\\\/media.acninternational.org\\\/wp-content\\\/uploads\\\/2019\\\/11\\\/acn_logo_blackvector.svg\",\"contentUrl\":\"https:\\\/\\\/media.acninternational.org\\\/wp-content\\\/uploads\\\/2019\\\/11\\\/acn_logo_blackvector.svg\",\"width\":232.6,\"height\":78,\"caption\":\"Aid to the Church in Need International\"},\"image\":{\"@id\":\"https:\\\/\\\/acninternational.org\\\/es\\\/#\\\/schema\\\/logo\\\/image\\\/\"},\"sameAs\":[\"https:\\\/\\\/www.facebook.com\\\/acninternationalorg\",\"https:\\\/\\\/x.com\\\/acn_int\",\"https:\\\/\\\/www.youtube.com\\\/channel\\\/UCQ-077gS0TnVzkhHmf1opZw\",\"https:\\\/\\\/www.instagram.com\\\/acn_international\\\/\"]},{\"@type\":\"Person\",\"@id\":\"https:\\\/\\\/acninternational.org\\\/es\\\/#\\\/schema\\\/person\\\/5a7468d38fb12b1976b6eeda95c21ebc\",\"name\":\"admin_acn\",\"url\":\"https:\\\/\\\/acninternational.org\\\/es\\\/author\\\/admin_acn\\\/\"}]}<\/script>\n<!-- \/ Yoast SEO Premium plugin. -->","yoast_head_json":{"title":"Siria: Representantes eclesiales cat\u00f3licos y ortodoxos, \u201cembajadores de los ni\u00f1os\u201d en Bruselas y Ginebra | ACN International","robots":{"index":"index","follow":"follow","max-snippet":"max-snippet:-1","max-image-preview":"max-image-preview:large","max-video-preview":"max-video-preview:-1"},"canonical":"https:\/\/acninternational.org\/es\/siria-representantes-eclesiales-catolicos-y-ortodoxos-embajadores-de-los-ninos-en-bruselas-y-ginebra\/","og_locale":"es_ES","og_type":"article","og_title":"Siria: Representantes eclesiales cat\u00f3licos y ortodoxos, \u201cembajadores de los ni\u00f1os\u201d en Bruselas y Ginebra","og_description":"Damasco (Siria) \/K\u00f6nigstein im Taunus (Alemania) 10.10.2016 \u2013 En los d\u00edas pasados, m\u00e1s de un mill\u00f3n de ni\u00f1os sirios firmaron","og_url":"https:\/\/acninternational.org\/es\/siria-representantes-eclesiales-catolicos-y-ortodoxos-embajadores-de-los-ninos-en-bruselas-y-ginebra\/","og_site_name":"ACN International","article_publisher":"https:\/\/www.facebook.com\/acninternationalorg","article_published_time":"2016-10-09T22:00:00+00:00","og_image":[{"width":1960,"height":600,"url":"https:\/\/media.acninternational.org\/wp-content\/uploads\/2019\/11\/Siria-Representantes-eclesiales-cat%C3%B3licos-y-ortodoxos-%E2%80%9Cembajadores-de-los-ni%C3%B1os%E2%80%9D-en-Bruselas-y-Ginebra-image.jpg","type":"image\/jpeg"}],"author":"admin_acn","twitter_card":"summary_large_image","twitter_creator":"@acn_int","twitter_site":"@acn_int","twitter_misc":{"Escrito por":"admin_acn","Tiempo de lectura":"3 minutos"},"schema":{"@context":"https:\/\/schema.org","@graph":[{"@type":"Article","@id":"https:\/\/acninternational.org\/es\/siria-representantes-eclesiales-catolicos-y-ortodoxos-embajadores-de-los-ninos-en-bruselas-y-ginebra\/#article","isPartOf":{"@id":"https:\/\/acninternational.org\/es\/siria-representantes-eclesiales-catolicos-y-ortodoxos-embajadores-de-los-ninos-en-bruselas-y-ginebra\/"},"author":{"name":"admin_acn","@id":"https:\/\/acninternational.org\/es\/#\/schema\/person\/5a7468d38fb12b1976b6eeda95c21ebc"},"headline":"Siria: Representantes eclesiales cat\u00f3licos y ortodoxos, \u201cembajadores de los ni\u00f1os\u201d en Bruselas y Ginebra","datePublished":"2016-10-09T22:00:00+00:00","mainEntityOfPage":{"@id":"https:\/\/acninternational.org\/es\/siria-representantes-eclesiales-catolicos-y-ortodoxos-embajadores-de-los-ninos-en-bruselas-y-ginebra\/"},"wordCount":544,"commentCount":0,"publisher":{"@id":"https:\/\/acninternational.org\/es\/#organization"},"image":{"@id":"https:\/\/acninternational.org\/es\/siria-representantes-eclesiales-catolicos-y-ortodoxos-embajadores-de-los-ninos-en-bruselas-y-ginebra\/#primaryimage"},"thumbnailUrl":"https:\/\/media.acninternational.org\/wp-content\/uploads\/2019\/11\/Siria-Representantes-eclesiales-cat%C3%B3licos-y-ortodoxos-%E2%80%9Cembajadores-de-los-ni%C3%B1os%E2%80%9D-en-Bruselas-y-Ginebra-image.jpg","articleSection":["HISTORIAS"],"inLanguage":"es","potentialAction":[{"@type":"CommentAction","name":"Comment","target":["https:\/\/acninternational.org\/es\/siria-representantes-eclesiales-catolicos-y-ortodoxos-embajadores-de-los-ninos-en-bruselas-y-ginebra\/#respond"]}]},{"@type":"WebPage","@id":"https:\/\/acninternational.org\/es\/siria-representantes-eclesiales-catolicos-y-ortodoxos-embajadores-de-los-ninos-en-bruselas-y-ginebra\/","url":"https:\/\/acninternational.org\/es\/siria-representantes-eclesiales-catolicos-y-ortodoxos-embajadores-de-los-ninos-en-bruselas-y-ginebra\/","name":"Siria: Representantes eclesiales cat\u00f3licos y ortodoxos, \u201cembajadores de los ni\u00f1os\u201d en Bruselas y Ginebra | ACN International","isPartOf":{"@id":"https:\/\/acninternational.org\/es\/#website"},"primaryImageOfPage":{"@id":"https:\/\/acninternational.org\/es\/siria-representantes-eclesiales-catolicos-y-ortodoxos-embajadores-de-los-ninos-en-bruselas-y-ginebra\/#primaryimage"},"image":{"@id":"https:\/\/acninternational.org\/es\/siria-representantes-eclesiales-catolicos-y-ortodoxos-embajadores-de-los-ninos-en-bruselas-y-ginebra\/#primaryimage"},"thumbnailUrl":"https:\/\/media.acninternational.org\/wp-content\/uploads\/2019\/11\/Siria-Representantes-eclesiales-cat%C3%B3licos-y-ortodoxos-%E2%80%9Cembajadores-de-los-ni%C3%B1os%E2%80%9D-en-Bruselas-y-Ginebra-image.jpg","datePublished":"2016-10-09T22:00:00+00:00","breadcrumb":{"@id":"https:\/\/acninternational.org\/es\/siria-representantes-eclesiales-catolicos-y-ortodoxos-embajadores-de-los-ninos-en-bruselas-y-ginebra\/#breadcrumb"},"inLanguage":"es","potentialAction":[{"@type":"ReadAction","target":["https:\/\/acninternational.org\/es\/siria-representantes-eclesiales-catolicos-y-ortodoxos-embajadores-de-los-ninos-en-bruselas-y-ginebra\/"]}]},{"@type":"ImageObject","inLanguage":"es","@id":"https:\/\/acninternational.org\/es\/siria-representantes-eclesiales-catolicos-y-ortodoxos-embajadores-de-los-ninos-en-bruselas-y-ginebra\/#primaryimage","url":"https:\/\/media.acninternational.org\/wp-content\/uploads\/2019\/11\/Siria-Representantes-eclesiales-cat%C3%B3licos-y-ortodoxos-%E2%80%9Cembajadores-de-los-ni%C3%B1os%E2%80%9D-en-Bruselas-y-Ginebra-image.jpg","contentUrl":"https:\/\/media.acninternational.org\/wp-content\/uploads\/2019\/11\/Siria-Representantes-eclesiales-cat%C3%B3licos-y-ortodoxos-%E2%80%9Cembajadores-de-los-ni%C3%B1os%E2%80%9D-en-Bruselas-y-Ginebra-image.jpg","width":1960,"height":600,"caption":"Siria: Representantes eclesiales cat\u00f3licos y ortodoxos, \u201cembajadores de los ni\u00f1os\u201d en Bruselas y Ginebra"},{"@type":"BreadcrumbList","@id":"https:\/\/acninternational.org\/es\/siria-representantes-eclesiales-catolicos-y-ortodoxos-embajadores-de-los-ninos-en-bruselas-y-ginebra\/#breadcrumb","itemListElement":[{"@type":"ListItem","position":1,"name":"Home","item":"https:\/\/acninternational.org\/es\/"},{"@type":"ListItem","position":2,"name":"HISTORIAS","item":"https:\/\/acninternational.org\/es\/category\/historias\/"},{"@type":"ListItem","position":3,"name":"Siria: Representantes eclesiales cat\u00f3licos y ortodoxos, \u201cembajadores de los ni\u00f1os\u201d en Bruselas y Ginebra"}]},{"@type":"WebSite","@id":"https:\/\/acninternational.org\/es\/#website","url":"https:\/\/acninternational.org\/es\/","name":"ACN International","description":"","publisher":{"@id":"https:\/\/acninternational.org\/es\/#organization"},"potentialAction":[{"@type":"SearchAction","target":{"@type":"EntryPoint","urlTemplate":"https:\/\/acninternational.org\/es\/?s={search_term_string}"},"query-input":{"@type":"PropertyValueSpecification","valueRequired":true,"valueName":"search_term_string"}}],"inLanguage":"es"},{"@type":"Organization","@id":"https:\/\/acninternational.org\/es\/#organization","name":"Aid to the Church in Need International","url":"https:\/\/acninternational.org\/es\/","logo":{"@type":"ImageObject","inLanguage":"es","@id":"https:\/\/acninternational.org\/es\/#\/schema\/logo\/image\/","url":"https:\/\/media.acninternational.org\/wp-content\/uploads\/2019\/11\/acn_logo_blackvector.svg","contentUrl":"https:\/\/media.acninternational.org\/wp-content\/uploads\/2019\/11\/acn_logo_blackvector.svg","width":232.6,"height":78,"caption":"Aid to the Church in Need International"},"image":{"@id":"https:\/\/acninternational.org\/es\/#\/schema\/logo\/image\/"},"sameAs":["https:\/\/www.facebook.com\/acninternationalorg","https:\/\/x.com\/acn_int","https:\/\/www.youtube.com\/channel\/UCQ-077gS0TnVzkhHmf1opZw","https:\/\/www.instagram.com\/acn_international\/"]},{"@type":"Person","@id":"https:\/\/acninternational.org\/es\/#\/schema\/person\/5a7468d38fb12b1976b6eeda95c21ebc","name":"admin_acn","url":"https:\/\/acninternational.org\/es\/author\/admin_acn\/"}]}},"_links":{"self":[{"href":"https:\/\/acninternational.org\/es\/wp-json\/wp\/v2\/posts\/113441","targetHints":{"allow":["GET"]}}],"collection":[{"href":"https:\/\/acninternational.org\/es\/wp-json\/wp\/v2\/posts"}],"about":[{"href":"https:\/\/acninternational.org\/es\/wp-json\/wp\/v2\/types\/post"}],"author":[{"embeddable":true,"href":"https:\/\/acninternational.org\/es\/wp-json\/wp\/v2\/users\/1"}],"replies":[{"embeddable":true,"href":"https:\/\/acninternational.org\/es\/wp-json\/wp\/v2\/comments?post=113441"}],"version-history":[{"count":0,"href":"https:\/\/acninternational.org\/es\/wp-json\/wp\/v2\/posts\/113441\/revisions"}],"wp:featuredmedia":[{"embeddable":true,"href":"https:\/\/acninternational.org\/es\/wp-json\/wp\/v2\/media\/113442"}],"wp:attachment":[{"href":"https:\/\/acninternational.org\/es\/wp-json\/wp\/v2\/media?parent=113441"}],"wp:term":[{"taxonomy":"category","embeddable":true,"href":"https:\/\/acninternational.org\/es\/wp-json\/wp\/v2\/categories?post=113441"},{"taxonomy":"post_tag","embeddable":true,"href":"https:\/\/acninternational.org\/es\/wp-json\/wp\/v2\/tags?post=113441"},{"taxonomy":"country","embeddable":true,"href":"https:\/\/acninternational.org\/es\/wp-json\/wp\/v2\/country?post=113441"}],"curies":[{"name":"wp","href":"https:\/\/api.w.org\/{rel}","templated":true}]}}