{"id":113366,"date":"2016-09-12T00:00:00","date_gmt":"2016-09-11T22:00:00","guid":{"rendered":"https:\/\/acninternational.org\/catorce-anos-tras-la-visita-de-juan-pablo-ii-azerbaiyan-acoge-de-nuevo-a-un-papa\/"},"modified":"2016-09-12T00:00:00","modified_gmt":"2016-09-11T22:00:00","slug":"catorce-anos-tras-la-visita-de-juan-pablo-ii-azerbaiyan-acoge-de-nuevo-a-un-papa","status":"publish","type":"post","link":"https:\/\/acninternational.org\/es\/catorce-anos-tras-la-visita-de-juan-pablo-ii-azerbaiyan-acoge-de-nuevo-a-un-papa\/","title":{"rendered":"Catorce a\u00f1os tras la visita de Juan Pablo II, Azerbaiy\u00e1n acoge de nuevo a un Papa."},"content":{"rendered":"<p><strong>El Santo Padre visitar\u00e1 a la min\u00fascula comunidad cat\u00f3lica; tambi\u00e9n quiere promover la paz en esta castigada regi\u00f3n.<\/strong><\/p>\n<p>Ubicada al borde del Mar Caspio, Bak\u00fa es una hermosa ciudad si se logra hacer abstracci\u00f3n de los grandes bloques sovi\u00e9ticos situados en la periferia. La capital re\u00fane varios periodos hist\u00f3ricos en una mezcla del todo oriental: la vieja ciudad con sus calles estrechas, viejos edificios y antiguas mezquitas, el barrio barroco del primer <em>boom <\/em>petrol\u00edfero de principios del siglo XX y el barrio ultramoderno del nuevo <em>boom <\/em>petrol\u00edfero, donde los arquitectos m\u00e1s audaces del planeta han dejado sus obras.<\/p>\n<p>El pa\u00eds es rico e incluso muy rico gracias al petr\u00f3leo, que es el que le permite abordar proyectos fara\u00f3nicos. El \u201cDub\u00e1i del Caspio\u201d tambi\u00e9n tuvo en mente lanzarse a la creaci\u00f3n de islas artificiales como se hace en los ricos emiratos de la Pen\u00ednsula Ar\u00e1biga. El 95 % de los recursos provienen de la energ\u00eda, lo cual acarrea consecuencias debido a la ca\u00edda del precio del barril de petr\u00f3leo. Por ello, grandes proyectos como la ampliaci\u00f3n del suburbano se han suspendido de momento y empiezan a surgir algunas dificultades presupuestarias.<\/p>\n<p>Cuando las Hermanas de la Madre Teresa de Calcuta llegaron en 2006 al pa\u00eds para atender a los pobres, se les dijo que no hab\u00eda pobres en Azerbaiy\u00e1n. No obstante, los olvidados del sistema existen y a\u00f1oran la \u00e9poca de la Uni\u00f3n sovi\u00e9tica en la que todo el mundo recib\u00eda un m\u00ednimo.<\/p>\n<p><strong>Una sociedad secularizada<\/strong><\/p>\n<p>Este pa\u00eds es en un 97 % musulm\u00e1n, y m\u00e1s de dos tercios son chi\u00edes por la influencia persa vecina. Azerbaiy\u00e1n es uno de los Estados m\u00e1s laicos del mundo musulm\u00e1n, en el que se ejerce un control sobre los diferentes grupos religiosos para frenar el aumento potencial del extremismo isl\u00e1mico.<\/p>\n<p>En esta antigua rep\u00fablica sovi\u00e9tica que ha vivido setenta a\u00f1os de comunismo y represi\u00f3n religiosa, la pr\u00e1ctica religiosa era muy d\u00e9bil en el cambio de milenio y la sociedad estaba extremadamente secularizada. Todav\u00eda hoy, el Islam es all\u00ed muy discreto y su presencia es muy inferior a la que se puede constatar por ejemplo en Par\u00eds o en otras grandes ciudades francesas.<\/p>\n<p>Los sun\u00edes son minoritarios: seg\u00fan estimaciones, representan entre un 15 y un 30 % de la poblaci\u00f3n. Toda tentativa de radicalizaci\u00f3n es seguida de muy cerca por el Gobierno, que ha conservado los reflejos de desconfianza frente a la religi\u00f3n, pero que tambi\u00e9n comprende el riesgo de desbordamiento en el entorno actual de Oriente Pr\u00f3ximo.<\/p>\n<p>Los ortodoxos representan el segundo grupo religioso m\u00e1s importante, aunque no superen el 2% de la poblaci\u00f3n. Antes contaban con casi medio mill\u00f3n de fieles, mientras que ahora son solo 200.000, debido a que la mitad de los rusos abandonaron el pa\u00eds tras la independencia. La Iglesia Ortodoxa tiene una eparqu\u00eda en el pa\u00eds con una quincena de parroquias, y mantiene una buena relaci\u00f3n con la Iglesia Cat\u00f3lica.<\/p>\n<p><strong>Una Iglesia ultraminoritaria<\/strong><\/p>\n<p>En el momento del primer <em>boom <\/em>petrol\u00edfero, se construy\u00f3 una iglesia cat\u00f3lica en 1912 que despu\u00e9s fue cerrada con la llegada de los bolcheviques en 1920 y destruida posteriormente a principios de los a\u00f1os treinta. De los 10.000 cat\u00f3licos de la \u00e9poca solo quedaba una docena de personas ancianas cuando la Iglesia Cat\u00f3lica regres\u00f3 en 1992. En la actualidad, la comunidad de creyentes se compone de 300 fieles aut\u00f3ctonos (a menudo, matrimonios mixtos) y un millar de extranjeros (300 de ellos filipinos). Se trata, pues, de una presencia casi simb\u00f3lica en el pa\u00eds. Como media, el culto semanal re\u00fane a 500 personas.<\/p>\n<p>Considerada al principio una secta proselitista, la Iglesia se benefici\u00f3 de la visita de Juan Pablo II. En aquella ocasi\u00f3n, el presidente del pa\u00eds cedi\u00f3 un terreno para la edificaci\u00f3n de una iglesia consagrada a la Inmaculada Concepci\u00f3n. Una gran estatua de la Virgen, situada frente a la iglesia, atrae a numerosas personas, entre ellas, a muchos musulmanes, sobre todo, mujeres.<\/p>\n<p>La Iglesia Cat\u00f3lica cuenta en Azerbaiy\u00e1n con una sola parroquia, con una iglesia y una capilla atendidas por seis sacerdotes. Cinco religiosas de las Misioneras de la Caridad y dos Salesianas completan el equipo de esta peque\u00f1a comunidad acompa\u00f1ados de un Prefecto Apost\u00f3lico, Mons. Vladimir Fekete, un Salesiano eslovaco.<\/p>\n<p>El 29 de mayo de este a\u00f1o tuvo lugar en San Petersburgo la ordenaci\u00f3n diaconal con vistas al sacerdocio del primer azerbaiyano, lo cual es una muy buena noticia para la Iglesia de Azerbaiy\u00e1n y, sin duda, signo de los primeros brotes de esta presencia discreta, pero real.<\/p>\n<p>Marc FROMAGER <a href=\"mailto:press@acn-intl.org\">press@acn-intl.org<\/a><\/p>\n","protected":false},"excerpt":{"rendered":"<p>El Santo Padre visitar\u00e1 a la min\u00fascula comunidad cat\u00f3lica; tambi\u00e9n quiere promover la paz en esta castigada regi\u00f3n. Ubicada al<\/p>\n","protected":false},"author":1,"featured_media":113367,"comment_status":"open","ping_status":"open","sticky":false,"template":"","format":"standard","meta":{"_acf_changed":false,"_acn_coauthor_ids":[],"_acn_featured_article":false,"footnotes":""},"categories":[713],"tags":[],"country":[],"class_list":["post-113366","post","type-post","status-publish","format-standard","has-post-thumbnail","hentry","category-historias"],"acn_coauthors":[],"acf":[],"yoast_head":"<!-- This site is optimized with the Yoast SEO Premium plugin v27.5 (Yoast SEO v27.5) - https:\/\/yoast.com\/product\/yoast-seo-premium-wordpress\/ -->\n<title>Catorce a\u00f1os tras la visita de Juan Pablo II, Azerbaiy\u00e1n acoge de nuevo a un Papa. | ACN International<\/title>\n<meta name=\"robots\" content=\"index, follow, max-snippet:-1, max-image-preview:large, max-video-preview:-1\" \/>\n<link rel=\"canonical\" href=\"https:\/\/acninternational.org\/es\/catorce-anos-tras-la-visita-de-juan-pablo-ii-azerbaiyan-acoge-de-nuevo-a-un-papa\/\" \/>\n<meta property=\"og:locale\" content=\"es_ES\" \/>\n<meta property=\"og:type\" content=\"article\" \/>\n<meta property=\"og:title\" content=\"Catorce a\u00f1os tras la visita de Juan Pablo II, Azerbaiy\u00e1n acoge de nuevo a un Papa.\" \/>\n<meta property=\"og:description\" content=\"El Santo Padre visitar\u00e1 a la min\u00fascula comunidad cat\u00f3lica; tambi\u00e9n quiere promover la paz en esta castigada regi\u00f3n. Ubicada al\" \/>\n<meta property=\"og:url\" content=\"https:\/\/acninternational.org\/es\/catorce-anos-tras-la-visita-de-juan-pablo-ii-azerbaiyan-acoge-de-nuevo-a-un-papa\/\" \/>\n<meta property=\"og:site_name\" content=\"ACN International\" \/>\n<meta property=\"article:publisher\" content=\"https:\/\/www.facebook.com\/acninternationalorg\" \/>\n<meta property=\"article:published_time\" content=\"2016-09-11T22:00:00+00:00\" \/>\n<meta property=\"og:image\" content=\"https:\/\/media.acninternational.org\/wp-content\/uploads\/2019\/11\/Catorce-a%C3%B1os-tras-la-visita-de-Juan-Pablo-II-Azerbaiy%C3%A1n-acoge-de-nuevo-a-un-Papa.-image.jpg\" \/>\n\t<meta property=\"og:image:width\" content=\"1960\" \/>\n\t<meta property=\"og:image:height\" content=\"600\" \/>\n\t<meta property=\"og:image:type\" content=\"image\/jpeg\" \/>\n<meta name=\"author\" content=\"admin_acn\" \/>\n<meta name=\"twitter:card\" content=\"summary_large_image\" \/>\n<meta name=\"twitter:creator\" content=\"@acn_int\" \/>\n<meta name=\"twitter:site\" content=\"@acn_int\" \/>\n<meta name=\"twitter:label1\" content=\"Escrito por\" \/>\n\t<meta name=\"twitter:data1\" content=\"admin_acn\" \/>\n\t<meta name=\"twitter:label2\" content=\"Tiempo de lectura\" \/>\n\t<meta name=\"twitter:data2\" content=\"4 minutos\" \/>\n<script type=\"application\/ld+json\" class=\"yoast-schema-graph\">{\"@context\":\"https:\\\/\\\/schema.org\",\"@graph\":[{\"@type\":\"Article\",\"@id\":\"https:\\\/\\\/acninternational.org\\\/es\\\/catorce-anos-tras-la-visita-de-juan-pablo-ii-azerbaiyan-acoge-de-nuevo-a-un-papa\\\/#article\",\"isPartOf\":{\"@id\":\"https:\\\/\\\/acninternational.org\\\/es\\\/catorce-anos-tras-la-visita-de-juan-pablo-ii-azerbaiyan-acoge-de-nuevo-a-un-papa\\\/\"},\"author\":{\"name\":\"admin_acn\",\"@id\":\"https:\\\/\\\/acninternational.org\\\/es\\\/#\\\/schema\\\/person\\\/5a7468d38fb12b1976b6eeda95c21ebc\"},\"headline\":\"Catorce a\u00f1os tras la visita de Juan Pablo II, Azerbaiy\u00e1n acoge de nuevo a un Papa.\",\"datePublished\":\"2016-09-11T22:00:00+00:00\",\"mainEntityOfPage\":{\"@id\":\"https:\\\/\\\/acninternational.org\\\/es\\\/catorce-anos-tras-la-visita-de-juan-pablo-ii-azerbaiyan-acoge-de-nuevo-a-un-papa\\\/\"},\"wordCount\":832,\"commentCount\":0,\"publisher\":{\"@id\":\"https:\\\/\\\/acninternational.org\\\/es\\\/#organization\"},\"image\":{\"@id\":\"https:\\\/\\\/acninternational.org\\\/es\\\/catorce-anos-tras-la-visita-de-juan-pablo-ii-azerbaiyan-acoge-de-nuevo-a-un-papa\\\/#primaryimage\"},\"thumbnailUrl\":\"https:\\\/\\\/media.acninternational.org\\\/wp-content\\\/uploads\\\/2019\\\/11\\\/Catorce-a%C3%B1os-tras-la-visita-de-Juan-Pablo-II-Azerbaiy%C3%A1n-acoge-de-nuevo-a-un-Papa.-image.jpg\",\"articleSection\":[\"HISTORIAS\"],\"inLanguage\":\"es\",\"potentialAction\":[{\"@type\":\"CommentAction\",\"name\":\"Comment\",\"target\":[\"https:\\\/\\\/acninternational.org\\\/es\\\/catorce-anos-tras-la-visita-de-juan-pablo-ii-azerbaiyan-acoge-de-nuevo-a-un-papa\\\/#respond\"]}]},{\"@type\":\"WebPage\",\"@id\":\"https:\\\/\\\/acninternational.org\\\/es\\\/catorce-anos-tras-la-visita-de-juan-pablo-ii-azerbaiyan-acoge-de-nuevo-a-un-papa\\\/\",\"url\":\"https:\\\/\\\/acninternational.org\\\/es\\\/catorce-anos-tras-la-visita-de-juan-pablo-ii-azerbaiyan-acoge-de-nuevo-a-un-papa\\\/\",\"name\":\"Catorce a\u00f1os tras la visita de Juan Pablo II, Azerbaiy\u00e1n acoge de nuevo a un Papa. | ACN International\",\"isPartOf\":{\"@id\":\"https:\\\/\\\/acninternational.org\\\/es\\\/#website\"},\"primaryImageOfPage\":{\"@id\":\"https:\\\/\\\/acninternational.org\\\/es\\\/catorce-anos-tras-la-visita-de-juan-pablo-ii-azerbaiyan-acoge-de-nuevo-a-un-papa\\\/#primaryimage\"},\"image\":{\"@id\":\"https:\\\/\\\/acninternational.org\\\/es\\\/catorce-anos-tras-la-visita-de-juan-pablo-ii-azerbaiyan-acoge-de-nuevo-a-un-papa\\\/#primaryimage\"},\"thumbnailUrl\":\"https:\\\/\\\/media.acninternational.org\\\/wp-content\\\/uploads\\\/2019\\\/11\\\/Catorce-a%C3%B1os-tras-la-visita-de-Juan-Pablo-II-Azerbaiy%C3%A1n-acoge-de-nuevo-a-un-Papa.-image.jpg\",\"datePublished\":\"2016-09-11T22:00:00+00:00\",\"breadcrumb\":{\"@id\":\"https:\\\/\\\/acninternational.org\\\/es\\\/catorce-anos-tras-la-visita-de-juan-pablo-ii-azerbaiyan-acoge-de-nuevo-a-un-papa\\\/#breadcrumb\"},\"inLanguage\":\"es\",\"potentialAction\":[{\"@type\":\"ReadAction\",\"target\":[\"https:\\\/\\\/acninternational.org\\\/es\\\/catorce-anos-tras-la-visita-de-juan-pablo-ii-azerbaiyan-acoge-de-nuevo-a-un-papa\\\/\"]}]},{\"@type\":\"ImageObject\",\"inLanguage\":\"es\",\"@id\":\"https:\\\/\\\/acninternational.org\\\/es\\\/catorce-anos-tras-la-visita-de-juan-pablo-ii-azerbaiyan-acoge-de-nuevo-a-un-papa\\\/#primaryimage\",\"url\":\"https:\\\/\\\/media.acninternational.org\\\/wp-content\\\/uploads\\\/2019\\\/11\\\/Catorce-a%C3%B1os-tras-la-visita-de-Juan-Pablo-II-Azerbaiy%C3%A1n-acoge-de-nuevo-a-un-Papa.-image.jpg\",\"contentUrl\":\"https:\\\/\\\/media.acninternational.org\\\/wp-content\\\/uploads\\\/2019\\\/11\\\/Catorce-a%C3%B1os-tras-la-visita-de-Juan-Pablo-II-Azerbaiy%C3%A1n-acoge-de-nuevo-a-un-Papa.-image.jpg\",\"width\":1960,\"height\":600,\"caption\":\"Catorce a\u00f1os tras la visita de Juan Pablo II, Azerbaiy\u00e1n acoge de nuevo a un Papa.\"},{\"@type\":\"BreadcrumbList\",\"@id\":\"https:\\\/\\\/acninternational.org\\\/es\\\/catorce-anos-tras-la-visita-de-juan-pablo-ii-azerbaiyan-acoge-de-nuevo-a-un-papa\\\/#breadcrumb\",\"itemListElement\":[{\"@type\":\"ListItem\",\"position\":1,\"name\":\"Home\",\"item\":\"https:\\\/\\\/acninternational.org\\\/es\\\/\"},{\"@type\":\"ListItem\",\"position\":2,\"name\":\"HISTORIAS\",\"item\":\"https:\\\/\\\/acninternational.org\\\/es\\\/category\\\/historias\\\/\"},{\"@type\":\"ListItem\",\"position\":3,\"name\":\"Catorce a\u00f1os tras la visita de Juan Pablo II, Azerbaiy\u00e1n acoge de nuevo a un Papa.\"}]},{\"@type\":\"WebSite\",\"@id\":\"https:\\\/\\\/acninternational.org\\\/es\\\/#website\",\"url\":\"https:\\\/\\\/acninternational.org\\\/es\\\/\",\"name\":\"ACN International\",\"description\":\"\",\"publisher\":{\"@id\":\"https:\\\/\\\/acninternational.org\\\/es\\\/#organization\"},\"potentialAction\":[{\"@type\":\"SearchAction\",\"target\":{\"@type\":\"EntryPoint\",\"urlTemplate\":\"https:\\\/\\\/acninternational.org\\\/es\\\/?s={search_term_string}\"},\"query-input\":{\"@type\":\"PropertyValueSpecification\",\"valueRequired\":true,\"valueName\":\"search_term_string\"}}],\"inLanguage\":\"es\"},{\"@type\":\"Organization\",\"@id\":\"https:\\\/\\\/acninternational.org\\\/es\\\/#organization\",\"name\":\"Aid to the Church in Need International\",\"url\":\"https:\\\/\\\/acninternational.org\\\/es\\\/\",\"logo\":{\"@type\":\"ImageObject\",\"inLanguage\":\"es\",\"@id\":\"https:\\\/\\\/acninternational.org\\\/es\\\/#\\\/schema\\\/logo\\\/image\\\/\",\"url\":\"https:\\\/\\\/media.acninternational.org\\\/wp-content\\\/uploads\\\/2019\\\/11\\\/acn_logo_blackvector.svg\",\"contentUrl\":\"https:\\\/\\\/media.acninternational.org\\\/wp-content\\\/uploads\\\/2019\\\/11\\\/acn_logo_blackvector.svg\",\"width\":232.6,\"height\":78,\"caption\":\"Aid to the Church in Need International\"},\"image\":{\"@id\":\"https:\\\/\\\/acninternational.org\\\/es\\\/#\\\/schema\\\/logo\\\/image\\\/\"},\"sameAs\":[\"https:\\\/\\\/www.facebook.com\\\/acninternationalorg\",\"https:\\\/\\\/x.com\\\/acn_int\",\"https:\\\/\\\/www.youtube.com\\\/channel\\\/UCQ-077gS0TnVzkhHmf1opZw\",\"https:\\\/\\\/www.instagram.com\\\/acn_international\\\/\"]},{\"@type\":\"Person\",\"@id\":\"https:\\\/\\\/acninternational.org\\\/es\\\/#\\\/schema\\\/person\\\/5a7468d38fb12b1976b6eeda95c21ebc\",\"name\":\"admin_acn\",\"url\":\"https:\\\/\\\/acninternational.org\\\/es\\\/author\\\/admin_acn\\\/\"}]}<\/script>\n<!-- \/ Yoast SEO Premium plugin. -->","yoast_head_json":{"title":"Catorce a\u00f1os tras la visita de Juan Pablo II, Azerbaiy\u00e1n acoge de nuevo a un Papa. | ACN International","robots":{"index":"index","follow":"follow","max-snippet":"max-snippet:-1","max-image-preview":"max-image-preview:large","max-video-preview":"max-video-preview:-1"},"canonical":"https:\/\/acninternational.org\/es\/catorce-anos-tras-la-visita-de-juan-pablo-ii-azerbaiyan-acoge-de-nuevo-a-un-papa\/","og_locale":"es_ES","og_type":"article","og_title":"Catorce a\u00f1os tras la visita de Juan Pablo II, Azerbaiy\u00e1n acoge de nuevo a un Papa.","og_description":"El Santo Padre visitar\u00e1 a la min\u00fascula comunidad cat\u00f3lica; tambi\u00e9n quiere promover la paz en esta castigada regi\u00f3n. Ubicada al","og_url":"https:\/\/acninternational.org\/es\/catorce-anos-tras-la-visita-de-juan-pablo-ii-azerbaiyan-acoge-de-nuevo-a-un-papa\/","og_site_name":"ACN International","article_publisher":"https:\/\/www.facebook.com\/acninternationalorg","article_published_time":"2016-09-11T22:00:00+00:00","og_image":[{"width":1960,"height":600,"url":"https:\/\/media.acninternational.org\/wp-content\/uploads\/2019\/11\/Catorce-a%C3%B1os-tras-la-visita-de-Juan-Pablo-II-Azerbaiy%C3%A1n-acoge-de-nuevo-a-un-Papa.-image.jpg","type":"image\/jpeg"}],"author":"admin_acn","twitter_card":"summary_large_image","twitter_creator":"@acn_int","twitter_site":"@acn_int","twitter_misc":{"Escrito por":"admin_acn","Tiempo de lectura":"4 minutos"},"schema":{"@context":"https:\/\/schema.org","@graph":[{"@type":"Article","@id":"https:\/\/acninternational.org\/es\/catorce-anos-tras-la-visita-de-juan-pablo-ii-azerbaiyan-acoge-de-nuevo-a-un-papa\/#article","isPartOf":{"@id":"https:\/\/acninternational.org\/es\/catorce-anos-tras-la-visita-de-juan-pablo-ii-azerbaiyan-acoge-de-nuevo-a-un-papa\/"},"author":{"name":"admin_acn","@id":"https:\/\/acninternational.org\/es\/#\/schema\/person\/5a7468d38fb12b1976b6eeda95c21ebc"},"headline":"Catorce a\u00f1os tras la visita de Juan Pablo II, Azerbaiy\u00e1n acoge de nuevo a un Papa.","datePublished":"2016-09-11T22:00:00+00:00","mainEntityOfPage":{"@id":"https:\/\/acninternational.org\/es\/catorce-anos-tras-la-visita-de-juan-pablo-ii-azerbaiyan-acoge-de-nuevo-a-un-papa\/"},"wordCount":832,"commentCount":0,"publisher":{"@id":"https:\/\/acninternational.org\/es\/#organization"},"image":{"@id":"https:\/\/acninternational.org\/es\/catorce-anos-tras-la-visita-de-juan-pablo-ii-azerbaiyan-acoge-de-nuevo-a-un-papa\/#primaryimage"},"thumbnailUrl":"https:\/\/media.acninternational.org\/wp-content\/uploads\/2019\/11\/Catorce-a%C3%B1os-tras-la-visita-de-Juan-Pablo-II-Azerbaiy%C3%A1n-acoge-de-nuevo-a-un-Papa.-image.jpg","articleSection":["HISTORIAS"],"inLanguage":"es","potentialAction":[{"@type":"CommentAction","name":"Comment","target":["https:\/\/acninternational.org\/es\/catorce-anos-tras-la-visita-de-juan-pablo-ii-azerbaiyan-acoge-de-nuevo-a-un-papa\/#respond"]}]},{"@type":"WebPage","@id":"https:\/\/acninternational.org\/es\/catorce-anos-tras-la-visita-de-juan-pablo-ii-azerbaiyan-acoge-de-nuevo-a-un-papa\/","url":"https:\/\/acninternational.org\/es\/catorce-anos-tras-la-visita-de-juan-pablo-ii-azerbaiyan-acoge-de-nuevo-a-un-papa\/","name":"Catorce a\u00f1os tras la visita de Juan Pablo II, Azerbaiy\u00e1n acoge de nuevo a un Papa. | ACN International","isPartOf":{"@id":"https:\/\/acninternational.org\/es\/#website"},"primaryImageOfPage":{"@id":"https:\/\/acninternational.org\/es\/catorce-anos-tras-la-visita-de-juan-pablo-ii-azerbaiyan-acoge-de-nuevo-a-un-papa\/#primaryimage"},"image":{"@id":"https:\/\/acninternational.org\/es\/catorce-anos-tras-la-visita-de-juan-pablo-ii-azerbaiyan-acoge-de-nuevo-a-un-papa\/#primaryimage"},"thumbnailUrl":"https:\/\/media.acninternational.org\/wp-content\/uploads\/2019\/11\/Catorce-a%C3%B1os-tras-la-visita-de-Juan-Pablo-II-Azerbaiy%C3%A1n-acoge-de-nuevo-a-un-Papa.-image.jpg","datePublished":"2016-09-11T22:00:00+00:00","breadcrumb":{"@id":"https:\/\/acninternational.org\/es\/catorce-anos-tras-la-visita-de-juan-pablo-ii-azerbaiyan-acoge-de-nuevo-a-un-papa\/#breadcrumb"},"inLanguage":"es","potentialAction":[{"@type":"ReadAction","target":["https:\/\/acninternational.org\/es\/catorce-anos-tras-la-visita-de-juan-pablo-ii-azerbaiyan-acoge-de-nuevo-a-un-papa\/"]}]},{"@type":"ImageObject","inLanguage":"es","@id":"https:\/\/acninternational.org\/es\/catorce-anos-tras-la-visita-de-juan-pablo-ii-azerbaiyan-acoge-de-nuevo-a-un-papa\/#primaryimage","url":"https:\/\/media.acninternational.org\/wp-content\/uploads\/2019\/11\/Catorce-a%C3%B1os-tras-la-visita-de-Juan-Pablo-II-Azerbaiy%C3%A1n-acoge-de-nuevo-a-un-Papa.-image.jpg","contentUrl":"https:\/\/media.acninternational.org\/wp-content\/uploads\/2019\/11\/Catorce-a%C3%B1os-tras-la-visita-de-Juan-Pablo-II-Azerbaiy%C3%A1n-acoge-de-nuevo-a-un-Papa.-image.jpg","width":1960,"height":600,"caption":"Catorce a\u00f1os tras la visita de Juan Pablo II, Azerbaiy\u00e1n acoge de nuevo a un Papa."},{"@type":"BreadcrumbList","@id":"https:\/\/acninternational.org\/es\/catorce-anos-tras-la-visita-de-juan-pablo-ii-azerbaiyan-acoge-de-nuevo-a-un-papa\/#breadcrumb","itemListElement":[{"@type":"ListItem","position":1,"name":"Home","item":"https:\/\/acninternational.org\/es\/"},{"@type":"ListItem","position":2,"name":"HISTORIAS","item":"https:\/\/acninternational.org\/es\/category\/historias\/"},{"@type":"ListItem","position":3,"name":"Catorce a\u00f1os tras la visita de Juan Pablo II, Azerbaiy\u00e1n acoge de nuevo a un Papa."}]},{"@type":"WebSite","@id":"https:\/\/acninternational.org\/es\/#website","url":"https:\/\/acninternational.org\/es\/","name":"ACN International","description":"","publisher":{"@id":"https:\/\/acninternational.org\/es\/#organization"},"potentialAction":[{"@type":"SearchAction","target":{"@type":"EntryPoint","urlTemplate":"https:\/\/acninternational.org\/es\/?s={search_term_string}"},"query-input":{"@type":"PropertyValueSpecification","valueRequired":true,"valueName":"search_term_string"}}],"inLanguage":"es"},{"@type":"Organization","@id":"https:\/\/acninternational.org\/es\/#organization","name":"Aid to the Church in Need International","url":"https:\/\/acninternational.org\/es\/","logo":{"@type":"ImageObject","inLanguage":"es","@id":"https:\/\/acninternational.org\/es\/#\/schema\/logo\/image\/","url":"https:\/\/media.acninternational.org\/wp-content\/uploads\/2019\/11\/acn_logo_blackvector.svg","contentUrl":"https:\/\/media.acninternational.org\/wp-content\/uploads\/2019\/11\/acn_logo_blackvector.svg","width":232.6,"height":78,"caption":"Aid to the Church in Need International"},"image":{"@id":"https:\/\/acninternational.org\/es\/#\/schema\/logo\/image\/"},"sameAs":["https:\/\/www.facebook.com\/acninternationalorg","https:\/\/x.com\/acn_int","https:\/\/www.youtube.com\/channel\/UCQ-077gS0TnVzkhHmf1opZw","https:\/\/www.instagram.com\/acn_international\/"]},{"@type":"Person","@id":"https:\/\/acninternational.org\/es\/#\/schema\/person\/5a7468d38fb12b1976b6eeda95c21ebc","name":"admin_acn","url":"https:\/\/acninternational.org\/es\/author\/admin_acn\/"}]}},"_links":{"self":[{"href":"https:\/\/acninternational.org\/es\/wp-json\/wp\/v2\/posts\/113366","targetHints":{"allow":["GET"]}}],"collection":[{"href":"https:\/\/acninternational.org\/es\/wp-json\/wp\/v2\/posts"}],"about":[{"href":"https:\/\/acninternational.org\/es\/wp-json\/wp\/v2\/types\/post"}],"author":[{"embeddable":true,"href":"https:\/\/acninternational.org\/es\/wp-json\/wp\/v2\/users\/1"}],"replies":[{"embeddable":true,"href":"https:\/\/acninternational.org\/es\/wp-json\/wp\/v2\/comments?post=113366"}],"version-history":[{"count":0,"href":"https:\/\/acninternational.org\/es\/wp-json\/wp\/v2\/posts\/113366\/revisions"}],"wp:featuredmedia":[{"embeddable":true,"href":"https:\/\/acninternational.org\/es\/wp-json\/wp\/v2\/media\/113367"}],"wp:attachment":[{"href":"https:\/\/acninternational.org\/es\/wp-json\/wp\/v2\/media?parent=113366"}],"wp:term":[{"taxonomy":"category","embeddable":true,"href":"https:\/\/acninternational.org\/es\/wp-json\/wp\/v2\/categories?post=113366"},{"taxonomy":"post_tag","embeddable":true,"href":"https:\/\/acninternational.org\/es\/wp-json\/wp\/v2\/tags?post=113366"},{"taxonomy":"country","embeddable":true,"href":"https:\/\/acninternational.org\/es\/wp-json\/wp\/v2\/country?post=113366"}],"curies":[{"name":"wp","href":"https:\/\/api.w.org\/{rel}","templated":true}]}}