{"id":113351,"date":"2016-08-31T00:00:00","date_gmt":"2016-08-30T22:00:00","guid":{"rendered":"https:\/\/acninternational.org\/frenad-a-los-extremistas-que-entran-en-europa\/"},"modified":"2016-08-31T00:00:00","modified_gmt":"2016-08-30T22:00:00","slug":"frenad-a-los-extremistas-que-entran-en-europa","status":"publish","type":"post","link":"https:\/\/acninternational.org\/es\/frenad-a-los-extremistas-que-entran-en-europa\/","title":{"rendered":"Frenad a los extremistas que entran en Europa"},"content":{"rendered":"<p><strong>El l\u00edder sirio de una antigua Iglesia de rito oriental advierte de la necesidad de emprender acciones para afrontar la amenaza islamista a Europa<\/strong><\/p>\n<p>K\u00f6nigstein (Alemania) \/ Surrey (Reino Unido), 30 de agosto de 2016. Europa debe emprender acciones m\u00e1s decididas para impedir que los fundamentalistas entren en la regi\u00f3n, ha se\u00f1alado el l\u00edder de una antigua Iglesia mundial que vive en Siria. El l\u00edder advierte de la amenaza de una nueva generaci\u00f3n de musulmanes radicalizados. Su Santidad Ignacio Aphrem II, el Patriarca con sede en Damasco de la Iglesia Siro-Ortodoxa, ha dicho que, aunque muchos musulmanes que llegan a Europa son personas moderadas que buscan la paz, los gobiernos \u201cdeben estar preparados\u201d, pues est\u00e1 aumentando el n\u00famero de extremistas que rechazan los valores occidentales y que quieren imponer la <em>shar\u00eda <\/em>en el mayor territorio posible.<\/p>\n<p>Este Patriarca, que est\u00e1 a la cabeza de una Iglesia de m\u00e1s de cinco millones de fieles en todo el mundo, sugiere que, entre las nuevas medidas a explorar, deber\u00eda estar el examen de los que llegan y que son sospechosos de ser fundamentalistas, sobre todo, de las personas que llegan de pa\u00edses isl\u00e1micos y de los europeos que regresan de viajes a Oriente Pr\u00f3ximo y a otros pa\u00edses mayoritariamente musulmanes. Sin dejar a un lado la amenaza a las libertades civiles que puede suponer una examinaci\u00f3n hecha de forma inapropiada, el Patriarca resalt\u00f3 la necesidad de emprender m\u00e1s acciones para proteger a Europa de los radicales que quieren introducir e imponer la <em>shar\u00eda <\/em>y el Islam en Occidente.<\/p>\n<p>En una entrevista con <em>Ayuda a la Iglesia Necesitada \u2013<\/em>la fundaci\u00f3n pontificia que ayuda a los cristianos perseguidos\u2013, el Patriarca ha advertido: \u201cDeber\u00eda haber alguna manera de examinar a los que llegan a Europa para impedir la entrada a los que abrazan una ideolog\u00eda extremista\u201d. Y ha a\u00f1adido: \u201cNo s\u00e9 c\u00f3mo deber\u00eda hacerse, pero es necesario. Deber\u00eda realizarse sin infringir los derechos de aquellos que buscan la paz y acatan las leyes\u201d. Tambi\u00e9n ha dicho: \u201cHay quienes de Europa viajan a Siria o a otro lugar para impulsar la <em>yihad <\/em>y que luego regresan a sus pa\u00edses, y Europa debe estar preparada para ello\u201d.<\/p>\n<p>El Patriarca tambi\u00e9n ha se\u00f1alado: \u201cAqu\u00ed convivimos con musulmanes y los respetamos, pero lo que hemos visto en los \u00faltimos a\u00f1os es una variante diferente del Islam que considera a los no musulmanes <em>kaffirs <\/em>(no creyentes) y que considera no musulmanes a los musulmanes que no coinciden con su interpretaci\u00f3n del Islam. Lo que tememos no son los musulmanes moderados, sino ciertas expresiones del Islam que buscan la imposici\u00f3n de la <em>shar\u00eda <\/em>en Europa\u201d.<\/p>\n<p>Su Santidad tambi\u00e9n reclama a los gobiernos occidentales que insistan en que se puedan erigir iglesias en pa\u00edses musulmanes cada vez que haya planes de erigir mezquitas en Europa o en otro lugar de Occidente. Haciendo hincapi\u00e9 en esta reciprocidad religiosa, ha dicho: \u201c\u00bfPodemos esperar que los gobiernos europeos exijan a esos pa\u00edses [musulmanes] que se puedan erigir iglesias?\u201d.<\/p>\n<p>El Patriarca Aphrem tambi\u00e9n ha advertido del peligro de que el Cristianismo desaparezca de Siria, L\u00edbano y tambi\u00e9n Iraq. Adem\u00e1s, ha a\u00f1adido que la masiva disminuci\u00f3n de la poblaci\u00f3n cristiana en Turqu\u00eda \u2013de 3,5 millones a 150.000 en el transcurso del \u00faltimo siglo\u2013 pod\u00eda repetirse en Siria y el L\u00edbano: \u201cMe preocupa mucho el hecho de que el Cristianismo est\u00e9 desapareciendo tanto en Siria como en Iraq y el L\u00edbano\u201d. Seg\u00fan \u00e9l, el 80% de los cristianos de Iraq han abandonado el pa\u00eds desde el derrocamiento de Sadam Hussein en 2003.<\/p>\n<p>En cuanto a Siria, ha se\u00f1alado que, desde el inicio de la guerra en 2011, el 50 % de los cristianos del pa\u00eds se ha desplazado internamente o se ha refugiado en el extranjero. Adem\u00e1s, ha a\u00f1adido que en el L\u00edbano muchos cristianos refugiados eran tan pobres que no les qued\u00f3 m\u00e1s remedio que abandonar la regi\u00f3n.<\/p>\n<p>Finalmente, el Patriarca ha dado las gracias a <em>Ayuda a la Iglesia Necesitada <\/em>\u00a0(AIN) y a otras organizaciones por su labor, consistente en ofrecer ayudas de emergencia y apoyo espiritual a decenas de miles de personas que luchan por sobrevivir en Siria, Iraq y otros lugares.<\/p>\n<p>AIN est\u00e1 proveyendo a los cristianos y a personas de otras religiones en situaci\u00f3n de gran necesidad de v\u00edveres, alojamiento y medicinas, adem\u00e1s de prestar ayuda pastoral. En relaci\u00f3n con toda esta ayuda, el Patriarca ha dicho: \u201cLa labor de AIN es crucial y supone una gran diferencia. Miles y miles de cristianos dependen de la ayuda que est\u00e1n recibiendo de AIN y otras organizaciones.<\/p>\n<p>El Patriarca Aphrem ser\u00e1 el invitado de honor en la presentaci\u00f3n en Reino Unido del <em>Informe sobre libertad religiosa en el mundo<\/em> de AIN, informe que describe la situaci\u00f3n de los principales grupos religiosos en todos los pa\u00edses del mundo. Dicha presentaci\u00f3n tendr\u00e1 lugar en Londres el 24 de noviembre de este a\u00f1o.<\/p>\n","protected":false},"excerpt":{"rendered":"<p>El l\u00edder sirio de una antigua Iglesia de rito oriental advierte de la necesidad de emprender acciones para afrontar la<\/p>\n","protected":false},"author":1,"featured_media":113352,"comment_status":"open","ping_status":"open","sticky":false,"template":"","format":"standard","meta":{"_acf_changed":false,"_acn_coauthor_ids":[],"_acn_featured_article":false,"footnotes":""},"categories":[713],"tags":[],"country":[],"class_list":["post-113351","post","type-post","status-publish","format-standard","has-post-thumbnail","hentry","category-historias"],"acn_coauthors":[],"acf":[],"yoast_head":"<!-- This site is optimized with the Yoast SEO Premium plugin v27.5 (Yoast SEO v27.5) - https:\/\/yoast.com\/product\/yoast-seo-premium-wordpress\/ -->\n<title>Frenad a los extremistas que entran en Europa | ACN International<\/title>\n<meta name=\"robots\" content=\"index, follow, max-snippet:-1, max-image-preview:large, max-video-preview:-1\" \/>\n<link rel=\"canonical\" href=\"https:\/\/acninternational.org\/es\/frenad-a-los-extremistas-que-entran-en-europa\/\" \/>\n<meta property=\"og:locale\" content=\"es_ES\" \/>\n<meta property=\"og:type\" content=\"article\" \/>\n<meta property=\"og:title\" content=\"Frenad a los extremistas que entran en Europa\" \/>\n<meta property=\"og:description\" content=\"El l\u00edder sirio de una antigua Iglesia de rito oriental advierte de la necesidad de emprender acciones para afrontar la\" \/>\n<meta property=\"og:url\" content=\"https:\/\/acninternational.org\/es\/frenad-a-los-extremistas-que-entran-en-europa\/\" \/>\n<meta property=\"og:site_name\" content=\"ACN International\" \/>\n<meta property=\"article:publisher\" content=\"https:\/\/www.facebook.com\/acninternationalorg\" \/>\n<meta property=\"article:published_time\" content=\"2016-08-30T22:00:00+00:00\" \/>\n<meta property=\"og:image\" content=\"https:\/\/media.acninternational.org\/wp-content\/uploads\/2019\/11\/Frenad-a-los-extremistas-que-entran-en-Europa-image.jpg\" \/>\n\t<meta property=\"og:image:width\" content=\"1960\" \/>\n\t<meta property=\"og:image:height\" content=\"600\" \/>\n\t<meta property=\"og:image:type\" content=\"image\/jpeg\" \/>\n<meta name=\"author\" content=\"admin_acn\" \/>\n<meta name=\"twitter:card\" content=\"summary_large_image\" \/>\n<meta name=\"twitter:creator\" content=\"@acn_int\" \/>\n<meta name=\"twitter:site\" content=\"@acn_int\" \/>\n<meta name=\"twitter:label1\" content=\"Escrito por\" \/>\n\t<meta name=\"twitter:data1\" content=\"admin_acn\" \/>\n\t<meta name=\"twitter:label2\" content=\"Tiempo de lectura\" \/>\n\t<meta name=\"twitter:data2\" content=\"4 minutos\" \/>\n<script type=\"application\/ld+json\" class=\"yoast-schema-graph\">{\"@context\":\"https:\\\/\\\/schema.org\",\"@graph\":[{\"@type\":\"Article\",\"@id\":\"https:\\\/\\\/acninternational.org\\\/es\\\/frenad-a-los-extremistas-que-entran-en-europa\\\/#article\",\"isPartOf\":{\"@id\":\"https:\\\/\\\/acninternational.org\\\/es\\\/frenad-a-los-extremistas-que-entran-en-europa\\\/\"},\"author\":{\"name\":\"admin_acn\",\"@id\":\"https:\\\/\\\/acninternational.org\\\/es\\\/#\\\/schema\\\/person\\\/5a7468d38fb12b1976b6eeda95c21ebc\"},\"headline\":\"Frenad a los extremistas que entran en Europa\",\"datePublished\":\"2016-08-30T22:00:00+00:00\",\"mainEntityOfPage\":{\"@id\":\"https:\\\/\\\/acninternational.org\\\/es\\\/frenad-a-los-extremistas-que-entran-en-europa\\\/\"},\"wordCount\":868,\"commentCount\":0,\"publisher\":{\"@id\":\"https:\\\/\\\/acninternational.org\\\/es\\\/#organization\"},\"image\":{\"@id\":\"https:\\\/\\\/acninternational.org\\\/es\\\/frenad-a-los-extremistas-que-entran-en-europa\\\/#primaryimage\"},\"thumbnailUrl\":\"https:\\\/\\\/media.acninternational.org\\\/wp-content\\\/uploads\\\/2019\\\/11\\\/Frenad-a-los-extremistas-que-entran-en-Europa-image.jpg\",\"articleSection\":[\"HISTORIAS\"],\"inLanguage\":\"es\",\"potentialAction\":[{\"@type\":\"CommentAction\",\"name\":\"Comment\",\"target\":[\"https:\\\/\\\/acninternational.org\\\/es\\\/frenad-a-los-extremistas-que-entran-en-europa\\\/#respond\"]}]},{\"@type\":\"WebPage\",\"@id\":\"https:\\\/\\\/acninternational.org\\\/es\\\/frenad-a-los-extremistas-que-entran-en-europa\\\/\",\"url\":\"https:\\\/\\\/acninternational.org\\\/es\\\/frenad-a-los-extremistas-que-entran-en-europa\\\/\",\"name\":\"Frenad a los extremistas que entran en Europa | ACN International\",\"isPartOf\":{\"@id\":\"https:\\\/\\\/acninternational.org\\\/es\\\/#website\"},\"primaryImageOfPage\":{\"@id\":\"https:\\\/\\\/acninternational.org\\\/es\\\/frenad-a-los-extremistas-que-entran-en-europa\\\/#primaryimage\"},\"image\":{\"@id\":\"https:\\\/\\\/acninternational.org\\\/es\\\/frenad-a-los-extremistas-que-entran-en-europa\\\/#primaryimage\"},\"thumbnailUrl\":\"https:\\\/\\\/media.acninternational.org\\\/wp-content\\\/uploads\\\/2019\\\/11\\\/Frenad-a-los-extremistas-que-entran-en-Europa-image.jpg\",\"datePublished\":\"2016-08-30T22:00:00+00:00\",\"breadcrumb\":{\"@id\":\"https:\\\/\\\/acninternational.org\\\/es\\\/frenad-a-los-extremistas-que-entran-en-europa\\\/#breadcrumb\"},\"inLanguage\":\"es\",\"potentialAction\":[{\"@type\":\"ReadAction\",\"target\":[\"https:\\\/\\\/acninternational.org\\\/es\\\/frenad-a-los-extremistas-que-entran-en-europa\\\/\"]}]},{\"@type\":\"ImageObject\",\"inLanguage\":\"es\",\"@id\":\"https:\\\/\\\/acninternational.org\\\/es\\\/frenad-a-los-extremistas-que-entran-en-europa\\\/#primaryimage\",\"url\":\"https:\\\/\\\/media.acninternational.org\\\/wp-content\\\/uploads\\\/2019\\\/11\\\/Frenad-a-los-extremistas-que-entran-en-Europa-image.jpg\",\"contentUrl\":\"https:\\\/\\\/media.acninternational.org\\\/wp-content\\\/uploads\\\/2019\\\/11\\\/Frenad-a-los-extremistas-que-entran-en-Europa-image.jpg\",\"width\":1960,\"height\":600,\"caption\":\"Frenad a los extremistas que entran en Europa\"},{\"@type\":\"BreadcrumbList\",\"@id\":\"https:\\\/\\\/acninternational.org\\\/es\\\/frenad-a-los-extremistas-que-entran-en-europa\\\/#breadcrumb\",\"itemListElement\":[{\"@type\":\"ListItem\",\"position\":1,\"name\":\"Home\",\"item\":\"https:\\\/\\\/acninternational.org\\\/es\\\/\"},{\"@type\":\"ListItem\",\"position\":2,\"name\":\"HISTORIAS\",\"item\":\"https:\\\/\\\/acninternational.org\\\/es\\\/category\\\/historias\\\/\"},{\"@type\":\"ListItem\",\"position\":3,\"name\":\"Frenad a los extremistas que entran en Europa\"}]},{\"@type\":\"WebSite\",\"@id\":\"https:\\\/\\\/acninternational.org\\\/es\\\/#website\",\"url\":\"https:\\\/\\\/acninternational.org\\\/es\\\/\",\"name\":\"ACN International\",\"description\":\"\",\"publisher\":{\"@id\":\"https:\\\/\\\/acninternational.org\\\/es\\\/#organization\"},\"potentialAction\":[{\"@type\":\"SearchAction\",\"target\":{\"@type\":\"EntryPoint\",\"urlTemplate\":\"https:\\\/\\\/acninternational.org\\\/es\\\/?s={search_term_string}\"},\"query-input\":{\"@type\":\"PropertyValueSpecification\",\"valueRequired\":true,\"valueName\":\"search_term_string\"}}],\"inLanguage\":\"es\"},{\"@type\":\"Organization\",\"@id\":\"https:\\\/\\\/acninternational.org\\\/es\\\/#organization\",\"name\":\"Aid to the Church in Need International\",\"url\":\"https:\\\/\\\/acninternational.org\\\/es\\\/\",\"logo\":{\"@type\":\"ImageObject\",\"inLanguage\":\"es\",\"@id\":\"https:\\\/\\\/acninternational.org\\\/es\\\/#\\\/schema\\\/logo\\\/image\\\/\",\"url\":\"https:\\\/\\\/media.acninternational.org\\\/wp-content\\\/uploads\\\/2019\\\/11\\\/acn_logo_blackvector.svg\",\"contentUrl\":\"https:\\\/\\\/media.acninternational.org\\\/wp-content\\\/uploads\\\/2019\\\/11\\\/acn_logo_blackvector.svg\",\"width\":232.6,\"height\":78,\"caption\":\"Aid to the Church in Need International\"},\"image\":{\"@id\":\"https:\\\/\\\/acninternational.org\\\/es\\\/#\\\/schema\\\/logo\\\/image\\\/\"},\"sameAs\":[\"https:\\\/\\\/www.facebook.com\\\/acninternationalorg\",\"https:\\\/\\\/x.com\\\/acn_int\",\"https:\\\/\\\/www.youtube.com\\\/channel\\\/UCQ-077gS0TnVzkhHmf1opZw\",\"https:\\\/\\\/www.instagram.com\\\/acn_international\\\/\"]},{\"@type\":\"Person\",\"@id\":\"https:\\\/\\\/acninternational.org\\\/es\\\/#\\\/schema\\\/person\\\/5a7468d38fb12b1976b6eeda95c21ebc\",\"name\":\"admin_acn\",\"url\":\"https:\\\/\\\/acninternational.org\\\/es\\\/author\\\/admin_acn\\\/\"}]}<\/script>\n<!-- \/ Yoast SEO Premium plugin. -->","yoast_head_json":{"title":"Frenad a los extremistas que entran en Europa | ACN International","robots":{"index":"index","follow":"follow","max-snippet":"max-snippet:-1","max-image-preview":"max-image-preview:large","max-video-preview":"max-video-preview:-1"},"canonical":"https:\/\/acninternational.org\/es\/frenad-a-los-extremistas-que-entran-en-europa\/","og_locale":"es_ES","og_type":"article","og_title":"Frenad a los extremistas que entran en Europa","og_description":"El l\u00edder sirio de una antigua Iglesia de rito oriental advierte de la necesidad de emprender acciones para afrontar la","og_url":"https:\/\/acninternational.org\/es\/frenad-a-los-extremistas-que-entran-en-europa\/","og_site_name":"ACN International","article_publisher":"https:\/\/www.facebook.com\/acninternationalorg","article_published_time":"2016-08-30T22:00:00+00:00","og_image":[{"width":1960,"height":600,"url":"https:\/\/media.acninternational.org\/wp-content\/uploads\/2019\/11\/Frenad-a-los-extremistas-que-entran-en-Europa-image.jpg","type":"image\/jpeg"}],"author":"admin_acn","twitter_card":"summary_large_image","twitter_creator":"@acn_int","twitter_site":"@acn_int","twitter_misc":{"Escrito por":"admin_acn","Tiempo de lectura":"4 minutos"},"schema":{"@context":"https:\/\/schema.org","@graph":[{"@type":"Article","@id":"https:\/\/acninternational.org\/es\/frenad-a-los-extremistas-que-entran-en-europa\/#article","isPartOf":{"@id":"https:\/\/acninternational.org\/es\/frenad-a-los-extremistas-que-entran-en-europa\/"},"author":{"name":"admin_acn","@id":"https:\/\/acninternational.org\/es\/#\/schema\/person\/5a7468d38fb12b1976b6eeda95c21ebc"},"headline":"Frenad a los extremistas que entran en Europa","datePublished":"2016-08-30T22:00:00+00:00","mainEntityOfPage":{"@id":"https:\/\/acninternational.org\/es\/frenad-a-los-extremistas-que-entran-en-europa\/"},"wordCount":868,"commentCount":0,"publisher":{"@id":"https:\/\/acninternational.org\/es\/#organization"},"image":{"@id":"https:\/\/acninternational.org\/es\/frenad-a-los-extremistas-que-entran-en-europa\/#primaryimage"},"thumbnailUrl":"https:\/\/media.acninternational.org\/wp-content\/uploads\/2019\/11\/Frenad-a-los-extremistas-que-entran-en-Europa-image.jpg","articleSection":["HISTORIAS"],"inLanguage":"es","potentialAction":[{"@type":"CommentAction","name":"Comment","target":["https:\/\/acninternational.org\/es\/frenad-a-los-extremistas-que-entran-en-europa\/#respond"]}]},{"@type":"WebPage","@id":"https:\/\/acninternational.org\/es\/frenad-a-los-extremistas-que-entran-en-europa\/","url":"https:\/\/acninternational.org\/es\/frenad-a-los-extremistas-que-entran-en-europa\/","name":"Frenad a los extremistas que entran en Europa | ACN International","isPartOf":{"@id":"https:\/\/acninternational.org\/es\/#website"},"primaryImageOfPage":{"@id":"https:\/\/acninternational.org\/es\/frenad-a-los-extremistas-que-entran-en-europa\/#primaryimage"},"image":{"@id":"https:\/\/acninternational.org\/es\/frenad-a-los-extremistas-que-entran-en-europa\/#primaryimage"},"thumbnailUrl":"https:\/\/media.acninternational.org\/wp-content\/uploads\/2019\/11\/Frenad-a-los-extremistas-que-entran-en-Europa-image.jpg","datePublished":"2016-08-30T22:00:00+00:00","breadcrumb":{"@id":"https:\/\/acninternational.org\/es\/frenad-a-los-extremistas-que-entran-en-europa\/#breadcrumb"},"inLanguage":"es","potentialAction":[{"@type":"ReadAction","target":["https:\/\/acninternational.org\/es\/frenad-a-los-extremistas-que-entran-en-europa\/"]}]},{"@type":"ImageObject","inLanguage":"es","@id":"https:\/\/acninternational.org\/es\/frenad-a-los-extremistas-que-entran-en-europa\/#primaryimage","url":"https:\/\/media.acninternational.org\/wp-content\/uploads\/2019\/11\/Frenad-a-los-extremistas-que-entran-en-Europa-image.jpg","contentUrl":"https:\/\/media.acninternational.org\/wp-content\/uploads\/2019\/11\/Frenad-a-los-extremistas-que-entran-en-Europa-image.jpg","width":1960,"height":600,"caption":"Frenad a los extremistas que entran en Europa"},{"@type":"BreadcrumbList","@id":"https:\/\/acninternational.org\/es\/frenad-a-los-extremistas-que-entran-en-europa\/#breadcrumb","itemListElement":[{"@type":"ListItem","position":1,"name":"Home","item":"https:\/\/acninternational.org\/es\/"},{"@type":"ListItem","position":2,"name":"HISTORIAS","item":"https:\/\/acninternational.org\/es\/category\/historias\/"},{"@type":"ListItem","position":3,"name":"Frenad a los extremistas que entran en Europa"}]},{"@type":"WebSite","@id":"https:\/\/acninternational.org\/es\/#website","url":"https:\/\/acninternational.org\/es\/","name":"ACN International","description":"","publisher":{"@id":"https:\/\/acninternational.org\/es\/#organization"},"potentialAction":[{"@type":"SearchAction","target":{"@type":"EntryPoint","urlTemplate":"https:\/\/acninternational.org\/es\/?s={search_term_string}"},"query-input":{"@type":"PropertyValueSpecification","valueRequired":true,"valueName":"search_term_string"}}],"inLanguage":"es"},{"@type":"Organization","@id":"https:\/\/acninternational.org\/es\/#organization","name":"Aid to the Church in Need International","url":"https:\/\/acninternational.org\/es\/","logo":{"@type":"ImageObject","inLanguage":"es","@id":"https:\/\/acninternational.org\/es\/#\/schema\/logo\/image\/","url":"https:\/\/media.acninternational.org\/wp-content\/uploads\/2019\/11\/acn_logo_blackvector.svg","contentUrl":"https:\/\/media.acninternational.org\/wp-content\/uploads\/2019\/11\/acn_logo_blackvector.svg","width":232.6,"height":78,"caption":"Aid to the Church in Need International"},"image":{"@id":"https:\/\/acninternational.org\/es\/#\/schema\/logo\/image\/"},"sameAs":["https:\/\/www.facebook.com\/acninternationalorg","https:\/\/x.com\/acn_int","https:\/\/www.youtube.com\/channel\/UCQ-077gS0TnVzkhHmf1opZw","https:\/\/www.instagram.com\/acn_international\/"]},{"@type":"Person","@id":"https:\/\/acninternational.org\/es\/#\/schema\/person\/5a7468d38fb12b1976b6eeda95c21ebc","name":"admin_acn","url":"https:\/\/acninternational.org\/es\/author\/admin_acn\/"}]}},"_links":{"self":[{"href":"https:\/\/acninternational.org\/es\/wp-json\/wp\/v2\/posts\/113351","targetHints":{"allow":["GET"]}}],"collection":[{"href":"https:\/\/acninternational.org\/es\/wp-json\/wp\/v2\/posts"}],"about":[{"href":"https:\/\/acninternational.org\/es\/wp-json\/wp\/v2\/types\/post"}],"author":[{"embeddable":true,"href":"https:\/\/acninternational.org\/es\/wp-json\/wp\/v2\/users\/1"}],"replies":[{"embeddable":true,"href":"https:\/\/acninternational.org\/es\/wp-json\/wp\/v2\/comments?post=113351"}],"version-history":[{"count":0,"href":"https:\/\/acninternational.org\/es\/wp-json\/wp\/v2\/posts\/113351\/revisions"}],"wp:featuredmedia":[{"embeddable":true,"href":"https:\/\/acninternational.org\/es\/wp-json\/wp\/v2\/media\/113352"}],"wp:attachment":[{"href":"https:\/\/acninternational.org\/es\/wp-json\/wp\/v2\/media?parent=113351"}],"wp:term":[{"taxonomy":"category","embeddable":true,"href":"https:\/\/acninternational.org\/es\/wp-json\/wp\/v2\/categories?post=113351"},{"taxonomy":"post_tag","embeddable":true,"href":"https:\/\/acninternational.org\/es\/wp-json\/wp\/v2\/tags?post=113351"},{"taxonomy":"country","embeddable":true,"href":"https:\/\/acninternational.org\/es\/wp-json\/wp\/v2\/country?post=113351"}],"curies":[{"name":"wp","href":"https:\/\/api.w.org\/{rel}","templated":true}]}}