{"id":113299,"date":"2016-08-18T00:00:00","date_gmt":"2016-08-17T22:00:00","guid":{"rendered":"https:\/\/acninternational.org\/vuestra-resistencia-es-martirio-rocio-que-fecunda\/"},"modified":"2019-11-05T02:29:51","modified_gmt":"2019-11-05T01:29:51","slug":"vuestra-resistencia-es-martirio-rocio-que-fecunda","status":"publish","type":"post","link":"https:\/\/acninternational.org\/es\/vuestra-resistencia-es-martirio-rocio-que-fecunda\/","title":{"rendered":"\u201cVuestra resistencia es martirio, roc\u00edo que fecunda\u201d."},"content":{"rendered":"<p>K\u00f6nigstein, 16.08.2016. Con un viaje a trav\u00e9s de las historias sobre persecuci\u00f3n religiosa y los rostros de sus protagonistas la fundaci\u00f3n pontificia <em>Aid to the Church in Need (ACN) <\/em>participar\u00e1 del 19 al 25 de agosto en el <em>Meeting por la Amistad entre los Pueblos de Rimini. Este encuentro es organizado anualmente por el movimiento Comuni\u00f3n y Liberaci\u00f3n. La <\/em>exposici\u00f3n que cubre 500 metros cuadrados lleva t\u00edtulo \u201cVuestra resistencia es martirio, roc\u00edo que fecunda\u201d. La exposici\u00f3n no se limita a contar las persecuciones \u201clejanas\u201d sino tambi\u00e9n las que tienen lugar en Occidente, como la de Bataclan en Francia.<\/p>\n<p>La exposici\u00f3n termina con una representaci\u00f3n real de tres escenarios de las \u00faltimas matanzas: la zona destinada a los ni\u00f1os del parque de Lahore (Pakist\u00e1n), donde tuvo lugar el atentado del pasado 27 de marzo; el aula de la Universidad de Garissa (Kenia), donde el 2 de abril de 2015 fueron asesinados 148 estudiantes cristianos; y la mesa de la cafeter\u00eda de Dacca (Bangladesh), escenario de la matanza del 1 de julio pasado. Sobre los tres escenarios, un escrito sobre la pared dice: \u201cPuede ocurrir en cualquier lugar y a cualquier persona, por razones de fe\u201d.<\/p>\n<p>En estos escenarios el espectador se ve confrontado con aquello que las victimas vivieron o podr\u00edan haber vivido: Los columpios y toboganes en los que jugaban los treinta ni\u00f1os muertos en el atentado del parque Gulshan-e-Iqbal de Lahore la fiesta de Pascua, la tesis que Mary Muchire Shee, poco antes elegida Miss Garissa University, no llegar\u00e1 a escribir porque su vida ha sido destrozada junto con la de otros estudiantes que, como ella, no conoc\u00edan los vers\u00edculos del Cor\u00e1n, la carta del men\u00fa\u00a0 de la Cafeter\u00eda Holey Artisan de Dacca que las v\u00edctimas abrieron pocos instantes antes de ser\u00a0 asesinadas por ser consideradas infieles.<\/p>\n<p>En el muro de enfrente se contraponen otros tres escenarios que representan la respuesta concreta de <em>Aid to the Church in Need <\/em>a la persecuci\u00f3n. Son tres ejemplos de proyectos ligados a los atentados.<\/p>\n<p>Frente a quien, como en Lahore, destroza vidas de inocentes, ACN siembra la fe en el coraz\u00f3n de los ni\u00f1os a trav\u00e9s de la Biblia del Ni\u00f1o. Esta Biblia ilustrada ha sido traducida a 180 lenguas y de la que se han distribuido casi\u00a0 52 millones de ejemplares en todo el mundo. En <em>Rimini<\/em> ACN expondr\u00e1 una selecci\u00f3n de traducciones a 137 idiomas de cinco continentes.<\/p>\n<p>La respuesta a los estudiantes asesinados en Garissa son los m\u00e1s de 11.000 futuros sacerdotes gracias al apoyo de ACN se forman cada a\u00f1o y entre los cuales en torno al 35% son africanos. Miles de \u201csoldados de la fe\u201d representados por un escritorio cubierto de textos sagrados que la Fundaci\u00f3n Pontificia exhibir\u00e1 en al encuentro.<\/p>\n<p>Y, finalmente, frente a la matanza acaecida en Dacca, en Bangladesh se responde con el fortalecimiento de la comunidad cristiana local, concretamente, con la construcci\u00f3n de una iglesia en Harintana, donde ser\u00e1 construida la iglesia de San Miguel Arc\u00e1ngel gracias a la fundaci\u00f3n y a la familia de Simona Monti, una de las v\u00edctimas de la masacre. En R\u00edmini se reproducir\u00e1 el altar. Los c\u00e1lices y paramentos sagrados son tambi\u00e9n un regalo a la minor\u00eda cristiana bengal\u00ed, como respuesta a la barbarie fundamentalista.<\/p>\n<p>Adem\u00e1s de estas ambientaciones los visitantes atravesar\u00e1n en la exposici\u00f3n el t\u00fanel del recuerdo, para no olvidar a tantos m\u00e1rtires cristianos asesinados desde el odio a la fe: el P. Jacques Hamel en Francia, el P. Andrea Santoro en Turquia o Shahbaz Bhatti en Pakistan, asi como al peque\u00f1o Emmanuel Dike asesinado el dia de Navidad durante la santa misa en Madalla, Nigeria.<\/p>\n<p>Se trata de im\u00e1genes y escenas que quieren hacer reflexionar a los visitantes sobre lo que ocurre hoy a miles de cristianos en el mundo. Para responder a las preguntas e interrogantes que surjan durante la vista se cuentan con gu\u00edas de excepci\u00f3n: sacerdotes y fieles de la Iglesia perseguida \u2013de Siria, Iraq o Pakist\u00e1n por ejemplo\u2013 que compartir\u00e1n sus historias y el sufrimiento de sus comunidades durante los d\u00edas de la exhibici\u00f3n.<\/p>\n\n","protected":false},"excerpt":{"rendered":"<p>K\u00f6nigstein, 16.08.2016. Con un viaje a trav\u00e9s de las historias sobre persecuci\u00f3n religiosa y los rostros de sus protagonistas la<\/p>\n","protected":false},"author":1,"featured_media":113300,"comment_status":"open","ping_status":"open","sticky":false,"template":"","format":"standard","meta":{"_acf_changed":false,"_acn_coauthor_ids":[],"_acn_featured_article":false,"footnotes":""},"categories":[713],"tags":[],"country":[],"class_list":["post-113299","post","type-post","status-publish","format-standard","has-post-thumbnail","hentry","category-historias"],"acn_coauthors":[],"acf":[],"yoast_head":"<!-- This site is optimized with the Yoast SEO Premium plugin v27.5 (Yoast SEO v27.5) - https:\/\/yoast.com\/product\/yoast-seo-premium-wordpress\/ -->\n<title>\u201cVuestra resistencia es martirio, roc\u00edo que fecunda\u201d. | ACN International<\/title>\n<meta name=\"robots\" content=\"index, follow, max-snippet:-1, max-image-preview:large, max-video-preview:-1\" \/>\n<link rel=\"canonical\" href=\"https:\/\/acninternational.org\/es\/vuestra-resistencia-es-martirio-rocio-que-fecunda\/\" \/>\n<meta property=\"og:locale\" content=\"es_ES\" \/>\n<meta property=\"og:type\" content=\"article\" \/>\n<meta property=\"og:title\" content=\"\u201cVuestra resistencia es martirio, roc\u00edo que fecunda\u201d.\" \/>\n<meta property=\"og:description\" content=\"K\u00f6nigstein, 16.08.2016. Con un viaje a trav\u00e9s de las historias sobre persecuci\u00f3n religiosa y los rostros de sus protagonistas la\" \/>\n<meta property=\"og:url\" content=\"https:\/\/acninternational.org\/es\/vuestra-resistencia-es-martirio-rocio-que-fecunda\/\" \/>\n<meta property=\"og:site_name\" content=\"ACN International\" \/>\n<meta property=\"article:publisher\" content=\"https:\/\/www.facebook.com\/acninternationalorg\" \/>\n<meta property=\"article:published_time\" content=\"2016-08-17T22:00:00+00:00\" \/>\n<meta property=\"article:modified_time\" content=\"2019-11-05T01:29:51+00:00\" \/>\n<meta property=\"og:image\" content=\"https:\/\/media.acninternational.org\/wp-content\/uploads\/2019\/11\/%E2%80%9CVuestra-resistencia-es-martirio-roc%C3%ADo-que-fecunda%E2%80%9D.-image.jpg\" \/>\n\t<meta property=\"og:image:width\" content=\"1960\" \/>\n\t<meta property=\"og:image:height\" content=\"600\" \/>\n\t<meta property=\"og:image:type\" content=\"image\/jpeg\" \/>\n<meta name=\"author\" content=\"admin_acn\" \/>\n<meta name=\"twitter:card\" content=\"summary_large_image\" \/>\n<meta name=\"twitter:creator\" content=\"@acn_int\" \/>\n<meta name=\"twitter:site\" content=\"@acn_int\" \/>\n<meta name=\"twitter:label1\" content=\"Escrito por\" \/>\n\t<meta name=\"twitter:data1\" content=\"admin_acn\" \/>\n\t<meta name=\"twitter:label2\" content=\"Tiempo de lectura\" \/>\n\t<meta name=\"twitter:data2\" content=\"4 minutos\" \/>\n<script type=\"application\/ld+json\" class=\"yoast-schema-graph\">{\"@context\":\"https:\\\/\\\/schema.org\",\"@graph\":[{\"@type\":\"Article\",\"@id\":\"https:\\\/\\\/acninternational.org\\\/es\\\/vuestra-resistencia-es-martirio-rocio-que-fecunda\\\/#article\",\"isPartOf\":{\"@id\":\"https:\\\/\\\/acninternational.org\\\/es\\\/vuestra-resistencia-es-martirio-rocio-que-fecunda\\\/\"},\"author\":{\"name\":\"admin_acn\",\"@id\":\"https:\\\/\\\/acninternational.org\\\/es\\\/#\\\/schema\\\/person\\\/5a7468d38fb12b1976b6eeda95c21ebc\"},\"headline\":\"\u201cVuestra resistencia es martirio, roc\u00edo que fecunda\u201d.\",\"datePublished\":\"2016-08-17T22:00:00+00:00\",\"dateModified\":\"2019-11-05T01:29:51+00:00\",\"mainEntityOfPage\":{\"@id\":\"https:\\\/\\\/acninternational.org\\\/es\\\/vuestra-resistencia-es-martirio-rocio-que-fecunda\\\/\"},\"wordCount\":722,\"commentCount\":0,\"publisher\":{\"@id\":\"https:\\\/\\\/acninternational.org\\\/es\\\/#organization\"},\"image\":{\"@id\":\"https:\\\/\\\/acninternational.org\\\/es\\\/vuestra-resistencia-es-martirio-rocio-que-fecunda\\\/#primaryimage\"},\"thumbnailUrl\":\"https:\\\/\\\/media.acninternational.org\\\/wp-content\\\/uploads\\\/2019\\\/11\\\/%E2%80%9CVuestra-resistencia-es-martirio-roc%C3%ADo-que-fecunda%E2%80%9D.-image.jpg\",\"articleSection\":[\"HISTORIAS\"],\"inLanguage\":\"es\",\"potentialAction\":[{\"@type\":\"CommentAction\",\"name\":\"Comment\",\"target\":[\"https:\\\/\\\/acninternational.org\\\/es\\\/vuestra-resistencia-es-martirio-rocio-que-fecunda\\\/#respond\"]}]},{\"@type\":\"WebPage\",\"@id\":\"https:\\\/\\\/acninternational.org\\\/es\\\/vuestra-resistencia-es-martirio-rocio-que-fecunda\\\/\",\"url\":\"https:\\\/\\\/acninternational.org\\\/es\\\/vuestra-resistencia-es-martirio-rocio-que-fecunda\\\/\",\"name\":\"\u201cVuestra resistencia es martirio, roc\u00edo que fecunda\u201d. | ACN International\",\"isPartOf\":{\"@id\":\"https:\\\/\\\/acninternational.org\\\/es\\\/#website\"},\"primaryImageOfPage\":{\"@id\":\"https:\\\/\\\/acninternational.org\\\/es\\\/vuestra-resistencia-es-martirio-rocio-que-fecunda\\\/#primaryimage\"},\"image\":{\"@id\":\"https:\\\/\\\/acninternational.org\\\/es\\\/vuestra-resistencia-es-martirio-rocio-que-fecunda\\\/#primaryimage\"},\"thumbnailUrl\":\"https:\\\/\\\/media.acninternational.org\\\/wp-content\\\/uploads\\\/2019\\\/11\\\/%E2%80%9CVuestra-resistencia-es-martirio-roc%C3%ADo-que-fecunda%E2%80%9D.-image.jpg\",\"datePublished\":\"2016-08-17T22:00:00+00:00\",\"dateModified\":\"2019-11-05T01:29:51+00:00\",\"breadcrumb\":{\"@id\":\"https:\\\/\\\/acninternational.org\\\/es\\\/vuestra-resistencia-es-martirio-rocio-que-fecunda\\\/#breadcrumb\"},\"inLanguage\":\"es\",\"potentialAction\":[{\"@type\":\"ReadAction\",\"target\":[\"https:\\\/\\\/acninternational.org\\\/es\\\/vuestra-resistencia-es-martirio-rocio-que-fecunda\\\/\"]}]},{\"@type\":\"ImageObject\",\"inLanguage\":\"es\",\"@id\":\"https:\\\/\\\/acninternational.org\\\/es\\\/vuestra-resistencia-es-martirio-rocio-que-fecunda\\\/#primaryimage\",\"url\":\"https:\\\/\\\/media.acninternational.org\\\/wp-content\\\/uploads\\\/2019\\\/11\\\/%E2%80%9CVuestra-resistencia-es-martirio-roc%C3%ADo-que-fecunda%E2%80%9D.-image.jpg\",\"contentUrl\":\"https:\\\/\\\/media.acninternational.org\\\/wp-content\\\/uploads\\\/2019\\\/11\\\/%E2%80%9CVuestra-resistencia-es-martirio-roc%C3%ADo-que-fecunda%E2%80%9D.-image.jpg\",\"width\":1960,\"height\":600,\"caption\":\"\u201cVuestra resistencia es martirio, roc\u00edo que fecunda\u201d.\"},{\"@type\":\"BreadcrumbList\",\"@id\":\"https:\\\/\\\/acninternational.org\\\/es\\\/vuestra-resistencia-es-martirio-rocio-que-fecunda\\\/#breadcrumb\",\"itemListElement\":[{\"@type\":\"ListItem\",\"position\":1,\"name\":\"Home\",\"item\":\"https:\\\/\\\/acninternational.org\\\/es\\\/\"},{\"@type\":\"ListItem\",\"position\":2,\"name\":\"HISTORIAS\",\"item\":\"https:\\\/\\\/acninternational.org\\\/es\\\/category\\\/historias\\\/\"},{\"@type\":\"ListItem\",\"position\":3,\"name\":\"\u201cVuestra resistencia es martirio, roc\u00edo que fecunda\u201d.\"}]},{\"@type\":\"WebSite\",\"@id\":\"https:\\\/\\\/acninternational.org\\\/es\\\/#website\",\"url\":\"https:\\\/\\\/acninternational.org\\\/es\\\/\",\"name\":\"ACN International\",\"description\":\"\",\"publisher\":{\"@id\":\"https:\\\/\\\/acninternational.org\\\/es\\\/#organization\"},\"potentialAction\":[{\"@type\":\"SearchAction\",\"target\":{\"@type\":\"EntryPoint\",\"urlTemplate\":\"https:\\\/\\\/acninternational.org\\\/es\\\/?s={search_term_string}\"},\"query-input\":{\"@type\":\"PropertyValueSpecification\",\"valueRequired\":true,\"valueName\":\"search_term_string\"}}],\"inLanguage\":\"es\"},{\"@type\":\"Organization\",\"@id\":\"https:\\\/\\\/acninternational.org\\\/es\\\/#organization\",\"name\":\"Aid to the Church in Need International\",\"url\":\"https:\\\/\\\/acninternational.org\\\/es\\\/\",\"logo\":{\"@type\":\"ImageObject\",\"inLanguage\":\"es\",\"@id\":\"https:\\\/\\\/acninternational.org\\\/es\\\/#\\\/schema\\\/logo\\\/image\\\/\",\"url\":\"https:\\\/\\\/media.acninternational.org\\\/wp-content\\\/uploads\\\/2019\\\/11\\\/acn_logo_blackvector.svg\",\"contentUrl\":\"https:\\\/\\\/media.acninternational.org\\\/wp-content\\\/uploads\\\/2019\\\/11\\\/acn_logo_blackvector.svg\",\"width\":232.6,\"height\":78,\"caption\":\"Aid to the Church in Need International\"},\"image\":{\"@id\":\"https:\\\/\\\/acninternational.org\\\/es\\\/#\\\/schema\\\/logo\\\/image\\\/\"},\"sameAs\":[\"https:\\\/\\\/www.facebook.com\\\/acninternationalorg\",\"https:\\\/\\\/x.com\\\/acn_int\",\"https:\\\/\\\/www.youtube.com\\\/channel\\\/UCQ-077gS0TnVzkhHmf1opZw\",\"https:\\\/\\\/www.instagram.com\\\/acn_international\\\/\"]},{\"@type\":\"Person\",\"@id\":\"https:\\\/\\\/acninternational.org\\\/es\\\/#\\\/schema\\\/person\\\/5a7468d38fb12b1976b6eeda95c21ebc\",\"name\":\"admin_acn\",\"url\":\"https:\\\/\\\/acninternational.org\\\/es\\\/author\\\/admin_acn\\\/\"}]}<\/script>\n<!-- \/ Yoast SEO Premium plugin. -->","yoast_head_json":{"title":"\u201cVuestra resistencia es martirio, roc\u00edo que fecunda\u201d. | ACN International","robots":{"index":"index","follow":"follow","max-snippet":"max-snippet:-1","max-image-preview":"max-image-preview:large","max-video-preview":"max-video-preview:-1"},"canonical":"https:\/\/acninternational.org\/es\/vuestra-resistencia-es-martirio-rocio-que-fecunda\/","og_locale":"es_ES","og_type":"article","og_title":"\u201cVuestra resistencia es martirio, roc\u00edo que fecunda\u201d.","og_description":"K\u00f6nigstein, 16.08.2016. Con un viaje a trav\u00e9s de las historias sobre persecuci\u00f3n religiosa y los rostros de sus protagonistas la","og_url":"https:\/\/acninternational.org\/es\/vuestra-resistencia-es-martirio-rocio-que-fecunda\/","og_site_name":"ACN International","article_publisher":"https:\/\/www.facebook.com\/acninternationalorg","article_published_time":"2016-08-17T22:00:00+00:00","article_modified_time":"2019-11-05T01:29:51+00:00","og_image":[{"width":1960,"height":600,"url":"https:\/\/media.acninternational.org\/wp-content\/uploads\/2019\/11\/%E2%80%9CVuestra-resistencia-es-martirio-roc%C3%ADo-que-fecunda%E2%80%9D.-image.jpg","type":"image\/jpeg"}],"author":"admin_acn","twitter_card":"summary_large_image","twitter_creator":"@acn_int","twitter_site":"@acn_int","twitter_misc":{"Escrito por":"admin_acn","Tiempo de lectura":"4 minutos"},"schema":{"@context":"https:\/\/schema.org","@graph":[{"@type":"Article","@id":"https:\/\/acninternational.org\/es\/vuestra-resistencia-es-martirio-rocio-que-fecunda\/#article","isPartOf":{"@id":"https:\/\/acninternational.org\/es\/vuestra-resistencia-es-martirio-rocio-que-fecunda\/"},"author":{"name":"admin_acn","@id":"https:\/\/acninternational.org\/es\/#\/schema\/person\/5a7468d38fb12b1976b6eeda95c21ebc"},"headline":"\u201cVuestra resistencia es martirio, roc\u00edo que fecunda\u201d.","datePublished":"2016-08-17T22:00:00+00:00","dateModified":"2019-11-05T01:29:51+00:00","mainEntityOfPage":{"@id":"https:\/\/acninternational.org\/es\/vuestra-resistencia-es-martirio-rocio-que-fecunda\/"},"wordCount":722,"commentCount":0,"publisher":{"@id":"https:\/\/acninternational.org\/es\/#organization"},"image":{"@id":"https:\/\/acninternational.org\/es\/vuestra-resistencia-es-martirio-rocio-que-fecunda\/#primaryimage"},"thumbnailUrl":"https:\/\/media.acninternational.org\/wp-content\/uploads\/2019\/11\/%E2%80%9CVuestra-resistencia-es-martirio-roc%C3%ADo-que-fecunda%E2%80%9D.-image.jpg","articleSection":["HISTORIAS"],"inLanguage":"es","potentialAction":[{"@type":"CommentAction","name":"Comment","target":["https:\/\/acninternational.org\/es\/vuestra-resistencia-es-martirio-rocio-que-fecunda\/#respond"]}]},{"@type":"WebPage","@id":"https:\/\/acninternational.org\/es\/vuestra-resistencia-es-martirio-rocio-que-fecunda\/","url":"https:\/\/acninternational.org\/es\/vuestra-resistencia-es-martirio-rocio-que-fecunda\/","name":"\u201cVuestra resistencia es martirio, roc\u00edo que fecunda\u201d. | ACN International","isPartOf":{"@id":"https:\/\/acninternational.org\/es\/#website"},"primaryImageOfPage":{"@id":"https:\/\/acninternational.org\/es\/vuestra-resistencia-es-martirio-rocio-que-fecunda\/#primaryimage"},"image":{"@id":"https:\/\/acninternational.org\/es\/vuestra-resistencia-es-martirio-rocio-que-fecunda\/#primaryimage"},"thumbnailUrl":"https:\/\/media.acninternational.org\/wp-content\/uploads\/2019\/11\/%E2%80%9CVuestra-resistencia-es-martirio-roc%C3%ADo-que-fecunda%E2%80%9D.-image.jpg","datePublished":"2016-08-17T22:00:00+00:00","dateModified":"2019-11-05T01:29:51+00:00","breadcrumb":{"@id":"https:\/\/acninternational.org\/es\/vuestra-resistencia-es-martirio-rocio-que-fecunda\/#breadcrumb"},"inLanguage":"es","potentialAction":[{"@type":"ReadAction","target":["https:\/\/acninternational.org\/es\/vuestra-resistencia-es-martirio-rocio-que-fecunda\/"]}]},{"@type":"ImageObject","inLanguage":"es","@id":"https:\/\/acninternational.org\/es\/vuestra-resistencia-es-martirio-rocio-que-fecunda\/#primaryimage","url":"https:\/\/media.acninternational.org\/wp-content\/uploads\/2019\/11\/%E2%80%9CVuestra-resistencia-es-martirio-roc%C3%ADo-que-fecunda%E2%80%9D.-image.jpg","contentUrl":"https:\/\/media.acninternational.org\/wp-content\/uploads\/2019\/11\/%E2%80%9CVuestra-resistencia-es-martirio-roc%C3%ADo-que-fecunda%E2%80%9D.-image.jpg","width":1960,"height":600,"caption":"\u201cVuestra resistencia es martirio, roc\u00edo que fecunda\u201d."},{"@type":"BreadcrumbList","@id":"https:\/\/acninternational.org\/es\/vuestra-resistencia-es-martirio-rocio-que-fecunda\/#breadcrumb","itemListElement":[{"@type":"ListItem","position":1,"name":"Home","item":"https:\/\/acninternational.org\/es\/"},{"@type":"ListItem","position":2,"name":"HISTORIAS","item":"https:\/\/acninternational.org\/es\/category\/historias\/"},{"@type":"ListItem","position":3,"name":"\u201cVuestra resistencia es martirio, roc\u00edo que fecunda\u201d."}]},{"@type":"WebSite","@id":"https:\/\/acninternational.org\/es\/#website","url":"https:\/\/acninternational.org\/es\/","name":"ACN International","description":"","publisher":{"@id":"https:\/\/acninternational.org\/es\/#organization"},"potentialAction":[{"@type":"SearchAction","target":{"@type":"EntryPoint","urlTemplate":"https:\/\/acninternational.org\/es\/?s={search_term_string}"},"query-input":{"@type":"PropertyValueSpecification","valueRequired":true,"valueName":"search_term_string"}}],"inLanguage":"es"},{"@type":"Organization","@id":"https:\/\/acninternational.org\/es\/#organization","name":"Aid to the Church in Need International","url":"https:\/\/acninternational.org\/es\/","logo":{"@type":"ImageObject","inLanguage":"es","@id":"https:\/\/acninternational.org\/es\/#\/schema\/logo\/image\/","url":"https:\/\/media.acninternational.org\/wp-content\/uploads\/2019\/11\/acn_logo_blackvector.svg","contentUrl":"https:\/\/media.acninternational.org\/wp-content\/uploads\/2019\/11\/acn_logo_blackvector.svg","width":232.6,"height":78,"caption":"Aid to the Church in Need International"},"image":{"@id":"https:\/\/acninternational.org\/es\/#\/schema\/logo\/image\/"},"sameAs":["https:\/\/www.facebook.com\/acninternationalorg","https:\/\/x.com\/acn_int","https:\/\/www.youtube.com\/channel\/UCQ-077gS0TnVzkhHmf1opZw","https:\/\/www.instagram.com\/acn_international\/"]},{"@type":"Person","@id":"https:\/\/acninternational.org\/es\/#\/schema\/person\/5a7468d38fb12b1976b6eeda95c21ebc","name":"admin_acn","url":"https:\/\/acninternational.org\/es\/author\/admin_acn\/"}]}},"_links":{"self":[{"href":"https:\/\/acninternational.org\/es\/wp-json\/wp\/v2\/posts\/113299","targetHints":{"allow":["GET"]}}],"collection":[{"href":"https:\/\/acninternational.org\/es\/wp-json\/wp\/v2\/posts"}],"about":[{"href":"https:\/\/acninternational.org\/es\/wp-json\/wp\/v2\/types\/post"}],"author":[{"embeddable":true,"href":"https:\/\/acninternational.org\/es\/wp-json\/wp\/v2\/users\/1"}],"replies":[{"embeddable":true,"href":"https:\/\/acninternational.org\/es\/wp-json\/wp\/v2\/comments?post=113299"}],"version-history":[{"count":0,"href":"https:\/\/acninternational.org\/es\/wp-json\/wp\/v2\/posts\/113299\/revisions"}],"wp:featuredmedia":[{"embeddable":true,"href":"https:\/\/acninternational.org\/es\/wp-json\/wp\/v2\/media\/113300"}],"wp:attachment":[{"href":"https:\/\/acninternational.org\/es\/wp-json\/wp\/v2\/media?parent=113299"}],"wp:term":[{"taxonomy":"category","embeddable":true,"href":"https:\/\/acninternational.org\/es\/wp-json\/wp\/v2\/categories?post=113299"},{"taxonomy":"post_tag","embeddable":true,"href":"https:\/\/acninternational.org\/es\/wp-json\/wp\/v2\/tags?post=113299"},{"taxonomy":"country","embeddable":true,"href":"https:\/\/acninternational.org\/es\/wp-json\/wp\/v2\/country?post=113299"}],"curies":[{"name":"wp","href":"https:\/\/api.w.org\/{rel}","templated":true}]}}