{"id":113232,"date":"2016-08-05T00:00:00","date_gmt":"2016-08-04T22:00:00","guid":{"rendered":"https:\/\/acninternational.org\/no-pensaba-que-los-refugiados-iraquies-tendrian-que-seguir-viviendo-aun-hoy-lejos-de-su-patria\/"},"modified":"2019-11-05T02:29:29","modified_gmt":"2019-11-05T01:29:29","slug":"no-pensaba-que-los-refugiados-iraquies-tendrian-que-seguir-viviendo-aun-hoy-lejos-de-su-patria","status":"publish","type":"post","link":"https:\/\/acninternational.org\/es\/no-pensaba-que-los-refugiados-iraquies-tendrian-que-seguir-viviendo-aun-hoy-lejos-de-su-patria\/","title":{"rendered":"\u201cNo pensaba que los refugiados iraqu\u00edes tendr\u00edan que seguir viviendo, a\u00fan hoy, lejos de su patria\u201d"},"content":{"rendered":"<p><strong>\u00abEstoy impresionado por la fortaleza de la gente\u00bb <\/strong><\/p>\n<p>Andrzej Halemba, Director del departamento de Oriente Pr\u00f3ximo en \u00abAid to the Church in Need\u00bb, sobre la situaci\u00f3n de los cristianos en Irak dos a\u00f1os despu\u00e9s de huir del EI (Estado Isl\u00e1mico)<\/p>\n<p>por Oliver Maksan<\/p>\n<p><strong><em>Padre Halemba: poco despu\u00e9s de que los cristianos huyeran de la llanura de N\u00ednive (Irak), usted visit\u00f3 el pa\u00eds. \u00bfQu\u00e9 vio entonces? <\/em><\/strong><\/p>\n<p>Era, por supuesto, una situaci\u00f3n desoladora. Durante los primeros d\u00edas, la gente dorm\u00eda en el suelo. En el agosto iraqu\u00ed, las temperaturas son despiadadas, como unos 50 grados. Adem\u00e1s, la poblaci\u00f3n estaba traumatizada y era muy agresiva. A esto hay que a\u00f1adir que la gente se sent\u00eda traicionada no solo por sus vecinos musulmanes, que cooperaban con el EI y que saqueaban sus casas. Hab\u00edan confiado en que las tropas peshmergas kurdas defendieran sus pueblos; pero despu\u00e9s de que los peshmergas se retiraran, sorprendentemente y en contra de todo lo que hab\u00edan prometido, quedaron desprotegidos y emprendieron la huida, en parte bajo condiciones dram\u00e1ticas. Esto pod\u00eda verse en sus rostros.<\/p>\n<p><strong><em>\u00ab<\/em><em>Aid to the Church in Need\u00bb comenz\u00f3 muy pronto a ayudar.<\/em><\/strong><\/p>\n<p>S\u00ed. En aquel entonces se trataba de ayuda humanitaria de emergencia para nada menos que m\u00e1s de 120.000 cristianos. La iglesia local estaba completamente superada; pero con la ayuda de donantes y organizaciones internacionales como \u00abAid to the Church in Need\u00bb, la situaci\u00f3n se estabiliz\u00f3 relativamente pronto. No obstante, yo no pensaba que tendr\u00edan que seguir viviendo, a\u00fan hoy, lejos de su patria. La situaci\u00f3n pol\u00edtica y militar de Irak no ha permitido, sencillamente, la liberaci\u00f3n de los territorios cristianos ocupados por el EI. Naturalmente que eso corroe a las personas; ya entonces, muchos perdieron la fe en tener un futuro en Irak y solo quer\u00edan irse de all\u00ed. Me preguntaron muchas veces por d\u00f3lares y visados para salir del pa\u00eds.<\/p>\n<p><strong><em>Ahora hay informaciones de que un intento de liberar militarmente Mosul y sus alrededores ya solo es una cuesti\u00f3n de tiempo. <\/em><\/strong><\/p>\n<p>Esto es cierto. Y la gente tiene esperanza de ello. Ahora bien, esto tambi\u00e9n podr\u00eda producir nuevas dificultades, pues hay que pensar que Mosul es una ciudad millonaria. Si se produce un ataque, cientos de miles de personas huir\u00e1n de las luchas. \u00bfY ad\u00f3nde se dirigir\u00e1n? Probablemente a Kurdist\u00e1n, que ya ahora est\u00e1 superpoblado. Pero tambi\u00e9n parece l\u00f3gico que muchos sunitas de Mosul y alrededores se dirijan a los pueblos cristianos vac\u00edos y que encuentren refugio all\u00ed. Esto podr\u00eda producir dificultades nuevas e inesperadas, pues: \u00bfse volver\u00e1n a ir de all\u00ed? Todav\u00eda, eso es solo una posibilidad; pero a los Obispos de Irak este escenario les causa aut\u00e9ntica preocupaci\u00f3n: los cristianos ya tienen muchas malas experiencias con la ocupaci\u00f3n de la tierra.<\/p>\n<p><strong><em>\u00bfC\u00f3mo es la situaci\u00f3n de los refugiados actualmente? <\/em><\/strong><\/p>\n<p>En general, dir\u00eda que la gente ya no est\u00e1 tan perdida y agresiva. La Iglesia hace mucho por las personas, desde el punto de vista espiritual y psicol\u00f3gico. Los sacerdotes, y sobre todo las religiosas, est\u00e1n muy cercanos a ellos. La gente se ha amoldado a esta situaci\u00f3n. No digo que quieran vivir as\u00ed de modo permanente. Por supuesto que no. Pero han visto que no les han dejado solos. Hemos levantados escuelas, y pronto tambi\u00e9n abrir\u00e1n colegios de ense\u00f1anza media y superior. De este modo se quiere evitar que, como en Siria, crezca una generaci\u00f3n perdida. Adem\u00e1s, la mayor\u00eda de las personas no vive ya en tiendas de campa\u00f1a o en caravanas, sino en casas o viviendas alquiladas. Esto les ha devuelto la dignidad y la sensaci\u00f3n de tener de nuevo un hogar. Gracias a nuestros subsidios para alimentos y al trabajo propio quedan cubiertas las necesidades b\u00e1sicas. Pero, naturalmente, esto no puede seguir as\u00ed indefinidamente. Cuanto m\u00e1s dure este exilio, tantas m\u00e1s personas se ir\u00e1n. Ya son muchos los cristianos que han abandonado Irak.<\/p>\n<p><strong><em>\u00bfTiene cifras? <\/em><\/strong><\/p>\n<p>No exactas; pero de los aproximadamente 120.000 cristianos que huyeron al comienzo, muchos se han ido. Al principio ayudamos a unas 13.500 familias; hoy en d\u00eda hay entre 4.000 y 5.000 familias menos, que son las que se han ido. Es algo que duele; pero sin ayuda habr\u00edan sido todav\u00eda m\u00e1s. Una y otra vez me quedo impresionado por la gran fortaleza interior de la gente. Si se les ayuda, muchos volver\u00e1n a sus pueblos liberados.<\/p>\n<p><strong>Informaci\u00f3n:<\/strong> Desde el verano de 2014, \u00abAid to the Church in Need\u00bb ha aportado m\u00e1s de 19 millones de euros en concepto de ayuda para Irak. Con los proyectos de ayuda que se han aprobado ahora, esta cifra crecer\u00e1 hasta finales de a\u00f1o hasta unos 21 millones. Adem\u00e1s de ayuda humanitaria se apoya tambi\u00e9n la misi\u00f3n pastoral de la Iglesia en el pa\u00eds. Adem\u00e1s de la formaci\u00f3n y el mantenimiento de sacerdotes y religiosos se financian tambi\u00e9n iniciativas catequ\u00e9ticas como campamentos de verano para j\u00f3venes. Con la ayuda de \u00abAid to the Church in Need\u00bb pudieron visitar la Jornada Mundial de la Juventud de Cracovia, adem\u00e1s, m\u00e1s de 225 j\u00f3venes iraqu\u00edes.<\/p>\n","protected":false},"excerpt":{"rendered":"<p>\u00abEstoy impresionado por la fortaleza de la gente\u00bb  Andrzej Halemba, Director del departamento de Oriente Pr\u00f3ximo en \u00abAid to<\/p>\n","protected":false},"author":1,"featured_media":113233,"comment_status":"open","ping_status":"open","sticky":false,"template":"","format":"standard","meta":{"_acf_changed":false,"_acn_coauthor_ids":[],"footnotes":""},"categories":[713],"tags":[],"country":[],"class_list":["post-113232","post","type-post","status-publish","format-standard","has-post-thumbnail","hentry","category-historias"],"acn_coauthors":[],"acf":[],"yoast_head":"<!-- This site is optimized with the Yoast SEO Premium plugin v27.3 (Yoast SEO v27.3) - https:\/\/yoast.com\/product\/yoast-seo-premium-wordpress\/ -->\n<title>\u201cNo pensaba que los refugiados iraqu\u00edes tendr\u00edan que seguir viviendo, a\u00fan hoy, lejos de su patria\u201d | ACN International<\/title>\n<meta name=\"robots\" content=\"index, follow, max-snippet:-1, max-image-preview:large, max-video-preview:-1\" \/>\n<link rel=\"canonical\" href=\"https:\/\/acninternational.org\/es\/no-pensaba-que-los-refugiados-iraquies-tendrian-que-seguir-viviendo-aun-hoy-lejos-de-su-patria\/\" \/>\n<meta property=\"og:locale\" content=\"es_ES\" \/>\n<meta property=\"og:type\" content=\"article\" \/>\n<meta property=\"og:title\" content=\"\u201cNo pensaba que los refugiados iraqu\u00edes tendr\u00edan que seguir viviendo, a\u00fan hoy, lejos de su patria\u201d\" \/>\n<meta property=\"og:description\" content=\"\u00abEstoy impresionado por la fortaleza de la gente\u00bb Andrzej Halemba, Director del departamento de Oriente Pr\u00f3ximo en \u00abAid to\" \/>\n<meta property=\"og:url\" content=\"https:\/\/acninternational.org\/es\/no-pensaba-que-los-refugiados-iraquies-tendrian-que-seguir-viviendo-aun-hoy-lejos-de-su-patria\/\" \/>\n<meta property=\"og:site_name\" content=\"ACN International\" \/>\n<meta property=\"article:publisher\" content=\"https:\/\/www.facebook.com\/acninternationalorg\" \/>\n<meta property=\"article:published_time\" content=\"2016-08-04T22:00:00+00:00\" \/>\n<meta property=\"article:modified_time\" content=\"2019-11-05T01:29:29+00:00\" \/>\n<meta property=\"og:image\" content=\"https:\/\/media.acninternational.org\/wp-content\/uploads\/2019\/11\/%E2%80%9CNo-pensaba-que-los-refugiados-iraqu%C3%ADes-tendr%C3%ADan-que-seguir-viviendo-a%C3%BAn-hoy-lejos-de-su-patria%E2%80%9D-image.jpg\" \/>\n\t<meta property=\"og:image:width\" content=\"1960\" \/>\n\t<meta property=\"og:image:height\" content=\"600\" \/>\n\t<meta property=\"og:image:type\" content=\"image\/jpeg\" \/>\n<meta name=\"author\" content=\"admin_acn\" \/>\n<meta name=\"twitter:card\" content=\"summary_large_image\" \/>\n<meta name=\"twitter:creator\" content=\"@acn_int\" \/>\n<meta name=\"twitter:site\" content=\"@acn_int\" \/>\n<meta name=\"twitter:label1\" content=\"Escrito por\" \/>\n\t<meta name=\"twitter:data1\" content=\"admin_acn\" \/>\n\t<meta name=\"twitter:label2\" content=\"Tiempo de lectura\" \/>\n\t<meta name=\"twitter:data2\" content=\"4 minutos\" \/>\n<script type=\"application\/ld+json\" class=\"yoast-schema-graph\">{\"@context\":\"https:\\\/\\\/schema.org\",\"@graph\":[{\"@type\":\"Article\",\"@id\":\"https:\\\/\\\/acninternational.org\\\/es\\\/no-pensaba-que-los-refugiados-iraquies-tendrian-que-seguir-viviendo-aun-hoy-lejos-de-su-patria\\\/#article\",\"isPartOf\":{\"@id\":\"https:\\\/\\\/acninternational.org\\\/es\\\/no-pensaba-que-los-refugiados-iraquies-tendrian-que-seguir-viviendo-aun-hoy-lejos-de-su-patria\\\/\"},\"author\":{\"name\":\"admin_acn\",\"@id\":\"https:\\\/\\\/acninternational.org\\\/es\\\/#\\\/schema\\\/person\\\/5a7468d38fb12b1976b6eeda95c21ebc\"},\"headline\":\"\u201cNo pensaba que los refugiados iraqu\u00edes tendr\u00edan que seguir viviendo, a\u00fan hoy, lejos de su patria\u201d\",\"datePublished\":\"2016-08-04T22:00:00+00:00\",\"dateModified\":\"2019-11-05T01:29:29+00:00\",\"mainEntityOfPage\":{\"@id\":\"https:\\\/\\\/acninternational.org\\\/es\\\/no-pensaba-que-los-refugiados-iraquies-tendrian-que-seguir-viviendo-aun-hoy-lejos-de-su-patria\\\/\"},\"wordCount\":917,\"commentCount\":0,\"publisher\":{\"@id\":\"https:\\\/\\\/acninternational.org\\\/es\\\/#organization\"},\"image\":{\"@id\":\"https:\\\/\\\/acninternational.org\\\/es\\\/no-pensaba-que-los-refugiados-iraquies-tendrian-que-seguir-viviendo-aun-hoy-lejos-de-su-patria\\\/#primaryimage\"},\"thumbnailUrl\":\"https:\\\/\\\/media.acninternational.org\\\/wp-content\\\/uploads\\\/2019\\\/11\\\/%E2%80%9CNo-pensaba-que-los-refugiados-iraqu%C3%ADes-tendr%C3%ADan-que-seguir-viviendo-a%C3%BAn-hoy-lejos-de-su-patria%E2%80%9D-image.jpg\",\"articleSection\":[\"HISTORIAS\"],\"inLanguage\":\"es\",\"potentialAction\":[{\"@type\":\"CommentAction\",\"name\":\"Comment\",\"target\":[\"https:\\\/\\\/acninternational.org\\\/es\\\/no-pensaba-que-los-refugiados-iraquies-tendrian-que-seguir-viviendo-aun-hoy-lejos-de-su-patria\\\/#respond\"]}]},{\"@type\":\"WebPage\",\"@id\":\"https:\\\/\\\/acninternational.org\\\/es\\\/no-pensaba-que-los-refugiados-iraquies-tendrian-que-seguir-viviendo-aun-hoy-lejos-de-su-patria\\\/\",\"url\":\"https:\\\/\\\/acninternational.org\\\/es\\\/no-pensaba-que-los-refugiados-iraquies-tendrian-que-seguir-viviendo-aun-hoy-lejos-de-su-patria\\\/\",\"name\":\"\u201cNo pensaba que los refugiados iraqu\u00edes tendr\u00edan que seguir viviendo, a\u00fan hoy, lejos de su patria\u201d | ACN International\",\"isPartOf\":{\"@id\":\"https:\\\/\\\/acninternational.org\\\/es\\\/#website\"},\"primaryImageOfPage\":{\"@id\":\"https:\\\/\\\/acninternational.org\\\/es\\\/no-pensaba-que-los-refugiados-iraquies-tendrian-que-seguir-viviendo-aun-hoy-lejos-de-su-patria\\\/#primaryimage\"},\"image\":{\"@id\":\"https:\\\/\\\/acninternational.org\\\/es\\\/no-pensaba-que-los-refugiados-iraquies-tendrian-que-seguir-viviendo-aun-hoy-lejos-de-su-patria\\\/#primaryimage\"},\"thumbnailUrl\":\"https:\\\/\\\/media.acninternational.org\\\/wp-content\\\/uploads\\\/2019\\\/11\\\/%E2%80%9CNo-pensaba-que-los-refugiados-iraqu%C3%ADes-tendr%C3%ADan-que-seguir-viviendo-a%C3%BAn-hoy-lejos-de-su-patria%E2%80%9D-image.jpg\",\"datePublished\":\"2016-08-04T22:00:00+00:00\",\"dateModified\":\"2019-11-05T01:29:29+00:00\",\"breadcrumb\":{\"@id\":\"https:\\\/\\\/acninternational.org\\\/es\\\/no-pensaba-que-los-refugiados-iraquies-tendrian-que-seguir-viviendo-aun-hoy-lejos-de-su-patria\\\/#breadcrumb\"},\"inLanguage\":\"es\",\"potentialAction\":[{\"@type\":\"ReadAction\",\"target\":[\"https:\\\/\\\/acninternational.org\\\/es\\\/no-pensaba-que-los-refugiados-iraquies-tendrian-que-seguir-viviendo-aun-hoy-lejos-de-su-patria\\\/\"]}]},{\"@type\":\"ImageObject\",\"inLanguage\":\"es\",\"@id\":\"https:\\\/\\\/acninternational.org\\\/es\\\/no-pensaba-que-los-refugiados-iraquies-tendrian-que-seguir-viviendo-aun-hoy-lejos-de-su-patria\\\/#primaryimage\",\"url\":\"https:\\\/\\\/media.acninternational.org\\\/wp-content\\\/uploads\\\/2019\\\/11\\\/%E2%80%9CNo-pensaba-que-los-refugiados-iraqu%C3%ADes-tendr%C3%ADan-que-seguir-viviendo-a%C3%BAn-hoy-lejos-de-su-patria%E2%80%9D-image.jpg\",\"contentUrl\":\"https:\\\/\\\/media.acninternational.org\\\/wp-content\\\/uploads\\\/2019\\\/11\\\/%E2%80%9CNo-pensaba-que-los-refugiados-iraqu%C3%ADes-tendr%C3%ADan-que-seguir-viviendo-a%C3%BAn-hoy-lejos-de-su-patria%E2%80%9D-image.jpg\",\"width\":1960,\"height\":600,\"caption\":\"\u201cNo pensaba que los refugiados iraqu\u00edes tendr\u00edan que seguir viviendo, a\u00fan hoy, lejos de su patria\u201d\"},{\"@type\":\"BreadcrumbList\",\"@id\":\"https:\\\/\\\/acninternational.org\\\/es\\\/no-pensaba-que-los-refugiados-iraquies-tendrian-que-seguir-viviendo-aun-hoy-lejos-de-su-patria\\\/#breadcrumb\",\"itemListElement\":[{\"@type\":\"ListItem\",\"position\":1,\"name\":\"Home\",\"item\":\"https:\\\/\\\/acninternational.org\\\/es\\\/\"},{\"@type\":\"ListItem\",\"position\":2,\"name\":\"HISTORIAS\",\"item\":\"https:\\\/\\\/acninternational.org\\\/es\\\/category\\\/historias\\\/\"},{\"@type\":\"ListItem\",\"position\":3,\"name\":\"\u201cNo pensaba que los refugiados iraqu\u00edes tendr\u00edan que seguir viviendo, a\u00fan hoy, lejos de su patria\u201d\"}]},{\"@type\":\"WebSite\",\"@id\":\"https:\\\/\\\/acninternational.org\\\/es\\\/#website\",\"url\":\"https:\\\/\\\/acninternational.org\\\/es\\\/\",\"name\":\"ACN International\",\"description\":\"\",\"publisher\":{\"@id\":\"https:\\\/\\\/acninternational.org\\\/es\\\/#organization\"},\"potentialAction\":[{\"@type\":\"SearchAction\",\"target\":{\"@type\":\"EntryPoint\",\"urlTemplate\":\"https:\\\/\\\/acninternational.org\\\/es\\\/?s={search_term_string}\"},\"query-input\":{\"@type\":\"PropertyValueSpecification\",\"valueRequired\":true,\"valueName\":\"search_term_string\"}}],\"inLanguage\":\"es\"},{\"@type\":\"Organization\",\"@id\":\"https:\\\/\\\/acninternational.org\\\/es\\\/#organization\",\"name\":\"Aid to the Church in Need International\",\"url\":\"https:\\\/\\\/acninternational.org\\\/es\\\/\",\"logo\":{\"@type\":\"ImageObject\",\"inLanguage\":\"es\",\"@id\":\"https:\\\/\\\/acninternational.org\\\/es\\\/#\\\/schema\\\/logo\\\/image\\\/\",\"url\":\"https:\\\/\\\/media.acninternational.org\\\/wp-content\\\/uploads\\\/2019\\\/11\\\/acn_logo_blackvector.svg\",\"contentUrl\":\"https:\\\/\\\/media.acninternational.org\\\/wp-content\\\/uploads\\\/2019\\\/11\\\/acn_logo_blackvector.svg\",\"width\":232.6,\"height\":78,\"caption\":\"Aid to the Church in Need International\"},\"image\":{\"@id\":\"https:\\\/\\\/acninternational.org\\\/es\\\/#\\\/schema\\\/logo\\\/image\\\/\"},\"sameAs\":[\"https:\\\/\\\/www.facebook.com\\\/acninternationalorg\",\"https:\\\/\\\/x.com\\\/acn_int\",\"https:\\\/\\\/www.youtube.com\\\/channel\\\/UCQ-077gS0TnVzkhHmf1opZw\",\"https:\\\/\\\/www.instagram.com\\\/acn_international\\\/\"]},{\"@type\":\"Person\",\"@id\":\"https:\\\/\\\/acninternational.org\\\/es\\\/#\\\/schema\\\/person\\\/5a7468d38fb12b1976b6eeda95c21ebc\",\"name\":\"admin_acn\",\"url\":\"https:\\\/\\\/acninternational.org\\\/es\\\/author\\\/admin_acn\\\/\"}]}<\/script>\n<!-- \/ Yoast SEO Premium plugin. -->","yoast_head_json":{"title":"\u201cNo pensaba que los refugiados iraqu\u00edes tendr\u00edan que seguir viviendo, a\u00fan hoy, lejos de su patria\u201d | ACN International","robots":{"index":"index","follow":"follow","max-snippet":"max-snippet:-1","max-image-preview":"max-image-preview:large","max-video-preview":"max-video-preview:-1"},"canonical":"https:\/\/acninternational.org\/es\/no-pensaba-que-los-refugiados-iraquies-tendrian-que-seguir-viviendo-aun-hoy-lejos-de-su-patria\/","og_locale":"es_ES","og_type":"article","og_title":"\u201cNo pensaba que los refugiados iraqu\u00edes tendr\u00edan que seguir viviendo, a\u00fan hoy, lejos de su patria\u201d","og_description":"\u00abEstoy impresionado por la fortaleza de la gente\u00bb Andrzej Halemba, Director del departamento de Oriente Pr\u00f3ximo en \u00abAid to","og_url":"https:\/\/acninternational.org\/es\/no-pensaba-que-los-refugiados-iraquies-tendrian-que-seguir-viviendo-aun-hoy-lejos-de-su-patria\/","og_site_name":"ACN International","article_publisher":"https:\/\/www.facebook.com\/acninternationalorg","article_published_time":"2016-08-04T22:00:00+00:00","article_modified_time":"2019-11-05T01:29:29+00:00","og_image":[{"width":1960,"height":600,"url":"https:\/\/media.acninternational.org\/wp-content\/uploads\/2019\/11\/%E2%80%9CNo-pensaba-que-los-refugiados-iraqu%C3%ADes-tendr%C3%ADan-que-seguir-viviendo-a%C3%BAn-hoy-lejos-de-su-patria%E2%80%9D-image.jpg","type":"image\/jpeg"}],"author":"admin_acn","twitter_card":"summary_large_image","twitter_creator":"@acn_int","twitter_site":"@acn_int","twitter_misc":{"Escrito por":"admin_acn","Tiempo de lectura":"4 minutos"},"schema":{"@context":"https:\/\/schema.org","@graph":[{"@type":"Article","@id":"https:\/\/acninternational.org\/es\/no-pensaba-que-los-refugiados-iraquies-tendrian-que-seguir-viviendo-aun-hoy-lejos-de-su-patria\/#article","isPartOf":{"@id":"https:\/\/acninternational.org\/es\/no-pensaba-que-los-refugiados-iraquies-tendrian-que-seguir-viviendo-aun-hoy-lejos-de-su-patria\/"},"author":{"name":"admin_acn","@id":"https:\/\/acninternational.org\/es\/#\/schema\/person\/5a7468d38fb12b1976b6eeda95c21ebc"},"headline":"\u201cNo pensaba que los refugiados iraqu\u00edes tendr\u00edan que seguir viviendo, a\u00fan hoy, lejos de su patria\u201d","datePublished":"2016-08-04T22:00:00+00:00","dateModified":"2019-11-05T01:29:29+00:00","mainEntityOfPage":{"@id":"https:\/\/acninternational.org\/es\/no-pensaba-que-los-refugiados-iraquies-tendrian-que-seguir-viviendo-aun-hoy-lejos-de-su-patria\/"},"wordCount":917,"commentCount":0,"publisher":{"@id":"https:\/\/acninternational.org\/es\/#organization"},"image":{"@id":"https:\/\/acninternational.org\/es\/no-pensaba-que-los-refugiados-iraquies-tendrian-que-seguir-viviendo-aun-hoy-lejos-de-su-patria\/#primaryimage"},"thumbnailUrl":"https:\/\/media.acninternational.org\/wp-content\/uploads\/2019\/11\/%E2%80%9CNo-pensaba-que-los-refugiados-iraqu%C3%ADes-tendr%C3%ADan-que-seguir-viviendo-a%C3%BAn-hoy-lejos-de-su-patria%E2%80%9D-image.jpg","articleSection":["HISTORIAS"],"inLanguage":"es","potentialAction":[{"@type":"CommentAction","name":"Comment","target":["https:\/\/acninternational.org\/es\/no-pensaba-que-los-refugiados-iraquies-tendrian-que-seguir-viviendo-aun-hoy-lejos-de-su-patria\/#respond"]}]},{"@type":"WebPage","@id":"https:\/\/acninternational.org\/es\/no-pensaba-que-los-refugiados-iraquies-tendrian-que-seguir-viviendo-aun-hoy-lejos-de-su-patria\/","url":"https:\/\/acninternational.org\/es\/no-pensaba-que-los-refugiados-iraquies-tendrian-que-seguir-viviendo-aun-hoy-lejos-de-su-patria\/","name":"\u201cNo pensaba que los refugiados iraqu\u00edes tendr\u00edan que seguir viviendo, a\u00fan hoy, lejos de su patria\u201d | ACN International","isPartOf":{"@id":"https:\/\/acninternational.org\/es\/#website"},"primaryImageOfPage":{"@id":"https:\/\/acninternational.org\/es\/no-pensaba-que-los-refugiados-iraquies-tendrian-que-seguir-viviendo-aun-hoy-lejos-de-su-patria\/#primaryimage"},"image":{"@id":"https:\/\/acninternational.org\/es\/no-pensaba-que-los-refugiados-iraquies-tendrian-que-seguir-viviendo-aun-hoy-lejos-de-su-patria\/#primaryimage"},"thumbnailUrl":"https:\/\/media.acninternational.org\/wp-content\/uploads\/2019\/11\/%E2%80%9CNo-pensaba-que-los-refugiados-iraqu%C3%ADes-tendr%C3%ADan-que-seguir-viviendo-a%C3%BAn-hoy-lejos-de-su-patria%E2%80%9D-image.jpg","datePublished":"2016-08-04T22:00:00+00:00","dateModified":"2019-11-05T01:29:29+00:00","breadcrumb":{"@id":"https:\/\/acninternational.org\/es\/no-pensaba-que-los-refugiados-iraquies-tendrian-que-seguir-viviendo-aun-hoy-lejos-de-su-patria\/#breadcrumb"},"inLanguage":"es","potentialAction":[{"@type":"ReadAction","target":["https:\/\/acninternational.org\/es\/no-pensaba-que-los-refugiados-iraquies-tendrian-que-seguir-viviendo-aun-hoy-lejos-de-su-patria\/"]}]},{"@type":"ImageObject","inLanguage":"es","@id":"https:\/\/acninternational.org\/es\/no-pensaba-que-los-refugiados-iraquies-tendrian-que-seguir-viviendo-aun-hoy-lejos-de-su-patria\/#primaryimage","url":"https:\/\/media.acninternational.org\/wp-content\/uploads\/2019\/11\/%E2%80%9CNo-pensaba-que-los-refugiados-iraqu%C3%ADes-tendr%C3%ADan-que-seguir-viviendo-a%C3%BAn-hoy-lejos-de-su-patria%E2%80%9D-image.jpg","contentUrl":"https:\/\/media.acninternational.org\/wp-content\/uploads\/2019\/11\/%E2%80%9CNo-pensaba-que-los-refugiados-iraqu%C3%ADes-tendr%C3%ADan-que-seguir-viviendo-a%C3%BAn-hoy-lejos-de-su-patria%E2%80%9D-image.jpg","width":1960,"height":600,"caption":"\u201cNo pensaba que los refugiados iraqu\u00edes tendr\u00edan que seguir viviendo, a\u00fan hoy, lejos de su patria\u201d"},{"@type":"BreadcrumbList","@id":"https:\/\/acninternational.org\/es\/no-pensaba-que-los-refugiados-iraquies-tendrian-que-seguir-viviendo-aun-hoy-lejos-de-su-patria\/#breadcrumb","itemListElement":[{"@type":"ListItem","position":1,"name":"Home","item":"https:\/\/acninternational.org\/es\/"},{"@type":"ListItem","position":2,"name":"HISTORIAS","item":"https:\/\/acninternational.org\/es\/category\/historias\/"},{"@type":"ListItem","position":3,"name":"\u201cNo pensaba que los refugiados iraqu\u00edes tendr\u00edan que seguir viviendo, a\u00fan hoy, lejos de su patria\u201d"}]},{"@type":"WebSite","@id":"https:\/\/acninternational.org\/es\/#website","url":"https:\/\/acninternational.org\/es\/","name":"ACN International","description":"","publisher":{"@id":"https:\/\/acninternational.org\/es\/#organization"},"potentialAction":[{"@type":"SearchAction","target":{"@type":"EntryPoint","urlTemplate":"https:\/\/acninternational.org\/es\/?s={search_term_string}"},"query-input":{"@type":"PropertyValueSpecification","valueRequired":true,"valueName":"search_term_string"}}],"inLanguage":"es"},{"@type":"Organization","@id":"https:\/\/acninternational.org\/es\/#organization","name":"Aid to the Church in Need International","url":"https:\/\/acninternational.org\/es\/","logo":{"@type":"ImageObject","inLanguage":"es","@id":"https:\/\/acninternational.org\/es\/#\/schema\/logo\/image\/","url":"https:\/\/media.acninternational.org\/wp-content\/uploads\/2019\/11\/acn_logo_blackvector.svg","contentUrl":"https:\/\/media.acninternational.org\/wp-content\/uploads\/2019\/11\/acn_logo_blackvector.svg","width":232.6,"height":78,"caption":"Aid to the Church in Need International"},"image":{"@id":"https:\/\/acninternational.org\/es\/#\/schema\/logo\/image\/"},"sameAs":["https:\/\/www.facebook.com\/acninternationalorg","https:\/\/x.com\/acn_int","https:\/\/www.youtube.com\/channel\/UCQ-077gS0TnVzkhHmf1opZw","https:\/\/www.instagram.com\/acn_international\/"]},{"@type":"Person","@id":"https:\/\/acninternational.org\/es\/#\/schema\/person\/5a7468d38fb12b1976b6eeda95c21ebc","name":"admin_acn","url":"https:\/\/acninternational.org\/es\/author\/admin_acn\/"}]}},"_links":{"self":[{"href":"https:\/\/acninternational.org\/es\/wp-json\/wp\/v2\/posts\/113232","targetHints":{"allow":["GET"]}}],"collection":[{"href":"https:\/\/acninternational.org\/es\/wp-json\/wp\/v2\/posts"}],"about":[{"href":"https:\/\/acninternational.org\/es\/wp-json\/wp\/v2\/types\/post"}],"author":[{"embeddable":true,"href":"https:\/\/acninternational.org\/es\/wp-json\/wp\/v2\/users\/1"}],"replies":[{"embeddable":true,"href":"https:\/\/acninternational.org\/es\/wp-json\/wp\/v2\/comments?post=113232"}],"version-history":[{"count":0,"href":"https:\/\/acninternational.org\/es\/wp-json\/wp\/v2\/posts\/113232\/revisions"}],"wp:featuredmedia":[{"embeddable":true,"href":"https:\/\/acninternational.org\/es\/wp-json\/wp\/v2\/media\/113233"}],"wp:attachment":[{"href":"https:\/\/acninternational.org\/es\/wp-json\/wp\/v2\/media?parent=113232"}],"wp:term":[{"taxonomy":"category","embeddable":true,"href":"https:\/\/acninternational.org\/es\/wp-json\/wp\/v2\/categories?post=113232"},{"taxonomy":"post_tag","embeddable":true,"href":"https:\/\/acninternational.org\/es\/wp-json\/wp\/v2\/tags?post=113232"},{"taxonomy":"country","embeddable":true,"href":"https:\/\/acninternational.org\/es\/wp-json\/wp\/v2\/country?post=113232"}],"curies":[{"name":"wp","href":"https:\/\/api.w.org\/{rel}","templated":true}]}}