{"id":113217,"date":"2016-07-20T00:00:00","date_gmt":"2016-07-19T22:00:00","guid":{"rendered":"https:\/\/acninternational.org\/eran-veinticinco-una-carta-del-obispo-jean-clement-jeanbart-de-alepo\/"},"modified":"2016-07-20T00:00:00","modified_gmt":"2016-07-19T22:00:00","slug":"eran-veinticinco-una-carta-del-obispo-jean-clement-jeanbart-de-alepo","status":"publish","type":"post","link":"https:\/\/acninternational.org\/es\/eran-veinticinco-una-carta-del-obispo-jean-clement-jeanbart-de-alepo\/","title":{"rendered":"Eran veinticinco: una carta del Obispo Jean-Cl\u00e9ment Jeanbart de Alepo"},"content":{"rendered":"<p>Aid to the Church in Need ha recibo una carta (originalmente escrita en franc\u00e9s) de Mons. Jean-Cl\u00e9ment Jeanbart sobre los terribles ataque que Alepo sufri\u00f3 el pasado 3 de julio. Las fotograf\u00edas muestran el resultado de los ataques del domingo 10 de julio que nos han enviado nuestros colaboradores de proyectos tambi\u00e9n desde Alepo; nos han pedido que recemos y describen la situaci\u00f3n como \u201cmuy desoladora\u201d.<\/p>\n<p><em>Hab\u00eda veinticinco de ellos: veinte ni\u00f1os, tres sacerdotes y dos laicos voluntarios, que se hab\u00edan reunido despu\u00e9s de la misa de tarde del 2 de julio en la escuela Al-Wouroud, junto a la iglesia parroquial de San Demetrio en Alepo, cuando un cohete cay\u00f3 tan s\u00f3lo a unos pocos metros del interior de la iglesia. La gente del vecindario estaba en estado de p\u00e1nico, pero con calma y r\u00e1pidamente llevaron a los ni\u00f1os al s\u00f3tano, justo antes de que un segundo cohete cayera sobre la misma escuela. \u00a1Gracias a la Divina Providencia, ninguna de las veinticinco almas all\u00ed reunidas sufri\u00f3 un rasgu\u00f1o! Pero, mientras tanto, el fuego y la destrucci\u00f3n asuelan una vez m\u00e1s a la pobre parroquia que ya hab\u00eda visto sus edificios bombardeados y destruidos cuatro veces desde el comienzo de esta guerra detestable. Qu\u00e9 final triste para la semana. Una vez m\u00e1s, los habitantes de la ciudad tuvieron que sufrir el terror que no ha cesado de acosarles d\u00eda y noche.<\/em><\/p>\n<p><em><img loading=\"lazy\" decoding=\"async\" class=\"size-medium wp-image-403 alignleft\" src=\"http:\/\/news.acn-intl.org\/wp-content\/uploads\/2016\/07\/allepo2-180x300.jpg\" alt=\"allepo2\" width=\"180\" height=\"300\" \/>Al d\u00eda siguiente, cuando una gran multitud se hab\u00eda reunido para la misa del domingo, a m\u00ed me faltaban las palabras, pero les ped\u00ed a los fieles que se unieran a m\u00ed en una oraci\u00f3n de gracias al Se\u00f1or que, una vez m\u00e1s, hab\u00eda tenido a bien protegernos. Fue una buena ocasi\u00f3n para recordar a los cristianos que no est\u00e1n solos y que nuestro Buen Pastor siempre est\u00e1 ah\u00ed, muy cerca de nosotros, y que \u00c9l nunca nos dejar\u00e1 hu\u00e9rfanos o sin ayuda ni por un solo instante. Para los fieles y para m\u00ed mismo esto fue un momento de despertar y de darnos cuenta del cuidado con el que la Providencia del Se\u00f1or nos protege. Al revisar el curso de los acontecimientos de los \u00faltimos cinco a\u00f1os de esta guerra sin piedad, no podemos dejar de ver sus acciones salv\u00edficas para con nosotros. De no haber sido por Su tierno cuidado, esta terrible guerra e infernal nos habr\u00eda destruido completamente o nos habr\u00eda llevado a la desesperaci\u00f3n y la locura. Sin su protecci\u00f3n providencial, los bombardeos incesantes que estamos sufriendo nos habr\u00edan aniquilado hace mucho tiempo. De hecho, durante estos duros a\u00f1os de bombardeos, unas 300 bombas han afectado a varias iglesias, parroquias y recintos en Alepo.<\/em><\/p>\n<p><em>\u00bfAcaso debemos olvidar nuestra catedral o las cinco iglesias que han quedado inservibles? \u00bfo la destrucci\u00f3n de rector\u00edas y centros de catequesis, nuestras escuelas e instituciones da\u00f1adas y el centro archidiocesano pr\u00e1cticamente destruido por completo despu\u00e9s de haber sufrido seis ataques? A pesar de todo y gracias a Dios \u2013 a excepci\u00f3n de nuestro Padre Imad, gravemente herido y a\u00fan as\u00ed \u00a0milagrosamente recuperado \u2013\u00a0 ninguno de nuestros muchos sacerdotes, di\u00e1conos, laicos voluntarios han muerto. Todos ellos, al igual que el padre Imad, contin\u00faan entreg\u00e1ndose generosamente a sus tareas pastorales y apost\u00f3licas. \u00c9sta es otra raz\u00f3n m\u00e1s para que tengamos confianza en nuestro amado Jesucristo, el Todopoderoso y Misericordioso, Se\u00f1or del Cielo y de la Tierra.<\/em><\/p>\n<p><em>Mientras escribo esto, ensordecido por las explosiones de intensos bombardeos, levanto mis ojos a lo alto, para pedir a Dios que acorte este largo proceso que, durante cinco a\u00f1os, no ha dejado de afligir a su pueblo. Est\u00e1n desesperados y ya no saben a d\u00f3nde acudir, d\u00f3nde encontrar refugio. Por desgracia, muchos de ellos est\u00e1n huyendo del pa\u00eds y se habla de que Alepo perder\u00e1 a todos sus cristianos. Menuda desgracia, nuestros 2.000 a\u00f1os de antig\u00fcedad se enfrentan a un momento tan decisivo en su historia. Sin embargo, a pesar de todo, no vamos a permitir que nos derroen. Que nuestros amigos que nos desean el bien nos acompa\u00f1en con sus oraciones, que puedan estar a nuestro lado para defender nuestra causa, fortalecer nuestra resistencia y ayudarnos a quedarnos.<\/em><\/p>\n<p>Mons. Jean-Cl\u00e9ment Jeanbart, Obispo de Alepo (Siria)<strong><br \/>\n<\/strong><\/p>\n<p>Alepo, 3 de julio de 2016<\/p>\n","protected":false},"excerpt":{"rendered":"<p>Aid to the Church in Need ha recibo una carta (originalmente escrita en franc\u00e9s) de Mons. Jean-Cl\u00e9ment Jeanbart sobre los<\/p>\n","protected":false},"author":1,"featured_media":113218,"comment_status":"open","ping_status":"open","sticky":false,"template":"","format":"standard","meta":{"_acf_changed":false,"_acn_coauthor_ids":[],"_acn_featured_article":false,"footnotes":""},"categories":[713],"tags":[],"country":[],"class_list":["post-113217","post","type-post","status-publish","format-standard","has-post-thumbnail","hentry","category-historias"],"acn_coauthors":[],"acf":[],"yoast_head":"<!-- This site is optimized with the Yoast SEO Premium plugin v27.5 (Yoast SEO v27.5) - https:\/\/yoast.com\/product\/yoast-seo-premium-wordpress\/ -->\n<title>Eran veinticinco: una carta del Obispo Jean-Cl\u00e9ment Jeanbart de Alepo | ACN International<\/title>\n<meta name=\"robots\" content=\"index, follow, max-snippet:-1, max-image-preview:large, max-video-preview:-1\" \/>\n<link rel=\"canonical\" href=\"https:\/\/acninternational.org\/es\/eran-veinticinco-una-carta-del-obispo-jean-clement-jeanbart-de-alepo\/\" \/>\n<meta property=\"og:locale\" content=\"es_ES\" \/>\n<meta property=\"og:type\" content=\"article\" \/>\n<meta property=\"og:title\" content=\"Eran veinticinco: una carta del Obispo Jean-Cl\u00e9ment Jeanbart de Alepo\" \/>\n<meta property=\"og:description\" content=\"Aid to the Church in Need ha recibo una carta (originalmente escrita en franc\u00e9s) de Mons. Jean-Cl\u00e9ment Jeanbart sobre los\" \/>\n<meta property=\"og:url\" content=\"https:\/\/acninternational.org\/es\/eran-veinticinco-una-carta-del-obispo-jean-clement-jeanbart-de-alepo\/\" \/>\n<meta property=\"og:site_name\" content=\"ACN International\" \/>\n<meta property=\"article:publisher\" content=\"https:\/\/www.facebook.com\/acninternationalorg\" \/>\n<meta property=\"article:published_time\" content=\"2016-07-19T22:00:00+00:00\" \/>\n<meta property=\"og:image\" content=\"https:\/\/media.acninternational.org\/wp-content\/uploads\/2019\/11\/Eran-veinticinco-una-carta-del-Obispo-Jean-Cl%C3%A9ment-Jeanbart-de-Alepo-image.jpg\" \/>\n\t<meta property=\"og:image:width\" content=\"1960\" \/>\n\t<meta property=\"og:image:height\" content=\"600\" \/>\n\t<meta property=\"og:image:type\" content=\"image\/jpeg\" \/>\n<meta name=\"author\" content=\"admin_acn\" \/>\n<meta name=\"twitter:card\" content=\"summary_large_image\" \/>\n<meta name=\"twitter:creator\" content=\"@acn_int\" \/>\n<meta name=\"twitter:site\" content=\"@acn_int\" \/>\n<meta name=\"twitter:label1\" content=\"Escrito por\" \/>\n\t<meta name=\"twitter:data1\" content=\"admin_acn\" \/>\n\t<meta name=\"twitter:label2\" content=\"Tiempo de lectura\" \/>\n\t<meta name=\"twitter:data2\" content=\"4 minutos\" \/>\n<script type=\"application\/ld+json\" class=\"yoast-schema-graph\">{\"@context\":\"https:\\\/\\\/schema.org\",\"@graph\":[{\"@type\":\"Article\",\"@id\":\"https:\\\/\\\/acninternational.org\\\/es\\\/eran-veinticinco-una-carta-del-obispo-jean-clement-jeanbart-de-alepo\\\/#article\",\"isPartOf\":{\"@id\":\"https:\\\/\\\/acninternational.org\\\/es\\\/eran-veinticinco-una-carta-del-obispo-jean-clement-jeanbart-de-alepo\\\/\"},\"author\":{\"name\":\"admin_acn\",\"@id\":\"https:\\\/\\\/acninternational.org\\\/es\\\/#\\\/schema\\\/person\\\/5a7468d38fb12b1976b6eeda95c21ebc\"},\"headline\":\"Eran veinticinco: una carta del Obispo Jean-Cl\u00e9ment Jeanbart de Alepo\",\"datePublished\":\"2016-07-19T22:00:00+00:00\",\"mainEntityOfPage\":{\"@id\":\"https:\\\/\\\/acninternational.org\\\/es\\\/eran-veinticinco-una-carta-del-obispo-jean-clement-jeanbart-de-alepo\\\/\"},\"wordCount\":759,\"commentCount\":0,\"publisher\":{\"@id\":\"https:\\\/\\\/acninternational.org\\\/es\\\/#organization\"},\"image\":{\"@id\":\"https:\\\/\\\/acninternational.org\\\/es\\\/eran-veinticinco-una-carta-del-obispo-jean-clement-jeanbart-de-alepo\\\/#primaryimage\"},\"thumbnailUrl\":\"https:\\\/\\\/media.acninternational.org\\\/wp-content\\\/uploads\\\/2019\\\/11\\\/Eran-veinticinco-una-carta-del-Obispo-Jean-Cl%C3%A9ment-Jeanbart-de-Alepo-image.jpg\",\"articleSection\":[\"HISTORIAS\"],\"inLanguage\":\"es\",\"potentialAction\":[{\"@type\":\"CommentAction\",\"name\":\"Comment\",\"target\":[\"https:\\\/\\\/acninternational.org\\\/es\\\/eran-veinticinco-una-carta-del-obispo-jean-clement-jeanbart-de-alepo\\\/#respond\"]}]},{\"@type\":\"WebPage\",\"@id\":\"https:\\\/\\\/acninternational.org\\\/es\\\/eran-veinticinco-una-carta-del-obispo-jean-clement-jeanbart-de-alepo\\\/\",\"url\":\"https:\\\/\\\/acninternational.org\\\/es\\\/eran-veinticinco-una-carta-del-obispo-jean-clement-jeanbart-de-alepo\\\/\",\"name\":\"Eran veinticinco: una carta del Obispo Jean-Cl\u00e9ment Jeanbart de Alepo | ACN International\",\"isPartOf\":{\"@id\":\"https:\\\/\\\/acninternational.org\\\/es\\\/#website\"},\"primaryImageOfPage\":{\"@id\":\"https:\\\/\\\/acninternational.org\\\/es\\\/eran-veinticinco-una-carta-del-obispo-jean-clement-jeanbart-de-alepo\\\/#primaryimage\"},\"image\":{\"@id\":\"https:\\\/\\\/acninternational.org\\\/es\\\/eran-veinticinco-una-carta-del-obispo-jean-clement-jeanbart-de-alepo\\\/#primaryimage\"},\"thumbnailUrl\":\"https:\\\/\\\/media.acninternational.org\\\/wp-content\\\/uploads\\\/2019\\\/11\\\/Eran-veinticinco-una-carta-del-Obispo-Jean-Cl%C3%A9ment-Jeanbart-de-Alepo-image.jpg\",\"datePublished\":\"2016-07-19T22:00:00+00:00\",\"breadcrumb\":{\"@id\":\"https:\\\/\\\/acninternational.org\\\/es\\\/eran-veinticinco-una-carta-del-obispo-jean-clement-jeanbart-de-alepo\\\/#breadcrumb\"},\"inLanguage\":\"es\",\"potentialAction\":[{\"@type\":\"ReadAction\",\"target\":[\"https:\\\/\\\/acninternational.org\\\/es\\\/eran-veinticinco-una-carta-del-obispo-jean-clement-jeanbart-de-alepo\\\/\"]}]},{\"@type\":\"ImageObject\",\"inLanguage\":\"es\",\"@id\":\"https:\\\/\\\/acninternational.org\\\/es\\\/eran-veinticinco-una-carta-del-obispo-jean-clement-jeanbart-de-alepo\\\/#primaryimage\",\"url\":\"https:\\\/\\\/media.acninternational.org\\\/wp-content\\\/uploads\\\/2019\\\/11\\\/Eran-veinticinco-una-carta-del-Obispo-Jean-Cl%C3%A9ment-Jeanbart-de-Alepo-image.jpg\",\"contentUrl\":\"https:\\\/\\\/media.acninternational.org\\\/wp-content\\\/uploads\\\/2019\\\/11\\\/Eran-veinticinco-una-carta-del-Obispo-Jean-Cl%C3%A9ment-Jeanbart-de-Alepo-image.jpg\",\"width\":1960,\"height\":600,\"caption\":\"Eran veinticinco: una carta del Obispo Jean-Cl\u00e9ment Jeanbart de Alepo\"},{\"@type\":\"BreadcrumbList\",\"@id\":\"https:\\\/\\\/acninternational.org\\\/es\\\/eran-veinticinco-una-carta-del-obispo-jean-clement-jeanbart-de-alepo\\\/#breadcrumb\",\"itemListElement\":[{\"@type\":\"ListItem\",\"position\":1,\"name\":\"Home\",\"item\":\"https:\\\/\\\/acninternational.org\\\/es\\\/\"},{\"@type\":\"ListItem\",\"position\":2,\"name\":\"HISTORIAS\",\"item\":\"https:\\\/\\\/acninternational.org\\\/es\\\/category\\\/historias\\\/\"},{\"@type\":\"ListItem\",\"position\":3,\"name\":\"Eran veinticinco: una carta del Obispo Jean-Cl\u00e9ment Jeanbart de Alepo\"}]},{\"@type\":\"WebSite\",\"@id\":\"https:\\\/\\\/acninternational.org\\\/es\\\/#website\",\"url\":\"https:\\\/\\\/acninternational.org\\\/es\\\/\",\"name\":\"ACN International\",\"description\":\"\",\"publisher\":{\"@id\":\"https:\\\/\\\/acninternational.org\\\/es\\\/#organization\"},\"potentialAction\":[{\"@type\":\"SearchAction\",\"target\":{\"@type\":\"EntryPoint\",\"urlTemplate\":\"https:\\\/\\\/acninternational.org\\\/es\\\/?s={search_term_string}\"},\"query-input\":{\"@type\":\"PropertyValueSpecification\",\"valueRequired\":true,\"valueName\":\"search_term_string\"}}],\"inLanguage\":\"es\"},{\"@type\":\"Organization\",\"@id\":\"https:\\\/\\\/acninternational.org\\\/es\\\/#organization\",\"name\":\"Aid to the Church in Need International\",\"url\":\"https:\\\/\\\/acninternational.org\\\/es\\\/\",\"logo\":{\"@type\":\"ImageObject\",\"inLanguage\":\"es\",\"@id\":\"https:\\\/\\\/acninternational.org\\\/es\\\/#\\\/schema\\\/logo\\\/image\\\/\",\"url\":\"https:\\\/\\\/media.acninternational.org\\\/wp-content\\\/uploads\\\/2019\\\/11\\\/acn_logo_blackvector.svg\",\"contentUrl\":\"https:\\\/\\\/media.acninternational.org\\\/wp-content\\\/uploads\\\/2019\\\/11\\\/acn_logo_blackvector.svg\",\"width\":232.6,\"height\":78,\"caption\":\"Aid to the Church in Need International\"},\"image\":{\"@id\":\"https:\\\/\\\/acninternational.org\\\/es\\\/#\\\/schema\\\/logo\\\/image\\\/\"},\"sameAs\":[\"https:\\\/\\\/www.facebook.com\\\/acninternationalorg\",\"https:\\\/\\\/x.com\\\/acn_int\",\"https:\\\/\\\/www.youtube.com\\\/channel\\\/UCQ-077gS0TnVzkhHmf1opZw\",\"https:\\\/\\\/www.instagram.com\\\/acn_international\\\/\"]},{\"@type\":\"Person\",\"@id\":\"https:\\\/\\\/acninternational.org\\\/es\\\/#\\\/schema\\\/person\\\/5a7468d38fb12b1976b6eeda95c21ebc\",\"name\":\"admin_acn\",\"url\":\"https:\\\/\\\/acninternational.org\\\/es\\\/author\\\/admin_acn\\\/\"}]}<\/script>\n<!-- \/ Yoast SEO Premium plugin. -->","yoast_head_json":{"title":"Eran veinticinco: una carta del Obispo Jean-Cl\u00e9ment Jeanbart de Alepo | ACN International","robots":{"index":"index","follow":"follow","max-snippet":"max-snippet:-1","max-image-preview":"max-image-preview:large","max-video-preview":"max-video-preview:-1"},"canonical":"https:\/\/acninternational.org\/es\/eran-veinticinco-una-carta-del-obispo-jean-clement-jeanbart-de-alepo\/","og_locale":"es_ES","og_type":"article","og_title":"Eran veinticinco: una carta del Obispo Jean-Cl\u00e9ment Jeanbart de Alepo","og_description":"Aid to the Church in Need ha recibo una carta (originalmente escrita en franc\u00e9s) de Mons. Jean-Cl\u00e9ment Jeanbart sobre los","og_url":"https:\/\/acninternational.org\/es\/eran-veinticinco-una-carta-del-obispo-jean-clement-jeanbart-de-alepo\/","og_site_name":"ACN International","article_publisher":"https:\/\/www.facebook.com\/acninternationalorg","article_published_time":"2016-07-19T22:00:00+00:00","og_image":[{"width":1960,"height":600,"url":"https:\/\/media.acninternational.org\/wp-content\/uploads\/2019\/11\/Eran-veinticinco-una-carta-del-Obispo-Jean-Cl%C3%A9ment-Jeanbart-de-Alepo-image.jpg","type":"image\/jpeg"}],"author":"admin_acn","twitter_card":"summary_large_image","twitter_creator":"@acn_int","twitter_site":"@acn_int","twitter_misc":{"Escrito por":"admin_acn","Tiempo de lectura":"4 minutos"},"schema":{"@context":"https:\/\/schema.org","@graph":[{"@type":"Article","@id":"https:\/\/acninternational.org\/es\/eran-veinticinco-una-carta-del-obispo-jean-clement-jeanbart-de-alepo\/#article","isPartOf":{"@id":"https:\/\/acninternational.org\/es\/eran-veinticinco-una-carta-del-obispo-jean-clement-jeanbart-de-alepo\/"},"author":{"name":"admin_acn","@id":"https:\/\/acninternational.org\/es\/#\/schema\/person\/5a7468d38fb12b1976b6eeda95c21ebc"},"headline":"Eran veinticinco: una carta del Obispo Jean-Cl\u00e9ment Jeanbart de Alepo","datePublished":"2016-07-19T22:00:00+00:00","mainEntityOfPage":{"@id":"https:\/\/acninternational.org\/es\/eran-veinticinco-una-carta-del-obispo-jean-clement-jeanbart-de-alepo\/"},"wordCount":759,"commentCount":0,"publisher":{"@id":"https:\/\/acninternational.org\/es\/#organization"},"image":{"@id":"https:\/\/acninternational.org\/es\/eran-veinticinco-una-carta-del-obispo-jean-clement-jeanbart-de-alepo\/#primaryimage"},"thumbnailUrl":"https:\/\/media.acninternational.org\/wp-content\/uploads\/2019\/11\/Eran-veinticinco-una-carta-del-Obispo-Jean-Cl%C3%A9ment-Jeanbart-de-Alepo-image.jpg","articleSection":["HISTORIAS"],"inLanguage":"es","potentialAction":[{"@type":"CommentAction","name":"Comment","target":["https:\/\/acninternational.org\/es\/eran-veinticinco-una-carta-del-obispo-jean-clement-jeanbart-de-alepo\/#respond"]}]},{"@type":"WebPage","@id":"https:\/\/acninternational.org\/es\/eran-veinticinco-una-carta-del-obispo-jean-clement-jeanbart-de-alepo\/","url":"https:\/\/acninternational.org\/es\/eran-veinticinco-una-carta-del-obispo-jean-clement-jeanbart-de-alepo\/","name":"Eran veinticinco: una carta del Obispo Jean-Cl\u00e9ment Jeanbart de Alepo | ACN International","isPartOf":{"@id":"https:\/\/acninternational.org\/es\/#website"},"primaryImageOfPage":{"@id":"https:\/\/acninternational.org\/es\/eran-veinticinco-una-carta-del-obispo-jean-clement-jeanbart-de-alepo\/#primaryimage"},"image":{"@id":"https:\/\/acninternational.org\/es\/eran-veinticinco-una-carta-del-obispo-jean-clement-jeanbart-de-alepo\/#primaryimage"},"thumbnailUrl":"https:\/\/media.acninternational.org\/wp-content\/uploads\/2019\/11\/Eran-veinticinco-una-carta-del-Obispo-Jean-Cl%C3%A9ment-Jeanbart-de-Alepo-image.jpg","datePublished":"2016-07-19T22:00:00+00:00","breadcrumb":{"@id":"https:\/\/acninternational.org\/es\/eran-veinticinco-una-carta-del-obispo-jean-clement-jeanbart-de-alepo\/#breadcrumb"},"inLanguage":"es","potentialAction":[{"@type":"ReadAction","target":["https:\/\/acninternational.org\/es\/eran-veinticinco-una-carta-del-obispo-jean-clement-jeanbart-de-alepo\/"]}]},{"@type":"ImageObject","inLanguage":"es","@id":"https:\/\/acninternational.org\/es\/eran-veinticinco-una-carta-del-obispo-jean-clement-jeanbart-de-alepo\/#primaryimage","url":"https:\/\/media.acninternational.org\/wp-content\/uploads\/2019\/11\/Eran-veinticinco-una-carta-del-Obispo-Jean-Cl%C3%A9ment-Jeanbart-de-Alepo-image.jpg","contentUrl":"https:\/\/media.acninternational.org\/wp-content\/uploads\/2019\/11\/Eran-veinticinco-una-carta-del-Obispo-Jean-Cl%C3%A9ment-Jeanbart-de-Alepo-image.jpg","width":1960,"height":600,"caption":"Eran veinticinco: una carta del Obispo Jean-Cl\u00e9ment Jeanbart de Alepo"},{"@type":"BreadcrumbList","@id":"https:\/\/acninternational.org\/es\/eran-veinticinco-una-carta-del-obispo-jean-clement-jeanbart-de-alepo\/#breadcrumb","itemListElement":[{"@type":"ListItem","position":1,"name":"Home","item":"https:\/\/acninternational.org\/es\/"},{"@type":"ListItem","position":2,"name":"HISTORIAS","item":"https:\/\/acninternational.org\/es\/category\/historias\/"},{"@type":"ListItem","position":3,"name":"Eran veinticinco: una carta del Obispo Jean-Cl\u00e9ment Jeanbart de Alepo"}]},{"@type":"WebSite","@id":"https:\/\/acninternational.org\/es\/#website","url":"https:\/\/acninternational.org\/es\/","name":"ACN International","description":"","publisher":{"@id":"https:\/\/acninternational.org\/es\/#organization"},"potentialAction":[{"@type":"SearchAction","target":{"@type":"EntryPoint","urlTemplate":"https:\/\/acninternational.org\/es\/?s={search_term_string}"},"query-input":{"@type":"PropertyValueSpecification","valueRequired":true,"valueName":"search_term_string"}}],"inLanguage":"es"},{"@type":"Organization","@id":"https:\/\/acninternational.org\/es\/#organization","name":"Aid to the Church in Need International","url":"https:\/\/acninternational.org\/es\/","logo":{"@type":"ImageObject","inLanguage":"es","@id":"https:\/\/acninternational.org\/es\/#\/schema\/logo\/image\/","url":"https:\/\/media.acninternational.org\/wp-content\/uploads\/2019\/11\/acn_logo_blackvector.svg","contentUrl":"https:\/\/media.acninternational.org\/wp-content\/uploads\/2019\/11\/acn_logo_blackvector.svg","width":232.6,"height":78,"caption":"Aid to the Church in Need International"},"image":{"@id":"https:\/\/acninternational.org\/es\/#\/schema\/logo\/image\/"},"sameAs":["https:\/\/www.facebook.com\/acninternationalorg","https:\/\/x.com\/acn_int","https:\/\/www.youtube.com\/channel\/UCQ-077gS0TnVzkhHmf1opZw","https:\/\/www.instagram.com\/acn_international\/"]},{"@type":"Person","@id":"https:\/\/acninternational.org\/es\/#\/schema\/person\/5a7468d38fb12b1976b6eeda95c21ebc","name":"admin_acn","url":"https:\/\/acninternational.org\/es\/author\/admin_acn\/"}]}},"_links":{"self":[{"href":"https:\/\/acninternational.org\/es\/wp-json\/wp\/v2\/posts\/113217","targetHints":{"allow":["GET"]}}],"collection":[{"href":"https:\/\/acninternational.org\/es\/wp-json\/wp\/v2\/posts"}],"about":[{"href":"https:\/\/acninternational.org\/es\/wp-json\/wp\/v2\/types\/post"}],"author":[{"embeddable":true,"href":"https:\/\/acninternational.org\/es\/wp-json\/wp\/v2\/users\/1"}],"replies":[{"embeddable":true,"href":"https:\/\/acninternational.org\/es\/wp-json\/wp\/v2\/comments?post=113217"}],"version-history":[{"count":0,"href":"https:\/\/acninternational.org\/es\/wp-json\/wp\/v2\/posts\/113217\/revisions"}],"wp:featuredmedia":[{"embeddable":true,"href":"https:\/\/acninternational.org\/es\/wp-json\/wp\/v2\/media\/113218"}],"wp:attachment":[{"href":"https:\/\/acninternational.org\/es\/wp-json\/wp\/v2\/media?parent=113217"}],"wp:term":[{"taxonomy":"category","embeddable":true,"href":"https:\/\/acninternational.org\/es\/wp-json\/wp\/v2\/categories?post=113217"},{"taxonomy":"post_tag","embeddable":true,"href":"https:\/\/acninternational.org\/es\/wp-json\/wp\/v2\/tags?post=113217"},{"taxonomy":"country","embeddable":true,"href":"https:\/\/acninternational.org\/es\/wp-json\/wp\/v2\/country?post=113217"}],"curies":[{"name":"wp","href":"https:\/\/api.w.org\/{rel}","templated":true}]}}