{"id":113201,"date":"2016-07-19T00:00:00","date_gmt":"2016-07-18T22:00:00","guid":{"rendered":"https:\/\/acninternational.org\/lets-be-one-ayuda-a-la-iglesia-necesitada-anima-a-los-jovenes-a-no-olvidar-a-la-iglesia-que-sufre-durante-la-jornada-mundial-de-la-juventud\/"},"modified":"2016-07-19T00:00:00","modified_gmt":"2016-07-18T22:00:00","slug":"lets-be-one-ayuda-a-la-iglesia-necesitada-anima-a-los-jovenes-a-no-olvidar-a-la-iglesia-que-sufre-durante-la-jornada-mundial-de-la-juventud","status":"publish","type":"post","link":"https:\/\/acninternational.org\/es\/lets-be-one-ayuda-a-la-iglesia-necesitada-anima-a-los-jovenes-a-no-olvidar-a-la-iglesia-que-sufre-durante-la-jornada-mundial-de-la-juventud\/","title":{"rendered":"\u201cLet\u2019s be One\u201d: Ayuda a la Iglesia Necesitada anima a los j\u00f3venes a no olvidar a la Iglesia que sufre durante la Jornada Mundial de la Juventud"},"content":{"rendered":"<p class=\"p1\"><span class=\"s1\">K\u00f6nigstein (Alemania), 12.07.2016 \u2013 La fundaci\u00f3n pontificia internacional <i>Ayuda a la Iglesia Necesitada <\/i>(AIN) lanzar\u00e1 la campa\u00f1a \u201cLet\u2019s be One\u201d (Seamos uno) en la pr\u00f3xima<span class=\"Apple-converted-space\">\u00a0 <\/span><b>Jornada Mundial de la Juventud <\/b>(JMJ), que tendr\u00e1 lugar del 26 al 31 de julio en Cracovia. La campa\u00f1a \u201cLet\u2019s be One\u201d ha sido creada para sensibilizar sobre la situaci\u00f3n y mostrar solidaridad con la Iglesia necesitada y, en especial, con la de tantos j\u00f3venes cristianos en todo el mundo que, por diferentes razones, no tienen posibilidades de viajar a Cracovia.<\/span><\/p>\n<p>https:\/\/www.youtube.com\/watch?v=hM2lYPPepH8&#038;list=PLMWzx6c27hnuxrbcACCiqXKoeyR-D4Vto&#038;index=1<\/p>\n<p class=\"p1\"><span class=\"s1\">A trav\u00e9s de una variedad de canales de comunicaci\u00f3n y testimonios personales, la Fundaci\u00f3n pontificia informar\u00e1 a los j\u00f3venes en la JMJ sobre el sufrimiento de los cristianos en todo el mundo, para tender as\u00ed un puente de oraci\u00f3n y solidaridad. \u201cLa idea es ser uno con la Iglesia que sufre y al mismo tiempo que los j\u00f3venes que sufren necesidad en todo el mundo se sientan unidos a nosotros en Cracovia a trav\u00e9s de esta campa\u00f1a, en la oraci\u00f3n y desde la certeza de que somos un cuerpo, una Iglesia\u201d, explica Mark von Riedemann, director internacional de Comunicaciones de AIN. <\/span><\/p>\n<p class=\"p1\"><span class=\"s1\">Bajo el lema \u201cLet\u2019s be One\u201d, AIN ha producido en colaboraci\u00f3n con el estudio de producci\u00f3n de la CRTN (Red Cat\u00f3lica de Radio y Televisi\u00f3n por sus siglas en ingl\u00e9s) una serie de videos de un minuto y medio de duraci\u00f3n que reflejan la vida de j\u00f3venes cat\u00f3licos de pa\u00edses como Israel, Pap\u00faa Nueva Guinea, Iraq, Cuba, Kenia y Polonia con un mensaje com\u00fan: \u201cNo podemos estar en Cracovia debido a la guerra, la pobreza, la distancia o nuestra labor de voluntariado en favor de otros, pero estaremos unidos a vosotros a trav\u00e9s de la oraci\u00f3n\u201d. <\/span><\/p>\n<p class=\"p1\"><span class=\"s1\">Por otra parte para poder ofrecer una visi\u00f3n m\u00e1s profunda del d\u00eda a d\u00eda de los cristianos necesitados en diferentes pa\u00edses, CRTN tambi\u00e9n mostrar\u00e1 una selecci\u00f3n de documentales y producciones breves en ingl\u00e9s y polaco en la sala de cine Kij\u00f3w durante la JMJ.<\/span><\/p>\n<p class=\"p1\"><span class=\"s1\">Uno de los puntos culminantes de la campa\u00f1a \u201cLet\u2019s be One\u201d ser\u00e1 la presentaci\u00f3n del musical titulado <b>\u201cA causa de mi Nombre\u201d<\/b>. El P. Waldemar Cislo, director de la oficina nacional polaca de AIN, describe la motivaci\u00f3n del evento: \u201cLos cristianos son el grupo religioso m\u00e1s perseguido en el mundo, y nosotros no podemos permanecer en silencio ante tal sufrimiento y crueldad. Como la palabra y la m\u00fasica son dos de los mejores medios para llegar a la gente joven, AIN ha decidido preparar para la Jornada Mundial de la Juventud el oratorio \u201cA causa de mi Nombre\u201d, dedicado a los cristianos perseguidos. En la actualidad, a los j\u00f3venes se les dice que la fe no es importante, que est\u00e1 pasada de moda, mientras tanto, en muchos lugares de todo el mundo, hay cristianos que se ven obligados a tomar una decisi\u00f3n dram\u00e1tica: a renunciar a Cristo para salvar la vida o a permanecer fieles a El. En muchas ocasiones eligen lo \u00faltimo. Con el oratorio queremos mostrar a los j\u00f3venes que Cristo y la fe son lo m\u00e1s importante en la vida. Esta pieza musical tambi\u00e9n es un llamamiento de AIN a aquellos que gobiernan el mundo a no permanecer indiferentes ante el drama de los cristianos que mueren por su fe\u201d.<\/span><\/p>\n<p class=\"p1\"><span class=\"s1\">El oratorio ha sido compuesto por <b>Piotr Rubik<\/b>, uno de los compositores modernos polacos m\u00e1s conocidos, y ser\u00e1 presentado en la Plaza Principal (Rynek G\u0142\u00f3wny) en Cracovia el viernes, 29 de julio, a las 21:00 horas, tras el V\u00eda Crucis celebrado por el Santo Padre Francisco.<\/span><\/p>\n<p class=\"p1\"><span class=\"s1\">Con el fin de contribuir a que el mayor n\u00famero posible de j\u00f3venes puedan ver y compartir la alegr\u00eda de la fe con el Santo Padre y la experiencia con otros j\u00f3venes cristianos, la Fundaci\u00f3n pontificia subvenciona adem\u00e1s los viajes a Cracovia de unos 40 grupos de diferentes pa\u00edses que no ser\u00edan capaz de desplazarse all\u00ed sin esa ayuda. \u201cEn cada Jornada Mundial de la Juventud apoyamos a varios grupos de j\u00f3venes de diferentes partes del mundo, en particular, de lugares donde los cristianos son perseguidos o donde son una minor\u00eda como, por ejemplo, Iraq, Turkmenist\u00e1n, Sud\u00e1n del Sur, Chad, Argelia, Siria, Hait\u00ed, Pakist\u00e1n y Bangladesh, por mencionar solo a algunos. A trav\u00e9s de la JMJ, estos j\u00f3venes tienen la oportunidad de experimentar lo que significa ser parte de la Iglesia Universal y de comprobar que no est\u00e1n solos con su fe. Adem\u00e1s, les sirve de motivaci\u00f3n para actuar a su regreso como misioneros ante otros j\u00f3venes en sus propios pa\u00edses\u201d, explica Regina Lynch, jefa del Departamento de Proyectos de la sede internacional de <i>Ayuda a la Iglesia Necesitada<\/i>.<\/span><\/p>\n<p class=\"p1\"><span class=\"s1\">Una alegr\u00eda extraordinaria para la Fundaci\u00f3n ha supuesto la invitaci\u00f3n recibida del Comit\u00e9 Organizador de la JMJ para participar en el V\u00eda Crucis. \u201cHemos creado un<span class=\"Apple-converted-space\">\u00a0 <\/span>grupo de<span class=\"Apple-converted-space\">\u00a0 <\/span>21 representantes de diferentes pa\u00edses compuesto por j\u00f3venes de las oficinas nacionales de AIN y j\u00f3venes que han venido a la JMJ apoyados financieramente por AIN. Este grupo portar\u00e1 la cruz de la octava a la novena estaci\u00f3n. Para nosotros es un signo visible de esa unidad que queremos transmitir y resumen de nuestra campa\u00f1a Let\u2019s be One\u201d, ha se\u00f1alado Mark von Riedemann. <\/span><\/p>\n<p>&nbsp;<\/p>\n","protected":false},"excerpt":{"rendered":"<p>K\u00f6nigstein (Alemania), 12.07.2016 \u2013 La fundaci\u00f3n pontificia internacional Ayuda a la Iglesia Necesitada (AIN) lanzar\u00e1 la campa\u00f1a \u201cLet\u2019s<\/p>\n","protected":false},"author":1,"featured_media":113202,"comment_status":"open","ping_status":"open","sticky":false,"template":"","format":"standard","meta":{"_acf_changed":false,"_acn_coauthor_ids":[],"footnotes":""},"categories":[713],"tags":[],"country":[],"class_list":["post-113201","post","type-post","status-publish","format-standard","has-post-thumbnail","hentry","category-historias"],"acn_coauthors":[],"acf":[],"yoast_head":"<!-- This site is optimized with the Yoast SEO Premium plugin v27.3 (Yoast SEO v27.3) - https:\/\/yoast.com\/product\/yoast-seo-premium-wordpress\/ -->\n<title>\u201cLet\u2019s be One\u201d: Ayuda a la Iglesia Necesitada anima a los j\u00f3venes a no olvidar a la Iglesia que sufre durante la Jornada Mundial de la Juventud | ACN International<\/title>\n<meta name=\"robots\" content=\"index, follow, max-snippet:-1, max-image-preview:large, max-video-preview:-1\" \/>\n<link rel=\"canonical\" href=\"https:\/\/acninternational.org\/es\/lets-be-one-ayuda-a-la-iglesia-necesitada-anima-a-los-jovenes-a-no-olvidar-a-la-iglesia-que-sufre-durante-la-jornada-mundial-de-la-juventud\/\" \/>\n<meta property=\"og:locale\" content=\"es_ES\" \/>\n<meta property=\"og:type\" content=\"article\" \/>\n<meta property=\"og:title\" content=\"\u201cLet\u2019s be One\u201d: Ayuda a la Iglesia Necesitada anima a los j\u00f3venes a no olvidar a la Iglesia que sufre durante la Jornada Mundial de la Juventud\" \/>\n<meta property=\"og:description\" content=\"K\u00f6nigstein (Alemania), 12.07.2016 \u2013 La fundaci\u00f3n pontificia internacional Ayuda a la Iglesia Necesitada (AIN) lanzar\u00e1 la campa\u00f1a \u201cLet\u2019s\" \/>\n<meta property=\"og:url\" content=\"https:\/\/acninternational.org\/es\/lets-be-one-ayuda-a-la-iglesia-necesitada-anima-a-los-jovenes-a-no-olvidar-a-la-iglesia-que-sufre-durante-la-jornada-mundial-de-la-juventud\/\" \/>\n<meta property=\"og:site_name\" content=\"ACN International\" \/>\n<meta property=\"article:publisher\" content=\"https:\/\/www.facebook.com\/acninternationalorg\" \/>\n<meta property=\"article:published_time\" content=\"2016-07-18T22:00:00+00:00\" \/>\n<meta property=\"og:image\" content=\"https:\/\/media.acninternational.org\/wp-content\/uploads\/2019\/11\/%E2%80%9CLet%E2%80%99s-be-One%E2%80%9D-Ayuda-a-la-Iglesia-Necesitada-anima-a-los-j%C3%B3venes-a-no-olvidar-a-la-Iglesia-que-sufre-durante-la-Jornada-Mundial-de-la-Juventud-image.jpg\" \/>\n\t<meta property=\"og:image:width\" content=\"1960\" \/>\n\t<meta property=\"og:image:height\" content=\"600\" \/>\n\t<meta property=\"og:image:type\" content=\"image\/jpeg\" \/>\n<meta name=\"author\" content=\"admin_acn\" \/>\n<meta name=\"twitter:card\" content=\"summary_large_image\" \/>\n<meta name=\"twitter:creator\" content=\"@acn_int\" \/>\n<meta name=\"twitter:site\" content=\"@acn_int\" \/>\n<meta name=\"twitter:label1\" content=\"Escrito por\" \/>\n\t<meta name=\"twitter:data1\" content=\"admin_acn\" \/>\n\t<meta name=\"twitter:label2\" content=\"Tiempo de lectura\" \/>\n\t<meta name=\"twitter:data2\" content=\"5 minutos\" \/>\n<script type=\"application\/ld+json\" class=\"yoast-schema-graph\">{\"@context\":\"https:\\\/\\\/schema.org\",\"@graph\":[{\"@type\":\"Article\",\"@id\":\"https:\\\/\\\/acninternational.org\\\/es\\\/lets-be-one-ayuda-a-la-iglesia-necesitada-anima-a-los-jovenes-a-no-olvidar-a-la-iglesia-que-sufre-durante-la-jornada-mundial-de-la-juventud\\\/#article\",\"isPartOf\":{\"@id\":\"https:\\\/\\\/acninternational.org\\\/es\\\/lets-be-one-ayuda-a-la-iglesia-necesitada-anima-a-los-jovenes-a-no-olvidar-a-la-iglesia-que-sufre-durante-la-jornada-mundial-de-la-juventud\\\/\"},\"author\":{\"name\":\"admin_acn\",\"@id\":\"https:\\\/\\\/acninternational.org\\\/es\\\/#\\\/schema\\\/person\\\/5a7468d38fb12b1976b6eeda95c21ebc\"},\"headline\":\"\u201cLet\u2019s be One\u201d: Ayuda a la Iglesia Necesitada anima a los j\u00f3venes a no olvidar a la Iglesia que sufre durante la Jornada Mundial de la Juventud\",\"datePublished\":\"2016-07-18T22:00:00+00:00\",\"mainEntityOfPage\":{\"@id\":\"https:\\\/\\\/acninternational.org\\\/es\\\/lets-be-one-ayuda-a-la-iglesia-necesitada-anima-a-los-jovenes-a-no-olvidar-a-la-iglesia-que-sufre-durante-la-jornada-mundial-de-la-juventud\\\/\"},\"wordCount\":979,\"commentCount\":0,\"publisher\":{\"@id\":\"https:\\\/\\\/acninternational.org\\\/es\\\/#organization\"},\"image\":{\"@id\":\"https:\\\/\\\/acninternational.org\\\/es\\\/lets-be-one-ayuda-a-la-iglesia-necesitada-anima-a-los-jovenes-a-no-olvidar-a-la-iglesia-que-sufre-durante-la-jornada-mundial-de-la-juventud\\\/#primaryimage\"},\"thumbnailUrl\":\"https:\\\/\\\/media.acninternational.org\\\/wp-content\\\/uploads\\\/2019\\\/11\\\/%E2%80%9CLet%E2%80%99s-be-One%E2%80%9D-Ayuda-a-la-Iglesia-Necesitada-anima-a-los-j%C3%B3venes-a-no-olvidar-a-la-Iglesia-que-sufre-durante-la-Jornada-Mundial-de-la-Juventud-image.jpg\",\"articleSection\":[\"HISTORIAS\"],\"inLanguage\":\"es\",\"potentialAction\":[{\"@type\":\"CommentAction\",\"name\":\"Comment\",\"target\":[\"https:\\\/\\\/acninternational.org\\\/es\\\/lets-be-one-ayuda-a-la-iglesia-necesitada-anima-a-los-jovenes-a-no-olvidar-a-la-iglesia-que-sufre-durante-la-jornada-mundial-de-la-juventud\\\/#respond\"]}]},{\"@type\":\"WebPage\",\"@id\":\"https:\\\/\\\/acninternational.org\\\/es\\\/lets-be-one-ayuda-a-la-iglesia-necesitada-anima-a-los-jovenes-a-no-olvidar-a-la-iglesia-que-sufre-durante-la-jornada-mundial-de-la-juventud\\\/\",\"url\":\"https:\\\/\\\/acninternational.org\\\/es\\\/lets-be-one-ayuda-a-la-iglesia-necesitada-anima-a-los-jovenes-a-no-olvidar-a-la-iglesia-que-sufre-durante-la-jornada-mundial-de-la-juventud\\\/\",\"name\":\"\u201cLet\u2019s be One\u201d: Ayuda a la Iglesia Necesitada anima a los j\u00f3venes a no olvidar a la Iglesia que sufre durante la Jornada Mundial de la Juventud | ACN International\",\"isPartOf\":{\"@id\":\"https:\\\/\\\/acninternational.org\\\/es\\\/#website\"},\"primaryImageOfPage\":{\"@id\":\"https:\\\/\\\/acninternational.org\\\/es\\\/lets-be-one-ayuda-a-la-iglesia-necesitada-anima-a-los-jovenes-a-no-olvidar-a-la-iglesia-que-sufre-durante-la-jornada-mundial-de-la-juventud\\\/#primaryimage\"},\"image\":{\"@id\":\"https:\\\/\\\/acninternational.org\\\/es\\\/lets-be-one-ayuda-a-la-iglesia-necesitada-anima-a-los-jovenes-a-no-olvidar-a-la-iglesia-que-sufre-durante-la-jornada-mundial-de-la-juventud\\\/#primaryimage\"},\"thumbnailUrl\":\"https:\\\/\\\/media.acninternational.org\\\/wp-content\\\/uploads\\\/2019\\\/11\\\/%E2%80%9CLet%E2%80%99s-be-One%E2%80%9D-Ayuda-a-la-Iglesia-Necesitada-anima-a-los-j%C3%B3venes-a-no-olvidar-a-la-Iglesia-que-sufre-durante-la-Jornada-Mundial-de-la-Juventud-image.jpg\",\"datePublished\":\"2016-07-18T22:00:00+00:00\",\"breadcrumb\":{\"@id\":\"https:\\\/\\\/acninternational.org\\\/es\\\/lets-be-one-ayuda-a-la-iglesia-necesitada-anima-a-los-jovenes-a-no-olvidar-a-la-iglesia-que-sufre-durante-la-jornada-mundial-de-la-juventud\\\/#breadcrumb\"},\"inLanguage\":\"es\",\"potentialAction\":[{\"@type\":\"ReadAction\",\"target\":[\"https:\\\/\\\/acninternational.org\\\/es\\\/lets-be-one-ayuda-a-la-iglesia-necesitada-anima-a-los-jovenes-a-no-olvidar-a-la-iglesia-que-sufre-durante-la-jornada-mundial-de-la-juventud\\\/\"]}]},{\"@type\":\"ImageObject\",\"inLanguage\":\"es\",\"@id\":\"https:\\\/\\\/acninternational.org\\\/es\\\/lets-be-one-ayuda-a-la-iglesia-necesitada-anima-a-los-jovenes-a-no-olvidar-a-la-iglesia-que-sufre-durante-la-jornada-mundial-de-la-juventud\\\/#primaryimage\",\"url\":\"https:\\\/\\\/media.acninternational.org\\\/wp-content\\\/uploads\\\/2019\\\/11\\\/%E2%80%9CLet%E2%80%99s-be-One%E2%80%9D-Ayuda-a-la-Iglesia-Necesitada-anima-a-los-j%C3%B3venes-a-no-olvidar-a-la-Iglesia-que-sufre-durante-la-Jornada-Mundial-de-la-Juventud-image.jpg\",\"contentUrl\":\"https:\\\/\\\/media.acninternational.org\\\/wp-content\\\/uploads\\\/2019\\\/11\\\/%E2%80%9CLet%E2%80%99s-be-One%E2%80%9D-Ayuda-a-la-Iglesia-Necesitada-anima-a-los-j%C3%B3venes-a-no-olvidar-a-la-Iglesia-que-sufre-durante-la-Jornada-Mundial-de-la-Juventud-image.jpg\",\"width\":1960,\"height\":600,\"caption\":\"\u201cLet\u2019s be One\u201d: Ayuda a la Iglesia Necesitada anima a los j\u00f3venes a no olvidar a la Iglesia que sufre durante la Jornada Mundial de la Juventud\"},{\"@type\":\"BreadcrumbList\",\"@id\":\"https:\\\/\\\/acninternational.org\\\/es\\\/lets-be-one-ayuda-a-la-iglesia-necesitada-anima-a-los-jovenes-a-no-olvidar-a-la-iglesia-que-sufre-durante-la-jornada-mundial-de-la-juventud\\\/#breadcrumb\",\"itemListElement\":[{\"@type\":\"ListItem\",\"position\":1,\"name\":\"Home\",\"item\":\"https:\\\/\\\/acninternational.org\\\/es\\\/\"},{\"@type\":\"ListItem\",\"position\":2,\"name\":\"HISTORIAS\",\"item\":\"https:\\\/\\\/acninternational.org\\\/es\\\/category\\\/historias\\\/\"},{\"@type\":\"ListItem\",\"position\":3,\"name\":\"\u201cLet\u2019s be One\u201d: Ayuda a la Iglesia Necesitada anima a los j\u00f3venes a no olvidar a la Iglesia que sufre durante la Jornada Mundial de la Juventud\"}]},{\"@type\":\"WebSite\",\"@id\":\"https:\\\/\\\/acninternational.org\\\/es\\\/#website\",\"url\":\"https:\\\/\\\/acninternational.org\\\/es\\\/\",\"name\":\"ACN International\",\"description\":\"\",\"publisher\":{\"@id\":\"https:\\\/\\\/acninternational.org\\\/es\\\/#organization\"},\"potentialAction\":[{\"@type\":\"SearchAction\",\"target\":{\"@type\":\"EntryPoint\",\"urlTemplate\":\"https:\\\/\\\/acninternational.org\\\/es\\\/?s={search_term_string}\"},\"query-input\":{\"@type\":\"PropertyValueSpecification\",\"valueRequired\":true,\"valueName\":\"search_term_string\"}}],\"inLanguage\":\"es\"},{\"@type\":\"Organization\",\"@id\":\"https:\\\/\\\/acninternational.org\\\/es\\\/#organization\",\"name\":\"Aid to the Church in Need International\",\"url\":\"https:\\\/\\\/acninternational.org\\\/es\\\/\",\"logo\":{\"@type\":\"ImageObject\",\"inLanguage\":\"es\",\"@id\":\"https:\\\/\\\/acninternational.org\\\/es\\\/#\\\/schema\\\/logo\\\/image\\\/\",\"url\":\"https:\\\/\\\/media.acninternational.org\\\/wp-content\\\/uploads\\\/2019\\\/11\\\/acn_logo_blackvector.svg\",\"contentUrl\":\"https:\\\/\\\/media.acninternational.org\\\/wp-content\\\/uploads\\\/2019\\\/11\\\/acn_logo_blackvector.svg\",\"width\":232.6,\"height\":78,\"caption\":\"Aid to the Church in Need International\"},\"image\":{\"@id\":\"https:\\\/\\\/acninternational.org\\\/es\\\/#\\\/schema\\\/logo\\\/image\\\/\"},\"sameAs\":[\"https:\\\/\\\/www.facebook.com\\\/acninternationalorg\",\"https:\\\/\\\/x.com\\\/acn_int\",\"https:\\\/\\\/www.youtube.com\\\/channel\\\/UCQ-077gS0TnVzkhHmf1opZw\",\"https:\\\/\\\/www.instagram.com\\\/acn_international\\\/\"]},{\"@type\":\"Person\",\"@id\":\"https:\\\/\\\/acninternational.org\\\/es\\\/#\\\/schema\\\/person\\\/5a7468d38fb12b1976b6eeda95c21ebc\",\"name\":\"admin_acn\",\"url\":\"https:\\\/\\\/acninternational.org\\\/es\\\/author\\\/admin_acn\\\/\"}]}<\/script>\n<!-- \/ Yoast SEO Premium plugin. -->","yoast_head_json":{"title":"\u201cLet\u2019s be One\u201d: Ayuda a la Iglesia Necesitada anima a los j\u00f3venes a no olvidar a la Iglesia que sufre durante la Jornada Mundial de la Juventud | ACN International","robots":{"index":"index","follow":"follow","max-snippet":"max-snippet:-1","max-image-preview":"max-image-preview:large","max-video-preview":"max-video-preview:-1"},"canonical":"https:\/\/acninternational.org\/es\/lets-be-one-ayuda-a-la-iglesia-necesitada-anima-a-los-jovenes-a-no-olvidar-a-la-iglesia-que-sufre-durante-la-jornada-mundial-de-la-juventud\/","og_locale":"es_ES","og_type":"article","og_title":"\u201cLet\u2019s be One\u201d: Ayuda a la Iglesia Necesitada anima a los j\u00f3venes a no olvidar a la Iglesia que sufre durante la Jornada Mundial de la Juventud","og_description":"K\u00f6nigstein (Alemania), 12.07.2016 \u2013 La fundaci\u00f3n pontificia internacional Ayuda a la Iglesia Necesitada (AIN) lanzar\u00e1 la campa\u00f1a \u201cLet\u2019s","og_url":"https:\/\/acninternational.org\/es\/lets-be-one-ayuda-a-la-iglesia-necesitada-anima-a-los-jovenes-a-no-olvidar-a-la-iglesia-que-sufre-durante-la-jornada-mundial-de-la-juventud\/","og_site_name":"ACN International","article_publisher":"https:\/\/www.facebook.com\/acninternationalorg","article_published_time":"2016-07-18T22:00:00+00:00","og_image":[{"width":1960,"height":600,"url":"https:\/\/media.acninternational.org\/wp-content\/uploads\/2019\/11\/%E2%80%9CLet%E2%80%99s-be-One%E2%80%9D-Ayuda-a-la-Iglesia-Necesitada-anima-a-los-j%C3%B3venes-a-no-olvidar-a-la-Iglesia-que-sufre-durante-la-Jornada-Mundial-de-la-Juventud-image.jpg","type":"image\/jpeg"}],"author":"admin_acn","twitter_card":"summary_large_image","twitter_creator":"@acn_int","twitter_site":"@acn_int","twitter_misc":{"Escrito por":"admin_acn","Tiempo de lectura":"5 minutos"},"schema":{"@context":"https:\/\/schema.org","@graph":[{"@type":"Article","@id":"https:\/\/acninternational.org\/es\/lets-be-one-ayuda-a-la-iglesia-necesitada-anima-a-los-jovenes-a-no-olvidar-a-la-iglesia-que-sufre-durante-la-jornada-mundial-de-la-juventud\/#article","isPartOf":{"@id":"https:\/\/acninternational.org\/es\/lets-be-one-ayuda-a-la-iglesia-necesitada-anima-a-los-jovenes-a-no-olvidar-a-la-iglesia-que-sufre-durante-la-jornada-mundial-de-la-juventud\/"},"author":{"name":"admin_acn","@id":"https:\/\/acninternational.org\/es\/#\/schema\/person\/5a7468d38fb12b1976b6eeda95c21ebc"},"headline":"\u201cLet\u2019s be One\u201d: Ayuda a la Iglesia Necesitada anima a los j\u00f3venes a no olvidar a la Iglesia que sufre durante la Jornada Mundial de la Juventud","datePublished":"2016-07-18T22:00:00+00:00","mainEntityOfPage":{"@id":"https:\/\/acninternational.org\/es\/lets-be-one-ayuda-a-la-iglesia-necesitada-anima-a-los-jovenes-a-no-olvidar-a-la-iglesia-que-sufre-durante-la-jornada-mundial-de-la-juventud\/"},"wordCount":979,"commentCount":0,"publisher":{"@id":"https:\/\/acninternational.org\/es\/#organization"},"image":{"@id":"https:\/\/acninternational.org\/es\/lets-be-one-ayuda-a-la-iglesia-necesitada-anima-a-los-jovenes-a-no-olvidar-a-la-iglesia-que-sufre-durante-la-jornada-mundial-de-la-juventud\/#primaryimage"},"thumbnailUrl":"https:\/\/media.acninternational.org\/wp-content\/uploads\/2019\/11\/%E2%80%9CLet%E2%80%99s-be-One%E2%80%9D-Ayuda-a-la-Iglesia-Necesitada-anima-a-los-j%C3%B3venes-a-no-olvidar-a-la-Iglesia-que-sufre-durante-la-Jornada-Mundial-de-la-Juventud-image.jpg","articleSection":["HISTORIAS"],"inLanguage":"es","potentialAction":[{"@type":"CommentAction","name":"Comment","target":["https:\/\/acninternational.org\/es\/lets-be-one-ayuda-a-la-iglesia-necesitada-anima-a-los-jovenes-a-no-olvidar-a-la-iglesia-que-sufre-durante-la-jornada-mundial-de-la-juventud\/#respond"]}]},{"@type":"WebPage","@id":"https:\/\/acninternational.org\/es\/lets-be-one-ayuda-a-la-iglesia-necesitada-anima-a-los-jovenes-a-no-olvidar-a-la-iglesia-que-sufre-durante-la-jornada-mundial-de-la-juventud\/","url":"https:\/\/acninternational.org\/es\/lets-be-one-ayuda-a-la-iglesia-necesitada-anima-a-los-jovenes-a-no-olvidar-a-la-iglesia-que-sufre-durante-la-jornada-mundial-de-la-juventud\/","name":"\u201cLet\u2019s be One\u201d: Ayuda a la Iglesia Necesitada anima a los j\u00f3venes a no olvidar a la Iglesia que sufre durante la Jornada Mundial de la Juventud | ACN International","isPartOf":{"@id":"https:\/\/acninternational.org\/es\/#website"},"primaryImageOfPage":{"@id":"https:\/\/acninternational.org\/es\/lets-be-one-ayuda-a-la-iglesia-necesitada-anima-a-los-jovenes-a-no-olvidar-a-la-iglesia-que-sufre-durante-la-jornada-mundial-de-la-juventud\/#primaryimage"},"image":{"@id":"https:\/\/acninternational.org\/es\/lets-be-one-ayuda-a-la-iglesia-necesitada-anima-a-los-jovenes-a-no-olvidar-a-la-iglesia-que-sufre-durante-la-jornada-mundial-de-la-juventud\/#primaryimage"},"thumbnailUrl":"https:\/\/media.acninternational.org\/wp-content\/uploads\/2019\/11\/%E2%80%9CLet%E2%80%99s-be-One%E2%80%9D-Ayuda-a-la-Iglesia-Necesitada-anima-a-los-j%C3%B3venes-a-no-olvidar-a-la-Iglesia-que-sufre-durante-la-Jornada-Mundial-de-la-Juventud-image.jpg","datePublished":"2016-07-18T22:00:00+00:00","breadcrumb":{"@id":"https:\/\/acninternational.org\/es\/lets-be-one-ayuda-a-la-iglesia-necesitada-anima-a-los-jovenes-a-no-olvidar-a-la-iglesia-que-sufre-durante-la-jornada-mundial-de-la-juventud\/#breadcrumb"},"inLanguage":"es","potentialAction":[{"@type":"ReadAction","target":["https:\/\/acninternational.org\/es\/lets-be-one-ayuda-a-la-iglesia-necesitada-anima-a-los-jovenes-a-no-olvidar-a-la-iglesia-que-sufre-durante-la-jornada-mundial-de-la-juventud\/"]}]},{"@type":"ImageObject","inLanguage":"es","@id":"https:\/\/acninternational.org\/es\/lets-be-one-ayuda-a-la-iglesia-necesitada-anima-a-los-jovenes-a-no-olvidar-a-la-iglesia-que-sufre-durante-la-jornada-mundial-de-la-juventud\/#primaryimage","url":"https:\/\/media.acninternational.org\/wp-content\/uploads\/2019\/11\/%E2%80%9CLet%E2%80%99s-be-One%E2%80%9D-Ayuda-a-la-Iglesia-Necesitada-anima-a-los-j%C3%B3venes-a-no-olvidar-a-la-Iglesia-que-sufre-durante-la-Jornada-Mundial-de-la-Juventud-image.jpg","contentUrl":"https:\/\/media.acninternational.org\/wp-content\/uploads\/2019\/11\/%E2%80%9CLet%E2%80%99s-be-One%E2%80%9D-Ayuda-a-la-Iglesia-Necesitada-anima-a-los-j%C3%B3venes-a-no-olvidar-a-la-Iglesia-que-sufre-durante-la-Jornada-Mundial-de-la-Juventud-image.jpg","width":1960,"height":600,"caption":"\u201cLet\u2019s be One\u201d: Ayuda a la Iglesia Necesitada anima a los j\u00f3venes a no olvidar a la Iglesia que sufre durante la Jornada Mundial de la Juventud"},{"@type":"BreadcrumbList","@id":"https:\/\/acninternational.org\/es\/lets-be-one-ayuda-a-la-iglesia-necesitada-anima-a-los-jovenes-a-no-olvidar-a-la-iglesia-que-sufre-durante-la-jornada-mundial-de-la-juventud\/#breadcrumb","itemListElement":[{"@type":"ListItem","position":1,"name":"Home","item":"https:\/\/acninternational.org\/es\/"},{"@type":"ListItem","position":2,"name":"HISTORIAS","item":"https:\/\/acninternational.org\/es\/category\/historias\/"},{"@type":"ListItem","position":3,"name":"\u201cLet\u2019s be One\u201d: Ayuda a la Iglesia Necesitada anima a los j\u00f3venes a no olvidar a la Iglesia que sufre durante la Jornada Mundial de la Juventud"}]},{"@type":"WebSite","@id":"https:\/\/acninternational.org\/es\/#website","url":"https:\/\/acninternational.org\/es\/","name":"ACN International","description":"","publisher":{"@id":"https:\/\/acninternational.org\/es\/#organization"},"potentialAction":[{"@type":"SearchAction","target":{"@type":"EntryPoint","urlTemplate":"https:\/\/acninternational.org\/es\/?s={search_term_string}"},"query-input":{"@type":"PropertyValueSpecification","valueRequired":true,"valueName":"search_term_string"}}],"inLanguage":"es"},{"@type":"Organization","@id":"https:\/\/acninternational.org\/es\/#organization","name":"Aid to the Church in Need International","url":"https:\/\/acninternational.org\/es\/","logo":{"@type":"ImageObject","inLanguage":"es","@id":"https:\/\/acninternational.org\/es\/#\/schema\/logo\/image\/","url":"https:\/\/media.acninternational.org\/wp-content\/uploads\/2019\/11\/acn_logo_blackvector.svg","contentUrl":"https:\/\/media.acninternational.org\/wp-content\/uploads\/2019\/11\/acn_logo_blackvector.svg","width":232.6,"height":78,"caption":"Aid to the Church in Need International"},"image":{"@id":"https:\/\/acninternational.org\/es\/#\/schema\/logo\/image\/"},"sameAs":["https:\/\/www.facebook.com\/acninternationalorg","https:\/\/x.com\/acn_int","https:\/\/www.youtube.com\/channel\/UCQ-077gS0TnVzkhHmf1opZw","https:\/\/www.instagram.com\/acn_international\/"]},{"@type":"Person","@id":"https:\/\/acninternational.org\/es\/#\/schema\/person\/5a7468d38fb12b1976b6eeda95c21ebc","name":"admin_acn","url":"https:\/\/acninternational.org\/es\/author\/admin_acn\/"}]}},"_links":{"self":[{"href":"https:\/\/acninternational.org\/es\/wp-json\/wp\/v2\/posts\/113201","targetHints":{"allow":["GET"]}}],"collection":[{"href":"https:\/\/acninternational.org\/es\/wp-json\/wp\/v2\/posts"}],"about":[{"href":"https:\/\/acninternational.org\/es\/wp-json\/wp\/v2\/types\/post"}],"author":[{"embeddable":true,"href":"https:\/\/acninternational.org\/es\/wp-json\/wp\/v2\/users\/1"}],"replies":[{"embeddable":true,"href":"https:\/\/acninternational.org\/es\/wp-json\/wp\/v2\/comments?post=113201"}],"version-history":[{"count":0,"href":"https:\/\/acninternational.org\/es\/wp-json\/wp\/v2\/posts\/113201\/revisions"}],"wp:featuredmedia":[{"embeddable":true,"href":"https:\/\/acninternational.org\/es\/wp-json\/wp\/v2\/media\/113202"}],"wp:attachment":[{"href":"https:\/\/acninternational.org\/es\/wp-json\/wp\/v2\/media?parent=113201"}],"wp:term":[{"taxonomy":"category","embeddable":true,"href":"https:\/\/acninternational.org\/es\/wp-json\/wp\/v2\/categories?post=113201"},{"taxonomy":"post_tag","embeddable":true,"href":"https:\/\/acninternational.org\/es\/wp-json\/wp\/v2\/tags?post=113201"},{"taxonomy":"country","embeddable":true,"href":"https:\/\/acninternational.org\/es\/wp-json\/wp\/v2\/country?post=113201"}],"curies":[{"name":"wp","href":"https:\/\/api.w.org\/{rel}","templated":true}]}}