{"id":113141,"date":"2016-06-30T00:00:00","date_gmt":"2016-06-29T22:00:00","guid":{"rendered":"https:\/\/acninternational.org\/una-capilla-para-la-casa-de-ejercicios-y-reposo-de-la-caritas-spes-ucrania\/"},"modified":"2016-06-30T00:00:00","modified_gmt":"2016-06-29T22:00:00","slug":"una-capilla-para-la-casa-de-ejercicios-y-reposo-de-la-caritas-spes-ucrania","status":"publish","type":"post","link":"https:\/\/acninternational.org\/es\/una-capilla-para-la-casa-de-ejercicios-y-reposo-de-la-caritas-spes-ucrania\/","title":{"rendered":"Una capilla para la casa de ejercicios y reposo de la Caritas Spes Ucrania"},"content":{"rendered":"<p class=\"p1\"><span class=\"s1\">Incluso cinco lustros despu\u00e9s del derrumbamiento de la Uni\u00f3n Sovi\u00e9tica, sus consecuencias todav\u00eda son perceptibles, pues mucha gente en Ucrania siente que tiene un vac\u00edo interior y busca a Dios. Los Obispos, sacerdotes y religiosos coinciden en que el anhelo de Dios no deja de crecer y que la gente pide una catequesis aut\u00e9ntica y una asistencia pastoral.<\/span><\/p>\n<p class=\"p1\"><span class=\"s1\">A menudo, el primer contacto con la Iglesia se establece a trav\u00e9s de la caridad concreta. La pobreza en Ucrania, ya grande de por s\u00ed, se ha visto agravada por la crisis en su parte oriental. Entretanto, los ingresos mensuales medios ascienden a unos 50 euros, mientras los precios no cesan de subir. Cada vez m\u00e1s personas dependen de comedores para necesitados, almacenes de ropa usada y otro tipo de ayudas.<\/span><\/p>\n<p class=\"p1\"><span class=\"s1\">La Caritas Spes Ucrania gestiona varios centros de rehabilitaci\u00f3n y reposo, y el \u00faltimo lo ha abierto den la Di\u00f3cesis de Lutsk, en Pulmo. Ah\u00ed pueden descansar ni\u00f1os de familias necesitadas y hu\u00e9rfanos atendidos por la Caritas Spes en los meses de verano. En invierno se re\u00fanen ah\u00ed grupos de oraci\u00f3n y c\u00edrculos familiares para ejercicios espirituales. Por tanto, estos centros no solo van dirigidos al reposo y sanaci\u00f3n f\u00edsicos, sino tambi\u00e9n al espiritual. Tambi\u00e9n sacerdotes y religiosos los utilizan para celebrar encuentros.<\/span><\/p>\n<p class=\"p1\"><span class=\"s1\">Pero el centro de Pulmo todav\u00eda carece de una capilla propia, lo cual entristece profundamente al presidente de Caritas Spes, el Obispo Shyrokoradiuk, al Obispo local de Lutsk, Mons. Vitali Skomarovskiyj y al director de la Caritas Spes de Lutsk, Roman Burnyk. Y es que los tres subrayan: \u201cLa iglesia es un signo que evidencia la pertenencia eclesial y que muestra el aspecto espiritual de las actividades que se realizan en el centro\u201d. En la actualidad, se utiliza la sala de catequesis para la Santa Misa, pero esta es demasiado peque\u00f1a. Por ello, ahora quieren erigir una peque\u00f1a iglesia que tambi\u00e9n sea reconocible como tal desde fuera. Para la gente en Ucrania es importante que una iglesia sea reconocible como tal porque si no puede ocurrir que se la confunda con una secta. ACN quiere apoyar la obra de construcci\u00f3n con 10.000 euros.<\/span><\/p>\n","protected":false},"excerpt":{"rendered":"<p>Incluso cinco lustros despu\u00e9s del derrumbamiento de la Uni\u00f3n Sovi\u00e9tica, sus consecuencias todav\u00eda son perceptibles, pues mucha gente<\/p>\n","protected":false},"author":1,"featured_media":113142,"comment_status":"open","ping_status":"open","sticky":false,"template":"","format":"standard","meta":{"_acf_changed":false,"_acn_coauthor_ids":[],"footnotes":""},"categories":[713],"tags":[],"country":[],"class_list":["post-113141","post","type-post","status-publish","format-standard","has-post-thumbnail","hentry","category-historias"],"acn_coauthors":[],"acf":[],"yoast_head":"<!-- This site is optimized with the Yoast SEO Premium plugin v27.3 (Yoast SEO v27.3) - https:\/\/yoast.com\/product\/yoast-seo-premium-wordpress\/ -->\n<title>Una capilla para la casa de ejercicios y reposo de la Caritas Spes Ucrania | ACN International<\/title>\n<meta name=\"robots\" content=\"index, follow, max-snippet:-1, max-image-preview:large, max-video-preview:-1\" \/>\n<link rel=\"canonical\" href=\"https:\/\/acninternational.org\/es\/una-capilla-para-la-casa-de-ejercicios-y-reposo-de-la-caritas-spes-ucrania\/\" \/>\n<meta property=\"og:locale\" content=\"es_ES\" \/>\n<meta property=\"og:type\" content=\"article\" \/>\n<meta property=\"og:title\" content=\"Una capilla para la casa de ejercicios y reposo de la Caritas Spes Ucrania\" \/>\n<meta property=\"og:description\" content=\"Incluso cinco lustros despu\u00e9s del derrumbamiento de la Uni\u00f3n Sovi\u00e9tica, sus consecuencias todav\u00eda son perceptibles, pues mucha gente\" \/>\n<meta property=\"og:url\" content=\"https:\/\/acninternational.org\/es\/una-capilla-para-la-casa-de-ejercicios-y-reposo-de-la-caritas-spes-ucrania\/\" \/>\n<meta property=\"og:site_name\" content=\"ACN International\" \/>\n<meta property=\"article:publisher\" content=\"https:\/\/www.facebook.com\/acninternationalorg\" \/>\n<meta property=\"article:published_time\" content=\"2016-06-29T22:00:00+00:00\" \/>\n<meta property=\"og:image\" content=\"https:\/\/media.acninternational.org\/wp-content\/uploads\/2019\/11\/Una-capilla-para-la-casa-de-ejercicios-y-reposo-de-la-Caritas-Spes-Ucrania-image.jpg\" \/>\n\t<meta property=\"og:image:width\" content=\"1960\" \/>\n\t<meta property=\"og:image:height\" content=\"600\" \/>\n\t<meta property=\"og:image:type\" content=\"image\/jpeg\" \/>\n<meta name=\"author\" content=\"admin_acn\" \/>\n<meta name=\"twitter:card\" content=\"summary_large_image\" \/>\n<meta name=\"twitter:creator\" content=\"@acn_int\" \/>\n<meta name=\"twitter:site\" content=\"@acn_int\" \/>\n<meta name=\"twitter:label1\" content=\"Escrito por\" \/>\n\t<meta name=\"twitter:data1\" content=\"admin_acn\" \/>\n\t<meta name=\"twitter:label2\" content=\"Tiempo de lectura\" \/>\n\t<meta name=\"twitter:data2\" content=\"2 minutos\" \/>\n<script type=\"application\/ld+json\" class=\"yoast-schema-graph\">{\"@context\":\"https:\\\/\\\/schema.org\",\"@graph\":[{\"@type\":\"Article\",\"@id\":\"https:\\\/\\\/acninternational.org\\\/es\\\/una-capilla-para-la-casa-de-ejercicios-y-reposo-de-la-caritas-spes-ucrania\\\/#article\",\"isPartOf\":{\"@id\":\"https:\\\/\\\/acninternational.org\\\/es\\\/una-capilla-para-la-casa-de-ejercicios-y-reposo-de-la-caritas-spes-ucrania\\\/\"},\"author\":{\"name\":\"admin_acn\",\"@id\":\"https:\\\/\\\/acninternational.org\\\/es\\\/#\\\/schema\\\/person\\\/5a7468d38fb12b1976b6eeda95c21ebc\"},\"headline\":\"Una capilla para la casa de ejercicios y reposo de la Caritas Spes Ucrania\",\"datePublished\":\"2016-06-29T22:00:00+00:00\",\"mainEntityOfPage\":{\"@id\":\"https:\\\/\\\/acninternational.org\\\/es\\\/una-capilla-para-la-casa-de-ejercicios-y-reposo-de-la-caritas-spes-ucrania\\\/\"},\"wordCount\":391,\"commentCount\":0,\"publisher\":{\"@id\":\"https:\\\/\\\/acninternational.org\\\/es\\\/#organization\"},\"image\":{\"@id\":\"https:\\\/\\\/acninternational.org\\\/es\\\/una-capilla-para-la-casa-de-ejercicios-y-reposo-de-la-caritas-spes-ucrania\\\/#primaryimage\"},\"thumbnailUrl\":\"https:\\\/\\\/media.acninternational.org\\\/wp-content\\\/uploads\\\/2019\\\/11\\\/Una-capilla-para-la-casa-de-ejercicios-y-reposo-de-la-Caritas-Spes-Ucrania-image.jpg\",\"articleSection\":[\"HISTORIAS\"],\"inLanguage\":\"es\",\"potentialAction\":[{\"@type\":\"CommentAction\",\"name\":\"Comment\",\"target\":[\"https:\\\/\\\/acninternational.org\\\/es\\\/una-capilla-para-la-casa-de-ejercicios-y-reposo-de-la-caritas-spes-ucrania\\\/#respond\"]}]},{\"@type\":\"WebPage\",\"@id\":\"https:\\\/\\\/acninternational.org\\\/es\\\/una-capilla-para-la-casa-de-ejercicios-y-reposo-de-la-caritas-spes-ucrania\\\/\",\"url\":\"https:\\\/\\\/acninternational.org\\\/es\\\/una-capilla-para-la-casa-de-ejercicios-y-reposo-de-la-caritas-spes-ucrania\\\/\",\"name\":\"Una capilla para la casa de ejercicios y reposo de la Caritas Spes Ucrania | ACN International\",\"isPartOf\":{\"@id\":\"https:\\\/\\\/acninternational.org\\\/es\\\/#website\"},\"primaryImageOfPage\":{\"@id\":\"https:\\\/\\\/acninternational.org\\\/es\\\/una-capilla-para-la-casa-de-ejercicios-y-reposo-de-la-caritas-spes-ucrania\\\/#primaryimage\"},\"image\":{\"@id\":\"https:\\\/\\\/acninternational.org\\\/es\\\/una-capilla-para-la-casa-de-ejercicios-y-reposo-de-la-caritas-spes-ucrania\\\/#primaryimage\"},\"thumbnailUrl\":\"https:\\\/\\\/media.acninternational.org\\\/wp-content\\\/uploads\\\/2019\\\/11\\\/Una-capilla-para-la-casa-de-ejercicios-y-reposo-de-la-Caritas-Spes-Ucrania-image.jpg\",\"datePublished\":\"2016-06-29T22:00:00+00:00\",\"breadcrumb\":{\"@id\":\"https:\\\/\\\/acninternational.org\\\/es\\\/una-capilla-para-la-casa-de-ejercicios-y-reposo-de-la-caritas-spes-ucrania\\\/#breadcrumb\"},\"inLanguage\":\"es\",\"potentialAction\":[{\"@type\":\"ReadAction\",\"target\":[\"https:\\\/\\\/acninternational.org\\\/es\\\/una-capilla-para-la-casa-de-ejercicios-y-reposo-de-la-caritas-spes-ucrania\\\/\"]}]},{\"@type\":\"ImageObject\",\"inLanguage\":\"es\",\"@id\":\"https:\\\/\\\/acninternational.org\\\/es\\\/una-capilla-para-la-casa-de-ejercicios-y-reposo-de-la-caritas-spes-ucrania\\\/#primaryimage\",\"url\":\"https:\\\/\\\/media.acninternational.org\\\/wp-content\\\/uploads\\\/2019\\\/11\\\/Una-capilla-para-la-casa-de-ejercicios-y-reposo-de-la-Caritas-Spes-Ucrania-image.jpg\",\"contentUrl\":\"https:\\\/\\\/media.acninternational.org\\\/wp-content\\\/uploads\\\/2019\\\/11\\\/Una-capilla-para-la-casa-de-ejercicios-y-reposo-de-la-Caritas-Spes-Ucrania-image.jpg\",\"width\":1960,\"height\":600,\"caption\":\"Una capilla para la casa de ejercicios y reposo de la Caritas Spes Ucrania\"},{\"@type\":\"BreadcrumbList\",\"@id\":\"https:\\\/\\\/acninternational.org\\\/es\\\/una-capilla-para-la-casa-de-ejercicios-y-reposo-de-la-caritas-spes-ucrania\\\/#breadcrumb\",\"itemListElement\":[{\"@type\":\"ListItem\",\"position\":1,\"name\":\"Home\",\"item\":\"https:\\\/\\\/acninternational.org\\\/es\\\/\"},{\"@type\":\"ListItem\",\"position\":2,\"name\":\"HISTORIAS\",\"item\":\"https:\\\/\\\/acninternational.org\\\/es\\\/category\\\/historias\\\/\"},{\"@type\":\"ListItem\",\"position\":3,\"name\":\"Una capilla para la casa de ejercicios y reposo de la Caritas Spes Ucrania\"}]},{\"@type\":\"WebSite\",\"@id\":\"https:\\\/\\\/acninternational.org\\\/es\\\/#website\",\"url\":\"https:\\\/\\\/acninternational.org\\\/es\\\/\",\"name\":\"ACN International\",\"description\":\"\",\"publisher\":{\"@id\":\"https:\\\/\\\/acninternational.org\\\/es\\\/#organization\"},\"potentialAction\":[{\"@type\":\"SearchAction\",\"target\":{\"@type\":\"EntryPoint\",\"urlTemplate\":\"https:\\\/\\\/acninternational.org\\\/es\\\/?s={search_term_string}\"},\"query-input\":{\"@type\":\"PropertyValueSpecification\",\"valueRequired\":true,\"valueName\":\"search_term_string\"}}],\"inLanguage\":\"es\"},{\"@type\":\"Organization\",\"@id\":\"https:\\\/\\\/acninternational.org\\\/es\\\/#organization\",\"name\":\"Aid to the Church in Need International\",\"url\":\"https:\\\/\\\/acninternational.org\\\/es\\\/\",\"logo\":{\"@type\":\"ImageObject\",\"inLanguage\":\"es\",\"@id\":\"https:\\\/\\\/acninternational.org\\\/es\\\/#\\\/schema\\\/logo\\\/image\\\/\",\"url\":\"https:\\\/\\\/media.acninternational.org\\\/wp-content\\\/uploads\\\/2019\\\/11\\\/acn_logo_blackvector.svg\",\"contentUrl\":\"https:\\\/\\\/media.acninternational.org\\\/wp-content\\\/uploads\\\/2019\\\/11\\\/acn_logo_blackvector.svg\",\"width\":232.6,\"height\":78,\"caption\":\"Aid to the Church in Need International\"},\"image\":{\"@id\":\"https:\\\/\\\/acninternational.org\\\/es\\\/#\\\/schema\\\/logo\\\/image\\\/\"},\"sameAs\":[\"https:\\\/\\\/www.facebook.com\\\/acninternationalorg\",\"https:\\\/\\\/x.com\\\/acn_int\",\"https:\\\/\\\/www.youtube.com\\\/channel\\\/UCQ-077gS0TnVzkhHmf1opZw\",\"https:\\\/\\\/www.instagram.com\\\/acn_international\\\/\"]},{\"@type\":\"Person\",\"@id\":\"https:\\\/\\\/acninternational.org\\\/es\\\/#\\\/schema\\\/person\\\/5a7468d38fb12b1976b6eeda95c21ebc\",\"name\":\"admin_acn\",\"url\":\"https:\\\/\\\/acninternational.org\\\/es\\\/author\\\/admin_acn\\\/\"}]}<\/script>\n<!-- \/ Yoast SEO Premium plugin. -->","yoast_head_json":{"title":"Una capilla para la casa de ejercicios y reposo de la Caritas Spes Ucrania | ACN International","robots":{"index":"index","follow":"follow","max-snippet":"max-snippet:-1","max-image-preview":"max-image-preview:large","max-video-preview":"max-video-preview:-1"},"canonical":"https:\/\/acninternational.org\/es\/una-capilla-para-la-casa-de-ejercicios-y-reposo-de-la-caritas-spes-ucrania\/","og_locale":"es_ES","og_type":"article","og_title":"Una capilla para la casa de ejercicios y reposo de la Caritas Spes Ucrania","og_description":"Incluso cinco lustros despu\u00e9s del derrumbamiento de la Uni\u00f3n Sovi\u00e9tica, sus consecuencias todav\u00eda son perceptibles, pues mucha gente","og_url":"https:\/\/acninternational.org\/es\/una-capilla-para-la-casa-de-ejercicios-y-reposo-de-la-caritas-spes-ucrania\/","og_site_name":"ACN International","article_publisher":"https:\/\/www.facebook.com\/acninternationalorg","article_published_time":"2016-06-29T22:00:00+00:00","og_image":[{"width":1960,"height":600,"url":"https:\/\/media.acninternational.org\/wp-content\/uploads\/2019\/11\/Una-capilla-para-la-casa-de-ejercicios-y-reposo-de-la-Caritas-Spes-Ucrania-image.jpg","type":"image\/jpeg"}],"author":"admin_acn","twitter_card":"summary_large_image","twitter_creator":"@acn_int","twitter_site":"@acn_int","twitter_misc":{"Escrito por":"admin_acn","Tiempo de lectura":"2 minutos"},"schema":{"@context":"https:\/\/schema.org","@graph":[{"@type":"Article","@id":"https:\/\/acninternational.org\/es\/una-capilla-para-la-casa-de-ejercicios-y-reposo-de-la-caritas-spes-ucrania\/#article","isPartOf":{"@id":"https:\/\/acninternational.org\/es\/una-capilla-para-la-casa-de-ejercicios-y-reposo-de-la-caritas-spes-ucrania\/"},"author":{"name":"admin_acn","@id":"https:\/\/acninternational.org\/es\/#\/schema\/person\/5a7468d38fb12b1976b6eeda95c21ebc"},"headline":"Una capilla para la casa de ejercicios y reposo de la Caritas Spes Ucrania","datePublished":"2016-06-29T22:00:00+00:00","mainEntityOfPage":{"@id":"https:\/\/acninternational.org\/es\/una-capilla-para-la-casa-de-ejercicios-y-reposo-de-la-caritas-spes-ucrania\/"},"wordCount":391,"commentCount":0,"publisher":{"@id":"https:\/\/acninternational.org\/es\/#organization"},"image":{"@id":"https:\/\/acninternational.org\/es\/una-capilla-para-la-casa-de-ejercicios-y-reposo-de-la-caritas-spes-ucrania\/#primaryimage"},"thumbnailUrl":"https:\/\/media.acninternational.org\/wp-content\/uploads\/2019\/11\/Una-capilla-para-la-casa-de-ejercicios-y-reposo-de-la-Caritas-Spes-Ucrania-image.jpg","articleSection":["HISTORIAS"],"inLanguage":"es","potentialAction":[{"@type":"CommentAction","name":"Comment","target":["https:\/\/acninternational.org\/es\/una-capilla-para-la-casa-de-ejercicios-y-reposo-de-la-caritas-spes-ucrania\/#respond"]}]},{"@type":"WebPage","@id":"https:\/\/acninternational.org\/es\/una-capilla-para-la-casa-de-ejercicios-y-reposo-de-la-caritas-spes-ucrania\/","url":"https:\/\/acninternational.org\/es\/una-capilla-para-la-casa-de-ejercicios-y-reposo-de-la-caritas-spes-ucrania\/","name":"Una capilla para la casa de ejercicios y reposo de la Caritas Spes Ucrania | ACN International","isPartOf":{"@id":"https:\/\/acninternational.org\/es\/#website"},"primaryImageOfPage":{"@id":"https:\/\/acninternational.org\/es\/una-capilla-para-la-casa-de-ejercicios-y-reposo-de-la-caritas-spes-ucrania\/#primaryimage"},"image":{"@id":"https:\/\/acninternational.org\/es\/una-capilla-para-la-casa-de-ejercicios-y-reposo-de-la-caritas-spes-ucrania\/#primaryimage"},"thumbnailUrl":"https:\/\/media.acninternational.org\/wp-content\/uploads\/2019\/11\/Una-capilla-para-la-casa-de-ejercicios-y-reposo-de-la-Caritas-Spes-Ucrania-image.jpg","datePublished":"2016-06-29T22:00:00+00:00","breadcrumb":{"@id":"https:\/\/acninternational.org\/es\/una-capilla-para-la-casa-de-ejercicios-y-reposo-de-la-caritas-spes-ucrania\/#breadcrumb"},"inLanguage":"es","potentialAction":[{"@type":"ReadAction","target":["https:\/\/acninternational.org\/es\/una-capilla-para-la-casa-de-ejercicios-y-reposo-de-la-caritas-spes-ucrania\/"]}]},{"@type":"ImageObject","inLanguage":"es","@id":"https:\/\/acninternational.org\/es\/una-capilla-para-la-casa-de-ejercicios-y-reposo-de-la-caritas-spes-ucrania\/#primaryimage","url":"https:\/\/media.acninternational.org\/wp-content\/uploads\/2019\/11\/Una-capilla-para-la-casa-de-ejercicios-y-reposo-de-la-Caritas-Spes-Ucrania-image.jpg","contentUrl":"https:\/\/media.acninternational.org\/wp-content\/uploads\/2019\/11\/Una-capilla-para-la-casa-de-ejercicios-y-reposo-de-la-Caritas-Spes-Ucrania-image.jpg","width":1960,"height":600,"caption":"Una capilla para la casa de ejercicios y reposo de la Caritas Spes Ucrania"},{"@type":"BreadcrumbList","@id":"https:\/\/acninternational.org\/es\/una-capilla-para-la-casa-de-ejercicios-y-reposo-de-la-caritas-spes-ucrania\/#breadcrumb","itemListElement":[{"@type":"ListItem","position":1,"name":"Home","item":"https:\/\/acninternational.org\/es\/"},{"@type":"ListItem","position":2,"name":"HISTORIAS","item":"https:\/\/acninternational.org\/es\/category\/historias\/"},{"@type":"ListItem","position":3,"name":"Una capilla para la casa de ejercicios y reposo de la Caritas Spes Ucrania"}]},{"@type":"WebSite","@id":"https:\/\/acninternational.org\/es\/#website","url":"https:\/\/acninternational.org\/es\/","name":"ACN International","description":"","publisher":{"@id":"https:\/\/acninternational.org\/es\/#organization"},"potentialAction":[{"@type":"SearchAction","target":{"@type":"EntryPoint","urlTemplate":"https:\/\/acninternational.org\/es\/?s={search_term_string}"},"query-input":{"@type":"PropertyValueSpecification","valueRequired":true,"valueName":"search_term_string"}}],"inLanguage":"es"},{"@type":"Organization","@id":"https:\/\/acninternational.org\/es\/#organization","name":"Aid to the Church in Need International","url":"https:\/\/acninternational.org\/es\/","logo":{"@type":"ImageObject","inLanguage":"es","@id":"https:\/\/acninternational.org\/es\/#\/schema\/logo\/image\/","url":"https:\/\/media.acninternational.org\/wp-content\/uploads\/2019\/11\/acn_logo_blackvector.svg","contentUrl":"https:\/\/media.acninternational.org\/wp-content\/uploads\/2019\/11\/acn_logo_blackvector.svg","width":232.6,"height":78,"caption":"Aid to the Church in Need International"},"image":{"@id":"https:\/\/acninternational.org\/es\/#\/schema\/logo\/image\/"},"sameAs":["https:\/\/www.facebook.com\/acninternationalorg","https:\/\/x.com\/acn_int","https:\/\/www.youtube.com\/channel\/UCQ-077gS0TnVzkhHmf1opZw","https:\/\/www.instagram.com\/acn_international\/"]},{"@type":"Person","@id":"https:\/\/acninternational.org\/es\/#\/schema\/person\/5a7468d38fb12b1976b6eeda95c21ebc","name":"admin_acn","url":"https:\/\/acninternational.org\/es\/author\/admin_acn\/"}]}},"_links":{"self":[{"href":"https:\/\/acninternational.org\/es\/wp-json\/wp\/v2\/posts\/113141","targetHints":{"allow":["GET"]}}],"collection":[{"href":"https:\/\/acninternational.org\/es\/wp-json\/wp\/v2\/posts"}],"about":[{"href":"https:\/\/acninternational.org\/es\/wp-json\/wp\/v2\/types\/post"}],"author":[{"embeddable":true,"href":"https:\/\/acninternational.org\/es\/wp-json\/wp\/v2\/users\/1"}],"replies":[{"embeddable":true,"href":"https:\/\/acninternational.org\/es\/wp-json\/wp\/v2\/comments?post=113141"}],"version-history":[{"count":0,"href":"https:\/\/acninternational.org\/es\/wp-json\/wp\/v2\/posts\/113141\/revisions"}],"wp:featuredmedia":[{"embeddable":true,"href":"https:\/\/acninternational.org\/es\/wp-json\/wp\/v2\/media\/113142"}],"wp:attachment":[{"href":"https:\/\/acninternational.org\/es\/wp-json\/wp\/v2\/media?parent=113141"}],"wp:term":[{"taxonomy":"category","embeddable":true,"href":"https:\/\/acninternational.org\/es\/wp-json\/wp\/v2\/categories?post=113141"},{"taxonomy":"post_tag","embeddable":true,"href":"https:\/\/acninternational.org\/es\/wp-json\/wp\/v2\/tags?post=113141"},{"taxonomy":"country","embeddable":true,"href":"https:\/\/acninternational.org\/es\/wp-json\/wp\/v2\/country?post=113141"}],"curies":[{"name":"wp","href":"https:\/\/api.w.org\/{rel}","templated":true}]}}