{"id":113103,"date":"2016-05-31T00:00:00","date_gmt":"2016-05-30T22:00:00","guid":{"rendered":"https:\/\/acninternational.org\/el-papa-francisco-invita-a-los-ninos-de-todo-el-mundo-a-unirse-a-la-oracion-por-la-paz-en-siria\/"},"modified":"2016-05-31T00:00:00","modified_gmt":"2016-05-30T22:00:00","slug":"el-papa-francisco-invita-a-los-ninos-de-todo-el-mundo-a-unirse-a-la-oracion-por-la-paz-en-siria","status":"publish","type":"post","link":"https:\/\/acninternational.org\/es\/el-papa-francisco-invita-a-los-ninos-de-todo-el-mundo-a-unirse-a-la-oracion-por-la-paz-en-siria\/","title":{"rendered":"El Papa Francisco invita a los ni\u00f1os de todo el mundo a unirse a la oraci\u00f3n por la paz en Siria"},"content":{"rendered":"<p class=\"p1\"><span class=\"s1\">Durante el \u00c1ngelus del domingo (29 de mayo) en la Plaza de San Pedro en Roma, el Papa Francisco se\u00f1al\u00f3 que los ni\u00f1os en Siria celebrar\u00e1n el 1 de junio, D\u00eda del Ni\u00f1o, una jornada de oraci\u00f3n por la paz en Siria. Dijo literalmente: \u201cLos ni\u00f1os sirios invitan a los ni\u00f1os de todo el mundo a unirse a ellos en su oraci\u00f3n por la paz\u201d.<\/span><\/p>\n<p class=\"p1\"><span class=\"s1\">Los patriarcas cat\u00f3licos y ortodoxos del pa\u00eds se han hecho eco en un mensaje conjunto de una iniciativa de Aid to the Church in Need, consistente en dedicar este d\u00eda a una jornada de oraci\u00f3n por la paz a cargo de los ni\u00f1os. El Padre Andrzej Halemba, jefe de la Secci\u00f3n de Oriente Pr\u00f3ximo de Aid to the Church in Need<i>, <\/i>ha dicho al respecto: \u201cLos ni\u00f1os son las v\u00edctimas m\u00e1s deplorables de esta guerra, pero tambi\u00e9n son los que est\u00e1n m\u00e1s cerca de Dios. Sin duda, sus plegarias ser\u00e1n escuchadas por Dios y, ojal\u00e1, tambi\u00e9n conmuevan los corazones de los que libran esta guerra\u201d.<\/span><\/p>\n<p class=\"p1\"><span class=\"s1\">\u201cEn las ciudades de Damasco, Homs, Tart\u00fas, Marmarita y Alepo se reunir\u00e1n centenares de ni\u00f1os para rezar juntos por la paz. Durante toda la jornada tendr\u00e1n lugar varios actos y oraciones conjuntas, entre los primeros, tambi\u00e9n procesiones por la paz en la que los ni\u00f1os portar\u00e1n im\u00e1genes y estatuas del Ni\u00f1o Jes\u00fas vestido de rey que lleva en su izquierda el orbe, al que bendice con la derecha. Los patriarcas han elegido al Ni\u00f1o Jes\u00fas como \u201cPatr\u00f3n\u201d de esta jornada de oraci\u00f3n porque \u201cvino para traer la paz\u201d y porque fue anunciado por el profeta Isa\u00edas como Pr\u00edncipe de la Paz. Est\u00e1 previsto que ni\u00f1os en todo el mundo y, sobre todo, en escuelas y parroquias, se organicen para unirse a esta iniciativa.<\/span><\/p>\n<p class=\"p1\"><span class=\"s1\">Mons. Abdo Arbach, Obispo melquita-cat\u00f3lico de Homs, y el Obispo ortodoxo de la misma ciudad, Mons. Selvanos, han redactado en nombre de todos los ni\u00f1os de Homs una carta conjunta al Papa Francisco. En esta carta, de la que tambi\u00e9n tiene copia Aid to the Church in Need<i>, <\/i>los ni\u00f1os agradecen al Papa su defensa de la paz en Siria y le piden sus oraciones. Tambi\u00e9n le piden que \u201clos salve de este torrente de odio, de los monstruos de la ira y de aquellos que trafican con \u00f3rganos humanos\u201d, pues ellos, los ni\u00f1os, son \u201clas primeras v\u00edctimas de estos cr\u00edmenes\u201d. En la carta tambi\u00e9n dice as\u00ed: \u201cQueremos que nuestro pa\u00eds vuelva a convertirse en el pa\u00eds de felicidad y amor que era antes, donde poder plantar olivos y cultivar trigo, en lugar de una tierra quemada ocupada por los ca\u00f1ones y los lanzamisiles del odio\u201d.<\/span><\/p>\n<p class=\"p1\"><span class=\"s1\">Este 1 de junio, D\u00eda Internacional del Ni\u00f1o, un\u00e1monos todos a los ni\u00f1os sirios en esta oraci\u00f3n por la paz. Pueden compartir sus oraciones en las redes sociales usando los hashtags #JoinTheSyrianChildren y #PrayForPeace<\/span><\/p>\n","protected":false},"excerpt":{"rendered":"<p>Durante el \u00c1ngelus del domingo (29 de mayo) en la Plaza de San Pedro en Roma, el Papa<\/p>\n","protected":false},"author":1,"featured_media":0,"comment_status":"open","ping_status":"open","sticky":false,"template":"","format":"standard","meta":{"_acf_changed":false,"_acn_coauthor_ids":[],"footnotes":""},"categories":[713],"tags":[],"country":[],"class_list":["post-113103","post","type-post","status-publish","format-standard","hentry","category-historias"],"acn_coauthors":[],"acf":[],"yoast_head":"<!-- This site is optimized with the Yoast SEO Premium plugin v27.3 (Yoast SEO v27.3) - https:\/\/yoast.com\/product\/yoast-seo-premium-wordpress\/ -->\n<title>El Papa Francisco invita a los ni\u00f1os de todo el mundo a unirse a la oraci\u00f3n por la paz en Siria | ACN International<\/title>\n<meta name=\"robots\" content=\"index, follow, max-snippet:-1, max-image-preview:large, max-video-preview:-1\" \/>\n<link rel=\"canonical\" href=\"https:\/\/acninternational.org\/es\/el-papa-francisco-invita-a-los-ninos-de-todo-el-mundo-a-unirse-a-la-oracion-por-la-paz-en-siria\/\" \/>\n<meta property=\"og:locale\" content=\"es_ES\" \/>\n<meta property=\"og:type\" content=\"article\" \/>\n<meta property=\"og:title\" content=\"El Papa Francisco invita a los ni\u00f1os de todo el mundo a unirse a la oraci\u00f3n por la paz en Siria\" \/>\n<meta property=\"og:description\" content=\"Durante el \u00c1ngelus del domingo (29 de mayo) en la Plaza de San Pedro en Roma, el Papa\" \/>\n<meta property=\"og:url\" content=\"https:\/\/acninternational.org\/es\/el-papa-francisco-invita-a-los-ninos-de-todo-el-mundo-a-unirse-a-la-oracion-por-la-paz-en-siria\/\" \/>\n<meta property=\"og:site_name\" content=\"ACN International\" \/>\n<meta property=\"article:publisher\" content=\"https:\/\/www.facebook.com\/acninternationalorg\" \/>\n<meta property=\"article:published_time\" content=\"2016-05-30T22:00:00+00:00\" \/>\n<meta property=\"og:image\" content=\"https:\/\/media.acninternational.org\/wp-content\/uploads\/2022\/07\/ACN-20140929-13926-1.jpeg\" \/>\n\t<meta property=\"og:image:width\" content=\"200\" \/>\n\t<meta property=\"og:image:height\" content=\"200\" \/>\n\t<meta property=\"og:image:type\" content=\"image\/jpeg\" \/>\n<meta name=\"author\" content=\"admin_acn\" \/>\n<meta name=\"twitter:card\" content=\"summary_large_image\" \/>\n<meta name=\"twitter:creator\" content=\"@acn_int\" \/>\n<meta name=\"twitter:site\" content=\"@acn_int\" \/>\n<meta name=\"twitter:label1\" content=\"Escrito por\" \/>\n\t<meta name=\"twitter:data1\" content=\"admin_acn\" \/>\n\t<meta name=\"twitter:label2\" content=\"Tiempo de lectura\" \/>\n\t<meta name=\"twitter:data2\" content=\"3 minutos\" \/>\n<script type=\"application\/ld+json\" class=\"yoast-schema-graph\">{\"@context\":\"https:\\\/\\\/schema.org\",\"@graph\":[{\"@type\":\"Article\",\"@id\":\"https:\\\/\\\/acninternational.org\\\/es\\\/el-papa-francisco-invita-a-los-ninos-de-todo-el-mundo-a-unirse-a-la-oracion-por-la-paz-en-siria\\\/#article\",\"isPartOf\":{\"@id\":\"https:\\\/\\\/acninternational.org\\\/es\\\/el-papa-francisco-invita-a-los-ninos-de-todo-el-mundo-a-unirse-a-la-oracion-por-la-paz-en-siria\\\/\"},\"author\":{\"name\":\"admin_acn\",\"@id\":\"https:\\\/\\\/acninternational.org\\\/es\\\/#\\\/schema\\\/person\\\/5a7468d38fb12b1976b6eeda95c21ebc\"},\"headline\":\"El Papa Francisco invita a los ni\u00f1os de todo el mundo a unirse a la oraci\u00f3n por la paz en Siria\",\"datePublished\":\"2016-05-30T22:00:00+00:00\",\"mainEntityOfPage\":{\"@id\":\"https:\\\/\\\/acninternational.org\\\/es\\\/el-papa-francisco-invita-a-los-ninos-de-todo-el-mundo-a-unirse-a-la-oracion-por-la-paz-en-siria\\\/\"},\"wordCount\":551,\"commentCount\":0,\"publisher\":{\"@id\":\"https:\\\/\\\/acninternational.org\\\/es\\\/#organization\"},\"articleSection\":[\"HISTORIAS\"],\"inLanguage\":\"es\",\"potentialAction\":[{\"@type\":\"CommentAction\",\"name\":\"Comment\",\"target\":[\"https:\\\/\\\/acninternational.org\\\/es\\\/el-papa-francisco-invita-a-los-ninos-de-todo-el-mundo-a-unirse-a-la-oracion-por-la-paz-en-siria\\\/#respond\"]}]},{\"@type\":\"WebPage\",\"@id\":\"https:\\\/\\\/acninternational.org\\\/es\\\/el-papa-francisco-invita-a-los-ninos-de-todo-el-mundo-a-unirse-a-la-oracion-por-la-paz-en-siria\\\/\",\"url\":\"https:\\\/\\\/acninternational.org\\\/es\\\/el-papa-francisco-invita-a-los-ninos-de-todo-el-mundo-a-unirse-a-la-oracion-por-la-paz-en-siria\\\/\",\"name\":\"El Papa Francisco invita a los ni\u00f1os de todo el mundo a unirse a la oraci\u00f3n por la paz en Siria | ACN International\",\"isPartOf\":{\"@id\":\"https:\\\/\\\/acninternational.org\\\/es\\\/#website\"},\"datePublished\":\"2016-05-30T22:00:00+00:00\",\"breadcrumb\":{\"@id\":\"https:\\\/\\\/acninternational.org\\\/es\\\/el-papa-francisco-invita-a-los-ninos-de-todo-el-mundo-a-unirse-a-la-oracion-por-la-paz-en-siria\\\/#breadcrumb\"},\"inLanguage\":\"es\",\"potentialAction\":[{\"@type\":\"ReadAction\",\"target\":[\"https:\\\/\\\/acninternational.org\\\/es\\\/el-papa-francisco-invita-a-los-ninos-de-todo-el-mundo-a-unirse-a-la-oracion-por-la-paz-en-siria\\\/\"]}]},{\"@type\":\"BreadcrumbList\",\"@id\":\"https:\\\/\\\/acninternational.org\\\/es\\\/el-papa-francisco-invita-a-los-ninos-de-todo-el-mundo-a-unirse-a-la-oracion-por-la-paz-en-siria\\\/#breadcrumb\",\"itemListElement\":[{\"@type\":\"ListItem\",\"position\":1,\"name\":\"Home\",\"item\":\"https:\\\/\\\/acninternational.org\\\/es\\\/\"},{\"@type\":\"ListItem\",\"position\":2,\"name\":\"HISTORIAS\",\"item\":\"https:\\\/\\\/acninternational.org\\\/es\\\/category\\\/historias\\\/\"},{\"@type\":\"ListItem\",\"position\":3,\"name\":\"El Papa Francisco invita a los ni\u00f1os de todo el mundo a unirse a la oraci\u00f3n por la paz en Siria\"}]},{\"@type\":\"WebSite\",\"@id\":\"https:\\\/\\\/acninternational.org\\\/es\\\/#website\",\"url\":\"https:\\\/\\\/acninternational.org\\\/es\\\/\",\"name\":\"ACN International\",\"description\":\"\",\"publisher\":{\"@id\":\"https:\\\/\\\/acninternational.org\\\/es\\\/#organization\"},\"potentialAction\":[{\"@type\":\"SearchAction\",\"target\":{\"@type\":\"EntryPoint\",\"urlTemplate\":\"https:\\\/\\\/acninternational.org\\\/es\\\/?s={search_term_string}\"},\"query-input\":{\"@type\":\"PropertyValueSpecification\",\"valueRequired\":true,\"valueName\":\"search_term_string\"}}],\"inLanguage\":\"es\"},{\"@type\":\"Organization\",\"@id\":\"https:\\\/\\\/acninternational.org\\\/es\\\/#organization\",\"name\":\"Aid to the Church in Need International\",\"url\":\"https:\\\/\\\/acninternational.org\\\/es\\\/\",\"logo\":{\"@type\":\"ImageObject\",\"inLanguage\":\"es\",\"@id\":\"https:\\\/\\\/acninternational.org\\\/es\\\/#\\\/schema\\\/logo\\\/image\\\/\",\"url\":\"https:\\\/\\\/media.acninternational.org\\\/wp-content\\\/uploads\\\/2019\\\/11\\\/acn_logo_blackvector.svg\",\"contentUrl\":\"https:\\\/\\\/media.acninternational.org\\\/wp-content\\\/uploads\\\/2019\\\/11\\\/acn_logo_blackvector.svg\",\"width\":232.6,\"height\":78,\"caption\":\"Aid to the Church in Need International\"},\"image\":{\"@id\":\"https:\\\/\\\/acninternational.org\\\/es\\\/#\\\/schema\\\/logo\\\/image\\\/\"},\"sameAs\":[\"https:\\\/\\\/www.facebook.com\\\/acninternationalorg\",\"https:\\\/\\\/x.com\\\/acn_int\",\"https:\\\/\\\/www.youtube.com\\\/channel\\\/UCQ-077gS0TnVzkhHmf1opZw\",\"https:\\\/\\\/www.instagram.com\\\/acn_international\\\/\"]},{\"@type\":\"Person\",\"@id\":\"https:\\\/\\\/acninternational.org\\\/es\\\/#\\\/schema\\\/person\\\/5a7468d38fb12b1976b6eeda95c21ebc\",\"name\":\"admin_acn\",\"url\":\"https:\\\/\\\/acninternational.org\\\/es\\\/author\\\/admin_acn\\\/\"}]}<\/script>\n<!-- \/ Yoast SEO Premium plugin. -->","yoast_head_json":{"title":"El Papa Francisco invita a los ni\u00f1os de todo el mundo a unirse a la oraci\u00f3n por la paz en Siria | ACN International","robots":{"index":"index","follow":"follow","max-snippet":"max-snippet:-1","max-image-preview":"max-image-preview:large","max-video-preview":"max-video-preview:-1"},"canonical":"https:\/\/acninternational.org\/es\/el-papa-francisco-invita-a-los-ninos-de-todo-el-mundo-a-unirse-a-la-oracion-por-la-paz-en-siria\/","og_locale":"es_ES","og_type":"article","og_title":"El Papa Francisco invita a los ni\u00f1os de todo el mundo a unirse a la oraci\u00f3n por la paz en Siria","og_description":"Durante el \u00c1ngelus del domingo (29 de mayo) en la Plaza de San Pedro en Roma, el Papa","og_url":"https:\/\/acninternational.org\/es\/el-papa-francisco-invita-a-los-ninos-de-todo-el-mundo-a-unirse-a-la-oracion-por-la-paz-en-siria\/","og_site_name":"ACN International","article_publisher":"https:\/\/www.facebook.com\/acninternationalorg","article_published_time":"2016-05-30T22:00:00+00:00","og_image":[{"width":200,"height":200,"url":"https:\/\/media.acninternational.org\/wp-content\/uploads\/2022\/07\/ACN-20140929-13926-1.jpeg","type":"image\/jpeg"}],"author":"admin_acn","twitter_card":"summary_large_image","twitter_creator":"@acn_int","twitter_site":"@acn_int","twitter_misc":{"Escrito por":"admin_acn","Tiempo de lectura":"3 minutos"},"schema":{"@context":"https:\/\/schema.org","@graph":[{"@type":"Article","@id":"https:\/\/acninternational.org\/es\/el-papa-francisco-invita-a-los-ninos-de-todo-el-mundo-a-unirse-a-la-oracion-por-la-paz-en-siria\/#article","isPartOf":{"@id":"https:\/\/acninternational.org\/es\/el-papa-francisco-invita-a-los-ninos-de-todo-el-mundo-a-unirse-a-la-oracion-por-la-paz-en-siria\/"},"author":{"name":"admin_acn","@id":"https:\/\/acninternational.org\/es\/#\/schema\/person\/5a7468d38fb12b1976b6eeda95c21ebc"},"headline":"El Papa Francisco invita a los ni\u00f1os de todo el mundo a unirse a la oraci\u00f3n por la paz en Siria","datePublished":"2016-05-30T22:00:00+00:00","mainEntityOfPage":{"@id":"https:\/\/acninternational.org\/es\/el-papa-francisco-invita-a-los-ninos-de-todo-el-mundo-a-unirse-a-la-oracion-por-la-paz-en-siria\/"},"wordCount":551,"commentCount":0,"publisher":{"@id":"https:\/\/acninternational.org\/es\/#organization"},"articleSection":["HISTORIAS"],"inLanguage":"es","potentialAction":[{"@type":"CommentAction","name":"Comment","target":["https:\/\/acninternational.org\/es\/el-papa-francisco-invita-a-los-ninos-de-todo-el-mundo-a-unirse-a-la-oracion-por-la-paz-en-siria\/#respond"]}]},{"@type":"WebPage","@id":"https:\/\/acninternational.org\/es\/el-papa-francisco-invita-a-los-ninos-de-todo-el-mundo-a-unirse-a-la-oracion-por-la-paz-en-siria\/","url":"https:\/\/acninternational.org\/es\/el-papa-francisco-invita-a-los-ninos-de-todo-el-mundo-a-unirse-a-la-oracion-por-la-paz-en-siria\/","name":"El Papa Francisco invita a los ni\u00f1os de todo el mundo a unirse a la oraci\u00f3n por la paz en Siria | ACN International","isPartOf":{"@id":"https:\/\/acninternational.org\/es\/#website"},"datePublished":"2016-05-30T22:00:00+00:00","breadcrumb":{"@id":"https:\/\/acninternational.org\/es\/el-papa-francisco-invita-a-los-ninos-de-todo-el-mundo-a-unirse-a-la-oracion-por-la-paz-en-siria\/#breadcrumb"},"inLanguage":"es","potentialAction":[{"@type":"ReadAction","target":["https:\/\/acninternational.org\/es\/el-papa-francisco-invita-a-los-ninos-de-todo-el-mundo-a-unirse-a-la-oracion-por-la-paz-en-siria\/"]}]},{"@type":"BreadcrumbList","@id":"https:\/\/acninternational.org\/es\/el-papa-francisco-invita-a-los-ninos-de-todo-el-mundo-a-unirse-a-la-oracion-por-la-paz-en-siria\/#breadcrumb","itemListElement":[{"@type":"ListItem","position":1,"name":"Home","item":"https:\/\/acninternational.org\/es\/"},{"@type":"ListItem","position":2,"name":"HISTORIAS","item":"https:\/\/acninternational.org\/es\/category\/historias\/"},{"@type":"ListItem","position":3,"name":"El Papa Francisco invita a los ni\u00f1os de todo el mundo a unirse a la oraci\u00f3n por la paz en Siria"}]},{"@type":"WebSite","@id":"https:\/\/acninternational.org\/es\/#website","url":"https:\/\/acninternational.org\/es\/","name":"ACN International","description":"","publisher":{"@id":"https:\/\/acninternational.org\/es\/#organization"},"potentialAction":[{"@type":"SearchAction","target":{"@type":"EntryPoint","urlTemplate":"https:\/\/acninternational.org\/es\/?s={search_term_string}"},"query-input":{"@type":"PropertyValueSpecification","valueRequired":true,"valueName":"search_term_string"}}],"inLanguage":"es"},{"@type":"Organization","@id":"https:\/\/acninternational.org\/es\/#organization","name":"Aid to the Church in Need International","url":"https:\/\/acninternational.org\/es\/","logo":{"@type":"ImageObject","inLanguage":"es","@id":"https:\/\/acninternational.org\/es\/#\/schema\/logo\/image\/","url":"https:\/\/media.acninternational.org\/wp-content\/uploads\/2019\/11\/acn_logo_blackvector.svg","contentUrl":"https:\/\/media.acninternational.org\/wp-content\/uploads\/2019\/11\/acn_logo_blackvector.svg","width":232.6,"height":78,"caption":"Aid to the Church in Need International"},"image":{"@id":"https:\/\/acninternational.org\/es\/#\/schema\/logo\/image\/"},"sameAs":["https:\/\/www.facebook.com\/acninternationalorg","https:\/\/x.com\/acn_int","https:\/\/www.youtube.com\/channel\/UCQ-077gS0TnVzkhHmf1opZw","https:\/\/www.instagram.com\/acn_international\/"]},{"@type":"Person","@id":"https:\/\/acninternational.org\/es\/#\/schema\/person\/5a7468d38fb12b1976b6eeda95c21ebc","name":"admin_acn","url":"https:\/\/acninternational.org\/es\/author\/admin_acn\/"}]}},"_links":{"self":[{"href":"https:\/\/acninternational.org\/es\/wp-json\/wp\/v2\/posts\/113103","targetHints":{"allow":["GET"]}}],"collection":[{"href":"https:\/\/acninternational.org\/es\/wp-json\/wp\/v2\/posts"}],"about":[{"href":"https:\/\/acninternational.org\/es\/wp-json\/wp\/v2\/types\/post"}],"author":[{"embeddable":true,"href":"https:\/\/acninternational.org\/es\/wp-json\/wp\/v2\/users\/1"}],"replies":[{"embeddable":true,"href":"https:\/\/acninternational.org\/es\/wp-json\/wp\/v2\/comments?post=113103"}],"version-history":[{"count":0,"href":"https:\/\/acninternational.org\/es\/wp-json\/wp\/v2\/posts\/113103\/revisions"}],"wp:attachment":[{"href":"https:\/\/acninternational.org\/es\/wp-json\/wp\/v2\/media?parent=113103"}],"wp:term":[{"taxonomy":"category","embeddable":true,"href":"https:\/\/acninternational.org\/es\/wp-json\/wp\/v2\/categories?post=113103"},{"taxonomy":"post_tag","embeddable":true,"href":"https:\/\/acninternational.org\/es\/wp-json\/wp\/v2\/tags?post=113103"},{"taxonomy":"country","embeddable":true,"href":"https:\/\/acninternational.org\/es\/wp-json\/wp\/v2\/country?post=113103"}],"curies":[{"name":"wp","href":"https:\/\/api.w.org\/{rel}","templated":true}]}}