{"id":112838,"date":"2016-05-20T00:00:00","date_gmt":"2016-05-19T22:00:00","guid":{"rendered":"https:\/\/acninternational.org\/santisima-trinidad\/"},"modified":"2019-11-05T02:26:09","modified_gmt":"2019-11-05T01:26:09","slug":"santisima-trinidad","status":"publish","type":"post","link":"https:\/\/acninternational.org\/es\/santisima-trinidad\/","title":{"rendered":"Festividad de la Sant\u00edsima Trinidad: \u00abLa fe de todos los cristianos se cimenta en la Trinidad\u00bb"},"content":{"rendered":"<p class=\"p1\"><span class=\"s1\">Una semana despu\u00e9s de Pentecost\u00e9s, los cat\u00f3licos celebramos hoy el Domingo de la Sant\u00edsima Trinidad, uno de los grandes festivales anuales de la cristiandad. \u00abLa fe de todos los cristianos se cimenta en la Sant\u00edsima Trinidad\u201d, tal y como como el <a href=\"http:\/\/www.vatican.va\/archive\/catechism_sp\/p1s2c1p2_sp.html\"><span class=\"s2\">Catecismo de la Iglesia Cat\u00f3lica<\/span><\/a>. \u201cLos cristianos son bautizados en \u00abel nombre\u00bb del Padre y del Hijo y del Esp\u00edritu Santo y no en \u00ablos nombres\u00bb de \u00e9stos, pues no hay m\u00e1s que un solo Dios, el Padre todopoderoso y su Hijo \u00fanico y el Esp\u00edritu Santo: la Sant\u00edsima Trinidad.\u201d<\/span><\/p>\n<p class=\"p1\"><span class=\"s1\">En 1982,<\/span><span class=\"s3\"> la <\/span><span class=\"s1\">comisi\u00f3n mixta para el di\u00e1logo teol\u00f3gico entre las Iglesias cat\u00f3lica y ortodoxa public\u00f3 el documento titulado \u201c<\/span><span class=\"s3\">El misterio de la Iglesia y de la Eucarist\u00eda a la luz del misterio de la Sant\u00edsima Trinidad.\u201d<\/span><span class=\"s1\"> Este fue el primer paso para dialogar sobre los aspectos que ambas Iglesias tienen en com\u00fan y, a partir de ah\u00ed, desarrollar progresivamente todos los puntos en los que no est\u00e1n de acuerdo.<\/span><\/p>\n<p class=\"p1\"><span class=\"s1\">Siguiendo el deseo del Papa Juan Pablo II, el P. Werenfried van Straaten, fundador de Aid to the Church in Need (Ayuda a la Iglesia Necesitada\/Que Sufre) hizo un especial esfuerzo para establecer un di\u00e1logo con la Iglesia Ortodoxa en Rusia. Con m\u00e1s de 100 millones de miembros, la Iglesia Ortodoxa rusa es la m\u00e1s grande e influyente de las Iglesias ortodoxas. En 1992 y 1994, ya a una edad avanzada, el Padre Werenfried viaj\u00f3 dos veces a Rusia para reunirse con el patriarca Alejo II y numerosos obispos ortodoxos, a los que prometi\u00f3 sus oraciones y ayuda. <\/span><\/p>\n<p class=\"p1\"><span class=\"s1\">La Iglesia Ortodoxa en Rusia, como la Iglesia Cat\u00f3lica, tuvo que empezar desde cero despu\u00e9s de 70 a\u00f1os de persecuci\u00f3n. Tras el fin de la Uni\u00f3n Sovi\u00e9tica era importante recordar a los cristianos cat\u00f3licos que el \u00abdi\u00e1logo de amor\u00bb entre las dos Iglesias, a las que el Concilio Vaticano II hab\u00eda descrito a\u00f1os antes como \u00abIglesias hermanas\u00bb, no tiene lugar principalmente en el plano teol\u00f3gico y acad\u00e9mico , sino que tambi\u00e9n hay un \u00abecumenismo de la solidaridad\u00bb, como lo llamaba el Padre Werenfried. El punto de partida estaba claro: \u00abDespu\u00e9s de 1000 a\u00f1os de malentendidos y enemistad mutua, debemos ahora ser conscientes de nuestra unidad y estar dispuestos a restaurarla. La unidad de la fe y de los sacramentos, que nunca se hab\u00eda perdido. Y la unidad de la oraci\u00f3n y el amor que ahora tenemos que lograr. \u00abEl Papa pidi\u00f3 al Padre Werenfried los informes detallados despu\u00e9s de ambos viajes a Rusia y se mantuvo siempre personalmente informado de todas las novedades. El Papa Benedicto XVI le pidi\u00f3 a Aid to the Church in Need que continuara este trabajo de cooperaci\u00f3n con la Iglesia Ortodoxa.<\/span><\/p>\n<p class=\"p1\"><span class=\"s1\">En los \u00faltimos a\u00f1os el concepto de una \u00abalianza estrat\u00e9gica\u00bb se ha ido formando en la colaboraci\u00f3n entre las dos Iglesias. Esta noci\u00f3n se basa en el hecho de que, en el mundo modern, ambas Iglesias se ven enfrentadas a numerosos desaf\u00edos que deben afrontar juntas. \u00c9stos incluyen el sufrimiento y la persecuci\u00f3n que padecen los cristianos en pa\u00edses donde son una minor\u00eda, la necesidad de abordar la cuesti\u00f3n del Islam, una creciente hostilidad hacia el cristianismo incluso en Europa, la difusi\u00f3n del secularismo, el relativismo y el materialismo, y el respeto cada vez menor, tambi\u00e9n en el \u00e1mbito pol\u00edtico, a la vida humana y la familia cristiana. \u00c9stas y otras muchas cuestiones \u00e9ticas hacen que sea esencial para los cristianos de diferentes denominaciones el elevar una voz com\u00fan. El pasado 12 de febrero el Papa Francisco y el Patriarca Kiril de Mosc\u00fa y todas las Rusias se reunieron en La Habana (Cuba): era la primera vez en casi mil a\u00f1os que los l\u00edderes del catolicismo romano y la ortodoxia rusa oriental se sentaban juntos.<\/span><\/p>\n","protected":false},"excerpt":{"rendered":"<p>Una semana despu\u00e9s de Pentecost\u00e9s, los cat\u00f3licos celebramos hoy el Domingo de la Sant\u00edsima Trinidad, uno de los<\/p>\n","protected":false},"author":1,"featured_media":0,"comment_status":"open","ping_status":"open","sticky":false,"template":"","format":"standard","meta":{"_acf_changed":false,"_acn_coauthor_ids":[],"footnotes":""},"categories":[713],"tags":[],"country":[],"class_list":["post-112838","post","type-post","status-publish","format-standard","hentry","category-historias"],"acn_coauthors":[],"acf":[],"yoast_head":"<!-- This site is optimized with the Yoast SEO Premium plugin v27.3 (Yoast SEO v27.3) - https:\/\/yoast.com\/product\/yoast-seo-premium-wordpress\/ -->\n<title>Festividad de la Sant\u00edsima Trinidad: &quot;La fe de todos los cristianos se cimenta en la Trinidad&quot; | ACN International<\/title>\n<meta name=\"robots\" content=\"index, follow, max-snippet:-1, max-image-preview:large, max-video-preview:-1\" \/>\n<link rel=\"canonical\" href=\"https:\/\/acninternational.org\/es\/santisima-trinidad\/\" \/>\n<meta property=\"og:locale\" content=\"es_ES\" \/>\n<meta property=\"og:type\" content=\"article\" \/>\n<meta property=\"og:title\" content=\"Festividad de la Sant\u00edsima Trinidad: &quot;La fe de todos los cristianos se cimenta en la Trinidad&quot;\" \/>\n<meta property=\"og:description\" content=\"Una semana despu\u00e9s de Pentecost\u00e9s, los cat\u00f3licos celebramos hoy el Domingo de la Sant\u00edsima Trinidad, uno de los\" \/>\n<meta property=\"og:url\" content=\"https:\/\/acninternational.org\/es\/santisima-trinidad\/\" \/>\n<meta property=\"og:site_name\" content=\"ACN International\" \/>\n<meta property=\"article:publisher\" content=\"https:\/\/www.facebook.com\/acninternationalorg\" \/>\n<meta property=\"article:published_time\" content=\"2016-05-19T22:00:00+00:00\" \/>\n<meta property=\"article:modified_time\" content=\"2019-11-05T01:26:09+00:00\" \/>\n<meta property=\"og:image\" content=\"https:\/\/media.acninternational.org\/wp-content\/uploads\/2022\/07\/ACN-20140929-13926-1.jpeg\" \/>\n\t<meta property=\"og:image:width\" content=\"200\" \/>\n\t<meta property=\"og:image:height\" content=\"200\" \/>\n\t<meta property=\"og:image:type\" content=\"image\/jpeg\" \/>\n<meta name=\"author\" content=\"admin_acn\" \/>\n<meta name=\"twitter:card\" content=\"summary_large_image\" \/>\n<meta name=\"twitter:creator\" content=\"@acn_int\" \/>\n<meta name=\"twitter:site\" content=\"@acn_int\" \/>\n<meta name=\"twitter:label1\" content=\"Escrito por\" \/>\n\t<meta name=\"twitter:data1\" content=\"admin_acn\" \/>\n\t<meta name=\"twitter:label2\" content=\"Tiempo de lectura\" \/>\n\t<meta name=\"twitter:data2\" content=\"3 minutos\" \/>\n<script type=\"application\/ld+json\" class=\"yoast-schema-graph\">{\"@context\":\"https:\\\/\\\/schema.org\",\"@graph\":[{\"@type\":\"Article\",\"@id\":\"https:\\\/\\\/acninternational.org\\\/es\\\/santisima-trinidad\\\/#article\",\"isPartOf\":{\"@id\":\"https:\\\/\\\/acninternational.org\\\/es\\\/santisima-trinidad\\\/\"},\"author\":{\"name\":\"admin_acn\",\"@id\":\"https:\\\/\\\/acninternational.org\\\/es\\\/#\\\/schema\\\/person\\\/5a7468d38fb12b1976b6eeda95c21ebc\"},\"headline\":\"Festividad de la Sant\u00edsima Trinidad: \u00abLa fe de todos los cristianos se cimenta en la Trinidad\u00bb\",\"datePublished\":\"2016-05-19T22:00:00+00:00\",\"dateModified\":\"2019-11-05T01:26:09+00:00\",\"mainEntityOfPage\":{\"@id\":\"https:\\\/\\\/acninternational.org\\\/es\\\/santisima-trinidad\\\/\"},\"wordCount\":685,\"commentCount\":0,\"publisher\":{\"@id\":\"https:\\\/\\\/acninternational.org\\\/es\\\/#organization\"},\"articleSection\":[\"HISTORIAS\"],\"inLanguage\":\"es\",\"potentialAction\":[{\"@type\":\"CommentAction\",\"name\":\"Comment\",\"target\":[\"https:\\\/\\\/acninternational.org\\\/es\\\/santisima-trinidad\\\/#respond\"]}]},{\"@type\":\"WebPage\",\"@id\":\"https:\\\/\\\/acninternational.org\\\/es\\\/santisima-trinidad\\\/\",\"url\":\"https:\\\/\\\/acninternational.org\\\/es\\\/santisima-trinidad\\\/\",\"name\":\"Festividad de la Sant\u00edsima Trinidad: \\\"La fe de todos los cristianos se cimenta en la Trinidad\\\" | ACN International\",\"isPartOf\":{\"@id\":\"https:\\\/\\\/acninternational.org\\\/es\\\/#website\"},\"datePublished\":\"2016-05-19T22:00:00+00:00\",\"dateModified\":\"2019-11-05T01:26:09+00:00\",\"breadcrumb\":{\"@id\":\"https:\\\/\\\/acninternational.org\\\/es\\\/santisima-trinidad\\\/#breadcrumb\"},\"inLanguage\":\"es\",\"potentialAction\":[{\"@type\":\"ReadAction\",\"target\":[\"https:\\\/\\\/acninternational.org\\\/es\\\/santisima-trinidad\\\/\"]}]},{\"@type\":\"BreadcrumbList\",\"@id\":\"https:\\\/\\\/acninternational.org\\\/es\\\/santisima-trinidad\\\/#breadcrumb\",\"itemListElement\":[{\"@type\":\"ListItem\",\"position\":1,\"name\":\"Home\",\"item\":\"https:\\\/\\\/acninternational.org\\\/es\\\/\"},{\"@type\":\"ListItem\",\"position\":2,\"name\":\"HISTORIAS\",\"item\":\"https:\\\/\\\/acninternational.org\\\/es\\\/category\\\/historias\\\/\"},{\"@type\":\"ListItem\",\"position\":3,\"name\":\"Festividad de la Sant\u00edsima Trinidad: \u00abLa fe de todos los cristianos se cimenta en la Trinidad\u00bb\"}]},{\"@type\":\"WebSite\",\"@id\":\"https:\\\/\\\/acninternational.org\\\/es\\\/#website\",\"url\":\"https:\\\/\\\/acninternational.org\\\/es\\\/\",\"name\":\"ACN International\",\"description\":\"\",\"publisher\":{\"@id\":\"https:\\\/\\\/acninternational.org\\\/es\\\/#organization\"},\"potentialAction\":[{\"@type\":\"SearchAction\",\"target\":{\"@type\":\"EntryPoint\",\"urlTemplate\":\"https:\\\/\\\/acninternational.org\\\/es\\\/?s={search_term_string}\"},\"query-input\":{\"@type\":\"PropertyValueSpecification\",\"valueRequired\":true,\"valueName\":\"search_term_string\"}}],\"inLanguage\":\"es\"},{\"@type\":\"Organization\",\"@id\":\"https:\\\/\\\/acninternational.org\\\/es\\\/#organization\",\"name\":\"Aid to the Church in Need International\",\"url\":\"https:\\\/\\\/acninternational.org\\\/es\\\/\",\"logo\":{\"@type\":\"ImageObject\",\"inLanguage\":\"es\",\"@id\":\"https:\\\/\\\/acninternational.org\\\/es\\\/#\\\/schema\\\/logo\\\/image\\\/\",\"url\":\"https:\\\/\\\/media.acninternational.org\\\/wp-content\\\/uploads\\\/2019\\\/11\\\/acn_logo_blackvector.svg\",\"contentUrl\":\"https:\\\/\\\/media.acninternational.org\\\/wp-content\\\/uploads\\\/2019\\\/11\\\/acn_logo_blackvector.svg\",\"width\":232.6,\"height\":78,\"caption\":\"Aid to the Church in Need International\"},\"image\":{\"@id\":\"https:\\\/\\\/acninternational.org\\\/es\\\/#\\\/schema\\\/logo\\\/image\\\/\"},\"sameAs\":[\"https:\\\/\\\/www.facebook.com\\\/acninternationalorg\",\"https:\\\/\\\/x.com\\\/acn_int\",\"https:\\\/\\\/www.youtube.com\\\/channel\\\/UCQ-077gS0TnVzkhHmf1opZw\",\"https:\\\/\\\/www.instagram.com\\\/acn_international\\\/\"]},{\"@type\":\"Person\",\"@id\":\"https:\\\/\\\/acninternational.org\\\/es\\\/#\\\/schema\\\/person\\\/5a7468d38fb12b1976b6eeda95c21ebc\",\"name\":\"admin_acn\",\"url\":\"https:\\\/\\\/acninternational.org\\\/es\\\/author\\\/admin_acn\\\/\"}]}<\/script>\n<!-- \/ Yoast SEO Premium plugin. -->","yoast_head_json":{"title":"Festividad de la Sant\u00edsima Trinidad: \"La fe de todos los cristianos se cimenta en la Trinidad\" | ACN International","robots":{"index":"index","follow":"follow","max-snippet":"max-snippet:-1","max-image-preview":"max-image-preview:large","max-video-preview":"max-video-preview:-1"},"canonical":"https:\/\/acninternational.org\/es\/santisima-trinidad\/","og_locale":"es_ES","og_type":"article","og_title":"Festividad de la Sant\u00edsima Trinidad: \"La fe de todos los cristianos se cimenta en la Trinidad\"","og_description":"Una semana despu\u00e9s de Pentecost\u00e9s, los cat\u00f3licos celebramos hoy el Domingo de la Sant\u00edsima Trinidad, uno de los","og_url":"https:\/\/acninternational.org\/es\/santisima-trinidad\/","og_site_name":"ACN International","article_publisher":"https:\/\/www.facebook.com\/acninternationalorg","article_published_time":"2016-05-19T22:00:00+00:00","article_modified_time":"2019-11-05T01:26:09+00:00","og_image":[{"width":200,"height":200,"url":"https:\/\/media.acninternational.org\/wp-content\/uploads\/2022\/07\/ACN-20140929-13926-1.jpeg","type":"image\/jpeg"}],"author":"admin_acn","twitter_card":"summary_large_image","twitter_creator":"@acn_int","twitter_site":"@acn_int","twitter_misc":{"Escrito por":"admin_acn","Tiempo de lectura":"3 minutos"},"schema":{"@context":"https:\/\/schema.org","@graph":[{"@type":"Article","@id":"https:\/\/acninternational.org\/es\/santisima-trinidad\/#article","isPartOf":{"@id":"https:\/\/acninternational.org\/es\/santisima-trinidad\/"},"author":{"name":"admin_acn","@id":"https:\/\/acninternational.org\/es\/#\/schema\/person\/5a7468d38fb12b1976b6eeda95c21ebc"},"headline":"Festividad de la Sant\u00edsima Trinidad: \u00abLa fe de todos los cristianos se cimenta en la Trinidad\u00bb","datePublished":"2016-05-19T22:00:00+00:00","dateModified":"2019-11-05T01:26:09+00:00","mainEntityOfPage":{"@id":"https:\/\/acninternational.org\/es\/santisima-trinidad\/"},"wordCount":685,"commentCount":0,"publisher":{"@id":"https:\/\/acninternational.org\/es\/#organization"},"articleSection":["HISTORIAS"],"inLanguage":"es","potentialAction":[{"@type":"CommentAction","name":"Comment","target":["https:\/\/acninternational.org\/es\/santisima-trinidad\/#respond"]}]},{"@type":"WebPage","@id":"https:\/\/acninternational.org\/es\/santisima-trinidad\/","url":"https:\/\/acninternational.org\/es\/santisima-trinidad\/","name":"Festividad de la Sant\u00edsima Trinidad: \"La fe de todos los cristianos se cimenta en la Trinidad\" | ACN International","isPartOf":{"@id":"https:\/\/acninternational.org\/es\/#website"},"datePublished":"2016-05-19T22:00:00+00:00","dateModified":"2019-11-05T01:26:09+00:00","breadcrumb":{"@id":"https:\/\/acninternational.org\/es\/santisima-trinidad\/#breadcrumb"},"inLanguage":"es","potentialAction":[{"@type":"ReadAction","target":["https:\/\/acninternational.org\/es\/santisima-trinidad\/"]}]},{"@type":"BreadcrumbList","@id":"https:\/\/acninternational.org\/es\/santisima-trinidad\/#breadcrumb","itemListElement":[{"@type":"ListItem","position":1,"name":"Home","item":"https:\/\/acninternational.org\/es\/"},{"@type":"ListItem","position":2,"name":"HISTORIAS","item":"https:\/\/acninternational.org\/es\/category\/historias\/"},{"@type":"ListItem","position":3,"name":"Festividad de la Sant\u00edsima Trinidad: \u00abLa fe de todos los cristianos se cimenta en la Trinidad\u00bb"}]},{"@type":"WebSite","@id":"https:\/\/acninternational.org\/es\/#website","url":"https:\/\/acninternational.org\/es\/","name":"ACN International","description":"","publisher":{"@id":"https:\/\/acninternational.org\/es\/#organization"},"potentialAction":[{"@type":"SearchAction","target":{"@type":"EntryPoint","urlTemplate":"https:\/\/acninternational.org\/es\/?s={search_term_string}"},"query-input":{"@type":"PropertyValueSpecification","valueRequired":true,"valueName":"search_term_string"}}],"inLanguage":"es"},{"@type":"Organization","@id":"https:\/\/acninternational.org\/es\/#organization","name":"Aid to the Church in Need International","url":"https:\/\/acninternational.org\/es\/","logo":{"@type":"ImageObject","inLanguage":"es","@id":"https:\/\/acninternational.org\/es\/#\/schema\/logo\/image\/","url":"https:\/\/media.acninternational.org\/wp-content\/uploads\/2019\/11\/acn_logo_blackvector.svg","contentUrl":"https:\/\/media.acninternational.org\/wp-content\/uploads\/2019\/11\/acn_logo_blackvector.svg","width":232.6,"height":78,"caption":"Aid to the Church in Need International"},"image":{"@id":"https:\/\/acninternational.org\/es\/#\/schema\/logo\/image\/"},"sameAs":["https:\/\/www.facebook.com\/acninternationalorg","https:\/\/x.com\/acn_int","https:\/\/www.youtube.com\/channel\/UCQ-077gS0TnVzkhHmf1opZw","https:\/\/www.instagram.com\/acn_international\/"]},{"@type":"Person","@id":"https:\/\/acninternational.org\/es\/#\/schema\/person\/5a7468d38fb12b1976b6eeda95c21ebc","name":"admin_acn","url":"https:\/\/acninternational.org\/es\/author\/admin_acn\/"}]}},"_links":{"self":[{"href":"https:\/\/acninternational.org\/es\/wp-json\/wp\/v2\/posts\/112838","targetHints":{"allow":["GET"]}}],"collection":[{"href":"https:\/\/acninternational.org\/es\/wp-json\/wp\/v2\/posts"}],"about":[{"href":"https:\/\/acninternational.org\/es\/wp-json\/wp\/v2\/types\/post"}],"author":[{"embeddable":true,"href":"https:\/\/acninternational.org\/es\/wp-json\/wp\/v2\/users\/1"}],"replies":[{"embeddable":true,"href":"https:\/\/acninternational.org\/es\/wp-json\/wp\/v2\/comments?post=112838"}],"version-history":[{"count":0,"href":"https:\/\/acninternational.org\/es\/wp-json\/wp\/v2\/posts\/112838\/revisions"}],"wp:attachment":[{"href":"https:\/\/acninternational.org\/es\/wp-json\/wp\/v2\/media?parent=112838"}],"wp:term":[{"taxonomy":"category","embeddable":true,"href":"https:\/\/acninternational.org\/es\/wp-json\/wp\/v2\/categories?post=112838"},{"taxonomy":"post_tag","embeddable":true,"href":"https:\/\/acninternational.org\/es\/wp-json\/wp\/v2\/tags?post=112838"},{"taxonomy":"country","embeddable":true,"href":"https:\/\/acninternational.org\/es\/wp-json\/wp\/v2\/country?post=112838"}],"curies":[{"name":"wp","href":"https:\/\/api.w.org\/{rel}","templated":true}]}}