{"id":112823,"date":"2016-05-20T00:00:00","date_gmt":"2016-05-19T22:00:00","guid":{"rendered":"https:\/\/acninternational.org\/acn-entrevista-con-pere-germain-arama-de-mali\/"},"modified":"2019-11-05T02:26:08","modified_gmt":"2019-11-05T01:26:08","slug":"acn-entrevista-con-pere-germain-arama-de-mali","status":"publish","type":"post","link":"https:\/\/acninternational.org\/es\/acn-entrevista-con-pere-germain-arama-de-mali\/","title":{"rendered":"Padre Germain Arama: la reconciliaci\u00f3n es uno de los principales retos de la Iglesia Cat\u00f3lica en Mali"},"content":{"rendered":"<p class=\"p1\"><span class=\"s1\">El Padre Germain Arama estuvo de paso en K\u00f6nigstein el jueves, 21 de abril de 2016. Nacido en Mopti, estudi\u00f3 en el seminario de Bamako y ejerce actualmente de Ec\u00f3nomo diocesano de la Di\u00f3cesis de Mopti, en cuyo territorio viven unos 3 millones de personas.<\/span><\/p>\n<p class=\"p1\"><span class=\"s1\"><b><i>En un pa\u00eds mayoritariamente musulm\u00e1n, agitado por las rebeliones de los tuareg y la amenaza yihadista,\u00a0\u00bfc\u00f3mo es la situaci\u00f3n de la Di\u00f3cesis de Mopti, en el centro de Mali?<\/i><\/b><\/span><\/p>\n<p class=\"p1\"><span class=\"s1\">Estamos registrando una progresi\u00f3n considerable del n\u00famero de cat\u00f3licos y de los sacramentos administrados, a saber, tan solo en 2015 tuvimos 1.400 bautizos, 674 confirmaciones, casi otras tantas comuniones y 140 bodas. Para que se puedan hacer una idea, en 2012 solo fueron entre 600 y 700 bautizos (!).<\/span><\/p>\n<p class=\"p1\"><span class=\"s1\"><b><i>\u00bfC\u00f3mo se explica este aumento?<\/i><\/b><\/span><\/p>\n<p class=\"p1\"><span class=\"s1\">Cuando la gente ve c\u00f3mo viven los cristianos y lo que hacen por el pr\u00f3jimo, se convence de que estos han elegido el camino correcto. La gente se dice: <i>\u201cAh, ciertamente, no son muchos, pero lo que hacen es realmente loable\u201d. <\/i>Hay muchas conversiones desde la religi\u00f3n tradicional de nuestros ancestros hacia el Catolicismo. Por ejemplo, un d\u00eda una parroquia ayud\u00f3 a la gente a construir pozos aqu\u00ed y all\u00e1. <i>Cuando<\/i> los habitantes del pueblo se dieron cuenta de que eran cristianos los que los ayudaban, el jefe animista se convirti\u00f3 al Catolicismo junto con toda su familia, diez personas en total.<\/span><\/p>\n<p class=\"p1\"><span class=\"s1\"><b><i>\u00bfAumenta el n\u00famero de sacerdotes proporcionalmente al n\u00famero de bautizados?<\/i><\/b><\/span><\/p>\n<p class=\"p1\"><span class=\"s1\">Proporcionalmente, no es as\u00ed, pero en mi di\u00f3cesis contamos actualmente con unos 30 sacerdotes, de los cuales cinco fueron ordenados el a\u00f1o pasado. Y, si todo va bien, cuatro m\u00e1s ser\u00e1n ordenados en los pr\u00f3ximos dos a\u00f1os. En el seminario mayor hay ocho futuros sacerdotes. Sin embargo, en ciertas regiones, todav\u00eda queda mucho por hacer. \u00a1Todav\u00eda hay zonas donde solo cuatro sacerdotes atienden a 250 parroquias o comunidades con capilla!<\/span><\/p>\n<p class=\"p1\"><span class=\"s1\"><b><i>\u00bfQu\u00e9 necesidades concretas tiene su di\u00f3cesis?<\/i><\/b><\/span><\/p>\n<p class=\"p1\"><span class=\"s1\">Nosotros confiamos mucho en vuestras oraciones, pero tambi\u00e9n tenemos necesidades materiales. En total, contamos con 7 parroquias y cada una de ellas tiene su propia lengua. Acabamos de inaugurar una nueva parroquia que todav\u00eda carece de casa parroquial. Necesitamos formaci\u00f3n. En algunos poblados hay entre 4 y 5 magn\u00edficas mezquitas, mientras que nosotros, los cat\u00f3licos, estamos en algo parecido a un hangar. Tambi\u00e9n es preciso que se asienten aqu\u00ed congregaciones religiosas para ayudarnos en la pastoral, pero para ello es preciso que podamos alojarlas.<\/span><\/p>\n<p class=\"p1\"><span class=\"s1\"><b><i>La Iglesia no se ha reinstalado realmente en el norte desde 2012, ni en Gao ni en Tombuct\u00fa, debido a la inseguridad reinante. No hay sacerdotes residentes ni Iglesia de forma estable. \u00bfRealmente es as\u00ed?<\/i><\/b><\/span><\/p>\n<p class=\"p1\"><span class=\"s1\">Ciertamente, la situaci\u00f3n es dif\u00edcil. Est\u00e1n los atentados suicidas, las bombas que hacen explosi\u00f3n aqu\u00ed y all\u00ed. <\/span><span class=\"s2\">T<\/span><span class=\"s1\">oda la pastoral est\u00e1 parada, en espera. El \u00fanico sacerdote que acude de vez en cuando para celebrar la Misa se desplaza en un avi\u00f3n pilotado por militares; o, si acude en coche, invierte una jornada completa en los desplazamientos, pues son al menos entre 600 y 700 kil\u00f3metros los que hay que recorrer. Ahora es imposible que se asiente alguno en la zona. En el norte, cuando sales para trabajar, dices adi\u00f3s a la familia por la ma\u00f1ana, pero\u2026 \u00bfvolver\u00e1s a encontr\u00e1rtela a tu regreso? Nadie tiene un control sobre su vida. Cristiano o no cristiano, todos pueden ser golpeados por la misma desgracia. Yo creo que tenemos que mantener viva la esperanza e invitar a la paz y a la reconciliaci\u00f3n.<\/span><\/p>\n<p class=\"p1\"><span class=\"s1\"><b><i>\u00bfSe siguen registrando tensiones entre cristianos y musulmanes en el pa\u00eds?<\/i><\/b><\/span><\/p>\n<p class=\"p1\"><span class=\"s1\">Los cristianos y musulmanes conviven las 24 horas del d\u00eda y los problemas no vienen de ah\u00ed. Al inicio de la rebeli\u00f3n, algunos pensaron que las causas eran confesionales, pero, de hecho, no es as\u00ed. La regi\u00f3n del norte llamada Azawad quer\u00eda la independencia y se aprovech\u00f3 de la crisis en Libia para obtener ayudas para sus combates. Ah\u00ed reside principalmente el problema.<\/span><\/p>\n<p class=\"p1\"><span class=\"s1\"><b><i>\u00bfCu\u00e1les son los principales retos que afronta actualmente la Iglesia Cat\u00f3lica?<\/i><\/b><\/span><\/p>\n<p class=\"p1\"><span class=\"s1\">La reconciliaci\u00f3n. Los cristianos han perdido a sus padres. Los musulmanes tambi\u00e9n han perdido alguno a un t\u00edo, otro a un hermano. \u00a1Ha habido tantos complots! Es preciso que la gente realmente acepte reconciliarse. Y si nosotros, los cristianos, queremos una paz duradera, tendremos que recorrer el camino de la reconciliaci\u00f3n. Es inevitable.<\/span><\/p>\n<p class=\"p1\"><span class=\"s1\"><i>La versi\u00f3n completa (en franc\u00e9s) de esta entrevista est\u00e1 disponible en la web de ACN Francia: <\/i><\/span><\/p>\n<p class=\"p1\"><a href=\"https:\/\/www.aed-france.org\/mali-catholiques-prohibes-nord-renouveau-centre\/\" target=\"_blank\" rel=\"noopener noreferrer\"><span class=\"s1\">https:\/\/www.aed-france.org\/mali-catholiques-prohibes-nord-renouveau-centre\/ <\/span><\/a><\/p>\n","protected":false},"excerpt":{"rendered":"<p>El Padre Germain Arama estuvo de paso en K\u00f6nigstein el jueves, 21 de abril de 2016. Nacido en<\/p>\n","protected":false},"author":1,"featured_media":112824,"comment_status":"open","ping_status":"open","sticky":false,"template":"","format":"standard","meta":{"_acf_changed":false,"_acn_coauthor_ids":[],"footnotes":""},"categories":[713],"tags":[],"country":[],"class_list":["post-112823","post","type-post","status-publish","format-standard","has-post-thumbnail","hentry","category-historias"],"acn_coauthors":[],"acf":[],"yoast_head":"<!-- This site is optimized with the Yoast SEO Premium plugin v27.3 (Yoast SEO v27.3) - https:\/\/yoast.com\/product\/yoast-seo-premium-wordpress\/ -->\n<title>Padre Germain Arama: la reconciliaci\u00f3n es uno de los principales retos de la Iglesia Cat\u00f3lica en Mali | ACN International<\/title>\n<meta name=\"robots\" content=\"index, follow, max-snippet:-1, max-image-preview:large, max-video-preview:-1\" \/>\n<link rel=\"canonical\" href=\"https:\/\/acninternational.org\/es\/acn-entrevista-con-pere-germain-arama-de-mali\/\" \/>\n<meta property=\"og:locale\" content=\"es_ES\" \/>\n<meta property=\"og:type\" content=\"article\" \/>\n<meta property=\"og:title\" content=\"Padre Germain Arama: la reconciliaci\u00f3n es uno de los principales retos de la Iglesia Cat\u00f3lica en Mali\" \/>\n<meta property=\"og:description\" content=\"El Padre Germain Arama estuvo de paso en K\u00f6nigstein el jueves, 21 de abril de 2016. Nacido en\" \/>\n<meta property=\"og:url\" content=\"https:\/\/acninternational.org\/es\/acn-entrevista-con-pere-germain-arama-de-mali\/\" \/>\n<meta property=\"og:site_name\" content=\"ACN International\" \/>\n<meta property=\"article:publisher\" content=\"https:\/\/www.facebook.com\/acninternationalorg\" \/>\n<meta property=\"article:published_time\" content=\"2016-05-19T22:00:00+00:00\" \/>\n<meta property=\"article:modified_time\" content=\"2019-11-05T01:26:08+00:00\" \/>\n<meta property=\"og:image\" content=\"https:\/\/media.acninternational.org\/wp-content\/uploads\/2019\/11\/Padre-Germain-Arama-la-reconciliaci%C3%B3n-es-uno-de-los-principales-retos-de-la-Iglesia-Cat%C3%B3lica-en-Mali-image.jpg\" \/>\n\t<meta property=\"og:image:width\" content=\"2048\" \/>\n\t<meta property=\"og:image:height\" content=\"860\" \/>\n\t<meta property=\"og:image:type\" content=\"image\/jpeg\" \/>\n<meta name=\"author\" content=\"admin_acn\" \/>\n<meta name=\"twitter:card\" content=\"summary_large_image\" \/>\n<meta name=\"twitter:creator\" content=\"@acn_int\" \/>\n<meta name=\"twitter:site\" content=\"@acn_int\" \/>\n<meta name=\"twitter:label1\" content=\"Escrito por\" \/>\n\t<meta name=\"twitter:data1\" content=\"admin_acn\" \/>\n\t<meta name=\"twitter:label2\" content=\"Tiempo de lectura\" \/>\n\t<meta name=\"twitter:data2\" content=\"4 minutos\" \/>\n<script type=\"application\/ld+json\" class=\"yoast-schema-graph\">{\"@context\":\"https:\\\/\\\/schema.org\",\"@graph\":[{\"@type\":\"Article\",\"@id\":\"https:\\\/\\\/acninternational.org\\\/es\\\/acn-entrevista-con-pere-germain-arama-de-mali\\\/#article\",\"isPartOf\":{\"@id\":\"https:\\\/\\\/acninternational.org\\\/es\\\/acn-entrevista-con-pere-germain-arama-de-mali\\\/\"},\"author\":{\"name\":\"admin_acn\",\"@id\":\"https:\\\/\\\/acninternational.org\\\/es\\\/#\\\/schema\\\/person\\\/5a7468d38fb12b1976b6eeda95c21ebc\"},\"headline\":\"Padre Germain Arama: la reconciliaci\u00f3n es uno de los principales retos de la Iglesia Cat\u00f3lica en Mali\",\"datePublished\":\"2016-05-19T22:00:00+00:00\",\"dateModified\":\"2019-11-05T01:26:08+00:00\",\"mainEntityOfPage\":{\"@id\":\"https:\\\/\\\/acninternational.org\\\/es\\\/acn-entrevista-con-pere-germain-arama-de-mali\\\/\"},\"wordCount\":792,\"commentCount\":0,\"publisher\":{\"@id\":\"https:\\\/\\\/acninternational.org\\\/es\\\/#organization\"},\"image\":{\"@id\":\"https:\\\/\\\/acninternational.org\\\/es\\\/acn-entrevista-con-pere-germain-arama-de-mali\\\/#primaryimage\"},\"thumbnailUrl\":\"https:\\\/\\\/media.acninternational.org\\\/wp-content\\\/uploads\\\/2019\\\/11\\\/Padre-Germain-Arama-la-reconciliaci%C3%B3n-es-uno-de-los-principales-retos-de-la-Iglesia-Cat%C3%B3lica-en-Mali-image.jpg\",\"articleSection\":[\"HISTORIAS\"],\"inLanguage\":\"es\",\"potentialAction\":[{\"@type\":\"CommentAction\",\"name\":\"Comment\",\"target\":[\"https:\\\/\\\/acninternational.org\\\/es\\\/acn-entrevista-con-pere-germain-arama-de-mali\\\/#respond\"]}]},{\"@type\":\"WebPage\",\"@id\":\"https:\\\/\\\/acninternational.org\\\/es\\\/acn-entrevista-con-pere-germain-arama-de-mali\\\/\",\"url\":\"https:\\\/\\\/acninternational.org\\\/es\\\/acn-entrevista-con-pere-germain-arama-de-mali\\\/\",\"name\":\"Padre Germain Arama: la reconciliaci\u00f3n es uno de los principales retos de la Iglesia Cat\u00f3lica en Mali | ACN International\",\"isPartOf\":{\"@id\":\"https:\\\/\\\/acninternational.org\\\/es\\\/#website\"},\"primaryImageOfPage\":{\"@id\":\"https:\\\/\\\/acninternational.org\\\/es\\\/acn-entrevista-con-pere-germain-arama-de-mali\\\/#primaryimage\"},\"image\":{\"@id\":\"https:\\\/\\\/acninternational.org\\\/es\\\/acn-entrevista-con-pere-germain-arama-de-mali\\\/#primaryimage\"},\"thumbnailUrl\":\"https:\\\/\\\/media.acninternational.org\\\/wp-content\\\/uploads\\\/2019\\\/11\\\/Padre-Germain-Arama-la-reconciliaci%C3%B3n-es-uno-de-los-principales-retos-de-la-Iglesia-Cat%C3%B3lica-en-Mali-image.jpg\",\"datePublished\":\"2016-05-19T22:00:00+00:00\",\"dateModified\":\"2019-11-05T01:26:08+00:00\",\"breadcrumb\":{\"@id\":\"https:\\\/\\\/acninternational.org\\\/es\\\/acn-entrevista-con-pere-germain-arama-de-mali\\\/#breadcrumb\"},\"inLanguage\":\"es\",\"potentialAction\":[{\"@type\":\"ReadAction\",\"target\":[\"https:\\\/\\\/acninternational.org\\\/es\\\/acn-entrevista-con-pere-germain-arama-de-mali\\\/\"]}]},{\"@type\":\"ImageObject\",\"inLanguage\":\"es\",\"@id\":\"https:\\\/\\\/acninternational.org\\\/es\\\/acn-entrevista-con-pere-germain-arama-de-mali\\\/#primaryimage\",\"url\":\"https:\\\/\\\/media.acninternational.org\\\/wp-content\\\/uploads\\\/2019\\\/11\\\/Padre-Germain-Arama-la-reconciliaci%C3%B3n-es-uno-de-los-principales-retos-de-la-Iglesia-Cat%C3%B3lica-en-Mali-image.jpg\",\"contentUrl\":\"https:\\\/\\\/media.acninternational.org\\\/wp-content\\\/uploads\\\/2019\\\/11\\\/Padre-Germain-Arama-la-reconciliaci%C3%B3n-es-uno-de-los-principales-retos-de-la-Iglesia-Cat%C3%B3lica-en-Mali-image.jpg\",\"width\":2048,\"height\":860,\"caption\":\"Padre Germain Arama: la reconciliaci\u00f3n es uno de los principales retos de la Iglesia Cat\u00f3lica en Mali\"},{\"@type\":\"BreadcrumbList\",\"@id\":\"https:\\\/\\\/acninternational.org\\\/es\\\/acn-entrevista-con-pere-germain-arama-de-mali\\\/#breadcrumb\",\"itemListElement\":[{\"@type\":\"ListItem\",\"position\":1,\"name\":\"Home\",\"item\":\"https:\\\/\\\/acninternational.org\\\/es\\\/\"},{\"@type\":\"ListItem\",\"position\":2,\"name\":\"HISTORIAS\",\"item\":\"https:\\\/\\\/acninternational.org\\\/es\\\/category\\\/historias\\\/\"},{\"@type\":\"ListItem\",\"position\":3,\"name\":\"Padre Germain Arama: la reconciliaci\u00f3n es uno de los principales retos de la Iglesia Cat\u00f3lica en Mali\"}]},{\"@type\":\"WebSite\",\"@id\":\"https:\\\/\\\/acninternational.org\\\/es\\\/#website\",\"url\":\"https:\\\/\\\/acninternational.org\\\/es\\\/\",\"name\":\"ACN International\",\"description\":\"\",\"publisher\":{\"@id\":\"https:\\\/\\\/acninternational.org\\\/es\\\/#organization\"},\"potentialAction\":[{\"@type\":\"SearchAction\",\"target\":{\"@type\":\"EntryPoint\",\"urlTemplate\":\"https:\\\/\\\/acninternational.org\\\/es\\\/?s={search_term_string}\"},\"query-input\":{\"@type\":\"PropertyValueSpecification\",\"valueRequired\":true,\"valueName\":\"search_term_string\"}}],\"inLanguage\":\"es\"},{\"@type\":\"Organization\",\"@id\":\"https:\\\/\\\/acninternational.org\\\/es\\\/#organization\",\"name\":\"Aid to the Church in Need International\",\"url\":\"https:\\\/\\\/acninternational.org\\\/es\\\/\",\"logo\":{\"@type\":\"ImageObject\",\"inLanguage\":\"es\",\"@id\":\"https:\\\/\\\/acninternational.org\\\/es\\\/#\\\/schema\\\/logo\\\/image\\\/\",\"url\":\"https:\\\/\\\/media.acninternational.org\\\/wp-content\\\/uploads\\\/2019\\\/11\\\/acn_logo_blackvector.svg\",\"contentUrl\":\"https:\\\/\\\/media.acninternational.org\\\/wp-content\\\/uploads\\\/2019\\\/11\\\/acn_logo_blackvector.svg\",\"width\":232.6,\"height\":78,\"caption\":\"Aid to the Church in Need International\"},\"image\":{\"@id\":\"https:\\\/\\\/acninternational.org\\\/es\\\/#\\\/schema\\\/logo\\\/image\\\/\"},\"sameAs\":[\"https:\\\/\\\/www.facebook.com\\\/acninternationalorg\",\"https:\\\/\\\/x.com\\\/acn_int\",\"https:\\\/\\\/www.youtube.com\\\/channel\\\/UCQ-077gS0TnVzkhHmf1opZw\",\"https:\\\/\\\/www.instagram.com\\\/acn_international\\\/\"]},{\"@type\":\"Person\",\"@id\":\"https:\\\/\\\/acninternational.org\\\/es\\\/#\\\/schema\\\/person\\\/5a7468d38fb12b1976b6eeda95c21ebc\",\"name\":\"admin_acn\",\"url\":\"https:\\\/\\\/acninternational.org\\\/es\\\/author\\\/admin_acn\\\/\"}]}<\/script>\n<!-- \/ Yoast SEO Premium plugin. -->","yoast_head_json":{"title":"Padre Germain Arama: la reconciliaci\u00f3n es uno de los principales retos de la Iglesia Cat\u00f3lica en Mali | ACN International","robots":{"index":"index","follow":"follow","max-snippet":"max-snippet:-1","max-image-preview":"max-image-preview:large","max-video-preview":"max-video-preview:-1"},"canonical":"https:\/\/acninternational.org\/es\/acn-entrevista-con-pere-germain-arama-de-mali\/","og_locale":"es_ES","og_type":"article","og_title":"Padre Germain Arama: la reconciliaci\u00f3n es uno de los principales retos de la Iglesia Cat\u00f3lica en Mali","og_description":"El Padre Germain Arama estuvo de paso en K\u00f6nigstein el jueves, 21 de abril de 2016. Nacido en","og_url":"https:\/\/acninternational.org\/es\/acn-entrevista-con-pere-germain-arama-de-mali\/","og_site_name":"ACN International","article_publisher":"https:\/\/www.facebook.com\/acninternationalorg","article_published_time":"2016-05-19T22:00:00+00:00","article_modified_time":"2019-11-05T01:26:08+00:00","og_image":[{"width":2048,"height":860,"url":"https:\/\/media.acninternational.org\/wp-content\/uploads\/2019\/11\/Padre-Germain-Arama-la-reconciliaci%C3%B3n-es-uno-de-los-principales-retos-de-la-Iglesia-Cat%C3%B3lica-en-Mali-image.jpg","type":"image\/jpeg"}],"author":"admin_acn","twitter_card":"summary_large_image","twitter_creator":"@acn_int","twitter_site":"@acn_int","twitter_misc":{"Escrito por":"admin_acn","Tiempo de lectura":"4 minutos"},"schema":{"@context":"https:\/\/schema.org","@graph":[{"@type":"Article","@id":"https:\/\/acninternational.org\/es\/acn-entrevista-con-pere-germain-arama-de-mali\/#article","isPartOf":{"@id":"https:\/\/acninternational.org\/es\/acn-entrevista-con-pere-germain-arama-de-mali\/"},"author":{"name":"admin_acn","@id":"https:\/\/acninternational.org\/es\/#\/schema\/person\/5a7468d38fb12b1976b6eeda95c21ebc"},"headline":"Padre Germain Arama: la reconciliaci\u00f3n es uno de los principales retos de la Iglesia Cat\u00f3lica en Mali","datePublished":"2016-05-19T22:00:00+00:00","dateModified":"2019-11-05T01:26:08+00:00","mainEntityOfPage":{"@id":"https:\/\/acninternational.org\/es\/acn-entrevista-con-pere-germain-arama-de-mali\/"},"wordCount":792,"commentCount":0,"publisher":{"@id":"https:\/\/acninternational.org\/es\/#organization"},"image":{"@id":"https:\/\/acninternational.org\/es\/acn-entrevista-con-pere-germain-arama-de-mali\/#primaryimage"},"thumbnailUrl":"https:\/\/media.acninternational.org\/wp-content\/uploads\/2019\/11\/Padre-Germain-Arama-la-reconciliaci%C3%B3n-es-uno-de-los-principales-retos-de-la-Iglesia-Cat%C3%B3lica-en-Mali-image.jpg","articleSection":["HISTORIAS"],"inLanguage":"es","potentialAction":[{"@type":"CommentAction","name":"Comment","target":["https:\/\/acninternational.org\/es\/acn-entrevista-con-pere-germain-arama-de-mali\/#respond"]}]},{"@type":"WebPage","@id":"https:\/\/acninternational.org\/es\/acn-entrevista-con-pere-germain-arama-de-mali\/","url":"https:\/\/acninternational.org\/es\/acn-entrevista-con-pere-germain-arama-de-mali\/","name":"Padre Germain Arama: la reconciliaci\u00f3n es uno de los principales retos de la Iglesia Cat\u00f3lica en Mali | ACN International","isPartOf":{"@id":"https:\/\/acninternational.org\/es\/#website"},"primaryImageOfPage":{"@id":"https:\/\/acninternational.org\/es\/acn-entrevista-con-pere-germain-arama-de-mali\/#primaryimage"},"image":{"@id":"https:\/\/acninternational.org\/es\/acn-entrevista-con-pere-germain-arama-de-mali\/#primaryimage"},"thumbnailUrl":"https:\/\/media.acninternational.org\/wp-content\/uploads\/2019\/11\/Padre-Germain-Arama-la-reconciliaci%C3%B3n-es-uno-de-los-principales-retos-de-la-Iglesia-Cat%C3%B3lica-en-Mali-image.jpg","datePublished":"2016-05-19T22:00:00+00:00","dateModified":"2019-11-05T01:26:08+00:00","breadcrumb":{"@id":"https:\/\/acninternational.org\/es\/acn-entrevista-con-pere-germain-arama-de-mali\/#breadcrumb"},"inLanguage":"es","potentialAction":[{"@type":"ReadAction","target":["https:\/\/acninternational.org\/es\/acn-entrevista-con-pere-germain-arama-de-mali\/"]}]},{"@type":"ImageObject","inLanguage":"es","@id":"https:\/\/acninternational.org\/es\/acn-entrevista-con-pere-germain-arama-de-mali\/#primaryimage","url":"https:\/\/media.acninternational.org\/wp-content\/uploads\/2019\/11\/Padre-Germain-Arama-la-reconciliaci%C3%B3n-es-uno-de-los-principales-retos-de-la-Iglesia-Cat%C3%B3lica-en-Mali-image.jpg","contentUrl":"https:\/\/media.acninternational.org\/wp-content\/uploads\/2019\/11\/Padre-Germain-Arama-la-reconciliaci%C3%B3n-es-uno-de-los-principales-retos-de-la-Iglesia-Cat%C3%B3lica-en-Mali-image.jpg","width":2048,"height":860,"caption":"Padre Germain Arama: la reconciliaci\u00f3n es uno de los principales retos de la Iglesia Cat\u00f3lica en Mali"},{"@type":"BreadcrumbList","@id":"https:\/\/acninternational.org\/es\/acn-entrevista-con-pere-germain-arama-de-mali\/#breadcrumb","itemListElement":[{"@type":"ListItem","position":1,"name":"Home","item":"https:\/\/acninternational.org\/es\/"},{"@type":"ListItem","position":2,"name":"HISTORIAS","item":"https:\/\/acninternational.org\/es\/category\/historias\/"},{"@type":"ListItem","position":3,"name":"Padre Germain Arama: la reconciliaci\u00f3n es uno de los principales retos de la Iglesia Cat\u00f3lica en Mali"}]},{"@type":"WebSite","@id":"https:\/\/acninternational.org\/es\/#website","url":"https:\/\/acninternational.org\/es\/","name":"ACN International","description":"","publisher":{"@id":"https:\/\/acninternational.org\/es\/#organization"},"potentialAction":[{"@type":"SearchAction","target":{"@type":"EntryPoint","urlTemplate":"https:\/\/acninternational.org\/es\/?s={search_term_string}"},"query-input":{"@type":"PropertyValueSpecification","valueRequired":true,"valueName":"search_term_string"}}],"inLanguage":"es"},{"@type":"Organization","@id":"https:\/\/acninternational.org\/es\/#organization","name":"Aid to the Church in Need International","url":"https:\/\/acninternational.org\/es\/","logo":{"@type":"ImageObject","inLanguage":"es","@id":"https:\/\/acninternational.org\/es\/#\/schema\/logo\/image\/","url":"https:\/\/media.acninternational.org\/wp-content\/uploads\/2019\/11\/acn_logo_blackvector.svg","contentUrl":"https:\/\/media.acninternational.org\/wp-content\/uploads\/2019\/11\/acn_logo_blackvector.svg","width":232.6,"height":78,"caption":"Aid to the Church in Need International"},"image":{"@id":"https:\/\/acninternational.org\/es\/#\/schema\/logo\/image\/"},"sameAs":["https:\/\/www.facebook.com\/acninternationalorg","https:\/\/x.com\/acn_int","https:\/\/www.youtube.com\/channel\/UCQ-077gS0TnVzkhHmf1opZw","https:\/\/www.instagram.com\/acn_international\/"]},{"@type":"Person","@id":"https:\/\/acninternational.org\/es\/#\/schema\/person\/5a7468d38fb12b1976b6eeda95c21ebc","name":"admin_acn","url":"https:\/\/acninternational.org\/es\/author\/admin_acn\/"}]}},"_links":{"self":[{"href":"https:\/\/acninternational.org\/es\/wp-json\/wp\/v2\/posts\/112823","targetHints":{"allow":["GET"]}}],"collection":[{"href":"https:\/\/acninternational.org\/es\/wp-json\/wp\/v2\/posts"}],"about":[{"href":"https:\/\/acninternational.org\/es\/wp-json\/wp\/v2\/types\/post"}],"author":[{"embeddable":true,"href":"https:\/\/acninternational.org\/es\/wp-json\/wp\/v2\/users\/1"}],"replies":[{"embeddable":true,"href":"https:\/\/acninternational.org\/es\/wp-json\/wp\/v2\/comments?post=112823"}],"version-history":[{"count":0,"href":"https:\/\/acninternational.org\/es\/wp-json\/wp\/v2\/posts\/112823\/revisions"}],"wp:featuredmedia":[{"embeddable":true,"href":"https:\/\/acninternational.org\/es\/wp-json\/wp\/v2\/media\/112824"}],"wp:attachment":[{"href":"https:\/\/acninternational.org\/es\/wp-json\/wp\/v2\/media?parent=112823"}],"wp:term":[{"taxonomy":"category","embeddable":true,"href":"https:\/\/acninternational.org\/es\/wp-json\/wp\/v2\/categories?post=112823"},{"taxonomy":"post_tag","embeddable":true,"href":"https:\/\/acninternational.org\/es\/wp-json\/wp\/v2\/tags?post=112823"},{"taxonomy":"country","embeddable":true,"href":"https:\/\/acninternational.org\/es\/wp-json\/wp\/v2\/country?post=112823"}],"curies":[{"name":"wp","href":"https:\/\/api.w.org\/{rel}","templated":true}]}}