{"id":263785,"date":"2026-04-29T14:06:21","date_gmt":"2026-04-29T12:06:21","guid":{"rendered":"https:\/\/acninternational.org\/?p=263785"},"modified":"2026-04-29T14:46:55","modified_gmt":"2026-04-29T12:46:55","slug":"suedsudan-der-bischof-der-seiner-dioezese-neues-leben-eingehaucht-hat","status":"publish","type":"post","link":"https:\/\/acninternational.org\/de\/suedsudan-der-bischof-der-seiner-dioezese-neues-leben-eingehaucht-hat\/","title":{"rendered":"S\u00fcdsudan: Der Bischof, der seiner Di\u00f6zese neues Leben eingehaucht hat"},"content":{"rendered":"\n<p><em>Als Bischof Stephen Nyodho zum Oberhirten der Di\u00f6zese Malakal ernannt wurde, fand er nichts vor: keine kirchlichen Geb\u00e4ude, keine funktionierenden Dienstleistungen und auch keine Gemeindemitglieder. Mit Mut, Ausdauer und pers\u00f6nlichem Vorbild begann er den Wiederaufbau \u2013 zuerst des Vertrauens der Menschen, dann der Infrastruktur<\/em><em>.<\/em><\/p>\n\n\n<div class=\"wp-block-image\">\n<figure class=\"aligncenter size-large\"><img loading=\"lazy\" decoding=\"async\" width=\"731\" height=\"1024\" src=\"https:\/\/media.acninternational.org\/wp-content\/uploads\/2026\/04\/ACN-20210518-113221-731x1024.jpg\" alt=\"\" class=\"wp-image-263759\" srcset=\"https:\/\/media.acninternational.org\/wp-content\/uploads\/2026\/04\/ACN-20210518-113221-731x1024.jpg 731w, https:\/\/media.acninternational.org\/wp-content\/uploads\/2026\/04\/ACN-20210518-113221-214x300.jpg 214w, https:\/\/media.acninternational.org\/wp-content\/uploads\/2026\/04\/ACN-20210518-113221-768x1075.jpg 768w, https:\/\/media.acninternational.org\/wp-content\/uploads\/2026\/04\/ACN-20210518-113221.jpg 1080w\" sizes=\"auto, (max-width: 731px) 100vw, 731px\" \/><figcaption class=\"wp-element-caption\">Bischof Stephen Nyodho<\/figcaption><\/figure>\n<\/div>\n\n\n<p>Die Stadt Malakal im S\u00fcdsudan war einst Heimat von Zehntausenden Menschen, bevor 2013 der B\u00fcrgerkrieg ausbrach, kurz nachdem der Priester Stephen Nyodho nach Rom gezogen war, um dort zu promovieren.<\/p>\n\n\n\n<p>Als Papst Franziskus ihn 2019 zum Bischof von Malakal ernannte, wollte Stephen Nyodho in seiner Heimatstadt geweiht werden. Doch nichts hatte ihn auf die Verw\u00fcstung vorbereitet, die ihn dort erwartete.<\/p>\n\n\n\n<p>\u201eAls ich zur\u00fcckkam, war nichts mehr da, nicht einmal ein Stuhl oder ein Tisch, nichts. Ich musste bei null anfangen. Viele Kirchen und Kapellen, aber auch alle anderen Einrichtungen der Kirche waren zerst\u00f6rt worden; es war nichts mehr \u00fcbrig. Als ich das zum ersten Mal sah, weinte ich. Denn hier bin ich geboren, hier bin ich aufgewachsen. Aber mein Haus, meine Schule \u2013 alles war verschwunden\u201c, erkl\u00e4rte der Bischof bei einem Besuch am internationalen Hauptsitz des Hilfswerks Aid to the Church in Need (ACN).<\/p>\n\n\n\n<p>In Malakal lebten nur noch etwa tausend Menschen. Der Gro\u00dfteil der Bev\u00f6lkerung war geflohen und etwa 50 000 Personen hatten in nahegelegenen UN-Lagern Zuflucht gesucht.<\/p>\n\n\n<div class=\"wp-block-image\">\n<figure class=\"aligncenter size-large\"><img loading=\"lazy\" decoding=\"async\" width=\"1024\" height=\"768\" src=\"https:\/\/media.acninternational.org\/wp-content\/uploads\/2026\/04\/ACN-20230206-140026-1024x768.jpg\" alt=\"\" class=\"wp-image-263766\" srcset=\"https:\/\/media.acninternational.org\/wp-content\/uploads\/2026\/04\/ACN-20230206-140026-1024x768.jpg 1024w, https:\/\/media.acninternational.org\/wp-content\/uploads\/2026\/04\/ACN-20230206-140026-300x225.jpg 300w, https:\/\/media.acninternational.org\/wp-content\/uploads\/2026\/04\/ACN-20230206-140026-768x576.jpg 768w, https:\/\/media.acninternational.org\/wp-content\/uploads\/2026\/04\/ACN-20230206-140026.jpg 1500w\" sizes=\"auto, (max-width: 1024px) 100vw, 1024px\" \/><figcaption class=\"wp-element-caption\">In einem Fl\u00fcchtlingslager in Malakal versammeln sich Menschenmengen, um an der Messe teilzunehmen<\/figcaption><\/figure>\n<\/div>\n\n\n<p>Die Nachricht von der R\u00fcckkehr eines Bischofs in die Di\u00f6zese verbreitete sich schnell. Viele Menschen str\u00f6mten herbei. \u201eMeine Bischofsweihe brachte Tausende von Menschen zur\u00fcck nach Malakal \u2013 aus den Lagern und sogar aus Khartum, der Hauptstadt des benachbarten Sudan. Sie kehrten zum ersten Mal zur\u00fcck, um Malakal nach der Zerst\u00f6rung zu sehen\u201c, erinnert sich Bischof Stephen Nyodho. \u201eSelbst die Bisch\u00f6fe, die zur Weihe angereist waren, kehrten noch am selben Tag nach Juba, die Hauptstadt des S\u00fcdsudans, zur\u00fcck: In Malakal gab es keine Unterkunft mehr.\u201c<\/p>\n\n\n\n<p>Doch Bischof Nyodho blieb, und zur \u00dcberraschung vieler kehrte das Leben nach Malakal zur\u00fcck: \u201eDass ich in Malakal geblieben bin, hat den Menschen Hoffnung gemacht. Jetzt sind dort mehr als 20 000 Menschen. Fast alle Schulen sind wieder ge\u00f6ffnet und voller Kinder. Das Leben kehrt zur\u00fcck!\u201c<\/p>\n\n\n\n<p>W\u00e4hrend sich im S\u00fcdsudan langsam ein zerbrechlicher Frieden abzeichnete, brach 2023 jenseits der Grenze im Sudan ein neuer B\u00fcrgerkrieg aus. Die Kirche in Malakai h\u00e4tte sich auf ihre eigenen Probleme konzentrieren und zur\u00fcckziehen k\u00f6nnen. Doch als der Bischof h\u00f6rte, dass sich auf der anderen Seite des Wei\u00dfen Nils Tausende Menschen sammelten, in der Hoffnung, sich in Sicherheit zu bringen, z\u00f6gerte er nicht. \u201eIch erhielt einen Anruf von meinen Mitarbeitern; sie sagten mir, die Lage sei schwierig: Tausende Menschen bef\u00e4nden sich am Flussufer und wollten nach Malakal kommen. Sie sa\u00dfen fest, hatten nichts bei sich und waren von ihrer Flucht aus Khartum v\u00f6llig ersch\u00f6pft\u201c, berichtet der Bischof gegen\u00fcber ACN.<\/p>\n\n\n<div class=\"wp-block-image\">\n<figure class=\"aligncenter size-large\"><img loading=\"lazy\" decoding=\"async\" width=\"1024\" height=\"461\" src=\"https:\/\/media.acninternational.org\/wp-content\/uploads\/2026\/04\/ACN-20200723-103370-1024x461.jpg\" alt=\"\" class=\"wp-image-263772\" srcset=\"https:\/\/media.acninternational.org\/wp-content\/uploads\/2026\/04\/ACN-20200723-103370-1024x461.jpg 1024w, https:\/\/media.acninternational.org\/wp-content\/uploads\/2026\/04\/ACN-20200723-103370-300x135.jpg 300w, https:\/\/media.acninternational.org\/wp-content\/uploads\/2026\/04\/ACN-20200723-103370-768x346.jpg 768w, https:\/\/media.acninternational.org\/wp-content\/uploads\/2026\/04\/ACN-20200723-103370.jpg 1500w\" sizes=\"auto, (max-width: 1024px) 100vw, 1024px\" \/><figcaption class=\"wp-element-caption\">Empf\u00e4nger von Nothilfe in Malakal<\/figcaption><\/figure>\n<\/div>\n\n\n<p>\u201eIch sagte, das sei kein Problem, und wies an, dass unser gr\u00f6\u00dftes Boot sofort losfahren sollte, um die Menschen abzuholen und nach Malakal zu bringen. Auf diese Weise haben wir mehr als 10 000 Menschen hierhergebracht. Unsere Di\u00f6zese war die erste, die Vertriebene aufnahm. Viele von ihnen versorgt die Di\u00f6zese noch heute mit Lebensmitteln\u201c, erkl\u00e4rt der Bischof.<\/p>\n\n\n\n<p>Die wichtigste Aufgabe f\u00fcr den Bischof liegt nun auf dem Wiederaufbau. \u201eAls ich in Malakal ankam, sagte ich: Zuerst m\u00fcssen wir das soziale Zusammenleben wiederherstellen, denn unsere Menschen waren w\u00e4hrend des Krieges gespalten. Sie haben einander get\u00f6tet und sich selbst zerst\u00f6rt. Es waren Menschen von hier, die diesen Ort zerst\u00f6rt haben. Wie k\u00f6nnen wir sie also zur\u00fcckholen? Wir k\u00f6nnen den Ort wieder aufbauen, die Stra\u00dfen reparieren. Wenn aber die Menschen wieder gegeneinander k\u00e4mpfen, wird alles erneut zerst\u00f6rt. Daher ist das Wichtigste, Frieden zu schaffen. Deshalb habe ich beschlossen, dass zuerst der Radiosender wieder in Betrieb genommen werden muss. Es ist der einzige Radiosender in der Gegend, und er hat das Leben Tausender Menschen ver\u00e4ndert.\u201c<\/p>\n\n\n\n<p>\u201eInzwischen hat sich die Lage etwas beruhigt, und wir wollen andere Dinge wiederaufbauen, zum Beispiel H\u00e4user f\u00fcr die Priester, einige Kirchen und Schulen renovieren und neue Geb\u00e4ude errichten.\u201c<\/p>\n\n\n<div class=\"wp-block-image\">\n<figure class=\"aligncenter size-large\"><img loading=\"lazy\" decoding=\"async\" width=\"1024\" height=\"768\" src=\"https:\/\/media.acninternational.org\/wp-content\/uploads\/2026\/04\/ACN-20240718-169061-1024x768.jpg\" alt=\"\" class=\"wp-image-263778\" srcset=\"https:\/\/media.acninternational.org\/wp-content\/uploads\/2026\/04\/ACN-20240718-169061-1024x768.jpg 1024w, https:\/\/media.acninternational.org\/wp-content\/uploads\/2026\/04\/ACN-20240718-169061-300x225.jpg 300w, https:\/\/media.acninternational.org\/wp-content\/uploads\/2026\/04\/ACN-20240718-169061-768x576.jpg 768w, https:\/\/media.acninternational.org\/wp-content\/uploads\/2026\/04\/ACN-20240718-169061.jpg 1500w\" sizes=\"auto, (max-width: 1024px) 100vw, 1024px\" \/><figcaption class=\"wp-element-caption\">Bau von Unterk\u00fcnften f\u00fcr Vertriebene in der Di\u00f6zese Malakal<\/figcaption><\/figure>\n<\/div>\n\n\n<p>Doch der Wiederaufbau birgt Herausforderungen. Bischof Stephen erkl\u00e4rt, Malakal sei einer der teuersten Orte der Welt f\u00fcr Bauvorhaben. Ein Sack Zement, der in Juba 15 US-Dollar koste, koste in Malakal 50 US-Dollar, da der Transport des Materials auf der Stra\u00dfe oder per Schiff hohe Kosten verursache.<\/p>\n\n\n\n<p>Umso dankbarer ist Bischof Stephen Nyodho den Wohlt\u00e4tern, die es ACN erm\u00f6glichen, Projekte in Malakal zu unterst\u00fctzen. \u201eOhne Ihre Hilfe w\u00e4re das Leben tausender Menschen in der Di\u00f6zese Malakal und in verschiedenen Teilen des S\u00fcdsudans in Gefahr. Gott segne Ihre Gro\u00dfz\u00fcgigkeit. Es gibt noch immer tausende Menschen, die leiden \u2013 im S\u00fcdsudan und in der Di\u00f6zese Malakal. Deshalb bitten wir Sie weiterhin inst\u00e4ndig: Unterst\u00fctzen Sie uns, begleiten Sie uns auf diesem Weg des Leidens. Lassen Sie uns nicht allein. Wir sind auf Sie angewiesen. Danke.\u201d<\/p>\n","protected":false},"excerpt":{"rendered":"<p>Als Bischof Stephen Nyodho zum Oberhirten der Di\u00f6zese Malakal ernannt wurde, fand er nichts vor: keine kirchlichen Geb\u00e4ude, keine funktionierenden Dienstleistungen und auch keine Gemeindemitglieder. Mit Mut, Ausdauer und pers\u00f6nlichem Vorbild begann er den Wiederaufbau \u2013 zuerst des Vertrauens der Menschen, dann der Infrastruktur. Die Stadt Malakal im S\u00fcdsudan war einst Heimat von Zehntausenden Menschen, [&hellip;]<\/p>\n","protected":false},"author":4258341377,"featured_media":263754,"comment_status":"closed","ping_status":"closed","sticky":false,"template":"","format":"standard","meta":{"_acf_changed":false,"_acn_coauthor_ids":[],"footnotes":""},"categories":[968],"tags":[],"country":[1575,910],"class_list":["post-263785","post","type-post","status-publish","format-standard","has-post-thumbnail","hentry","category-featured-de","country-south-sudan-de","country-suedsudan"],"acn_coauthors":[],"acf":[],"yoast_head":"<!-- This site is optimized with the Yoast SEO Premium plugin v27.3 (Yoast SEO v27.3) - https:\/\/yoast.com\/product\/yoast-seo-premium-wordpress\/ -->\n<title>S\u00fcdsudan: Der Bischof, der seiner Di\u00f6zese neues Leben eingehaucht hat | ACN International<\/title>\n<meta name=\"description\" content=\"Mit Mut, Ausdauer und pers\u00f6nlichem Vorbild begann er den Wiederaufbau \u2013 zuerst des Vertrauens der Menschen, dann der Infrastruktur.\" \/>\n<meta name=\"robots\" content=\"index, follow, max-snippet:-1, max-image-preview:large, max-video-preview:-1\" \/>\n<link rel=\"canonical\" href=\"https:\/\/acninternational.org\/de\/suedsudan-der-bischof-der-seiner-dioezese-neues-leben-eingehaucht-hat\/\" \/>\n<meta property=\"og:locale\" content=\"de_DE\" \/>\n<meta property=\"og:type\" content=\"article\" \/>\n<meta property=\"og:title\" content=\"S\u00fcdsudan: Der Bischof, der seiner Di\u00f6zese neues Leben eingehaucht hat\" \/>\n<meta property=\"og:description\" content=\"Mit Mut, Ausdauer und pers\u00f6nlichem Vorbild begann er den Wiederaufbau \u2013 zuerst des Vertrauens der Menschen, dann der Infrastruktur.\" \/>\n<meta property=\"og:url\" content=\"https:\/\/acninternational.org\/de\/suedsudan-der-bischof-der-seiner-dioezese-neues-leben-eingehaucht-hat\/\" \/>\n<meta property=\"og:site_name\" content=\"ACN International\" \/>\n<meta property=\"article:publisher\" content=\"https:\/\/www.facebook.com\/acninternationalorg\" \/>\n<meta property=\"article:published_time\" content=\"2026-04-29T12:06:21+00:00\" \/>\n<meta property=\"article:modified_time\" content=\"2026-04-29T12:46:55+00:00\" \/>\n<meta property=\"og:image\" content=\"https:\/\/media.acninternational.org\/wp-content\/uploads\/2026\/04\/ACN-20240718-169048.jpg\" \/>\n\t<meta property=\"og:image:width\" content=\"1980\" \/>\n\t<meta property=\"og:image:height\" content=\"800\" \/>\n\t<meta property=\"og:image:type\" content=\"image\/jpeg\" \/>\n<meta name=\"author\" content=\"Filipe d\u2019Avillez\" \/>\n<meta name=\"twitter:card\" content=\"summary_large_image\" \/>\n<meta name=\"twitter:creator\" content=\"@acn_int\" \/>\n<meta name=\"twitter:site\" content=\"@acn_int\" \/>\n<meta name=\"twitter:label1\" content=\"Verfasst von\" \/>\n\t<meta name=\"twitter:data1\" content=\"Filipe d\u2019Avillez\" \/>\n\t<meta name=\"twitter:label2\" content=\"Gesch\u00e4tzte Lesezeit\" \/>\n\t<meta name=\"twitter:data2\" content=\"5\u00a0Minuten\" \/>\n<script type=\"application\/ld+json\" class=\"yoast-schema-graph\">{\"@context\":\"https:\\\/\\\/schema.org\",\"@graph\":[{\"@type\":\"Article\",\"@id\":\"https:\\\/\\\/acninternational.org\\\/de\\\/suedsudan-der-bischof-der-seiner-dioezese-neues-leben-eingehaucht-hat\\\/#article\",\"isPartOf\":{\"@id\":\"https:\\\/\\\/acninternational.org\\\/de\\\/suedsudan-der-bischof-der-seiner-dioezese-neues-leben-eingehaucht-hat\\\/\"},\"author\":{\"name\":\"Filipe d\u2019Avillez\",\"@id\":\"https:\\\/\\\/acninternational.org\\\/de\\\/#\\\/schema\\\/person\\\/7489225627ad784c8faa0f4616c1cbdf\"},\"headline\":\"S\u00fcdsudan: Der Bischof, der seiner Di\u00f6zese neues Leben eingehaucht hat\",\"datePublished\":\"2026-04-29T12:06:21+00:00\",\"dateModified\":\"2026-04-29T12:46:55+00:00\",\"mainEntityOfPage\":{\"@id\":\"https:\\\/\\\/acninternational.org\\\/de\\\/suedsudan-der-bischof-der-seiner-dioezese-neues-leben-eingehaucht-hat\\\/\"},\"wordCount\":885,\"publisher\":{\"@id\":\"https:\\\/\\\/acninternational.org\\\/de\\\/#organization\"},\"image\":{\"@id\":\"https:\\\/\\\/acninternational.org\\\/de\\\/suedsudan-der-bischof-der-seiner-dioezese-neues-leben-eingehaucht-hat\\\/#primaryimage\"},\"thumbnailUrl\":\"https:\\\/\\\/media.acninternational.org\\\/wp-content\\\/uploads\\\/2026\\\/04\\\/ACN-20240718-169048.jpg\",\"articleSection\":[\"FEATURED\"],\"inLanguage\":\"de\"},{\"@type\":\"WebPage\",\"@id\":\"https:\\\/\\\/acninternational.org\\\/de\\\/suedsudan-der-bischof-der-seiner-dioezese-neues-leben-eingehaucht-hat\\\/\",\"url\":\"https:\\\/\\\/acninternational.org\\\/de\\\/suedsudan-der-bischof-der-seiner-dioezese-neues-leben-eingehaucht-hat\\\/\",\"name\":\"S\u00fcdsudan: Der Bischof, der seiner Di\u00f6zese neues Leben eingehaucht hat | ACN International\",\"isPartOf\":{\"@id\":\"https:\\\/\\\/acninternational.org\\\/de\\\/#website\"},\"primaryImageOfPage\":{\"@id\":\"https:\\\/\\\/acninternational.org\\\/de\\\/suedsudan-der-bischof-der-seiner-dioezese-neues-leben-eingehaucht-hat\\\/#primaryimage\"},\"image\":{\"@id\":\"https:\\\/\\\/acninternational.org\\\/de\\\/suedsudan-der-bischof-der-seiner-dioezese-neues-leben-eingehaucht-hat\\\/#primaryimage\"},\"thumbnailUrl\":\"https:\\\/\\\/media.acninternational.org\\\/wp-content\\\/uploads\\\/2026\\\/04\\\/ACN-20240718-169048.jpg\",\"datePublished\":\"2026-04-29T12:06:21+00:00\",\"dateModified\":\"2026-04-29T12:46:55+00:00\",\"description\":\"Mit Mut, Ausdauer und pers\u00f6nlichem Vorbild begann er den Wiederaufbau \u2013 zuerst des Vertrauens der Menschen, dann der Infrastruktur.\",\"breadcrumb\":{\"@id\":\"https:\\\/\\\/acninternational.org\\\/de\\\/suedsudan-der-bischof-der-seiner-dioezese-neues-leben-eingehaucht-hat\\\/#breadcrumb\"},\"inLanguage\":\"de\",\"potentialAction\":[{\"@type\":\"ReadAction\",\"target\":[\"https:\\\/\\\/acninternational.org\\\/de\\\/suedsudan-der-bischof-der-seiner-dioezese-neues-leben-eingehaucht-hat\\\/\"]}]},{\"@type\":\"ImageObject\",\"inLanguage\":\"de\",\"@id\":\"https:\\\/\\\/acninternational.org\\\/de\\\/suedsudan-der-bischof-der-seiner-dioezese-neues-leben-eingehaucht-hat\\\/#primaryimage\",\"url\":\"https:\\\/\\\/media.acninternational.org\\\/wp-content\\\/uploads\\\/2026\\\/04\\\/ACN-20240718-169048.jpg\",\"contentUrl\":\"https:\\\/\\\/media.acninternational.org\\\/wp-content\\\/uploads\\\/2026\\\/04\\\/ACN-20240718-169048.jpg\",\"width\":1980,\"height\":800},{\"@type\":\"BreadcrumbList\",\"@id\":\"https:\\\/\\\/acninternational.org\\\/de\\\/suedsudan-der-bischof-der-seiner-dioezese-neues-leben-eingehaucht-hat\\\/#breadcrumb\",\"itemListElement\":[{\"@type\":\"ListItem\",\"position\":1,\"name\":\"Home\",\"item\":\"https:\\\/\\\/acninternational.org\\\/de\\\/\"},{\"@type\":\"ListItem\",\"position\":2,\"name\":\"FEATURED\",\"item\":\"https:\\\/\\\/acninternational.org\\\/de\\\/category\\\/featured-de\\\/\"},{\"@type\":\"ListItem\",\"position\":3,\"name\":\"S\u00fcdsudan: Der Bischof, der seiner Di\u00f6zese neues Leben eingehaucht hat\"}]},{\"@type\":\"WebSite\",\"@id\":\"https:\\\/\\\/acninternational.org\\\/de\\\/#website\",\"url\":\"https:\\\/\\\/acninternational.org\\\/de\\\/\",\"name\":\"ACN International\",\"description\":\"\",\"publisher\":{\"@id\":\"https:\\\/\\\/acninternational.org\\\/de\\\/#organization\"},\"potentialAction\":[{\"@type\":\"SearchAction\",\"target\":{\"@type\":\"EntryPoint\",\"urlTemplate\":\"https:\\\/\\\/acninternational.org\\\/de\\\/?s={search_term_string}\"},\"query-input\":{\"@type\":\"PropertyValueSpecification\",\"valueRequired\":true,\"valueName\":\"search_term_string\"}}],\"inLanguage\":\"de\"},{\"@type\":\"Organization\",\"@id\":\"https:\\\/\\\/acninternational.org\\\/de\\\/#organization\",\"name\":\"Aid to the Church in Need International\",\"url\":\"https:\\\/\\\/acninternational.org\\\/de\\\/\",\"logo\":{\"@type\":\"ImageObject\",\"inLanguage\":\"de\",\"@id\":\"https:\\\/\\\/acninternational.org\\\/de\\\/#\\\/schema\\\/logo\\\/image\\\/\",\"url\":\"https:\\\/\\\/media.acninternational.org\\\/wp-content\\\/uploads\\\/2019\\\/11\\\/acn_logo_blackvector.svg\",\"contentUrl\":\"https:\\\/\\\/media.acninternational.org\\\/wp-content\\\/uploads\\\/2019\\\/11\\\/acn_logo_blackvector.svg\",\"width\":232.6,\"height\":78,\"caption\":\"Aid to the Church in Need International\"},\"image\":{\"@id\":\"https:\\\/\\\/acninternational.org\\\/de\\\/#\\\/schema\\\/logo\\\/image\\\/\"},\"sameAs\":[\"https:\\\/\\\/www.facebook.com\\\/acninternationalorg\",\"https:\\\/\\\/x.com\\\/acn_int\",\"https:\\\/\\\/www.youtube.com\\\/channel\\\/UCQ-077gS0TnVzkhHmf1opZw\",\"https:\\\/\\\/www.instagram.com\\\/acn_international\\\/\"]},{\"@type\":\"Person\",\"@id\":\"https:\\\/\\\/acninternational.org\\\/de\\\/#\\\/schema\\\/person\\\/7489225627ad784c8faa0f4616c1cbdf\",\"name\":\"Filipe d\u2019Avillez\",\"url\":\"https:\\\/\\\/acninternational.org\\\/de\\\/author\\\/filipe\\\/\"}]}<\/script>\n<!-- \/ Yoast SEO Premium plugin. -->","yoast_head_json":{"title":"S\u00fcdsudan: Der Bischof, der seiner Di\u00f6zese neues Leben eingehaucht hat | ACN International","description":"Mit Mut, Ausdauer und pers\u00f6nlichem Vorbild begann er den Wiederaufbau \u2013 zuerst des Vertrauens der Menschen, dann der Infrastruktur.","robots":{"index":"index","follow":"follow","max-snippet":"max-snippet:-1","max-image-preview":"max-image-preview:large","max-video-preview":"max-video-preview:-1"},"canonical":"https:\/\/acninternational.org\/de\/suedsudan-der-bischof-der-seiner-dioezese-neues-leben-eingehaucht-hat\/","og_locale":"de_DE","og_type":"article","og_title":"S\u00fcdsudan: Der Bischof, der seiner Di\u00f6zese neues Leben eingehaucht hat","og_description":"Mit Mut, Ausdauer und pers\u00f6nlichem Vorbild begann er den Wiederaufbau \u2013 zuerst des Vertrauens der Menschen, dann der Infrastruktur.","og_url":"https:\/\/acninternational.org\/de\/suedsudan-der-bischof-der-seiner-dioezese-neues-leben-eingehaucht-hat\/","og_site_name":"ACN International","article_publisher":"https:\/\/www.facebook.com\/acninternationalorg","article_published_time":"2026-04-29T12:06:21+00:00","article_modified_time":"2026-04-29T12:46:55+00:00","og_image":[{"width":1980,"height":800,"url":"https:\/\/media.acninternational.org\/wp-content\/uploads\/2026\/04\/ACN-20240718-169048.jpg","type":"image\/jpeg"}],"author":"Filipe d\u2019Avillez","twitter_card":"summary_large_image","twitter_creator":"@acn_int","twitter_site":"@acn_int","twitter_misc":{"Verfasst von":"Filipe d\u2019Avillez","Gesch\u00e4tzte Lesezeit":"5\u00a0Minuten"},"schema":{"@context":"https:\/\/schema.org","@graph":[{"@type":"Article","@id":"https:\/\/acninternational.org\/de\/suedsudan-der-bischof-der-seiner-dioezese-neues-leben-eingehaucht-hat\/#article","isPartOf":{"@id":"https:\/\/acninternational.org\/de\/suedsudan-der-bischof-der-seiner-dioezese-neues-leben-eingehaucht-hat\/"},"author":{"name":"Filipe d\u2019Avillez","@id":"https:\/\/acninternational.org\/de\/#\/schema\/person\/7489225627ad784c8faa0f4616c1cbdf"},"headline":"S\u00fcdsudan: Der Bischof, der seiner Di\u00f6zese neues Leben eingehaucht hat","datePublished":"2026-04-29T12:06:21+00:00","dateModified":"2026-04-29T12:46:55+00:00","mainEntityOfPage":{"@id":"https:\/\/acninternational.org\/de\/suedsudan-der-bischof-der-seiner-dioezese-neues-leben-eingehaucht-hat\/"},"wordCount":885,"publisher":{"@id":"https:\/\/acninternational.org\/de\/#organization"},"image":{"@id":"https:\/\/acninternational.org\/de\/suedsudan-der-bischof-der-seiner-dioezese-neues-leben-eingehaucht-hat\/#primaryimage"},"thumbnailUrl":"https:\/\/media.acninternational.org\/wp-content\/uploads\/2026\/04\/ACN-20240718-169048.jpg","articleSection":["FEATURED"],"inLanguage":"de"},{"@type":"WebPage","@id":"https:\/\/acninternational.org\/de\/suedsudan-der-bischof-der-seiner-dioezese-neues-leben-eingehaucht-hat\/","url":"https:\/\/acninternational.org\/de\/suedsudan-der-bischof-der-seiner-dioezese-neues-leben-eingehaucht-hat\/","name":"S\u00fcdsudan: Der Bischof, der seiner Di\u00f6zese neues Leben eingehaucht hat | ACN International","isPartOf":{"@id":"https:\/\/acninternational.org\/de\/#website"},"primaryImageOfPage":{"@id":"https:\/\/acninternational.org\/de\/suedsudan-der-bischof-der-seiner-dioezese-neues-leben-eingehaucht-hat\/#primaryimage"},"image":{"@id":"https:\/\/acninternational.org\/de\/suedsudan-der-bischof-der-seiner-dioezese-neues-leben-eingehaucht-hat\/#primaryimage"},"thumbnailUrl":"https:\/\/media.acninternational.org\/wp-content\/uploads\/2026\/04\/ACN-20240718-169048.jpg","datePublished":"2026-04-29T12:06:21+00:00","dateModified":"2026-04-29T12:46:55+00:00","description":"Mit Mut, Ausdauer und pers\u00f6nlichem Vorbild begann er den Wiederaufbau \u2013 zuerst des Vertrauens der Menschen, dann der Infrastruktur.","breadcrumb":{"@id":"https:\/\/acninternational.org\/de\/suedsudan-der-bischof-der-seiner-dioezese-neues-leben-eingehaucht-hat\/#breadcrumb"},"inLanguage":"de","potentialAction":[{"@type":"ReadAction","target":["https:\/\/acninternational.org\/de\/suedsudan-der-bischof-der-seiner-dioezese-neues-leben-eingehaucht-hat\/"]}]},{"@type":"ImageObject","inLanguage":"de","@id":"https:\/\/acninternational.org\/de\/suedsudan-der-bischof-der-seiner-dioezese-neues-leben-eingehaucht-hat\/#primaryimage","url":"https:\/\/media.acninternational.org\/wp-content\/uploads\/2026\/04\/ACN-20240718-169048.jpg","contentUrl":"https:\/\/media.acninternational.org\/wp-content\/uploads\/2026\/04\/ACN-20240718-169048.jpg","width":1980,"height":800},{"@type":"BreadcrumbList","@id":"https:\/\/acninternational.org\/de\/suedsudan-der-bischof-der-seiner-dioezese-neues-leben-eingehaucht-hat\/#breadcrumb","itemListElement":[{"@type":"ListItem","position":1,"name":"Home","item":"https:\/\/acninternational.org\/de\/"},{"@type":"ListItem","position":2,"name":"FEATURED","item":"https:\/\/acninternational.org\/de\/category\/featured-de\/"},{"@type":"ListItem","position":3,"name":"S\u00fcdsudan: Der Bischof, der seiner Di\u00f6zese neues Leben eingehaucht hat"}]},{"@type":"WebSite","@id":"https:\/\/acninternational.org\/de\/#website","url":"https:\/\/acninternational.org\/de\/","name":"ACN International","description":"","publisher":{"@id":"https:\/\/acninternational.org\/de\/#organization"},"potentialAction":[{"@type":"SearchAction","target":{"@type":"EntryPoint","urlTemplate":"https:\/\/acninternational.org\/de\/?s={search_term_string}"},"query-input":{"@type":"PropertyValueSpecification","valueRequired":true,"valueName":"search_term_string"}}],"inLanguage":"de"},{"@type":"Organization","@id":"https:\/\/acninternational.org\/de\/#organization","name":"Aid to the Church in Need International","url":"https:\/\/acninternational.org\/de\/","logo":{"@type":"ImageObject","inLanguage":"de","@id":"https:\/\/acninternational.org\/de\/#\/schema\/logo\/image\/","url":"https:\/\/media.acninternational.org\/wp-content\/uploads\/2019\/11\/acn_logo_blackvector.svg","contentUrl":"https:\/\/media.acninternational.org\/wp-content\/uploads\/2019\/11\/acn_logo_blackvector.svg","width":232.6,"height":78,"caption":"Aid to the Church in Need International"},"image":{"@id":"https:\/\/acninternational.org\/de\/#\/schema\/logo\/image\/"},"sameAs":["https:\/\/www.facebook.com\/acninternationalorg","https:\/\/x.com\/acn_int","https:\/\/www.youtube.com\/channel\/UCQ-077gS0TnVzkhHmf1opZw","https:\/\/www.instagram.com\/acn_international\/"]},{"@type":"Person","@id":"https:\/\/acninternational.org\/de\/#\/schema\/person\/7489225627ad784c8faa0f4616c1cbdf","name":"Filipe d\u2019Avillez","url":"https:\/\/acninternational.org\/de\/author\/filipe\/"}]}},"_links":{"self":[{"href":"https:\/\/acninternational.org\/de\/wp-json\/wp\/v2\/posts\/263785","targetHints":{"allow":["GET"]}}],"collection":[{"href":"https:\/\/acninternational.org\/de\/wp-json\/wp\/v2\/posts"}],"about":[{"href":"https:\/\/acninternational.org\/de\/wp-json\/wp\/v2\/types\/post"}],"author":[{"embeddable":true,"href":"https:\/\/acninternational.org\/de\/wp-json\/wp\/v2\/users\/4258341377"}],"replies":[{"embeddable":true,"href":"https:\/\/acninternational.org\/de\/wp-json\/wp\/v2\/comments?post=263785"}],"version-history":[{"count":2,"href":"https:\/\/acninternational.org\/de\/wp-json\/wp\/v2\/posts\/263785\/revisions"}],"predecessor-version":[{"id":263795,"href":"https:\/\/acninternational.org\/de\/wp-json\/wp\/v2\/posts\/263785\/revisions\/263795"}],"wp:featuredmedia":[{"embeddable":true,"href":"https:\/\/acninternational.org\/de\/wp-json\/wp\/v2\/media\/263754"}],"wp:attachment":[{"href":"https:\/\/acninternational.org\/de\/wp-json\/wp\/v2\/media?parent=263785"}],"wp:term":[{"taxonomy":"category","embeddable":true,"href":"https:\/\/acninternational.org\/de\/wp-json\/wp\/v2\/categories?post=263785"},{"taxonomy":"post_tag","embeddable":true,"href":"https:\/\/acninternational.org\/de\/wp-json\/wp\/v2\/tags?post=263785"},{"taxonomy":"country","embeddable":true,"href":"https:\/\/acninternational.org\/de\/wp-json\/wp\/v2\/country?post=263785"}],"curies":[{"name":"wp","href":"https:\/\/api.w.org\/{rel}","templated":true}]}}