{"id":250097,"date":"2025-07-15T15:22:57","date_gmt":"2025-07-15T13:22:57","guid":{"rendered":"https:\/\/acninternational.org\/?p=250097"},"modified":"2025-08-19T15:57:52","modified_gmt":"2025-08-19T13:57:52","slug":"angriff-auf-priesterseminar-in-nigeria-wachmann-getoetet-und-drei-seminaristen-entfuehrt","status":"publish","type":"post","link":"https:\/\/acninternational.org\/de\/angriff-auf-priesterseminar-in-nigeria-wachmann-getoetet-und-drei-seminaristen-entfuehrt\/","title":{"rendered":"Angriff auf Priesterseminar in Nigeria: Wachmann get\u00f6tet und drei Seminaristen entf\u00fchrt"},"content":{"rendered":"<p>Das Hilfswerk Aid to the Church in Need (ACN) verurteilt den gewaltsamen Angriff vom 10. Juli 2025 auf das Priesterseminar \u201eUnbefleckte Empf\u00e4ngnis\u201c in Ivhianokpodi im Bistum Auchi, Bundesstaat Edo, Nigeria, aufs Sch\u00e4rfste. Bei dem \u00dcberfall wurde ein Wachmann get\u00f6tet und drei Seminaristen entf\u00fchrt.<\/p>\n<p>Nach Angaben der katholischen Di\u00f6zese Auchi st\u00fcrmten gegen 21 Uhr mehrere bewaffnete M\u00e4nner das Gel\u00e4nde des Seminars und er\u00f6ffneten das Feuer. Christopher Aweneghieme, ein f\u00fcr das Seminar zust\u00e4ndiger Angeh\u00f6riger der Zivilschutzkr\u00e4fte, wurde bei dem \u00dcberfall get\u00f6tet. \u201eSie kamen in gro\u00dfer Zahl, und f\u00fcr die Wachleute war es unm\u00f6glich, sie aufzuhalten\u201c, erkl\u00e4rte der Bischof von Auchi, Gabriel Dunia, in einem Telefonat mit ACN.<\/p>\n<figure id=\"attachment_250090\" aria-describedby=\"caption-attachment-250090\" style=\"width: 680px\" class=\"wp-caption aligncenter\"><img loading=\"lazy\" decoding=\"async\" class=\"wp-image-250090 size-large\" src=\"https:\/\/media.acninternational.org\/wp-content\/uploads\/2025\/07\/ACN-20250715-191764-1-680x1024.jpg\" alt=\"Bischof von Auchi\" width=\"680\" height=\"1024\" srcset=\"https:\/\/media.acninternational.org\/wp-content\/uploads\/2025\/07\/ACN-20250715-191764-1-680x1024.jpg 680w, https:\/\/media.acninternational.org\/wp-content\/uploads\/2025\/07\/ACN-20250715-191764-1-199x300.jpg 199w, https:\/\/media.acninternational.org\/wp-content\/uploads\/2025\/07\/ACN-20250715-191764-1.jpg 720w\" sizes=\"auto, (max-width: 680px) 100vw, 680px\" \/><figcaption id=\"caption-attachment-250090\" class=\"wp-caption-text\">Bischof von Auchi<\/figcaption><\/figure>\n<p>\u201eDrei der Seminaristen wurden entf\u00fchrt. Wir stehen \u00fcber Vermittler im Kontakt mit den Angreifern\u201c, schilderte der Bischof. Er best\u00e4tigte, dass die entf\u00fchrten Seminaristen zwischen 14 und 17 Jahre alt seien und dass die gesamte Seminargemeinschaft in nahegelegene Pfarreien evakuiert wurde, bis die Sicherheitsvorkehrungen verst\u00e4rkt und ein Schutzzaun um das Seminargel\u00e4nde errichtet worden seien.<\/p>\n<p>Obwohl bereits Kontakt zu den Entf\u00fchrern aufgenommen wurde, \u201ekommen die Studenten und ihre Familien aus extrem armen Verh\u00e4ltnissen, und die Di\u00f6zese Auchi ist auf externe Hilfe \u2013 darunter auch auf die von ACN \u2013 angewiesen, um die Grundkosten der Priesterausbildung zu decken\u201c, bedauerte Bischof Dunia.<\/p>\n<p>Die Zahlung eines hohen L\u00f6segeldes ist nicht m\u00f6glich, und die kirchlichen Beh\u00f6rden in Nigeria verfolgen eine <a href=\"https:\/\/acninternational.org\/de\/nigerianische-entfuehrungen-unsere-priester-nonnen-und-katecheten-werden-nicht-zum-verkauf-freigegeben\/\" target=\"_blank\" rel=\"noopener\">offizielle Politik, keine L\u00f6segeldzahlungen zu leisten<\/a>, auch um keine neuen Entf\u00fchrungen zu beg\u00fcnstigen.<\/p>\n<p>In seiner Erkl\u00e4rung gegen\u00fcber ACN rief Bischof Dunia sowohl die nigerianische Bev\u00f6lkerung als auch die internationalen Gemeinschaft zu Solidarit\u00e4t auf: \u201eIch appelliere an alle, an jeden Einzelnen, uns zu helfen: Betet f\u00fcr uns, unternimmt alle Anstrengungen, was auch immer uns helfen kann, die Unsicherheit einzud\u00e4mmen \u2013 materiell, geistlich, menschlich. Unsere lokalen Bem\u00fchungen reichen nicht\u201c, sagte er.<\/p>\n<p>Der Bischof \u00e4u\u00dferte zudem Frustration \u00fcber den Mangel an konkret vorhandenem Schutz durch die lokalen Beh\u00f6rden: \u201eWir fordern die Zivilregierung auf, sich vor Ort zu begeben. Sie haben uns versichert, dass sie bleiben w\u00fcrden, um das Gebiet zu sch\u00fctzen. Aber bis jetzt haben wir keine konkreten Ma\u00dfnahmen gesehen.\u201c<\/p>\n<h4><strong>Es ist nicht der erste Angriff auf das Kleine Priesterseminar<\/strong><\/h4>\n<p>Obwohl die genauen Motive der Angreifer noch unklar sind, erkl\u00e4rte Bischof Dunia gegen\u00fcber ACN, in seiner Di\u00f6zese s\u00fcdwestlich von Abuja sei die Lage seit langem besorgniserregend. Dies ist nicht der erste \u00dcberfall auf das Priesterseminar \u201eUnbefleckte Empf\u00e4ngnis\u201c. Im M\u00e4rz 2025 <a href=\"https:\/\/acninternational.org\/de\/nigerianische-kirche-trauert-um-21-jaehrigen-seminaristen-der-von-entfuehrern-ermordet-wurde\/\" target=\"_blank\" rel=\"noopener\">wurde der Rektor des Seminars entf\u00fchrt und einer der Seminaristen get\u00f6tet<\/a>.<\/p>\n<p>Diese wiederholten Angriffe unterstreichen die systematischen Bedrohungen, denen christliche Einrichtungen in Nigeria zunehmend ausgesetzt sind. Die Angreifer kommen laut dem Bischof aus dem Norden und sollen zur ethnischen Gruppe der Fulani geh\u00f6ren.<\/p>\n<p>\u201eWir wissen nicht einmal genau, was sie wollen. Aber wir sehen ein zunehmendes Muster von Angriffen auf christliche Gemeinden und Einrichtungen\u201c, erkl\u00e4rte der Bischof. Er \u00e4u\u00dferte seine Besorgnis dar\u00fcber, dass es sich m\u00f6glicherweise um einen Versuch handele, Land zu besetzen oder die christliche Gemeinde aus der Region zu vertreiben.<\/p>\n<p>ACN schlie\u00dft sich der Di\u00f6zese Auchi im Gebet f\u00fcr die Seele von Christopher Aweneghieme und f\u00fcr die baldige Freilassung der entf\u00fchrten Seminaristen an. Das 2006 gegr\u00fcndete Kleine Seminar \u201eUnbefleckte Empf\u00e4ngnis\u201c hat bisher mehr als 500 junge M\u00e4nner in ihrer ersten Phase auf dem Weg zum Priestertum ausgebildet und ist nach wie vor ein Leuchtturm der Hoffnung f\u00fcr die katholische Gemeinschaft im S\u00fcden Nigerias.<\/p>\n<p>Seit vielen Jahren unterst\u00fctzt ACN kontinuierlich die Priesterausbildung im Priesterseminar und stellt Messstipendien f\u00fcr Priester in der Di\u00f6zese Auchi zur Verf\u00fcgung, um die Ortskirche in diesen schwierigen Zeiten zu unterst\u00fctzen.<\/p>\n<p>&nbsp;<\/p>\n","protected":false},"excerpt":{"rendered":"<p>\u201eSie kamen in gro\u00dfer Zahl, und f\u00fcr die Wachleute war es unm\u00f6glich, sie aufzuhalten\u201c, erkl\u00e4rte der Bischof von Auchi, Gabriel Dunia<\/p>\n","protected":false},"author":4258341378,"featured_media":185050,"comment_status":"closed","ping_status":"closed","sticky":false,"template":"","format":"standard","meta":{"_acf_changed":false,"_acn_coauthor_ids":[],"footnotes":""},"categories":[918,954],"tags":[],"country":[1405],"class_list":["post-250097","post","type-post","status-publish","format-standard","has-post-thumbnail","hentry","category-nachricht","category-news-de","country-nigeria-de"],"acn_coauthors":[],"acf":[],"yoast_head":"<!-- This site is optimized with the Yoast SEO Premium plugin v27.3 (Yoast SEO v27.3) - https:\/\/yoast.com\/product\/yoast-seo-premium-wordpress\/ -->\n<title>Angriff auf Priesterseminar in Nigeria: Wachmann get\u00f6tet und drei Seminaristen entf\u00fchrt | ACN International<\/title>\n<meta name=\"description\" content=\"\u201eSie kamen in gro\u00dfer Zahl, und f\u00fcr die Wachleute war es unm\u00f6glich, sie aufzuhalten\u201c, erkl\u00e4rte der Bischof von Auchi, Gabriel Dunia.\" \/>\n<meta name=\"robots\" content=\"index, follow, max-snippet:-1, max-image-preview:large, max-video-preview:-1\" \/>\n<link rel=\"canonical\" href=\"https:\/\/acninternational.org\/de\/angriff-auf-priesterseminar-in-nigeria-wachmann-getoetet-und-drei-seminaristen-entfuehrt\/\" \/>\n<meta property=\"og:locale\" content=\"de_DE\" \/>\n<meta property=\"og:type\" content=\"article\" \/>\n<meta property=\"og:title\" content=\"Angriff auf Priesterseminar in Nigeria: Wachmann get\u00f6tet und drei Seminaristen entf\u00fchrt\" \/>\n<meta property=\"og:description\" content=\"\u201eSie kamen in gro\u00dfer Zahl, und f\u00fcr die Wachleute war es unm\u00f6glich, sie aufzuhalten\u201c, erkl\u00e4rte der Bischof von Auchi, Gabriel Dunia.\" \/>\n<meta property=\"og:url\" content=\"https:\/\/acninternational.org\/de\/angriff-auf-priesterseminar-in-nigeria-wachmann-getoetet-und-drei-seminaristen-entfuehrt\/\" \/>\n<meta property=\"og:site_name\" content=\"ACN International\" \/>\n<meta property=\"article:publisher\" content=\"https:\/\/www.facebook.com\/acninternationalorg\" \/>\n<meta property=\"article:published_time\" content=\"2025-07-15T13:22:57+00:00\" \/>\n<meta property=\"article:modified_time\" content=\"2025-08-19T13:57:52+00:00\" \/>\n<meta property=\"og:image\" content=\"https:\/\/media.acninternational.org\/wp-content\/uploads\/2023\/08\/ACN-20230329-143516.jpg\" \/>\n\t<meta property=\"og:image:width\" content=\"1920\" \/>\n\t<meta property=\"og:image:height\" content=\"700\" \/>\n\t<meta property=\"og:image:type\" content=\"image\/jpeg\" \/>\n<meta name=\"author\" content=\"Maria Lozano\" \/>\n<meta name=\"twitter:card\" content=\"summary_large_image\" \/>\n<meta name=\"twitter:creator\" content=\"@acn_int\" \/>\n<meta name=\"twitter:site\" content=\"@acn_int\" \/>\n<meta name=\"twitter:label1\" content=\"Verfasst von\" \/>\n\t<meta name=\"twitter:data1\" content=\"Maria Lozano\" \/>\n\t<meta name=\"twitter:label2\" content=\"Gesch\u00e4tzte Lesezeit\" \/>\n\t<meta name=\"twitter:data2\" content=\"3\u00a0Minuten\" \/>\n<script type=\"application\/ld+json\" class=\"yoast-schema-graph\">{\"@context\":\"https:\\\/\\\/schema.org\",\"@graph\":[{\"@type\":\"Article\",\"@id\":\"https:\\\/\\\/acninternational.org\\\/de\\\/angriff-auf-priesterseminar-in-nigeria-wachmann-getoetet-und-drei-seminaristen-entfuehrt\\\/#article\",\"isPartOf\":{\"@id\":\"https:\\\/\\\/acninternational.org\\\/de\\\/angriff-auf-priesterseminar-in-nigeria-wachmann-getoetet-und-drei-seminaristen-entfuehrt\\\/\"},\"author\":{\"name\":\"Maria Lozano\",\"@id\":\"https:\\\/\\\/acninternational.org\\\/de\\\/#\\\/schema\\\/person\\\/91975fc8e2569591a0e2d868c7d5816c\"},\"headline\":\"Angriff auf Priesterseminar in Nigeria: Wachmann get\u00f6tet und drei Seminaristen entf\u00fchrt\",\"datePublished\":\"2025-07-15T13:22:57+00:00\",\"dateModified\":\"2025-08-19T13:57:52+00:00\",\"mainEntityOfPage\":{\"@id\":\"https:\\\/\\\/acninternational.org\\\/de\\\/angriff-auf-priesterseminar-in-nigeria-wachmann-getoetet-und-drei-seminaristen-entfuehrt\\\/\"},\"wordCount\":656,\"publisher\":{\"@id\":\"https:\\\/\\\/acninternational.org\\\/de\\\/#organization\"},\"image\":{\"@id\":\"https:\\\/\\\/acninternational.org\\\/de\\\/angriff-auf-priesterseminar-in-nigeria-wachmann-getoetet-und-drei-seminaristen-entfuehrt\\\/#primaryimage\"},\"thumbnailUrl\":\"https:\\\/\\\/media.acninternational.org\\\/wp-content\\\/uploads\\\/2023\\\/08\\\/ACN-20230329-143516.jpg\",\"articleSection\":[\"Nachricht\",\"Nachricht\"],\"inLanguage\":\"de\"},{\"@type\":\"WebPage\",\"@id\":\"https:\\\/\\\/acninternational.org\\\/de\\\/angriff-auf-priesterseminar-in-nigeria-wachmann-getoetet-und-drei-seminaristen-entfuehrt\\\/\",\"url\":\"https:\\\/\\\/acninternational.org\\\/de\\\/angriff-auf-priesterseminar-in-nigeria-wachmann-getoetet-und-drei-seminaristen-entfuehrt\\\/\",\"name\":\"Angriff auf Priesterseminar in Nigeria: Wachmann get\u00f6tet und drei Seminaristen entf\u00fchrt | ACN International\",\"isPartOf\":{\"@id\":\"https:\\\/\\\/acninternational.org\\\/de\\\/#website\"},\"primaryImageOfPage\":{\"@id\":\"https:\\\/\\\/acninternational.org\\\/de\\\/angriff-auf-priesterseminar-in-nigeria-wachmann-getoetet-und-drei-seminaristen-entfuehrt\\\/#primaryimage\"},\"image\":{\"@id\":\"https:\\\/\\\/acninternational.org\\\/de\\\/angriff-auf-priesterseminar-in-nigeria-wachmann-getoetet-und-drei-seminaristen-entfuehrt\\\/#primaryimage\"},\"thumbnailUrl\":\"https:\\\/\\\/media.acninternational.org\\\/wp-content\\\/uploads\\\/2023\\\/08\\\/ACN-20230329-143516.jpg\",\"datePublished\":\"2025-07-15T13:22:57+00:00\",\"dateModified\":\"2025-08-19T13:57:52+00:00\",\"description\":\"\u201eSie kamen in gro\u00dfer Zahl, und f\u00fcr die Wachleute war es unm\u00f6glich, sie aufzuhalten\u201c, erkl\u00e4rte der Bischof von Auchi, Gabriel Dunia.\",\"breadcrumb\":{\"@id\":\"https:\\\/\\\/acninternational.org\\\/de\\\/angriff-auf-priesterseminar-in-nigeria-wachmann-getoetet-und-drei-seminaristen-entfuehrt\\\/#breadcrumb\"},\"inLanguage\":\"de\",\"potentialAction\":[{\"@type\":\"ReadAction\",\"target\":[\"https:\\\/\\\/acninternational.org\\\/de\\\/angriff-auf-priesterseminar-in-nigeria-wachmann-getoetet-und-drei-seminaristen-entfuehrt\\\/\"]}]},{\"@type\":\"ImageObject\",\"inLanguage\":\"de\",\"@id\":\"https:\\\/\\\/acninternational.org\\\/de\\\/angriff-auf-priesterseminar-in-nigeria-wachmann-getoetet-und-drei-seminaristen-entfuehrt\\\/#primaryimage\",\"url\":\"https:\\\/\\\/media.acninternational.org\\\/wp-content\\\/uploads\\\/2023\\\/08\\\/ACN-20230329-143516.jpg\",\"contentUrl\":\"https:\\\/\\\/media.acninternational.org\\\/wp-content\\\/uploads\\\/2023\\\/08\\\/ACN-20230329-143516.jpg\",\"width\":1920,\"height\":700},{\"@type\":\"BreadcrumbList\",\"@id\":\"https:\\\/\\\/acninternational.org\\\/de\\\/angriff-auf-priesterseminar-in-nigeria-wachmann-getoetet-und-drei-seminaristen-entfuehrt\\\/#breadcrumb\",\"itemListElement\":[{\"@type\":\"ListItem\",\"position\":1,\"name\":\"Home\",\"item\":\"https:\\\/\\\/acninternational.org\\\/de\\\/\"},{\"@type\":\"ListItem\",\"position\":2,\"name\":\"Nachricht\",\"item\":\"https:\\\/\\\/acninternational.org\\\/de\\\/category\\\/news-de\\\/\"},{\"@type\":\"ListItem\",\"position\":3,\"name\":\"Angriff auf Priesterseminar in Nigeria: Wachmann get\u00f6tet und drei Seminaristen entf\u00fchrt\"}]},{\"@type\":\"WebSite\",\"@id\":\"https:\\\/\\\/acninternational.org\\\/de\\\/#website\",\"url\":\"https:\\\/\\\/acninternational.org\\\/de\\\/\",\"name\":\"ACN International\",\"description\":\"\",\"publisher\":{\"@id\":\"https:\\\/\\\/acninternational.org\\\/de\\\/#organization\"},\"potentialAction\":[{\"@type\":\"SearchAction\",\"target\":{\"@type\":\"EntryPoint\",\"urlTemplate\":\"https:\\\/\\\/acninternational.org\\\/de\\\/?s={search_term_string}\"},\"query-input\":{\"@type\":\"PropertyValueSpecification\",\"valueRequired\":true,\"valueName\":\"search_term_string\"}}],\"inLanguage\":\"de\"},{\"@type\":\"Organization\",\"@id\":\"https:\\\/\\\/acninternational.org\\\/de\\\/#organization\",\"name\":\"Aid to the Church in Need International\",\"url\":\"https:\\\/\\\/acninternational.org\\\/de\\\/\",\"logo\":{\"@type\":\"ImageObject\",\"inLanguage\":\"de\",\"@id\":\"https:\\\/\\\/acninternational.org\\\/de\\\/#\\\/schema\\\/logo\\\/image\\\/\",\"url\":\"https:\\\/\\\/media.acninternational.org\\\/wp-content\\\/uploads\\\/2019\\\/11\\\/acn_logo_blackvector.svg\",\"contentUrl\":\"https:\\\/\\\/media.acninternational.org\\\/wp-content\\\/uploads\\\/2019\\\/11\\\/acn_logo_blackvector.svg\",\"width\":232.6,\"height\":78,\"caption\":\"Aid to the Church in Need International\"},\"image\":{\"@id\":\"https:\\\/\\\/acninternational.org\\\/de\\\/#\\\/schema\\\/logo\\\/image\\\/\"},\"sameAs\":[\"https:\\\/\\\/www.facebook.com\\\/acninternationalorg\",\"https:\\\/\\\/x.com\\\/acn_int\",\"https:\\\/\\\/www.youtube.com\\\/channel\\\/UCQ-077gS0TnVzkhHmf1opZw\",\"https:\\\/\\\/www.instagram.com\\\/acn_international\\\/\"]},{\"@type\":\"Person\",\"@id\":\"https:\\\/\\\/acninternational.org\\\/de\\\/#\\\/schema\\\/person\\\/91975fc8e2569591a0e2d868c7d5816c\",\"name\":\"Maria Lozano\",\"description\":\"Lorem ipsum dolor sit amet, consectetur adipiscing elit, sed do eiusmod tempor incididunt ut labore et dolore magna aliqua. Ut enim ad minim veniam, quis nostrud exercitation ullamco laboris nisi ut aliquip ex ea commodo consequat.\",\"url\":\"https:\\\/\\\/acninternational.org\\\/de\\\/author\\\/maria\\\/\"}]}<\/script>\n<!-- \/ Yoast SEO Premium plugin. -->","yoast_head_json":{"title":"Angriff auf Priesterseminar in Nigeria: Wachmann get\u00f6tet und drei Seminaristen entf\u00fchrt | ACN International","description":"\u201eSie kamen in gro\u00dfer Zahl, und f\u00fcr die Wachleute war es unm\u00f6glich, sie aufzuhalten\u201c, erkl\u00e4rte der Bischof von Auchi, Gabriel Dunia.","robots":{"index":"index","follow":"follow","max-snippet":"max-snippet:-1","max-image-preview":"max-image-preview:large","max-video-preview":"max-video-preview:-1"},"canonical":"https:\/\/acninternational.org\/de\/angriff-auf-priesterseminar-in-nigeria-wachmann-getoetet-und-drei-seminaristen-entfuehrt\/","og_locale":"de_DE","og_type":"article","og_title":"Angriff auf Priesterseminar in Nigeria: Wachmann get\u00f6tet und drei Seminaristen entf\u00fchrt","og_description":"\u201eSie kamen in gro\u00dfer Zahl, und f\u00fcr die Wachleute war es unm\u00f6glich, sie aufzuhalten\u201c, erkl\u00e4rte der Bischof von Auchi, Gabriel Dunia.","og_url":"https:\/\/acninternational.org\/de\/angriff-auf-priesterseminar-in-nigeria-wachmann-getoetet-und-drei-seminaristen-entfuehrt\/","og_site_name":"ACN International","article_publisher":"https:\/\/www.facebook.com\/acninternationalorg","article_published_time":"2025-07-15T13:22:57+00:00","article_modified_time":"2025-08-19T13:57:52+00:00","og_image":[{"width":1920,"height":700,"url":"https:\/\/media.acninternational.org\/wp-content\/uploads\/2023\/08\/ACN-20230329-143516.jpg","type":"image\/jpeg"}],"author":"Maria Lozano","twitter_card":"summary_large_image","twitter_creator":"@acn_int","twitter_site":"@acn_int","twitter_misc":{"Verfasst von":"Maria Lozano","Gesch\u00e4tzte Lesezeit":"3\u00a0Minuten"},"schema":{"@context":"https:\/\/schema.org","@graph":[{"@type":"Article","@id":"https:\/\/acninternational.org\/de\/angriff-auf-priesterseminar-in-nigeria-wachmann-getoetet-und-drei-seminaristen-entfuehrt\/#article","isPartOf":{"@id":"https:\/\/acninternational.org\/de\/angriff-auf-priesterseminar-in-nigeria-wachmann-getoetet-und-drei-seminaristen-entfuehrt\/"},"author":{"name":"Maria Lozano","@id":"https:\/\/acninternational.org\/de\/#\/schema\/person\/91975fc8e2569591a0e2d868c7d5816c"},"headline":"Angriff auf Priesterseminar in Nigeria: Wachmann get\u00f6tet und drei Seminaristen entf\u00fchrt","datePublished":"2025-07-15T13:22:57+00:00","dateModified":"2025-08-19T13:57:52+00:00","mainEntityOfPage":{"@id":"https:\/\/acninternational.org\/de\/angriff-auf-priesterseminar-in-nigeria-wachmann-getoetet-und-drei-seminaristen-entfuehrt\/"},"wordCount":656,"publisher":{"@id":"https:\/\/acninternational.org\/de\/#organization"},"image":{"@id":"https:\/\/acninternational.org\/de\/angriff-auf-priesterseminar-in-nigeria-wachmann-getoetet-und-drei-seminaristen-entfuehrt\/#primaryimage"},"thumbnailUrl":"https:\/\/media.acninternational.org\/wp-content\/uploads\/2023\/08\/ACN-20230329-143516.jpg","articleSection":["Nachricht","Nachricht"],"inLanguage":"de"},{"@type":"WebPage","@id":"https:\/\/acninternational.org\/de\/angriff-auf-priesterseminar-in-nigeria-wachmann-getoetet-und-drei-seminaristen-entfuehrt\/","url":"https:\/\/acninternational.org\/de\/angriff-auf-priesterseminar-in-nigeria-wachmann-getoetet-und-drei-seminaristen-entfuehrt\/","name":"Angriff auf Priesterseminar in Nigeria: Wachmann get\u00f6tet und drei Seminaristen entf\u00fchrt | ACN International","isPartOf":{"@id":"https:\/\/acninternational.org\/de\/#website"},"primaryImageOfPage":{"@id":"https:\/\/acninternational.org\/de\/angriff-auf-priesterseminar-in-nigeria-wachmann-getoetet-und-drei-seminaristen-entfuehrt\/#primaryimage"},"image":{"@id":"https:\/\/acninternational.org\/de\/angriff-auf-priesterseminar-in-nigeria-wachmann-getoetet-und-drei-seminaristen-entfuehrt\/#primaryimage"},"thumbnailUrl":"https:\/\/media.acninternational.org\/wp-content\/uploads\/2023\/08\/ACN-20230329-143516.jpg","datePublished":"2025-07-15T13:22:57+00:00","dateModified":"2025-08-19T13:57:52+00:00","description":"\u201eSie kamen in gro\u00dfer Zahl, und f\u00fcr die Wachleute war es unm\u00f6glich, sie aufzuhalten\u201c, erkl\u00e4rte der Bischof von Auchi, Gabriel Dunia.","breadcrumb":{"@id":"https:\/\/acninternational.org\/de\/angriff-auf-priesterseminar-in-nigeria-wachmann-getoetet-und-drei-seminaristen-entfuehrt\/#breadcrumb"},"inLanguage":"de","potentialAction":[{"@type":"ReadAction","target":["https:\/\/acninternational.org\/de\/angriff-auf-priesterseminar-in-nigeria-wachmann-getoetet-und-drei-seminaristen-entfuehrt\/"]}]},{"@type":"ImageObject","inLanguage":"de","@id":"https:\/\/acninternational.org\/de\/angriff-auf-priesterseminar-in-nigeria-wachmann-getoetet-und-drei-seminaristen-entfuehrt\/#primaryimage","url":"https:\/\/media.acninternational.org\/wp-content\/uploads\/2023\/08\/ACN-20230329-143516.jpg","contentUrl":"https:\/\/media.acninternational.org\/wp-content\/uploads\/2023\/08\/ACN-20230329-143516.jpg","width":1920,"height":700},{"@type":"BreadcrumbList","@id":"https:\/\/acninternational.org\/de\/angriff-auf-priesterseminar-in-nigeria-wachmann-getoetet-und-drei-seminaristen-entfuehrt\/#breadcrumb","itemListElement":[{"@type":"ListItem","position":1,"name":"Home","item":"https:\/\/acninternational.org\/de\/"},{"@type":"ListItem","position":2,"name":"Nachricht","item":"https:\/\/acninternational.org\/de\/category\/news-de\/"},{"@type":"ListItem","position":3,"name":"Angriff auf Priesterseminar in Nigeria: Wachmann get\u00f6tet und drei Seminaristen entf\u00fchrt"}]},{"@type":"WebSite","@id":"https:\/\/acninternational.org\/de\/#website","url":"https:\/\/acninternational.org\/de\/","name":"ACN International","description":"","publisher":{"@id":"https:\/\/acninternational.org\/de\/#organization"},"potentialAction":[{"@type":"SearchAction","target":{"@type":"EntryPoint","urlTemplate":"https:\/\/acninternational.org\/de\/?s={search_term_string}"},"query-input":{"@type":"PropertyValueSpecification","valueRequired":true,"valueName":"search_term_string"}}],"inLanguage":"de"},{"@type":"Organization","@id":"https:\/\/acninternational.org\/de\/#organization","name":"Aid to the Church in Need International","url":"https:\/\/acninternational.org\/de\/","logo":{"@type":"ImageObject","inLanguage":"de","@id":"https:\/\/acninternational.org\/de\/#\/schema\/logo\/image\/","url":"https:\/\/media.acninternational.org\/wp-content\/uploads\/2019\/11\/acn_logo_blackvector.svg","contentUrl":"https:\/\/media.acninternational.org\/wp-content\/uploads\/2019\/11\/acn_logo_blackvector.svg","width":232.6,"height":78,"caption":"Aid to the Church in Need International"},"image":{"@id":"https:\/\/acninternational.org\/de\/#\/schema\/logo\/image\/"},"sameAs":["https:\/\/www.facebook.com\/acninternationalorg","https:\/\/x.com\/acn_int","https:\/\/www.youtube.com\/channel\/UCQ-077gS0TnVzkhHmf1opZw","https:\/\/www.instagram.com\/acn_international\/"]},{"@type":"Person","@id":"https:\/\/acninternational.org\/de\/#\/schema\/person\/91975fc8e2569591a0e2d868c7d5816c","name":"Maria Lozano","description":"Lorem ipsum dolor sit amet, consectetur adipiscing elit, sed do eiusmod tempor incididunt ut labore et dolore magna aliqua. Ut enim ad minim veniam, quis nostrud exercitation ullamco laboris nisi ut aliquip ex ea commodo consequat.","url":"https:\/\/acninternational.org\/de\/author\/maria\/"}]}},"_links":{"self":[{"href":"https:\/\/acninternational.org\/de\/wp-json\/wp\/v2\/posts\/250097","targetHints":{"allow":["GET"]}}],"collection":[{"href":"https:\/\/acninternational.org\/de\/wp-json\/wp\/v2\/posts"}],"about":[{"href":"https:\/\/acninternational.org\/de\/wp-json\/wp\/v2\/types\/post"}],"author":[{"embeddable":true,"href":"https:\/\/acninternational.org\/de\/wp-json\/wp\/v2\/users\/4258341378"}],"replies":[{"embeddable":true,"href":"https:\/\/acninternational.org\/de\/wp-json\/wp\/v2\/comments?post=250097"}],"version-history":[{"count":1,"href":"https:\/\/acninternational.org\/de\/wp-json\/wp\/v2\/posts\/250097\/revisions"}],"predecessor-version":[{"id":252059,"href":"https:\/\/acninternational.org\/de\/wp-json\/wp\/v2\/posts\/250097\/revisions\/252059"}],"wp:featuredmedia":[{"embeddable":true,"href":"https:\/\/acninternational.org\/de\/wp-json\/wp\/v2\/media\/185050"}],"wp:attachment":[{"href":"https:\/\/acninternational.org\/de\/wp-json\/wp\/v2\/media?parent=250097"}],"wp:term":[{"taxonomy":"category","embeddable":true,"href":"https:\/\/acninternational.org\/de\/wp-json\/wp\/v2\/categories?post=250097"},{"taxonomy":"post_tag","embeddable":true,"href":"https:\/\/acninternational.org\/de\/wp-json\/wp\/v2\/tags?post=250097"},{"taxonomy":"country","embeddable":true,"href":"https:\/\/acninternational.org\/de\/wp-json\/wp\/v2\/country?post=250097"}],"curies":[{"name":"wp","href":"https:\/\/api.w.org\/{rel}","templated":true}]}}