{"id":249430,"date":"2025-06-27T15:46:48","date_gmt":"2025-06-27T13:46:48","guid":{"rendered":"https:\/\/acninternational.org\/?p=249430"},"modified":"2025-08-19T15:56:41","modified_gmt":"2025-08-19T13:56:41","slug":"ordensschwestern-in-mosambik-von-bewaffneten-ausgeraubt-und-mit-enthauptung-bedroht","status":"publish","type":"post","link":"https:\/\/acninternational.org\/de\/ordensschwestern-in-mosambik-von-bewaffneten-ausgeraubt-und-mit-enthauptung-bedroht\/","title":{"rendered":"Ordensschwestern in Mosambik von Bewaffneten ausgeraubt und mit Enthauptung bedroht"},"content":{"rendered":"<p><em>Die Mercedarierinnen wurden als zweite Ordenskongregation innerhalb weniger Tage Opfer eines bewaffneten Raub\u00fcberfalls, da die Gewalt im Norden Mosambiks weiter eskaliert<\/em><em>. <\/em><\/p>\n<p>Am 8. Juni erlebten die Mercedarierinnen vom Allerheiligsten Sakrament in der Di\u00f6zese Pemba, Mosambik, eine lebensbedrohliche Situation, als ihr Haus von einer Gruppe mit Gewehren und Macheten bewaffneter M\u00e4nner \u00fcberfallen wurde. Die vier Schwestern, die etwa 30 junge M\u00e4dchen betreuen, wurden ihrer Wertsachen beraubt und sogar mit Enthauptung bedroht.<\/p>\n<figure id=\"attachment_249417\" aria-describedby=\"caption-attachment-249417\" style=\"width: 720px\" class=\"wp-caption aligncenter\"><img loading=\"lazy\" decoding=\"async\" class=\"wp-image-249417 size-full\" src=\"http:\/\/dev.acninternational.org\/wp-content\/uploads\/2025\/06\/ACN-20250623-190831.jpg\" alt=\"Die Mercedarierinnen vom Allerheiligsten Sakrament, in der Di\u00f6zese Pemba, Mosambik\" width=\"720\" height=\"960\" srcset=\"https:\/\/media.acninternational.org\/wp-content\/uploads\/2025\/06\/ACN-20250623-190831.jpg 720w, https:\/\/media.acninternational.org\/wp-content\/uploads\/2025\/06\/ACN-20250623-190831-225x300.jpg 225w\" sizes=\"auto, (max-width: 720px) 100vw, 720px\" \/><figcaption id=\"caption-attachment-249417\" class=\"wp-caption-text\">Die Mercedarierinnen vom Allerheiligsten Sakrament, in der Di\u00f6zese Pemba, Mosambik<\/figcaption><\/figure>\n<p>Schwester Of\u00e9lia Robledo Alvarado beschrieb in einer Botschaft an Aid to the Church in Need (ACN) das Grauen des \u00dcberfalls: \u201eEine Gruppe von 18 M\u00e4nnern drang mit Macheten, Eisenstangen und Feuerwaffen in unsere Mission ein. Acht M\u00e4nner kamen ins Haus, w\u00e4hrend die anderen drau\u00dfen blieben, um die Tore zu bewachen. Wir hatten gro\u00dfe Angst, als sie in unsere Zimmer kamen, Geld verlangten und alles mitnahmen, was sie finden konnten. Sie stahlen unsere Computer, Handys und das wenige Geld, das wir hatten.\u201d<\/p>\n<p>Das Schlimmste sollte jedoch noch kommen. Die Verbrecher dr\u00e4ngten die Schwestern in ihre Kapelle und zwangen sie, sich hinzuknien. \u201eWir dachten, sie w\u00fcrden die Kapelle mit uns darin anz\u00fcnden, aber stattdessen zwangen sie Schwester Esperanza, sich in die Mitte der Kapelle hinzuknien, und hielten eine Machete in die H\u00f6he, um ihr vor unseren Augen den Kopf abzuschlagen. Ich flehte die M\u00e4nner an, sie nicht zu t\u00f6ten; sie hatten uns bereits alles genommen, ich bat um Gnade. Es waren schreckliche Momente, aber Gott sei Dank lie\u00dfen sie sie frei\u201c, berichtet Schwester Of\u00e9lia.<\/p>\n<p>Nachdem die bewaffneten M\u00e4nner das Gel\u00e4nde verlassen hatten, suchten die Schwestern nach ihren Sch\u00fctzlingen voller Angst, dass ihnen etwas zugesto\u00dfen sein k\u00f6nnte. \u201eGott sei Dank fanden wir sie ruhig und unversehrt vor. Es war das erste Mal in 17 Jahren, dass unsere Mission angegriffen wurde. Bisher war niemand jemals mit b\u00f6sen Absichten in unser Haus eingedrungen\u201c, sagt Schwester Of\u00e9lia. \u201eAber die Terrorwelle, die 2017 begonnen hat, hat alles ver\u00e4ndert. Wir leben in st\u00e4ndiger Unsicherheit in der gesamten Provinz Cabo Delgado. Traurigerweise sind offenbar sogar Polizei und Milit\u00e4r in diese Banden organisierter Kriminalit\u00e4t verwickelt. Deshalb m\u00fcssen wir selbst Ma\u00dfnahmen ergreifen, um uns und die M\u00e4dchen zu sch\u00fctzen.\u201d<\/p>\n<p>Die Mercedarierinnen hoffen nun, Geld f\u00fcr die Installation von \u00dcberwachungskameras und Gittern an den Fenstern zu sammeln, obwohl das Geb\u00e4ude \u2013 einschlie\u00dflich der Wohnung der Schwestern, des Heims f\u00fcr die betreuten M\u00e4dchen, der Kapelle, des G\u00e4stehauses und des Arbeitszimmers \u2013 insgesamt 70 Fenster hat, was eine erhebliche Investition darstellt.<\/p>\n<figure id=\"attachment_249423\" aria-describedby=\"caption-attachment-249423\" style=\"width: 800px\" class=\"wp-caption aligncenter\"><img loading=\"lazy\" decoding=\"async\" class=\"wp-image-249423 size-large\" src=\"https:\/\/media.acninternational.org\/wp-content\/uploads\/2025\/06\/ACN-20250623-190832-1024x768.jpg\" alt=\"Die Mecedarier-Schwestern betreuen Dutzende von jungen M\u00e4dchen. Gl\u00fccklicherweise wurde bei dem Angriff niemand verletzt\" width=\"800\" height=\"600\" srcset=\"https:\/\/media.acninternational.org\/wp-content\/uploads\/2025\/06\/ACN-20250623-190832-1024x768.jpg 1024w, https:\/\/media.acninternational.org\/wp-content\/uploads\/2025\/06\/ACN-20250623-190832-300x225.jpg 300w, https:\/\/media.acninternational.org\/wp-content\/uploads\/2025\/06\/ACN-20250623-190832-768x576.jpg 768w, https:\/\/media.acninternational.org\/wp-content\/uploads\/2025\/06\/ACN-20250623-190832.jpg 1080w\" sizes=\"auto, (max-width: 800px) 100vw, 800px\" \/><figcaption id=\"caption-attachment-249423\" class=\"wp-caption-text\">Die Mecedarier-Schwestern betreuen Dutzende von jungen M\u00e4dchen. Gl\u00fccklicherweise wurde bei dem Angriff niemand verletzt<\/figcaption><\/figure>\n<p>Der Raub\u00fcberfall auf das Haus der Mercedarierinnen war der zweite in den letzten Wochen. Nur wenige Tage zuvor waren auch die Patres von La Salette in Mieze von mit Macheten bewaffneten M\u00e4nnern \u00fcberfallen worden, die im Schutz der Dunkelheit zugeschlugen. Gl\u00fccklicherweise wurde niemand verletzt.<\/p>\n<p>Die Provinz Cabo Delgado im Norden Mosambiks leidet seit 2017 unter einer jihadistischen Rebellion. Die j\u00fcngsten Anschl\u00e4ge auf die Mercedarier- und La Salette-Missionen wurden allerdings nicht von islamistischen Aufst\u00e4ndischen ver\u00fcbt. Der allgemeine Zusammenbruch der Sicherheit, der gr\u00f6\u00dftenteils auf die Aufst\u00e4nde zur\u00fcckzuf\u00fchren ist, hat jedoch zu einer Zunahme bewaffneter Gewalt in der gesamten Provinz Cabo Delgado beigetragen. Extreme Armut und Ressourcenmangel, ebenfalls eine Folge der Aufst\u00e4nde, haben zu einer Welle von Diebst\u00e4hlen und Raub\u00fcberf\u00e4llen gef\u00fchrt.<\/p>\n<p>Schwester Aparecida Ramos Queiroz, verantwortlich f\u00fcr die Projekte in der Di\u00f6zese Pemba, best\u00e4tigte ACN den dringenden Bedarf an Sicherheitsma\u00dfnahmen zum Schutz der Kl\u00f6ster in der Di\u00f6zese. Im Jahr 2023 wurde das Kloster ihrer eigenen Kongregation in Metoro angegriffen.<\/p>\n<p>ACN, die der Di\u00f6zese Pemba Nothilfe leistet, um einen Teil der bis zu einer Million Menschen zu versorgen, die durch die Gewalt innerhalb des Landes vertrieben wurden, arbeitet eng mit der Di\u00f6zese zusammen, um die Sicherheit in den Kl\u00f6stern und Missionsstrukturen zu verbessern.<\/p>\n<p>&nbsp;<\/p>\n","protected":false},"excerpt":{"rendered":"<p>Es war das erste Mal in 17 Jahren, dass unsere Mission angegriffen wurde. Bisher war niemand jemals mit b\u00f6sen Absichten in unser Haus eingedrungen<\/p>\n","protected":false},"author":4258341382,"featured_media":249411,"comment_status":"closed","ping_status":"closed","sticky":false,"template":"","format":"standard","meta":{"_acf_changed":false,"_acn_coauthor_ids":[],"footnotes":""},"categories":[918,954],"tags":[],"country":[848,1417],"class_list":["post-249430","post","type-post","status-publish","format-standard","has-post-thumbnail","hentry","category-nachricht","category-news-de","country-mosambik","country-mozambique-de"],"acn_coauthors":[],"acf":[],"yoast_head":"<!-- This site is optimized with the Yoast SEO Premium plugin v27.3 (Yoast SEO v27.3) - https:\/\/yoast.com\/product\/yoast-seo-premium-wordpress\/ -->\n<title>Ordensschwestern in Mosambik von Bewaffneten ausgeraubt und mit Enthauptung bedroht | ACN International<\/title>\n<meta name=\"description\" content=\"Es war das erste Mal in 17 Jahren, dass unsere Mission angegriffen wurde. Bisher war niemand jemals mit b\u00f6sen Absichten in unser Haus eingedrungen.\" \/>\n<meta name=\"robots\" content=\"index, follow, max-snippet:-1, max-image-preview:large, max-video-preview:-1\" \/>\n<link rel=\"canonical\" href=\"https:\/\/acninternational.org\/de\/ordensschwestern-in-mosambik-von-bewaffneten-ausgeraubt-und-mit-enthauptung-bedroht\/\" \/>\n<meta property=\"og:locale\" content=\"de_DE\" \/>\n<meta property=\"og:type\" content=\"article\" \/>\n<meta property=\"og:title\" content=\"Ordensschwestern in Mosambik von Bewaffneten ausgeraubt und mit Enthauptung bedroht\" \/>\n<meta property=\"og:description\" content=\"Es war das erste Mal in 17 Jahren, dass unsere Mission angegriffen wurde. Bisher war niemand jemals mit b\u00f6sen Absichten in unser Haus eingedrungen.\" \/>\n<meta property=\"og:url\" content=\"https:\/\/acninternational.org\/de\/ordensschwestern-in-mosambik-von-bewaffneten-ausgeraubt-und-mit-enthauptung-bedroht\/\" \/>\n<meta property=\"og:site_name\" content=\"ACN International\" \/>\n<meta property=\"article:publisher\" content=\"https:\/\/www.facebook.com\/acninternationalorg\" \/>\n<meta property=\"article:published_time\" content=\"2025-06-27T13:46:48+00:00\" \/>\n<meta property=\"article:modified_time\" content=\"2025-08-19T13:56:41+00:00\" \/>\n<meta property=\"og:image\" content=\"https:\/\/media.acninternational.org\/wp-content\/uploads\/2025\/06\/ACN-20250623-190829.jpg\" \/>\n\t<meta property=\"og:image:width\" content=\"1920\" \/>\n\t<meta property=\"og:image:height\" content=\"700\" \/>\n\t<meta property=\"og:image:type\" content=\"image\/jpeg\" \/>\n<meta name=\"author\" content=\"Paulo Aido\" \/>\n<meta name=\"twitter:card\" content=\"summary_large_image\" \/>\n<meta name=\"twitter:creator\" content=\"@acn_int\" \/>\n<meta name=\"twitter:site\" content=\"@acn_int\" \/>\n<meta name=\"twitter:label1\" content=\"Verfasst von\" \/>\n\t<meta name=\"twitter:data1\" content=\"Paulo Aido\" \/>\n\t<meta name=\"twitter:label2\" content=\"Gesch\u00e4tzte Lesezeit\" \/>\n\t<meta name=\"twitter:data2\" content=\"4\u00a0Minuten\" \/>\n<script type=\"application\/ld+json\" class=\"yoast-schema-graph\">{\"@context\":\"https:\\\/\\\/schema.org\",\"@graph\":[{\"@type\":\"Article\",\"@id\":\"https:\\\/\\\/acninternational.org\\\/de\\\/ordensschwestern-in-mosambik-von-bewaffneten-ausgeraubt-und-mit-enthauptung-bedroht\\\/#article\",\"isPartOf\":{\"@id\":\"https:\\\/\\\/acninternational.org\\\/de\\\/ordensschwestern-in-mosambik-von-bewaffneten-ausgeraubt-und-mit-enthauptung-bedroht\\\/\"},\"author\":{\"name\":\"Paulo Aido\",\"@id\":\"https:\\\/\\\/acninternational.org\\\/de\\\/#\\\/schema\\\/person\\\/74d18921c1d8be9ca663e4035d1fce84\"},\"headline\":\"Ordensschwestern in Mosambik von Bewaffneten ausgeraubt und mit Enthauptung bedroht\",\"datePublished\":\"2025-06-27T13:46:48+00:00\",\"dateModified\":\"2025-08-19T13:56:41+00:00\",\"mainEntityOfPage\":{\"@id\":\"https:\\\/\\\/acninternational.org\\\/de\\\/ordensschwestern-in-mosambik-von-bewaffneten-ausgeraubt-und-mit-enthauptung-bedroht\\\/\"},\"wordCount\":702,\"publisher\":{\"@id\":\"https:\\\/\\\/acninternational.org\\\/de\\\/#organization\"},\"image\":{\"@id\":\"https:\\\/\\\/acninternational.org\\\/de\\\/ordensschwestern-in-mosambik-von-bewaffneten-ausgeraubt-und-mit-enthauptung-bedroht\\\/#primaryimage\"},\"thumbnailUrl\":\"https:\\\/\\\/media.acninternational.org\\\/wp-content\\\/uploads\\\/2025\\\/06\\\/ACN-20250623-190829.jpg\",\"articleSection\":[\"Nachricht\",\"Nachricht\"],\"inLanguage\":\"de\"},{\"@type\":\"WebPage\",\"@id\":\"https:\\\/\\\/acninternational.org\\\/de\\\/ordensschwestern-in-mosambik-von-bewaffneten-ausgeraubt-und-mit-enthauptung-bedroht\\\/\",\"url\":\"https:\\\/\\\/acninternational.org\\\/de\\\/ordensschwestern-in-mosambik-von-bewaffneten-ausgeraubt-und-mit-enthauptung-bedroht\\\/\",\"name\":\"Ordensschwestern in Mosambik von Bewaffneten ausgeraubt und mit Enthauptung bedroht | ACN International\",\"isPartOf\":{\"@id\":\"https:\\\/\\\/acninternational.org\\\/de\\\/#website\"},\"primaryImageOfPage\":{\"@id\":\"https:\\\/\\\/acninternational.org\\\/de\\\/ordensschwestern-in-mosambik-von-bewaffneten-ausgeraubt-und-mit-enthauptung-bedroht\\\/#primaryimage\"},\"image\":{\"@id\":\"https:\\\/\\\/acninternational.org\\\/de\\\/ordensschwestern-in-mosambik-von-bewaffneten-ausgeraubt-und-mit-enthauptung-bedroht\\\/#primaryimage\"},\"thumbnailUrl\":\"https:\\\/\\\/media.acninternational.org\\\/wp-content\\\/uploads\\\/2025\\\/06\\\/ACN-20250623-190829.jpg\",\"datePublished\":\"2025-06-27T13:46:48+00:00\",\"dateModified\":\"2025-08-19T13:56:41+00:00\",\"description\":\"Es war das erste Mal in 17 Jahren, dass unsere Mission angegriffen wurde. Bisher war niemand jemals mit b\u00f6sen Absichten in unser Haus eingedrungen.\",\"breadcrumb\":{\"@id\":\"https:\\\/\\\/acninternational.org\\\/de\\\/ordensschwestern-in-mosambik-von-bewaffneten-ausgeraubt-und-mit-enthauptung-bedroht\\\/#breadcrumb\"},\"inLanguage\":\"de\",\"potentialAction\":[{\"@type\":\"ReadAction\",\"target\":[\"https:\\\/\\\/acninternational.org\\\/de\\\/ordensschwestern-in-mosambik-von-bewaffneten-ausgeraubt-und-mit-enthauptung-bedroht\\\/\"]}]},{\"@type\":\"ImageObject\",\"inLanguage\":\"de\",\"@id\":\"https:\\\/\\\/acninternational.org\\\/de\\\/ordensschwestern-in-mosambik-von-bewaffneten-ausgeraubt-und-mit-enthauptung-bedroht\\\/#primaryimage\",\"url\":\"https:\\\/\\\/media.acninternational.org\\\/wp-content\\\/uploads\\\/2025\\\/06\\\/ACN-20250623-190829.jpg\",\"contentUrl\":\"https:\\\/\\\/media.acninternational.org\\\/wp-content\\\/uploads\\\/2025\\\/06\\\/ACN-20250623-190829.jpg\",\"width\":1920,\"height\":700},{\"@type\":\"BreadcrumbList\",\"@id\":\"https:\\\/\\\/acninternational.org\\\/de\\\/ordensschwestern-in-mosambik-von-bewaffneten-ausgeraubt-und-mit-enthauptung-bedroht\\\/#breadcrumb\",\"itemListElement\":[{\"@type\":\"ListItem\",\"position\":1,\"name\":\"Home\",\"item\":\"https:\\\/\\\/acninternational.org\\\/de\\\/\"},{\"@type\":\"ListItem\",\"position\":2,\"name\":\"Nachricht\",\"item\":\"https:\\\/\\\/acninternational.org\\\/de\\\/category\\\/news-de\\\/\"},{\"@type\":\"ListItem\",\"position\":3,\"name\":\"Ordensschwestern in Mosambik von Bewaffneten ausgeraubt und mit Enthauptung bedroht\"}]},{\"@type\":\"WebSite\",\"@id\":\"https:\\\/\\\/acninternational.org\\\/de\\\/#website\",\"url\":\"https:\\\/\\\/acninternational.org\\\/de\\\/\",\"name\":\"ACN International\",\"description\":\"\",\"publisher\":{\"@id\":\"https:\\\/\\\/acninternational.org\\\/de\\\/#organization\"},\"potentialAction\":[{\"@type\":\"SearchAction\",\"target\":{\"@type\":\"EntryPoint\",\"urlTemplate\":\"https:\\\/\\\/acninternational.org\\\/de\\\/?s={search_term_string}\"},\"query-input\":{\"@type\":\"PropertyValueSpecification\",\"valueRequired\":true,\"valueName\":\"search_term_string\"}}],\"inLanguage\":\"de\"},{\"@type\":\"Organization\",\"@id\":\"https:\\\/\\\/acninternational.org\\\/de\\\/#organization\",\"name\":\"Aid to the Church in Need International\",\"url\":\"https:\\\/\\\/acninternational.org\\\/de\\\/\",\"logo\":{\"@type\":\"ImageObject\",\"inLanguage\":\"de\",\"@id\":\"https:\\\/\\\/acninternational.org\\\/de\\\/#\\\/schema\\\/logo\\\/image\\\/\",\"url\":\"https:\\\/\\\/media.acninternational.org\\\/wp-content\\\/uploads\\\/2019\\\/11\\\/acn_logo_blackvector.svg\",\"contentUrl\":\"https:\\\/\\\/media.acninternational.org\\\/wp-content\\\/uploads\\\/2019\\\/11\\\/acn_logo_blackvector.svg\",\"width\":232.6,\"height\":78,\"caption\":\"Aid to the Church in Need International\"},\"image\":{\"@id\":\"https:\\\/\\\/acninternational.org\\\/de\\\/#\\\/schema\\\/logo\\\/image\\\/\"},\"sameAs\":[\"https:\\\/\\\/www.facebook.com\\\/acninternationalorg\",\"https:\\\/\\\/x.com\\\/acn_int\",\"https:\\\/\\\/www.youtube.com\\\/channel\\\/UCQ-077gS0TnVzkhHmf1opZw\",\"https:\\\/\\\/www.instagram.com\\\/acn_international\\\/\"]},{\"@type\":\"Person\",\"@id\":\"https:\\\/\\\/acninternational.org\\\/de\\\/#\\\/schema\\\/person\\\/74d18921c1d8be9ca663e4035d1fce84\",\"name\":\"Paulo Aido\",\"description\":\"Lorem ipsum dolor sit amet, consectetur adipiscing elit, sed do eiusmod tempor incididunt ut labore et dolore magna aliqua. Ut enim ad minim veniam, quis nostrud exercitation ullamco laboris nisi ut aliquip ex ea commodo consequat.\",\"url\":\"https:\\\/\\\/acninternational.org\\\/de\\\/author\\\/paulo-aido\\\/\"}]}<\/script>\n<!-- \/ Yoast SEO Premium plugin. -->","yoast_head_json":{"title":"Ordensschwestern in Mosambik von Bewaffneten ausgeraubt und mit Enthauptung bedroht | ACN International","description":"Es war das erste Mal in 17 Jahren, dass unsere Mission angegriffen wurde. Bisher war niemand jemals mit b\u00f6sen Absichten in unser Haus eingedrungen.","robots":{"index":"index","follow":"follow","max-snippet":"max-snippet:-1","max-image-preview":"max-image-preview:large","max-video-preview":"max-video-preview:-1"},"canonical":"https:\/\/acninternational.org\/de\/ordensschwestern-in-mosambik-von-bewaffneten-ausgeraubt-und-mit-enthauptung-bedroht\/","og_locale":"de_DE","og_type":"article","og_title":"Ordensschwestern in Mosambik von Bewaffneten ausgeraubt und mit Enthauptung bedroht","og_description":"Es war das erste Mal in 17 Jahren, dass unsere Mission angegriffen wurde. Bisher war niemand jemals mit b\u00f6sen Absichten in unser Haus eingedrungen.","og_url":"https:\/\/acninternational.org\/de\/ordensschwestern-in-mosambik-von-bewaffneten-ausgeraubt-und-mit-enthauptung-bedroht\/","og_site_name":"ACN International","article_publisher":"https:\/\/www.facebook.com\/acninternationalorg","article_published_time":"2025-06-27T13:46:48+00:00","article_modified_time":"2025-08-19T13:56:41+00:00","og_image":[{"width":1920,"height":700,"url":"https:\/\/media.acninternational.org\/wp-content\/uploads\/2025\/06\/ACN-20250623-190829.jpg","type":"image\/jpeg"}],"author":"Paulo Aido","twitter_card":"summary_large_image","twitter_creator":"@acn_int","twitter_site":"@acn_int","twitter_misc":{"Verfasst von":"Paulo Aido","Gesch\u00e4tzte Lesezeit":"4\u00a0Minuten"},"schema":{"@context":"https:\/\/schema.org","@graph":[{"@type":"Article","@id":"https:\/\/acninternational.org\/de\/ordensschwestern-in-mosambik-von-bewaffneten-ausgeraubt-und-mit-enthauptung-bedroht\/#article","isPartOf":{"@id":"https:\/\/acninternational.org\/de\/ordensschwestern-in-mosambik-von-bewaffneten-ausgeraubt-und-mit-enthauptung-bedroht\/"},"author":{"name":"Paulo Aido","@id":"https:\/\/acninternational.org\/de\/#\/schema\/person\/74d18921c1d8be9ca663e4035d1fce84"},"headline":"Ordensschwestern in Mosambik von Bewaffneten ausgeraubt und mit Enthauptung bedroht","datePublished":"2025-06-27T13:46:48+00:00","dateModified":"2025-08-19T13:56:41+00:00","mainEntityOfPage":{"@id":"https:\/\/acninternational.org\/de\/ordensschwestern-in-mosambik-von-bewaffneten-ausgeraubt-und-mit-enthauptung-bedroht\/"},"wordCount":702,"publisher":{"@id":"https:\/\/acninternational.org\/de\/#organization"},"image":{"@id":"https:\/\/acninternational.org\/de\/ordensschwestern-in-mosambik-von-bewaffneten-ausgeraubt-und-mit-enthauptung-bedroht\/#primaryimage"},"thumbnailUrl":"https:\/\/media.acninternational.org\/wp-content\/uploads\/2025\/06\/ACN-20250623-190829.jpg","articleSection":["Nachricht","Nachricht"],"inLanguage":"de"},{"@type":"WebPage","@id":"https:\/\/acninternational.org\/de\/ordensschwestern-in-mosambik-von-bewaffneten-ausgeraubt-und-mit-enthauptung-bedroht\/","url":"https:\/\/acninternational.org\/de\/ordensschwestern-in-mosambik-von-bewaffneten-ausgeraubt-und-mit-enthauptung-bedroht\/","name":"Ordensschwestern in Mosambik von Bewaffneten ausgeraubt und mit Enthauptung bedroht | ACN International","isPartOf":{"@id":"https:\/\/acninternational.org\/de\/#website"},"primaryImageOfPage":{"@id":"https:\/\/acninternational.org\/de\/ordensschwestern-in-mosambik-von-bewaffneten-ausgeraubt-und-mit-enthauptung-bedroht\/#primaryimage"},"image":{"@id":"https:\/\/acninternational.org\/de\/ordensschwestern-in-mosambik-von-bewaffneten-ausgeraubt-und-mit-enthauptung-bedroht\/#primaryimage"},"thumbnailUrl":"https:\/\/media.acninternational.org\/wp-content\/uploads\/2025\/06\/ACN-20250623-190829.jpg","datePublished":"2025-06-27T13:46:48+00:00","dateModified":"2025-08-19T13:56:41+00:00","description":"Es war das erste Mal in 17 Jahren, dass unsere Mission angegriffen wurde. Bisher war niemand jemals mit b\u00f6sen Absichten in unser Haus eingedrungen.","breadcrumb":{"@id":"https:\/\/acninternational.org\/de\/ordensschwestern-in-mosambik-von-bewaffneten-ausgeraubt-und-mit-enthauptung-bedroht\/#breadcrumb"},"inLanguage":"de","potentialAction":[{"@type":"ReadAction","target":["https:\/\/acninternational.org\/de\/ordensschwestern-in-mosambik-von-bewaffneten-ausgeraubt-und-mit-enthauptung-bedroht\/"]}]},{"@type":"ImageObject","inLanguage":"de","@id":"https:\/\/acninternational.org\/de\/ordensschwestern-in-mosambik-von-bewaffneten-ausgeraubt-und-mit-enthauptung-bedroht\/#primaryimage","url":"https:\/\/media.acninternational.org\/wp-content\/uploads\/2025\/06\/ACN-20250623-190829.jpg","contentUrl":"https:\/\/media.acninternational.org\/wp-content\/uploads\/2025\/06\/ACN-20250623-190829.jpg","width":1920,"height":700},{"@type":"BreadcrumbList","@id":"https:\/\/acninternational.org\/de\/ordensschwestern-in-mosambik-von-bewaffneten-ausgeraubt-und-mit-enthauptung-bedroht\/#breadcrumb","itemListElement":[{"@type":"ListItem","position":1,"name":"Home","item":"https:\/\/acninternational.org\/de\/"},{"@type":"ListItem","position":2,"name":"Nachricht","item":"https:\/\/acninternational.org\/de\/category\/news-de\/"},{"@type":"ListItem","position":3,"name":"Ordensschwestern in Mosambik von Bewaffneten ausgeraubt und mit Enthauptung bedroht"}]},{"@type":"WebSite","@id":"https:\/\/acninternational.org\/de\/#website","url":"https:\/\/acninternational.org\/de\/","name":"ACN International","description":"","publisher":{"@id":"https:\/\/acninternational.org\/de\/#organization"},"potentialAction":[{"@type":"SearchAction","target":{"@type":"EntryPoint","urlTemplate":"https:\/\/acninternational.org\/de\/?s={search_term_string}"},"query-input":{"@type":"PropertyValueSpecification","valueRequired":true,"valueName":"search_term_string"}}],"inLanguage":"de"},{"@type":"Organization","@id":"https:\/\/acninternational.org\/de\/#organization","name":"Aid to the Church in Need International","url":"https:\/\/acninternational.org\/de\/","logo":{"@type":"ImageObject","inLanguage":"de","@id":"https:\/\/acninternational.org\/de\/#\/schema\/logo\/image\/","url":"https:\/\/media.acninternational.org\/wp-content\/uploads\/2019\/11\/acn_logo_blackvector.svg","contentUrl":"https:\/\/media.acninternational.org\/wp-content\/uploads\/2019\/11\/acn_logo_blackvector.svg","width":232.6,"height":78,"caption":"Aid to the Church in Need International"},"image":{"@id":"https:\/\/acninternational.org\/de\/#\/schema\/logo\/image\/"},"sameAs":["https:\/\/www.facebook.com\/acninternationalorg","https:\/\/x.com\/acn_int","https:\/\/www.youtube.com\/channel\/UCQ-077gS0TnVzkhHmf1opZw","https:\/\/www.instagram.com\/acn_international\/"]},{"@type":"Person","@id":"https:\/\/acninternational.org\/de\/#\/schema\/person\/74d18921c1d8be9ca663e4035d1fce84","name":"Paulo Aido","description":"Lorem ipsum dolor sit amet, consectetur adipiscing elit, sed do eiusmod tempor incididunt ut labore et dolore magna aliqua. Ut enim ad minim veniam, quis nostrud exercitation ullamco laboris nisi ut aliquip ex ea commodo consequat.","url":"https:\/\/acninternational.org\/de\/author\/paulo-aido\/"}]}},"_links":{"self":[{"href":"https:\/\/acninternational.org\/de\/wp-json\/wp\/v2\/posts\/249430","targetHints":{"allow":["GET"]}}],"collection":[{"href":"https:\/\/acninternational.org\/de\/wp-json\/wp\/v2\/posts"}],"about":[{"href":"https:\/\/acninternational.org\/de\/wp-json\/wp\/v2\/types\/post"}],"author":[{"embeddable":true,"href":"https:\/\/acninternational.org\/de\/wp-json\/wp\/v2\/users\/4258341382"}],"replies":[{"embeddable":true,"href":"https:\/\/acninternational.org\/de\/wp-json\/wp\/v2\/comments?post=249430"}],"version-history":[{"count":1,"href":"https:\/\/acninternational.org\/de\/wp-json\/wp\/v2\/posts\/249430\/revisions"}],"predecessor-version":[{"id":252037,"href":"https:\/\/acninternational.org\/de\/wp-json\/wp\/v2\/posts\/249430\/revisions\/252037"}],"wp:featuredmedia":[{"embeddable":true,"href":"https:\/\/acninternational.org\/de\/wp-json\/wp\/v2\/media\/249411"}],"wp:attachment":[{"href":"https:\/\/acninternational.org\/de\/wp-json\/wp\/v2\/media?parent=249430"}],"wp:term":[{"taxonomy":"category","embeddable":true,"href":"https:\/\/acninternational.org\/de\/wp-json\/wp\/v2\/categories?post=249430"},{"taxonomy":"post_tag","embeddable":true,"href":"https:\/\/acninternational.org\/de\/wp-json\/wp\/v2\/tags?post=249430"},{"taxonomy":"country","embeddable":true,"href":"https:\/\/acninternational.org\/de\/wp-json\/wp\/v2\/country?post=249430"}],"curies":[{"name":"wp","href":"https:\/\/api.w.org\/{rel}","templated":true}]}}